{"id":35170,"date":"2022-06-22T18:56:32","date_gmt":"2022-06-23T00:56:32","guid":{"rendered":"https:\/\/fuentesfidedignas.com.mx\/?p=35170"},"modified":"2022-06-22T18:59:09","modified_gmt":"2022-06-23T00:59:09","slug":"rector-da-la-bienvenida-a-alumnos-que-realizan-verano-cientifico-en-la-facultad-de-agricultura-del-valle-del-fuerte","status":"publish","type":"post","link":"https:\/\/fuentesfidedignas.com.mx\/index.php\/2022\/06\/22\/rector-da-la-bienvenida-a-alumnos-que-realizan-verano-cientifico-en-la-facultad-de-agricultura-del-valle-del-fuerte\/","title":{"rendered":"Rector da la bienvenida a alumnos que realizan verano cient\u00edfico en la Facultad de Agricultura del Valle del Fuerte"},"content":{"rendered":"\n<p><em><strong>El Rector constat\u00f3 la infraestructura y las necesidades que tiene el plantel a fin de que se inicie el nuevo ciclo escolar en las mejores condiciones<\/strong><\/em><\/p>\n\n\n\n<p>Culiac\u00e1n, Sin. El <strong>Rector de la Universidad Aut\u00f3noma de Sinaloa (UAS), doctor Jes\u00fas Madue\u00f1a Molina<\/strong>, realiz\u00f3 una visita de supervisi\u00f3n a la <strong>Facultad de Agricultura del Valle del Fuerte, en la Unidad Regional Norte<\/strong> (URN), donde adem\u00e1s de conocer las condiciones de infraestructura y las necesidades que tiene este plantel, salud\u00f3 y dio la bienvenida a los tres alumnos que realizan su Verano Cient\u00edfico Delf\u00edn, provenientes de tres estados del pa\u00eds.<\/p>\n\n\n\n<p>\u201c<em>Me encuentro con la sorpresa de que tenemos tres compa\u00f1eros alumnos veraniegos que vienen de Chiapas, Michoac\u00e1n y Baja California Sur, muy contentos porque van a conocer mucho de lo que es la parte de la agricultura sinaloense y toda la investigaci\u00f3n que se hace en esta Facultad, y dese\u00e1ndoles lo mejor para que lleven un buen mensaje a su instituci\u00f3n de origen y que nos recomienden de que aqu\u00ed hacemos las cosas bien y puedan visitarnos m\u00e1s muchachos<\/em>\u201d, expres\u00f3.<\/p>\n\n\n\n<p><strong>Madue\u00f1a Molina<\/strong> felicit\u00f3 al director de la Facultad, doctor <strong>Fernando Alberto Valenzuela Escoboza<\/strong> por el trabajo que realiza, adem\u00e1s por ser asesor de dos de los alumnos veraniegos.<\/p>\n\n\n\n<figure class=\"wp-block-image size-large\"><img decoding=\"async\" width=\"1024\" height=\"766\" src=\"https:\/\/fuentesfidedignas.com.mx\/wp-content\/uploads\/2022\/06\/Rector-en-Facultad-de-Agricultura-del-Valle-del-Fuerte-2-1024x766.jpg\" alt=\"\" class=\"wp-image-35171\" srcset=\"https:\/\/fuentesfidedignas.com.mx\/wp-content\/uploads\/2022\/06\/Rector-en-Facultad-de-Agricultura-del-Valle-del-Fuerte-2-1024x766.jpg 1024w, https:\/\/fuentesfidedignas.com.mx\/wp-content\/uploads\/2022\/06\/Rector-en-Facultad-de-Agricultura-del-Valle-del-Fuerte-2-300x225.jpg 300w, https:\/\/fuentesfidedignas.com.mx\/wp-content\/uploads\/2022\/06\/Rector-en-Facultad-de-Agricultura-del-Valle-del-Fuerte-2-768x575.jpg 768w, https:\/\/fuentesfidedignas.com.mx\/wp-content\/uploads\/2022\/06\/Rector-en-Facultad-de-Agricultura-del-Valle-del-Fuerte-2.jpg 1280w\" sizes=\"(max-width: 1024px) 100vw, 1024px\" \/><\/figure>\n\n\n\n<p>El Rector constat\u00f3 la infraestructura y las necesidades que tiene el plantel a fin de que se inicie el nuevo ciclo escolar en las mejores condiciones; realiz\u00f3 un recorrido por las instalaciones, por un espacio nuevo denominado Unidad Experimental, Demostrativa y de Producci\u00f3n donde se tienen cultivos experimentales y por la Unidad de Ciencias Agr\u00edcolas, donde se encontraban trabajando los alumnos que hacen su estancia de verano.<\/p>\n\n\n\n<p>El director del plantel, <strong>Fernando Alberto Valenzuela<\/strong> Escoboza, agradeci\u00f3 a los docentes investigadores que asesoran el trabajo que desarrollar\u00e1n los j\u00f3venes y consider\u00f3 que la presencia de estudiantes de otras instituciones es resultado del apoyo que el <strong>Rector<\/strong> destina a la habilitaci\u00f3n docente y que deriva en mayor n\u00famero de investigadores en el <strong>Sistema Nacional de Investigadores<\/strong>, en m\u00e1s cuerpos acad\u00e9micos, en m\u00e1s maestros con Perfil <strong>PRODEP<\/strong>, y tambi\u00e9n incentivan apoyos como la entrega de titularidades.<\/p>\n\n\n\n<p>\u201c<em>Lo que sigue es el desarrollo del plan de trabajo, evaluarlo y ellos lo suben a su plataforma, esperemos, tal y como lo dec\u00eda el se\u00f1or Rector, que ellos lleven un buen mensaje de nuestra Facultad, de nuestra Universidad Aut\u00f3noma de Sinaloa y sean los portavoces de que aqu\u00ed pueden venir a aprender<\/em>\u201d, dijo.<\/p>\n\n\n\n<figure class=\"wp-block-image size-large\"><img decoding=\"async\" width=\"1024\" height=\"845\" src=\"https:\/\/fuentesfidedignas.com.mx\/wp-content\/uploads\/2022\/06\/Rector-en-Facultad-de-Agricultura-del-Valle-del-Fuerte-4-1024x845.jpg\" alt=\"\" class=\"wp-image-35172\" srcset=\"https:\/\/fuentesfidedignas.com.mx\/wp-content\/uploads\/2022\/06\/Rector-en-Facultad-de-Agricultura-del-Valle-del-Fuerte-4-1024x845.jpg 1024w, https:\/\/fuentesfidedignas.com.mx\/wp-content\/uploads\/2022\/06\/Rector-en-Facultad-de-Agricultura-del-Valle-del-Fuerte-4-300x248.jpg 300w, https:\/\/fuentesfidedignas.com.mx\/wp-content\/uploads\/2022\/06\/Rector-en-Facultad-de-Agricultura-del-Valle-del-Fuerte-4-768x634.jpg 768w, https:\/\/fuentesfidedignas.com.mx\/wp-content\/uploads\/2022\/06\/Rector-en-Facultad-de-Agricultura-del-Valle-del-Fuerte-4.jpg 1330w\" sizes=\"(max-width: 1024px) 100vw, 1024px\" \/><\/figure>\n\n\n\n<p>Precis\u00f3 que los j\u00f3venes escogieron venir a la UAS porque adem\u00e1s de estar en una zona eminentemente agr\u00edcola, las l\u00edneas de investigaci\u00f3n que aqu\u00ed se realizan los convenci\u00f3.<\/p>\n\n\n\n<p>Los alumnos que realizan su Verano Cient\u00edfico son Er\u00e9ndira Arag\u00f3n S\u00e1nchez, de la Universidad Aut\u00f3noma de Baja California Sur (UABCS) y Brian \u00c1lvarez Covarrubias del Instituto Tecnol\u00f3gico Superior de Los Reyes, Michoac\u00e1n, con la l\u00ednea de investigaci\u00f3n&nbsp;<em>Manejo agron\u00f3mico de Berries: Zarzamora y ar\u00e1ndano azul<\/em>, con la doctora Blanca Elvira L\u00f3pez Valenzuela como asesora; y Patricio Ramos Rasgado de la Universidad Aut\u00f3noma de Chiapas (UACH), con la investigaci\u00f3n&nbsp;<em>Manejo Integrado de Plagas<\/em>&nbsp;bajo la asesor\u00eda del doctor Fernando Alberto Valenzuela Escoboza; adem\u00e1s los doctores Celia Selene Romero F\u00e9lix y Everardo L\u00f3pez Bautista, asesoran a estudiantes de la UAS que realizan su verano en esta misma Facultad<strong>.<\/strong><\/p>\n","protected":false},"excerpt":{"rendered":"<p>El Rector constat\u00f3 la infraestructura y las necesidades que tiene el plantel a fin de que se inicie el nuevo ciclo escolar en las mejores condiciones Culiac\u00e1n, Sin. El Rector de la Universidad Aut\u00f3noma de Sinaloa (UAS), doctor Jes\u00fas Madue\u00f1a Molina, realiz\u00f3 una visita de supervisi\u00f3n a la Facultad de Agricultura del Valle del Fuerte, [&hellip;]<\/p>\n","protected":false},"author":4,"featured_media":35174,"comment_status":"open","ping_status":"open","sticky":false,"template":"","format":"standard","meta":{"tdm_status":"","tdm_grid_status":"","footnotes":""},"categories":[37],"tags":[725,234],"class_list":{"0":"post-35170","1":"post","2":"type-post","3":"status-publish","4":"format-standard","5":"has-post-thumbnail","7":"category-nota-principal","8":"tag-jesus-maduena-molina","9":"tag-universidad-autonoma-de-sinaloa"},"yoast_head":"<!-- This site is optimized with the Yoast SEO plugin v27.5 - https:\/\/yoast.com\/product\/yoast-seo-wordpress\/ -->\n<title>Rector da la bienvenida a alumnos que realizan verano cient\u00edfico en la Facultad de Agricultura del Valle del Fuerte - Fuentes Fidedignas<\/title>\n<meta name=\"robots\" content=\"index, follow, max-snippet:-1, max-image-preview:large, max-video-preview:-1\" \/>\n<link rel=\"canonical\" href=\"https:\/\/fuentesfidedignas.com.mx\/index.php\/2022\/06\/22\/rector-da-la-bienvenida-a-alumnos-que-realizan-verano-cientifico-en-la-facultad-de-agricultura-del-valle-del-fuerte\/\" \/>\n<meta property=\"og:locale\" content=\"es_MX\" \/>\n<meta property=\"og:type\" content=\"article\" \/>\n<meta property=\"og:title\" content=\"Rector da la bienvenida a alumnos que realizan verano cient\u00edfico en la Facultad de Agricultura del Valle del Fuerte - Fuentes Fidedignas\" \/>\n<meta property=\"og:description\" content=\"El Rector constat\u00f3 la infraestructura y las necesidades que tiene el plantel a fin de que se inicie el nuevo ciclo escolar en las mejores condiciones Culiac\u00e1n, Sin. El Rector de la Universidad Aut\u00f3noma de Sinaloa (UAS), doctor Jes\u00fas Madue\u00f1a Molina, realiz\u00f3 una visita de supervisi\u00f3n a la Facultad de Agricultura del Valle del Fuerte, [&hellip;]\" \/>\n<meta property=\"og:url\" content=\"https:\/\/fuentesfidedignas.com.mx\/index.php\/2022\/06\/22\/rector-da-la-bienvenida-a-alumnos-que-realizan-verano-cientifico-en-la-facultad-de-agricultura-del-valle-del-fuerte\/\" \/>\n<meta property=\"og:site_name\" content=\"Fuentes Fidedignas\" \/>\n<meta property=\"article:publisher\" content=\"https:\/\/www.facebook.com\/Fuentes-Fidedignas-368234489921644\" \/>\n<meta property=\"article:published_time\" content=\"2022-06-23T00:56:32+00:00\" \/>\n<meta property=\"article:modified_time\" content=\"2022-06-23T00:59:09+00:00\" \/>\n<meta property=\"og:image\" content=\"https:\/\/fuentesfidedignas.com.mx\/wp-content\/uploads\/2022\/06\/Rector-en-Facultad-de-Agricultura-del-Valle-del-Fuerte-3.jpg\" \/>\n\t<meta property=\"og:image:width\" content=\"1564\" \/>\n\t<meta property=\"og:image:height\" content=\"1086\" \/>\n\t<meta property=\"og:image:type\" content=\"image\/jpeg\" \/>\n<meta name=\"author\" content=\"Redacci\u00f3n\" \/>\n<meta name=\"twitter:card\" content=\"summary_large_image\" \/>\n<meta name=\"twitter:creator\" content=\"@fidedignas\" \/>\n<meta name=\"twitter:site\" content=\"@fidedignas\" \/>\n<meta name=\"twitter:label1\" content=\"Escrito por\" \/>\n\t<meta name=\"twitter:data1\" content=\"Redacci\u00f3n\" \/>\n\t<meta name=\"twitter:label2\" content=\"Tiempo de lectura\" \/>\n\t<meta name=\"twitter:data2\" content=\"3 minutos\" \/>\n<script type=\"application\/ld+json\" class=\"yoast-schema-graph\">{\"@context\":\"https:\\\/\\\/schema.org\",\"@graph\":[{\"@type\":\"Article\",\"@id\":\"https:\\\/\\\/fuentesfidedignas.com.mx\\\/index.php\\\/2022\\\/06\\\/22\\\/rector-da-la-bienvenida-a-alumnos-que-realizan-verano-cientifico-en-la-facultad-de-agricultura-del-valle-del-fuerte\\\/#article\",\"isPartOf\":{\"@id\":\"https:\\\/\\\/fuentesfidedignas.com.mx\\\/index.php\\\/2022\\\/06\\\/22\\\/rector-da-la-bienvenida-a-alumnos-que-realizan-verano-cientifico-en-la-facultad-de-agricultura-del-valle-del-fuerte\\\/\"},\"author\":{\"name\":\"Redacci\u00f3n\",\"@id\":\"https:\\\/\\\/fuentesfidedignas.com.mx\\\/#\\\/schema\\\/person\\\/331be9283d37198e2acd5750279085b0\"},\"headline\":\"Rector da la bienvenida a alumnos que realizan verano cient\u00edfico en la Facultad de Agricultura del Valle del Fuerte\",\"datePublished\":\"2022-06-23T00:56:32+00:00\",\"dateModified\":\"2022-06-23T00:59:09+00:00\",\"mainEntityOfPage\":{\"@id\":\"https:\\\/\\\/fuentesfidedignas.com.mx\\\/index.php\\\/2022\\\/06\\\/22\\\/rector-da-la-bienvenida-a-alumnos-que-realizan-verano-cientifico-en-la-facultad-de-agricultura-del-valle-del-fuerte\\\/\"},\"wordCount\":612,\"commentCount\":0,\"publisher\":{\"@id\":\"https:\\\/\\\/fuentesfidedignas.com.mx\\\/#organization\"},\"image\":{\"@id\":\"https:\\\/\\\/fuentesfidedignas.com.mx\\\/index.php\\\/2022\\\/06\\\/22\\\/rector-da-la-bienvenida-a-alumnos-que-realizan-verano-cientifico-en-la-facultad-de-agricultura-del-valle-del-fuerte\\\/#primaryimage\"},\"thumbnailUrl\":\"https:\\\/\\\/fuentesfidedignas.com.mx\\\/wp-content\\\/uploads\\\/2022\\\/06\\\/Rector-en-Facultad-de-Agricultura-del-Valle-del-Fuerte-3.jpg\",\"keywords\":[\"Jes\u00fas Madue\u00f1a Molina\",\"Universidad Aut\u00f3noma de Sinaloa\"],\"articleSection\":[\"NOTA PRINCIPAL\"],\"inLanguage\":\"es\",\"potentialAction\":[{\"@type\":\"CommentAction\",\"name\":\"Comment\",\"target\":[\"https:\\\/\\\/fuentesfidedignas.com.mx\\\/index.php\\\/2022\\\/06\\\/22\\\/rector-da-la-bienvenida-a-alumnos-que-realizan-verano-cientifico-en-la-facultad-de-agricultura-del-valle-del-fuerte\\\/#respond\"]}]},{\"@type\":\"WebPage\",\"@id\":\"https:\\\/\\\/fuentesfidedignas.com.mx\\\/index.php\\\/2022\\\/06\\\/22\\\/rector-da-la-bienvenida-a-alumnos-que-realizan-verano-cientifico-en-la-facultad-de-agricultura-del-valle-del-fuerte\\\/\",\"url\":\"https:\\\/\\\/fuentesfidedignas.com.mx\\\/index.php\\\/2022\\\/06\\\/22\\\/rector-da-la-bienvenida-a-alumnos-que-realizan-verano-cientifico-en-la-facultad-de-agricultura-del-valle-del-fuerte\\\/\",\"name\":\"Rector da la bienvenida a alumnos que realizan verano cient\u00edfico en la Facultad de Agricultura del Valle del Fuerte - Fuentes Fidedignas\",\"isPartOf\":{\"@id\":\"https:\\\/\\\/fuentesfidedignas.com.mx\\\/#website\"},\"primaryImageOfPage\":{\"@id\":\"https:\\\/\\\/fuentesfidedignas.com.mx\\\/index.php\\\/2022\\\/06\\\/22\\\/rector-da-la-bienvenida-a-alumnos-que-realizan-verano-cientifico-en-la-facultad-de-agricultura-del-valle-del-fuerte\\\/#primaryimage\"},\"image\":{\"@id\":\"https:\\\/\\\/fuentesfidedignas.com.mx\\\/index.php\\\/2022\\\/06\\\/22\\\/rector-da-la-bienvenida-a-alumnos-que-realizan-verano-cientifico-en-la-facultad-de-agricultura-del-valle-del-fuerte\\\/#primaryimage\"},\"thumbnailUrl\":\"https:\\\/\\\/fuentesfidedignas.com.mx\\\/wp-content\\\/uploads\\\/2022\\\/06\\\/Rector-en-Facultad-de-Agricultura-del-Valle-del-Fuerte-3.jpg\",\"datePublished\":\"2022-06-23T00:56:32+00:00\",\"dateModified\":\"2022-06-23T00:59:09+00:00\",\"breadcrumb\":{\"@id\":\"https:\\\/\\\/fuentesfidedignas.com.mx\\\/index.php\\\/2022\\\/06\\\/22\\\/rector-da-la-bienvenida-a-alumnos-que-realizan-verano-cientifico-en-la-facultad-de-agricultura-del-valle-del-fuerte\\\/#breadcrumb\"},\"inLanguage\":\"es\",\"potentialAction\":[{\"@type\":\"ReadAction\",\"target\":[\"https:\\\/\\\/fuentesfidedignas.com.mx\\\/index.php\\\/2022\\\/06\\\/22\\\/rector-da-la-bienvenida-a-alumnos-que-realizan-verano-cientifico-en-la-facultad-de-agricultura-del-valle-del-fuerte\\\/\"]}]},{\"@type\":\"ImageObject\",\"inLanguage\":\"es\",\"@id\":\"https:\\\/\\\/fuentesfidedignas.com.mx\\\/index.php\\\/2022\\\/06\\\/22\\\/rector-da-la-bienvenida-a-alumnos-que-realizan-verano-cientifico-en-la-facultad-de-agricultura-del-valle-del-fuerte\\\/#primaryimage\",\"url\":\"https:\\\/\\\/fuentesfidedignas.com.mx\\\/wp-content\\\/uploads\\\/2022\\\/06\\\/Rector-en-Facultad-de-Agricultura-del-Valle-del-Fuerte-3.jpg\",\"contentUrl\":\"https:\\\/\\\/fuentesfidedignas.com.mx\\\/wp-content\\\/uploads\\\/2022\\\/06\\\/Rector-en-Facultad-de-Agricultura-del-Valle-del-Fuerte-3.jpg\",\"width\":1564,\"height\":1086},{\"@type\":\"BreadcrumbList\",\"@id\":\"https:\\\/\\\/fuentesfidedignas.com.mx\\\/index.php\\\/2022\\\/06\\\/22\\\/rector-da-la-bienvenida-a-alumnos-que-realizan-verano-cientifico-en-la-facultad-de-agricultura-del-valle-del-fuerte\\\/#breadcrumb\",\"itemListElement\":[{\"@type\":\"ListItem\",\"position\":1,\"name\":\"Inicio\",\"item\":\"https:\\\/\\\/fuentesfidedignas.com.mx\\\/\"},{\"@type\":\"ListItem\",\"position\":2,\"name\":\"Rector da la bienvenida a alumnos que realizan verano cient\u00edfico en la Facultad de Agricultura del Valle del Fuerte\"}]},{\"@type\":\"WebSite\",\"@id\":\"https:\\\/\\\/fuentesfidedignas.com.mx\\\/#website\",\"url\":\"https:\\\/\\\/fuentesfidedignas.com.mx\\\/\",\"name\":\"Fuentes Fidedignas\",\"description\":\"Otro sitio realizado con WordPress\",\"publisher\":{\"@id\":\"https:\\\/\\\/fuentesfidedignas.com.mx\\\/#organization\"},\"potentialAction\":[{\"@type\":\"SearchAction\",\"target\":{\"@type\":\"EntryPoint\",\"urlTemplate\":\"https:\\\/\\\/fuentesfidedignas.com.mx\\\/?s={search_term_string}\"},\"query-input\":{\"@type\":\"PropertyValueSpecification\",\"valueRequired\":true,\"valueName\":\"search_term_string\"}}],\"inLanguage\":\"es\"},{\"@type\":\"Organization\",\"@id\":\"https:\\\/\\\/fuentesfidedignas.com.mx\\\/#organization\",\"name\":\"Fuentes Fidedignas\",\"url\":\"https:\\\/\\\/fuentesfidedignas.com.mx\\\/\",\"logo\":{\"@type\":\"ImageObject\",\"inLanguage\":\"es\",\"@id\":\"https:\\\/\\\/fuentesfidedignas.com.mx\\\/#\\\/schema\\\/logo\\\/image\\\/\",\"url\":\"https:\\\/\\\/fuentesfidedignas.com.mx\\\/wp-content\\\/uploads\\\/2021\\\/04\\\/logo-retina.png\",\"contentUrl\":\"https:\\\/\\\/fuentesfidedignas.com.mx\\\/wp-content\\\/uploads\\\/2021\\\/04\\\/logo-retina.png\",\"width\":280,\"height\":51,\"caption\":\"Fuentes Fidedignas\"},\"image\":{\"@id\":\"https:\\\/\\\/fuentesfidedignas.com.mx\\\/#\\\/schema\\\/logo\\\/image\\\/\"},\"sameAs\":[\"https:\\\/\\\/www.facebook.com\\\/Fuentes-Fidedignas-368234489921644\",\"https:\\\/\\\/x.com\\\/fidedignas\"]},{\"@type\":\"Person\",\"@id\":\"https:\\\/\\\/fuentesfidedignas.com.mx\\\/#\\\/schema\\\/person\\\/331be9283d37198e2acd5750279085b0\",\"name\":\"Redacci\u00f3n\",\"image\":{\"@type\":\"ImageObject\",\"inLanguage\":\"es\",\"@id\":\"https:\\\/\\\/secure.gravatar.com\\\/avatar\\\/f6d8782c11d12b2d4ad3fbb6931aeab5309937a4d6cd2fc9cfaa28a6396a5aec?s=96&d=mm&r=g\",\"url\":\"https:\\\/\\\/secure.gravatar.com\\\/avatar\\\/f6d8782c11d12b2d4ad3fbb6931aeab5309937a4d6cd2fc9cfaa28a6396a5aec?s=96&d=mm&r=g\",\"contentUrl\":\"https:\\\/\\\/secure.gravatar.com\\\/avatar\\\/f6d8782c11d12b2d4ad3fbb6931aeab5309937a4d6cd2fc9cfaa28a6396a5aec?s=96&d=mm&r=g\",\"caption\":\"Redacci\u00f3n\"},\"url\":\"https:\\\/\\\/fuentesfidedignas.com.mx\\\/index.php\\\/author\\\/redaccion\\\/\"}]}<\/script>\n<!-- \/ Yoast SEO plugin. -->","yoast_head_json":{"title":"Rector da la bienvenida a alumnos que realizan verano cient\u00edfico en la Facultad de Agricultura del Valle del Fuerte - Fuentes Fidedignas","robots":{"index":"index","follow":"follow","max-snippet":"max-snippet:-1","max-image-preview":"max-image-preview:large","max-video-preview":"max-video-preview:-1"},"canonical":"https:\/\/fuentesfidedignas.com.mx\/index.php\/2022\/06\/22\/rector-da-la-bienvenida-a-alumnos-que-realizan-verano-cientifico-en-la-facultad-de-agricultura-del-valle-del-fuerte\/","og_locale":"es_MX","og_type":"article","og_title":"Rector da la bienvenida a alumnos que realizan verano cient\u00edfico en la Facultad de Agricultura del Valle del Fuerte - Fuentes Fidedignas","og_description":"El Rector constat\u00f3 la infraestructura y las necesidades que tiene el plantel a fin de que se inicie el nuevo ciclo escolar en las mejores condiciones Culiac\u00e1n, Sin. El Rector de la Universidad Aut\u00f3noma de Sinaloa (UAS), doctor Jes\u00fas Madue\u00f1a Molina, realiz\u00f3 una visita de supervisi\u00f3n a la Facultad de Agricultura del Valle del Fuerte, [&hellip;]","og_url":"https:\/\/fuentesfidedignas.com.mx\/index.php\/2022\/06\/22\/rector-da-la-bienvenida-a-alumnos-que-realizan-verano-cientifico-en-la-facultad-de-agricultura-del-valle-del-fuerte\/","og_site_name":"Fuentes Fidedignas","article_publisher":"https:\/\/www.facebook.com\/Fuentes-Fidedignas-368234489921644","article_published_time":"2022-06-23T00:56:32+00:00","article_modified_time":"2022-06-23T00:59:09+00:00","og_image":[{"width":1564,"height":1086,"url":"https:\/\/fuentesfidedignas.com.mx\/wp-content\/uploads\/2022\/06\/Rector-en-Facultad-de-Agricultura-del-Valle-del-Fuerte-3.jpg","type":"image\/jpeg"}],"author":"Redacci\u00f3n","twitter_card":"summary_large_image","twitter_creator":"@fidedignas","twitter_site":"@fidedignas","twitter_misc":{"Escrito por":"Redacci\u00f3n","Tiempo de lectura":"3 minutos"},"schema":{"@context":"https:\/\/schema.org","@graph":[{"@type":"Article","@id":"https:\/\/fuentesfidedignas.com.mx\/index.php\/2022\/06\/22\/rector-da-la-bienvenida-a-alumnos-que-realizan-verano-cientifico-en-la-facultad-de-agricultura-del-valle-del-fuerte\/#article","isPartOf":{"@id":"https:\/\/fuentesfidedignas.com.mx\/index.php\/2022\/06\/22\/rector-da-la-bienvenida-a-alumnos-que-realizan-verano-cientifico-en-la-facultad-de-agricultura-del-valle-del-fuerte\/"},"author":{"name":"Redacci\u00f3n","@id":"https:\/\/fuentesfidedignas.com.mx\/#\/schema\/person\/331be9283d37198e2acd5750279085b0"},"headline":"Rector da la bienvenida a alumnos que realizan verano cient\u00edfico en la Facultad de Agricultura del Valle del Fuerte","datePublished":"2022-06-23T00:56:32+00:00","dateModified":"2022-06-23T00:59:09+00:00","mainEntityOfPage":{"@id":"https:\/\/fuentesfidedignas.com.mx\/index.php\/2022\/06\/22\/rector-da-la-bienvenida-a-alumnos-que-realizan-verano-cientifico-en-la-facultad-de-agricultura-del-valle-del-fuerte\/"},"wordCount":612,"commentCount":0,"publisher":{"@id":"https:\/\/fuentesfidedignas.com.mx\/#organization"},"image":{"@id":"https:\/\/fuentesfidedignas.com.mx\/index.php\/2022\/06\/22\/rector-da-la-bienvenida-a-alumnos-que-realizan-verano-cientifico-en-la-facultad-de-agricultura-del-valle-del-fuerte\/#primaryimage"},"thumbnailUrl":"https:\/\/fuentesfidedignas.com.mx\/wp-content\/uploads\/2022\/06\/Rector-en-Facultad-de-Agricultura-del-Valle-del-Fuerte-3.jpg","keywords":["Jes\u00fas Madue\u00f1a Molina","Universidad Aut\u00f3noma de Sinaloa"],"articleSection":["NOTA PRINCIPAL"],"inLanguage":"es","potentialAction":[{"@type":"CommentAction","name":"Comment","target":["https:\/\/fuentesfidedignas.com.mx\/index.php\/2022\/06\/22\/rector-da-la-bienvenida-a-alumnos-que-realizan-verano-cientifico-en-la-facultad-de-agricultura-del-valle-del-fuerte\/#respond"]}]},{"@type":"WebPage","@id":"https:\/\/fuentesfidedignas.com.mx\/index.php\/2022\/06\/22\/rector-da-la-bienvenida-a-alumnos-que-realizan-verano-cientifico-en-la-facultad-de-agricultura-del-valle-del-fuerte\/","url":"https:\/\/fuentesfidedignas.com.mx\/index.php\/2022\/06\/22\/rector-da-la-bienvenida-a-alumnos-que-realizan-verano-cientifico-en-la-facultad-de-agricultura-del-valle-del-fuerte\/","name":"Rector da la bienvenida a alumnos que realizan verano cient\u00edfico en la Facultad de Agricultura del Valle del Fuerte - Fuentes Fidedignas","isPartOf":{"@id":"https:\/\/fuentesfidedignas.com.mx\/#website"},"primaryImageOfPage":{"@id":"https:\/\/fuentesfidedignas.com.mx\/index.php\/2022\/06\/22\/rector-da-la-bienvenida-a-alumnos-que-realizan-verano-cientifico-en-la-facultad-de-agricultura-del-valle-del-fuerte\/#primaryimage"},"image":{"@id":"https:\/\/fuentesfidedignas.com.mx\/index.php\/2022\/06\/22\/rector-da-la-bienvenida-a-alumnos-que-realizan-verano-cientifico-en-la-facultad-de-agricultura-del-valle-del-fuerte\/#primaryimage"},"thumbnailUrl":"https:\/\/fuentesfidedignas.com.mx\/wp-content\/uploads\/2022\/06\/Rector-en-Facultad-de-Agricultura-del-Valle-del-Fuerte-3.jpg","datePublished":"2022-06-23T00:56:32+00:00","dateModified":"2022-06-23T00:59:09+00:00","breadcrumb":{"@id":"https:\/\/fuentesfidedignas.com.mx\/index.php\/2022\/06\/22\/rector-da-la-bienvenida-a-alumnos-que-realizan-verano-cientifico-en-la-facultad-de-agricultura-del-valle-del-fuerte\/#breadcrumb"},"inLanguage":"es","potentialAction":[{"@type":"ReadAction","target":["https:\/\/fuentesfidedignas.com.mx\/index.php\/2022\/06\/22\/rector-da-la-bienvenida-a-alumnos-que-realizan-verano-cientifico-en-la-facultad-de-agricultura-del-valle-del-fuerte\/"]}]},{"@type":"ImageObject","inLanguage":"es","@id":"https:\/\/fuentesfidedignas.com.mx\/index.php\/2022\/06\/22\/rector-da-la-bienvenida-a-alumnos-que-realizan-verano-cientifico-en-la-facultad-de-agricultura-del-valle-del-fuerte\/#primaryimage","url":"https:\/\/fuentesfidedignas.com.mx\/wp-content\/uploads\/2022\/06\/Rector-en-Facultad-de-Agricultura-del-Valle-del-Fuerte-3.jpg","contentUrl":"https:\/\/fuentesfidedignas.com.mx\/wp-content\/uploads\/2022\/06\/Rector-en-Facultad-de-Agricultura-del-Valle-del-Fuerte-3.jpg","width":1564,"height":1086},{"@type":"BreadcrumbList","@id":"https:\/\/fuentesfidedignas.com.mx\/index.php\/2022\/06\/22\/rector-da-la-bienvenida-a-alumnos-que-realizan-verano-cientifico-en-la-facultad-de-agricultura-del-valle-del-fuerte\/#breadcrumb","itemListElement":[{"@type":"ListItem","position":1,"name":"Inicio","item":"https:\/\/fuentesfidedignas.com.mx\/"},{"@type":"ListItem","position":2,"name":"Rector da la bienvenida a alumnos que realizan verano cient\u00edfico en la Facultad de Agricultura del Valle del Fuerte"}]},{"@type":"WebSite","@id":"https:\/\/fuentesfidedignas.com.mx\/#website","url":"https:\/\/fuentesfidedignas.com.mx\/","name":"Fuentes Fidedignas","description":"Otro sitio realizado con WordPress","publisher":{"@id":"https:\/\/fuentesfidedignas.com.mx\/#organization"},"potentialAction":[{"@type":"SearchAction","target":{"@type":"EntryPoint","urlTemplate":"https:\/\/fuentesfidedignas.com.mx\/?s={search_term_string}"},"query-input":{"@type":"PropertyValueSpecification","valueRequired":true,"valueName":"search_term_string"}}],"inLanguage":"es"},{"@type":"Organization","@id":"https:\/\/fuentesfidedignas.com.mx\/#organization","name":"Fuentes Fidedignas","url":"https:\/\/fuentesfidedignas.com.mx\/","logo":{"@type":"ImageObject","inLanguage":"es","@id":"https:\/\/fuentesfidedignas.com.mx\/#\/schema\/logo\/image\/","url":"https:\/\/fuentesfidedignas.com.mx\/wp-content\/uploads\/2021\/04\/logo-retina.png","contentUrl":"https:\/\/fuentesfidedignas.com.mx\/wp-content\/uploads\/2021\/04\/logo-retina.png","width":280,"height":51,"caption":"Fuentes Fidedignas"},"image":{"@id":"https:\/\/fuentesfidedignas.com.mx\/#\/schema\/logo\/image\/"},"sameAs":["https:\/\/www.facebook.com\/Fuentes-Fidedignas-368234489921644","https:\/\/x.com\/fidedignas"]},{"@type":"Person","@id":"https:\/\/fuentesfidedignas.com.mx\/#\/schema\/person\/331be9283d37198e2acd5750279085b0","name":"Redacci\u00f3n","image":{"@type":"ImageObject","inLanguage":"es","@id":"https:\/\/secure.gravatar.com\/avatar\/f6d8782c11d12b2d4ad3fbb6931aeab5309937a4d6cd2fc9cfaa28a6396a5aec?s=96&d=mm&r=g","url":"https:\/\/secure.gravatar.com\/avatar\/f6d8782c11d12b2d4ad3fbb6931aeab5309937a4d6cd2fc9cfaa28a6396a5aec?s=96&d=mm&r=g","contentUrl":"https:\/\/secure.gravatar.com\/avatar\/f6d8782c11d12b2d4ad3fbb6931aeab5309937a4d6cd2fc9cfaa28a6396a5aec?s=96&d=mm&r=g","caption":"Redacci\u00f3n"},"url":"https:\/\/fuentesfidedignas.com.mx\/index.php\/author\/redaccion\/"}]}},"_links":{"self":[{"href":"https:\/\/fuentesfidedignas.com.mx\/index.php\/wp-json\/wp\/v2\/posts\/35170","targetHints":{"allow":["GET"]}}],"collection":[{"href":"https:\/\/fuentesfidedignas.com.mx\/index.php\/wp-json\/wp\/v2\/posts"}],"about":[{"href":"https:\/\/fuentesfidedignas.com.mx\/index.php\/wp-json\/wp\/v2\/types\/post"}],"author":[{"embeddable":true,"href":"https:\/\/fuentesfidedignas.com.mx\/index.php\/wp-json\/wp\/v2\/users\/4"}],"replies":[{"embeddable":true,"href":"https:\/\/fuentesfidedignas.com.mx\/index.php\/wp-json\/wp\/v2\/comments?post=35170"}],"version-history":[{"count":4,"href":"https:\/\/fuentesfidedignas.com.mx\/index.php\/wp-json\/wp\/v2\/posts\/35170\/revisions"}],"predecessor-version":[{"id":35177,"href":"https:\/\/fuentesfidedignas.com.mx\/index.php\/wp-json\/wp\/v2\/posts\/35170\/revisions\/35177"}],"wp:featuredmedia":[{"embeddable":true,"href":"https:\/\/fuentesfidedignas.com.mx\/index.php\/wp-json\/wp\/v2\/media\/35174"}],"wp:attachment":[{"href":"https:\/\/fuentesfidedignas.com.mx\/index.php\/wp-json\/wp\/v2\/media?parent=35170"}],"wp:term":[{"taxonomy":"category","embeddable":true,"href":"https:\/\/fuentesfidedignas.com.mx\/index.php\/wp-json\/wp\/v2\/categories?post=35170"},{"taxonomy":"post_tag","embeddable":true,"href":"https:\/\/fuentesfidedignas.com.mx\/index.php\/wp-json\/wp\/v2\/tags?post=35170"}],"curies":[{"name":"wp","href":"https:\/\/api.w.org\/{rel}","templated":true}]}}