{"id":35064,"date":"2022-06-21T18:09:45","date_gmt":"2022-06-22T00:09:45","guid":{"rendered":"https:\/\/fuentesfidedignas.com.mx\/?p=35064"},"modified":"2022-06-21T18:10:21","modified_gmt":"2022-06-22T00:10:21","slug":"evalua-el-pas-proceso-de-restructuracion-junto-a-presidentes-de-los-cdm","status":"publish","type":"post","link":"https:\/\/fuentesfidedignas.com.mx\/index.php\/2022\/06\/21\/evalua-el-pas-proceso-de-restructuracion-junto-a-presidentes-de-los-cdm\/","title":{"rendered":"Eval\u00faa el PAS proceso de restructuraci\u00f3n junto a Presidentes de los CDM"},"content":{"rendered":"\n<p><strong><em>Constata el l\u00edder pol\u00edtico H\u00e9ctor Melesio Cu\u00e9n Ojeda, los avances y alcances obtenidos al momento<\/em><\/strong><\/p>\n\n\n\n<p>Culiac\u00e1n, Sin.- Con la presencia de los 20 presidentes de los comit\u00e9s directivos municipales, el <strong>Partido Sinaloense<\/strong> realiz\u00f3 una reuni\u00f3n de evaluaci\u00f3n y seguimiento del plan de trabajo sobre el proceso de restructuraci\u00f3n de los sub comit\u00e9s municipales y los seccionales.<\/p>\n\n\n\n<p><strong>Ang\u00e9lica D\u00edaz de Cu\u00e9n<\/strong>, Secretaria General del partido, dio la bienvenida y agradeci\u00f3 la asistencia de los presidentes de los comit\u00e9s municipales, a quienes convoc\u00f3 a seguir conformando sus estructuras con los mejores perfiles.<\/p>\n\n\n\n<p>El presidente del <strong>Comit\u00e9 Ejecutivo Estatal, V\u00edctor Antonio Corrales Burgue\u00f1o<\/strong>, expres\u00f3 que es alentador observar c\u00f3mo se han ido atendiendo las indicaciones de estrategias pol\u00edticas que est\u00e1n fortaleciendo m\u00e1s el proyecto que desarrolla el partido de cara al proceso electoral de <strong>2024<\/strong>.<\/p>\n\n\n\n<figure class=\"wp-block-image size-large\"><img decoding=\"async\" width=\"1024\" height=\"682\" src=\"https:\/\/fuentesfidedignas.com.mx\/wp-content\/uploads\/2022\/06\/IMG-20220621-WA0125-1024x682.jpg\" alt=\"\" class=\"wp-image-35066\" srcset=\"https:\/\/fuentesfidedignas.com.mx\/wp-content\/uploads\/2022\/06\/IMG-20220621-WA0125-1024x682.jpg 1024w, https:\/\/fuentesfidedignas.com.mx\/wp-content\/uploads\/2022\/06\/IMG-20220621-WA0125-300x200.jpg 300w, https:\/\/fuentesfidedignas.com.mx\/wp-content\/uploads\/2022\/06\/IMG-20220621-WA0125-768x512.jpg 768w, https:\/\/fuentesfidedignas.com.mx\/wp-content\/uploads\/2022\/06\/IMG-20220621-WA0125.jpg 1280w\" sizes=\"(max-width: 1024px) 100vw, 1024px\" \/><\/figure>\n\n\n\n<p>Por su parte el l\u00edder pol\u00edtico del <strong>Partido Sinaloense, H\u00e9ctor Melesio Cu\u00e9n Ojeda<\/strong>, se\u00f1al\u00f3 que hay muy buenas expectativas de crecimiento con el trabajo que se ha venido haciendo con la restructuraci\u00f3n de los comit\u00e9s y sub comit\u00e9s en los municipios, donde se ha logrado ampliar la red de operadores, lo que permitir\u00e1 tener mayor presencia en cada uno de los distritos, esto se traduce en mayor cercan\u00eda con la sociedad y a su vez una operaci\u00f3n pol\u00edtica m\u00e1s eficiente.<\/p>\n\n\n\n<p><strong>Cu\u00e9n Ojeda<\/strong> asegur\u00f3 que el <strong>PAS<\/strong>, en este momento, cuenta con la mejor estructura, porque se ha ido perfeccionando cada una de las \u00e1reas, aplicando un proceso de evaluaci\u00f3n y mejora continua, que le han permitido crecer, no solo en estructura, sino en capacidad y estrategia pol\u00edtica, lo que sin duda quedar\u00e1 demostrado en <strong>2024<\/strong>.<\/p>\n\n\n\n<p><em>&#8220;Hoy estamos reconocidos a nivel nacional como un partido con estructura, con organizaci\u00f3n y que trabaja de forma eficiente, tenemos una gran oportunidad frente a nosotros y la vamos a aprovechar porque ese es nuestro objetivo, estar donde se toman las decisiones para poder seguir ayudando a la gente y construir un mejor Sinaloa&#8221;.<\/em><\/p>\n","protected":false},"excerpt":{"rendered":"<p>Constata el l\u00edder pol\u00edtico H\u00e9ctor Melesio Cu\u00e9n Ojeda, los avances y alcances obtenidos al momento Culiac\u00e1n, Sin.- Con la presencia de los 20 presidentes de los comit\u00e9s directivos municipales, el Partido Sinaloense realiz\u00f3 una reuni\u00f3n de evaluaci\u00f3n y seguimiento del plan de trabajo sobre el proceso de restructuraci\u00f3n de los sub comit\u00e9s municipales y los [&hellip;]<\/p>\n","protected":false},"author":4,"featured_media":35065,"comment_status":"open","ping_status":"open","sticky":false,"template":"","format":"standard","meta":{"tdm_status":"","tdm_grid_status":"","footnotes":""},"categories":[38],"tags":[1328,1365,308],"class_list":{"0":"post-35064","1":"post","2":"type-post","3":"status-publish","4":"format-standard","5":"has-post-thumbnail","7":"category-noticias-locales","8":"tag-hector-melesio-cuen-ojeda","9":"tag-partido-sinaloense","10":"tag-pas"},"yoast_head":"<!-- This site is optimized with the Yoast SEO plugin v27.5 - https:\/\/yoast.com\/product\/yoast-seo-wordpress\/ -->\n<title>Eval\u00faa el PAS proceso de restructuraci\u00f3n junto a Presidentes de los CDM - Fuentes Fidedignas<\/title>\n<meta name=\"robots\" content=\"index, follow, max-snippet:-1, max-image-preview:large, max-video-preview:-1\" \/>\n<link rel=\"canonical\" href=\"https:\/\/fuentesfidedignas.com.mx\/index.php\/2022\/06\/21\/evalua-el-pas-proceso-de-restructuracion-junto-a-presidentes-de-los-cdm\/\" \/>\n<meta property=\"og:locale\" content=\"es_MX\" \/>\n<meta property=\"og:type\" content=\"article\" \/>\n<meta property=\"og:title\" content=\"Eval\u00faa el PAS proceso de restructuraci\u00f3n junto a Presidentes de los CDM - Fuentes Fidedignas\" \/>\n<meta property=\"og:description\" content=\"Constata el l\u00edder pol\u00edtico H\u00e9ctor Melesio Cu\u00e9n Ojeda, los avances y alcances obtenidos al momento Culiac\u00e1n, Sin.- Con la presencia de los 20 presidentes de los comit\u00e9s directivos municipales, el Partido Sinaloense realiz\u00f3 una reuni\u00f3n de evaluaci\u00f3n y seguimiento del plan de trabajo sobre el proceso de restructuraci\u00f3n de los sub comit\u00e9s municipales y los [&hellip;]\" \/>\n<meta property=\"og:url\" content=\"https:\/\/fuentesfidedignas.com.mx\/index.php\/2022\/06\/21\/evalua-el-pas-proceso-de-restructuracion-junto-a-presidentes-de-los-cdm\/\" \/>\n<meta property=\"og:site_name\" content=\"Fuentes Fidedignas\" \/>\n<meta property=\"article:publisher\" content=\"https:\/\/www.facebook.com\/Fuentes-Fidedignas-368234489921644\" \/>\n<meta property=\"article:published_time\" content=\"2022-06-22T00:09:45+00:00\" \/>\n<meta property=\"article:modified_time\" content=\"2022-06-22T00:10:21+00:00\" \/>\n<meta property=\"og:image\" content=\"https:\/\/fuentesfidedignas.com.mx\/wp-content\/uploads\/2022\/06\/IMG-20220621-WA0126.jpg\" \/>\n\t<meta property=\"og:image:width\" content=\"1114\" \/>\n\t<meta property=\"og:image:height\" content=\"594\" \/>\n\t<meta property=\"og:image:type\" content=\"image\/jpeg\" \/>\n<meta name=\"author\" content=\"Redacci\u00f3n\" \/>\n<meta name=\"twitter:card\" content=\"summary_large_image\" \/>\n<meta name=\"twitter:creator\" content=\"@fidedignas\" \/>\n<meta name=\"twitter:site\" content=\"@fidedignas\" \/>\n<meta name=\"twitter:label1\" content=\"Escrito por\" \/>\n\t<meta name=\"twitter:data1\" content=\"Redacci\u00f3n\" \/>\n\t<meta name=\"twitter:label2\" content=\"Tiempo de lectura\" \/>\n\t<meta name=\"twitter:data2\" content=\"2 minutos\" \/>\n<script type=\"application\/ld+json\" class=\"yoast-schema-graph\">{\"@context\":\"https:\\\/\\\/schema.org\",\"@graph\":[{\"@type\":\"Article\",\"@id\":\"https:\\\/\\\/fuentesfidedignas.com.mx\\\/index.php\\\/2022\\\/06\\\/21\\\/evalua-el-pas-proceso-de-restructuracion-junto-a-presidentes-de-los-cdm\\\/#article\",\"isPartOf\":{\"@id\":\"https:\\\/\\\/fuentesfidedignas.com.mx\\\/index.php\\\/2022\\\/06\\\/21\\\/evalua-el-pas-proceso-de-restructuracion-junto-a-presidentes-de-los-cdm\\\/\"},\"author\":{\"name\":\"Redacci\u00f3n\",\"@id\":\"https:\\\/\\\/fuentesfidedignas.com.mx\\\/#\\\/schema\\\/person\\\/331be9283d37198e2acd5750279085b0\"},\"headline\":\"Eval\u00faa el PAS proceso de restructuraci\u00f3n junto a Presidentes de los CDM\",\"datePublished\":\"2022-06-22T00:09:45+00:00\",\"dateModified\":\"2022-06-22T00:10:21+00:00\",\"mainEntityOfPage\":{\"@id\":\"https:\\\/\\\/fuentesfidedignas.com.mx\\\/index.php\\\/2022\\\/06\\\/21\\\/evalua-el-pas-proceso-de-restructuracion-junto-a-presidentes-de-los-cdm\\\/\"},\"wordCount\":369,\"commentCount\":0,\"publisher\":{\"@id\":\"https:\\\/\\\/fuentesfidedignas.com.mx\\\/#organization\"},\"image\":{\"@id\":\"https:\\\/\\\/fuentesfidedignas.com.mx\\\/index.php\\\/2022\\\/06\\\/21\\\/evalua-el-pas-proceso-de-restructuracion-junto-a-presidentes-de-los-cdm\\\/#primaryimage\"},\"thumbnailUrl\":\"https:\\\/\\\/fuentesfidedignas.com.mx\\\/wp-content\\\/uploads\\\/2022\\\/06\\\/IMG-20220621-WA0126.jpg\",\"keywords\":[\"H\u00e9ctor Melesio Cu\u00e9n Ojeda\",\"Partido Sinaloense\",\"PAS\"],\"articleSection\":[\"NOTICIAS LOCALES\"],\"inLanguage\":\"es\",\"potentialAction\":[{\"@type\":\"CommentAction\",\"name\":\"Comment\",\"target\":[\"https:\\\/\\\/fuentesfidedignas.com.mx\\\/index.php\\\/2022\\\/06\\\/21\\\/evalua-el-pas-proceso-de-restructuracion-junto-a-presidentes-de-los-cdm\\\/#respond\"]}]},{\"@type\":\"WebPage\",\"@id\":\"https:\\\/\\\/fuentesfidedignas.com.mx\\\/index.php\\\/2022\\\/06\\\/21\\\/evalua-el-pas-proceso-de-restructuracion-junto-a-presidentes-de-los-cdm\\\/\",\"url\":\"https:\\\/\\\/fuentesfidedignas.com.mx\\\/index.php\\\/2022\\\/06\\\/21\\\/evalua-el-pas-proceso-de-restructuracion-junto-a-presidentes-de-los-cdm\\\/\",\"name\":\"Eval\u00faa el PAS proceso de restructuraci\u00f3n junto a Presidentes de los CDM - Fuentes Fidedignas\",\"isPartOf\":{\"@id\":\"https:\\\/\\\/fuentesfidedignas.com.mx\\\/#website\"},\"primaryImageOfPage\":{\"@id\":\"https:\\\/\\\/fuentesfidedignas.com.mx\\\/index.php\\\/2022\\\/06\\\/21\\\/evalua-el-pas-proceso-de-restructuracion-junto-a-presidentes-de-los-cdm\\\/#primaryimage\"},\"image\":{\"@id\":\"https:\\\/\\\/fuentesfidedignas.com.mx\\\/index.php\\\/2022\\\/06\\\/21\\\/evalua-el-pas-proceso-de-restructuracion-junto-a-presidentes-de-los-cdm\\\/#primaryimage\"},\"thumbnailUrl\":\"https:\\\/\\\/fuentesfidedignas.com.mx\\\/wp-content\\\/uploads\\\/2022\\\/06\\\/IMG-20220621-WA0126.jpg\",\"datePublished\":\"2022-06-22T00:09:45+00:00\",\"dateModified\":\"2022-06-22T00:10:21+00:00\",\"breadcrumb\":{\"@id\":\"https:\\\/\\\/fuentesfidedignas.com.mx\\\/index.php\\\/2022\\\/06\\\/21\\\/evalua-el-pas-proceso-de-restructuracion-junto-a-presidentes-de-los-cdm\\\/#breadcrumb\"},\"inLanguage\":\"es\",\"potentialAction\":[{\"@type\":\"ReadAction\",\"target\":[\"https:\\\/\\\/fuentesfidedignas.com.mx\\\/index.php\\\/2022\\\/06\\\/21\\\/evalua-el-pas-proceso-de-restructuracion-junto-a-presidentes-de-los-cdm\\\/\"]}]},{\"@type\":\"ImageObject\",\"inLanguage\":\"es\",\"@id\":\"https:\\\/\\\/fuentesfidedignas.com.mx\\\/index.php\\\/2022\\\/06\\\/21\\\/evalua-el-pas-proceso-de-restructuracion-junto-a-presidentes-de-los-cdm\\\/#primaryimage\",\"url\":\"https:\\\/\\\/fuentesfidedignas.com.mx\\\/wp-content\\\/uploads\\\/2022\\\/06\\\/IMG-20220621-WA0126.jpg\",\"contentUrl\":\"https:\\\/\\\/fuentesfidedignas.com.mx\\\/wp-content\\\/uploads\\\/2022\\\/06\\\/IMG-20220621-WA0126.jpg\",\"width\":1114,\"height\":594},{\"@type\":\"BreadcrumbList\",\"@id\":\"https:\\\/\\\/fuentesfidedignas.com.mx\\\/index.php\\\/2022\\\/06\\\/21\\\/evalua-el-pas-proceso-de-restructuracion-junto-a-presidentes-de-los-cdm\\\/#breadcrumb\",\"itemListElement\":[{\"@type\":\"ListItem\",\"position\":1,\"name\":\"Inicio\",\"item\":\"https:\\\/\\\/fuentesfidedignas.com.mx\\\/\"},{\"@type\":\"ListItem\",\"position\":2,\"name\":\"Eval\u00faa el PAS proceso de restructuraci\u00f3n junto a Presidentes de los CDM\"}]},{\"@type\":\"WebSite\",\"@id\":\"https:\\\/\\\/fuentesfidedignas.com.mx\\\/#website\",\"url\":\"https:\\\/\\\/fuentesfidedignas.com.mx\\\/\",\"name\":\"Fuentes Fidedignas\",\"description\":\"Otro sitio realizado con WordPress\",\"publisher\":{\"@id\":\"https:\\\/\\\/fuentesfidedignas.com.mx\\\/#organization\"},\"potentialAction\":[{\"@type\":\"SearchAction\",\"target\":{\"@type\":\"EntryPoint\",\"urlTemplate\":\"https:\\\/\\\/fuentesfidedignas.com.mx\\\/?s={search_term_string}\"},\"query-input\":{\"@type\":\"PropertyValueSpecification\",\"valueRequired\":true,\"valueName\":\"search_term_string\"}}],\"inLanguage\":\"es\"},{\"@type\":\"Organization\",\"@id\":\"https:\\\/\\\/fuentesfidedignas.com.mx\\\/#organization\",\"name\":\"Fuentes Fidedignas\",\"url\":\"https:\\\/\\\/fuentesfidedignas.com.mx\\\/\",\"logo\":{\"@type\":\"ImageObject\",\"inLanguage\":\"es\",\"@id\":\"https:\\\/\\\/fuentesfidedignas.com.mx\\\/#\\\/schema\\\/logo\\\/image\\\/\",\"url\":\"https:\\\/\\\/fuentesfidedignas.com.mx\\\/wp-content\\\/uploads\\\/2021\\\/04\\\/logo-retina.png\",\"contentUrl\":\"https:\\\/\\\/fuentesfidedignas.com.mx\\\/wp-content\\\/uploads\\\/2021\\\/04\\\/logo-retina.png\",\"width\":280,\"height\":51,\"caption\":\"Fuentes Fidedignas\"},\"image\":{\"@id\":\"https:\\\/\\\/fuentesfidedignas.com.mx\\\/#\\\/schema\\\/logo\\\/image\\\/\"},\"sameAs\":[\"https:\\\/\\\/www.facebook.com\\\/Fuentes-Fidedignas-368234489921644\",\"https:\\\/\\\/x.com\\\/fidedignas\"]},{\"@type\":\"Person\",\"@id\":\"https:\\\/\\\/fuentesfidedignas.com.mx\\\/#\\\/schema\\\/person\\\/331be9283d37198e2acd5750279085b0\",\"name\":\"Redacci\u00f3n\",\"image\":{\"@type\":\"ImageObject\",\"inLanguage\":\"es\",\"@id\":\"https:\\\/\\\/secure.gravatar.com\\\/avatar\\\/f6d8782c11d12b2d4ad3fbb6931aeab5309937a4d6cd2fc9cfaa28a6396a5aec?s=96&d=mm&r=g\",\"url\":\"https:\\\/\\\/secure.gravatar.com\\\/avatar\\\/f6d8782c11d12b2d4ad3fbb6931aeab5309937a4d6cd2fc9cfaa28a6396a5aec?s=96&d=mm&r=g\",\"contentUrl\":\"https:\\\/\\\/secure.gravatar.com\\\/avatar\\\/f6d8782c11d12b2d4ad3fbb6931aeab5309937a4d6cd2fc9cfaa28a6396a5aec?s=96&d=mm&r=g\",\"caption\":\"Redacci\u00f3n\"},\"url\":\"https:\\\/\\\/fuentesfidedignas.com.mx\\\/index.php\\\/author\\\/redaccion\\\/\"}]}<\/script>\n<!-- \/ Yoast SEO plugin. -->","yoast_head_json":{"title":"Eval\u00faa el PAS proceso de restructuraci\u00f3n junto a Presidentes de los CDM - Fuentes Fidedignas","robots":{"index":"index","follow":"follow","max-snippet":"max-snippet:-1","max-image-preview":"max-image-preview:large","max-video-preview":"max-video-preview:-1"},"canonical":"https:\/\/fuentesfidedignas.com.mx\/index.php\/2022\/06\/21\/evalua-el-pas-proceso-de-restructuracion-junto-a-presidentes-de-los-cdm\/","og_locale":"es_MX","og_type":"article","og_title":"Eval\u00faa el PAS proceso de restructuraci\u00f3n junto a Presidentes de los CDM - Fuentes Fidedignas","og_description":"Constata el l\u00edder pol\u00edtico H\u00e9ctor Melesio Cu\u00e9n Ojeda, los avances y alcances obtenidos al momento Culiac\u00e1n, Sin.- Con la presencia de los 20 presidentes de los comit\u00e9s directivos municipales, el Partido Sinaloense realiz\u00f3 una reuni\u00f3n de evaluaci\u00f3n y seguimiento del plan de trabajo sobre el proceso de restructuraci\u00f3n de los sub comit\u00e9s municipales y los [&hellip;]","og_url":"https:\/\/fuentesfidedignas.com.mx\/index.php\/2022\/06\/21\/evalua-el-pas-proceso-de-restructuracion-junto-a-presidentes-de-los-cdm\/","og_site_name":"Fuentes Fidedignas","article_publisher":"https:\/\/www.facebook.com\/Fuentes-Fidedignas-368234489921644","article_published_time":"2022-06-22T00:09:45+00:00","article_modified_time":"2022-06-22T00:10:21+00:00","og_image":[{"width":1114,"height":594,"url":"https:\/\/fuentesfidedignas.com.mx\/wp-content\/uploads\/2022\/06\/IMG-20220621-WA0126.jpg","type":"image\/jpeg"}],"author":"Redacci\u00f3n","twitter_card":"summary_large_image","twitter_creator":"@fidedignas","twitter_site":"@fidedignas","twitter_misc":{"Escrito por":"Redacci\u00f3n","Tiempo de lectura":"2 minutos"},"schema":{"@context":"https:\/\/schema.org","@graph":[{"@type":"Article","@id":"https:\/\/fuentesfidedignas.com.mx\/index.php\/2022\/06\/21\/evalua-el-pas-proceso-de-restructuracion-junto-a-presidentes-de-los-cdm\/#article","isPartOf":{"@id":"https:\/\/fuentesfidedignas.com.mx\/index.php\/2022\/06\/21\/evalua-el-pas-proceso-de-restructuracion-junto-a-presidentes-de-los-cdm\/"},"author":{"name":"Redacci\u00f3n","@id":"https:\/\/fuentesfidedignas.com.mx\/#\/schema\/person\/331be9283d37198e2acd5750279085b0"},"headline":"Eval\u00faa el PAS proceso de restructuraci\u00f3n junto a Presidentes de los CDM","datePublished":"2022-06-22T00:09:45+00:00","dateModified":"2022-06-22T00:10:21+00:00","mainEntityOfPage":{"@id":"https:\/\/fuentesfidedignas.com.mx\/index.php\/2022\/06\/21\/evalua-el-pas-proceso-de-restructuracion-junto-a-presidentes-de-los-cdm\/"},"wordCount":369,"commentCount":0,"publisher":{"@id":"https:\/\/fuentesfidedignas.com.mx\/#organization"},"image":{"@id":"https:\/\/fuentesfidedignas.com.mx\/index.php\/2022\/06\/21\/evalua-el-pas-proceso-de-restructuracion-junto-a-presidentes-de-los-cdm\/#primaryimage"},"thumbnailUrl":"https:\/\/fuentesfidedignas.com.mx\/wp-content\/uploads\/2022\/06\/IMG-20220621-WA0126.jpg","keywords":["H\u00e9ctor Melesio Cu\u00e9n Ojeda","Partido Sinaloense","PAS"],"articleSection":["NOTICIAS LOCALES"],"inLanguage":"es","potentialAction":[{"@type":"CommentAction","name":"Comment","target":["https:\/\/fuentesfidedignas.com.mx\/index.php\/2022\/06\/21\/evalua-el-pas-proceso-de-restructuracion-junto-a-presidentes-de-los-cdm\/#respond"]}]},{"@type":"WebPage","@id":"https:\/\/fuentesfidedignas.com.mx\/index.php\/2022\/06\/21\/evalua-el-pas-proceso-de-restructuracion-junto-a-presidentes-de-los-cdm\/","url":"https:\/\/fuentesfidedignas.com.mx\/index.php\/2022\/06\/21\/evalua-el-pas-proceso-de-restructuracion-junto-a-presidentes-de-los-cdm\/","name":"Eval\u00faa el PAS proceso de restructuraci\u00f3n junto a Presidentes de los CDM - Fuentes Fidedignas","isPartOf":{"@id":"https:\/\/fuentesfidedignas.com.mx\/#website"},"primaryImageOfPage":{"@id":"https:\/\/fuentesfidedignas.com.mx\/index.php\/2022\/06\/21\/evalua-el-pas-proceso-de-restructuracion-junto-a-presidentes-de-los-cdm\/#primaryimage"},"image":{"@id":"https:\/\/fuentesfidedignas.com.mx\/index.php\/2022\/06\/21\/evalua-el-pas-proceso-de-restructuracion-junto-a-presidentes-de-los-cdm\/#primaryimage"},"thumbnailUrl":"https:\/\/fuentesfidedignas.com.mx\/wp-content\/uploads\/2022\/06\/IMG-20220621-WA0126.jpg","datePublished":"2022-06-22T00:09:45+00:00","dateModified":"2022-06-22T00:10:21+00:00","breadcrumb":{"@id":"https:\/\/fuentesfidedignas.com.mx\/index.php\/2022\/06\/21\/evalua-el-pas-proceso-de-restructuracion-junto-a-presidentes-de-los-cdm\/#breadcrumb"},"inLanguage":"es","potentialAction":[{"@type":"ReadAction","target":["https:\/\/fuentesfidedignas.com.mx\/index.php\/2022\/06\/21\/evalua-el-pas-proceso-de-restructuracion-junto-a-presidentes-de-los-cdm\/"]}]},{"@type":"ImageObject","inLanguage":"es","@id":"https:\/\/fuentesfidedignas.com.mx\/index.php\/2022\/06\/21\/evalua-el-pas-proceso-de-restructuracion-junto-a-presidentes-de-los-cdm\/#primaryimage","url":"https:\/\/fuentesfidedignas.com.mx\/wp-content\/uploads\/2022\/06\/IMG-20220621-WA0126.jpg","contentUrl":"https:\/\/fuentesfidedignas.com.mx\/wp-content\/uploads\/2022\/06\/IMG-20220621-WA0126.jpg","width":1114,"height":594},{"@type":"BreadcrumbList","@id":"https:\/\/fuentesfidedignas.com.mx\/index.php\/2022\/06\/21\/evalua-el-pas-proceso-de-restructuracion-junto-a-presidentes-de-los-cdm\/#breadcrumb","itemListElement":[{"@type":"ListItem","position":1,"name":"Inicio","item":"https:\/\/fuentesfidedignas.com.mx\/"},{"@type":"ListItem","position":2,"name":"Eval\u00faa el PAS proceso de restructuraci\u00f3n junto a Presidentes de los CDM"}]},{"@type":"WebSite","@id":"https:\/\/fuentesfidedignas.com.mx\/#website","url":"https:\/\/fuentesfidedignas.com.mx\/","name":"Fuentes Fidedignas","description":"Otro sitio realizado con WordPress","publisher":{"@id":"https:\/\/fuentesfidedignas.com.mx\/#organization"},"potentialAction":[{"@type":"SearchAction","target":{"@type":"EntryPoint","urlTemplate":"https:\/\/fuentesfidedignas.com.mx\/?s={search_term_string}"},"query-input":{"@type":"PropertyValueSpecification","valueRequired":true,"valueName":"search_term_string"}}],"inLanguage":"es"},{"@type":"Organization","@id":"https:\/\/fuentesfidedignas.com.mx\/#organization","name":"Fuentes Fidedignas","url":"https:\/\/fuentesfidedignas.com.mx\/","logo":{"@type":"ImageObject","inLanguage":"es","@id":"https:\/\/fuentesfidedignas.com.mx\/#\/schema\/logo\/image\/","url":"https:\/\/fuentesfidedignas.com.mx\/wp-content\/uploads\/2021\/04\/logo-retina.png","contentUrl":"https:\/\/fuentesfidedignas.com.mx\/wp-content\/uploads\/2021\/04\/logo-retina.png","width":280,"height":51,"caption":"Fuentes Fidedignas"},"image":{"@id":"https:\/\/fuentesfidedignas.com.mx\/#\/schema\/logo\/image\/"},"sameAs":["https:\/\/www.facebook.com\/Fuentes-Fidedignas-368234489921644","https:\/\/x.com\/fidedignas"]},{"@type":"Person","@id":"https:\/\/fuentesfidedignas.com.mx\/#\/schema\/person\/331be9283d37198e2acd5750279085b0","name":"Redacci\u00f3n","image":{"@type":"ImageObject","inLanguage":"es","@id":"https:\/\/secure.gravatar.com\/avatar\/f6d8782c11d12b2d4ad3fbb6931aeab5309937a4d6cd2fc9cfaa28a6396a5aec?s=96&d=mm&r=g","url":"https:\/\/secure.gravatar.com\/avatar\/f6d8782c11d12b2d4ad3fbb6931aeab5309937a4d6cd2fc9cfaa28a6396a5aec?s=96&d=mm&r=g","contentUrl":"https:\/\/secure.gravatar.com\/avatar\/f6d8782c11d12b2d4ad3fbb6931aeab5309937a4d6cd2fc9cfaa28a6396a5aec?s=96&d=mm&r=g","caption":"Redacci\u00f3n"},"url":"https:\/\/fuentesfidedignas.com.mx\/index.php\/author\/redaccion\/"}]}},"_links":{"self":[{"href":"https:\/\/fuentesfidedignas.com.mx\/index.php\/wp-json\/wp\/v2\/posts\/35064","targetHints":{"allow":["GET"]}}],"collection":[{"href":"https:\/\/fuentesfidedignas.com.mx\/index.php\/wp-json\/wp\/v2\/posts"}],"about":[{"href":"https:\/\/fuentesfidedignas.com.mx\/index.php\/wp-json\/wp\/v2\/types\/post"}],"author":[{"embeddable":true,"href":"https:\/\/fuentesfidedignas.com.mx\/index.php\/wp-json\/wp\/v2\/users\/4"}],"replies":[{"embeddable":true,"href":"https:\/\/fuentesfidedignas.com.mx\/index.php\/wp-json\/wp\/v2\/comments?post=35064"}],"version-history":[{"count":1,"href":"https:\/\/fuentesfidedignas.com.mx\/index.php\/wp-json\/wp\/v2\/posts\/35064\/revisions"}],"predecessor-version":[{"id":35067,"href":"https:\/\/fuentesfidedignas.com.mx\/index.php\/wp-json\/wp\/v2\/posts\/35064\/revisions\/35067"}],"wp:featuredmedia":[{"embeddable":true,"href":"https:\/\/fuentesfidedignas.com.mx\/index.php\/wp-json\/wp\/v2\/media\/35065"}],"wp:attachment":[{"href":"https:\/\/fuentesfidedignas.com.mx\/index.php\/wp-json\/wp\/v2\/media?parent=35064"}],"wp:term":[{"taxonomy":"category","embeddable":true,"href":"https:\/\/fuentesfidedignas.com.mx\/index.php\/wp-json\/wp\/v2\/categories?post=35064"},{"taxonomy":"post_tag","embeddable":true,"href":"https:\/\/fuentesfidedignas.com.mx\/index.php\/wp-json\/wp\/v2\/tags?post=35064"}],"curies":[{"name":"wp","href":"https:\/\/api.w.org\/{rel}","templated":true}]}}