{"id":34908,"date":"2022-06-20T11:07:00","date_gmt":"2022-06-20T17:07:00","guid":{"rendered":"https:\/\/fuentesfidedignas.com.mx\/?p=34908"},"modified":"2022-06-20T11:07:01","modified_gmt":"2022-06-20T17:07:01","slug":"amlo-ve-manos-extranjeras-en-acusacion-sobre-sus-presuntos-nexos-con-el-narco","status":"publish","type":"post","link":"https:\/\/fuentesfidedignas.com.mx\/index.php\/2022\/06\/20\/amlo-ve-manos-extranjeras-en-acusacion-sobre-sus-presuntos-nexos-con-el-narco\/","title":{"rendered":"AMLO ve manos extranjeras en acusaci\u00f3n sobre sus presuntos nexos con el narco"},"content":{"rendered":"\n<p><strong><em>L\u00f3pez Obrador alert\u00f3 que desde el extranjero se puede estar orquestando campa\u00f1a para ligarlo con el narcotr\u00e1fico.<\/em><\/strong><\/p>\n\n\n\n<p>Ciudad de M\u00e9xico.- El presidente Andr\u00e9s Manuel L\u00f3pez Obrador se\u00f1al\u00f3 que desde el extranjero se puede estar orquestando la campa\u00f1a para ligarlo con las bandas del crimen organizado, sin embargo, dijo que no pueden probar los supuestos nexos.<\/p>\n\n\n\n<p>El mandatario federal afirm\u00f3 que esta campa\u00f1a s\u00f3lo busca atacarlo y al proyecto pol\u00edtico que encabeza, pero que lo m\u00e1s importante para \u00e9l es la honestidad y los ideales.<\/p>\n\n\n\n<p>\u201cEl otro d\u00eda estaba viendo un estudio que ojal\u00e1 y se los presentes sobre c\u00f3mo empezaron a manejar de que el gobierno, que yo ten\u00eda v\u00ednculos con el crimen organizado, no pueden probar nada porque sencillamente nosotros tenemos principios, tenemos ideales y lo que estimo m\u00e1s importante en mi vida es la honestidad\u201d.<\/p>\n\n\n\n<p>\u201cPero no hay ninguna prueba, pero lo interesante de este estudio es que le dio seguimiento al movimiento de las cuentas en redes sociales y fue una campa\u00f1a que se ech\u00f3 a andar en ese sentido y se puede probar. Una empresa, es el estudio, un grupo hizo el estudio, hoy mismo, yo te doy los detalles para que se les entregue la informaci\u00f3n. Primero en las redes sociales y luego la repetici\u00f3n de los expertos del conservadurismo, los voceros, de aqu\u00ed pero tambi\u00e9n es posible que esto se maneje desde el extranjero\u201d, acus\u00f3.<\/p>\n\n\n\n<p>El jefe del Ejecutivo federal afirm\u00f3 que a diferencia de sus antecesores, donde los propios integrantes del gabinete ten\u00edan nexos con el crimen, como Genaro Garc\u00eda Luna, exsecretario de Seguridad P\u00fablica con Felipe Calcer\u00f3n, actualmente hay mujeres y hombres rectos en los puestos que procuran la paz en el pa\u00eds.<\/p>\n\n\n\n<p>Hace unas semanas, el senador republicano por Florida, Marco Rubio, quien acus\u00f3 que el presidente mexicano ha entregado partes del territorio mexicano para que los operen las bandas de la delincuencia organizada con total impunidad.<\/p>\n\n\n\n<p>Tambi\u00e9n, el morenista Porfirio Mu\u00f1oz Ledo, acus\u00f3 que existe un \u201ccontubernio con el narco\u201d por parte del presidente L\u00f3pez Obrador y que pretende heredar a otras administraciones.<\/p>\n","protected":false},"excerpt":{"rendered":"<p>L\u00f3pez Obrador alert\u00f3 que desde el extranjero se puede estar orquestando campa\u00f1a para ligarlo con el narcotr\u00e1fico. Ciudad de M\u00e9xico.- El presidente Andr\u00e9s Manuel L\u00f3pez Obrador se\u00f1al\u00f3 que desde el extranjero se puede estar orquestando la campa\u00f1a para ligarlo con las bandas del crimen organizado, sin embargo, dijo que no pueden probar los supuestos nexos. [&hellip;]<\/p>\n","protected":false},"author":5,"featured_media":28619,"comment_status":"open","ping_status":"open","sticky":false,"template":"","format":"standard","meta":{"tdm_status":"","tdm_grid_status":"","footnotes":""},"categories":[39],"tags":[247,315,959,52],"class_list":{"0":"post-34908","1":"post","2":"type-post","3":"status-publish","4":"format-standard","5":"has-post-thumbnail","7":"category-noticias-nacionales","8":"tag-amlo","9":"tag-estados-unidos","10":"tag-narcotrafico","11":"tag-ruben-rocha-moya"},"yoast_head":"<!-- This site is optimized with the Yoast SEO plugin v27.5 - https:\/\/yoast.com\/product\/yoast-seo-wordpress\/ -->\n<title>AMLO ve manos extranjeras en acusaci\u00f3n sobre sus presuntos nexos con el narco - Fuentes Fidedignas<\/title>\n<meta name=\"robots\" content=\"index, follow, max-snippet:-1, max-image-preview:large, max-video-preview:-1\" \/>\n<link rel=\"canonical\" href=\"https:\/\/fuentesfidedignas.com.mx\/index.php\/2022\/06\/20\/amlo-ve-manos-extranjeras-en-acusacion-sobre-sus-presuntos-nexos-con-el-narco\/\" \/>\n<meta property=\"og:locale\" content=\"es_MX\" \/>\n<meta property=\"og:type\" content=\"article\" \/>\n<meta property=\"og:title\" content=\"AMLO ve manos extranjeras en acusaci\u00f3n sobre sus presuntos nexos con el narco - Fuentes Fidedignas\" \/>\n<meta property=\"og:description\" content=\"L\u00f3pez Obrador alert\u00f3 que desde el extranjero se puede estar orquestando campa\u00f1a para ligarlo con el narcotr\u00e1fico. Ciudad de M\u00e9xico.- El presidente Andr\u00e9s Manuel L\u00f3pez Obrador se\u00f1al\u00f3 que desde el extranjero se puede estar orquestando la campa\u00f1a para ligarlo con las bandas del crimen organizado, sin embargo, dijo que no pueden probar los supuestos nexos. [&hellip;]\" \/>\n<meta property=\"og:url\" content=\"https:\/\/fuentesfidedignas.com.mx\/index.php\/2022\/06\/20\/amlo-ve-manos-extranjeras-en-acusacion-sobre-sus-presuntos-nexos-con-el-narco\/\" \/>\n<meta property=\"og:site_name\" content=\"Fuentes Fidedignas\" \/>\n<meta property=\"article:publisher\" content=\"https:\/\/www.facebook.com\/Fuentes-Fidedignas-368234489921644\" \/>\n<meta property=\"article:published_time\" content=\"2022-06-20T17:07:00+00:00\" \/>\n<meta property=\"article:modified_time\" content=\"2022-06-20T17:07:01+00:00\" \/>\n<meta property=\"og:image\" content=\"https:\/\/fuentesfidedignas.com.mx\/wp-content\/uploads\/2022\/04\/AMLO_1904.jpg\" \/>\n\t<meta property=\"og:image:width\" content=\"1268\" \/>\n\t<meta property=\"og:image:height\" content=\"726\" \/>\n\t<meta property=\"og:image:type\" content=\"image\/jpeg\" \/>\n<meta name=\"author\" content=\"Forbes\" \/>\n<meta name=\"twitter:card\" content=\"summary_large_image\" \/>\n<meta name=\"twitter:creator\" content=\"@fidedignas\" \/>\n<meta name=\"twitter:site\" content=\"@fidedignas\" \/>\n<meta name=\"twitter:label1\" content=\"Escrito por\" \/>\n\t<meta name=\"twitter:data1\" content=\"Forbes\" \/>\n\t<meta name=\"twitter:label2\" content=\"Tiempo de lectura\" \/>\n\t<meta name=\"twitter:data2\" content=\"2 minutos\" \/>\n<script type=\"application\/ld+json\" class=\"yoast-schema-graph\">{\"@context\":\"https:\\\/\\\/schema.org\",\"@graph\":[{\"@type\":\"Article\",\"@id\":\"https:\\\/\\\/fuentesfidedignas.com.mx\\\/index.php\\\/2022\\\/06\\\/20\\\/amlo-ve-manos-extranjeras-en-acusacion-sobre-sus-presuntos-nexos-con-el-narco\\\/#article\",\"isPartOf\":{\"@id\":\"https:\\\/\\\/fuentesfidedignas.com.mx\\\/index.php\\\/2022\\\/06\\\/20\\\/amlo-ve-manos-extranjeras-en-acusacion-sobre-sus-presuntos-nexos-con-el-narco\\\/\"},\"author\":{\"name\":\"Forbes\",\"@id\":\"https:\\\/\\\/fuentesfidedignas.com.mx\\\/#\\\/schema\\\/person\\\/5623d53fe2e579d825b1679734abcc44\"},\"headline\":\"AMLO ve manos extranjeras en acusaci\u00f3n sobre sus presuntos nexos con el narco\",\"datePublished\":\"2022-06-20T17:07:00+00:00\",\"dateModified\":\"2022-06-20T17:07:01+00:00\",\"mainEntityOfPage\":{\"@id\":\"https:\\\/\\\/fuentesfidedignas.com.mx\\\/index.php\\\/2022\\\/06\\\/20\\\/amlo-ve-manos-extranjeras-en-acusacion-sobre-sus-presuntos-nexos-con-el-narco\\\/\"},\"wordCount\":387,\"commentCount\":0,\"publisher\":{\"@id\":\"https:\\\/\\\/fuentesfidedignas.com.mx\\\/#organization\"},\"image\":{\"@id\":\"https:\\\/\\\/fuentesfidedignas.com.mx\\\/index.php\\\/2022\\\/06\\\/20\\\/amlo-ve-manos-extranjeras-en-acusacion-sobre-sus-presuntos-nexos-con-el-narco\\\/#primaryimage\"},\"thumbnailUrl\":\"https:\\\/\\\/fuentesfidedignas.com.mx\\\/wp-content\\\/uploads\\\/2022\\\/04\\\/AMLO_1904.jpg\",\"keywords\":[\"AMLO\",\"Estados Unidos\",\"Narcotr\u00e1fico\",\"Rub\u00e9n Rocha Moya\"],\"articleSection\":[\"NOTICIAS NACIONALES\"],\"inLanguage\":\"es\",\"potentialAction\":[{\"@type\":\"CommentAction\",\"name\":\"Comment\",\"target\":[\"https:\\\/\\\/fuentesfidedignas.com.mx\\\/index.php\\\/2022\\\/06\\\/20\\\/amlo-ve-manos-extranjeras-en-acusacion-sobre-sus-presuntos-nexos-con-el-narco\\\/#respond\"]}]},{\"@type\":\"WebPage\",\"@id\":\"https:\\\/\\\/fuentesfidedignas.com.mx\\\/index.php\\\/2022\\\/06\\\/20\\\/amlo-ve-manos-extranjeras-en-acusacion-sobre-sus-presuntos-nexos-con-el-narco\\\/\",\"url\":\"https:\\\/\\\/fuentesfidedignas.com.mx\\\/index.php\\\/2022\\\/06\\\/20\\\/amlo-ve-manos-extranjeras-en-acusacion-sobre-sus-presuntos-nexos-con-el-narco\\\/\",\"name\":\"AMLO ve manos extranjeras en acusaci\u00f3n sobre sus presuntos nexos con el narco - Fuentes Fidedignas\",\"isPartOf\":{\"@id\":\"https:\\\/\\\/fuentesfidedignas.com.mx\\\/#website\"},\"primaryImageOfPage\":{\"@id\":\"https:\\\/\\\/fuentesfidedignas.com.mx\\\/index.php\\\/2022\\\/06\\\/20\\\/amlo-ve-manos-extranjeras-en-acusacion-sobre-sus-presuntos-nexos-con-el-narco\\\/#primaryimage\"},\"image\":{\"@id\":\"https:\\\/\\\/fuentesfidedignas.com.mx\\\/index.php\\\/2022\\\/06\\\/20\\\/amlo-ve-manos-extranjeras-en-acusacion-sobre-sus-presuntos-nexos-con-el-narco\\\/#primaryimage\"},\"thumbnailUrl\":\"https:\\\/\\\/fuentesfidedignas.com.mx\\\/wp-content\\\/uploads\\\/2022\\\/04\\\/AMLO_1904.jpg\",\"datePublished\":\"2022-06-20T17:07:00+00:00\",\"dateModified\":\"2022-06-20T17:07:01+00:00\",\"breadcrumb\":{\"@id\":\"https:\\\/\\\/fuentesfidedignas.com.mx\\\/index.php\\\/2022\\\/06\\\/20\\\/amlo-ve-manos-extranjeras-en-acusacion-sobre-sus-presuntos-nexos-con-el-narco\\\/#breadcrumb\"},\"inLanguage\":\"es\",\"potentialAction\":[{\"@type\":\"ReadAction\",\"target\":[\"https:\\\/\\\/fuentesfidedignas.com.mx\\\/index.php\\\/2022\\\/06\\\/20\\\/amlo-ve-manos-extranjeras-en-acusacion-sobre-sus-presuntos-nexos-con-el-narco\\\/\"]}]},{\"@type\":\"ImageObject\",\"inLanguage\":\"es\",\"@id\":\"https:\\\/\\\/fuentesfidedignas.com.mx\\\/index.php\\\/2022\\\/06\\\/20\\\/amlo-ve-manos-extranjeras-en-acusacion-sobre-sus-presuntos-nexos-con-el-narco\\\/#primaryimage\",\"url\":\"https:\\\/\\\/fuentesfidedignas.com.mx\\\/wp-content\\\/uploads\\\/2022\\\/04\\\/AMLO_1904.jpg\",\"contentUrl\":\"https:\\\/\\\/fuentesfidedignas.com.mx\\\/wp-content\\\/uploads\\\/2022\\\/04\\\/AMLO_1904.jpg\",\"width\":1268,\"height\":726},{\"@type\":\"BreadcrumbList\",\"@id\":\"https:\\\/\\\/fuentesfidedignas.com.mx\\\/index.php\\\/2022\\\/06\\\/20\\\/amlo-ve-manos-extranjeras-en-acusacion-sobre-sus-presuntos-nexos-con-el-narco\\\/#breadcrumb\",\"itemListElement\":[{\"@type\":\"ListItem\",\"position\":1,\"name\":\"Inicio\",\"item\":\"https:\\\/\\\/fuentesfidedignas.com.mx\\\/\"},{\"@type\":\"ListItem\",\"position\":2,\"name\":\"AMLO ve manos extranjeras en acusaci\u00f3n sobre sus presuntos nexos con el narco\"}]},{\"@type\":\"WebSite\",\"@id\":\"https:\\\/\\\/fuentesfidedignas.com.mx\\\/#website\",\"url\":\"https:\\\/\\\/fuentesfidedignas.com.mx\\\/\",\"name\":\"Fuentes Fidedignas\",\"description\":\"Otro sitio realizado con WordPress\",\"publisher\":{\"@id\":\"https:\\\/\\\/fuentesfidedignas.com.mx\\\/#organization\"},\"potentialAction\":[{\"@type\":\"SearchAction\",\"target\":{\"@type\":\"EntryPoint\",\"urlTemplate\":\"https:\\\/\\\/fuentesfidedignas.com.mx\\\/?s={search_term_string}\"},\"query-input\":{\"@type\":\"PropertyValueSpecification\",\"valueRequired\":true,\"valueName\":\"search_term_string\"}}],\"inLanguage\":\"es\"},{\"@type\":\"Organization\",\"@id\":\"https:\\\/\\\/fuentesfidedignas.com.mx\\\/#organization\",\"name\":\"Fuentes Fidedignas\",\"url\":\"https:\\\/\\\/fuentesfidedignas.com.mx\\\/\",\"logo\":{\"@type\":\"ImageObject\",\"inLanguage\":\"es\",\"@id\":\"https:\\\/\\\/fuentesfidedignas.com.mx\\\/#\\\/schema\\\/logo\\\/image\\\/\",\"url\":\"https:\\\/\\\/fuentesfidedignas.com.mx\\\/wp-content\\\/uploads\\\/2021\\\/04\\\/logo-retina.png\",\"contentUrl\":\"https:\\\/\\\/fuentesfidedignas.com.mx\\\/wp-content\\\/uploads\\\/2021\\\/04\\\/logo-retina.png\",\"width\":280,\"height\":51,\"caption\":\"Fuentes Fidedignas\"},\"image\":{\"@id\":\"https:\\\/\\\/fuentesfidedignas.com.mx\\\/#\\\/schema\\\/logo\\\/image\\\/\"},\"sameAs\":[\"https:\\\/\\\/www.facebook.com\\\/Fuentes-Fidedignas-368234489921644\",\"https:\\\/\\\/x.com\\\/fidedignas\"]},{\"@type\":\"Person\",\"@id\":\"https:\\\/\\\/fuentesfidedignas.com.mx\\\/#\\\/schema\\\/person\\\/5623d53fe2e579d825b1679734abcc44\",\"name\":\"Forbes\",\"image\":{\"@type\":\"ImageObject\",\"inLanguage\":\"es\",\"@id\":\"https:\\\/\\\/secure.gravatar.com\\\/avatar\\\/87ce3dd4e41e60c22a79c758614f01a6bc2469255fc936ec7b15efb9bb5cb66f?s=96&d=mm&r=g\",\"url\":\"https:\\\/\\\/secure.gravatar.com\\\/avatar\\\/87ce3dd4e41e60c22a79c758614f01a6bc2469255fc936ec7b15efb9bb5cb66f?s=96&d=mm&r=g\",\"contentUrl\":\"https:\\\/\\\/secure.gravatar.com\\\/avatar\\\/87ce3dd4e41e60c22a79c758614f01a6bc2469255fc936ec7b15efb9bb5cb66f?s=96&d=mm&r=g\",\"caption\":\"Forbes\"},\"url\":\"https:\\\/\\\/fuentesfidedignas.com.mx\\\/index.php\\\/author\\\/forbes\\\/\"}]}<\/script>\n<!-- \/ Yoast SEO plugin. -->","yoast_head_json":{"title":"AMLO ve manos extranjeras en acusaci\u00f3n sobre sus presuntos nexos con el narco - Fuentes Fidedignas","robots":{"index":"index","follow":"follow","max-snippet":"max-snippet:-1","max-image-preview":"max-image-preview:large","max-video-preview":"max-video-preview:-1"},"canonical":"https:\/\/fuentesfidedignas.com.mx\/index.php\/2022\/06\/20\/amlo-ve-manos-extranjeras-en-acusacion-sobre-sus-presuntos-nexos-con-el-narco\/","og_locale":"es_MX","og_type":"article","og_title":"AMLO ve manos extranjeras en acusaci\u00f3n sobre sus presuntos nexos con el narco - Fuentes Fidedignas","og_description":"L\u00f3pez Obrador alert\u00f3 que desde el extranjero se puede estar orquestando campa\u00f1a para ligarlo con el narcotr\u00e1fico. Ciudad de M\u00e9xico.- El presidente Andr\u00e9s Manuel L\u00f3pez Obrador se\u00f1al\u00f3 que desde el extranjero se puede estar orquestando la campa\u00f1a para ligarlo con las bandas del crimen organizado, sin embargo, dijo que no pueden probar los supuestos nexos. [&hellip;]","og_url":"https:\/\/fuentesfidedignas.com.mx\/index.php\/2022\/06\/20\/amlo-ve-manos-extranjeras-en-acusacion-sobre-sus-presuntos-nexos-con-el-narco\/","og_site_name":"Fuentes Fidedignas","article_publisher":"https:\/\/www.facebook.com\/Fuentes-Fidedignas-368234489921644","article_published_time":"2022-06-20T17:07:00+00:00","article_modified_time":"2022-06-20T17:07:01+00:00","og_image":[{"width":1268,"height":726,"url":"https:\/\/fuentesfidedignas.com.mx\/wp-content\/uploads\/2022\/04\/AMLO_1904.jpg","type":"image\/jpeg"}],"author":"Forbes","twitter_card":"summary_large_image","twitter_creator":"@fidedignas","twitter_site":"@fidedignas","twitter_misc":{"Escrito por":"Forbes","Tiempo de lectura":"2 minutos"},"schema":{"@context":"https:\/\/schema.org","@graph":[{"@type":"Article","@id":"https:\/\/fuentesfidedignas.com.mx\/index.php\/2022\/06\/20\/amlo-ve-manos-extranjeras-en-acusacion-sobre-sus-presuntos-nexos-con-el-narco\/#article","isPartOf":{"@id":"https:\/\/fuentesfidedignas.com.mx\/index.php\/2022\/06\/20\/amlo-ve-manos-extranjeras-en-acusacion-sobre-sus-presuntos-nexos-con-el-narco\/"},"author":{"name":"Forbes","@id":"https:\/\/fuentesfidedignas.com.mx\/#\/schema\/person\/5623d53fe2e579d825b1679734abcc44"},"headline":"AMLO ve manos extranjeras en acusaci\u00f3n sobre sus presuntos nexos con el narco","datePublished":"2022-06-20T17:07:00+00:00","dateModified":"2022-06-20T17:07:01+00:00","mainEntityOfPage":{"@id":"https:\/\/fuentesfidedignas.com.mx\/index.php\/2022\/06\/20\/amlo-ve-manos-extranjeras-en-acusacion-sobre-sus-presuntos-nexos-con-el-narco\/"},"wordCount":387,"commentCount":0,"publisher":{"@id":"https:\/\/fuentesfidedignas.com.mx\/#organization"},"image":{"@id":"https:\/\/fuentesfidedignas.com.mx\/index.php\/2022\/06\/20\/amlo-ve-manos-extranjeras-en-acusacion-sobre-sus-presuntos-nexos-con-el-narco\/#primaryimage"},"thumbnailUrl":"https:\/\/fuentesfidedignas.com.mx\/wp-content\/uploads\/2022\/04\/AMLO_1904.jpg","keywords":["AMLO","Estados Unidos","Narcotr\u00e1fico","Rub\u00e9n Rocha Moya"],"articleSection":["NOTICIAS NACIONALES"],"inLanguage":"es","potentialAction":[{"@type":"CommentAction","name":"Comment","target":["https:\/\/fuentesfidedignas.com.mx\/index.php\/2022\/06\/20\/amlo-ve-manos-extranjeras-en-acusacion-sobre-sus-presuntos-nexos-con-el-narco\/#respond"]}]},{"@type":"WebPage","@id":"https:\/\/fuentesfidedignas.com.mx\/index.php\/2022\/06\/20\/amlo-ve-manos-extranjeras-en-acusacion-sobre-sus-presuntos-nexos-con-el-narco\/","url":"https:\/\/fuentesfidedignas.com.mx\/index.php\/2022\/06\/20\/amlo-ve-manos-extranjeras-en-acusacion-sobre-sus-presuntos-nexos-con-el-narco\/","name":"AMLO ve manos extranjeras en acusaci\u00f3n sobre sus presuntos nexos con el narco - Fuentes Fidedignas","isPartOf":{"@id":"https:\/\/fuentesfidedignas.com.mx\/#website"},"primaryImageOfPage":{"@id":"https:\/\/fuentesfidedignas.com.mx\/index.php\/2022\/06\/20\/amlo-ve-manos-extranjeras-en-acusacion-sobre-sus-presuntos-nexos-con-el-narco\/#primaryimage"},"image":{"@id":"https:\/\/fuentesfidedignas.com.mx\/index.php\/2022\/06\/20\/amlo-ve-manos-extranjeras-en-acusacion-sobre-sus-presuntos-nexos-con-el-narco\/#primaryimage"},"thumbnailUrl":"https:\/\/fuentesfidedignas.com.mx\/wp-content\/uploads\/2022\/04\/AMLO_1904.jpg","datePublished":"2022-06-20T17:07:00+00:00","dateModified":"2022-06-20T17:07:01+00:00","breadcrumb":{"@id":"https:\/\/fuentesfidedignas.com.mx\/index.php\/2022\/06\/20\/amlo-ve-manos-extranjeras-en-acusacion-sobre-sus-presuntos-nexos-con-el-narco\/#breadcrumb"},"inLanguage":"es","potentialAction":[{"@type":"ReadAction","target":["https:\/\/fuentesfidedignas.com.mx\/index.php\/2022\/06\/20\/amlo-ve-manos-extranjeras-en-acusacion-sobre-sus-presuntos-nexos-con-el-narco\/"]}]},{"@type":"ImageObject","inLanguage":"es","@id":"https:\/\/fuentesfidedignas.com.mx\/index.php\/2022\/06\/20\/amlo-ve-manos-extranjeras-en-acusacion-sobre-sus-presuntos-nexos-con-el-narco\/#primaryimage","url":"https:\/\/fuentesfidedignas.com.mx\/wp-content\/uploads\/2022\/04\/AMLO_1904.jpg","contentUrl":"https:\/\/fuentesfidedignas.com.mx\/wp-content\/uploads\/2022\/04\/AMLO_1904.jpg","width":1268,"height":726},{"@type":"BreadcrumbList","@id":"https:\/\/fuentesfidedignas.com.mx\/index.php\/2022\/06\/20\/amlo-ve-manos-extranjeras-en-acusacion-sobre-sus-presuntos-nexos-con-el-narco\/#breadcrumb","itemListElement":[{"@type":"ListItem","position":1,"name":"Inicio","item":"https:\/\/fuentesfidedignas.com.mx\/"},{"@type":"ListItem","position":2,"name":"AMLO ve manos extranjeras en acusaci\u00f3n sobre sus presuntos nexos con el narco"}]},{"@type":"WebSite","@id":"https:\/\/fuentesfidedignas.com.mx\/#website","url":"https:\/\/fuentesfidedignas.com.mx\/","name":"Fuentes Fidedignas","description":"Otro sitio realizado con WordPress","publisher":{"@id":"https:\/\/fuentesfidedignas.com.mx\/#organization"},"potentialAction":[{"@type":"SearchAction","target":{"@type":"EntryPoint","urlTemplate":"https:\/\/fuentesfidedignas.com.mx\/?s={search_term_string}"},"query-input":{"@type":"PropertyValueSpecification","valueRequired":true,"valueName":"search_term_string"}}],"inLanguage":"es"},{"@type":"Organization","@id":"https:\/\/fuentesfidedignas.com.mx\/#organization","name":"Fuentes Fidedignas","url":"https:\/\/fuentesfidedignas.com.mx\/","logo":{"@type":"ImageObject","inLanguage":"es","@id":"https:\/\/fuentesfidedignas.com.mx\/#\/schema\/logo\/image\/","url":"https:\/\/fuentesfidedignas.com.mx\/wp-content\/uploads\/2021\/04\/logo-retina.png","contentUrl":"https:\/\/fuentesfidedignas.com.mx\/wp-content\/uploads\/2021\/04\/logo-retina.png","width":280,"height":51,"caption":"Fuentes Fidedignas"},"image":{"@id":"https:\/\/fuentesfidedignas.com.mx\/#\/schema\/logo\/image\/"},"sameAs":["https:\/\/www.facebook.com\/Fuentes-Fidedignas-368234489921644","https:\/\/x.com\/fidedignas"]},{"@type":"Person","@id":"https:\/\/fuentesfidedignas.com.mx\/#\/schema\/person\/5623d53fe2e579d825b1679734abcc44","name":"Forbes","image":{"@type":"ImageObject","inLanguage":"es","@id":"https:\/\/secure.gravatar.com\/avatar\/87ce3dd4e41e60c22a79c758614f01a6bc2469255fc936ec7b15efb9bb5cb66f?s=96&d=mm&r=g","url":"https:\/\/secure.gravatar.com\/avatar\/87ce3dd4e41e60c22a79c758614f01a6bc2469255fc936ec7b15efb9bb5cb66f?s=96&d=mm&r=g","contentUrl":"https:\/\/secure.gravatar.com\/avatar\/87ce3dd4e41e60c22a79c758614f01a6bc2469255fc936ec7b15efb9bb5cb66f?s=96&d=mm&r=g","caption":"Forbes"},"url":"https:\/\/fuentesfidedignas.com.mx\/index.php\/author\/forbes\/"}]}},"_links":{"self":[{"href":"https:\/\/fuentesfidedignas.com.mx\/index.php\/wp-json\/wp\/v2\/posts\/34908","targetHints":{"allow":["GET"]}}],"collection":[{"href":"https:\/\/fuentesfidedignas.com.mx\/index.php\/wp-json\/wp\/v2\/posts"}],"about":[{"href":"https:\/\/fuentesfidedignas.com.mx\/index.php\/wp-json\/wp\/v2\/types\/post"}],"author":[{"embeddable":true,"href":"https:\/\/fuentesfidedignas.com.mx\/index.php\/wp-json\/wp\/v2\/users\/5"}],"replies":[{"embeddable":true,"href":"https:\/\/fuentesfidedignas.com.mx\/index.php\/wp-json\/wp\/v2\/comments?post=34908"}],"version-history":[{"count":1,"href":"https:\/\/fuentesfidedignas.com.mx\/index.php\/wp-json\/wp\/v2\/posts\/34908\/revisions"}],"predecessor-version":[{"id":34909,"href":"https:\/\/fuentesfidedignas.com.mx\/index.php\/wp-json\/wp\/v2\/posts\/34908\/revisions\/34909"}],"wp:featuredmedia":[{"embeddable":true,"href":"https:\/\/fuentesfidedignas.com.mx\/index.php\/wp-json\/wp\/v2\/media\/28619"}],"wp:attachment":[{"href":"https:\/\/fuentesfidedignas.com.mx\/index.php\/wp-json\/wp\/v2\/media?parent=34908"}],"wp:term":[{"taxonomy":"category","embeddable":true,"href":"https:\/\/fuentesfidedignas.com.mx\/index.php\/wp-json\/wp\/v2\/categories?post=34908"},{"taxonomy":"post_tag","embeddable":true,"href":"https:\/\/fuentesfidedignas.com.mx\/index.php\/wp-json\/wp\/v2\/tags?post=34908"}],"curies":[{"name":"wp","href":"https:\/\/api.w.org\/{rel}","templated":true}]}}