{"id":34892,"date":"2022-06-20T07:43:45","date_gmt":"2022-06-20T13:43:45","guid":{"rendered":"https:\/\/fuentesfidedignas.com.mx\/?p=34892"},"modified":"2022-06-20T07:44:25","modified_gmt":"2022-06-20T13:44:25","slug":"homicidios-dolosos-en-gobierno-de-amlo-ya-rebasan-a-los-registrados-con-calderon","status":"publish","type":"post","link":"https:\/\/fuentesfidedignas.com.mx\/index.php\/2022\/06\/20\/homicidios-dolosos-en-gobierno-de-amlo-ya-rebasan-a-los-registrados-con-calderon\/","title":{"rendered":"Homicidios dolosos en gobierno de AMLO ya rebasan a los registrados con Calder\u00f3n"},"content":{"rendered":"\n<p><strong><em>La secretaria de Seguridad y Protecci\u00f3n Ciudadana reiter\u00f3 que seis estados siguen concentrando 48% de los asesinatos: Guanajuato, Michoac\u00e1n, Estado de M\u00e9xico, Baja California, Jalisco y Sonora<\/em><\/strong><\/p>\n\n\n\n<p>Ciudad de M\u00e9xico.- Con las 2 mil 910 v\u00edctimas de homicidio y feminicidio registradas en mayo, que se convirti\u00f3 en el mes m\u00e1s violento del a\u00f1o, la administraci\u00f3n del presidente Andr\u00e9s Manuel L\u00f3pez Obrador sum\u00f3 en las cifras del Secretariado Ejecutivo del Sistema Nacional de Seguridad P\u00fablica 121 mil 642 asesinatos en tres a\u00f1os y medio, superando as\u00ed los 120 mil 463 acumulados en el sexenio de Felipe Calder\u00f3n Hinojosa.<\/p>\n\n\n\n<p>Al presentar este lunes el informe de incidencia delictiva correspondiente al mes pasado, la secretaria de Seguridad y Protecci\u00f3n Ciudadana (SSPC) report\u00f3 2 mil 833 v\u00edctimas de homicidio doloso y 77 de feminicidio en el pa\u00eds, con lo que mayo se convirti\u00f3 en el mes m\u00e1s violento desde mayo de 2021.<\/p>\n\n\n\n<p>\u201cEn relaci\u00f3n a los homicidios dolosos, aument\u00f3 entre abril y mayo, sin embargo, este mayo de 2022 es el m\u00e1s bajo desde hace cinco a\u00f1os\u201d.<\/p>\n\n\n\n<p>Ante el presidente Andr\u00e9s Manuel L\u00f3pez Obrador y el gabinete de seguridad, Rodr\u00edguez Vel\u00e1zquez asegur\u00f3 que este delito de alto impacto mantiene una tendencia a la baja con una disminuci\u00f3n de 7.8 por ciento, en comparaci\u00f3n con el m\u00e1ximo hist\u00f3rico de 2018.<\/p>\n\n\n\n<p>La funcionaria presumi\u00f3 que, de enero a mayo, ha habido un promedio diario de 84 v\u00edctimas de homicidio doloso en el pa\u00eds, menor a los registrados en los mismos periodos de 2019, 2020 y 2021.<\/p>\n\n\n\n<p>Reiter\u00f3 que seis estados siguen concentrando 48% de los asesinatos: Guanajuato, Michoac\u00e1n, Estado de M\u00e9xico, Baja California, Jalisco y Sonora.<\/p>\n\n\n\n<p>Respecto a los 50 municipios m\u00e1s violentos, la titular de la SSPC report\u00f3 que entre enero y mayo hubo una baja en conjunto de 16.3 por ciento en comparaci\u00f3n con el mismo periodo del a\u00f1o pasado.<\/p>\n\n\n\n<p>Precis\u00f3 que 16, entre ellos Celaya, Zamora, Canc\u00fan, Tlajomulco y Ecatepec, registraron un aumento en homicidios de 20.7 por ciento en promedio, mientras que en 33 hubo una disminuci\u00f3n de 28 por ciento.<\/p>\n\n\n\n<p>\u201cHoy se trabaja con estrategia, con inteligencia y con acciones concretas para dar tiros de precisi\u00f3n a las estructuras criminales. Estamos en el camino correcto en el que se considera cero impunidad\u201d, indic\u00f3.<\/p>\n\n\n\n<p>Suscr\u00edbete aqu\u00ed para recibir directo en tu correo nuestras newsletters sobre noticias del d\u00eda, opini\u00f3n, opciones para el fin de semana, Qatar 2022 y muchas opciones m\u00e1s.<\/p>\n","protected":false},"excerpt":{"rendered":"<p>La secretaria de Seguridad y Protecci\u00f3n Ciudadana reiter\u00f3 que seis estados siguen concentrando 48% de los asesinatos: Guanajuato, Michoac\u00e1n, Estado de M\u00e9xico, Baja California, Jalisco y Sonora Ciudad de M\u00e9xico.- Con las 2 mil 910 v\u00edctimas de homicidio y feminicidio registradas en mayo, que se convirti\u00f3 en el mes m\u00e1s violento del a\u00f1o, la administraci\u00f3n [&hellip;]<\/p>\n","protected":false},"author":39,"featured_media":28557,"comment_status":"open","ping_status":"open","sticky":false,"template":"","format":"standard","meta":{"tdm_status":"","tdm_grid_status":"","footnotes":""},"categories":[39],"tags":[247,297,304,2847,115],"class_list":{"0":"post-34892","1":"post","2":"type-post","3":"status-publish","4":"format-standard","5":"has-post-thumbnail","7":"category-noticias-nacionales","8":"tag-amlo","9":"tag-andres-manuel-lopez-obrador","10":"tag-felipe-calderon","11":"tag-homicidios-dolosos","12":"tag-violencia"},"yoast_head":"<!-- This site is optimized with the Yoast SEO plugin v27.4 - https:\/\/yoast.com\/product\/yoast-seo-wordpress\/ -->\n<title>Homicidios dolosos en gobierno de AMLO ya rebasan a los registrados con Calder\u00f3n - Fuentes Fidedignas<\/title>\n<meta name=\"robots\" content=\"index, follow, max-snippet:-1, max-image-preview:large, max-video-preview:-1\" \/>\n<link rel=\"canonical\" href=\"https:\/\/fuentesfidedignas.com.mx\/index.php\/2022\/06\/20\/homicidios-dolosos-en-gobierno-de-amlo-ya-rebasan-a-los-registrados-con-calderon\/\" \/>\n<meta property=\"og:locale\" content=\"es_MX\" \/>\n<meta property=\"og:type\" content=\"article\" \/>\n<meta property=\"og:title\" content=\"Homicidios dolosos en gobierno de AMLO ya rebasan a los registrados con Calder\u00f3n - Fuentes Fidedignas\" \/>\n<meta property=\"og:description\" content=\"La secretaria de Seguridad y Protecci\u00f3n Ciudadana reiter\u00f3 que seis estados siguen concentrando 48% de los asesinatos: Guanajuato, Michoac\u00e1n, Estado de M\u00e9xico, Baja California, Jalisco y Sonora Ciudad de M\u00e9xico.- Con las 2 mil 910 v\u00edctimas de homicidio y feminicidio registradas en mayo, que se convirti\u00f3 en el mes m\u00e1s violento del a\u00f1o, la administraci\u00f3n [&hellip;]\" \/>\n<meta property=\"og:url\" content=\"https:\/\/fuentesfidedignas.com.mx\/index.php\/2022\/06\/20\/homicidios-dolosos-en-gobierno-de-amlo-ya-rebasan-a-los-registrados-con-calderon\/\" \/>\n<meta property=\"og:site_name\" content=\"Fuentes Fidedignas\" \/>\n<meta property=\"article:publisher\" content=\"https:\/\/www.facebook.com\/Fuentes-Fidedignas-368234489921644\" \/>\n<meta property=\"article:published_time\" content=\"2022-06-20T13:43:45+00:00\" \/>\n<meta property=\"article:modified_time\" content=\"2022-06-20T13:44:25+00:00\" \/>\n<meta property=\"og:image\" content=\"https:\/\/fuentesfidedignas.com.mx\/wp-content\/uploads\/2022\/04\/MUERTES.jpg\" \/>\n\t<meta property=\"og:image:width\" content=\"800\" \/>\n\t<meta property=\"og:image:height\" content=\"600\" \/>\n\t<meta property=\"og:image:type\" content=\"image\/jpeg\" \/>\n<meta name=\"author\" content=\"El Universal\" \/>\n<meta name=\"twitter:card\" content=\"summary_large_image\" \/>\n<meta name=\"twitter:creator\" content=\"@fidedignas\" \/>\n<meta name=\"twitter:site\" content=\"@fidedignas\" \/>\n<meta name=\"twitter:label1\" content=\"Escrito por\" \/>\n\t<meta name=\"twitter:data1\" content=\"El Universal\" \/>\n\t<meta name=\"twitter:label2\" content=\"Tiempo de lectura\" \/>\n\t<meta name=\"twitter:data2\" content=\"2 minutos\" \/>\n<script type=\"application\/ld+json\" class=\"yoast-schema-graph\">{\"@context\":\"https:\\\/\\\/schema.org\",\"@graph\":[{\"@type\":\"Article\",\"@id\":\"https:\\\/\\\/fuentesfidedignas.com.mx\\\/index.php\\\/2022\\\/06\\\/20\\\/homicidios-dolosos-en-gobierno-de-amlo-ya-rebasan-a-los-registrados-con-calderon\\\/#article\",\"isPartOf\":{\"@id\":\"https:\\\/\\\/fuentesfidedignas.com.mx\\\/index.php\\\/2022\\\/06\\\/20\\\/homicidios-dolosos-en-gobierno-de-amlo-ya-rebasan-a-los-registrados-con-calderon\\\/\"},\"author\":{\"name\":\"El Universal\",\"@id\":\"https:\\\/\\\/fuentesfidedignas.com.mx\\\/#\\\/schema\\\/person\\\/fee3882e65fd0510d292c43a346d35d7\"},\"headline\":\"Homicidios dolosos en gobierno de AMLO ya rebasan a los registrados con Calder\u00f3n\",\"datePublished\":\"2022-06-20T13:43:45+00:00\",\"dateModified\":\"2022-06-20T13:44:25+00:00\",\"mainEntityOfPage\":{\"@id\":\"https:\\\/\\\/fuentesfidedignas.com.mx\\\/index.php\\\/2022\\\/06\\\/20\\\/homicidios-dolosos-en-gobierno-de-amlo-ya-rebasan-a-los-registrados-con-calderon\\\/\"},\"wordCount\":430,\"commentCount\":0,\"publisher\":{\"@id\":\"https:\\\/\\\/fuentesfidedignas.com.mx\\\/#organization\"},\"image\":{\"@id\":\"https:\\\/\\\/fuentesfidedignas.com.mx\\\/index.php\\\/2022\\\/06\\\/20\\\/homicidios-dolosos-en-gobierno-de-amlo-ya-rebasan-a-los-registrados-con-calderon\\\/#primaryimage\"},\"thumbnailUrl\":\"https:\\\/\\\/fuentesfidedignas.com.mx\\\/wp-content\\\/uploads\\\/2022\\\/04\\\/MUERTES.jpg\",\"keywords\":[\"AMLO\",\"Andr\u00e9s Manuel L\u00f3pez Obrador\",\"Felipe Calder\u00f3n\",\"Homicidios dolosos\",\"violencia\"],\"articleSection\":[\"NOTICIAS NACIONALES\"],\"inLanguage\":\"es\",\"potentialAction\":[{\"@type\":\"CommentAction\",\"name\":\"Comment\",\"target\":[\"https:\\\/\\\/fuentesfidedignas.com.mx\\\/index.php\\\/2022\\\/06\\\/20\\\/homicidios-dolosos-en-gobierno-de-amlo-ya-rebasan-a-los-registrados-con-calderon\\\/#respond\"]}]},{\"@type\":\"WebPage\",\"@id\":\"https:\\\/\\\/fuentesfidedignas.com.mx\\\/index.php\\\/2022\\\/06\\\/20\\\/homicidios-dolosos-en-gobierno-de-amlo-ya-rebasan-a-los-registrados-con-calderon\\\/\",\"url\":\"https:\\\/\\\/fuentesfidedignas.com.mx\\\/index.php\\\/2022\\\/06\\\/20\\\/homicidios-dolosos-en-gobierno-de-amlo-ya-rebasan-a-los-registrados-con-calderon\\\/\",\"name\":\"Homicidios dolosos en gobierno de AMLO ya rebasan a los registrados con Calder\u00f3n - Fuentes Fidedignas\",\"isPartOf\":{\"@id\":\"https:\\\/\\\/fuentesfidedignas.com.mx\\\/#website\"},\"primaryImageOfPage\":{\"@id\":\"https:\\\/\\\/fuentesfidedignas.com.mx\\\/index.php\\\/2022\\\/06\\\/20\\\/homicidios-dolosos-en-gobierno-de-amlo-ya-rebasan-a-los-registrados-con-calderon\\\/#primaryimage\"},\"image\":{\"@id\":\"https:\\\/\\\/fuentesfidedignas.com.mx\\\/index.php\\\/2022\\\/06\\\/20\\\/homicidios-dolosos-en-gobierno-de-amlo-ya-rebasan-a-los-registrados-con-calderon\\\/#primaryimage\"},\"thumbnailUrl\":\"https:\\\/\\\/fuentesfidedignas.com.mx\\\/wp-content\\\/uploads\\\/2022\\\/04\\\/MUERTES.jpg\",\"datePublished\":\"2022-06-20T13:43:45+00:00\",\"dateModified\":\"2022-06-20T13:44:25+00:00\",\"breadcrumb\":{\"@id\":\"https:\\\/\\\/fuentesfidedignas.com.mx\\\/index.php\\\/2022\\\/06\\\/20\\\/homicidios-dolosos-en-gobierno-de-amlo-ya-rebasan-a-los-registrados-con-calderon\\\/#breadcrumb\"},\"inLanguage\":\"es\",\"potentialAction\":[{\"@type\":\"ReadAction\",\"target\":[\"https:\\\/\\\/fuentesfidedignas.com.mx\\\/index.php\\\/2022\\\/06\\\/20\\\/homicidios-dolosos-en-gobierno-de-amlo-ya-rebasan-a-los-registrados-con-calderon\\\/\"]}]},{\"@type\":\"ImageObject\",\"inLanguage\":\"es\",\"@id\":\"https:\\\/\\\/fuentesfidedignas.com.mx\\\/index.php\\\/2022\\\/06\\\/20\\\/homicidios-dolosos-en-gobierno-de-amlo-ya-rebasan-a-los-registrados-con-calderon\\\/#primaryimage\",\"url\":\"https:\\\/\\\/fuentesfidedignas.com.mx\\\/wp-content\\\/uploads\\\/2022\\\/04\\\/MUERTES.jpg\",\"contentUrl\":\"https:\\\/\\\/fuentesfidedignas.com.mx\\\/wp-content\\\/uploads\\\/2022\\\/04\\\/MUERTES.jpg\",\"width\":800,\"height\":600},{\"@type\":\"BreadcrumbList\",\"@id\":\"https:\\\/\\\/fuentesfidedignas.com.mx\\\/index.php\\\/2022\\\/06\\\/20\\\/homicidios-dolosos-en-gobierno-de-amlo-ya-rebasan-a-los-registrados-con-calderon\\\/#breadcrumb\",\"itemListElement\":[{\"@type\":\"ListItem\",\"position\":1,\"name\":\"Inicio\",\"item\":\"https:\\\/\\\/fuentesfidedignas.com.mx\\\/\"},{\"@type\":\"ListItem\",\"position\":2,\"name\":\"Homicidios dolosos en gobierno de AMLO ya rebasan a los registrados con Calder\u00f3n\"}]},{\"@type\":\"WebSite\",\"@id\":\"https:\\\/\\\/fuentesfidedignas.com.mx\\\/#website\",\"url\":\"https:\\\/\\\/fuentesfidedignas.com.mx\\\/\",\"name\":\"Fuentes Fidedignas\",\"description\":\"Otro sitio realizado con WordPress\",\"publisher\":{\"@id\":\"https:\\\/\\\/fuentesfidedignas.com.mx\\\/#organization\"},\"potentialAction\":[{\"@type\":\"SearchAction\",\"target\":{\"@type\":\"EntryPoint\",\"urlTemplate\":\"https:\\\/\\\/fuentesfidedignas.com.mx\\\/?s={search_term_string}\"},\"query-input\":{\"@type\":\"PropertyValueSpecification\",\"valueRequired\":true,\"valueName\":\"search_term_string\"}}],\"inLanguage\":\"es\"},{\"@type\":\"Organization\",\"@id\":\"https:\\\/\\\/fuentesfidedignas.com.mx\\\/#organization\",\"name\":\"Fuentes Fidedignas\",\"url\":\"https:\\\/\\\/fuentesfidedignas.com.mx\\\/\",\"logo\":{\"@type\":\"ImageObject\",\"inLanguage\":\"es\",\"@id\":\"https:\\\/\\\/fuentesfidedignas.com.mx\\\/#\\\/schema\\\/logo\\\/image\\\/\",\"url\":\"https:\\\/\\\/fuentesfidedignas.com.mx\\\/wp-content\\\/uploads\\\/2021\\\/04\\\/logo-retina.png\",\"contentUrl\":\"https:\\\/\\\/fuentesfidedignas.com.mx\\\/wp-content\\\/uploads\\\/2021\\\/04\\\/logo-retina.png\",\"width\":280,\"height\":51,\"caption\":\"Fuentes Fidedignas\"},\"image\":{\"@id\":\"https:\\\/\\\/fuentesfidedignas.com.mx\\\/#\\\/schema\\\/logo\\\/image\\\/\"},\"sameAs\":[\"https:\\\/\\\/www.facebook.com\\\/Fuentes-Fidedignas-368234489921644\",\"https:\\\/\\\/x.com\\\/fidedignas\"]},{\"@type\":\"Person\",\"@id\":\"https:\\\/\\\/fuentesfidedignas.com.mx\\\/#\\\/schema\\\/person\\\/fee3882e65fd0510d292c43a346d35d7\",\"name\":\"El Universal\",\"image\":{\"@type\":\"ImageObject\",\"inLanguage\":\"es\",\"@id\":\"https:\\\/\\\/secure.gravatar.com\\\/avatar\\\/1ebc94d82b6c3c081781f73e5b76a0d0c1ac7bf8e57426f18802246eeaa2747c?s=96&d=mm&r=g\",\"url\":\"https:\\\/\\\/secure.gravatar.com\\\/avatar\\\/1ebc94d82b6c3c081781f73e5b76a0d0c1ac7bf8e57426f18802246eeaa2747c?s=96&d=mm&r=g\",\"contentUrl\":\"https:\\\/\\\/secure.gravatar.com\\\/avatar\\\/1ebc94d82b6c3c081781f73e5b76a0d0c1ac7bf8e57426f18802246eeaa2747c?s=96&d=mm&r=g\",\"caption\":\"El Universal\"},\"url\":\"https:\\\/\\\/fuentesfidedignas.com.mx\\\/index.php\\\/author\\\/el-universal\\\/\"}]}<\/script>\n<!-- \/ Yoast SEO plugin. -->","yoast_head_json":{"title":"Homicidios dolosos en gobierno de AMLO ya rebasan a los registrados con Calder\u00f3n - Fuentes Fidedignas","robots":{"index":"index","follow":"follow","max-snippet":"max-snippet:-1","max-image-preview":"max-image-preview:large","max-video-preview":"max-video-preview:-1"},"canonical":"https:\/\/fuentesfidedignas.com.mx\/index.php\/2022\/06\/20\/homicidios-dolosos-en-gobierno-de-amlo-ya-rebasan-a-los-registrados-con-calderon\/","og_locale":"es_MX","og_type":"article","og_title":"Homicidios dolosos en gobierno de AMLO ya rebasan a los registrados con Calder\u00f3n - Fuentes Fidedignas","og_description":"La secretaria de Seguridad y Protecci\u00f3n Ciudadana reiter\u00f3 que seis estados siguen concentrando 48% de los asesinatos: Guanajuato, Michoac\u00e1n, Estado de M\u00e9xico, Baja California, Jalisco y Sonora Ciudad de M\u00e9xico.- Con las 2 mil 910 v\u00edctimas de homicidio y feminicidio registradas en mayo, que se convirti\u00f3 en el mes m\u00e1s violento del a\u00f1o, la administraci\u00f3n [&hellip;]","og_url":"https:\/\/fuentesfidedignas.com.mx\/index.php\/2022\/06\/20\/homicidios-dolosos-en-gobierno-de-amlo-ya-rebasan-a-los-registrados-con-calderon\/","og_site_name":"Fuentes Fidedignas","article_publisher":"https:\/\/www.facebook.com\/Fuentes-Fidedignas-368234489921644","article_published_time":"2022-06-20T13:43:45+00:00","article_modified_time":"2022-06-20T13:44:25+00:00","og_image":[{"width":800,"height":600,"url":"https:\/\/fuentesfidedignas.com.mx\/wp-content\/uploads\/2022\/04\/MUERTES.jpg","type":"image\/jpeg"}],"author":"El Universal","twitter_card":"summary_large_image","twitter_creator":"@fidedignas","twitter_site":"@fidedignas","twitter_misc":{"Escrito por":"El Universal","Tiempo de lectura":"2 minutos"},"schema":{"@context":"https:\/\/schema.org","@graph":[{"@type":"Article","@id":"https:\/\/fuentesfidedignas.com.mx\/index.php\/2022\/06\/20\/homicidios-dolosos-en-gobierno-de-amlo-ya-rebasan-a-los-registrados-con-calderon\/#article","isPartOf":{"@id":"https:\/\/fuentesfidedignas.com.mx\/index.php\/2022\/06\/20\/homicidios-dolosos-en-gobierno-de-amlo-ya-rebasan-a-los-registrados-con-calderon\/"},"author":{"name":"El Universal","@id":"https:\/\/fuentesfidedignas.com.mx\/#\/schema\/person\/fee3882e65fd0510d292c43a346d35d7"},"headline":"Homicidios dolosos en gobierno de AMLO ya rebasan a los registrados con Calder\u00f3n","datePublished":"2022-06-20T13:43:45+00:00","dateModified":"2022-06-20T13:44:25+00:00","mainEntityOfPage":{"@id":"https:\/\/fuentesfidedignas.com.mx\/index.php\/2022\/06\/20\/homicidios-dolosos-en-gobierno-de-amlo-ya-rebasan-a-los-registrados-con-calderon\/"},"wordCount":430,"commentCount":0,"publisher":{"@id":"https:\/\/fuentesfidedignas.com.mx\/#organization"},"image":{"@id":"https:\/\/fuentesfidedignas.com.mx\/index.php\/2022\/06\/20\/homicidios-dolosos-en-gobierno-de-amlo-ya-rebasan-a-los-registrados-con-calderon\/#primaryimage"},"thumbnailUrl":"https:\/\/fuentesfidedignas.com.mx\/wp-content\/uploads\/2022\/04\/MUERTES.jpg","keywords":["AMLO","Andr\u00e9s Manuel L\u00f3pez Obrador","Felipe Calder\u00f3n","Homicidios dolosos","violencia"],"articleSection":["NOTICIAS NACIONALES"],"inLanguage":"es","potentialAction":[{"@type":"CommentAction","name":"Comment","target":["https:\/\/fuentesfidedignas.com.mx\/index.php\/2022\/06\/20\/homicidios-dolosos-en-gobierno-de-amlo-ya-rebasan-a-los-registrados-con-calderon\/#respond"]}]},{"@type":"WebPage","@id":"https:\/\/fuentesfidedignas.com.mx\/index.php\/2022\/06\/20\/homicidios-dolosos-en-gobierno-de-amlo-ya-rebasan-a-los-registrados-con-calderon\/","url":"https:\/\/fuentesfidedignas.com.mx\/index.php\/2022\/06\/20\/homicidios-dolosos-en-gobierno-de-amlo-ya-rebasan-a-los-registrados-con-calderon\/","name":"Homicidios dolosos en gobierno de AMLO ya rebasan a los registrados con Calder\u00f3n - Fuentes Fidedignas","isPartOf":{"@id":"https:\/\/fuentesfidedignas.com.mx\/#website"},"primaryImageOfPage":{"@id":"https:\/\/fuentesfidedignas.com.mx\/index.php\/2022\/06\/20\/homicidios-dolosos-en-gobierno-de-amlo-ya-rebasan-a-los-registrados-con-calderon\/#primaryimage"},"image":{"@id":"https:\/\/fuentesfidedignas.com.mx\/index.php\/2022\/06\/20\/homicidios-dolosos-en-gobierno-de-amlo-ya-rebasan-a-los-registrados-con-calderon\/#primaryimage"},"thumbnailUrl":"https:\/\/fuentesfidedignas.com.mx\/wp-content\/uploads\/2022\/04\/MUERTES.jpg","datePublished":"2022-06-20T13:43:45+00:00","dateModified":"2022-06-20T13:44:25+00:00","breadcrumb":{"@id":"https:\/\/fuentesfidedignas.com.mx\/index.php\/2022\/06\/20\/homicidios-dolosos-en-gobierno-de-amlo-ya-rebasan-a-los-registrados-con-calderon\/#breadcrumb"},"inLanguage":"es","potentialAction":[{"@type":"ReadAction","target":["https:\/\/fuentesfidedignas.com.mx\/index.php\/2022\/06\/20\/homicidios-dolosos-en-gobierno-de-amlo-ya-rebasan-a-los-registrados-con-calderon\/"]}]},{"@type":"ImageObject","inLanguage":"es","@id":"https:\/\/fuentesfidedignas.com.mx\/index.php\/2022\/06\/20\/homicidios-dolosos-en-gobierno-de-amlo-ya-rebasan-a-los-registrados-con-calderon\/#primaryimage","url":"https:\/\/fuentesfidedignas.com.mx\/wp-content\/uploads\/2022\/04\/MUERTES.jpg","contentUrl":"https:\/\/fuentesfidedignas.com.mx\/wp-content\/uploads\/2022\/04\/MUERTES.jpg","width":800,"height":600},{"@type":"BreadcrumbList","@id":"https:\/\/fuentesfidedignas.com.mx\/index.php\/2022\/06\/20\/homicidios-dolosos-en-gobierno-de-amlo-ya-rebasan-a-los-registrados-con-calderon\/#breadcrumb","itemListElement":[{"@type":"ListItem","position":1,"name":"Inicio","item":"https:\/\/fuentesfidedignas.com.mx\/"},{"@type":"ListItem","position":2,"name":"Homicidios dolosos en gobierno de AMLO ya rebasan a los registrados con Calder\u00f3n"}]},{"@type":"WebSite","@id":"https:\/\/fuentesfidedignas.com.mx\/#website","url":"https:\/\/fuentesfidedignas.com.mx\/","name":"Fuentes Fidedignas","description":"Otro sitio realizado con WordPress","publisher":{"@id":"https:\/\/fuentesfidedignas.com.mx\/#organization"},"potentialAction":[{"@type":"SearchAction","target":{"@type":"EntryPoint","urlTemplate":"https:\/\/fuentesfidedignas.com.mx\/?s={search_term_string}"},"query-input":{"@type":"PropertyValueSpecification","valueRequired":true,"valueName":"search_term_string"}}],"inLanguage":"es"},{"@type":"Organization","@id":"https:\/\/fuentesfidedignas.com.mx\/#organization","name":"Fuentes Fidedignas","url":"https:\/\/fuentesfidedignas.com.mx\/","logo":{"@type":"ImageObject","inLanguage":"es","@id":"https:\/\/fuentesfidedignas.com.mx\/#\/schema\/logo\/image\/","url":"https:\/\/fuentesfidedignas.com.mx\/wp-content\/uploads\/2021\/04\/logo-retina.png","contentUrl":"https:\/\/fuentesfidedignas.com.mx\/wp-content\/uploads\/2021\/04\/logo-retina.png","width":280,"height":51,"caption":"Fuentes Fidedignas"},"image":{"@id":"https:\/\/fuentesfidedignas.com.mx\/#\/schema\/logo\/image\/"},"sameAs":["https:\/\/www.facebook.com\/Fuentes-Fidedignas-368234489921644","https:\/\/x.com\/fidedignas"]},{"@type":"Person","@id":"https:\/\/fuentesfidedignas.com.mx\/#\/schema\/person\/fee3882e65fd0510d292c43a346d35d7","name":"El Universal","image":{"@type":"ImageObject","inLanguage":"es","@id":"https:\/\/secure.gravatar.com\/avatar\/1ebc94d82b6c3c081781f73e5b76a0d0c1ac7bf8e57426f18802246eeaa2747c?s=96&d=mm&r=g","url":"https:\/\/secure.gravatar.com\/avatar\/1ebc94d82b6c3c081781f73e5b76a0d0c1ac7bf8e57426f18802246eeaa2747c?s=96&d=mm&r=g","contentUrl":"https:\/\/secure.gravatar.com\/avatar\/1ebc94d82b6c3c081781f73e5b76a0d0c1ac7bf8e57426f18802246eeaa2747c?s=96&d=mm&r=g","caption":"El Universal"},"url":"https:\/\/fuentesfidedignas.com.mx\/index.php\/author\/el-universal\/"}]}},"_links":{"self":[{"href":"https:\/\/fuentesfidedignas.com.mx\/index.php\/wp-json\/wp\/v2\/posts\/34892","targetHints":{"allow":["GET"]}}],"collection":[{"href":"https:\/\/fuentesfidedignas.com.mx\/index.php\/wp-json\/wp\/v2\/posts"}],"about":[{"href":"https:\/\/fuentesfidedignas.com.mx\/index.php\/wp-json\/wp\/v2\/types\/post"}],"author":[{"embeddable":true,"href":"https:\/\/fuentesfidedignas.com.mx\/index.php\/wp-json\/wp\/v2\/users\/39"}],"replies":[{"embeddable":true,"href":"https:\/\/fuentesfidedignas.com.mx\/index.php\/wp-json\/wp\/v2\/comments?post=34892"}],"version-history":[{"count":2,"href":"https:\/\/fuentesfidedignas.com.mx\/index.php\/wp-json\/wp\/v2\/posts\/34892\/revisions"}],"predecessor-version":[{"id":34894,"href":"https:\/\/fuentesfidedignas.com.mx\/index.php\/wp-json\/wp\/v2\/posts\/34892\/revisions\/34894"}],"wp:featuredmedia":[{"embeddable":true,"href":"https:\/\/fuentesfidedignas.com.mx\/index.php\/wp-json\/wp\/v2\/media\/28557"}],"wp:attachment":[{"href":"https:\/\/fuentesfidedignas.com.mx\/index.php\/wp-json\/wp\/v2\/media?parent=34892"}],"wp:term":[{"taxonomy":"category","embeddable":true,"href":"https:\/\/fuentesfidedignas.com.mx\/index.php\/wp-json\/wp\/v2\/categories?post=34892"},{"taxonomy":"post_tag","embeddable":true,"href":"https:\/\/fuentesfidedignas.com.mx\/index.php\/wp-json\/wp\/v2\/tags?post=34892"}],"curies":[{"name":"wp","href":"https:\/\/api.w.org\/{rel}","templated":true}]}}