{"id":34860,"date":"2022-06-19T13:27:16","date_gmt":"2022-06-19T19:27:16","guid":{"rendered":"https:\/\/fuentesfidedignas.com.mx\/?p=34860"},"modified":"2022-06-19T13:27:32","modified_gmt":"2022-06-19T19:27:32","slug":"dia-del-padre-la-ausencia-de-la-paternidad-afectaria-al-40-de-los-hogares-del-pais","status":"publish","type":"post","link":"https:\/\/fuentesfidedignas.com.mx\/index.php\/2022\/06\/19\/dia-del-padre-la-ausencia-de-la-paternidad-afectaria-al-40-de-los-hogares-del-pais\/","title":{"rendered":"D\u00eda del Padre: la ausencia de la paternidad afectar\u00eda al 40% de los hogares del pa\u00eds"},"content":{"rendered":"\n<p><strong><em>Poco a poco el padre mexicano ha dejado atr\u00e1s la paternidad tradicional, concebida como un ejercicio de autoridad y provisi\u00f3n en el hogar, para involucrarse en la crianza de los infantes<\/em><\/strong><\/p>\n\n\n\n<p>Ciudad de M\u00e9xico. La idea de celebrar el\u00a0<strong>D\u00eda del Padre<\/strong>\u00a0surgi\u00f3 en 1910, cuando Smart Dood, una mujer estadounidense, destac\u00f3 el papel que juegan los hombres en la sociedad, especialmente aquellos que, como progenitor,\u00a0<strong>cumpl\u00edan el rol del padre y madre en la educaci\u00f3n de sus hijos<\/strong>.<\/p>\n\n\n\n<p>Fue hasta 1950 cu\u00e1ndo la celebraci\u00f3n comenz\u00f3 a generalizarse en los centros escolares de M\u00e9xico, aunque en los a\u00f1os posteriores, en 1972,\u00a0<strong>se convirti\u00f3 en una fiesta de consumo<\/strong>\u00a0patrocinada por las grandes cadenas comerciales, as\u00ed como se estableci\u00f3 que cada tercer domingo del mes de junio se celebrar\u00eda en el pa\u00eds.<\/p>\n\n\n\n<p>Sin embargo, hablar de la paternidad en M\u00e9xico es se\u00f1alar las distintas caracter\u00edsticas que existen en los hombres con hijos e hijas, pues poco a poco&nbsp;<strong>el padre mexicano ha dejado atr\u00e1s la paternidad tradicional<\/strong>, concebida como un ejercicio de autoridad y provisi\u00f3n en el hogar,&nbsp;<strong>para involucrarse en la crianza de los infantes<\/strong>.<\/p>\n\n\n\n<h2 class=\"wp-block-heading\">El modelo paterno en M\u00e9xico: entre los estereotipos y los roles de g\u00e9nero<\/h2>\n\n\n\n<p><img decoding=\"async\" alt=\"El ser \u201cbuen padre\u201d se estableci\u00f3 en el imaginario de la sociedad como el hombre proveedor de recursos (Foto: Mois\u00e9s Pablo\/Cuartoscuro.com)\" srcset=\"https:\/\/www-infobae-com.cdn.ampproject.org\/ii\/AW\/s\/www.infobae.com\/new-resizer\/ywO2xoNIWPmyEH8FX2hjTZiDwn4=\/420x280\/filters:format(webp):quality(85)\/cloudfront-us-east-1.images.arcpublishing.com\/infobae\/DV4KG7JAXJB4HGHEBFOO7BD7D4.jpeg 420w, https:\/\/www-infobae-com.cdn.ampproject.org\/ii\/AW\/s\/www.infobae.com\/new-resizer\/rwmiMETQgVUYyYRgLArMlCrqRH8=\/768x512\/filters:format(webp):quality(85)\/cloudfront-us-east-1.images.arcpublishing.com\/infobae\/DV4KG7JAXJB4HGHEBFOO7BD7D4.jpeg 768w, https:\/\/www-infobae-com.cdn.ampproject.org\/ii\/AW\/s\/www.infobae.com\/new-resizer\/nQec9091u5oyoAo1fSiXjVwwYj8=\/992x661\/filters:format(webp):quality(85)\/cloudfront-us-east-1.images.arcpublishing.com\/infobae\/DV4KG7JAXJB4HGHEBFOO7BD7D4.jpeg 992w, https:\/\/www-infobae-com.cdn.ampproject.org\/ii\/AW\/s\/www.infobae.com\/new-resizer\/YZnADy6vfUma8CRVakugquF99GY=\/1200x800\/filters:format(webp):quality(85)\/cloudfront-us-east-1.images.arcpublishing.com\/infobae\/DV4KG7JAXJB4HGHEBFOO7BD7D4.jpeg 1200w, https:\/\/www-infobae-com.cdn.ampproject.org\/ii\/AW\/s\/www.infobae.com\/new-resizer\/JKebS8BC7jgQJfu9jgQs9xc-x7Q=\/1440x960\/filters:format(webp):quality(85)\/cloudfront-us-east-1.images.arcpublishing.com\/infobae\/DV4KG7JAXJB4HGHEBFOO7BD7D4.jpeg 1440w\" src=\"https:\/\/cloudfront--us--east--1-images-arcpublishing-com.cdn.ampproject.org\/ii\/AW\/s\/cloudfront-us-east-1.images.arcpublishing.com\/infobae\/DV4KG7JAXJB4HGHEBFOO7BD7D4.jpeg\">El ser \u201cbuen padre\u201d se estableci\u00f3 en el imaginario de la sociedad como el hombre proveedor de recursos (Foto: Mois\u00e9s Pablo\/Cuartoscuro.com)<\/p>\n\n\n\n<p>Si bien en el pa\u00eds se consideraba que \u201c<strong>ser buena madre<\/strong>\u201d era tener la&nbsp;<strong>responsabilidad del cuidado, atenci\u00f3n y educaci\u00f3n de los hijos<\/strong>, el ser \u201c<strong>buen padre<\/strong>\u201d se estableci\u00f3 en el imaginario de la sociedad como&nbsp;<strong>el hombre proveedor de recursos, ausente por cuestiones de trabajo<\/strong>&nbsp;y visto por hijos e hijas como un dispensador de dinero y autorizaciones.<\/p>\n\n\n\n<p>Y es que seg\u00fan el&nbsp;<em>Observatorio sobre la condici\u00f3n de la Mujer<\/em>, las percepciones acerca del padre estar\u00edan divididas en dos:<\/p>\n\n\n\n<p>-la imagen del padre&nbsp;<strong>bondadoso<\/strong>,&nbsp;<strong>trabajador<\/strong>, respetuoso y cari\u00f1oso con los hijos,<\/p>\n\n\n\n<p>-la concepci\u00f3n del&nbsp;<strong>padre ausente e irresponsable<\/strong>, asociado a palabras como abandono, ausencia, maltrato y castigo.<\/p>\n\n\n\n<p>Est\u00e1 \u00faltima visi\u00f3n tradicional ha cambiado en el pa\u00eds, pues de acuerdo con el Instituto Nacional de la Mujeres,&nbsp;<strong>actualmente muchos hombres buscan participar de manera m\u00e1s activa e integral en el desarrollo de sus hijos<\/strong>, dejando de ser \u00fanicamente proveedores, aunque todav\u00eda existen padres que contin\u00faan al margen de su crecimiento.<\/p>\n\n\n\n<h2 class=\"wp-block-heading\">La paternidad en M\u00e9xico: 4 de 10 hogares tuvieron un padre ausente<\/h2>\n\n\n\n<p><img decoding=\"async\" alt=\"Actualmente muchos hombres buscan participar de manera m\u00e1s activa e integral en el desarrollo de sus hijos (Foto: Mois\u00e9s Pablo\/Cuartoscuro.com)\" srcset=\"https:\/\/www-infobae-com.cdn.ampproject.org\/ii\/AW\/s\/www.infobae.com\/new-resizer\/AaclQ_FRh0KhT_eVfEEXflWYMHM=\/420x280\/filters:format(webp):quality(85)\/cloudfront-us-east-1.images.arcpublishing.com\/infobae\/3RFRDM7YCBCSDHMSQU6Y7VITE4.jpeg 420w, https:\/\/www-infobae-com.cdn.ampproject.org\/ii\/AW\/s\/www.infobae.com\/new-resizer\/rYxn46C-qKCMHqZpJ44RoJ6qE3g=\/768x512\/filters:format(webp):quality(85)\/cloudfront-us-east-1.images.arcpublishing.com\/infobae\/3RFRDM7YCBCSDHMSQU6Y7VITE4.jpeg 768w, https:\/\/www-infobae-com.cdn.ampproject.org\/ii\/AW\/s\/www.infobae.com\/new-resizer\/ivlc9_O_SpdNfwOl8WuOeqS4SZE=\/992x661\/filters:format(webp):quality(85)\/cloudfront-us-east-1.images.arcpublishing.com\/infobae\/3RFRDM7YCBCSDHMSQU6Y7VITE4.jpeg 992w, https:\/\/www-infobae-com.cdn.ampproject.org\/ii\/AW\/s\/www.infobae.com\/new-resizer\/YW-yfYjUqd54CeTPZBnl8C8YFoI=\/1200x800\/filters:format(webp):quality(85)\/cloudfront-us-east-1.images.arcpublishing.com\/infobae\/3RFRDM7YCBCSDHMSQU6Y7VITE4.jpeg 1200w, https:\/\/www-infobae-com.cdn.ampproject.org\/ii\/AW\/s\/www.infobae.com\/new-resizer\/y0uK-S0oUD595QE_8yWJyrwT51s=\/1440x960\/filters:format(webp):quality(85)\/cloudfront-us-east-1.images.arcpublishing.com\/infobae\/3RFRDM7YCBCSDHMSQU6Y7VITE4.jpeg 1440w\" src=\"https:\/\/cloudfront--us--east--1-images-arcpublishing-com.cdn.ampproject.org\/ii\/AW\/s\/cloudfront-us-east-1.images.arcpublishing.com\/infobae\/3RFRDM7YCBCSDHMSQU6Y7VITE4.jpeg\">Actualmente muchos hombres buscan participar de manera m\u00e1s activa e integral en el desarrollo de sus hijos (Foto: Mois\u00e9s Pablo\/Cuartoscuro.com)<\/p>\n\n\n\n<p>De acuerdo con un documento publicado por el Instituto Nacional de Estad\u00edstica y Geograf\u00eda (<strong>INEGI<\/strong>) en 2021, con base en la Encuesta Demogr\u00e1fica Retrospectiva (EDER), en el pa\u00eds se estim\u00f3 que\u00a0<strong>17.8 millones de hombres de entre 20 y 54 a\u00f1os<\/strong>\u00a0en 2017 hab\u00edan tenido\u00a0<strong>al menos una hija o hijo<\/strong>.<\/p>\n\n\n\n<p>En tanto, el&nbsp;<em>Censo de Poblaci\u00f3n y Vivienda 2020<\/em>&nbsp;detall\u00f3 que&nbsp;<strong>21.2 millones de hombres mayores de 15 a\u00f1os se identificaron como padres<\/strong>&nbsp;de al menos un infante que reside en la misma vivienda, lo que representa un 46.9% de la poblaci\u00f3n masculina de ese grupo de edad.<\/p>\n\n\n\n<p>Sobre su situaci\u00f3n conyugal en 2020, el&nbsp;<em>Censo&nbsp;<\/em>inform\u00f3 que&nbsp;<strong>93.5% de los padres de familia se encuentran casados<\/strong>&nbsp;o en uni\u00f3n libre, y&nbsp;<strong>5.9%&nbsp;<\/strong>declararon haber estado alguna vez unidos, pero&nbsp;<strong>se separaron, divorciaron o enviudaron<\/strong>.<\/p>\n\n\n\n<p>Tan&nbsp;<strong>s\u00f3lo el 0.5% de los hombres declararon ser padres solteros<\/strong>, frente al 7.0% de mujeres que se identificaron como madres solteras en esa misma encuesta.<img decoding=\"async\" src=\"\"><img decoding=\"async\" alt=\"En cuatro de cada 10 hogares no habitaba el padre de familia en 2010 (Foto: Mois\u00e9s Pablo\/Cuartoscuro.com)\" srcset=\"https:\/\/www-infobae-com.cdn.ampproject.org\/ii\/AW\/s\/www.infobae.com\/new-resizer\/iXe8-t1p3qPrX6QGJOnxcjYvt2M=\/420x280\/filters:format(webp):quality(85)\/cloudfront-us-east-1.images.arcpublishing.com\/infobae\/2H4XZEDIPVF6DNNYCPWOJB6UDA.jpeg 420w, https:\/\/www-infobae-com.cdn.ampproject.org\/ii\/AW\/s\/www.infobae.com\/new-resizer\/lNqcy2n_eRMF9Ciq2yXTfJeyMVo=\/768x512\/filters:format(webp):quality(85)\/cloudfront-us-east-1.images.arcpublishing.com\/infobae\/2H4XZEDIPVF6DNNYCPWOJB6UDA.jpeg 768w, https:\/\/www-infobae-com.cdn.ampproject.org\/ii\/AW\/s\/www.infobae.com\/new-resizer\/VX56kMa811zMuAQQKD0grPajqbU=\/992x661\/filters:format(webp):quality(85)\/cloudfront-us-east-1.images.arcpublishing.com\/infobae\/2H4XZEDIPVF6DNNYCPWOJB6UDA.jpeg 992w, https:\/\/www-infobae-com.cdn.ampproject.org\/ii\/AW\/s\/www.infobae.com\/new-resizer\/eyeNpVG0AXnJKrXqPsfvfyuXDMg=\/1200x800\/filters:format(webp):quality(85)\/cloudfront-us-east-1.images.arcpublishing.com\/infobae\/2H4XZEDIPVF6DNNYCPWOJB6UDA.jpeg 1200w, https:\/\/www-infobae-com.cdn.ampproject.org\/ii\/AW\/s\/www.infobae.com\/new-resizer\/cTwB2ocZGH4J5tLyo5lj-7q3bJ0=\/1440x960\/filters:format(webp):quality(85)\/cloudfront-us-east-1.images.arcpublishing.com\/infobae\/2H4XZEDIPVF6DNNYCPWOJB6UDA.jpeg 1440w\" src=\"https:\/\/cloudfront--us--east--1-images-arcpublishing-com.cdn.ampproject.org\/ii\/AW\/s\/cloudfront-us-east-1.images.arcpublishing.com\/infobae\/2H4XZEDIPVF6DNNYCPWOJB6UDA.jpeg\">En cuatro de cada 10 hogares no habitaba el padre de familia en 2010 (Foto: Mois\u00e9s Pablo\/Cuartoscuro.com)<\/p>\n\n\n\n<p>Sin embargo, fue el&nbsp;<em>Censo de Poblaci\u00f3n y Vivienda 2010<\/em>&nbsp;del INEGI el que mostr\u00f3 cifras m\u00e1s crudas sobre la paternidad en el pa\u00eds, pues seg\u00fan inform\u00f3,&nbsp;<strong>en cuatro de cada 10 hogares no habitaba el padre de familia y, en total,&nbsp;<\/strong>en 11.4 millones de hogares faltaba el padre.<\/p>\n\n\n\n<p>\u201cIncluso donde hay ni\u00f1os de cero a 14 a\u00f1os, vive s\u00f3lo con ellos, en&nbsp;<strong>uno de cada 100 casos<\/strong>\u201d, se\u00f1al\u00f3 en 2021 el acad\u00e9mico del Colegio de M\u00e9xico y la Universidad Nacional Aut\u00f3noma de M\u00e9xico (UNAM), Juan Guillermo Figueroa Perea.<\/p>\n\n\n\n<p>Asimismo, la Encuesta Nacional de la Din\u00e1mica Demogr\u00e1fica (ENADID) 2018 detall\u00f3 que el 12.2% viv\u00eda s\u00f3lo con la madre, mientras que&nbsp;<strong>1.3% de la poblaci\u00f3n menor de 15 a\u00f1os habitaba con el padre<\/strong>.<\/p>\n\n\n\n<p><strong>Para 2019 s\u00f3lo 369 mil 210 menores de 15 a\u00f1os<\/strong>, de los m\u00e1s de 33 millones en ese rango de edad,\u00a0<strong>viv\u00edan con sus padres varones<\/strong>\u00a0debido a un divorcio, separaci\u00f3n, viudez o abandono. En su momento el INEGI estim\u00f3, adem\u00e1s, que\u00a0<strong>796 mil hombres eran cabeza de familia<\/strong>, sin la figura materna.<\/p>\n\n\n\n<h2 class=\"wp-block-heading\">La paternidad responsable en M\u00e9xico<\/h2>\n\n\n\n<p><img decoding=\"async\" alt=\"Hoy en d\u00eda la paternidad se ejerce en el cuidado y las tareas dom\u00e9sticas del hogar (Foto: Mois\u00e9s Pablo\/Cuartoscuro)\" srcset=\"https:\/\/www-infobae-com.cdn.ampproject.org\/ii\/AW\/s\/www.infobae.com\/new-resizer\/50dMSMZGxAiqtOZbKVpSXFK1pwE=\/420x280\/filters:format(webp):quality(85)\/cloudfront-us-east-1.images.arcpublishing.com\/infobae\/V2KT6OGLCZGXVCQGIZILWYSYXE.jpeg 420w, https:\/\/www-infobae-com.cdn.ampproject.org\/ii\/AW\/s\/www.infobae.com\/new-resizer\/vmqC2hYo_bEhFu2Jgm2JVTAbjbM=\/768x512\/filters:format(webp):quality(85)\/cloudfront-us-east-1.images.arcpublishing.com\/infobae\/V2KT6OGLCZGXVCQGIZILWYSYXE.jpeg 768w, https:\/\/www-infobae-com.cdn.ampproject.org\/ii\/AW\/s\/www.infobae.com\/new-resizer\/ppUkrrMUYD8ND1rZkezlKebdyKU=\/992x661\/filters:format(webp):quality(85)\/cloudfront-us-east-1.images.arcpublishing.com\/infobae\/V2KT6OGLCZGXVCQGIZILWYSYXE.jpeg 992w, https:\/\/www-infobae-com.cdn.ampproject.org\/ii\/AW\/s\/www.infobae.com\/new-resizer\/fbN34Yv6cWAEcnqpOXtOjPJagtc=\/1200x800\/filters:format(webp):quality(85)\/cloudfront-us-east-1.images.arcpublishing.com\/infobae\/V2KT6OGLCZGXVCQGIZILWYSYXE.jpeg 1200w, https:\/\/www-infobae-com.cdn.ampproject.org\/ii\/AW\/s\/www.infobae.com\/new-resizer\/8f1zzAV6XuyffJZ9IK0bueancM0=\/1440x960\/filters:format(webp):quality(85)\/cloudfront-us-east-1.images.arcpublishing.com\/infobae\/V2KT6OGLCZGXVCQGIZILWYSYXE.jpeg 1440w\" src=\"https:\/\/cloudfront--us--east--1-images-arcpublishing-com.cdn.ampproject.org\/ii\/AW\/s\/cloudfront-us-east-1.images.arcpublishing.com\/infobae\/V2KT6OGLCZGXVCQGIZILWYSYXE.jpeg\">Hoy en d\u00eda la paternidad se ejerce en el cuidado y las tareas dom\u00e9sticas del hogar (Foto: Mois\u00e9s Pablo\/Cuartoscuro)<\/p>\n\n\n\n<p>A pesar de las cifras, hoy en d\u00eda la paternidad se ejerce en el cuidado y las tareas dom\u00e9sticas del hogar, y m\u00e1s a\u00fan, en la corresponsabilidad familiar y social.<\/p>\n\n\n\n<p>Uno de estos cambios es la mayor&nbsp;<strong>participaci\u00f3n y responsabilidad de los hombres respecto a su fecundidad y el n\u00famero de hijos<\/strong>&nbsp;que quieren tener. Seg\u00fan la Encuesta de Comunicaci\u00f3n en Planificaci\u00f3n Familiar (CONAPO) 2018, la mayor\u00eda de los j\u00f3venes, de 18 a 24 a\u00f1os de edad, conoce y valora la planificaci\u00f3n familiar.<\/p>\n\n\n\n<p>Asimismo, el cambio en los papeles y funciones que cubren los hombres en el hogar tambi\u00e9n es notable, ya que&nbsp;<strong>m\u00e1s hombres consideran que la crianza de los hijos debe ser compartida por el padre y la madre<\/strong>.<\/p>\n\n\n\n<p>Por ello, para que los padres intervengan en los primeros meses de vida de sus hijos con el fin de establecer v\u00ednculos y ayudar a reducir la depresi\u00f3n materna, en M\u00e9xico&nbsp;<strong>los varones que trabajan en el sector formal tienen derecho a un permiso de paternidad<\/strong>.<\/p>\n\n\n\n<p>Es el art\u00edculo 132, fracci\u00f3n XXVII de la Ley Federal del Trabajo, donde se establece que los empleadores tienen la obligaci\u00f3n de otorgar a los hombres trabajadores un&nbsp;<strong>permiso de paternidad de cinco d\u00edas laborables con goce de sueldo completo<\/strong>, ya sea por el nacimiento de su hijo o por la adopci\u00f3n de un infante.<\/p>\n","protected":false},"excerpt":{"rendered":"<p>Poco a poco el padre mexicano ha dejado atr\u00e1s la paternidad tradicional, concebida como un ejercicio de autoridad y provisi\u00f3n en el hogar, para involucrarse en la crianza de los infantes Ciudad de M\u00e9xico. La idea de celebrar el\u00a0D\u00eda del Padre\u00a0surgi\u00f3 en 1910, cuando Smart Dood, una mujer estadounidense, destac\u00f3 el papel que juegan los [&hellip;]<\/p>\n","protected":false},"author":41,"featured_media":34862,"comment_status":"open","ping_status":"open","sticky":false,"template":"","format":"standard","meta":{"tdm_status":"","tdm_grid_status":"","footnotes":""},"categories":[37],"tags":[],"class_list":{"0":"post-34860","1":"post","2":"type-post","3":"status-publish","4":"format-standard","5":"has-post-thumbnail","7":"category-nota-principal"},"yoast_head":"<!-- This site is optimized with the Yoast SEO plugin v27.5 - https:\/\/yoast.com\/product\/yoast-seo-wordpress\/ -->\n<title>D\u00eda del Padre: la ausencia de la paternidad afectar\u00eda al 40% de los hogares del pa\u00eds - Fuentes Fidedignas<\/title>\n<meta name=\"robots\" content=\"index, follow, max-snippet:-1, max-image-preview:large, max-video-preview:-1\" \/>\n<link rel=\"canonical\" href=\"https:\/\/fuentesfidedignas.com.mx\/index.php\/2022\/06\/19\/dia-del-padre-la-ausencia-de-la-paternidad-afectaria-al-40-de-los-hogares-del-pais\/\" \/>\n<meta property=\"og:locale\" content=\"es_MX\" \/>\n<meta property=\"og:type\" content=\"article\" \/>\n<meta property=\"og:title\" content=\"D\u00eda del Padre: la ausencia de la paternidad afectar\u00eda al 40% de los hogares del pa\u00eds - Fuentes Fidedignas\" \/>\n<meta property=\"og:description\" content=\"Poco a poco el padre mexicano ha dejado atr\u00e1s la paternidad tradicional, concebida como un ejercicio de autoridad y provisi\u00f3n en el hogar, para involucrarse en la crianza de los infantes Ciudad de M\u00e9xico. La idea de celebrar el\u00a0D\u00eda del Padre\u00a0surgi\u00f3 en 1910, cuando Smart Dood, una mujer estadounidense, destac\u00f3 el papel que juegan los [&hellip;]\" \/>\n<meta property=\"og:url\" content=\"https:\/\/fuentesfidedignas.com.mx\/index.php\/2022\/06\/19\/dia-del-padre-la-ausencia-de-la-paternidad-afectaria-al-40-de-los-hogares-del-pais\/\" \/>\n<meta property=\"og:site_name\" content=\"Fuentes Fidedignas\" \/>\n<meta property=\"article:publisher\" content=\"https:\/\/www.facebook.com\/Fuentes-Fidedignas-368234489921644\" \/>\n<meta property=\"article:published_time\" content=\"2022-06-19T19:27:16+00:00\" \/>\n<meta property=\"article:modified_time\" content=\"2022-06-19T19:27:32+00:00\" \/>\n<meta property=\"og:image\" content=\"https:\/\/fuentesfidedignas.com.mx\/wp-content\/uploads\/2022\/06\/IULOYAQQABGNDDDLTQMGBH4FYQ.jpg\" \/>\n\t<meta property=\"og:image:width\" content=\"992\" \/>\n\t<meta property=\"og:image:height\" content=\"558\" \/>\n\t<meta property=\"og:image:type\" content=\"image\/jpeg\" \/>\n<meta name=\"author\" content=\"Infobae\" \/>\n<meta name=\"twitter:card\" content=\"summary_large_image\" \/>\n<meta name=\"twitter:creator\" content=\"@fidedignas\" \/>\n<meta name=\"twitter:site\" content=\"@fidedignas\" \/>\n<meta name=\"twitter:label1\" content=\"Escrito por\" \/>\n\t<meta name=\"twitter:data1\" content=\"Infobae\" \/>\n\t<meta name=\"twitter:label2\" content=\"Tiempo de lectura\" \/>\n\t<meta name=\"twitter:data2\" content=\"6 minutos\" \/>\n<script type=\"application\/ld+json\" class=\"yoast-schema-graph\">{\"@context\":\"https:\\\/\\\/schema.org\",\"@graph\":[{\"@type\":\"Article\",\"@id\":\"https:\\\/\\\/fuentesfidedignas.com.mx\\\/index.php\\\/2022\\\/06\\\/19\\\/dia-del-padre-la-ausencia-de-la-paternidad-afectaria-al-40-de-los-hogares-del-pais\\\/#article\",\"isPartOf\":{\"@id\":\"https:\\\/\\\/fuentesfidedignas.com.mx\\\/index.php\\\/2022\\\/06\\\/19\\\/dia-del-padre-la-ausencia-de-la-paternidad-afectaria-al-40-de-los-hogares-del-pais\\\/\"},\"author\":{\"name\":\"Infobae\",\"@id\":\"https:\\\/\\\/fuentesfidedignas.com.mx\\\/#\\\/schema\\\/person\\\/8575896a7c1067d352f6c1cd6582c389\"},\"headline\":\"D\u00eda del Padre: la ausencia de la paternidad afectar\u00eda al 40% de los hogares del pa\u00eds\",\"datePublished\":\"2022-06-19T19:27:16+00:00\",\"dateModified\":\"2022-06-19T19:27:32+00:00\",\"mainEntityOfPage\":{\"@id\":\"https:\\\/\\\/fuentesfidedignas.com.mx\\\/index.php\\\/2022\\\/06\\\/19\\\/dia-del-padre-la-ausencia-de-la-paternidad-afectaria-al-40-de-los-hogares-del-pais\\\/\"},\"wordCount\":1129,\"commentCount\":0,\"publisher\":{\"@id\":\"https:\\\/\\\/fuentesfidedignas.com.mx\\\/#organization\"},\"image\":{\"@id\":\"https:\\\/\\\/fuentesfidedignas.com.mx\\\/index.php\\\/2022\\\/06\\\/19\\\/dia-del-padre-la-ausencia-de-la-paternidad-afectaria-al-40-de-los-hogares-del-pais\\\/#primaryimage\"},\"thumbnailUrl\":\"https:\\\/\\\/fuentesfidedignas.com.mx\\\/wp-content\\\/uploads\\\/2022\\\/06\\\/IULOYAQQABGNDDDLTQMGBH4FYQ.jpg\",\"articleSection\":[\"NOTA PRINCIPAL\"],\"inLanguage\":\"es\",\"potentialAction\":[{\"@type\":\"CommentAction\",\"name\":\"Comment\",\"target\":[\"https:\\\/\\\/fuentesfidedignas.com.mx\\\/index.php\\\/2022\\\/06\\\/19\\\/dia-del-padre-la-ausencia-de-la-paternidad-afectaria-al-40-de-los-hogares-del-pais\\\/#respond\"]}]},{\"@type\":\"WebPage\",\"@id\":\"https:\\\/\\\/fuentesfidedignas.com.mx\\\/index.php\\\/2022\\\/06\\\/19\\\/dia-del-padre-la-ausencia-de-la-paternidad-afectaria-al-40-de-los-hogares-del-pais\\\/\",\"url\":\"https:\\\/\\\/fuentesfidedignas.com.mx\\\/index.php\\\/2022\\\/06\\\/19\\\/dia-del-padre-la-ausencia-de-la-paternidad-afectaria-al-40-de-los-hogares-del-pais\\\/\",\"name\":\"D\u00eda del Padre: la ausencia de la paternidad afectar\u00eda al 40% de los hogares del pa\u00eds - Fuentes Fidedignas\",\"isPartOf\":{\"@id\":\"https:\\\/\\\/fuentesfidedignas.com.mx\\\/#website\"},\"primaryImageOfPage\":{\"@id\":\"https:\\\/\\\/fuentesfidedignas.com.mx\\\/index.php\\\/2022\\\/06\\\/19\\\/dia-del-padre-la-ausencia-de-la-paternidad-afectaria-al-40-de-los-hogares-del-pais\\\/#primaryimage\"},\"image\":{\"@id\":\"https:\\\/\\\/fuentesfidedignas.com.mx\\\/index.php\\\/2022\\\/06\\\/19\\\/dia-del-padre-la-ausencia-de-la-paternidad-afectaria-al-40-de-los-hogares-del-pais\\\/#primaryimage\"},\"thumbnailUrl\":\"https:\\\/\\\/fuentesfidedignas.com.mx\\\/wp-content\\\/uploads\\\/2022\\\/06\\\/IULOYAQQABGNDDDLTQMGBH4FYQ.jpg\",\"datePublished\":\"2022-06-19T19:27:16+00:00\",\"dateModified\":\"2022-06-19T19:27:32+00:00\",\"breadcrumb\":{\"@id\":\"https:\\\/\\\/fuentesfidedignas.com.mx\\\/index.php\\\/2022\\\/06\\\/19\\\/dia-del-padre-la-ausencia-de-la-paternidad-afectaria-al-40-de-los-hogares-del-pais\\\/#breadcrumb\"},\"inLanguage\":\"es\",\"potentialAction\":[{\"@type\":\"ReadAction\",\"target\":[\"https:\\\/\\\/fuentesfidedignas.com.mx\\\/index.php\\\/2022\\\/06\\\/19\\\/dia-del-padre-la-ausencia-de-la-paternidad-afectaria-al-40-de-los-hogares-del-pais\\\/\"]}]},{\"@type\":\"ImageObject\",\"inLanguage\":\"es\",\"@id\":\"https:\\\/\\\/fuentesfidedignas.com.mx\\\/index.php\\\/2022\\\/06\\\/19\\\/dia-del-padre-la-ausencia-de-la-paternidad-afectaria-al-40-de-los-hogares-del-pais\\\/#primaryimage\",\"url\":\"https:\\\/\\\/fuentesfidedignas.com.mx\\\/wp-content\\\/uploads\\\/2022\\\/06\\\/IULOYAQQABGNDDDLTQMGBH4FYQ.jpg\",\"contentUrl\":\"https:\\\/\\\/fuentesfidedignas.com.mx\\\/wp-content\\\/uploads\\\/2022\\\/06\\\/IULOYAQQABGNDDDLTQMGBH4FYQ.jpg\",\"width\":992,\"height\":558},{\"@type\":\"BreadcrumbList\",\"@id\":\"https:\\\/\\\/fuentesfidedignas.com.mx\\\/index.php\\\/2022\\\/06\\\/19\\\/dia-del-padre-la-ausencia-de-la-paternidad-afectaria-al-40-de-los-hogares-del-pais\\\/#breadcrumb\",\"itemListElement\":[{\"@type\":\"ListItem\",\"position\":1,\"name\":\"Inicio\",\"item\":\"https:\\\/\\\/fuentesfidedignas.com.mx\\\/\"},{\"@type\":\"ListItem\",\"position\":2,\"name\":\"D\u00eda del Padre: la ausencia de la paternidad afectar\u00eda al 40% de los hogares del pa\u00eds\"}]},{\"@type\":\"WebSite\",\"@id\":\"https:\\\/\\\/fuentesfidedignas.com.mx\\\/#website\",\"url\":\"https:\\\/\\\/fuentesfidedignas.com.mx\\\/\",\"name\":\"Fuentes Fidedignas\",\"description\":\"Otro sitio realizado con WordPress\",\"publisher\":{\"@id\":\"https:\\\/\\\/fuentesfidedignas.com.mx\\\/#organization\"},\"potentialAction\":[{\"@type\":\"SearchAction\",\"target\":{\"@type\":\"EntryPoint\",\"urlTemplate\":\"https:\\\/\\\/fuentesfidedignas.com.mx\\\/?s={search_term_string}\"},\"query-input\":{\"@type\":\"PropertyValueSpecification\",\"valueRequired\":true,\"valueName\":\"search_term_string\"}}],\"inLanguage\":\"es\"},{\"@type\":\"Organization\",\"@id\":\"https:\\\/\\\/fuentesfidedignas.com.mx\\\/#organization\",\"name\":\"Fuentes Fidedignas\",\"url\":\"https:\\\/\\\/fuentesfidedignas.com.mx\\\/\",\"logo\":{\"@type\":\"ImageObject\",\"inLanguage\":\"es\",\"@id\":\"https:\\\/\\\/fuentesfidedignas.com.mx\\\/#\\\/schema\\\/logo\\\/image\\\/\",\"url\":\"https:\\\/\\\/fuentesfidedignas.com.mx\\\/wp-content\\\/uploads\\\/2021\\\/04\\\/logo-retina.png\",\"contentUrl\":\"https:\\\/\\\/fuentesfidedignas.com.mx\\\/wp-content\\\/uploads\\\/2021\\\/04\\\/logo-retina.png\",\"width\":280,\"height\":51,\"caption\":\"Fuentes Fidedignas\"},\"image\":{\"@id\":\"https:\\\/\\\/fuentesfidedignas.com.mx\\\/#\\\/schema\\\/logo\\\/image\\\/\"},\"sameAs\":[\"https:\\\/\\\/www.facebook.com\\\/Fuentes-Fidedignas-368234489921644\",\"https:\\\/\\\/x.com\\\/fidedignas\"]},{\"@type\":\"Person\",\"@id\":\"https:\\\/\\\/fuentesfidedignas.com.mx\\\/#\\\/schema\\\/person\\\/8575896a7c1067d352f6c1cd6582c389\",\"name\":\"Infobae\",\"image\":{\"@type\":\"ImageObject\",\"inLanguage\":\"es\",\"@id\":\"https:\\\/\\\/secure.gravatar.com\\\/avatar\\\/e4ec95706f8d1670343f6526fdcec45474bab17475a851434a64ca12b5acba1c?s=96&d=mm&r=g\",\"url\":\"https:\\\/\\\/secure.gravatar.com\\\/avatar\\\/e4ec95706f8d1670343f6526fdcec45474bab17475a851434a64ca12b5acba1c?s=96&d=mm&r=g\",\"contentUrl\":\"https:\\\/\\\/secure.gravatar.com\\\/avatar\\\/e4ec95706f8d1670343f6526fdcec45474bab17475a851434a64ca12b5acba1c?s=96&d=mm&r=g\",\"caption\":\"Infobae\"},\"url\":\"https:\\\/\\\/fuentesfidedignas.com.mx\\\/index.php\\\/author\\\/infobae\\\/\"}]}<\/script>\n<!-- \/ Yoast SEO plugin. -->","yoast_head_json":{"title":"D\u00eda del Padre: la ausencia de la paternidad afectar\u00eda al 40% de los hogares del pa\u00eds - Fuentes Fidedignas","robots":{"index":"index","follow":"follow","max-snippet":"max-snippet:-1","max-image-preview":"max-image-preview:large","max-video-preview":"max-video-preview:-1"},"canonical":"https:\/\/fuentesfidedignas.com.mx\/index.php\/2022\/06\/19\/dia-del-padre-la-ausencia-de-la-paternidad-afectaria-al-40-de-los-hogares-del-pais\/","og_locale":"es_MX","og_type":"article","og_title":"D\u00eda del Padre: la ausencia de la paternidad afectar\u00eda al 40% de los hogares del pa\u00eds - Fuentes Fidedignas","og_description":"Poco a poco el padre mexicano ha dejado atr\u00e1s la paternidad tradicional, concebida como un ejercicio de autoridad y provisi\u00f3n en el hogar, para involucrarse en la crianza de los infantes Ciudad de M\u00e9xico. La idea de celebrar el\u00a0D\u00eda del Padre\u00a0surgi\u00f3 en 1910, cuando Smart Dood, una mujer estadounidense, destac\u00f3 el papel que juegan los [&hellip;]","og_url":"https:\/\/fuentesfidedignas.com.mx\/index.php\/2022\/06\/19\/dia-del-padre-la-ausencia-de-la-paternidad-afectaria-al-40-de-los-hogares-del-pais\/","og_site_name":"Fuentes Fidedignas","article_publisher":"https:\/\/www.facebook.com\/Fuentes-Fidedignas-368234489921644","article_published_time":"2022-06-19T19:27:16+00:00","article_modified_time":"2022-06-19T19:27:32+00:00","og_image":[{"width":992,"height":558,"url":"https:\/\/fuentesfidedignas.com.mx\/wp-content\/uploads\/2022\/06\/IULOYAQQABGNDDDLTQMGBH4FYQ.jpg","type":"image\/jpeg"}],"author":"Infobae","twitter_card":"summary_large_image","twitter_creator":"@fidedignas","twitter_site":"@fidedignas","twitter_misc":{"Escrito por":"Infobae","Tiempo de lectura":"6 minutos"},"schema":{"@context":"https:\/\/schema.org","@graph":[{"@type":"Article","@id":"https:\/\/fuentesfidedignas.com.mx\/index.php\/2022\/06\/19\/dia-del-padre-la-ausencia-de-la-paternidad-afectaria-al-40-de-los-hogares-del-pais\/#article","isPartOf":{"@id":"https:\/\/fuentesfidedignas.com.mx\/index.php\/2022\/06\/19\/dia-del-padre-la-ausencia-de-la-paternidad-afectaria-al-40-de-los-hogares-del-pais\/"},"author":{"name":"Infobae","@id":"https:\/\/fuentesfidedignas.com.mx\/#\/schema\/person\/8575896a7c1067d352f6c1cd6582c389"},"headline":"D\u00eda del Padre: la ausencia de la paternidad afectar\u00eda al 40% de los hogares del pa\u00eds","datePublished":"2022-06-19T19:27:16+00:00","dateModified":"2022-06-19T19:27:32+00:00","mainEntityOfPage":{"@id":"https:\/\/fuentesfidedignas.com.mx\/index.php\/2022\/06\/19\/dia-del-padre-la-ausencia-de-la-paternidad-afectaria-al-40-de-los-hogares-del-pais\/"},"wordCount":1129,"commentCount":0,"publisher":{"@id":"https:\/\/fuentesfidedignas.com.mx\/#organization"},"image":{"@id":"https:\/\/fuentesfidedignas.com.mx\/index.php\/2022\/06\/19\/dia-del-padre-la-ausencia-de-la-paternidad-afectaria-al-40-de-los-hogares-del-pais\/#primaryimage"},"thumbnailUrl":"https:\/\/fuentesfidedignas.com.mx\/wp-content\/uploads\/2022\/06\/IULOYAQQABGNDDDLTQMGBH4FYQ.jpg","articleSection":["NOTA PRINCIPAL"],"inLanguage":"es","potentialAction":[{"@type":"CommentAction","name":"Comment","target":["https:\/\/fuentesfidedignas.com.mx\/index.php\/2022\/06\/19\/dia-del-padre-la-ausencia-de-la-paternidad-afectaria-al-40-de-los-hogares-del-pais\/#respond"]}]},{"@type":"WebPage","@id":"https:\/\/fuentesfidedignas.com.mx\/index.php\/2022\/06\/19\/dia-del-padre-la-ausencia-de-la-paternidad-afectaria-al-40-de-los-hogares-del-pais\/","url":"https:\/\/fuentesfidedignas.com.mx\/index.php\/2022\/06\/19\/dia-del-padre-la-ausencia-de-la-paternidad-afectaria-al-40-de-los-hogares-del-pais\/","name":"D\u00eda del Padre: la ausencia de la paternidad afectar\u00eda al 40% de los hogares del pa\u00eds - Fuentes Fidedignas","isPartOf":{"@id":"https:\/\/fuentesfidedignas.com.mx\/#website"},"primaryImageOfPage":{"@id":"https:\/\/fuentesfidedignas.com.mx\/index.php\/2022\/06\/19\/dia-del-padre-la-ausencia-de-la-paternidad-afectaria-al-40-de-los-hogares-del-pais\/#primaryimage"},"image":{"@id":"https:\/\/fuentesfidedignas.com.mx\/index.php\/2022\/06\/19\/dia-del-padre-la-ausencia-de-la-paternidad-afectaria-al-40-de-los-hogares-del-pais\/#primaryimage"},"thumbnailUrl":"https:\/\/fuentesfidedignas.com.mx\/wp-content\/uploads\/2022\/06\/IULOYAQQABGNDDDLTQMGBH4FYQ.jpg","datePublished":"2022-06-19T19:27:16+00:00","dateModified":"2022-06-19T19:27:32+00:00","breadcrumb":{"@id":"https:\/\/fuentesfidedignas.com.mx\/index.php\/2022\/06\/19\/dia-del-padre-la-ausencia-de-la-paternidad-afectaria-al-40-de-los-hogares-del-pais\/#breadcrumb"},"inLanguage":"es","potentialAction":[{"@type":"ReadAction","target":["https:\/\/fuentesfidedignas.com.mx\/index.php\/2022\/06\/19\/dia-del-padre-la-ausencia-de-la-paternidad-afectaria-al-40-de-los-hogares-del-pais\/"]}]},{"@type":"ImageObject","inLanguage":"es","@id":"https:\/\/fuentesfidedignas.com.mx\/index.php\/2022\/06\/19\/dia-del-padre-la-ausencia-de-la-paternidad-afectaria-al-40-de-los-hogares-del-pais\/#primaryimage","url":"https:\/\/fuentesfidedignas.com.mx\/wp-content\/uploads\/2022\/06\/IULOYAQQABGNDDDLTQMGBH4FYQ.jpg","contentUrl":"https:\/\/fuentesfidedignas.com.mx\/wp-content\/uploads\/2022\/06\/IULOYAQQABGNDDDLTQMGBH4FYQ.jpg","width":992,"height":558},{"@type":"BreadcrumbList","@id":"https:\/\/fuentesfidedignas.com.mx\/index.php\/2022\/06\/19\/dia-del-padre-la-ausencia-de-la-paternidad-afectaria-al-40-de-los-hogares-del-pais\/#breadcrumb","itemListElement":[{"@type":"ListItem","position":1,"name":"Inicio","item":"https:\/\/fuentesfidedignas.com.mx\/"},{"@type":"ListItem","position":2,"name":"D\u00eda del Padre: la ausencia de la paternidad afectar\u00eda al 40% de los hogares del pa\u00eds"}]},{"@type":"WebSite","@id":"https:\/\/fuentesfidedignas.com.mx\/#website","url":"https:\/\/fuentesfidedignas.com.mx\/","name":"Fuentes Fidedignas","description":"Otro sitio realizado con WordPress","publisher":{"@id":"https:\/\/fuentesfidedignas.com.mx\/#organization"},"potentialAction":[{"@type":"SearchAction","target":{"@type":"EntryPoint","urlTemplate":"https:\/\/fuentesfidedignas.com.mx\/?s={search_term_string}"},"query-input":{"@type":"PropertyValueSpecification","valueRequired":true,"valueName":"search_term_string"}}],"inLanguage":"es"},{"@type":"Organization","@id":"https:\/\/fuentesfidedignas.com.mx\/#organization","name":"Fuentes Fidedignas","url":"https:\/\/fuentesfidedignas.com.mx\/","logo":{"@type":"ImageObject","inLanguage":"es","@id":"https:\/\/fuentesfidedignas.com.mx\/#\/schema\/logo\/image\/","url":"https:\/\/fuentesfidedignas.com.mx\/wp-content\/uploads\/2021\/04\/logo-retina.png","contentUrl":"https:\/\/fuentesfidedignas.com.mx\/wp-content\/uploads\/2021\/04\/logo-retina.png","width":280,"height":51,"caption":"Fuentes Fidedignas"},"image":{"@id":"https:\/\/fuentesfidedignas.com.mx\/#\/schema\/logo\/image\/"},"sameAs":["https:\/\/www.facebook.com\/Fuentes-Fidedignas-368234489921644","https:\/\/x.com\/fidedignas"]},{"@type":"Person","@id":"https:\/\/fuentesfidedignas.com.mx\/#\/schema\/person\/8575896a7c1067d352f6c1cd6582c389","name":"Infobae","image":{"@type":"ImageObject","inLanguage":"es","@id":"https:\/\/secure.gravatar.com\/avatar\/e4ec95706f8d1670343f6526fdcec45474bab17475a851434a64ca12b5acba1c?s=96&d=mm&r=g","url":"https:\/\/secure.gravatar.com\/avatar\/e4ec95706f8d1670343f6526fdcec45474bab17475a851434a64ca12b5acba1c?s=96&d=mm&r=g","contentUrl":"https:\/\/secure.gravatar.com\/avatar\/e4ec95706f8d1670343f6526fdcec45474bab17475a851434a64ca12b5acba1c?s=96&d=mm&r=g","caption":"Infobae"},"url":"https:\/\/fuentesfidedignas.com.mx\/index.php\/author\/infobae\/"}]}},"_links":{"self":[{"href":"https:\/\/fuentesfidedignas.com.mx\/index.php\/wp-json\/wp\/v2\/posts\/34860","targetHints":{"allow":["GET"]}}],"collection":[{"href":"https:\/\/fuentesfidedignas.com.mx\/index.php\/wp-json\/wp\/v2\/posts"}],"about":[{"href":"https:\/\/fuentesfidedignas.com.mx\/index.php\/wp-json\/wp\/v2\/types\/post"}],"author":[{"embeddable":true,"href":"https:\/\/fuentesfidedignas.com.mx\/index.php\/wp-json\/wp\/v2\/users\/41"}],"replies":[{"embeddable":true,"href":"https:\/\/fuentesfidedignas.com.mx\/index.php\/wp-json\/wp\/v2\/comments?post=34860"}],"version-history":[{"count":1,"href":"https:\/\/fuentesfidedignas.com.mx\/index.php\/wp-json\/wp\/v2\/posts\/34860\/revisions"}],"predecessor-version":[{"id":34861,"href":"https:\/\/fuentesfidedignas.com.mx\/index.php\/wp-json\/wp\/v2\/posts\/34860\/revisions\/34861"}],"wp:featuredmedia":[{"embeddable":true,"href":"https:\/\/fuentesfidedignas.com.mx\/index.php\/wp-json\/wp\/v2\/media\/34862"}],"wp:attachment":[{"href":"https:\/\/fuentesfidedignas.com.mx\/index.php\/wp-json\/wp\/v2\/media?parent=34860"}],"wp:term":[{"taxonomy":"category","embeddable":true,"href":"https:\/\/fuentesfidedignas.com.mx\/index.php\/wp-json\/wp\/v2\/categories?post=34860"},{"taxonomy":"post_tag","embeddable":true,"href":"https:\/\/fuentesfidedignas.com.mx\/index.php\/wp-json\/wp\/v2\/tags?post=34860"}],"curies":[{"name":"wp","href":"https:\/\/api.w.org\/{rel}","templated":true}]}}