{"id":34825,"date":"2022-06-19T09:47:27","date_gmt":"2022-06-19T15:47:27","guid":{"rendered":"https:\/\/fuentesfidedignas.com.mx\/?p=34825"},"modified":"2022-06-19T09:50:16","modified_gmt":"2022-06-19T15:50:16","slug":"hallan-muerta-a-fabiola-vianey-la-maestra-fue-reportada-como-desaparecida-en-los-mochis","status":"publish","type":"post","link":"https:\/\/fuentesfidedignas.com.mx\/index.php\/2022\/06\/19\/hallan-muerta-a-fabiola-vianey-la-maestra-fue-reportada-como-desaparecida-en-los-mochis\/","title":{"rendered":"Hallan muerta a Fabiola Vianey; la maestra fue reportada como desaparecida en Los Mochis"},"content":{"rendered":"\n<p><strong><em>En el inmueble donde fue localizado su cuerpo, fue detenido un hombre ante la versi\u00f3n de que la mujer fue privada de la vida por un golpe durante un forcejeo<\/em><\/strong><\/p>\n\n\n\n<p>Ahome, Sin.- Una joven maestra, de nombre Fabiola Vianey \u201cN\u201d de 27 a\u00f1os de edad reportada el viernes pasado como desaparecida luego de llevar a su hijo a clases de karate, fue localizada muerta en una vivienda ubicada en el callej\u00f3n Juan de la Barrera, en el centro de la ciudad de los Mochis, donde se detuvo a una persona.<\/p>\n\n\n\n<p>La familia de la joven que present\u00f3 la denuncia aport\u00f3 datos que fueron publicados en una alerta de b\u00fasqueda que se emiti\u00f3, en la se describe como una mujer con una estatura de 1.70 cent\u00edmetros, complexi\u00f3n delgada, cabello ondulado, tez morena clara, con se\u00f1as particulares, un tatuaje en el cuello del lado izquierdo.<\/p>\n\n\n\n<p>Seg\u00fan los datos aportados Fabiola Vianey el pasado viernes sali\u00f3 de su casa en el fraccionamiento Teresita, de la ciudad de los Mochis, por videos captados en c\u00e1maras de negocios del centro de dicha ciudad, se logr\u00f3 establecer un radio de b\u00fasqueda e investigaci\u00f3n de su paradero.<\/p>\n\n\n\n<p>La Fiscal\u00eda General del Estado, desde la tarde del s\u00e1bado pasado despleg\u00f3 agentes de investigaci\u00f3n que, en base a datos de las \u00faltimas llamadas desde su celular y las im\u00e1genes captadas en c\u00e1maras de video vigilancia, emprendieron su b\u00fasqueda, primero en un hotel, lotes bald\u00edos y lugares cercanos del centro de la ciudad de los Mochis.<\/p>\n\n\n\n<p>Fabiola Vianey fue vista por \u00faltima vez al salir de una farmacia, lo que fue comprobado en uno de los videos en los que se aprecia que se le acerca un auto, lo que permiti\u00f3 emprender una b\u00fasqueda m\u00e1s focalizada.<\/p>\n\n\n\n<p><strong>Hay un detenido<\/strong><br>Un juez emiti\u00f3 la madrugada de este domingo una orden de cateo para ingresar a un domicilio del callej\u00f3n Juan de la Barrera, entre las calles Juan de la Barrera, entre Constituci\u00f3n y Ni\u00f1os H\u00e9roes, en pleno centro de la ciudad de los Mochis.<\/p>\n\n\n\n<p>En el inmueble donde fue localizado su cuerpo, fue detenido un hombre ante la versi\u00f3n de que la mujer fue privada de la vida por un golpe durante un forcejeo.<\/p>\n","protected":false},"excerpt":{"rendered":"<p>En el inmueble donde fue localizado su cuerpo, fue detenido un hombre ante la versi\u00f3n de que la mujer fue privada de la vida por un golpe durante un forcejeo Ahome, Sin.- Una joven maestra, de nombre Fabiola Vianey \u201cN\u201d de 27 a\u00f1os de edad reportada el viernes pasado como desaparecida luego de llevar a [&hellip;]<\/p>\n","protected":false},"author":39,"featured_media":34826,"comment_status":"open","ping_status":"open","sticky":false,"template":"","format":"standard","meta":{"tdm_status":"","tdm_grid_status":"","footnotes":""},"categories":[37],"tags":[],"class_list":{"0":"post-34825","1":"post","2":"type-post","3":"status-publish","4":"format-standard","5":"has-post-thumbnail","7":"category-nota-principal"},"yoast_head":"<!-- This site is optimized with the Yoast SEO plugin v27.4 - https:\/\/yoast.com\/product\/yoast-seo-wordpress\/ -->\n<title>Hallan muerta a Fabiola Vianey; la maestra fue reportada como desaparecida en Los Mochis - Fuentes Fidedignas<\/title>\n<meta name=\"robots\" content=\"index, follow, max-snippet:-1, max-image-preview:large, max-video-preview:-1\" \/>\n<link rel=\"canonical\" href=\"https:\/\/fuentesfidedignas.com.mx\/index.php\/2022\/06\/19\/hallan-muerta-a-fabiola-vianey-la-maestra-fue-reportada-como-desaparecida-en-los-mochis\/\" \/>\n<meta property=\"og:locale\" content=\"es_MX\" \/>\n<meta property=\"og:type\" content=\"article\" \/>\n<meta property=\"og:title\" content=\"Hallan muerta a Fabiola Vianey; la maestra fue reportada como desaparecida en Los Mochis - Fuentes Fidedignas\" \/>\n<meta property=\"og:description\" content=\"En el inmueble donde fue localizado su cuerpo, fue detenido un hombre ante la versi\u00f3n de que la mujer fue privada de la vida por un golpe durante un forcejeo Ahome, Sin.- Una joven maestra, de nombre Fabiola Vianey \u201cN\u201d de 27 a\u00f1os de edad reportada el viernes pasado como desaparecida luego de llevar a [&hellip;]\" \/>\n<meta property=\"og:url\" content=\"https:\/\/fuentesfidedignas.com.mx\/index.php\/2022\/06\/19\/hallan-muerta-a-fabiola-vianey-la-maestra-fue-reportada-como-desaparecida-en-los-mochis\/\" \/>\n<meta property=\"og:site_name\" content=\"Fuentes Fidedignas\" \/>\n<meta property=\"article:publisher\" content=\"https:\/\/www.facebook.com\/Fuentes-Fidedignas-368234489921644\" \/>\n<meta property=\"article:published_time\" content=\"2022-06-19T15:47:27+00:00\" \/>\n<meta property=\"article:modified_time\" content=\"2022-06-19T15:50:16+00:00\" \/>\n<meta property=\"og:image\" content=\"https:\/\/fuentesfidedignas.com.mx\/wp-content\/uploads\/2022\/06\/FABIOLA_VIANEY.jpg\" \/>\n\t<meta property=\"og:image:width\" content=\"1349\" \/>\n\t<meta property=\"og:image:height\" content=\"783\" \/>\n\t<meta property=\"og:image:type\" content=\"image\/jpeg\" \/>\n<meta name=\"author\" content=\"El Universal\" \/>\n<meta name=\"twitter:card\" content=\"summary_large_image\" \/>\n<meta name=\"twitter:creator\" content=\"@fidedignas\" \/>\n<meta name=\"twitter:site\" content=\"@fidedignas\" \/>\n<meta name=\"twitter:label1\" content=\"Escrito por\" \/>\n\t<meta name=\"twitter:data1\" content=\"El Universal\" \/>\n\t<meta name=\"twitter:label2\" content=\"Tiempo de lectura\" \/>\n\t<meta name=\"twitter:data2\" content=\"2 minutos\" \/>\n<script type=\"application\/ld+json\" class=\"yoast-schema-graph\">{\"@context\":\"https:\\\/\\\/schema.org\",\"@graph\":[{\"@type\":\"Article\",\"@id\":\"https:\\\/\\\/fuentesfidedignas.com.mx\\\/index.php\\\/2022\\\/06\\\/19\\\/hallan-muerta-a-fabiola-vianey-la-maestra-fue-reportada-como-desaparecida-en-los-mochis\\\/#article\",\"isPartOf\":{\"@id\":\"https:\\\/\\\/fuentesfidedignas.com.mx\\\/index.php\\\/2022\\\/06\\\/19\\\/hallan-muerta-a-fabiola-vianey-la-maestra-fue-reportada-como-desaparecida-en-los-mochis\\\/\"},\"author\":{\"name\":\"El Universal\",\"@id\":\"https:\\\/\\\/fuentesfidedignas.com.mx\\\/#\\\/schema\\\/person\\\/fee3882e65fd0510d292c43a346d35d7\"},\"headline\":\"Hallan muerta a Fabiola Vianey; la maestra fue reportada como desaparecida en Los Mochis\",\"datePublished\":\"2022-06-19T15:47:27+00:00\",\"dateModified\":\"2022-06-19T15:50:16+00:00\",\"mainEntityOfPage\":{\"@id\":\"https:\\\/\\\/fuentesfidedignas.com.mx\\\/index.php\\\/2022\\\/06\\\/19\\\/hallan-muerta-a-fabiola-vianey-la-maestra-fue-reportada-como-desaparecida-en-los-mochis\\\/\"},\"wordCount\":401,\"commentCount\":0,\"publisher\":{\"@id\":\"https:\\\/\\\/fuentesfidedignas.com.mx\\\/#organization\"},\"image\":{\"@id\":\"https:\\\/\\\/fuentesfidedignas.com.mx\\\/index.php\\\/2022\\\/06\\\/19\\\/hallan-muerta-a-fabiola-vianey-la-maestra-fue-reportada-como-desaparecida-en-los-mochis\\\/#primaryimage\"},\"thumbnailUrl\":\"https:\\\/\\\/fuentesfidedignas.com.mx\\\/wp-content\\\/uploads\\\/2022\\\/06\\\/FABIOLA_VIANEY.jpg\",\"articleSection\":[\"NOTA PRINCIPAL\"],\"inLanguage\":\"es\",\"potentialAction\":[{\"@type\":\"CommentAction\",\"name\":\"Comment\",\"target\":[\"https:\\\/\\\/fuentesfidedignas.com.mx\\\/index.php\\\/2022\\\/06\\\/19\\\/hallan-muerta-a-fabiola-vianey-la-maestra-fue-reportada-como-desaparecida-en-los-mochis\\\/#respond\"]}]},{\"@type\":\"WebPage\",\"@id\":\"https:\\\/\\\/fuentesfidedignas.com.mx\\\/index.php\\\/2022\\\/06\\\/19\\\/hallan-muerta-a-fabiola-vianey-la-maestra-fue-reportada-como-desaparecida-en-los-mochis\\\/\",\"url\":\"https:\\\/\\\/fuentesfidedignas.com.mx\\\/index.php\\\/2022\\\/06\\\/19\\\/hallan-muerta-a-fabiola-vianey-la-maestra-fue-reportada-como-desaparecida-en-los-mochis\\\/\",\"name\":\"Hallan muerta a Fabiola Vianey; la maestra fue reportada como desaparecida en Los Mochis - Fuentes Fidedignas\",\"isPartOf\":{\"@id\":\"https:\\\/\\\/fuentesfidedignas.com.mx\\\/#website\"},\"primaryImageOfPage\":{\"@id\":\"https:\\\/\\\/fuentesfidedignas.com.mx\\\/index.php\\\/2022\\\/06\\\/19\\\/hallan-muerta-a-fabiola-vianey-la-maestra-fue-reportada-como-desaparecida-en-los-mochis\\\/#primaryimage\"},\"image\":{\"@id\":\"https:\\\/\\\/fuentesfidedignas.com.mx\\\/index.php\\\/2022\\\/06\\\/19\\\/hallan-muerta-a-fabiola-vianey-la-maestra-fue-reportada-como-desaparecida-en-los-mochis\\\/#primaryimage\"},\"thumbnailUrl\":\"https:\\\/\\\/fuentesfidedignas.com.mx\\\/wp-content\\\/uploads\\\/2022\\\/06\\\/FABIOLA_VIANEY.jpg\",\"datePublished\":\"2022-06-19T15:47:27+00:00\",\"dateModified\":\"2022-06-19T15:50:16+00:00\",\"breadcrumb\":{\"@id\":\"https:\\\/\\\/fuentesfidedignas.com.mx\\\/index.php\\\/2022\\\/06\\\/19\\\/hallan-muerta-a-fabiola-vianey-la-maestra-fue-reportada-como-desaparecida-en-los-mochis\\\/#breadcrumb\"},\"inLanguage\":\"es\",\"potentialAction\":[{\"@type\":\"ReadAction\",\"target\":[\"https:\\\/\\\/fuentesfidedignas.com.mx\\\/index.php\\\/2022\\\/06\\\/19\\\/hallan-muerta-a-fabiola-vianey-la-maestra-fue-reportada-como-desaparecida-en-los-mochis\\\/\"]}]},{\"@type\":\"ImageObject\",\"inLanguage\":\"es\",\"@id\":\"https:\\\/\\\/fuentesfidedignas.com.mx\\\/index.php\\\/2022\\\/06\\\/19\\\/hallan-muerta-a-fabiola-vianey-la-maestra-fue-reportada-como-desaparecida-en-los-mochis\\\/#primaryimage\",\"url\":\"https:\\\/\\\/fuentesfidedignas.com.mx\\\/wp-content\\\/uploads\\\/2022\\\/06\\\/FABIOLA_VIANEY.jpg\",\"contentUrl\":\"https:\\\/\\\/fuentesfidedignas.com.mx\\\/wp-content\\\/uploads\\\/2022\\\/06\\\/FABIOLA_VIANEY.jpg\",\"width\":1349,\"height\":783},{\"@type\":\"BreadcrumbList\",\"@id\":\"https:\\\/\\\/fuentesfidedignas.com.mx\\\/index.php\\\/2022\\\/06\\\/19\\\/hallan-muerta-a-fabiola-vianey-la-maestra-fue-reportada-como-desaparecida-en-los-mochis\\\/#breadcrumb\",\"itemListElement\":[{\"@type\":\"ListItem\",\"position\":1,\"name\":\"Inicio\",\"item\":\"https:\\\/\\\/fuentesfidedignas.com.mx\\\/\"},{\"@type\":\"ListItem\",\"position\":2,\"name\":\"Hallan muerta a Fabiola Vianey; la maestra fue reportada como desaparecida en Los Mochis\"}]},{\"@type\":\"WebSite\",\"@id\":\"https:\\\/\\\/fuentesfidedignas.com.mx\\\/#website\",\"url\":\"https:\\\/\\\/fuentesfidedignas.com.mx\\\/\",\"name\":\"Fuentes Fidedignas\",\"description\":\"Otro sitio realizado con WordPress\",\"publisher\":{\"@id\":\"https:\\\/\\\/fuentesfidedignas.com.mx\\\/#organization\"},\"potentialAction\":[{\"@type\":\"SearchAction\",\"target\":{\"@type\":\"EntryPoint\",\"urlTemplate\":\"https:\\\/\\\/fuentesfidedignas.com.mx\\\/?s={search_term_string}\"},\"query-input\":{\"@type\":\"PropertyValueSpecification\",\"valueRequired\":true,\"valueName\":\"search_term_string\"}}],\"inLanguage\":\"es\"},{\"@type\":\"Organization\",\"@id\":\"https:\\\/\\\/fuentesfidedignas.com.mx\\\/#organization\",\"name\":\"Fuentes Fidedignas\",\"url\":\"https:\\\/\\\/fuentesfidedignas.com.mx\\\/\",\"logo\":{\"@type\":\"ImageObject\",\"inLanguage\":\"es\",\"@id\":\"https:\\\/\\\/fuentesfidedignas.com.mx\\\/#\\\/schema\\\/logo\\\/image\\\/\",\"url\":\"https:\\\/\\\/fuentesfidedignas.com.mx\\\/wp-content\\\/uploads\\\/2021\\\/04\\\/logo-retina.png\",\"contentUrl\":\"https:\\\/\\\/fuentesfidedignas.com.mx\\\/wp-content\\\/uploads\\\/2021\\\/04\\\/logo-retina.png\",\"width\":280,\"height\":51,\"caption\":\"Fuentes Fidedignas\"},\"image\":{\"@id\":\"https:\\\/\\\/fuentesfidedignas.com.mx\\\/#\\\/schema\\\/logo\\\/image\\\/\"},\"sameAs\":[\"https:\\\/\\\/www.facebook.com\\\/Fuentes-Fidedignas-368234489921644\",\"https:\\\/\\\/x.com\\\/fidedignas\"]},{\"@type\":\"Person\",\"@id\":\"https:\\\/\\\/fuentesfidedignas.com.mx\\\/#\\\/schema\\\/person\\\/fee3882e65fd0510d292c43a346d35d7\",\"name\":\"El Universal\",\"image\":{\"@type\":\"ImageObject\",\"inLanguage\":\"es\",\"@id\":\"https:\\\/\\\/secure.gravatar.com\\\/avatar\\\/1ebc94d82b6c3c081781f73e5b76a0d0c1ac7bf8e57426f18802246eeaa2747c?s=96&d=mm&r=g\",\"url\":\"https:\\\/\\\/secure.gravatar.com\\\/avatar\\\/1ebc94d82b6c3c081781f73e5b76a0d0c1ac7bf8e57426f18802246eeaa2747c?s=96&d=mm&r=g\",\"contentUrl\":\"https:\\\/\\\/secure.gravatar.com\\\/avatar\\\/1ebc94d82b6c3c081781f73e5b76a0d0c1ac7bf8e57426f18802246eeaa2747c?s=96&d=mm&r=g\",\"caption\":\"El Universal\"},\"url\":\"https:\\\/\\\/fuentesfidedignas.com.mx\\\/index.php\\\/author\\\/el-universal\\\/\"}]}<\/script>\n<!-- \/ Yoast SEO plugin. -->","yoast_head_json":{"title":"Hallan muerta a Fabiola Vianey; la maestra fue reportada como desaparecida en Los Mochis - Fuentes Fidedignas","robots":{"index":"index","follow":"follow","max-snippet":"max-snippet:-1","max-image-preview":"max-image-preview:large","max-video-preview":"max-video-preview:-1"},"canonical":"https:\/\/fuentesfidedignas.com.mx\/index.php\/2022\/06\/19\/hallan-muerta-a-fabiola-vianey-la-maestra-fue-reportada-como-desaparecida-en-los-mochis\/","og_locale":"es_MX","og_type":"article","og_title":"Hallan muerta a Fabiola Vianey; la maestra fue reportada como desaparecida en Los Mochis - Fuentes Fidedignas","og_description":"En el inmueble donde fue localizado su cuerpo, fue detenido un hombre ante la versi\u00f3n de que la mujer fue privada de la vida por un golpe durante un forcejeo Ahome, Sin.- Una joven maestra, de nombre Fabiola Vianey \u201cN\u201d de 27 a\u00f1os de edad reportada el viernes pasado como desaparecida luego de llevar a [&hellip;]","og_url":"https:\/\/fuentesfidedignas.com.mx\/index.php\/2022\/06\/19\/hallan-muerta-a-fabiola-vianey-la-maestra-fue-reportada-como-desaparecida-en-los-mochis\/","og_site_name":"Fuentes Fidedignas","article_publisher":"https:\/\/www.facebook.com\/Fuentes-Fidedignas-368234489921644","article_published_time":"2022-06-19T15:47:27+00:00","article_modified_time":"2022-06-19T15:50:16+00:00","og_image":[{"width":1349,"height":783,"url":"https:\/\/fuentesfidedignas.com.mx\/wp-content\/uploads\/2022\/06\/FABIOLA_VIANEY.jpg","type":"image\/jpeg"}],"author":"El Universal","twitter_card":"summary_large_image","twitter_creator":"@fidedignas","twitter_site":"@fidedignas","twitter_misc":{"Escrito por":"El Universal","Tiempo de lectura":"2 minutos"},"schema":{"@context":"https:\/\/schema.org","@graph":[{"@type":"Article","@id":"https:\/\/fuentesfidedignas.com.mx\/index.php\/2022\/06\/19\/hallan-muerta-a-fabiola-vianey-la-maestra-fue-reportada-como-desaparecida-en-los-mochis\/#article","isPartOf":{"@id":"https:\/\/fuentesfidedignas.com.mx\/index.php\/2022\/06\/19\/hallan-muerta-a-fabiola-vianey-la-maestra-fue-reportada-como-desaparecida-en-los-mochis\/"},"author":{"name":"El Universal","@id":"https:\/\/fuentesfidedignas.com.mx\/#\/schema\/person\/fee3882e65fd0510d292c43a346d35d7"},"headline":"Hallan muerta a Fabiola Vianey; la maestra fue reportada como desaparecida en Los Mochis","datePublished":"2022-06-19T15:47:27+00:00","dateModified":"2022-06-19T15:50:16+00:00","mainEntityOfPage":{"@id":"https:\/\/fuentesfidedignas.com.mx\/index.php\/2022\/06\/19\/hallan-muerta-a-fabiola-vianey-la-maestra-fue-reportada-como-desaparecida-en-los-mochis\/"},"wordCount":401,"commentCount":0,"publisher":{"@id":"https:\/\/fuentesfidedignas.com.mx\/#organization"},"image":{"@id":"https:\/\/fuentesfidedignas.com.mx\/index.php\/2022\/06\/19\/hallan-muerta-a-fabiola-vianey-la-maestra-fue-reportada-como-desaparecida-en-los-mochis\/#primaryimage"},"thumbnailUrl":"https:\/\/fuentesfidedignas.com.mx\/wp-content\/uploads\/2022\/06\/FABIOLA_VIANEY.jpg","articleSection":["NOTA PRINCIPAL"],"inLanguage":"es","potentialAction":[{"@type":"CommentAction","name":"Comment","target":["https:\/\/fuentesfidedignas.com.mx\/index.php\/2022\/06\/19\/hallan-muerta-a-fabiola-vianey-la-maestra-fue-reportada-como-desaparecida-en-los-mochis\/#respond"]}]},{"@type":"WebPage","@id":"https:\/\/fuentesfidedignas.com.mx\/index.php\/2022\/06\/19\/hallan-muerta-a-fabiola-vianey-la-maestra-fue-reportada-como-desaparecida-en-los-mochis\/","url":"https:\/\/fuentesfidedignas.com.mx\/index.php\/2022\/06\/19\/hallan-muerta-a-fabiola-vianey-la-maestra-fue-reportada-como-desaparecida-en-los-mochis\/","name":"Hallan muerta a Fabiola Vianey; la maestra fue reportada como desaparecida en Los Mochis - Fuentes Fidedignas","isPartOf":{"@id":"https:\/\/fuentesfidedignas.com.mx\/#website"},"primaryImageOfPage":{"@id":"https:\/\/fuentesfidedignas.com.mx\/index.php\/2022\/06\/19\/hallan-muerta-a-fabiola-vianey-la-maestra-fue-reportada-como-desaparecida-en-los-mochis\/#primaryimage"},"image":{"@id":"https:\/\/fuentesfidedignas.com.mx\/index.php\/2022\/06\/19\/hallan-muerta-a-fabiola-vianey-la-maestra-fue-reportada-como-desaparecida-en-los-mochis\/#primaryimage"},"thumbnailUrl":"https:\/\/fuentesfidedignas.com.mx\/wp-content\/uploads\/2022\/06\/FABIOLA_VIANEY.jpg","datePublished":"2022-06-19T15:47:27+00:00","dateModified":"2022-06-19T15:50:16+00:00","breadcrumb":{"@id":"https:\/\/fuentesfidedignas.com.mx\/index.php\/2022\/06\/19\/hallan-muerta-a-fabiola-vianey-la-maestra-fue-reportada-como-desaparecida-en-los-mochis\/#breadcrumb"},"inLanguage":"es","potentialAction":[{"@type":"ReadAction","target":["https:\/\/fuentesfidedignas.com.mx\/index.php\/2022\/06\/19\/hallan-muerta-a-fabiola-vianey-la-maestra-fue-reportada-como-desaparecida-en-los-mochis\/"]}]},{"@type":"ImageObject","inLanguage":"es","@id":"https:\/\/fuentesfidedignas.com.mx\/index.php\/2022\/06\/19\/hallan-muerta-a-fabiola-vianey-la-maestra-fue-reportada-como-desaparecida-en-los-mochis\/#primaryimage","url":"https:\/\/fuentesfidedignas.com.mx\/wp-content\/uploads\/2022\/06\/FABIOLA_VIANEY.jpg","contentUrl":"https:\/\/fuentesfidedignas.com.mx\/wp-content\/uploads\/2022\/06\/FABIOLA_VIANEY.jpg","width":1349,"height":783},{"@type":"BreadcrumbList","@id":"https:\/\/fuentesfidedignas.com.mx\/index.php\/2022\/06\/19\/hallan-muerta-a-fabiola-vianey-la-maestra-fue-reportada-como-desaparecida-en-los-mochis\/#breadcrumb","itemListElement":[{"@type":"ListItem","position":1,"name":"Inicio","item":"https:\/\/fuentesfidedignas.com.mx\/"},{"@type":"ListItem","position":2,"name":"Hallan muerta a Fabiola Vianey; la maestra fue reportada como desaparecida en Los Mochis"}]},{"@type":"WebSite","@id":"https:\/\/fuentesfidedignas.com.mx\/#website","url":"https:\/\/fuentesfidedignas.com.mx\/","name":"Fuentes Fidedignas","description":"Otro sitio realizado con WordPress","publisher":{"@id":"https:\/\/fuentesfidedignas.com.mx\/#organization"},"potentialAction":[{"@type":"SearchAction","target":{"@type":"EntryPoint","urlTemplate":"https:\/\/fuentesfidedignas.com.mx\/?s={search_term_string}"},"query-input":{"@type":"PropertyValueSpecification","valueRequired":true,"valueName":"search_term_string"}}],"inLanguage":"es"},{"@type":"Organization","@id":"https:\/\/fuentesfidedignas.com.mx\/#organization","name":"Fuentes Fidedignas","url":"https:\/\/fuentesfidedignas.com.mx\/","logo":{"@type":"ImageObject","inLanguage":"es","@id":"https:\/\/fuentesfidedignas.com.mx\/#\/schema\/logo\/image\/","url":"https:\/\/fuentesfidedignas.com.mx\/wp-content\/uploads\/2021\/04\/logo-retina.png","contentUrl":"https:\/\/fuentesfidedignas.com.mx\/wp-content\/uploads\/2021\/04\/logo-retina.png","width":280,"height":51,"caption":"Fuentes Fidedignas"},"image":{"@id":"https:\/\/fuentesfidedignas.com.mx\/#\/schema\/logo\/image\/"},"sameAs":["https:\/\/www.facebook.com\/Fuentes-Fidedignas-368234489921644","https:\/\/x.com\/fidedignas"]},{"@type":"Person","@id":"https:\/\/fuentesfidedignas.com.mx\/#\/schema\/person\/fee3882e65fd0510d292c43a346d35d7","name":"El Universal","image":{"@type":"ImageObject","inLanguage":"es","@id":"https:\/\/secure.gravatar.com\/avatar\/1ebc94d82b6c3c081781f73e5b76a0d0c1ac7bf8e57426f18802246eeaa2747c?s=96&d=mm&r=g","url":"https:\/\/secure.gravatar.com\/avatar\/1ebc94d82b6c3c081781f73e5b76a0d0c1ac7bf8e57426f18802246eeaa2747c?s=96&d=mm&r=g","contentUrl":"https:\/\/secure.gravatar.com\/avatar\/1ebc94d82b6c3c081781f73e5b76a0d0c1ac7bf8e57426f18802246eeaa2747c?s=96&d=mm&r=g","caption":"El Universal"},"url":"https:\/\/fuentesfidedignas.com.mx\/index.php\/author\/el-universal\/"}]}},"_links":{"self":[{"href":"https:\/\/fuentesfidedignas.com.mx\/index.php\/wp-json\/wp\/v2\/posts\/34825","targetHints":{"allow":["GET"]}}],"collection":[{"href":"https:\/\/fuentesfidedignas.com.mx\/index.php\/wp-json\/wp\/v2\/posts"}],"about":[{"href":"https:\/\/fuentesfidedignas.com.mx\/index.php\/wp-json\/wp\/v2\/types\/post"}],"author":[{"embeddable":true,"href":"https:\/\/fuentesfidedignas.com.mx\/index.php\/wp-json\/wp\/v2\/users\/39"}],"replies":[{"embeddable":true,"href":"https:\/\/fuentesfidedignas.com.mx\/index.php\/wp-json\/wp\/v2\/comments?post=34825"}],"version-history":[{"count":2,"href":"https:\/\/fuentesfidedignas.com.mx\/index.php\/wp-json\/wp\/v2\/posts\/34825\/revisions"}],"predecessor-version":[{"id":34828,"href":"https:\/\/fuentesfidedignas.com.mx\/index.php\/wp-json\/wp\/v2\/posts\/34825\/revisions\/34828"}],"wp:featuredmedia":[{"embeddable":true,"href":"https:\/\/fuentesfidedignas.com.mx\/index.php\/wp-json\/wp\/v2\/media\/34826"}],"wp:attachment":[{"href":"https:\/\/fuentesfidedignas.com.mx\/index.php\/wp-json\/wp\/v2\/media?parent=34825"}],"wp:term":[{"taxonomy":"category","embeddable":true,"href":"https:\/\/fuentesfidedignas.com.mx\/index.php\/wp-json\/wp\/v2\/categories?post=34825"},{"taxonomy":"post_tag","embeddable":true,"href":"https:\/\/fuentesfidedignas.com.mx\/index.php\/wp-json\/wp\/v2\/tags?post=34825"}],"curies":[{"name":"wp","href":"https:\/\/api.w.org\/{rel}","templated":true}]}}