{"id":34787,"date":"2022-06-18T12:48:53","date_gmt":"2022-06-18T18:48:53","guid":{"rendered":"https:\/\/fuentesfidedignas.com.mx\/?p=34787"},"modified":"2022-06-18T12:55:56","modified_gmt":"2022-06-18T18:55:56","slug":"gran-dia-para-ahome-por-la-entrega-del-pmd-gerardo-vargas-landeros","status":"publish","type":"post","link":"https:\/\/fuentesfidedignas.com.mx\/index.php\/2022\/06\/18\/gran-dia-para-ahome-por-la-entrega-del-pmd-gerardo-vargas-landeros\/","title":{"rendered":"\u201cGran d\u00eda para Ahome por la entrega del PMD\u201d: Gerardo Vargas Landeros"},"content":{"rendered":"\n<p><strong><em>El Presidente Municipal se dijo contento con la visita del Gobernador Rocha Moya, quien ratific\u00f3 su compromiso de ayudar al Ayuntamiento para resolver las necesidades plasmadas en el Plan Municipal de Desarrollo<\/em><\/strong><\/p>\n\n\n\n<p>Ahome, Sin.- El Presidente Municipal de <strong>Ahome<\/strong>, <strong>Gerardo<\/strong> <strong>Vargas Landeros<\/strong>, se mostr\u00f3 muy contento por la respuesta que tuvo de las diversas autoridades, quienes acudieron a la presentaci\u00f3n del <strong>Plan Municipal de Desarrollo<\/strong>, destacando la presencia del Gobernador de Sinaloa, doctor <strong>Rub\u00e9n Rocha Moya<\/strong>, quien, dijo, refrend\u00f3 su compromiso de ayudar a resolver las necesidades del municipio.<\/p>\n\n\n\n<p><em>\u201cEl Gobernador estaba muy contento y nos dej\u00f3 muy contentos, a m\u00ed en lo personal, al equipo de nosotros, del Ayuntamiento, obviamente sus palabras tambi\u00e9n son para ellos y para la ciudadan\u00eda, hizo compromisos, ratific\u00f3 compromisos de ayudarle al Ayuntamiento para resolver todas estas necesidades que estamos platicando, as\u00ed que ayer fue un gran d\u00eda para Ahome<\/em>\u201d.<\/p>\n\n\n\n<p>Explic\u00f3 que tras la presentaci\u00f3n del <strong>Plan Municipal de Desarrollo<\/strong> se reunieron con empresarios, y que este sector se mostr\u00f3 muy motivado al escuchar al Gobernador de Sinaloa, quien dirigi\u00f3 unas palabras de aliento para que invirtieran en <strong>Ahome<\/strong> y <strong>Sinaloa<\/strong>.<\/p>\n\n\n\n<p>En cuanto al respaldo que el doctor <strong>Rub\u00e9n Rocha Moya<\/strong> le dio a la primera autoridad del municipio, el Presidente <strong>Gerardo Vargas Landeros<\/strong> subray\u00f3 que su compromiso y su mente est\u00e1n en <strong>Ahome<\/strong>, pues tiene que atender su compromiso, que es resolver las necesidades m\u00e1s primordiales de la ciudadan\u00eda.<\/p>\n\n\n\n<p>El alcalde aprovech\u00f3 para hacer un llamado a todos los sectores para que sean vigilantes, en todo momento, de la actuaci\u00f3n del <strong>Gobierno Municipal<\/strong> en todos sus niveles.<\/p>\n","protected":false},"excerpt":{"rendered":"<p>El Presidente Municipal se dijo contento con la visita del Gobernador Rocha Moya, quien ratific\u00f3 su compromiso de ayudar al Ayuntamiento para resolver las necesidades plasmadas en el Plan Municipal de Desarrollo Ahome, Sin.- El Presidente Municipal de Ahome, Gerardo Vargas Landeros, se mostr\u00f3 muy contento por la respuesta que tuvo de las diversas autoridades, [&hellip;]<\/p>\n","protected":false},"author":4,"featured_media":34789,"comment_status":"open","ping_status":"open","sticky":false,"template":"","format":"standard","meta":{"tdm_status":"","tdm_grid_status":"","footnotes":""},"categories":[38],"tags":[1715,1654],"class_list":{"0":"post-34787","1":"post","2":"type-post","3":"status-publish","4":"format-standard","5":"has-post-thumbnail","7":"category-noticias-locales","8":"tag-ayuntamiento-de-ahome","9":"tag-gerardo-vargas-landeros"},"yoast_head":"<!-- This site is optimized with the Yoast SEO plugin v27.5 - https:\/\/yoast.com\/product\/yoast-seo-wordpress\/ -->\n<title>\u201cGran d\u00eda para Ahome por la entrega del PMD\u201d: Gerardo Vargas Landeros - Fuentes Fidedignas<\/title>\n<meta name=\"robots\" content=\"index, follow, max-snippet:-1, max-image-preview:large, max-video-preview:-1\" \/>\n<link rel=\"canonical\" href=\"https:\/\/fuentesfidedignas.com.mx\/index.php\/2022\/06\/18\/gran-dia-para-ahome-por-la-entrega-del-pmd-gerardo-vargas-landeros\/\" \/>\n<meta property=\"og:locale\" content=\"es_MX\" \/>\n<meta property=\"og:type\" content=\"article\" \/>\n<meta property=\"og:title\" content=\"\u201cGran d\u00eda para Ahome por la entrega del PMD\u201d: Gerardo Vargas Landeros - Fuentes Fidedignas\" \/>\n<meta property=\"og:description\" content=\"El Presidente Municipal se dijo contento con la visita del Gobernador Rocha Moya, quien ratific\u00f3 su compromiso de ayudar al Ayuntamiento para resolver las necesidades plasmadas en el Plan Municipal de Desarrollo Ahome, Sin.- El Presidente Municipal de Ahome, Gerardo Vargas Landeros, se mostr\u00f3 muy contento por la respuesta que tuvo de las diversas autoridades, [&hellip;]\" \/>\n<meta property=\"og:url\" content=\"https:\/\/fuentesfidedignas.com.mx\/index.php\/2022\/06\/18\/gran-dia-para-ahome-por-la-entrega-del-pmd-gerardo-vargas-landeros\/\" \/>\n<meta property=\"og:site_name\" content=\"Fuentes Fidedignas\" \/>\n<meta property=\"article:publisher\" content=\"https:\/\/www.facebook.com\/Fuentes-Fidedignas-368234489921644\" \/>\n<meta property=\"article:published_time\" content=\"2022-06-18T18:48:53+00:00\" \/>\n<meta property=\"article:modified_time\" content=\"2022-06-18T18:55:56+00:00\" \/>\n<meta property=\"og:image\" content=\"https:\/\/fuentesfidedignas.com.mx\/wp-content\/uploads\/2022\/06\/IMG-20220618-WA0073.jpg\" \/>\n\t<meta property=\"og:image:width\" content=\"1280\" \/>\n\t<meta property=\"og:image:height\" content=\"853\" \/>\n\t<meta property=\"og:image:type\" content=\"image\/jpeg\" \/>\n<meta name=\"author\" content=\"Redacci\u00f3n\" \/>\n<meta name=\"twitter:card\" content=\"summary_large_image\" \/>\n<meta name=\"twitter:creator\" content=\"@fidedignas\" \/>\n<meta name=\"twitter:site\" content=\"@fidedignas\" \/>\n<meta name=\"twitter:label1\" content=\"Escrito por\" \/>\n\t<meta name=\"twitter:data1\" content=\"Redacci\u00f3n\" \/>\n\t<meta name=\"twitter:label2\" content=\"Tiempo de lectura\" \/>\n\t<meta name=\"twitter:data2\" content=\"2 minutos\" \/>\n<script type=\"application\/ld+json\" class=\"yoast-schema-graph\">{\"@context\":\"https:\\\/\\\/schema.org\",\"@graph\":[{\"@type\":\"Article\",\"@id\":\"https:\\\/\\\/fuentesfidedignas.com.mx\\\/index.php\\\/2022\\\/06\\\/18\\\/gran-dia-para-ahome-por-la-entrega-del-pmd-gerardo-vargas-landeros\\\/#article\",\"isPartOf\":{\"@id\":\"https:\\\/\\\/fuentesfidedignas.com.mx\\\/index.php\\\/2022\\\/06\\\/18\\\/gran-dia-para-ahome-por-la-entrega-del-pmd-gerardo-vargas-landeros\\\/\"},\"author\":{\"name\":\"Redacci\u00f3n\",\"@id\":\"https:\\\/\\\/fuentesfidedignas.com.mx\\\/#\\\/schema\\\/person\\\/331be9283d37198e2acd5750279085b0\"},\"headline\":\"\u201cGran d\u00eda para Ahome por la entrega del PMD\u201d: Gerardo Vargas Landeros\",\"datePublished\":\"2022-06-18T18:48:53+00:00\",\"dateModified\":\"2022-06-18T18:55:56+00:00\",\"mainEntityOfPage\":{\"@id\":\"https:\\\/\\\/fuentesfidedignas.com.mx\\\/index.php\\\/2022\\\/06\\\/18\\\/gran-dia-para-ahome-por-la-entrega-del-pmd-gerardo-vargas-landeros\\\/\"},\"wordCount\":289,\"commentCount\":0,\"publisher\":{\"@id\":\"https:\\\/\\\/fuentesfidedignas.com.mx\\\/#organization\"},\"image\":{\"@id\":\"https:\\\/\\\/fuentesfidedignas.com.mx\\\/index.php\\\/2022\\\/06\\\/18\\\/gran-dia-para-ahome-por-la-entrega-del-pmd-gerardo-vargas-landeros\\\/#primaryimage\"},\"thumbnailUrl\":\"https:\\\/\\\/fuentesfidedignas.com.mx\\\/wp-content\\\/uploads\\\/2022\\\/06\\\/IMG-20220618-WA0073.jpg\",\"keywords\":[\"Ayuntamiento de Ahome\",\"Gerardo Vargas Landeros\"],\"articleSection\":[\"NOTICIAS LOCALES\"],\"inLanguage\":\"es\",\"potentialAction\":[{\"@type\":\"CommentAction\",\"name\":\"Comment\",\"target\":[\"https:\\\/\\\/fuentesfidedignas.com.mx\\\/index.php\\\/2022\\\/06\\\/18\\\/gran-dia-para-ahome-por-la-entrega-del-pmd-gerardo-vargas-landeros\\\/#respond\"]}]},{\"@type\":\"WebPage\",\"@id\":\"https:\\\/\\\/fuentesfidedignas.com.mx\\\/index.php\\\/2022\\\/06\\\/18\\\/gran-dia-para-ahome-por-la-entrega-del-pmd-gerardo-vargas-landeros\\\/\",\"url\":\"https:\\\/\\\/fuentesfidedignas.com.mx\\\/index.php\\\/2022\\\/06\\\/18\\\/gran-dia-para-ahome-por-la-entrega-del-pmd-gerardo-vargas-landeros\\\/\",\"name\":\"\u201cGran d\u00eda para Ahome por la entrega del PMD\u201d: Gerardo Vargas Landeros - Fuentes Fidedignas\",\"isPartOf\":{\"@id\":\"https:\\\/\\\/fuentesfidedignas.com.mx\\\/#website\"},\"primaryImageOfPage\":{\"@id\":\"https:\\\/\\\/fuentesfidedignas.com.mx\\\/index.php\\\/2022\\\/06\\\/18\\\/gran-dia-para-ahome-por-la-entrega-del-pmd-gerardo-vargas-landeros\\\/#primaryimage\"},\"image\":{\"@id\":\"https:\\\/\\\/fuentesfidedignas.com.mx\\\/index.php\\\/2022\\\/06\\\/18\\\/gran-dia-para-ahome-por-la-entrega-del-pmd-gerardo-vargas-landeros\\\/#primaryimage\"},\"thumbnailUrl\":\"https:\\\/\\\/fuentesfidedignas.com.mx\\\/wp-content\\\/uploads\\\/2022\\\/06\\\/IMG-20220618-WA0073.jpg\",\"datePublished\":\"2022-06-18T18:48:53+00:00\",\"dateModified\":\"2022-06-18T18:55:56+00:00\",\"breadcrumb\":{\"@id\":\"https:\\\/\\\/fuentesfidedignas.com.mx\\\/index.php\\\/2022\\\/06\\\/18\\\/gran-dia-para-ahome-por-la-entrega-del-pmd-gerardo-vargas-landeros\\\/#breadcrumb\"},\"inLanguage\":\"es\",\"potentialAction\":[{\"@type\":\"ReadAction\",\"target\":[\"https:\\\/\\\/fuentesfidedignas.com.mx\\\/index.php\\\/2022\\\/06\\\/18\\\/gran-dia-para-ahome-por-la-entrega-del-pmd-gerardo-vargas-landeros\\\/\"]}]},{\"@type\":\"ImageObject\",\"inLanguage\":\"es\",\"@id\":\"https:\\\/\\\/fuentesfidedignas.com.mx\\\/index.php\\\/2022\\\/06\\\/18\\\/gran-dia-para-ahome-por-la-entrega-del-pmd-gerardo-vargas-landeros\\\/#primaryimage\",\"url\":\"https:\\\/\\\/fuentesfidedignas.com.mx\\\/wp-content\\\/uploads\\\/2022\\\/06\\\/IMG-20220618-WA0073.jpg\",\"contentUrl\":\"https:\\\/\\\/fuentesfidedignas.com.mx\\\/wp-content\\\/uploads\\\/2022\\\/06\\\/IMG-20220618-WA0073.jpg\",\"width\":1280,\"height\":853},{\"@type\":\"BreadcrumbList\",\"@id\":\"https:\\\/\\\/fuentesfidedignas.com.mx\\\/index.php\\\/2022\\\/06\\\/18\\\/gran-dia-para-ahome-por-la-entrega-del-pmd-gerardo-vargas-landeros\\\/#breadcrumb\",\"itemListElement\":[{\"@type\":\"ListItem\",\"position\":1,\"name\":\"Inicio\",\"item\":\"https:\\\/\\\/fuentesfidedignas.com.mx\\\/\"},{\"@type\":\"ListItem\",\"position\":2,\"name\":\"\u201cGran d\u00eda para Ahome por la entrega del PMD\u201d: Gerardo Vargas Landeros\"}]},{\"@type\":\"WebSite\",\"@id\":\"https:\\\/\\\/fuentesfidedignas.com.mx\\\/#website\",\"url\":\"https:\\\/\\\/fuentesfidedignas.com.mx\\\/\",\"name\":\"Fuentes Fidedignas\",\"description\":\"Otro sitio realizado con WordPress\",\"publisher\":{\"@id\":\"https:\\\/\\\/fuentesfidedignas.com.mx\\\/#organization\"},\"potentialAction\":[{\"@type\":\"SearchAction\",\"target\":{\"@type\":\"EntryPoint\",\"urlTemplate\":\"https:\\\/\\\/fuentesfidedignas.com.mx\\\/?s={search_term_string}\"},\"query-input\":{\"@type\":\"PropertyValueSpecification\",\"valueRequired\":true,\"valueName\":\"search_term_string\"}}],\"inLanguage\":\"es\"},{\"@type\":\"Organization\",\"@id\":\"https:\\\/\\\/fuentesfidedignas.com.mx\\\/#organization\",\"name\":\"Fuentes Fidedignas\",\"url\":\"https:\\\/\\\/fuentesfidedignas.com.mx\\\/\",\"logo\":{\"@type\":\"ImageObject\",\"inLanguage\":\"es\",\"@id\":\"https:\\\/\\\/fuentesfidedignas.com.mx\\\/#\\\/schema\\\/logo\\\/image\\\/\",\"url\":\"https:\\\/\\\/fuentesfidedignas.com.mx\\\/wp-content\\\/uploads\\\/2021\\\/04\\\/logo-retina.png\",\"contentUrl\":\"https:\\\/\\\/fuentesfidedignas.com.mx\\\/wp-content\\\/uploads\\\/2021\\\/04\\\/logo-retina.png\",\"width\":280,\"height\":51,\"caption\":\"Fuentes Fidedignas\"},\"image\":{\"@id\":\"https:\\\/\\\/fuentesfidedignas.com.mx\\\/#\\\/schema\\\/logo\\\/image\\\/\"},\"sameAs\":[\"https:\\\/\\\/www.facebook.com\\\/Fuentes-Fidedignas-368234489921644\",\"https:\\\/\\\/x.com\\\/fidedignas\"]},{\"@type\":\"Person\",\"@id\":\"https:\\\/\\\/fuentesfidedignas.com.mx\\\/#\\\/schema\\\/person\\\/331be9283d37198e2acd5750279085b0\",\"name\":\"Redacci\u00f3n\",\"image\":{\"@type\":\"ImageObject\",\"inLanguage\":\"es\",\"@id\":\"https:\\\/\\\/secure.gravatar.com\\\/avatar\\\/f6d8782c11d12b2d4ad3fbb6931aeab5309937a4d6cd2fc9cfaa28a6396a5aec?s=96&d=mm&r=g\",\"url\":\"https:\\\/\\\/secure.gravatar.com\\\/avatar\\\/f6d8782c11d12b2d4ad3fbb6931aeab5309937a4d6cd2fc9cfaa28a6396a5aec?s=96&d=mm&r=g\",\"contentUrl\":\"https:\\\/\\\/secure.gravatar.com\\\/avatar\\\/f6d8782c11d12b2d4ad3fbb6931aeab5309937a4d6cd2fc9cfaa28a6396a5aec?s=96&d=mm&r=g\",\"caption\":\"Redacci\u00f3n\"},\"url\":\"https:\\\/\\\/fuentesfidedignas.com.mx\\\/index.php\\\/author\\\/redaccion\\\/\"}]}<\/script>\n<!-- \/ Yoast SEO plugin. -->","yoast_head_json":{"title":"\u201cGran d\u00eda para Ahome por la entrega del PMD\u201d: Gerardo Vargas Landeros - Fuentes Fidedignas","robots":{"index":"index","follow":"follow","max-snippet":"max-snippet:-1","max-image-preview":"max-image-preview:large","max-video-preview":"max-video-preview:-1"},"canonical":"https:\/\/fuentesfidedignas.com.mx\/index.php\/2022\/06\/18\/gran-dia-para-ahome-por-la-entrega-del-pmd-gerardo-vargas-landeros\/","og_locale":"es_MX","og_type":"article","og_title":"\u201cGran d\u00eda para Ahome por la entrega del PMD\u201d: Gerardo Vargas Landeros - Fuentes Fidedignas","og_description":"El Presidente Municipal se dijo contento con la visita del Gobernador Rocha Moya, quien ratific\u00f3 su compromiso de ayudar al Ayuntamiento para resolver las necesidades plasmadas en el Plan Municipal de Desarrollo Ahome, Sin.- El Presidente Municipal de Ahome, Gerardo Vargas Landeros, se mostr\u00f3 muy contento por la respuesta que tuvo de las diversas autoridades, [&hellip;]","og_url":"https:\/\/fuentesfidedignas.com.mx\/index.php\/2022\/06\/18\/gran-dia-para-ahome-por-la-entrega-del-pmd-gerardo-vargas-landeros\/","og_site_name":"Fuentes Fidedignas","article_publisher":"https:\/\/www.facebook.com\/Fuentes-Fidedignas-368234489921644","article_published_time":"2022-06-18T18:48:53+00:00","article_modified_time":"2022-06-18T18:55:56+00:00","og_image":[{"width":1280,"height":853,"url":"https:\/\/fuentesfidedignas.com.mx\/wp-content\/uploads\/2022\/06\/IMG-20220618-WA0073.jpg","type":"image\/jpeg"}],"author":"Redacci\u00f3n","twitter_card":"summary_large_image","twitter_creator":"@fidedignas","twitter_site":"@fidedignas","twitter_misc":{"Escrito por":"Redacci\u00f3n","Tiempo de lectura":"2 minutos"},"schema":{"@context":"https:\/\/schema.org","@graph":[{"@type":"Article","@id":"https:\/\/fuentesfidedignas.com.mx\/index.php\/2022\/06\/18\/gran-dia-para-ahome-por-la-entrega-del-pmd-gerardo-vargas-landeros\/#article","isPartOf":{"@id":"https:\/\/fuentesfidedignas.com.mx\/index.php\/2022\/06\/18\/gran-dia-para-ahome-por-la-entrega-del-pmd-gerardo-vargas-landeros\/"},"author":{"name":"Redacci\u00f3n","@id":"https:\/\/fuentesfidedignas.com.mx\/#\/schema\/person\/331be9283d37198e2acd5750279085b0"},"headline":"\u201cGran d\u00eda para Ahome por la entrega del PMD\u201d: Gerardo Vargas Landeros","datePublished":"2022-06-18T18:48:53+00:00","dateModified":"2022-06-18T18:55:56+00:00","mainEntityOfPage":{"@id":"https:\/\/fuentesfidedignas.com.mx\/index.php\/2022\/06\/18\/gran-dia-para-ahome-por-la-entrega-del-pmd-gerardo-vargas-landeros\/"},"wordCount":289,"commentCount":0,"publisher":{"@id":"https:\/\/fuentesfidedignas.com.mx\/#organization"},"image":{"@id":"https:\/\/fuentesfidedignas.com.mx\/index.php\/2022\/06\/18\/gran-dia-para-ahome-por-la-entrega-del-pmd-gerardo-vargas-landeros\/#primaryimage"},"thumbnailUrl":"https:\/\/fuentesfidedignas.com.mx\/wp-content\/uploads\/2022\/06\/IMG-20220618-WA0073.jpg","keywords":["Ayuntamiento de Ahome","Gerardo Vargas Landeros"],"articleSection":["NOTICIAS LOCALES"],"inLanguage":"es","potentialAction":[{"@type":"CommentAction","name":"Comment","target":["https:\/\/fuentesfidedignas.com.mx\/index.php\/2022\/06\/18\/gran-dia-para-ahome-por-la-entrega-del-pmd-gerardo-vargas-landeros\/#respond"]}]},{"@type":"WebPage","@id":"https:\/\/fuentesfidedignas.com.mx\/index.php\/2022\/06\/18\/gran-dia-para-ahome-por-la-entrega-del-pmd-gerardo-vargas-landeros\/","url":"https:\/\/fuentesfidedignas.com.mx\/index.php\/2022\/06\/18\/gran-dia-para-ahome-por-la-entrega-del-pmd-gerardo-vargas-landeros\/","name":"\u201cGran d\u00eda para Ahome por la entrega del PMD\u201d: Gerardo Vargas Landeros - Fuentes Fidedignas","isPartOf":{"@id":"https:\/\/fuentesfidedignas.com.mx\/#website"},"primaryImageOfPage":{"@id":"https:\/\/fuentesfidedignas.com.mx\/index.php\/2022\/06\/18\/gran-dia-para-ahome-por-la-entrega-del-pmd-gerardo-vargas-landeros\/#primaryimage"},"image":{"@id":"https:\/\/fuentesfidedignas.com.mx\/index.php\/2022\/06\/18\/gran-dia-para-ahome-por-la-entrega-del-pmd-gerardo-vargas-landeros\/#primaryimage"},"thumbnailUrl":"https:\/\/fuentesfidedignas.com.mx\/wp-content\/uploads\/2022\/06\/IMG-20220618-WA0073.jpg","datePublished":"2022-06-18T18:48:53+00:00","dateModified":"2022-06-18T18:55:56+00:00","breadcrumb":{"@id":"https:\/\/fuentesfidedignas.com.mx\/index.php\/2022\/06\/18\/gran-dia-para-ahome-por-la-entrega-del-pmd-gerardo-vargas-landeros\/#breadcrumb"},"inLanguage":"es","potentialAction":[{"@type":"ReadAction","target":["https:\/\/fuentesfidedignas.com.mx\/index.php\/2022\/06\/18\/gran-dia-para-ahome-por-la-entrega-del-pmd-gerardo-vargas-landeros\/"]}]},{"@type":"ImageObject","inLanguage":"es","@id":"https:\/\/fuentesfidedignas.com.mx\/index.php\/2022\/06\/18\/gran-dia-para-ahome-por-la-entrega-del-pmd-gerardo-vargas-landeros\/#primaryimage","url":"https:\/\/fuentesfidedignas.com.mx\/wp-content\/uploads\/2022\/06\/IMG-20220618-WA0073.jpg","contentUrl":"https:\/\/fuentesfidedignas.com.mx\/wp-content\/uploads\/2022\/06\/IMG-20220618-WA0073.jpg","width":1280,"height":853},{"@type":"BreadcrumbList","@id":"https:\/\/fuentesfidedignas.com.mx\/index.php\/2022\/06\/18\/gran-dia-para-ahome-por-la-entrega-del-pmd-gerardo-vargas-landeros\/#breadcrumb","itemListElement":[{"@type":"ListItem","position":1,"name":"Inicio","item":"https:\/\/fuentesfidedignas.com.mx\/"},{"@type":"ListItem","position":2,"name":"\u201cGran d\u00eda para Ahome por la entrega del PMD\u201d: Gerardo Vargas Landeros"}]},{"@type":"WebSite","@id":"https:\/\/fuentesfidedignas.com.mx\/#website","url":"https:\/\/fuentesfidedignas.com.mx\/","name":"Fuentes Fidedignas","description":"Otro sitio realizado con WordPress","publisher":{"@id":"https:\/\/fuentesfidedignas.com.mx\/#organization"},"potentialAction":[{"@type":"SearchAction","target":{"@type":"EntryPoint","urlTemplate":"https:\/\/fuentesfidedignas.com.mx\/?s={search_term_string}"},"query-input":{"@type":"PropertyValueSpecification","valueRequired":true,"valueName":"search_term_string"}}],"inLanguage":"es"},{"@type":"Organization","@id":"https:\/\/fuentesfidedignas.com.mx\/#organization","name":"Fuentes Fidedignas","url":"https:\/\/fuentesfidedignas.com.mx\/","logo":{"@type":"ImageObject","inLanguage":"es","@id":"https:\/\/fuentesfidedignas.com.mx\/#\/schema\/logo\/image\/","url":"https:\/\/fuentesfidedignas.com.mx\/wp-content\/uploads\/2021\/04\/logo-retina.png","contentUrl":"https:\/\/fuentesfidedignas.com.mx\/wp-content\/uploads\/2021\/04\/logo-retina.png","width":280,"height":51,"caption":"Fuentes Fidedignas"},"image":{"@id":"https:\/\/fuentesfidedignas.com.mx\/#\/schema\/logo\/image\/"},"sameAs":["https:\/\/www.facebook.com\/Fuentes-Fidedignas-368234489921644","https:\/\/x.com\/fidedignas"]},{"@type":"Person","@id":"https:\/\/fuentesfidedignas.com.mx\/#\/schema\/person\/331be9283d37198e2acd5750279085b0","name":"Redacci\u00f3n","image":{"@type":"ImageObject","inLanguage":"es","@id":"https:\/\/secure.gravatar.com\/avatar\/f6d8782c11d12b2d4ad3fbb6931aeab5309937a4d6cd2fc9cfaa28a6396a5aec?s=96&d=mm&r=g","url":"https:\/\/secure.gravatar.com\/avatar\/f6d8782c11d12b2d4ad3fbb6931aeab5309937a4d6cd2fc9cfaa28a6396a5aec?s=96&d=mm&r=g","contentUrl":"https:\/\/secure.gravatar.com\/avatar\/f6d8782c11d12b2d4ad3fbb6931aeab5309937a4d6cd2fc9cfaa28a6396a5aec?s=96&d=mm&r=g","caption":"Redacci\u00f3n"},"url":"https:\/\/fuentesfidedignas.com.mx\/index.php\/author\/redaccion\/"}]}},"_links":{"self":[{"href":"https:\/\/fuentesfidedignas.com.mx\/index.php\/wp-json\/wp\/v2\/posts\/34787","targetHints":{"allow":["GET"]}}],"collection":[{"href":"https:\/\/fuentesfidedignas.com.mx\/index.php\/wp-json\/wp\/v2\/posts"}],"about":[{"href":"https:\/\/fuentesfidedignas.com.mx\/index.php\/wp-json\/wp\/v2\/types\/post"}],"author":[{"embeddable":true,"href":"https:\/\/fuentesfidedignas.com.mx\/index.php\/wp-json\/wp\/v2\/users\/4"}],"replies":[{"embeddable":true,"href":"https:\/\/fuentesfidedignas.com.mx\/index.php\/wp-json\/wp\/v2\/comments?post=34787"}],"version-history":[{"count":1,"href":"https:\/\/fuentesfidedignas.com.mx\/index.php\/wp-json\/wp\/v2\/posts\/34787\/revisions"}],"predecessor-version":[{"id":34788,"href":"https:\/\/fuentesfidedignas.com.mx\/index.php\/wp-json\/wp\/v2\/posts\/34787\/revisions\/34788"}],"wp:featuredmedia":[{"embeddable":true,"href":"https:\/\/fuentesfidedignas.com.mx\/index.php\/wp-json\/wp\/v2\/media\/34789"}],"wp:attachment":[{"href":"https:\/\/fuentesfidedignas.com.mx\/index.php\/wp-json\/wp\/v2\/media?parent=34787"}],"wp:term":[{"taxonomy":"category","embeddable":true,"href":"https:\/\/fuentesfidedignas.com.mx\/index.php\/wp-json\/wp\/v2\/categories?post=34787"},{"taxonomy":"post_tag","embeddable":true,"href":"https:\/\/fuentesfidedignas.com.mx\/index.php\/wp-json\/wp\/v2\/tags?post=34787"}],"curies":[{"name":"wp","href":"https:\/\/api.w.org\/{rel}","templated":true}]}}