{"id":34676,"date":"2022-06-17T15:11:43","date_gmt":"2022-06-17T21:11:43","guid":{"rendered":"https:\/\/fuentesfidedignas.com.mx\/?p=34676"},"modified":"2022-06-17T15:12:01","modified_gmt":"2022-06-17T21:12:01","slug":"pmd-es-la-construccion-de-un-gobierno-democratico-e-incluyente-gerardo-vargas-landeros","status":"publish","type":"post","link":"https:\/\/fuentesfidedignas.com.mx\/index.php\/2022\/06\/17\/pmd-es-la-construccion-de-un-gobierno-democratico-e-incluyente-gerardo-vargas-landeros\/","title":{"rendered":"\u201cPMD es la construcci\u00f3n de un gobierno democr\u00e1tico e incluyente\u201d: Gerardo Vargas Landeros"},"content":{"rendered":"\n<p><strong><em>El Presidente Municipal de Ahome dijo que una transformaci\u00f3n verdadera del quehacer p\u00fablico es lo que reclaman los ahomenses<\/em><\/strong><\/p>\n\n\n\n<p> Ahome, Sin.- Tras subrayar que el <strong>Plan Municipal de Desarrollo <\/strong>se encamina a la construcci\u00f3n de un gobierno democr\u00e1tico e incluyente que en tres a\u00f1os entregue a los ahomenses lo que en justicia reclaman; una transformaci\u00f3n verdadera del quehacer p\u00fablico, donde el centro son las personas, a trav\u00e9s de actuaciones austeras, pero eficaces, honestas y de trascendencia social, <strong>Gerardo Vargas Landeros, Presidente Municipal de Ahome<\/strong>, destac\u00f3 que este gobierno es de la gente, para la gente y sobre todo, con una visi\u00f3n centrada en las personas y donde el prop\u00f3sito es no dejar a nadie atr\u00e1s, no dejar a nadie afuera.<\/p>\n\n\n\n<figure class=\"wp-block-image size-large\"><img decoding=\"async\" width=\"1024\" height=\"1019\" src=\"https:\/\/fuentesfidedignas.com.mx\/wp-content\/uploads\/2022\/06\/IMG-20220617-WA0044-1024x1019.jpg\" alt=\"\" class=\"wp-image-34677\" srcset=\"https:\/\/fuentesfidedignas.com.mx\/wp-content\/uploads\/2022\/06\/IMG-20220617-WA0044-1024x1019.jpg 1024w, https:\/\/fuentesfidedignas.com.mx\/wp-content\/uploads\/2022\/06\/IMG-20220617-WA0044-300x300.jpg 300w, https:\/\/fuentesfidedignas.com.mx\/wp-content\/uploads\/2022\/06\/IMG-20220617-WA0044-150x150.jpg 150w, https:\/\/fuentesfidedignas.com.mx\/wp-content\/uploads\/2022\/06\/IMG-20220617-WA0044-768x764.jpg 768w, https:\/\/fuentesfidedignas.com.mx\/wp-content\/uploads\/2022\/06\/IMG-20220617-WA0044-70x70.jpg 70w, https:\/\/fuentesfidedignas.com.mx\/wp-content\/uploads\/2022\/06\/IMG-20220617-WA0044.jpg 1071w\" sizes=\"(max-width: 1024px) 100vw, 1024px\" \/><\/figure>\n\n\n\n<p>Cobijado por cientos de personas que se dieron cita al auditorio del CIE para asistir a la presentaci\u00f3n del <strong>Plan Municipal de Desarrollo Ahome 2021-2024<\/strong>, en donde el alcalde de Ahome estuvo acompa\u00f1ado por el Gobernador de Sinaloa, doctor <strong>Rub\u00e9n Rocha Moya<\/strong>; a quien hizo entrega oficial del libro que contiene las l\u00edneas estrategias del <strong>PMD<\/strong>.<\/p>\n\n\n\n<p>Ah\u00ed, <strong>Gerardo Vargas Landeros<\/strong> declar\u00f3 que \u201c<em>el PMD que hoy presento y someto a consideraci\u00f3n de los ahomenses, representa la participaci\u00f3n democr\u00e1tica y propositiva de mujeres, hombres, j\u00f3venes y ni\u00f1os interesados en la transformaci\u00f3n y bienestar de este municipio<\/em>\u201d.<\/p>\n\n\n\n<p><em>\u201cEst\u00e1 integrado a partir de las propuestas, proyectos y anhelos que me expresaron en campa\u00f1a, en el d\u00eda a d\u00eda de manera directa y en los 9 foros de consulta, en donde tuvimos m\u00e1s de 25 mil propuestas planteadas por la ciudadan\u00eda, mismas que est\u00e1n consideradas en el documento rector trazado a partir de 5 ejes. Primero, Calidad de Vida y Bienestar; Segundo, Infraestructura para el Bienestar; Tercero, Desarrollo Econ\u00f3mico Incluyente; Cuarto, Hacia Una Cultura de la Paz; y Quinto eje, Pol\u00edtica y Gobierno Democr\u00e1tico<\/em>\u201d, detall\u00f3.<\/p>\n\n\n\n<figure class=\"wp-block-image size-large\"><img decoding=\"async\" width=\"1024\" height=\"682\" src=\"https:\/\/fuentesfidedignas.com.mx\/wp-content\/uploads\/2022\/06\/IMG-20220617-WA0038-1024x682.jpg\" alt=\"\" class=\"wp-image-34678\" srcset=\"https:\/\/fuentesfidedignas.com.mx\/wp-content\/uploads\/2022\/06\/IMG-20220617-WA0038-1024x682.jpg 1024w, https:\/\/fuentesfidedignas.com.mx\/wp-content\/uploads\/2022\/06\/IMG-20220617-WA0038-300x200.jpg 300w, https:\/\/fuentesfidedignas.com.mx\/wp-content\/uploads\/2022\/06\/IMG-20220617-WA0038-768x511.jpg 768w, https:\/\/fuentesfidedignas.com.mx\/wp-content\/uploads\/2022\/06\/IMG-20220617-WA0038.jpg 1446w\" sizes=\"(max-width: 1024px) 100vw, 1024px\" \/><\/figure>\n\n\n\n<p>El alcalde de <strong>Ahome<\/strong> puntualiz\u00f3 \u201c<em>este gobierno es de ustedes, de las colonias, comunidades, productores, ganaderos, pescadores, mujeres, j\u00f3venes, ni\u00f1as, ni\u00f1os, adolescentes, adultos mayores, de quienes tienen capacidades diferentes, estudiantes, maestros, deportistas, este es nuestro <strong>Plan Municipal de Desarrollo Ahome 2021-2024, <\/strong>y juntos, con esp\u00edritu de trabajo, sociedad y gobierno, lograremos hacer de Ahome uno de los mejores lugares para vivir, trabajar, estudiar, visitar e invertir<\/em>\u201d.<\/p>\n\n\n\n<p>Reiter\u00f3 \u201c<em>volveremos a tener calles, carreteras y caminos en buen estado para circular sin riesgos y sobre todo, cumpliremos con las dos principales demandas de nuestra poblaci\u00f3n: Avanzaremos de manera decidida en materia de drenaje y alcantarillado para que las inundaciones en temporada de lluvias no sean motivo de preocupaci\u00f3n para las familias y el comercio y al mismo tiempo, por su calidad y cantidad. \u00a1Volveremos a tomar agua de la llave<\/em>!&#8221;.<\/p>\n\n\n\n<figure class=\"wp-block-image size-large\"><img decoding=\"async\" width=\"1024\" height=\"683\" src=\"https:\/\/fuentesfidedignas.com.mx\/wp-content\/uploads\/2022\/06\/IMG-20220617-WA0040-1024x683.jpg\" alt=\"\" class=\"wp-image-34679\" srcset=\"https:\/\/fuentesfidedignas.com.mx\/wp-content\/uploads\/2022\/06\/IMG-20220617-WA0040-1024x683.jpg 1024w, https:\/\/fuentesfidedignas.com.mx\/wp-content\/uploads\/2022\/06\/IMG-20220617-WA0040-300x200.jpg 300w, https:\/\/fuentesfidedignas.com.mx\/wp-content\/uploads\/2022\/06\/IMG-20220617-WA0040-768x512.jpg 768w, https:\/\/fuentesfidedignas.com.mx\/wp-content\/uploads\/2022\/06\/IMG-20220617-WA0040-1536x1024.jpg 1536w, https:\/\/fuentesfidedignas.com.mx\/wp-content\/uploads\/2022\/06\/IMG-20220617-WA0040.jpg 1599w\" sizes=\"(max-width: 1024px) 100vw, 1024px\" \/><\/figure>\n\n\n\n<p>El <strong>Presidente Municipal de Ahome<\/strong> extern\u00f3 \u201c<em>seremos facilitadores de la iniciativa privada, sobre todo de aquellas empresas que nos ayuden a crear fuentes de empleo para los m\u00e1s vulnerables. Impulsaremos el desarrollo de nuestro sector primario como la agricultura, ganader\u00eda, pesca y acuacultura. Tambi\u00e9n, queremos convertirnos en un lugar propicio para el comercio y alentar la actividad tur\u00edstica dentro de un entorno de cuidado al medio ambiente, pero, sobre todo, queremos abrazar la vocaci\u00f3n que nos da nuestra ubicaci\u00f3n geogr\u00e1fica privilegiada: la industrializaci\u00f3n de Ahome, ya con el signo de los tiempos que es el equilibrio y cuidado de nuestro entorno ecol\u00f3gico avanzando en proyectos que signifiquen econom\u00eda circular\u201d.<\/em><\/p>\n\n\n\n<p>Asimismo, <strong>Gerardo Vargas Landeros<\/strong> puntualiz\u00f3 que el PMD est\u00e1 alineado a la visi\u00f3n humanista y progresista del Gobierno Federal y Estatal bajo los principios de no robar, no mentir y no traicionar al pueblo porque estamos decididos a ser part\u00edcipes activos al lado del Presidente de la Rep\u00fablica, <strong>Andr\u00e9s Manuel L\u00f3pez Obrador<\/strong> y del gobernador, <strong>Rub\u00e9n Rocha Moya<\/strong> en la construcci\u00f3n de un verdadero Estado de Bienestar.<\/p>\n\n\n\n<p>Al referirse al gobernador de Sinaloa, doctor<strong> Rub\u00e9n Rocha Moya<\/strong> expres\u00f3 \u201c<em>en Ahome se le aprecia y se le respeta, cuente usted con el apoyo incondicional de este pueblo solidario que reconoce en usted el liderazgo que le da la voluntad de generar un cambio verdadero para los sinaloenses. Seguimos su ejemplo y su gu\u00eda como nuestro jefe pol\u00edtico, aqu\u00ed se hace pol\u00edtica de adeveras para generar la gobernabilidad y lograr las condiciones del Sinaloa de Bienestar que las familias esperan y merecen<\/em>\u201d.<\/p>\n\n\n\n<p>Tambi\u00e9n, hizo un llamado a los medios de comunicaci\u00f3n, a las instituciones, a la poblaci\u00f3n misma para que \u201c<em>est\u00e9n vigilantes de nuestro actuar<\/em>\u201d.<\/p>\n","protected":false},"excerpt":{"rendered":"<p>El Presidente Municipal de Ahome dijo que una transformaci\u00f3n verdadera del quehacer p\u00fablico es lo que reclaman los ahomenses Ahome, Sin.- Tras subrayar que el Plan Municipal de Desarrollo se encamina a la construcci\u00f3n de un gobierno democr\u00e1tico e incluyente que en tres a\u00f1os entregue a los ahomenses lo que en justicia reclaman; una transformaci\u00f3n [&hellip;]<\/p>\n","protected":false},"author":4,"featured_media":34681,"comment_status":"open","ping_status":"open","sticky":false,"template":"","format":"standard","meta":{"tdm_status":"","tdm_grid_status":"","footnotes":""},"categories":[38],"tags":[1715,1654,52],"class_list":{"0":"post-34676","1":"post","2":"type-post","3":"status-publish","4":"format-standard","5":"has-post-thumbnail","7":"category-noticias-locales","8":"tag-ayuntamiento-de-ahome","9":"tag-gerardo-vargas-landeros","10":"tag-ruben-rocha-moya"},"yoast_head":"<!-- This site is optimized with the Yoast SEO plugin v27.5 - https:\/\/yoast.com\/product\/yoast-seo-wordpress\/ -->\n<title>\u201cPMD es la construcci\u00f3n de un gobierno democr\u00e1tico e incluyente\u201d: Gerardo Vargas Landeros - Fuentes Fidedignas<\/title>\n<meta name=\"robots\" content=\"index, follow, max-snippet:-1, max-image-preview:large, max-video-preview:-1\" \/>\n<link rel=\"canonical\" href=\"https:\/\/fuentesfidedignas.com.mx\/index.php\/2022\/06\/17\/pmd-es-la-construccion-de-un-gobierno-democratico-e-incluyente-gerardo-vargas-landeros\/\" \/>\n<meta property=\"og:locale\" content=\"es_MX\" \/>\n<meta property=\"og:type\" content=\"article\" \/>\n<meta property=\"og:title\" content=\"\u201cPMD es la construcci\u00f3n de un gobierno democr\u00e1tico e incluyente\u201d: Gerardo Vargas Landeros - Fuentes Fidedignas\" \/>\n<meta property=\"og:description\" content=\"El Presidente Municipal de Ahome dijo que una transformaci\u00f3n verdadera del quehacer p\u00fablico es lo que reclaman los ahomenses Ahome, Sin.- Tras subrayar que el Plan Municipal de Desarrollo se encamina a la construcci\u00f3n de un gobierno democr\u00e1tico e incluyente que en tres a\u00f1os entregue a los ahomenses lo que en justicia reclaman; una transformaci\u00f3n [&hellip;]\" \/>\n<meta property=\"og:url\" content=\"https:\/\/fuentesfidedignas.com.mx\/index.php\/2022\/06\/17\/pmd-es-la-construccion-de-un-gobierno-democratico-e-incluyente-gerardo-vargas-landeros\/\" \/>\n<meta property=\"og:site_name\" content=\"Fuentes Fidedignas\" \/>\n<meta property=\"article:publisher\" content=\"https:\/\/www.facebook.com\/Fuentes-Fidedignas-368234489921644\" \/>\n<meta property=\"article:published_time\" content=\"2022-06-17T21:11:43+00:00\" \/>\n<meta property=\"article:modified_time\" content=\"2022-06-17T21:12:01+00:00\" \/>\n<meta property=\"og:image\" content=\"https:\/\/fuentesfidedignas.com.mx\/wp-content\/uploads\/2022\/06\/IMG-20220617-WA0041.jpg\" \/>\n\t<meta property=\"og:image:width\" content=\"1599\" \/>\n\t<meta property=\"og:image:height\" content=\"1066\" \/>\n\t<meta property=\"og:image:type\" content=\"image\/jpeg\" \/>\n<meta name=\"author\" content=\"Redacci\u00f3n\" \/>\n<meta name=\"twitter:card\" content=\"summary_large_image\" \/>\n<meta name=\"twitter:creator\" content=\"@fidedignas\" \/>\n<meta name=\"twitter:site\" content=\"@fidedignas\" \/>\n<meta name=\"twitter:label1\" content=\"Escrito por\" \/>\n\t<meta name=\"twitter:data1\" content=\"Redacci\u00f3n\" \/>\n\t<meta name=\"twitter:label2\" content=\"Tiempo de lectura\" \/>\n\t<meta name=\"twitter:data2\" content=\"4 minutos\" \/>\n<script type=\"application\/ld+json\" class=\"yoast-schema-graph\">{\"@context\":\"https:\\\/\\\/schema.org\",\"@graph\":[{\"@type\":\"Article\",\"@id\":\"https:\\\/\\\/fuentesfidedignas.com.mx\\\/index.php\\\/2022\\\/06\\\/17\\\/pmd-es-la-construccion-de-un-gobierno-democratico-e-incluyente-gerardo-vargas-landeros\\\/#article\",\"isPartOf\":{\"@id\":\"https:\\\/\\\/fuentesfidedignas.com.mx\\\/index.php\\\/2022\\\/06\\\/17\\\/pmd-es-la-construccion-de-un-gobierno-democratico-e-incluyente-gerardo-vargas-landeros\\\/\"},\"author\":{\"name\":\"Redacci\u00f3n\",\"@id\":\"https:\\\/\\\/fuentesfidedignas.com.mx\\\/#\\\/schema\\\/person\\\/331be9283d37198e2acd5750279085b0\"},\"headline\":\"\u201cPMD es la construcci\u00f3n de un gobierno democr\u00e1tico e incluyente\u201d: Gerardo Vargas Landeros\",\"datePublished\":\"2022-06-17T21:11:43+00:00\",\"dateModified\":\"2022-06-17T21:12:01+00:00\",\"mainEntityOfPage\":{\"@id\":\"https:\\\/\\\/fuentesfidedignas.com.mx\\\/index.php\\\/2022\\\/06\\\/17\\\/pmd-es-la-construccion-de-un-gobierno-democratico-e-incluyente-gerardo-vargas-landeros\\\/\"},\"wordCount\":795,\"commentCount\":0,\"publisher\":{\"@id\":\"https:\\\/\\\/fuentesfidedignas.com.mx\\\/#organization\"},\"image\":{\"@id\":\"https:\\\/\\\/fuentesfidedignas.com.mx\\\/index.php\\\/2022\\\/06\\\/17\\\/pmd-es-la-construccion-de-un-gobierno-democratico-e-incluyente-gerardo-vargas-landeros\\\/#primaryimage\"},\"thumbnailUrl\":\"https:\\\/\\\/fuentesfidedignas.com.mx\\\/wp-content\\\/uploads\\\/2022\\\/06\\\/IMG-20220617-WA0041.jpg\",\"keywords\":[\"Ayuntamiento de Ahome\",\"Gerardo Vargas Landeros\",\"Rub\u00e9n Rocha Moya\"],\"articleSection\":[\"NOTICIAS LOCALES\"],\"inLanguage\":\"es\",\"potentialAction\":[{\"@type\":\"CommentAction\",\"name\":\"Comment\",\"target\":[\"https:\\\/\\\/fuentesfidedignas.com.mx\\\/index.php\\\/2022\\\/06\\\/17\\\/pmd-es-la-construccion-de-un-gobierno-democratico-e-incluyente-gerardo-vargas-landeros\\\/#respond\"]}]},{\"@type\":\"WebPage\",\"@id\":\"https:\\\/\\\/fuentesfidedignas.com.mx\\\/index.php\\\/2022\\\/06\\\/17\\\/pmd-es-la-construccion-de-un-gobierno-democratico-e-incluyente-gerardo-vargas-landeros\\\/\",\"url\":\"https:\\\/\\\/fuentesfidedignas.com.mx\\\/index.php\\\/2022\\\/06\\\/17\\\/pmd-es-la-construccion-de-un-gobierno-democratico-e-incluyente-gerardo-vargas-landeros\\\/\",\"name\":\"\u201cPMD es la construcci\u00f3n de un gobierno democr\u00e1tico e incluyente\u201d: Gerardo Vargas Landeros - Fuentes Fidedignas\",\"isPartOf\":{\"@id\":\"https:\\\/\\\/fuentesfidedignas.com.mx\\\/#website\"},\"primaryImageOfPage\":{\"@id\":\"https:\\\/\\\/fuentesfidedignas.com.mx\\\/index.php\\\/2022\\\/06\\\/17\\\/pmd-es-la-construccion-de-un-gobierno-democratico-e-incluyente-gerardo-vargas-landeros\\\/#primaryimage\"},\"image\":{\"@id\":\"https:\\\/\\\/fuentesfidedignas.com.mx\\\/index.php\\\/2022\\\/06\\\/17\\\/pmd-es-la-construccion-de-un-gobierno-democratico-e-incluyente-gerardo-vargas-landeros\\\/#primaryimage\"},\"thumbnailUrl\":\"https:\\\/\\\/fuentesfidedignas.com.mx\\\/wp-content\\\/uploads\\\/2022\\\/06\\\/IMG-20220617-WA0041.jpg\",\"datePublished\":\"2022-06-17T21:11:43+00:00\",\"dateModified\":\"2022-06-17T21:12:01+00:00\",\"breadcrumb\":{\"@id\":\"https:\\\/\\\/fuentesfidedignas.com.mx\\\/index.php\\\/2022\\\/06\\\/17\\\/pmd-es-la-construccion-de-un-gobierno-democratico-e-incluyente-gerardo-vargas-landeros\\\/#breadcrumb\"},\"inLanguage\":\"es\",\"potentialAction\":[{\"@type\":\"ReadAction\",\"target\":[\"https:\\\/\\\/fuentesfidedignas.com.mx\\\/index.php\\\/2022\\\/06\\\/17\\\/pmd-es-la-construccion-de-un-gobierno-democratico-e-incluyente-gerardo-vargas-landeros\\\/\"]}]},{\"@type\":\"ImageObject\",\"inLanguage\":\"es\",\"@id\":\"https:\\\/\\\/fuentesfidedignas.com.mx\\\/index.php\\\/2022\\\/06\\\/17\\\/pmd-es-la-construccion-de-un-gobierno-democratico-e-incluyente-gerardo-vargas-landeros\\\/#primaryimage\",\"url\":\"https:\\\/\\\/fuentesfidedignas.com.mx\\\/wp-content\\\/uploads\\\/2022\\\/06\\\/IMG-20220617-WA0041.jpg\",\"contentUrl\":\"https:\\\/\\\/fuentesfidedignas.com.mx\\\/wp-content\\\/uploads\\\/2022\\\/06\\\/IMG-20220617-WA0041.jpg\",\"width\":1599,\"height\":1066},{\"@type\":\"BreadcrumbList\",\"@id\":\"https:\\\/\\\/fuentesfidedignas.com.mx\\\/index.php\\\/2022\\\/06\\\/17\\\/pmd-es-la-construccion-de-un-gobierno-democratico-e-incluyente-gerardo-vargas-landeros\\\/#breadcrumb\",\"itemListElement\":[{\"@type\":\"ListItem\",\"position\":1,\"name\":\"Inicio\",\"item\":\"https:\\\/\\\/fuentesfidedignas.com.mx\\\/\"},{\"@type\":\"ListItem\",\"position\":2,\"name\":\"\u201cPMD es la construcci\u00f3n de un gobierno democr\u00e1tico e incluyente\u201d: Gerardo Vargas Landeros\"}]},{\"@type\":\"WebSite\",\"@id\":\"https:\\\/\\\/fuentesfidedignas.com.mx\\\/#website\",\"url\":\"https:\\\/\\\/fuentesfidedignas.com.mx\\\/\",\"name\":\"Fuentes Fidedignas\",\"description\":\"Otro sitio realizado con WordPress\",\"publisher\":{\"@id\":\"https:\\\/\\\/fuentesfidedignas.com.mx\\\/#organization\"},\"potentialAction\":[{\"@type\":\"SearchAction\",\"target\":{\"@type\":\"EntryPoint\",\"urlTemplate\":\"https:\\\/\\\/fuentesfidedignas.com.mx\\\/?s={search_term_string}\"},\"query-input\":{\"@type\":\"PropertyValueSpecification\",\"valueRequired\":true,\"valueName\":\"search_term_string\"}}],\"inLanguage\":\"es\"},{\"@type\":\"Organization\",\"@id\":\"https:\\\/\\\/fuentesfidedignas.com.mx\\\/#organization\",\"name\":\"Fuentes Fidedignas\",\"url\":\"https:\\\/\\\/fuentesfidedignas.com.mx\\\/\",\"logo\":{\"@type\":\"ImageObject\",\"inLanguage\":\"es\",\"@id\":\"https:\\\/\\\/fuentesfidedignas.com.mx\\\/#\\\/schema\\\/logo\\\/image\\\/\",\"url\":\"https:\\\/\\\/fuentesfidedignas.com.mx\\\/wp-content\\\/uploads\\\/2021\\\/04\\\/logo-retina.png\",\"contentUrl\":\"https:\\\/\\\/fuentesfidedignas.com.mx\\\/wp-content\\\/uploads\\\/2021\\\/04\\\/logo-retina.png\",\"width\":280,\"height\":51,\"caption\":\"Fuentes Fidedignas\"},\"image\":{\"@id\":\"https:\\\/\\\/fuentesfidedignas.com.mx\\\/#\\\/schema\\\/logo\\\/image\\\/\"},\"sameAs\":[\"https:\\\/\\\/www.facebook.com\\\/Fuentes-Fidedignas-368234489921644\",\"https:\\\/\\\/x.com\\\/fidedignas\"]},{\"@type\":\"Person\",\"@id\":\"https:\\\/\\\/fuentesfidedignas.com.mx\\\/#\\\/schema\\\/person\\\/331be9283d37198e2acd5750279085b0\",\"name\":\"Redacci\u00f3n\",\"image\":{\"@type\":\"ImageObject\",\"inLanguage\":\"es\",\"@id\":\"https:\\\/\\\/secure.gravatar.com\\\/avatar\\\/f6d8782c11d12b2d4ad3fbb6931aeab5309937a4d6cd2fc9cfaa28a6396a5aec?s=96&d=mm&r=g\",\"url\":\"https:\\\/\\\/secure.gravatar.com\\\/avatar\\\/f6d8782c11d12b2d4ad3fbb6931aeab5309937a4d6cd2fc9cfaa28a6396a5aec?s=96&d=mm&r=g\",\"contentUrl\":\"https:\\\/\\\/secure.gravatar.com\\\/avatar\\\/f6d8782c11d12b2d4ad3fbb6931aeab5309937a4d6cd2fc9cfaa28a6396a5aec?s=96&d=mm&r=g\",\"caption\":\"Redacci\u00f3n\"},\"url\":\"https:\\\/\\\/fuentesfidedignas.com.mx\\\/index.php\\\/author\\\/redaccion\\\/\"}]}<\/script>\n<!-- \/ Yoast SEO plugin. -->","yoast_head_json":{"title":"\u201cPMD es la construcci\u00f3n de un gobierno democr\u00e1tico e incluyente\u201d: Gerardo Vargas Landeros - Fuentes Fidedignas","robots":{"index":"index","follow":"follow","max-snippet":"max-snippet:-1","max-image-preview":"max-image-preview:large","max-video-preview":"max-video-preview:-1"},"canonical":"https:\/\/fuentesfidedignas.com.mx\/index.php\/2022\/06\/17\/pmd-es-la-construccion-de-un-gobierno-democratico-e-incluyente-gerardo-vargas-landeros\/","og_locale":"es_MX","og_type":"article","og_title":"\u201cPMD es la construcci\u00f3n de un gobierno democr\u00e1tico e incluyente\u201d: Gerardo Vargas Landeros - Fuentes Fidedignas","og_description":"El Presidente Municipal de Ahome dijo que una transformaci\u00f3n verdadera del quehacer p\u00fablico es lo que reclaman los ahomenses Ahome, Sin.- Tras subrayar que el Plan Municipal de Desarrollo se encamina a la construcci\u00f3n de un gobierno democr\u00e1tico e incluyente que en tres a\u00f1os entregue a los ahomenses lo que en justicia reclaman; una transformaci\u00f3n [&hellip;]","og_url":"https:\/\/fuentesfidedignas.com.mx\/index.php\/2022\/06\/17\/pmd-es-la-construccion-de-un-gobierno-democratico-e-incluyente-gerardo-vargas-landeros\/","og_site_name":"Fuentes Fidedignas","article_publisher":"https:\/\/www.facebook.com\/Fuentes-Fidedignas-368234489921644","article_published_time":"2022-06-17T21:11:43+00:00","article_modified_time":"2022-06-17T21:12:01+00:00","og_image":[{"width":1599,"height":1066,"url":"https:\/\/fuentesfidedignas.com.mx\/wp-content\/uploads\/2022\/06\/IMG-20220617-WA0041.jpg","type":"image\/jpeg"}],"author":"Redacci\u00f3n","twitter_card":"summary_large_image","twitter_creator":"@fidedignas","twitter_site":"@fidedignas","twitter_misc":{"Escrito por":"Redacci\u00f3n","Tiempo de lectura":"4 minutos"},"schema":{"@context":"https:\/\/schema.org","@graph":[{"@type":"Article","@id":"https:\/\/fuentesfidedignas.com.mx\/index.php\/2022\/06\/17\/pmd-es-la-construccion-de-un-gobierno-democratico-e-incluyente-gerardo-vargas-landeros\/#article","isPartOf":{"@id":"https:\/\/fuentesfidedignas.com.mx\/index.php\/2022\/06\/17\/pmd-es-la-construccion-de-un-gobierno-democratico-e-incluyente-gerardo-vargas-landeros\/"},"author":{"name":"Redacci\u00f3n","@id":"https:\/\/fuentesfidedignas.com.mx\/#\/schema\/person\/331be9283d37198e2acd5750279085b0"},"headline":"\u201cPMD es la construcci\u00f3n de un gobierno democr\u00e1tico e incluyente\u201d: Gerardo Vargas Landeros","datePublished":"2022-06-17T21:11:43+00:00","dateModified":"2022-06-17T21:12:01+00:00","mainEntityOfPage":{"@id":"https:\/\/fuentesfidedignas.com.mx\/index.php\/2022\/06\/17\/pmd-es-la-construccion-de-un-gobierno-democratico-e-incluyente-gerardo-vargas-landeros\/"},"wordCount":795,"commentCount":0,"publisher":{"@id":"https:\/\/fuentesfidedignas.com.mx\/#organization"},"image":{"@id":"https:\/\/fuentesfidedignas.com.mx\/index.php\/2022\/06\/17\/pmd-es-la-construccion-de-un-gobierno-democratico-e-incluyente-gerardo-vargas-landeros\/#primaryimage"},"thumbnailUrl":"https:\/\/fuentesfidedignas.com.mx\/wp-content\/uploads\/2022\/06\/IMG-20220617-WA0041.jpg","keywords":["Ayuntamiento de Ahome","Gerardo Vargas Landeros","Rub\u00e9n Rocha Moya"],"articleSection":["NOTICIAS LOCALES"],"inLanguage":"es","potentialAction":[{"@type":"CommentAction","name":"Comment","target":["https:\/\/fuentesfidedignas.com.mx\/index.php\/2022\/06\/17\/pmd-es-la-construccion-de-un-gobierno-democratico-e-incluyente-gerardo-vargas-landeros\/#respond"]}]},{"@type":"WebPage","@id":"https:\/\/fuentesfidedignas.com.mx\/index.php\/2022\/06\/17\/pmd-es-la-construccion-de-un-gobierno-democratico-e-incluyente-gerardo-vargas-landeros\/","url":"https:\/\/fuentesfidedignas.com.mx\/index.php\/2022\/06\/17\/pmd-es-la-construccion-de-un-gobierno-democratico-e-incluyente-gerardo-vargas-landeros\/","name":"\u201cPMD es la construcci\u00f3n de un gobierno democr\u00e1tico e incluyente\u201d: Gerardo Vargas Landeros - Fuentes Fidedignas","isPartOf":{"@id":"https:\/\/fuentesfidedignas.com.mx\/#website"},"primaryImageOfPage":{"@id":"https:\/\/fuentesfidedignas.com.mx\/index.php\/2022\/06\/17\/pmd-es-la-construccion-de-un-gobierno-democratico-e-incluyente-gerardo-vargas-landeros\/#primaryimage"},"image":{"@id":"https:\/\/fuentesfidedignas.com.mx\/index.php\/2022\/06\/17\/pmd-es-la-construccion-de-un-gobierno-democratico-e-incluyente-gerardo-vargas-landeros\/#primaryimage"},"thumbnailUrl":"https:\/\/fuentesfidedignas.com.mx\/wp-content\/uploads\/2022\/06\/IMG-20220617-WA0041.jpg","datePublished":"2022-06-17T21:11:43+00:00","dateModified":"2022-06-17T21:12:01+00:00","breadcrumb":{"@id":"https:\/\/fuentesfidedignas.com.mx\/index.php\/2022\/06\/17\/pmd-es-la-construccion-de-un-gobierno-democratico-e-incluyente-gerardo-vargas-landeros\/#breadcrumb"},"inLanguage":"es","potentialAction":[{"@type":"ReadAction","target":["https:\/\/fuentesfidedignas.com.mx\/index.php\/2022\/06\/17\/pmd-es-la-construccion-de-un-gobierno-democratico-e-incluyente-gerardo-vargas-landeros\/"]}]},{"@type":"ImageObject","inLanguage":"es","@id":"https:\/\/fuentesfidedignas.com.mx\/index.php\/2022\/06\/17\/pmd-es-la-construccion-de-un-gobierno-democratico-e-incluyente-gerardo-vargas-landeros\/#primaryimage","url":"https:\/\/fuentesfidedignas.com.mx\/wp-content\/uploads\/2022\/06\/IMG-20220617-WA0041.jpg","contentUrl":"https:\/\/fuentesfidedignas.com.mx\/wp-content\/uploads\/2022\/06\/IMG-20220617-WA0041.jpg","width":1599,"height":1066},{"@type":"BreadcrumbList","@id":"https:\/\/fuentesfidedignas.com.mx\/index.php\/2022\/06\/17\/pmd-es-la-construccion-de-un-gobierno-democratico-e-incluyente-gerardo-vargas-landeros\/#breadcrumb","itemListElement":[{"@type":"ListItem","position":1,"name":"Inicio","item":"https:\/\/fuentesfidedignas.com.mx\/"},{"@type":"ListItem","position":2,"name":"\u201cPMD es la construcci\u00f3n de un gobierno democr\u00e1tico e incluyente\u201d: Gerardo Vargas Landeros"}]},{"@type":"WebSite","@id":"https:\/\/fuentesfidedignas.com.mx\/#website","url":"https:\/\/fuentesfidedignas.com.mx\/","name":"Fuentes Fidedignas","description":"Otro sitio realizado con WordPress","publisher":{"@id":"https:\/\/fuentesfidedignas.com.mx\/#organization"},"potentialAction":[{"@type":"SearchAction","target":{"@type":"EntryPoint","urlTemplate":"https:\/\/fuentesfidedignas.com.mx\/?s={search_term_string}"},"query-input":{"@type":"PropertyValueSpecification","valueRequired":true,"valueName":"search_term_string"}}],"inLanguage":"es"},{"@type":"Organization","@id":"https:\/\/fuentesfidedignas.com.mx\/#organization","name":"Fuentes Fidedignas","url":"https:\/\/fuentesfidedignas.com.mx\/","logo":{"@type":"ImageObject","inLanguage":"es","@id":"https:\/\/fuentesfidedignas.com.mx\/#\/schema\/logo\/image\/","url":"https:\/\/fuentesfidedignas.com.mx\/wp-content\/uploads\/2021\/04\/logo-retina.png","contentUrl":"https:\/\/fuentesfidedignas.com.mx\/wp-content\/uploads\/2021\/04\/logo-retina.png","width":280,"height":51,"caption":"Fuentes Fidedignas"},"image":{"@id":"https:\/\/fuentesfidedignas.com.mx\/#\/schema\/logo\/image\/"},"sameAs":["https:\/\/www.facebook.com\/Fuentes-Fidedignas-368234489921644","https:\/\/x.com\/fidedignas"]},{"@type":"Person","@id":"https:\/\/fuentesfidedignas.com.mx\/#\/schema\/person\/331be9283d37198e2acd5750279085b0","name":"Redacci\u00f3n","image":{"@type":"ImageObject","inLanguage":"es","@id":"https:\/\/secure.gravatar.com\/avatar\/f6d8782c11d12b2d4ad3fbb6931aeab5309937a4d6cd2fc9cfaa28a6396a5aec?s=96&d=mm&r=g","url":"https:\/\/secure.gravatar.com\/avatar\/f6d8782c11d12b2d4ad3fbb6931aeab5309937a4d6cd2fc9cfaa28a6396a5aec?s=96&d=mm&r=g","contentUrl":"https:\/\/secure.gravatar.com\/avatar\/f6d8782c11d12b2d4ad3fbb6931aeab5309937a4d6cd2fc9cfaa28a6396a5aec?s=96&d=mm&r=g","caption":"Redacci\u00f3n"},"url":"https:\/\/fuentesfidedignas.com.mx\/index.php\/author\/redaccion\/"}]}},"_links":{"self":[{"href":"https:\/\/fuentesfidedignas.com.mx\/index.php\/wp-json\/wp\/v2\/posts\/34676","targetHints":{"allow":["GET"]}}],"collection":[{"href":"https:\/\/fuentesfidedignas.com.mx\/index.php\/wp-json\/wp\/v2\/posts"}],"about":[{"href":"https:\/\/fuentesfidedignas.com.mx\/index.php\/wp-json\/wp\/v2\/types\/post"}],"author":[{"embeddable":true,"href":"https:\/\/fuentesfidedignas.com.mx\/index.php\/wp-json\/wp\/v2\/users\/4"}],"replies":[{"embeddable":true,"href":"https:\/\/fuentesfidedignas.com.mx\/index.php\/wp-json\/wp\/v2\/comments?post=34676"}],"version-history":[{"count":1,"href":"https:\/\/fuentesfidedignas.com.mx\/index.php\/wp-json\/wp\/v2\/posts\/34676\/revisions"}],"predecessor-version":[{"id":34680,"href":"https:\/\/fuentesfidedignas.com.mx\/index.php\/wp-json\/wp\/v2\/posts\/34676\/revisions\/34680"}],"wp:featuredmedia":[{"embeddable":true,"href":"https:\/\/fuentesfidedignas.com.mx\/index.php\/wp-json\/wp\/v2\/media\/34681"}],"wp:attachment":[{"href":"https:\/\/fuentesfidedignas.com.mx\/index.php\/wp-json\/wp\/v2\/media?parent=34676"}],"wp:term":[{"taxonomy":"category","embeddable":true,"href":"https:\/\/fuentesfidedignas.com.mx\/index.php\/wp-json\/wp\/v2\/categories?post=34676"},{"taxonomy":"post_tag","embeddable":true,"href":"https:\/\/fuentesfidedignas.com.mx\/index.php\/wp-json\/wp\/v2\/tags?post=34676"}],"curies":[{"name":"wp","href":"https:\/\/api.w.org\/{rel}","templated":true}]}}