{"id":34669,"date":"2022-06-17T14:27:40","date_gmt":"2022-06-17T20:27:40","guid":{"rendered":"https:\/\/fuentesfidedignas.com.mx\/?p=34669"},"modified":"2022-06-17T19:03:46","modified_gmt":"2022-06-18T01:03:46","slug":"alumnos-rocian-alcohol-y-queman-a-uno-de-sus-companeros-en-salon-de-clases","status":"publish","type":"post","link":"https:\/\/fuentesfidedignas.com.mx\/index.php\/2022\/06\/17\/alumnos-rocian-alcohol-y-queman-a-uno-de-sus-companeros-en-salon-de-clases\/","title":{"rendered":"Alumnos roc\u00edan alcohol y queman a uno de sus compa\u00f1eros en sal\u00f3n de clases"},"content":{"rendered":"\n<p><strong><em>Los hechos ocurrieron en la escuela Josefa Vergara, ubicada en la colonia El Salitre, Quer\u00e9taro<\/em><\/strong> <\/p>\n\n\n\n<p>Quer\u00e9taro. Un estudiante de&nbsp;<strong>telesecundaria<\/strong>, en Quer\u00e9taro, result\u00f3 con&nbsp;<strong>quemaduras<\/strong>&nbsp;de primero y segundo grado al ser atacado dentro del sal\u00f3n de clases por sus compa\u00f1eros, quienes le&nbsp;<strong>rociaron alcohol<\/strong>&nbsp;y le&nbsp;<strong>prendieron fuego<\/strong>.<\/p>\n\n\n\n<p>Ocurri\u00f3 el pasado 6 de junio en la escuela Josefa Vergara, ubicada en la colonia El Salitre, del municipio de Quer\u00e9taro, cuando los adolescentes se encontraban realizando labores de limpieza en el aula.<\/p>\n\n\n\n<p>Juan Zamorano, padre del ni\u00f1o agredido, manifest\u00f3 que la maestra fue culpable de lo que le hicieron a su hijo, pues ya no se trata nada m\u00e1s de un caso de bullying sino \u201cde un asesinato\u201d. Explic\u00f3 que su hijo tendr\u00e1 que pasar por varias cirug\u00edas.<\/p>\n\n\n\n<p>Por su parte, Marlene, Marlene, madre de familia y vecina de la familia del ni\u00f1o agredido, manifest\u00f3:<\/p>\n\n\n\n<p><strong><em>\u201cLos otros ni\u00f1os sentaron a la fuerza al ni\u00f1o en la butaca, entonces se embarr\u00f3 de alcohol y pues como traen el encendedor, lo prendieron, pues el fuego lo alcanz\u00f3, entonces pues s\u00ed, dicen que estaba muy mal, en el hospital aun el ni\u00f1o, que s\u00ed est\u00e1 muy lesionado\u201d.<\/em><\/strong><\/p>\n\n\n\n<p>Manuel Alcocer Alcocer, director del Hospital de Especialidades del Ni\u00f1o y la Mujer en Quer\u00e9taro, expres\u00f3:<\/p>\n\n\n\n<p><em>\u201cEste peque\u00f1o lleg\u00f3 con nosotros el d\u00eda 7 de junio por haber presentado quemaduras en ambos muslos y en la zona de gl\u00fateos, hablamos de alrededor de un cinco por ciento de su superficie corporal, son quemaduras de primero y segundo grado; si se considera necesario, colocar injertos\u201d.<\/em><\/p>\n\n\n\n<p>A pesar de la gravedad de la agresi\u00f3n, las autoridades apenas iniciaron con el proceso de investigaci\u00f3n.<\/p>\n\n\n\n<p>Mariela Ponce, magistrada presidenta del Tribunal Superior de Justicia de Quer\u00e9taro, inform\u00f3 que el caso ya est\u00e1 judicializado.<\/p>\n\n\n\n<p>Por su parte, la representante en M\u00e9xico de la Comisi\u00f3n Internacional de los Derechos Humanos dijo que est\u00e1n ante un caso de negligencia y discriminaci\u00f3n.<\/p>\n\n\n\n<p>\u201c<em>Nos dimos cuenta de que hab\u00eda un contexto completamente que quisieron callar las autoridades debido a la gravedad del asunto y las omisiones que se cometieron por parte de varias autoridades incluyendo a la maestra que mencionan los pap\u00e1s quienes no actuaron con protocolo de actuaci\u00f3n de haber llevado al ni\u00f1o inmediatamente al hospital sino que ellos refieren que la maestra despu\u00e9s de que el ni\u00f1o se incendi\u00f3, y se apag\u00f3 solito porque \u00e9l se quit\u00f3 la ropa, lo llevan a una cl\u00ednica en donde pr\u00e1cticamente le untaron pomadita, la misma maestra hizo el comentario que se pusiera cebolla<\/em>\u201d, refiri\u00f3 M\u00f3nica Ch\u00e1vez, coordinadora de la Comisi\u00f3n Internacional de los Derechos Humanos.<\/p>\n\n\n\n<p>En tanto, la escuela telesecundaria cerr\u00f3 sus puertas y en un comunicado inform\u00f3 que a partir del 15 de junio regresar\u00edan a la modalidad de educaci\u00f3n a distancia.<\/p>\n","protected":false},"excerpt":{"rendered":"<p>Los hechos ocurrieron en la escuela Josefa Vergara, ubicada en la colonia El Salitre, Quer\u00e9taro Quer\u00e9taro. Un estudiante de&nbsp;telesecundaria, en Quer\u00e9taro, result\u00f3 con&nbsp;quemaduras&nbsp;de primero y segundo grado al ser atacado dentro del sal\u00f3n de clases por sus compa\u00f1eros, quienes le&nbsp;rociaron alcohol&nbsp;y le&nbsp;prendieron fuego. Ocurri\u00f3 el pasado 6 de junio en la escuela Josefa Vergara, ubicada [&hellip;]<\/p>\n","protected":false},"author":46,"featured_media":34672,"comment_status":"open","ping_status":"open","sticky":false,"template":"","format":"standard","meta":{"tdm_status":"","tdm_grid_status":"","footnotes":""},"categories":[39],"tags":[1999],"class_list":{"0":"post-34669","1":"post","2":"type-post","3":"status-publish","4":"format-standard","5":"has-post-thumbnail","7":"category-noticias-nacionales","8":"tag-queretaro"},"yoast_head":"<!-- This site is optimized with the Yoast SEO plugin v27.5 - https:\/\/yoast.com\/product\/yoast-seo-wordpress\/ -->\n<title>Alumnos roc\u00edan alcohol y queman a uno de sus compa\u00f1eros en sal\u00f3n de clases - Fuentes Fidedignas<\/title>\n<meta name=\"robots\" content=\"index, follow, max-snippet:-1, max-image-preview:large, max-video-preview:-1\" \/>\n<link rel=\"canonical\" href=\"https:\/\/fuentesfidedignas.com.mx\/index.php\/2022\/06\/17\/alumnos-rocian-alcohol-y-queman-a-uno-de-sus-companeros-en-salon-de-clases\/\" \/>\n<meta property=\"og:locale\" content=\"es_MX\" \/>\n<meta property=\"og:type\" content=\"article\" \/>\n<meta property=\"og:title\" content=\"Alumnos roc\u00edan alcohol y queman a uno de sus compa\u00f1eros en sal\u00f3n de clases - Fuentes Fidedignas\" \/>\n<meta property=\"og:description\" content=\"Los hechos ocurrieron en la escuela Josefa Vergara, ubicada en la colonia El Salitre, Quer\u00e9taro Quer\u00e9taro. Un estudiante de&nbsp;telesecundaria, en Quer\u00e9taro, result\u00f3 con&nbsp;quemaduras&nbsp;de primero y segundo grado al ser atacado dentro del sal\u00f3n de clases por sus compa\u00f1eros, quienes le&nbsp;rociaron alcohol&nbsp;y le&nbsp;prendieron fuego. Ocurri\u00f3 el pasado 6 de junio en la escuela Josefa Vergara, ubicada [&hellip;]\" \/>\n<meta property=\"og:url\" content=\"https:\/\/fuentesfidedignas.com.mx\/index.php\/2022\/06\/17\/alumnos-rocian-alcohol-y-queman-a-uno-de-sus-companeros-en-salon-de-clases\/\" \/>\n<meta property=\"og:site_name\" content=\"Fuentes Fidedignas\" \/>\n<meta property=\"article:publisher\" content=\"https:\/\/www.facebook.com\/Fuentes-Fidedignas-368234489921644\" \/>\n<meta property=\"article:published_time\" content=\"2022-06-17T20:27:40+00:00\" \/>\n<meta property=\"article:modified_time\" content=\"2022-06-18T01:03:46+00:00\" \/>\n<meta property=\"og:image\" content=\"https:\/\/fuentesfidedignas.com.mx\/wp-content\/uploads\/2022\/06\/alumnos-en-telesecundaria-1.jpg\" \/>\n\t<meta property=\"og:image:width\" content=\"1280\" \/>\n\t<meta property=\"og:image:height\" content=\"720\" \/>\n\t<meta property=\"og:image:type\" content=\"image\/jpeg\" \/>\n<meta name=\"author\" content=\"Noticieros Televisa\" \/>\n<meta name=\"twitter:card\" content=\"summary_large_image\" \/>\n<meta name=\"twitter:creator\" content=\"@fidedignas\" \/>\n<meta name=\"twitter:site\" content=\"@fidedignas\" \/>\n<meta name=\"twitter:label1\" content=\"Escrito por\" \/>\n\t<meta name=\"twitter:data1\" content=\"Noticieros Televisa\" \/>\n\t<meta name=\"twitter:label2\" content=\"Tiempo de lectura\" \/>\n\t<meta name=\"twitter:data2\" content=\"3 minutos\" \/>\n<script type=\"application\/ld+json\" class=\"yoast-schema-graph\">{\"@context\":\"https:\\\/\\\/schema.org\",\"@graph\":[{\"@type\":\"Article\",\"@id\":\"https:\\\/\\\/fuentesfidedignas.com.mx\\\/index.php\\\/2022\\\/06\\\/17\\\/alumnos-rocian-alcohol-y-queman-a-uno-de-sus-companeros-en-salon-de-clases\\\/#article\",\"isPartOf\":{\"@id\":\"https:\\\/\\\/fuentesfidedignas.com.mx\\\/index.php\\\/2022\\\/06\\\/17\\\/alumnos-rocian-alcohol-y-queman-a-uno-de-sus-companeros-en-salon-de-clases\\\/\"},\"author\":{\"name\":\"Noticieros Televisa\",\"@id\":\"https:\\\/\\\/fuentesfidedignas.com.mx\\\/#\\\/schema\\\/person\\\/f030e42657a5a464a8bbd891b1aab6ee\"},\"headline\":\"Alumnos roc\u00edan alcohol y queman a uno de sus compa\u00f1eros en sal\u00f3n de clases\",\"datePublished\":\"2022-06-17T20:27:40+00:00\",\"dateModified\":\"2022-06-18T01:03:46+00:00\",\"mainEntityOfPage\":{\"@id\":\"https:\\\/\\\/fuentesfidedignas.com.mx\\\/index.php\\\/2022\\\/06\\\/17\\\/alumnos-rocian-alcohol-y-queman-a-uno-de-sus-companeros-en-salon-de-clases\\\/\"},\"wordCount\":515,\"commentCount\":0,\"publisher\":{\"@id\":\"https:\\\/\\\/fuentesfidedignas.com.mx\\\/#organization\"},\"image\":{\"@id\":\"https:\\\/\\\/fuentesfidedignas.com.mx\\\/index.php\\\/2022\\\/06\\\/17\\\/alumnos-rocian-alcohol-y-queman-a-uno-de-sus-companeros-en-salon-de-clases\\\/#primaryimage\"},\"thumbnailUrl\":\"https:\\\/\\\/fuentesfidedignas.com.mx\\\/wp-content\\\/uploads\\\/2022\\\/06\\\/alumnos-en-telesecundaria-1.jpg\",\"keywords\":[\"Quer\u00e9taro\"],\"articleSection\":[\"NOTICIAS NACIONALES\"],\"inLanguage\":\"es\",\"potentialAction\":[{\"@type\":\"CommentAction\",\"name\":\"Comment\",\"target\":[\"https:\\\/\\\/fuentesfidedignas.com.mx\\\/index.php\\\/2022\\\/06\\\/17\\\/alumnos-rocian-alcohol-y-queman-a-uno-de-sus-companeros-en-salon-de-clases\\\/#respond\"]}]},{\"@type\":\"WebPage\",\"@id\":\"https:\\\/\\\/fuentesfidedignas.com.mx\\\/index.php\\\/2022\\\/06\\\/17\\\/alumnos-rocian-alcohol-y-queman-a-uno-de-sus-companeros-en-salon-de-clases\\\/\",\"url\":\"https:\\\/\\\/fuentesfidedignas.com.mx\\\/index.php\\\/2022\\\/06\\\/17\\\/alumnos-rocian-alcohol-y-queman-a-uno-de-sus-companeros-en-salon-de-clases\\\/\",\"name\":\"Alumnos roc\u00edan alcohol y queman a uno de sus compa\u00f1eros en sal\u00f3n de clases - Fuentes Fidedignas\",\"isPartOf\":{\"@id\":\"https:\\\/\\\/fuentesfidedignas.com.mx\\\/#website\"},\"primaryImageOfPage\":{\"@id\":\"https:\\\/\\\/fuentesfidedignas.com.mx\\\/index.php\\\/2022\\\/06\\\/17\\\/alumnos-rocian-alcohol-y-queman-a-uno-de-sus-companeros-en-salon-de-clases\\\/#primaryimage\"},\"image\":{\"@id\":\"https:\\\/\\\/fuentesfidedignas.com.mx\\\/index.php\\\/2022\\\/06\\\/17\\\/alumnos-rocian-alcohol-y-queman-a-uno-de-sus-companeros-en-salon-de-clases\\\/#primaryimage\"},\"thumbnailUrl\":\"https:\\\/\\\/fuentesfidedignas.com.mx\\\/wp-content\\\/uploads\\\/2022\\\/06\\\/alumnos-en-telesecundaria-1.jpg\",\"datePublished\":\"2022-06-17T20:27:40+00:00\",\"dateModified\":\"2022-06-18T01:03:46+00:00\",\"breadcrumb\":{\"@id\":\"https:\\\/\\\/fuentesfidedignas.com.mx\\\/index.php\\\/2022\\\/06\\\/17\\\/alumnos-rocian-alcohol-y-queman-a-uno-de-sus-companeros-en-salon-de-clases\\\/#breadcrumb\"},\"inLanguage\":\"es\",\"potentialAction\":[{\"@type\":\"ReadAction\",\"target\":[\"https:\\\/\\\/fuentesfidedignas.com.mx\\\/index.php\\\/2022\\\/06\\\/17\\\/alumnos-rocian-alcohol-y-queman-a-uno-de-sus-companeros-en-salon-de-clases\\\/\"]}]},{\"@type\":\"ImageObject\",\"inLanguage\":\"es\",\"@id\":\"https:\\\/\\\/fuentesfidedignas.com.mx\\\/index.php\\\/2022\\\/06\\\/17\\\/alumnos-rocian-alcohol-y-queman-a-uno-de-sus-companeros-en-salon-de-clases\\\/#primaryimage\",\"url\":\"https:\\\/\\\/fuentesfidedignas.com.mx\\\/wp-content\\\/uploads\\\/2022\\\/06\\\/alumnos-en-telesecundaria-1.jpg\",\"contentUrl\":\"https:\\\/\\\/fuentesfidedignas.com.mx\\\/wp-content\\\/uploads\\\/2022\\\/06\\\/alumnos-en-telesecundaria-1.jpg\",\"width\":1280,\"height\":720},{\"@type\":\"BreadcrumbList\",\"@id\":\"https:\\\/\\\/fuentesfidedignas.com.mx\\\/index.php\\\/2022\\\/06\\\/17\\\/alumnos-rocian-alcohol-y-queman-a-uno-de-sus-companeros-en-salon-de-clases\\\/#breadcrumb\",\"itemListElement\":[{\"@type\":\"ListItem\",\"position\":1,\"name\":\"Inicio\",\"item\":\"https:\\\/\\\/fuentesfidedignas.com.mx\\\/\"},{\"@type\":\"ListItem\",\"position\":2,\"name\":\"Alumnos roc\u00edan alcohol y queman a uno de sus compa\u00f1eros en sal\u00f3n de clases\"}]},{\"@type\":\"WebSite\",\"@id\":\"https:\\\/\\\/fuentesfidedignas.com.mx\\\/#website\",\"url\":\"https:\\\/\\\/fuentesfidedignas.com.mx\\\/\",\"name\":\"Fuentes Fidedignas\",\"description\":\"Otro sitio realizado con WordPress\",\"publisher\":{\"@id\":\"https:\\\/\\\/fuentesfidedignas.com.mx\\\/#organization\"},\"potentialAction\":[{\"@type\":\"SearchAction\",\"target\":{\"@type\":\"EntryPoint\",\"urlTemplate\":\"https:\\\/\\\/fuentesfidedignas.com.mx\\\/?s={search_term_string}\"},\"query-input\":{\"@type\":\"PropertyValueSpecification\",\"valueRequired\":true,\"valueName\":\"search_term_string\"}}],\"inLanguage\":\"es\"},{\"@type\":\"Organization\",\"@id\":\"https:\\\/\\\/fuentesfidedignas.com.mx\\\/#organization\",\"name\":\"Fuentes Fidedignas\",\"url\":\"https:\\\/\\\/fuentesfidedignas.com.mx\\\/\",\"logo\":{\"@type\":\"ImageObject\",\"inLanguage\":\"es\",\"@id\":\"https:\\\/\\\/fuentesfidedignas.com.mx\\\/#\\\/schema\\\/logo\\\/image\\\/\",\"url\":\"https:\\\/\\\/fuentesfidedignas.com.mx\\\/wp-content\\\/uploads\\\/2021\\\/04\\\/logo-retina.png\",\"contentUrl\":\"https:\\\/\\\/fuentesfidedignas.com.mx\\\/wp-content\\\/uploads\\\/2021\\\/04\\\/logo-retina.png\",\"width\":280,\"height\":51,\"caption\":\"Fuentes Fidedignas\"},\"image\":{\"@id\":\"https:\\\/\\\/fuentesfidedignas.com.mx\\\/#\\\/schema\\\/logo\\\/image\\\/\"},\"sameAs\":[\"https:\\\/\\\/www.facebook.com\\\/Fuentes-Fidedignas-368234489921644\",\"https:\\\/\\\/x.com\\\/fidedignas\"]},{\"@type\":\"Person\",\"@id\":\"https:\\\/\\\/fuentesfidedignas.com.mx\\\/#\\\/schema\\\/person\\\/f030e42657a5a464a8bbd891b1aab6ee\",\"name\":\"Noticieros Televisa\",\"image\":{\"@type\":\"ImageObject\",\"inLanguage\":\"es\",\"@id\":\"https:\\\/\\\/secure.gravatar.com\\\/avatar\\\/0e47b9e785a628831b8fd9eaf15e090e106760a879abbd4a3306f128ef5d43a9?s=96&d=mm&r=g\",\"url\":\"https:\\\/\\\/secure.gravatar.com\\\/avatar\\\/0e47b9e785a628831b8fd9eaf15e090e106760a879abbd4a3306f128ef5d43a9?s=96&d=mm&r=g\",\"contentUrl\":\"https:\\\/\\\/secure.gravatar.com\\\/avatar\\\/0e47b9e785a628831b8fd9eaf15e090e106760a879abbd4a3306f128ef5d43a9?s=96&d=mm&r=g\",\"caption\":\"Noticieros Televisa\"},\"url\":\"https:\\\/\\\/fuentesfidedignas.com.mx\\\/index.php\\\/author\\\/noticieros-televisa\\\/\"}]}<\/script>\n<!-- \/ Yoast SEO plugin. -->","yoast_head_json":{"title":"Alumnos roc\u00edan alcohol y queman a uno de sus compa\u00f1eros en sal\u00f3n de clases - Fuentes Fidedignas","robots":{"index":"index","follow":"follow","max-snippet":"max-snippet:-1","max-image-preview":"max-image-preview:large","max-video-preview":"max-video-preview:-1"},"canonical":"https:\/\/fuentesfidedignas.com.mx\/index.php\/2022\/06\/17\/alumnos-rocian-alcohol-y-queman-a-uno-de-sus-companeros-en-salon-de-clases\/","og_locale":"es_MX","og_type":"article","og_title":"Alumnos roc\u00edan alcohol y queman a uno de sus compa\u00f1eros en sal\u00f3n de clases - Fuentes Fidedignas","og_description":"Los hechos ocurrieron en la escuela Josefa Vergara, ubicada en la colonia El Salitre, Quer\u00e9taro Quer\u00e9taro. Un estudiante de&nbsp;telesecundaria, en Quer\u00e9taro, result\u00f3 con&nbsp;quemaduras&nbsp;de primero y segundo grado al ser atacado dentro del sal\u00f3n de clases por sus compa\u00f1eros, quienes le&nbsp;rociaron alcohol&nbsp;y le&nbsp;prendieron fuego. Ocurri\u00f3 el pasado 6 de junio en la escuela Josefa Vergara, ubicada [&hellip;]","og_url":"https:\/\/fuentesfidedignas.com.mx\/index.php\/2022\/06\/17\/alumnos-rocian-alcohol-y-queman-a-uno-de-sus-companeros-en-salon-de-clases\/","og_site_name":"Fuentes Fidedignas","article_publisher":"https:\/\/www.facebook.com\/Fuentes-Fidedignas-368234489921644","article_published_time":"2022-06-17T20:27:40+00:00","article_modified_time":"2022-06-18T01:03:46+00:00","og_image":[{"width":1280,"height":720,"url":"https:\/\/fuentesfidedignas.com.mx\/wp-content\/uploads\/2022\/06\/alumnos-en-telesecundaria-1.jpg","type":"image\/jpeg"}],"author":"Noticieros Televisa","twitter_card":"summary_large_image","twitter_creator":"@fidedignas","twitter_site":"@fidedignas","twitter_misc":{"Escrito por":"Noticieros Televisa","Tiempo de lectura":"3 minutos"},"schema":{"@context":"https:\/\/schema.org","@graph":[{"@type":"Article","@id":"https:\/\/fuentesfidedignas.com.mx\/index.php\/2022\/06\/17\/alumnos-rocian-alcohol-y-queman-a-uno-de-sus-companeros-en-salon-de-clases\/#article","isPartOf":{"@id":"https:\/\/fuentesfidedignas.com.mx\/index.php\/2022\/06\/17\/alumnos-rocian-alcohol-y-queman-a-uno-de-sus-companeros-en-salon-de-clases\/"},"author":{"name":"Noticieros Televisa","@id":"https:\/\/fuentesfidedignas.com.mx\/#\/schema\/person\/f030e42657a5a464a8bbd891b1aab6ee"},"headline":"Alumnos roc\u00edan alcohol y queman a uno de sus compa\u00f1eros en sal\u00f3n de clases","datePublished":"2022-06-17T20:27:40+00:00","dateModified":"2022-06-18T01:03:46+00:00","mainEntityOfPage":{"@id":"https:\/\/fuentesfidedignas.com.mx\/index.php\/2022\/06\/17\/alumnos-rocian-alcohol-y-queman-a-uno-de-sus-companeros-en-salon-de-clases\/"},"wordCount":515,"commentCount":0,"publisher":{"@id":"https:\/\/fuentesfidedignas.com.mx\/#organization"},"image":{"@id":"https:\/\/fuentesfidedignas.com.mx\/index.php\/2022\/06\/17\/alumnos-rocian-alcohol-y-queman-a-uno-de-sus-companeros-en-salon-de-clases\/#primaryimage"},"thumbnailUrl":"https:\/\/fuentesfidedignas.com.mx\/wp-content\/uploads\/2022\/06\/alumnos-en-telesecundaria-1.jpg","keywords":["Quer\u00e9taro"],"articleSection":["NOTICIAS NACIONALES"],"inLanguage":"es","potentialAction":[{"@type":"CommentAction","name":"Comment","target":["https:\/\/fuentesfidedignas.com.mx\/index.php\/2022\/06\/17\/alumnos-rocian-alcohol-y-queman-a-uno-de-sus-companeros-en-salon-de-clases\/#respond"]}]},{"@type":"WebPage","@id":"https:\/\/fuentesfidedignas.com.mx\/index.php\/2022\/06\/17\/alumnos-rocian-alcohol-y-queman-a-uno-de-sus-companeros-en-salon-de-clases\/","url":"https:\/\/fuentesfidedignas.com.mx\/index.php\/2022\/06\/17\/alumnos-rocian-alcohol-y-queman-a-uno-de-sus-companeros-en-salon-de-clases\/","name":"Alumnos roc\u00edan alcohol y queman a uno de sus compa\u00f1eros en sal\u00f3n de clases - Fuentes Fidedignas","isPartOf":{"@id":"https:\/\/fuentesfidedignas.com.mx\/#website"},"primaryImageOfPage":{"@id":"https:\/\/fuentesfidedignas.com.mx\/index.php\/2022\/06\/17\/alumnos-rocian-alcohol-y-queman-a-uno-de-sus-companeros-en-salon-de-clases\/#primaryimage"},"image":{"@id":"https:\/\/fuentesfidedignas.com.mx\/index.php\/2022\/06\/17\/alumnos-rocian-alcohol-y-queman-a-uno-de-sus-companeros-en-salon-de-clases\/#primaryimage"},"thumbnailUrl":"https:\/\/fuentesfidedignas.com.mx\/wp-content\/uploads\/2022\/06\/alumnos-en-telesecundaria-1.jpg","datePublished":"2022-06-17T20:27:40+00:00","dateModified":"2022-06-18T01:03:46+00:00","breadcrumb":{"@id":"https:\/\/fuentesfidedignas.com.mx\/index.php\/2022\/06\/17\/alumnos-rocian-alcohol-y-queman-a-uno-de-sus-companeros-en-salon-de-clases\/#breadcrumb"},"inLanguage":"es","potentialAction":[{"@type":"ReadAction","target":["https:\/\/fuentesfidedignas.com.mx\/index.php\/2022\/06\/17\/alumnos-rocian-alcohol-y-queman-a-uno-de-sus-companeros-en-salon-de-clases\/"]}]},{"@type":"ImageObject","inLanguage":"es","@id":"https:\/\/fuentesfidedignas.com.mx\/index.php\/2022\/06\/17\/alumnos-rocian-alcohol-y-queman-a-uno-de-sus-companeros-en-salon-de-clases\/#primaryimage","url":"https:\/\/fuentesfidedignas.com.mx\/wp-content\/uploads\/2022\/06\/alumnos-en-telesecundaria-1.jpg","contentUrl":"https:\/\/fuentesfidedignas.com.mx\/wp-content\/uploads\/2022\/06\/alumnos-en-telesecundaria-1.jpg","width":1280,"height":720},{"@type":"BreadcrumbList","@id":"https:\/\/fuentesfidedignas.com.mx\/index.php\/2022\/06\/17\/alumnos-rocian-alcohol-y-queman-a-uno-de-sus-companeros-en-salon-de-clases\/#breadcrumb","itemListElement":[{"@type":"ListItem","position":1,"name":"Inicio","item":"https:\/\/fuentesfidedignas.com.mx\/"},{"@type":"ListItem","position":2,"name":"Alumnos roc\u00edan alcohol y queman a uno de sus compa\u00f1eros en sal\u00f3n de clases"}]},{"@type":"WebSite","@id":"https:\/\/fuentesfidedignas.com.mx\/#website","url":"https:\/\/fuentesfidedignas.com.mx\/","name":"Fuentes Fidedignas","description":"Otro sitio realizado con WordPress","publisher":{"@id":"https:\/\/fuentesfidedignas.com.mx\/#organization"},"potentialAction":[{"@type":"SearchAction","target":{"@type":"EntryPoint","urlTemplate":"https:\/\/fuentesfidedignas.com.mx\/?s={search_term_string}"},"query-input":{"@type":"PropertyValueSpecification","valueRequired":true,"valueName":"search_term_string"}}],"inLanguage":"es"},{"@type":"Organization","@id":"https:\/\/fuentesfidedignas.com.mx\/#organization","name":"Fuentes Fidedignas","url":"https:\/\/fuentesfidedignas.com.mx\/","logo":{"@type":"ImageObject","inLanguage":"es","@id":"https:\/\/fuentesfidedignas.com.mx\/#\/schema\/logo\/image\/","url":"https:\/\/fuentesfidedignas.com.mx\/wp-content\/uploads\/2021\/04\/logo-retina.png","contentUrl":"https:\/\/fuentesfidedignas.com.mx\/wp-content\/uploads\/2021\/04\/logo-retina.png","width":280,"height":51,"caption":"Fuentes Fidedignas"},"image":{"@id":"https:\/\/fuentesfidedignas.com.mx\/#\/schema\/logo\/image\/"},"sameAs":["https:\/\/www.facebook.com\/Fuentes-Fidedignas-368234489921644","https:\/\/x.com\/fidedignas"]},{"@type":"Person","@id":"https:\/\/fuentesfidedignas.com.mx\/#\/schema\/person\/f030e42657a5a464a8bbd891b1aab6ee","name":"Noticieros Televisa","image":{"@type":"ImageObject","inLanguage":"es","@id":"https:\/\/secure.gravatar.com\/avatar\/0e47b9e785a628831b8fd9eaf15e090e106760a879abbd4a3306f128ef5d43a9?s=96&d=mm&r=g","url":"https:\/\/secure.gravatar.com\/avatar\/0e47b9e785a628831b8fd9eaf15e090e106760a879abbd4a3306f128ef5d43a9?s=96&d=mm&r=g","contentUrl":"https:\/\/secure.gravatar.com\/avatar\/0e47b9e785a628831b8fd9eaf15e090e106760a879abbd4a3306f128ef5d43a9?s=96&d=mm&r=g","caption":"Noticieros Televisa"},"url":"https:\/\/fuentesfidedignas.com.mx\/index.php\/author\/noticieros-televisa\/"}]}},"_links":{"self":[{"href":"https:\/\/fuentesfidedignas.com.mx\/index.php\/wp-json\/wp\/v2\/posts\/34669","targetHints":{"allow":["GET"]}}],"collection":[{"href":"https:\/\/fuentesfidedignas.com.mx\/index.php\/wp-json\/wp\/v2\/posts"}],"about":[{"href":"https:\/\/fuentesfidedignas.com.mx\/index.php\/wp-json\/wp\/v2\/types\/post"}],"author":[{"embeddable":true,"href":"https:\/\/fuentesfidedignas.com.mx\/index.php\/wp-json\/wp\/v2\/users\/46"}],"replies":[{"embeddable":true,"href":"https:\/\/fuentesfidedignas.com.mx\/index.php\/wp-json\/wp\/v2\/comments?post=34669"}],"version-history":[{"count":2,"href":"https:\/\/fuentesfidedignas.com.mx\/index.php\/wp-json\/wp\/v2\/posts\/34669\/revisions"}],"predecessor-version":[{"id":34744,"href":"https:\/\/fuentesfidedignas.com.mx\/index.php\/wp-json\/wp\/v2\/posts\/34669\/revisions\/34744"}],"wp:featuredmedia":[{"embeddable":true,"href":"https:\/\/fuentesfidedignas.com.mx\/index.php\/wp-json\/wp\/v2\/media\/34672"}],"wp:attachment":[{"href":"https:\/\/fuentesfidedignas.com.mx\/index.php\/wp-json\/wp\/v2\/media?parent=34669"}],"wp:term":[{"taxonomy":"category","embeddable":true,"href":"https:\/\/fuentesfidedignas.com.mx\/index.php\/wp-json\/wp\/v2\/categories?post=34669"},{"taxonomy":"post_tag","embeddable":true,"href":"https:\/\/fuentesfidedignas.com.mx\/index.php\/wp-json\/wp\/v2\/tags?post=34669"}],"curies":[{"name":"wp","href":"https:\/\/api.w.org\/{rel}","templated":true}]}}