{"id":34619,"date":"2022-06-17T07:03:10","date_gmt":"2022-06-17T13:03:10","guid":{"rendered":"https:\/\/fuentesfidedignas.com.mx\/?p=34619"},"modified":"2022-06-17T14:20:35","modified_gmt":"2022-06-17T20:20:35","slug":"ardera-sinaloa-pronostican-temperaturas-superiores-a-los-45c","status":"publish","type":"post","link":"https:\/\/fuentesfidedignas.com.mx\/index.php\/2022\/06\/17\/ardera-sinaloa-pronostican-temperaturas-superiores-a-los-45c\/","title":{"rendered":"\u00a1Arder\u00e1 Sinaloa! Pronostican temperaturas superiores a los 45\u00b0C"},"content":{"rendered":"\n<p><strong><em>Se prev\u00e9 que el centro del Hurac\u00e1n \u201cBlas\u201d de categor\u00eda 1 continuar\u00e1 su desplazamiento frente a las costas de Michoac\u00e1n y Colima<\/em><\/strong><\/p>\n\n\n\n<p>Ciudad de M\u00e9xico.- Este viernes 17 de junio se pronostica que el cicl\u00f3n tropical \u201cBlas\u201d se desplazar\u00e1 hacia el oeste-noroeste, alej\u00e1ndose paulatinamente de costas nacionales, no obstante, sus bandas nubosas aportar\u00e1n humedad y mantendr\u00e1 la probabilidad de lluvias fuertes a muy fuertes en estados del noroeste y occidente de M\u00e9xico.<\/p>\n\n\n\n<p>Por otra parte, la nueva tormenta tropical se aproximar\u00e1 a las costas de El Salvador, interaccionar\u00e1 con el desplazamiento de una nueva onda tropical sobre el occidente del Mar Caribe, incrementando la probabilidad de lluvias fuertes a muy fuertes en el sureste del pa\u00eds y en la Pen\u00ednsula de Yucat\u00e1n, pronostic\u00e1ndose lluvias puntuales intensas, que podr\u00edan generar deslaves e inundaciones, en zonas de Tabasco, Chiapas y Quintana Roo.<\/p>\n\n\n\n<p>Finalmente, una circulaci\u00f3n anticicl\u00f3nica en niveles medios de la atm\u00f3sfera mantendr\u00e1 el ambiente vespertino caluroso a muy caluroso sobre entidades del noroeste, norte y noreste del territorio nacional, con temperaturas superiores a 45\u00b0C en Baja California, Sonora y Sinaloa.<\/p>\n\n\n\n<p>Se prev\u00e9 que el centro del Hurac\u00e1n \u201cBlas\u201d de categor\u00eda 1 continuar\u00e1 su desplazamiento frente a las costas de Michoac\u00e1n y Colima; sus bandas nubosas producir\u00e1n lluvias puntuales intensas en zonas de Jalisco, Colima y Michoac\u00e1n, as\u00ed como muy fuertes en Nayarit y Guerrero.<\/p>\n\n\n\n<p>Estas lluvias, originar\u00e1n un incremento en los niveles de r\u00edos y arroyos, inundaciones y deslaves en dichas entidades. Adem\u00e1s, se pronostican rachas de viento de 70 a 80 km\/h y oleaje de 3 a 4 metros de altura en las costas de Jalisco, Colima, Michoac\u00e1n y Guerrero.<\/p>\n\n\n\n<p>Por otra parte, una l\u00ednea seca en Chihuahua y otro canal de baja presi\u00f3n extendido desde el norte hasta el centro del territorio nacional en combinaci\u00f3n con inestabilidad en la atm\u00f3sfera alta y el aporte de humedad generado por la circulaci\u00f3n de \u201cBlas\u201d, originar\u00e1 lluvias y chubascos acompa\u00f1ados de descargas el\u00e9ctricas y posible ca\u00edda de granizo sobre Sonora, Chihuahua, Durango y Sinaloa.<\/p>\n","protected":false},"excerpt":{"rendered":"<p>Se prev\u00e9 que el centro del Hurac\u00e1n \u201cBlas\u201d de categor\u00eda 1 continuar\u00e1 su desplazamiento frente a las costas de Michoac\u00e1n y Colima Ciudad de M\u00e9xico.- Este viernes 17 de junio se pronostica que el cicl\u00f3n tropical \u201cBlas\u201d se desplazar\u00e1 hacia el oeste-noroeste, alej\u00e1ndose paulatinamente de costas nacionales, no obstante, sus bandas nubosas aportar\u00e1n humedad y [&hellip;]<\/p>\n","protected":false},"author":46,"featured_media":32537,"comment_status":"open","ping_status":"open","sticky":false,"template":"","format":"standard","meta":{"tdm_status":"","tdm_grid_status":"","footnotes":""},"categories":[37],"tags":[440,439,318],"class_list":{"0":"post-34619","1":"post","2":"type-post","3":"status-publish","4":"format-standard","5":"has-post-thumbnail","7":"category-nota-principal","8":"tag-altas-temperaturas","9":"tag-calor","10":"tag-clima"},"yoast_head":"<!-- This site is optimized with the Yoast SEO plugin v27.5 - https:\/\/yoast.com\/product\/yoast-seo-wordpress\/ -->\n<title>\u00a1Arder\u00e1 Sinaloa! Pronostican temperaturas superiores a los 45\u00b0C - Fuentes Fidedignas<\/title>\n<meta name=\"robots\" content=\"index, follow, max-snippet:-1, max-image-preview:large, max-video-preview:-1\" \/>\n<link rel=\"canonical\" href=\"https:\/\/fuentesfidedignas.com.mx\/index.php\/2022\/06\/17\/ardera-sinaloa-pronostican-temperaturas-superiores-a-los-45c\/\" \/>\n<meta property=\"og:locale\" content=\"es_MX\" \/>\n<meta property=\"og:type\" content=\"article\" \/>\n<meta property=\"og:title\" content=\"\u00a1Arder\u00e1 Sinaloa! Pronostican temperaturas superiores a los 45\u00b0C - Fuentes Fidedignas\" \/>\n<meta property=\"og:description\" content=\"Se prev\u00e9 que el centro del Hurac\u00e1n \u201cBlas\u201d de categor\u00eda 1 continuar\u00e1 su desplazamiento frente a las costas de Michoac\u00e1n y Colima Ciudad de M\u00e9xico.- Este viernes 17 de junio se pronostica que el cicl\u00f3n tropical \u201cBlas\u201d se desplazar\u00e1 hacia el oeste-noroeste, alej\u00e1ndose paulatinamente de costas nacionales, no obstante, sus bandas nubosas aportar\u00e1n humedad y [&hellip;]\" \/>\n<meta property=\"og:url\" content=\"https:\/\/fuentesfidedignas.com.mx\/index.php\/2022\/06\/17\/ardera-sinaloa-pronostican-temperaturas-superiores-a-los-45c\/\" \/>\n<meta property=\"og:site_name\" content=\"Fuentes Fidedignas\" \/>\n<meta property=\"article:publisher\" content=\"https:\/\/www.facebook.com\/Fuentes-Fidedignas-368234489921644\" \/>\n<meta property=\"article:published_time\" content=\"2022-06-17T13:03:10+00:00\" \/>\n<meta property=\"article:modified_time\" content=\"2022-06-17T20:20:35+00:00\" \/>\n<meta property=\"og:image\" content=\"https:\/\/fuentesfidedignas.com.mx\/wp-content\/uploads\/2022\/05\/golpe-de-calor.jpg\" \/>\n\t<meta property=\"og:image:width\" content=\"1030\" \/>\n\t<meta property=\"og:image:height\" content=\"600\" \/>\n\t<meta property=\"og:image:type\" content=\"image\/jpeg\" \/>\n<meta name=\"author\" content=\"Noticieros Televisa\" \/>\n<meta name=\"twitter:card\" content=\"summary_large_image\" \/>\n<meta name=\"twitter:creator\" content=\"@fidedignas\" \/>\n<meta name=\"twitter:site\" content=\"@fidedignas\" \/>\n<meta name=\"twitter:label1\" content=\"Escrito por\" \/>\n\t<meta name=\"twitter:data1\" content=\"Noticieros Televisa\" \/>\n\t<meta name=\"twitter:label2\" content=\"Tiempo de lectura\" \/>\n\t<meta name=\"twitter:data2\" content=\"2 minutos\" \/>\n<script type=\"application\/ld+json\" class=\"yoast-schema-graph\">{\"@context\":\"https:\\\/\\\/schema.org\",\"@graph\":[{\"@type\":\"Article\",\"@id\":\"https:\\\/\\\/fuentesfidedignas.com.mx\\\/index.php\\\/2022\\\/06\\\/17\\\/ardera-sinaloa-pronostican-temperaturas-superiores-a-los-45c\\\/#article\",\"isPartOf\":{\"@id\":\"https:\\\/\\\/fuentesfidedignas.com.mx\\\/index.php\\\/2022\\\/06\\\/17\\\/ardera-sinaloa-pronostican-temperaturas-superiores-a-los-45c\\\/\"},\"author\":{\"name\":\"Noticieros Televisa\",\"@id\":\"https:\\\/\\\/fuentesfidedignas.com.mx\\\/#\\\/schema\\\/person\\\/f030e42657a5a464a8bbd891b1aab6ee\"},\"headline\":\"\u00a1Arder\u00e1 Sinaloa! Pronostican temperaturas superiores a los 45\u00b0C\",\"datePublished\":\"2022-06-17T13:03:10+00:00\",\"dateModified\":\"2022-06-17T20:20:35+00:00\",\"mainEntityOfPage\":{\"@id\":\"https:\\\/\\\/fuentesfidedignas.com.mx\\\/index.php\\\/2022\\\/06\\\/17\\\/ardera-sinaloa-pronostican-temperaturas-superiores-a-los-45c\\\/\"},\"wordCount\":368,\"commentCount\":0,\"publisher\":{\"@id\":\"https:\\\/\\\/fuentesfidedignas.com.mx\\\/#organization\"},\"image\":{\"@id\":\"https:\\\/\\\/fuentesfidedignas.com.mx\\\/index.php\\\/2022\\\/06\\\/17\\\/ardera-sinaloa-pronostican-temperaturas-superiores-a-los-45c\\\/#primaryimage\"},\"thumbnailUrl\":\"https:\\\/\\\/fuentesfidedignas.com.mx\\\/wp-content\\\/uploads\\\/2022\\\/05\\\/golpe-de-calor.jpg\",\"keywords\":[\"altas temperaturas\",\"Calor\",\"clima\"],\"articleSection\":[\"NOTA PRINCIPAL\"],\"inLanguage\":\"es\",\"potentialAction\":[{\"@type\":\"CommentAction\",\"name\":\"Comment\",\"target\":[\"https:\\\/\\\/fuentesfidedignas.com.mx\\\/index.php\\\/2022\\\/06\\\/17\\\/ardera-sinaloa-pronostican-temperaturas-superiores-a-los-45c\\\/#respond\"]}]},{\"@type\":\"WebPage\",\"@id\":\"https:\\\/\\\/fuentesfidedignas.com.mx\\\/index.php\\\/2022\\\/06\\\/17\\\/ardera-sinaloa-pronostican-temperaturas-superiores-a-los-45c\\\/\",\"url\":\"https:\\\/\\\/fuentesfidedignas.com.mx\\\/index.php\\\/2022\\\/06\\\/17\\\/ardera-sinaloa-pronostican-temperaturas-superiores-a-los-45c\\\/\",\"name\":\"\u00a1Arder\u00e1 Sinaloa! Pronostican temperaturas superiores a los 45\u00b0C - Fuentes Fidedignas\",\"isPartOf\":{\"@id\":\"https:\\\/\\\/fuentesfidedignas.com.mx\\\/#website\"},\"primaryImageOfPage\":{\"@id\":\"https:\\\/\\\/fuentesfidedignas.com.mx\\\/index.php\\\/2022\\\/06\\\/17\\\/ardera-sinaloa-pronostican-temperaturas-superiores-a-los-45c\\\/#primaryimage\"},\"image\":{\"@id\":\"https:\\\/\\\/fuentesfidedignas.com.mx\\\/index.php\\\/2022\\\/06\\\/17\\\/ardera-sinaloa-pronostican-temperaturas-superiores-a-los-45c\\\/#primaryimage\"},\"thumbnailUrl\":\"https:\\\/\\\/fuentesfidedignas.com.mx\\\/wp-content\\\/uploads\\\/2022\\\/05\\\/golpe-de-calor.jpg\",\"datePublished\":\"2022-06-17T13:03:10+00:00\",\"dateModified\":\"2022-06-17T20:20:35+00:00\",\"breadcrumb\":{\"@id\":\"https:\\\/\\\/fuentesfidedignas.com.mx\\\/index.php\\\/2022\\\/06\\\/17\\\/ardera-sinaloa-pronostican-temperaturas-superiores-a-los-45c\\\/#breadcrumb\"},\"inLanguage\":\"es\",\"potentialAction\":[{\"@type\":\"ReadAction\",\"target\":[\"https:\\\/\\\/fuentesfidedignas.com.mx\\\/index.php\\\/2022\\\/06\\\/17\\\/ardera-sinaloa-pronostican-temperaturas-superiores-a-los-45c\\\/\"]}]},{\"@type\":\"ImageObject\",\"inLanguage\":\"es\",\"@id\":\"https:\\\/\\\/fuentesfidedignas.com.mx\\\/index.php\\\/2022\\\/06\\\/17\\\/ardera-sinaloa-pronostican-temperaturas-superiores-a-los-45c\\\/#primaryimage\",\"url\":\"https:\\\/\\\/fuentesfidedignas.com.mx\\\/wp-content\\\/uploads\\\/2022\\\/05\\\/golpe-de-calor.jpg\",\"contentUrl\":\"https:\\\/\\\/fuentesfidedignas.com.mx\\\/wp-content\\\/uploads\\\/2022\\\/05\\\/golpe-de-calor.jpg\",\"width\":1030,\"height\":600},{\"@type\":\"BreadcrumbList\",\"@id\":\"https:\\\/\\\/fuentesfidedignas.com.mx\\\/index.php\\\/2022\\\/06\\\/17\\\/ardera-sinaloa-pronostican-temperaturas-superiores-a-los-45c\\\/#breadcrumb\",\"itemListElement\":[{\"@type\":\"ListItem\",\"position\":1,\"name\":\"Inicio\",\"item\":\"https:\\\/\\\/fuentesfidedignas.com.mx\\\/\"},{\"@type\":\"ListItem\",\"position\":2,\"name\":\"\u00a1Arder\u00e1 Sinaloa! Pronostican temperaturas superiores a los 45\u00b0C\"}]},{\"@type\":\"WebSite\",\"@id\":\"https:\\\/\\\/fuentesfidedignas.com.mx\\\/#website\",\"url\":\"https:\\\/\\\/fuentesfidedignas.com.mx\\\/\",\"name\":\"Fuentes Fidedignas\",\"description\":\"Otro sitio realizado con WordPress\",\"publisher\":{\"@id\":\"https:\\\/\\\/fuentesfidedignas.com.mx\\\/#organization\"},\"potentialAction\":[{\"@type\":\"SearchAction\",\"target\":{\"@type\":\"EntryPoint\",\"urlTemplate\":\"https:\\\/\\\/fuentesfidedignas.com.mx\\\/?s={search_term_string}\"},\"query-input\":{\"@type\":\"PropertyValueSpecification\",\"valueRequired\":true,\"valueName\":\"search_term_string\"}}],\"inLanguage\":\"es\"},{\"@type\":\"Organization\",\"@id\":\"https:\\\/\\\/fuentesfidedignas.com.mx\\\/#organization\",\"name\":\"Fuentes Fidedignas\",\"url\":\"https:\\\/\\\/fuentesfidedignas.com.mx\\\/\",\"logo\":{\"@type\":\"ImageObject\",\"inLanguage\":\"es\",\"@id\":\"https:\\\/\\\/fuentesfidedignas.com.mx\\\/#\\\/schema\\\/logo\\\/image\\\/\",\"url\":\"https:\\\/\\\/fuentesfidedignas.com.mx\\\/wp-content\\\/uploads\\\/2021\\\/04\\\/logo-retina.png\",\"contentUrl\":\"https:\\\/\\\/fuentesfidedignas.com.mx\\\/wp-content\\\/uploads\\\/2021\\\/04\\\/logo-retina.png\",\"width\":280,\"height\":51,\"caption\":\"Fuentes Fidedignas\"},\"image\":{\"@id\":\"https:\\\/\\\/fuentesfidedignas.com.mx\\\/#\\\/schema\\\/logo\\\/image\\\/\"},\"sameAs\":[\"https:\\\/\\\/www.facebook.com\\\/Fuentes-Fidedignas-368234489921644\",\"https:\\\/\\\/x.com\\\/fidedignas\"]},{\"@type\":\"Person\",\"@id\":\"https:\\\/\\\/fuentesfidedignas.com.mx\\\/#\\\/schema\\\/person\\\/f030e42657a5a464a8bbd891b1aab6ee\",\"name\":\"Noticieros Televisa\",\"image\":{\"@type\":\"ImageObject\",\"inLanguage\":\"es\",\"@id\":\"https:\\\/\\\/secure.gravatar.com\\\/avatar\\\/0e47b9e785a628831b8fd9eaf15e090e106760a879abbd4a3306f128ef5d43a9?s=96&d=mm&r=g\",\"url\":\"https:\\\/\\\/secure.gravatar.com\\\/avatar\\\/0e47b9e785a628831b8fd9eaf15e090e106760a879abbd4a3306f128ef5d43a9?s=96&d=mm&r=g\",\"contentUrl\":\"https:\\\/\\\/secure.gravatar.com\\\/avatar\\\/0e47b9e785a628831b8fd9eaf15e090e106760a879abbd4a3306f128ef5d43a9?s=96&d=mm&r=g\",\"caption\":\"Noticieros Televisa\"},\"url\":\"https:\\\/\\\/fuentesfidedignas.com.mx\\\/index.php\\\/author\\\/noticieros-televisa\\\/\"}]}<\/script>\n<!-- \/ Yoast SEO plugin. -->","yoast_head_json":{"title":"\u00a1Arder\u00e1 Sinaloa! Pronostican temperaturas superiores a los 45\u00b0C - Fuentes Fidedignas","robots":{"index":"index","follow":"follow","max-snippet":"max-snippet:-1","max-image-preview":"max-image-preview:large","max-video-preview":"max-video-preview:-1"},"canonical":"https:\/\/fuentesfidedignas.com.mx\/index.php\/2022\/06\/17\/ardera-sinaloa-pronostican-temperaturas-superiores-a-los-45c\/","og_locale":"es_MX","og_type":"article","og_title":"\u00a1Arder\u00e1 Sinaloa! Pronostican temperaturas superiores a los 45\u00b0C - Fuentes Fidedignas","og_description":"Se prev\u00e9 que el centro del Hurac\u00e1n \u201cBlas\u201d de categor\u00eda 1 continuar\u00e1 su desplazamiento frente a las costas de Michoac\u00e1n y Colima Ciudad de M\u00e9xico.- Este viernes 17 de junio se pronostica que el cicl\u00f3n tropical \u201cBlas\u201d se desplazar\u00e1 hacia el oeste-noroeste, alej\u00e1ndose paulatinamente de costas nacionales, no obstante, sus bandas nubosas aportar\u00e1n humedad y [&hellip;]","og_url":"https:\/\/fuentesfidedignas.com.mx\/index.php\/2022\/06\/17\/ardera-sinaloa-pronostican-temperaturas-superiores-a-los-45c\/","og_site_name":"Fuentes Fidedignas","article_publisher":"https:\/\/www.facebook.com\/Fuentes-Fidedignas-368234489921644","article_published_time":"2022-06-17T13:03:10+00:00","article_modified_time":"2022-06-17T20:20:35+00:00","og_image":[{"width":1030,"height":600,"url":"https:\/\/fuentesfidedignas.com.mx\/wp-content\/uploads\/2022\/05\/golpe-de-calor.jpg","type":"image\/jpeg"}],"author":"Noticieros Televisa","twitter_card":"summary_large_image","twitter_creator":"@fidedignas","twitter_site":"@fidedignas","twitter_misc":{"Escrito por":"Noticieros Televisa","Tiempo de lectura":"2 minutos"},"schema":{"@context":"https:\/\/schema.org","@graph":[{"@type":"Article","@id":"https:\/\/fuentesfidedignas.com.mx\/index.php\/2022\/06\/17\/ardera-sinaloa-pronostican-temperaturas-superiores-a-los-45c\/#article","isPartOf":{"@id":"https:\/\/fuentesfidedignas.com.mx\/index.php\/2022\/06\/17\/ardera-sinaloa-pronostican-temperaturas-superiores-a-los-45c\/"},"author":{"name":"Noticieros Televisa","@id":"https:\/\/fuentesfidedignas.com.mx\/#\/schema\/person\/f030e42657a5a464a8bbd891b1aab6ee"},"headline":"\u00a1Arder\u00e1 Sinaloa! Pronostican temperaturas superiores a los 45\u00b0C","datePublished":"2022-06-17T13:03:10+00:00","dateModified":"2022-06-17T20:20:35+00:00","mainEntityOfPage":{"@id":"https:\/\/fuentesfidedignas.com.mx\/index.php\/2022\/06\/17\/ardera-sinaloa-pronostican-temperaturas-superiores-a-los-45c\/"},"wordCount":368,"commentCount":0,"publisher":{"@id":"https:\/\/fuentesfidedignas.com.mx\/#organization"},"image":{"@id":"https:\/\/fuentesfidedignas.com.mx\/index.php\/2022\/06\/17\/ardera-sinaloa-pronostican-temperaturas-superiores-a-los-45c\/#primaryimage"},"thumbnailUrl":"https:\/\/fuentesfidedignas.com.mx\/wp-content\/uploads\/2022\/05\/golpe-de-calor.jpg","keywords":["altas temperaturas","Calor","clima"],"articleSection":["NOTA PRINCIPAL"],"inLanguage":"es","potentialAction":[{"@type":"CommentAction","name":"Comment","target":["https:\/\/fuentesfidedignas.com.mx\/index.php\/2022\/06\/17\/ardera-sinaloa-pronostican-temperaturas-superiores-a-los-45c\/#respond"]}]},{"@type":"WebPage","@id":"https:\/\/fuentesfidedignas.com.mx\/index.php\/2022\/06\/17\/ardera-sinaloa-pronostican-temperaturas-superiores-a-los-45c\/","url":"https:\/\/fuentesfidedignas.com.mx\/index.php\/2022\/06\/17\/ardera-sinaloa-pronostican-temperaturas-superiores-a-los-45c\/","name":"\u00a1Arder\u00e1 Sinaloa! Pronostican temperaturas superiores a los 45\u00b0C - Fuentes Fidedignas","isPartOf":{"@id":"https:\/\/fuentesfidedignas.com.mx\/#website"},"primaryImageOfPage":{"@id":"https:\/\/fuentesfidedignas.com.mx\/index.php\/2022\/06\/17\/ardera-sinaloa-pronostican-temperaturas-superiores-a-los-45c\/#primaryimage"},"image":{"@id":"https:\/\/fuentesfidedignas.com.mx\/index.php\/2022\/06\/17\/ardera-sinaloa-pronostican-temperaturas-superiores-a-los-45c\/#primaryimage"},"thumbnailUrl":"https:\/\/fuentesfidedignas.com.mx\/wp-content\/uploads\/2022\/05\/golpe-de-calor.jpg","datePublished":"2022-06-17T13:03:10+00:00","dateModified":"2022-06-17T20:20:35+00:00","breadcrumb":{"@id":"https:\/\/fuentesfidedignas.com.mx\/index.php\/2022\/06\/17\/ardera-sinaloa-pronostican-temperaturas-superiores-a-los-45c\/#breadcrumb"},"inLanguage":"es","potentialAction":[{"@type":"ReadAction","target":["https:\/\/fuentesfidedignas.com.mx\/index.php\/2022\/06\/17\/ardera-sinaloa-pronostican-temperaturas-superiores-a-los-45c\/"]}]},{"@type":"ImageObject","inLanguage":"es","@id":"https:\/\/fuentesfidedignas.com.mx\/index.php\/2022\/06\/17\/ardera-sinaloa-pronostican-temperaturas-superiores-a-los-45c\/#primaryimage","url":"https:\/\/fuentesfidedignas.com.mx\/wp-content\/uploads\/2022\/05\/golpe-de-calor.jpg","contentUrl":"https:\/\/fuentesfidedignas.com.mx\/wp-content\/uploads\/2022\/05\/golpe-de-calor.jpg","width":1030,"height":600},{"@type":"BreadcrumbList","@id":"https:\/\/fuentesfidedignas.com.mx\/index.php\/2022\/06\/17\/ardera-sinaloa-pronostican-temperaturas-superiores-a-los-45c\/#breadcrumb","itemListElement":[{"@type":"ListItem","position":1,"name":"Inicio","item":"https:\/\/fuentesfidedignas.com.mx\/"},{"@type":"ListItem","position":2,"name":"\u00a1Arder\u00e1 Sinaloa! Pronostican temperaturas superiores a los 45\u00b0C"}]},{"@type":"WebSite","@id":"https:\/\/fuentesfidedignas.com.mx\/#website","url":"https:\/\/fuentesfidedignas.com.mx\/","name":"Fuentes Fidedignas","description":"Otro sitio realizado con WordPress","publisher":{"@id":"https:\/\/fuentesfidedignas.com.mx\/#organization"},"potentialAction":[{"@type":"SearchAction","target":{"@type":"EntryPoint","urlTemplate":"https:\/\/fuentesfidedignas.com.mx\/?s={search_term_string}"},"query-input":{"@type":"PropertyValueSpecification","valueRequired":true,"valueName":"search_term_string"}}],"inLanguage":"es"},{"@type":"Organization","@id":"https:\/\/fuentesfidedignas.com.mx\/#organization","name":"Fuentes Fidedignas","url":"https:\/\/fuentesfidedignas.com.mx\/","logo":{"@type":"ImageObject","inLanguage":"es","@id":"https:\/\/fuentesfidedignas.com.mx\/#\/schema\/logo\/image\/","url":"https:\/\/fuentesfidedignas.com.mx\/wp-content\/uploads\/2021\/04\/logo-retina.png","contentUrl":"https:\/\/fuentesfidedignas.com.mx\/wp-content\/uploads\/2021\/04\/logo-retina.png","width":280,"height":51,"caption":"Fuentes Fidedignas"},"image":{"@id":"https:\/\/fuentesfidedignas.com.mx\/#\/schema\/logo\/image\/"},"sameAs":["https:\/\/www.facebook.com\/Fuentes-Fidedignas-368234489921644","https:\/\/x.com\/fidedignas"]},{"@type":"Person","@id":"https:\/\/fuentesfidedignas.com.mx\/#\/schema\/person\/f030e42657a5a464a8bbd891b1aab6ee","name":"Noticieros Televisa","image":{"@type":"ImageObject","inLanguage":"es","@id":"https:\/\/secure.gravatar.com\/avatar\/0e47b9e785a628831b8fd9eaf15e090e106760a879abbd4a3306f128ef5d43a9?s=96&d=mm&r=g","url":"https:\/\/secure.gravatar.com\/avatar\/0e47b9e785a628831b8fd9eaf15e090e106760a879abbd4a3306f128ef5d43a9?s=96&d=mm&r=g","contentUrl":"https:\/\/secure.gravatar.com\/avatar\/0e47b9e785a628831b8fd9eaf15e090e106760a879abbd4a3306f128ef5d43a9?s=96&d=mm&r=g","caption":"Noticieros Televisa"},"url":"https:\/\/fuentesfidedignas.com.mx\/index.php\/author\/noticieros-televisa\/"}]}},"_links":{"self":[{"href":"https:\/\/fuentesfidedignas.com.mx\/index.php\/wp-json\/wp\/v2\/posts\/34619","targetHints":{"allow":["GET"]}}],"collection":[{"href":"https:\/\/fuentesfidedignas.com.mx\/index.php\/wp-json\/wp\/v2\/posts"}],"about":[{"href":"https:\/\/fuentesfidedignas.com.mx\/index.php\/wp-json\/wp\/v2\/types\/post"}],"author":[{"embeddable":true,"href":"https:\/\/fuentesfidedignas.com.mx\/index.php\/wp-json\/wp\/v2\/users\/46"}],"replies":[{"embeddable":true,"href":"https:\/\/fuentesfidedignas.com.mx\/index.php\/wp-json\/wp\/v2\/comments?post=34619"}],"version-history":[{"count":1,"href":"https:\/\/fuentesfidedignas.com.mx\/index.php\/wp-json\/wp\/v2\/posts\/34619\/revisions"}],"predecessor-version":[{"id":34620,"href":"https:\/\/fuentesfidedignas.com.mx\/index.php\/wp-json\/wp\/v2\/posts\/34619\/revisions\/34620"}],"wp:featuredmedia":[{"embeddable":true,"href":"https:\/\/fuentesfidedignas.com.mx\/index.php\/wp-json\/wp\/v2\/media\/32537"}],"wp:attachment":[{"href":"https:\/\/fuentesfidedignas.com.mx\/index.php\/wp-json\/wp\/v2\/media?parent=34619"}],"wp:term":[{"taxonomy":"category","embeddable":true,"href":"https:\/\/fuentesfidedignas.com.mx\/index.php\/wp-json\/wp\/v2\/categories?post=34619"},{"taxonomy":"post_tag","embeddable":true,"href":"https:\/\/fuentesfidedignas.com.mx\/index.php\/wp-json\/wp\/v2\/tags?post=34619"}],"curies":[{"name":"wp","href":"https:\/\/api.w.org\/{rel}","templated":true}]}}