{"id":34543,"date":"2022-06-16T12:43:16","date_gmt":"2022-06-16T18:43:16","guid":{"rendered":"https:\/\/fuentesfidedignas.com.mx\/?p=34543"},"modified":"2022-06-16T12:43:17","modified_gmt":"2022-06-16T18:43:17","slug":"se-ve-y-se-siente-el-compromiso-con-el-sector-empresarial-kenia-moreno-presidenta-ammje","status":"publish","type":"post","link":"https:\/\/fuentesfidedignas.com.mx\/index.php\/2022\/06\/16\/se-ve-y-se-siente-el-compromiso-con-el-sector-empresarial-kenia-moreno-presidenta-ammje\/","title":{"rendered":"\u201cSe ve y se siente el compromiso con el sector empresarial\u201d: Kenia Moreno, presidenta AMMJE"},"content":{"rendered":"\n<p><strong><em>La dirigente de la Asociaci\u00f3n Mexicana de Mujeres Jefas de Empresas en Los Mochis, dijo que ten\u00edan tres a\u00f1os sin recibir el apoyo y la apertura de trabajar en conjunto con el Gobierno Municipal tal como lo manifiesta en esta administraci\u00f3n Gerardo Vargas Landeros\u2026<\/em><\/strong><\/p>\n\n\n\n<p>Los Mochis, Ahome, Sin.- El Presidente Municipal de Ahome, Gerardo Vargas Landeros, recibi\u00f3 esta ma\u00f1ana en su despacho a la Presidenta de la Asociaci\u00f3n Mexicana de Mujeres Jefas de Empresa A.C (AMMJE) representaci\u00f3n Los Mochis, con el objetivo de mantener una comunicaci\u00f3n permanente que permita trabajar en conjunto gobierno con el sector empresarial.<\/p>\n\n\n\n<p>Kenia Guadalupe Moreno D\u00edaz, Presidenta de AMMJE, en su visita expres\u00f3 su agradecimiento con el Gobierno Municipal, ya que en su pasado evento que fue una Pasarela Brunch en beneficio al Patronato Pro- Albergue para Ancianos Santa Rosa IAP, recibieron todas las atenciones de las autoridades y el apoyo pertinente para poder lograr el \u00e9xito obtenido durante la reuni\u00f3n.<\/p>\n\n\n\n<p>Adem\u00e1s expres\u00f3 que en esta administraci\u00f3n se ha percibido una apertura a las mujeres y a los hombres empresarios de la localidad, con acciones que no presenciaban desde a\u00f1os.<\/p>\n\n\n\n<p>\u201cSe ve y se siente el compromiso, ya ten\u00edamos tres a\u00f1os que no recib\u00edamos ese contacto, esa comunicaci\u00f3n y ese apoyo mutuo de estar trabajando juntos por el bien del municipio\u201d.<\/p>\n\n\n\n<p>Gerardo Vargas Landeros, manifest\u00f3 su compromiso con el sector empresarial y un reconocimiento especial a este rubro encabezado por las Mujeres Empresarias, refrendando siempre su respaldo y un total acercamiento para consolidar diversas campa\u00f1as sociales en pro del bienestar de los ahomenses.<\/p>\n","protected":false},"excerpt":{"rendered":"<p>La dirigente de la Asociaci\u00f3n Mexicana de Mujeres Jefas de Empresas en Los Mochis, dijo que ten\u00edan tres a\u00f1os sin recibir el apoyo y la apertura de trabajar en conjunto con el Gobierno Municipal tal como lo manifiesta en esta administraci\u00f3n Gerardo Vargas Landeros\u2026 Los Mochis, Ahome, Sin.- El Presidente Municipal de Ahome, Gerardo Vargas [&hellip;]<\/p>\n","protected":false},"author":4,"featured_media":34544,"comment_status":"open","ping_status":"open","sticky":false,"template":"","format":"standard","meta":{"tdm_status":"","tdm_grid_status":"","footnotes":""},"categories":[38],"tags":[278,1715,1654,2943],"class_list":{"0":"post-34543","1":"post","2":"type-post","3":"status-publish","4":"format-standard","5":"has-post-thumbnail","7":"category-noticias-locales","8":"tag-ahome","9":"tag-ayuntamiento-de-ahome","10":"tag-gerardo-vargas-landeros","11":"tag-mujeres-empresarias"},"yoast_head":"<!-- This site is optimized with the Yoast SEO plugin v27.5 - https:\/\/yoast.com\/product\/yoast-seo-wordpress\/ -->\n<title>\u201cSe ve y se siente el compromiso con el sector empresarial\u201d: Kenia Moreno, presidenta AMMJE - Fuentes Fidedignas<\/title>\n<meta name=\"robots\" content=\"index, follow, max-snippet:-1, max-image-preview:large, max-video-preview:-1\" \/>\n<link rel=\"canonical\" href=\"https:\/\/fuentesfidedignas.com.mx\/index.php\/2022\/06\/16\/se-ve-y-se-siente-el-compromiso-con-el-sector-empresarial-kenia-moreno-presidenta-ammje\/\" \/>\n<meta property=\"og:locale\" content=\"es_MX\" \/>\n<meta property=\"og:type\" content=\"article\" \/>\n<meta property=\"og:title\" content=\"\u201cSe ve y se siente el compromiso con el sector empresarial\u201d: Kenia Moreno, presidenta AMMJE - Fuentes Fidedignas\" \/>\n<meta property=\"og:description\" content=\"La dirigente de la Asociaci\u00f3n Mexicana de Mujeres Jefas de Empresas en Los Mochis, dijo que ten\u00edan tres a\u00f1os sin recibir el apoyo y la apertura de trabajar en conjunto con el Gobierno Municipal tal como lo manifiesta en esta administraci\u00f3n Gerardo Vargas Landeros\u2026 Los Mochis, Ahome, Sin.- El Presidente Municipal de Ahome, Gerardo Vargas [&hellip;]\" \/>\n<meta property=\"og:url\" content=\"https:\/\/fuentesfidedignas.com.mx\/index.php\/2022\/06\/16\/se-ve-y-se-siente-el-compromiso-con-el-sector-empresarial-kenia-moreno-presidenta-ammje\/\" \/>\n<meta property=\"og:site_name\" content=\"Fuentes Fidedignas\" \/>\n<meta property=\"article:publisher\" content=\"https:\/\/www.facebook.com\/Fuentes-Fidedignas-368234489921644\" \/>\n<meta property=\"article:published_time\" content=\"2022-06-16T18:43:16+00:00\" \/>\n<meta property=\"article:modified_time\" content=\"2022-06-16T18:43:17+00:00\" \/>\n<meta property=\"og:image\" content=\"https:\/\/fuentesfidedignas.com.mx\/wp-content\/uploads\/2022\/06\/WhatsApp-Image-2022-06-16-at-12.34.11-PM.jpeg\" \/>\n\t<meta property=\"og:image:width\" content=\"1280\" \/>\n\t<meta property=\"og:image:height\" content=\"853\" \/>\n\t<meta property=\"og:image:type\" content=\"image\/jpeg\" \/>\n<meta name=\"author\" content=\"Redacci\u00f3n\" \/>\n<meta name=\"twitter:card\" content=\"summary_large_image\" \/>\n<meta name=\"twitter:creator\" content=\"@fidedignas\" \/>\n<meta name=\"twitter:site\" content=\"@fidedignas\" \/>\n<meta name=\"twitter:label1\" content=\"Escrito por\" \/>\n\t<meta name=\"twitter:data1\" content=\"Redacci\u00f3n\" \/>\n\t<meta name=\"twitter:label2\" content=\"Tiempo de lectura\" \/>\n\t<meta name=\"twitter:data2\" content=\"2 minutos\" \/>\n<script type=\"application\/ld+json\" class=\"yoast-schema-graph\">{\"@context\":\"https:\\\/\\\/schema.org\",\"@graph\":[{\"@type\":\"Article\",\"@id\":\"https:\\\/\\\/fuentesfidedignas.com.mx\\\/index.php\\\/2022\\\/06\\\/16\\\/se-ve-y-se-siente-el-compromiso-con-el-sector-empresarial-kenia-moreno-presidenta-ammje\\\/#article\",\"isPartOf\":{\"@id\":\"https:\\\/\\\/fuentesfidedignas.com.mx\\\/index.php\\\/2022\\\/06\\\/16\\\/se-ve-y-se-siente-el-compromiso-con-el-sector-empresarial-kenia-moreno-presidenta-ammje\\\/\"},\"author\":{\"name\":\"Redacci\u00f3n\",\"@id\":\"https:\\\/\\\/fuentesfidedignas.com.mx\\\/#\\\/schema\\\/person\\\/331be9283d37198e2acd5750279085b0\"},\"headline\":\"\u201cSe ve y se siente el compromiso con el sector empresarial\u201d: Kenia Moreno, presidenta AMMJE\",\"datePublished\":\"2022-06-16T18:43:16+00:00\",\"dateModified\":\"2022-06-16T18:43:17+00:00\",\"mainEntityOfPage\":{\"@id\":\"https:\\\/\\\/fuentesfidedignas.com.mx\\\/index.php\\\/2022\\\/06\\\/16\\\/se-ve-y-se-siente-el-compromiso-con-el-sector-empresarial-kenia-moreno-presidenta-ammje\\\/\"},\"wordCount\":293,\"commentCount\":0,\"publisher\":{\"@id\":\"https:\\\/\\\/fuentesfidedignas.com.mx\\\/#organization\"},\"image\":{\"@id\":\"https:\\\/\\\/fuentesfidedignas.com.mx\\\/index.php\\\/2022\\\/06\\\/16\\\/se-ve-y-se-siente-el-compromiso-con-el-sector-empresarial-kenia-moreno-presidenta-ammje\\\/#primaryimage\"},\"thumbnailUrl\":\"https:\\\/\\\/fuentesfidedignas.com.mx\\\/wp-content\\\/uploads\\\/2022\\\/06\\\/WhatsApp-Image-2022-06-16-at-12.34.11-PM.jpeg\",\"keywords\":[\"Ahome\",\"Ayuntamiento de Ahome\",\"Gerardo Vargas Landeros\",\"Mujeres empresarias\"],\"articleSection\":[\"NOTICIAS LOCALES\"],\"inLanguage\":\"es\",\"potentialAction\":[{\"@type\":\"CommentAction\",\"name\":\"Comment\",\"target\":[\"https:\\\/\\\/fuentesfidedignas.com.mx\\\/index.php\\\/2022\\\/06\\\/16\\\/se-ve-y-se-siente-el-compromiso-con-el-sector-empresarial-kenia-moreno-presidenta-ammje\\\/#respond\"]}]},{\"@type\":\"WebPage\",\"@id\":\"https:\\\/\\\/fuentesfidedignas.com.mx\\\/index.php\\\/2022\\\/06\\\/16\\\/se-ve-y-se-siente-el-compromiso-con-el-sector-empresarial-kenia-moreno-presidenta-ammje\\\/\",\"url\":\"https:\\\/\\\/fuentesfidedignas.com.mx\\\/index.php\\\/2022\\\/06\\\/16\\\/se-ve-y-se-siente-el-compromiso-con-el-sector-empresarial-kenia-moreno-presidenta-ammje\\\/\",\"name\":\"\u201cSe ve y se siente el compromiso con el sector empresarial\u201d: Kenia Moreno, presidenta AMMJE - Fuentes Fidedignas\",\"isPartOf\":{\"@id\":\"https:\\\/\\\/fuentesfidedignas.com.mx\\\/#website\"},\"primaryImageOfPage\":{\"@id\":\"https:\\\/\\\/fuentesfidedignas.com.mx\\\/index.php\\\/2022\\\/06\\\/16\\\/se-ve-y-se-siente-el-compromiso-con-el-sector-empresarial-kenia-moreno-presidenta-ammje\\\/#primaryimage\"},\"image\":{\"@id\":\"https:\\\/\\\/fuentesfidedignas.com.mx\\\/index.php\\\/2022\\\/06\\\/16\\\/se-ve-y-se-siente-el-compromiso-con-el-sector-empresarial-kenia-moreno-presidenta-ammje\\\/#primaryimage\"},\"thumbnailUrl\":\"https:\\\/\\\/fuentesfidedignas.com.mx\\\/wp-content\\\/uploads\\\/2022\\\/06\\\/WhatsApp-Image-2022-06-16-at-12.34.11-PM.jpeg\",\"datePublished\":\"2022-06-16T18:43:16+00:00\",\"dateModified\":\"2022-06-16T18:43:17+00:00\",\"breadcrumb\":{\"@id\":\"https:\\\/\\\/fuentesfidedignas.com.mx\\\/index.php\\\/2022\\\/06\\\/16\\\/se-ve-y-se-siente-el-compromiso-con-el-sector-empresarial-kenia-moreno-presidenta-ammje\\\/#breadcrumb\"},\"inLanguage\":\"es\",\"potentialAction\":[{\"@type\":\"ReadAction\",\"target\":[\"https:\\\/\\\/fuentesfidedignas.com.mx\\\/index.php\\\/2022\\\/06\\\/16\\\/se-ve-y-se-siente-el-compromiso-con-el-sector-empresarial-kenia-moreno-presidenta-ammje\\\/\"]}]},{\"@type\":\"ImageObject\",\"inLanguage\":\"es\",\"@id\":\"https:\\\/\\\/fuentesfidedignas.com.mx\\\/index.php\\\/2022\\\/06\\\/16\\\/se-ve-y-se-siente-el-compromiso-con-el-sector-empresarial-kenia-moreno-presidenta-ammje\\\/#primaryimage\",\"url\":\"https:\\\/\\\/fuentesfidedignas.com.mx\\\/wp-content\\\/uploads\\\/2022\\\/06\\\/WhatsApp-Image-2022-06-16-at-12.34.11-PM.jpeg\",\"contentUrl\":\"https:\\\/\\\/fuentesfidedignas.com.mx\\\/wp-content\\\/uploads\\\/2022\\\/06\\\/WhatsApp-Image-2022-06-16-at-12.34.11-PM.jpeg\",\"width\":1280,\"height\":853},{\"@type\":\"BreadcrumbList\",\"@id\":\"https:\\\/\\\/fuentesfidedignas.com.mx\\\/index.php\\\/2022\\\/06\\\/16\\\/se-ve-y-se-siente-el-compromiso-con-el-sector-empresarial-kenia-moreno-presidenta-ammje\\\/#breadcrumb\",\"itemListElement\":[{\"@type\":\"ListItem\",\"position\":1,\"name\":\"Inicio\",\"item\":\"https:\\\/\\\/fuentesfidedignas.com.mx\\\/\"},{\"@type\":\"ListItem\",\"position\":2,\"name\":\"\u201cSe ve y se siente el compromiso con el sector empresarial\u201d: Kenia Moreno, presidenta AMMJE\"}]},{\"@type\":\"WebSite\",\"@id\":\"https:\\\/\\\/fuentesfidedignas.com.mx\\\/#website\",\"url\":\"https:\\\/\\\/fuentesfidedignas.com.mx\\\/\",\"name\":\"Fuentes Fidedignas\",\"description\":\"Otro sitio realizado con WordPress\",\"publisher\":{\"@id\":\"https:\\\/\\\/fuentesfidedignas.com.mx\\\/#organization\"},\"potentialAction\":[{\"@type\":\"SearchAction\",\"target\":{\"@type\":\"EntryPoint\",\"urlTemplate\":\"https:\\\/\\\/fuentesfidedignas.com.mx\\\/?s={search_term_string}\"},\"query-input\":{\"@type\":\"PropertyValueSpecification\",\"valueRequired\":true,\"valueName\":\"search_term_string\"}}],\"inLanguage\":\"es\"},{\"@type\":\"Organization\",\"@id\":\"https:\\\/\\\/fuentesfidedignas.com.mx\\\/#organization\",\"name\":\"Fuentes Fidedignas\",\"url\":\"https:\\\/\\\/fuentesfidedignas.com.mx\\\/\",\"logo\":{\"@type\":\"ImageObject\",\"inLanguage\":\"es\",\"@id\":\"https:\\\/\\\/fuentesfidedignas.com.mx\\\/#\\\/schema\\\/logo\\\/image\\\/\",\"url\":\"https:\\\/\\\/fuentesfidedignas.com.mx\\\/wp-content\\\/uploads\\\/2021\\\/04\\\/logo-retina.png\",\"contentUrl\":\"https:\\\/\\\/fuentesfidedignas.com.mx\\\/wp-content\\\/uploads\\\/2021\\\/04\\\/logo-retina.png\",\"width\":280,\"height\":51,\"caption\":\"Fuentes Fidedignas\"},\"image\":{\"@id\":\"https:\\\/\\\/fuentesfidedignas.com.mx\\\/#\\\/schema\\\/logo\\\/image\\\/\"},\"sameAs\":[\"https:\\\/\\\/www.facebook.com\\\/Fuentes-Fidedignas-368234489921644\",\"https:\\\/\\\/x.com\\\/fidedignas\"]},{\"@type\":\"Person\",\"@id\":\"https:\\\/\\\/fuentesfidedignas.com.mx\\\/#\\\/schema\\\/person\\\/331be9283d37198e2acd5750279085b0\",\"name\":\"Redacci\u00f3n\",\"image\":{\"@type\":\"ImageObject\",\"inLanguage\":\"es\",\"@id\":\"https:\\\/\\\/secure.gravatar.com\\\/avatar\\\/f6d8782c11d12b2d4ad3fbb6931aeab5309937a4d6cd2fc9cfaa28a6396a5aec?s=96&d=mm&r=g\",\"url\":\"https:\\\/\\\/secure.gravatar.com\\\/avatar\\\/f6d8782c11d12b2d4ad3fbb6931aeab5309937a4d6cd2fc9cfaa28a6396a5aec?s=96&d=mm&r=g\",\"contentUrl\":\"https:\\\/\\\/secure.gravatar.com\\\/avatar\\\/f6d8782c11d12b2d4ad3fbb6931aeab5309937a4d6cd2fc9cfaa28a6396a5aec?s=96&d=mm&r=g\",\"caption\":\"Redacci\u00f3n\"},\"url\":\"https:\\\/\\\/fuentesfidedignas.com.mx\\\/index.php\\\/author\\\/redaccion\\\/\"}]}<\/script>\n<!-- \/ Yoast SEO plugin. -->","yoast_head_json":{"title":"\u201cSe ve y se siente el compromiso con el sector empresarial\u201d: Kenia Moreno, presidenta AMMJE - Fuentes Fidedignas","robots":{"index":"index","follow":"follow","max-snippet":"max-snippet:-1","max-image-preview":"max-image-preview:large","max-video-preview":"max-video-preview:-1"},"canonical":"https:\/\/fuentesfidedignas.com.mx\/index.php\/2022\/06\/16\/se-ve-y-se-siente-el-compromiso-con-el-sector-empresarial-kenia-moreno-presidenta-ammje\/","og_locale":"es_MX","og_type":"article","og_title":"\u201cSe ve y se siente el compromiso con el sector empresarial\u201d: Kenia Moreno, presidenta AMMJE - Fuentes Fidedignas","og_description":"La dirigente de la Asociaci\u00f3n Mexicana de Mujeres Jefas de Empresas en Los Mochis, dijo que ten\u00edan tres a\u00f1os sin recibir el apoyo y la apertura de trabajar en conjunto con el Gobierno Municipal tal como lo manifiesta en esta administraci\u00f3n Gerardo Vargas Landeros\u2026 Los Mochis, Ahome, Sin.- El Presidente Municipal de Ahome, Gerardo Vargas [&hellip;]","og_url":"https:\/\/fuentesfidedignas.com.mx\/index.php\/2022\/06\/16\/se-ve-y-se-siente-el-compromiso-con-el-sector-empresarial-kenia-moreno-presidenta-ammje\/","og_site_name":"Fuentes Fidedignas","article_publisher":"https:\/\/www.facebook.com\/Fuentes-Fidedignas-368234489921644","article_published_time":"2022-06-16T18:43:16+00:00","article_modified_time":"2022-06-16T18:43:17+00:00","og_image":[{"width":1280,"height":853,"url":"https:\/\/fuentesfidedignas.com.mx\/wp-content\/uploads\/2022\/06\/WhatsApp-Image-2022-06-16-at-12.34.11-PM.jpeg","type":"image\/jpeg"}],"author":"Redacci\u00f3n","twitter_card":"summary_large_image","twitter_creator":"@fidedignas","twitter_site":"@fidedignas","twitter_misc":{"Escrito por":"Redacci\u00f3n","Tiempo de lectura":"2 minutos"},"schema":{"@context":"https:\/\/schema.org","@graph":[{"@type":"Article","@id":"https:\/\/fuentesfidedignas.com.mx\/index.php\/2022\/06\/16\/se-ve-y-se-siente-el-compromiso-con-el-sector-empresarial-kenia-moreno-presidenta-ammje\/#article","isPartOf":{"@id":"https:\/\/fuentesfidedignas.com.mx\/index.php\/2022\/06\/16\/se-ve-y-se-siente-el-compromiso-con-el-sector-empresarial-kenia-moreno-presidenta-ammje\/"},"author":{"name":"Redacci\u00f3n","@id":"https:\/\/fuentesfidedignas.com.mx\/#\/schema\/person\/331be9283d37198e2acd5750279085b0"},"headline":"\u201cSe ve y se siente el compromiso con el sector empresarial\u201d: Kenia Moreno, presidenta AMMJE","datePublished":"2022-06-16T18:43:16+00:00","dateModified":"2022-06-16T18:43:17+00:00","mainEntityOfPage":{"@id":"https:\/\/fuentesfidedignas.com.mx\/index.php\/2022\/06\/16\/se-ve-y-se-siente-el-compromiso-con-el-sector-empresarial-kenia-moreno-presidenta-ammje\/"},"wordCount":293,"commentCount":0,"publisher":{"@id":"https:\/\/fuentesfidedignas.com.mx\/#organization"},"image":{"@id":"https:\/\/fuentesfidedignas.com.mx\/index.php\/2022\/06\/16\/se-ve-y-se-siente-el-compromiso-con-el-sector-empresarial-kenia-moreno-presidenta-ammje\/#primaryimage"},"thumbnailUrl":"https:\/\/fuentesfidedignas.com.mx\/wp-content\/uploads\/2022\/06\/WhatsApp-Image-2022-06-16-at-12.34.11-PM.jpeg","keywords":["Ahome","Ayuntamiento de Ahome","Gerardo Vargas Landeros","Mujeres empresarias"],"articleSection":["NOTICIAS LOCALES"],"inLanguage":"es","potentialAction":[{"@type":"CommentAction","name":"Comment","target":["https:\/\/fuentesfidedignas.com.mx\/index.php\/2022\/06\/16\/se-ve-y-se-siente-el-compromiso-con-el-sector-empresarial-kenia-moreno-presidenta-ammje\/#respond"]}]},{"@type":"WebPage","@id":"https:\/\/fuentesfidedignas.com.mx\/index.php\/2022\/06\/16\/se-ve-y-se-siente-el-compromiso-con-el-sector-empresarial-kenia-moreno-presidenta-ammje\/","url":"https:\/\/fuentesfidedignas.com.mx\/index.php\/2022\/06\/16\/se-ve-y-se-siente-el-compromiso-con-el-sector-empresarial-kenia-moreno-presidenta-ammje\/","name":"\u201cSe ve y se siente el compromiso con el sector empresarial\u201d: Kenia Moreno, presidenta AMMJE - Fuentes Fidedignas","isPartOf":{"@id":"https:\/\/fuentesfidedignas.com.mx\/#website"},"primaryImageOfPage":{"@id":"https:\/\/fuentesfidedignas.com.mx\/index.php\/2022\/06\/16\/se-ve-y-se-siente-el-compromiso-con-el-sector-empresarial-kenia-moreno-presidenta-ammje\/#primaryimage"},"image":{"@id":"https:\/\/fuentesfidedignas.com.mx\/index.php\/2022\/06\/16\/se-ve-y-se-siente-el-compromiso-con-el-sector-empresarial-kenia-moreno-presidenta-ammje\/#primaryimage"},"thumbnailUrl":"https:\/\/fuentesfidedignas.com.mx\/wp-content\/uploads\/2022\/06\/WhatsApp-Image-2022-06-16-at-12.34.11-PM.jpeg","datePublished":"2022-06-16T18:43:16+00:00","dateModified":"2022-06-16T18:43:17+00:00","breadcrumb":{"@id":"https:\/\/fuentesfidedignas.com.mx\/index.php\/2022\/06\/16\/se-ve-y-se-siente-el-compromiso-con-el-sector-empresarial-kenia-moreno-presidenta-ammje\/#breadcrumb"},"inLanguage":"es","potentialAction":[{"@type":"ReadAction","target":["https:\/\/fuentesfidedignas.com.mx\/index.php\/2022\/06\/16\/se-ve-y-se-siente-el-compromiso-con-el-sector-empresarial-kenia-moreno-presidenta-ammje\/"]}]},{"@type":"ImageObject","inLanguage":"es","@id":"https:\/\/fuentesfidedignas.com.mx\/index.php\/2022\/06\/16\/se-ve-y-se-siente-el-compromiso-con-el-sector-empresarial-kenia-moreno-presidenta-ammje\/#primaryimage","url":"https:\/\/fuentesfidedignas.com.mx\/wp-content\/uploads\/2022\/06\/WhatsApp-Image-2022-06-16-at-12.34.11-PM.jpeg","contentUrl":"https:\/\/fuentesfidedignas.com.mx\/wp-content\/uploads\/2022\/06\/WhatsApp-Image-2022-06-16-at-12.34.11-PM.jpeg","width":1280,"height":853},{"@type":"BreadcrumbList","@id":"https:\/\/fuentesfidedignas.com.mx\/index.php\/2022\/06\/16\/se-ve-y-se-siente-el-compromiso-con-el-sector-empresarial-kenia-moreno-presidenta-ammje\/#breadcrumb","itemListElement":[{"@type":"ListItem","position":1,"name":"Inicio","item":"https:\/\/fuentesfidedignas.com.mx\/"},{"@type":"ListItem","position":2,"name":"\u201cSe ve y se siente el compromiso con el sector empresarial\u201d: Kenia Moreno, presidenta AMMJE"}]},{"@type":"WebSite","@id":"https:\/\/fuentesfidedignas.com.mx\/#website","url":"https:\/\/fuentesfidedignas.com.mx\/","name":"Fuentes Fidedignas","description":"Otro sitio realizado con WordPress","publisher":{"@id":"https:\/\/fuentesfidedignas.com.mx\/#organization"},"potentialAction":[{"@type":"SearchAction","target":{"@type":"EntryPoint","urlTemplate":"https:\/\/fuentesfidedignas.com.mx\/?s={search_term_string}"},"query-input":{"@type":"PropertyValueSpecification","valueRequired":true,"valueName":"search_term_string"}}],"inLanguage":"es"},{"@type":"Organization","@id":"https:\/\/fuentesfidedignas.com.mx\/#organization","name":"Fuentes Fidedignas","url":"https:\/\/fuentesfidedignas.com.mx\/","logo":{"@type":"ImageObject","inLanguage":"es","@id":"https:\/\/fuentesfidedignas.com.mx\/#\/schema\/logo\/image\/","url":"https:\/\/fuentesfidedignas.com.mx\/wp-content\/uploads\/2021\/04\/logo-retina.png","contentUrl":"https:\/\/fuentesfidedignas.com.mx\/wp-content\/uploads\/2021\/04\/logo-retina.png","width":280,"height":51,"caption":"Fuentes Fidedignas"},"image":{"@id":"https:\/\/fuentesfidedignas.com.mx\/#\/schema\/logo\/image\/"},"sameAs":["https:\/\/www.facebook.com\/Fuentes-Fidedignas-368234489921644","https:\/\/x.com\/fidedignas"]},{"@type":"Person","@id":"https:\/\/fuentesfidedignas.com.mx\/#\/schema\/person\/331be9283d37198e2acd5750279085b0","name":"Redacci\u00f3n","image":{"@type":"ImageObject","inLanguage":"es","@id":"https:\/\/secure.gravatar.com\/avatar\/f6d8782c11d12b2d4ad3fbb6931aeab5309937a4d6cd2fc9cfaa28a6396a5aec?s=96&d=mm&r=g","url":"https:\/\/secure.gravatar.com\/avatar\/f6d8782c11d12b2d4ad3fbb6931aeab5309937a4d6cd2fc9cfaa28a6396a5aec?s=96&d=mm&r=g","contentUrl":"https:\/\/secure.gravatar.com\/avatar\/f6d8782c11d12b2d4ad3fbb6931aeab5309937a4d6cd2fc9cfaa28a6396a5aec?s=96&d=mm&r=g","caption":"Redacci\u00f3n"},"url":"https:\/\/fuentesfidedignas.com.mx\/index.php\/author\/redaccion\/"}]}},"_links":{"self":[{"href":"https:\/\/fuentesfidedignas.com.mx\/index.php\/wp-json\/wp\/v2\/posts\/34543","targetHints":{"allow":["GET"]}}],"collection":[{"href":"https:\/\/fuentesfidedignas.com.mx\/index.php\/wp-json\/wp\/v2\/posts"}],"about":[{"href":"https:\/\/fuentesfidedignas.com.mx\/index.php\/wp-json\/wp\/v2\/types\/post"}],"author":[{"embeddable":true,"href":"https:\/\/fuentesfidedignas.com.mx\/index.php\/wp-json\/wp\/v2\/users\/4"}],"replies":[{"embeddable":true,"href":"https:\/\/fuentesfidedignas.com.mx\/index.php\/wp-json\/wp\/v2\/comments?post=34543"}],"version-history":[{"count":1,"href":"https:\/\/fuentesfidedignas.com.mx\/index.php\/wp-json\/wp\/v2\/posts\/34543\/revisions"}],"predecessor-version":[{"id":34545,"href":"https:\/\/fuentesfidedignas.com.mx\/index.php\/wp-json\/wp\/v2\/posts\/34543\/revisions\/34545"}],"wp:featuredmedia":[{"embeddable":true,"href":"https:\/\/fuentesfidedignas.com.mx\/index.php\/wp-json\/wp\/v2\/media\/34544"}],"wp:attachment":[{"href":"https:\/\/fuentesfidedignas.com.mx\/index.php\/wp-json\/wp\/v2\/media?parent=34543"}],"wp:term":[{"taxonomy":"category","embeddable":true,"href":"https:\/\/fuentesfidedignas.com.mx\/index.php\/wp-json\/wp\/v2\/categories?post=34543"},{"taxonomy":"post_tag","embeddable":true,"href":"https:\/\/fuentesfidedignas.com.mx\/index.php\/wp-json\/wp\/v2\/tags?post=34543"}],"curies":[{"name":"wp","href":"https:\/\/api.w.org\/{rel}","templated":true}]}}