{"id":34507,"date":"2022-06-15T17:12:37","date_gmt":"2022-06-15T23:12:37","guid":{"rendered":"https:\/\/fuentesfidedignas.com.mx\/?p=34507"},"modified":"2022-06-15T18:12:41","modified_gmt":"2022-06-16T00:12:41","slug":"en-opinion-del-papa-francisco-se-ha-declarado-la-tercera-guerra-mundial","status":"publish","type":"post","link":"https:\/\/fuentesfidedignas.com.mx\/index.php\/2022\/06\/15\/en-opinion-del-papa-francisco-se-ha-declarado-la-tercera-guerra-mundial\/","title":{"rendered":"En opini\u00f3n del papa Francisco, \u2018se ha declarado la Tercera Guerra Mundial\u2019"},"content":{"rendered":"\n<p><br><strong><em>&#8216;Hace a\u00f1os se me ocurri\u00f3 decir que est\u00e1bamos viviendo una Tercera Guerra Mundial. Ahora, para m\u00ed, se ha declarado&#8217;, dijo el Papa Francisco<\/em><\/strong><\/p>\n\n\n\n<p>El papa Francisco afirm\u00f3 que, en su opini\u00f3n, \u201cse ha declarado la Tercera Guerra Mundial\u201d, pues la guerra en Ucrania tras la invasi\u00f3n de Rusia <em>\u201cquiz\u00e1, de alguna manera, fue provocada o no impedida<\/em>\u201d, seg\u00fan la transcripci\u00f3n de la conversaci\u00f3n que mantuvo hace unos d\u00edas con los directores de las revistas culturales europeas de la Compa\u00f1\u00eda de Jes\u00fas.<\/p>\n\n\n\n<p>\u201c<em>Hace unos a\u00f1os se me ocurri\u00f3 decir que est\u00e1bamos viviendo una Tercera Guerra Mundial en pedazos. Ahora, para m\u00ed, se ha declarado la Tercera Guerra mundial. Y este es un aspecto que nos debe hacer reflexionar. \u00bfQu\u00e9 le est\u00e1 pasando a la humanidad que ha tenido tres guerras mundiales en un siglo<\/em>?\u201d, dijo Francisco seg\u00fan la transcripci\u00f3n de esta conversaci\u00f3n que publica hoy el diario \u201cLa Stampa\u201d.<\/p>\n\n\n\n<p>Al responder sobre la agresi\u00f3n de Rusia a Ucrania y c\u00f3mo se puede contribuir a la paz, Francisco afirm\u00f3 que \u201c<em>hay que alejarse del patr\u00f3n normal de que Caperucita Roja era buena y el lobo era malo. Est\u00e1 surgiendo algo global, con elementos muy entrelazados<\/em>\u201d.<\/p>\n\n\n\n<p>Y cit\u00f3 la opini\u00f3n de un Jefe de Estado que conoci\u00f3 antes del comienzo de la guerra y que le expres\u00f3 su preocupaci\u00f3n \u201cpor c\u00f3mo se estaba moviendo la OTAN\u201d.<\/p>\n\n\n\n<p>\u201c<em>Le pregunt\u00e9 por qu\u00e9 y me respondi\u00f3: \u2018Est\u00e1n ladrando a las puertas de Rusia. Y no entienden que los rusos son imperiales y no permiten que ninguna potencia extranjera se les acerque\u2019 y concluy\u00f3 diciendo que \u2018la situaci\u00f3n podr\u00eda conducir a la guerra. Ese jefe de Estado supo leer las se\u00f1ales de lo que estaba pasando<\/em>\u201d, relat\u00f3 Francisco.<\/p>\n\n\n\n<p><\/p>\n","protected":false},"excerpt":{"rendered":"<p>&#8216;Hace a\u00f1os se me ocurri\u00f3 decir que est\u00e1bamos viviendo una Tercera Guerra Mundial. Ahora, para m\u00ed, se ha declarado&#8217;, dijo el Papa Francisco El papa Francisco afirm\u00f3 que, en su opini\u00f3n, \u201cse ha declarado la Tercera Guerra Mundial\u201d, pues la guerra en Ucrania tras la invasi\u00f3n de Rusia \u201cquiz\u00e1, de alguna manera, fue provocada o [&hellip;]<\/p>\n","protected":false},"author":5,"featured_media":34509,"comment_status":"open","ping_status":"open","sticky":false,"template":"","format":"standard","meta":{"tdm_status":"","tdm_grid_status":"","footnotes":""},"categories":[39],"tags":[],"class_list":{"0":"post-34507","1":"post","2":"type-post","3":"status-publish","4":"format-standard","5":"has-post-thumbnail","7":"category-noticias-nacionales"},"yoast_head":"<!-- This site is optimized with the Yoast SEO plugin v27.4 - https:\/\/yoast.com\/product\/yoast-seo-wordpress\/ -->\n<title>En opini\u00f3n del papa Francisco, \u2018se ha declarado la Tercera Guerra Mundial\u2019 - Fuentes Fidedignas<\/title>\n<meta name=\"robots\" content=\"index, follow, max-snippet:-1, max-image-preview:large, max-video-preview:-1\" \/>\n<link rel=\"canonical\" href=\"https:\/\/fuentesfidedignas.com.mx\/index.php\/2022\/06\/15\/en-opinion-del-papa-francisco-se-ha-declarado-la-tercera-guerra-mundial\/\" \/>\n<meta property=\"og:locale\" content=\"es_MX\" \/>\n<meta property=\"og:type\" content=\"article\" \/>\n<meta property=\"og:title\" content=\"En opini\u00f3n del papa Francisco, \u2018se ha declarado la Tercera Guerra Mundial\u2019 - Fuentes Fidedignas\" \/>\n<meta property=\"og:description\" content=\"&#8216;Hace a\u00f1os se me ocurri\u00f3 decir que est\u00e1bamos viviendo una Tercera Guerra Mundial. Ahora, para m\u00ed, se ha declarado&#8217;, dijo el Papa Francisco El papa Francisco afirm\u00f3 que, en su opini\u00f3n, \u201cse ha declarado la Tercera Guerra Mundial\u201d, pues la guerra en Ucrania tras la invasi\u00f3n de Rusia \u201cquiz\u00e1, de alguna manera, fue provocada o [&hellip;]\" \/>\n<meta property=\"og:url\" content=\"https:\/\/fuentesfidedignas.com.mx\/index.php\/2022\/06\/15\/en-opinion-del-papa-francisco-se-ha-declarado-la-tercera-guerra-mundial\/\" \/>\n<meta property=\"og:site_name\" content=\"Fuentes Fidedignas\" \/>\n<meta property=\"article:publisher\" content=\"https:\/\/www.facebook.com\/Fuentes-Fidedignas-368234489921644\" \/>\n<meta property=\"article:published_time\" content=\"2022-06-15T23:12:37+00:00\" \/>\n<meta property=\"article:modified_time\" content=\"2022-06-16T00:12:41+00:00\" \/>\n<meta property=\"og:image\" content=\"https:\/\/fuentesfidedignas.com.mx\/wp-content\/uploads\/2022\/06\/90527efa48540f6a69577fdc248c658c4198aaba-e1609689967753-1024x576-1.jpg\" \/>\n\t<meta property=\"og:image:width\" content=\"1024\" \/>\n\t<meta property=\"og:image:height\" content=\"576\" \/>\n\t<meta property=\"og:image:type\" content=\"image\/jpeg\" \/>\n<meta name=\"author\" content=\"Forbes\" \/>\n<meta name=\"twitter:card\" content=\"summary_large_image\" \/>\n<meta name=\"twitter:creator\" content=\"@fidedignas\" \/>\n<meta name=\"twitter:site\" content=\"@fidedignas\" \/>\n<meta name=\"twitter:label1\" content=\"Escrito por\" \/>\n\t<meta name=\"twitter:data1\" content=\"Forbes\" \/>\n\t<meta name=\"twitter:label2\" content=\"Tiempo de lectura\" \/>\n\t<meta name=\"twitter:data2\" content=\"2 minutos\" \/>\n<script type=\"application\/ld+json\" class=\"yoast-schema-graph\">{\"@context\":\"https:\\\/\\\/schema.org\",\"@graph\":[{\"@type\":\"Article\",\"@id\":\"https:\\\/\\\/fuentesfidedignas.com.mx\\\/index.php\\\/2022\\\/06\\\/15\\\/en-opinion-del-papa-francisco-se-ha-declarado-la-tercera-guerra-mundial\\\/#article\",\"isPartOf\":{\"@id\":\"https:\\\/\\\/fuentesfidedignas.com.mx\\\/index.php\\\/2022\\\/06\\\/15\\\/en-opinion-del-papa-francisco-se-ha-declarado-la-tercera-guerra-mundial\\\/\"},\"author\":{\"name\":\"Forbes\",\"@id\":\"https:\\\/\\\/fuentesfidedignas.com.mx\\\/#\\\/schema\\\/person\\\/5623d53fe2e579d825b1679734abcc44\"},\"headline\":\"En opini\u00f3n del papa Francisco, \u2018se ha declarado la Tercera Guerra Mundial\u2019\",\"datePublished\":\"2022-06-15T23:12:37+00:00\",\"dateModified\":\"2022-06-16T00:12:41+00:00\",\"mainEntityOfPage\":{\"@id\":\"https:\\\/\\\/fuentesfidedignas.com.mx\\\/index.php\\\/2022\\\/06\\\/15\\\/en-opinion-del-papa-francisco-se-ha-declarado-la-tercera-guerra-mundial\\\/\"},\"wordCount\":319,\"commentCount\":0,\"publisher\":{\"@id\":\"https:\\\/\\\/fuentesfidedignas.com.mx\\\/#organization\"},\"image\":{\"@id\":\"https:\\\/\\\/fuentesfidedignas.com.mx\\\/index.php\\\/2022\\\/06\\\/15\\\/en-opinion-del-papa-francisco-se-ha-declarado-la-tercera-guerra-mundial\\\/#primaryimage\"},\"thumbnailUrl\":\"https:\\\/\\\/fuentesfidedignas.com.mx\\\/wp-content\\\/uploads\\\/2022\\\/06\\\/90527efa48540f6a69577fdc248c658c4198aaba-e1609689967753-1024x576-1.jpg\",\"articleSection\":[\"NOTICIAS NACIONALES\"],\"inLanguage\":\"es\",\"potentialAction\":[{\"@type\":\"CommentAction\",\"name\":\"Comment\",\"target\":[\"https:\\\/\\\/fuentesfidedignas.com.mx\\\/index.php\\\/2022\\\/06\\\/15\\\/en-opinion-del-papa-francisco-se-ha-declarado-la-tercera-guerra-mundial\\\/#respond\"]}]},{\"@type\":\"WebPage\",\"@id\":\"https:\\\/\\\/fuentesfidedignas.com.mx\\\/index.php\\\/2022\\\/06\\\/15\\\/en-opinion-del-papa-francisco-se-ha-declarado-la-tercera-guerra-mundial\\\/\",\"url\":\"https:\\\/\\\/fuentesfidedignas.com.mx\\\/index.php\\\/2022\\\/06\\\/15\\\/en-opinion-del-papa-francisco-se-ha-declarado-la-tercera-guerra-mundial\\\/\",\"name\":\"En opini\u00f3n del papa Francisco, \u2018se ha declarado la Tercera Guerra Mundial\u2019 - Fuentes Fidedignas\",\"isPartOf\":{\"@id\":\"https:\\\/\\\/fuentesfidedignas.com.mx\\\/#website\"},\"primaryImageOfPage\":{\"@id\":\"https:\\\/\\\/fuentesfidedignas.com.mx\\\/index.php\\\/2022\\\/06\\\/15\\\/en-opinion-del-papa-francisco-se-ha-declarado-la-tercera-guerra-mundial\\\/#primaryimage\"},\"image\":{\"@id\":\"https:\\\/\\\/fuentesfidedignas.com.mx\\\/index.php\\\/2022\\\/06\\\/15\\\/en-opinion-del-papa-francisco-se-ha-declarado-la-tercera-guerra-mundial\\\/#primaryimage\"},\"thumbnailUrl\":\"https:\\\/\\\/fuentesfidedignas.com.mx\\\/wp-content\\\/uploads\\\/2022\\\/06\\\/90527efa48540f6a69577fdc248c658c4198aaba-e1609689967753-1024x576-1.jpg\",\"datePublished\":\"2022-06-15T23:12:37+00:00\",\"dateModified\":\"2022-06-16T00:12:41+00:00\",\"breadcrumb\":{\"@id\":\"https:\\\/\\\/fuentesfidedignas.com.mx\\\/index.php\\\/2022\\\/06\\\/15\\\/en-opinion-del-papa-francisco-se-ha-declarado-la-tercera-guerra-mundial\\\/#breadcrumb\"},\"inLanguage\":\"es\",\"potentialAction\":[{\"@type\":\"ReadAction\",\"target\":[\"https:\\\/\\\/fuentesfidedignas.com.mx\\\/index.php\\\/2022\\\/06\\\/15\\\/en-opinion-del-papa-francisco-se-ha-declarado-la-tercera-guerra-mundial\\\/\"]}]},{\"@type\":\"ImageObject\",\"inLanguage\":\"es\",\"@id\":\"https:\\\/\\\/fuentesfidedignas.com.mx\\\/index.php\\\/2022\\\/06\\\/15\\\/en-opinion-del-papa-francisco-se-ha-declarado-la-tercera-guerra-mundial\\\/#primaryimage\",\"url\":\"https:\\\/\\\/fuentesfidedignas.com.mx\\\/wp-content\\\/uploads\\\/2022\\\/06\\\/90527efa48540f6a69577fdc248c658c4198aaba-e1609689967753-1024x576-1.jpg\",\"contentUrl\":\"https:\\\/\\\/fuentesfidedignas.com.mx\\\/wp-content\\\/uploads\\\/2022\\\/06\\\/90527efa48540f6a69577fdc248c658c4198aaba-e1609689967753-1024x576-1.jpg\",\"width\":1024,\"height\":576},{\"@type\":\"BreadcrumbList\",\"@id\":\"https:\\\/\\\/fuentesfidedignas.com.mx\\\/index.php\\\/2022\\\/06\\\/15\\\/en-opinion-del-papa-francisco-se-ha-declarado-la-tercera-guerra-mundial\\\/#breadcrumb\",\"itemListElement\":[{\"@type\":\"ListItem\",\"position\":1,\"name\":\"Inicio\",\"item\":\"https:\\\/\\\/fuentesfidedignas.com.mx\\\/\"},{\"@type\":\"ListItem\",\"position\":2,\"name\":\"En opini\u00f3n del papa Francisco, \u2018se ha declarado la Tercera Guerra Mundial\u2019\"}]},{\"@type\":\"WebSite\",\"@id\":\"https:\\\/\\\/fuentesfidedignas.com.mx\\\/#website\",\"url\":\"https:\\\/\\\/fuentesfidedignas.com.mx\\\/\",\"name\":\"Fuentes Fidedignas\",\"description\":\"Otro sitio realizado con WordPress\",\"publisher\":{\"@id\":\"https:\\\/\\\/fuentesfidedignas.com.mx\\\/#organization\"},\"potentialAction\":[{\"@type\":\"SearchAction\",\"target\":{\"@type\":\"EntryPoint\",\"urlTemplate\":\"https:\\\/\\\/fuentesfidedignas.com.mx\\\/?s={search_term_string}\"},\"query-input\":{\"@type\":\"PropertyValueSpecification\",\"valueRequired\":true,\"valueName\":\"search_term_string\"}}],\"inLanguage\":\"es\"},{\"@type\":\"Organization\",\"@id\":\"https:\\\/\\\/fuentesfidedignas.com.mx\\\/#organization\",\"name\":\"Fuentes Fidedignas\",\"url\":\"https:\\\/\\\/fuentesfidedignas.com.mx\\\/\",\"logo\":{\"@type\":\"ImageObject\",\"inLanguage\":\"es\",\"@id\":\"https:\\\/\\\/fuentesfidedignas.com.mx\\\/#\\\/schema\\\/logo\\\/image\\\/\",\"url\":\"https:\\\/\\\/fuentesfidedignas.com.mx\\\/wp-content\\\/uploads\\\/2021\\\/04\\\/logo-retina.png\",\"contentUrl\":\"https:\\\/\\\/fuentesfidedignas.com.mx\\\/wp-content\\\/uploads\\\/2021\\\/04\\\/logo-retina.png\",\"width\":280,\"height\":51,\"caption\":\"Fuentes Fidedignas\"},\"image\":{\"@id\":\"https:\\\/\\\/fuentesfidedignas.com.mx\\\/#\\\/schema\\\/logo\\\/image\\\/\"},\"sameAs\":[\"https:\\\/\\\/www.facebook.com\\\/Fuentes-Fidedignas-368234489921644\",\"https:\\\/\\\/x.com\\\/fidedignas\"]},{\"@type\":\"Person\",\"@id\":\"https:\\\/\\\/fuentesfidedignas.com.mx\\\/#\\\/schema\\\/person\\\/5623d53fe2e579d825b1679734abcc44\",\"name\":\"Forbes\",\"image\":{\"@type\":\"ImageObject\",\"inLanguage\":\"es\",\"@id\":\"https:\\\/\\\/secure.gravatar.com\\\/avatar\\\/87ce3dd4e41e60c22a79c758614f01a6bc2469255fc936ec7b15efb9bb5cb66f?s=96&d=mm&r=g\",\"url\":\"https:\\\/\\\/secure.gravatar.com\\\/avatar\\\/87ce3dd4e41e60c22a79c758614f01a6bc2469255fc936ec7b15efb9bb5cb66f?s=96&d=mm&r=g\",\"contentUrl\":\"https:\\\/\\\/secure.gravatar.com\\\/avatar\\\/87ce3dd4e41e60c22a79c758614f01a6bc2469255fc936ec7b15efb9bb5cb66f?s=96&d=mm&r=g\",\"caption\":\"Forbes\"},\"url\":\"https:\\\/\\\/fuentesfidedignas.com.mx\\\/index.php\\\/author\\\/forbes\\\/\"}]}<\/script>\n<!-- \/ Yoast SEO plugin. -->","yoast_head_json":{"title":"En opini\u00f3n del papa Francisco, \u2018se ha declarado la Tercera Guerra Mundial\u2019 - Fuentes Fidedignas","robots":{"index":"index","follow":"follow","max-snippet":"max-snippet:-1","max-image-preview":"max-image-preview:large","max-video-preview":"max-video-preview:-1"},"canonical":"https:\/\/fuentesfidedignas.com.mx\/index.php\/2022\/06\/15\/en-opinion-del-papa-francisco-se-ha-declarado-la-tercera-guerra-mundial\/","og_locale":"es_MX","og_type":"article","og_title":"En opini\u00f3n del papa Francisco, \u2018se ha declarado la Tercera Guerra Mundial\u2019 - Fuentes Fidedignas","og_description":"&#8216;Hace a\u00f1os se me ocurri\u00f3 decir que est\u00e1bamos viviendo una Tercera Guerra Mundial. Ahora, para m\u00ed, se ha declarado&#8217;, dijo el Papa Francisco El papa Francisco afirm\u00f3 que, en su opini\u00f3n, \u201cse ha declarado la Tercera Guerra Mundial\u201d, pues la guerra en Ucrania tras la invasi\u00f3n de Rusia \u201cquiz\u00e1, de alguna manera, fue provocada o [&hellip;]","og_url":"https:\/\/fuentesfidedignas.com.mx\/index.php\/2022\/06\/15\/en-opinion-del-papa-francisco-se-ha-declarado-la-tercera-guerra-mundial\/","og_site_name":"Fuentes Fidedignas","article_publisher":"https:\/\/www.facebook.com\/Fuentes-Fidedignas-368234489921644","article_published_time":"2022-06-15T23:12:37+00:00","article_modified_time":"2022-06-16T00:12:41+00:00","og_image":[{"width":1024,"height":576,"url":"https:\/\/fuentesfidedignas.com.mx\/wp-content\/uploads\/2022\/06\/90527efa48540f6a69577fdc248c658c4198aaba-e1609689967753-1024x576-1.jpg","type":"image\/jpeg"}],"author":"Forbes","twitter_card":"summary_large_image","twitter_creator":"@fidedignas","twitter_site":"@fidedignas","twitter_misc":{"Escrito por":"Forbes","Tiempo de lectura":"2 minutos"},"schema":{"@context":"https:\/\/schema.org","@graph":[{"@type":"Article","@id":"https:\/\/fuentesfidedignas.com.mx\/index.php\/2022\/06\/15\/en-opinion-del-papa-francisco-se-ha-declarado-la-tercera-guerra-mundial\/#article","isPartOf":{"@id":"https:\/\/fuentesfidedignas.com.mx\/index.php\/2022\/06\/15\/en-opinion-del-papa-francisco-se-ha-declarado-la-tercera-guerra-mundial\/"},"author":{"name":"Forbes","@id":"https:\/\/fuentesfidedignas.com.mx\/#\/schema\/person\/5623d53fe2e579d825b1679734abcc44"},"headline":"En opini\u00f3n del papa Francisco, \u2018se ha declarado la Tercera Guerra Mundial\u2019","datePublished":"2022-06-15T23:12:37+00:00","dateModified":"2022-06-16T00:12:41+00:00","mainEntityOfPage":{"@id":"https:\/\/fuentesfidedignas.com.mx\/index.php\/2022\/06\/15\/en-opinion-del-papa-francisco-se-ha-declarado-la-tercera-guerra-mundial\/"},"wordCount":319,"commentCount":0,"publisher":{"@id":"https:\/\/fuentesfidedignas.com.mx\/#organization"},"image":{"@id":"https:\/\/fuentesfidedignas.com.mx\/index.php\/2022\/06\/15\/en-opinion-del-papa-francisco-se-ha-declarado-la-tercera-guerra-mundial\/#primaryimage"},"thumbnailUrl":"https:\/\/fuentesfidedignas.com.mx\/wp-content\/uploads\/2022\/06\/90527efa48540f6a69577fdc248c658c4198aaba-e1609689967753-1024x576-1.jpg","articleSection":["NOTICIAS NACIONALES"],"inLanguage":"es","potentialAction":[{"@type":"CommentAction","name":"Comment","target":["https:\/\/fuentesfidedignas.com.mx\/index.php\/2022\/06\/15\/en-opinion-del-papa-francisco-se-ha-declarado-la-tercera-guerra-mundial\/#respond"]}]},{"@type":"WebPage","@id":"https:\/\/fuentesfidedignas.com.mx\/index.php\/2022\/06\/15\/en-opinion-del-papa-francisco-se-ha-declarado-la-tercera-guerra-mundial\/","url":"https:\/\/fuentesfidedignas.com.mx\/index.php\/2022\/06\/15\/en-opinion-del-papa-francisco-se-ha-declarado-la-tercera-guerra-mundial\/","name":"En opini\u00f3n del papa Francisco, \u2018se ha declarado la Tercera Guerra Mundial\u2019 - Fuentes Fidedignas","isPartOf":{"@id":"https:\/\/fuentesfidedignas.com.mx\/#website"},"primaryImageOfPage":{"@id":"https:\/\/fuentesfidedignas.com.mx\/index.php\/2022\/06\/15\/en-opinion-del-papa-francisco-se-ha-declarado-la-tercera-guerra-mundial\/#primaryimage"},"image":{"@id":"https:\/\/fuentesfidedignas.com.mx\/index.php\/2022\/06\/15\/en-opinion-del-papa-francisco-se-ha-declarado-la-tercera-guerra-mundial\/#primaryimage"},"thumbnailUrl":"https:\/\/fuentesfidedignas.com.mx\/wp-content\/uploads\/2022\/06\/90527efa48540f6a69577fdc248c658c4198aaba-e1609689967753-1024x576-1.jpg","datePublished":"2022-06-15T23:12:37+00:00","dateModified":"2022-06-16T00:12:41+00:00","breadcrumb":{"@id":"https:\/\/fuentesfidedignas.com.mx\/index.php\/2022\/06\/15\/en-opinion-del-papa-francisco-se-ha-declarado-la-tercera-guerra-mundial\/#breadcrumb"},"inLanguage":"es","potentialAction":[{"@type":"ReadAction","target":["https:\/\/fuentesfidedignas.com.mx\/index.php\/2022\/06\/15\/en-opinion-del-papa-francisco-se-ha-declarado-la-tercera-guerra-mundial\/"]}]},{"@type":"ImageObject","inLanguage":"es","@id":"https:\/\/fuentesfidedignas.com.mx\/index.php\/2022\/06\/15\/en-opinion-del-papa-francisco-se-ha-declarado-la-tercera-guerra-mundial\/#primaryimage","url":"https:\/\/fuentesfidedignas.com.mx\/wp-content\/uploads\/2022\/06\/90527efa48540f6a69577fdc248c658c4198aaba-e1609689967753-1024x576-1.jpg","contentUrl":"https:\/\/fuentesfidedignas.com.mx\/wp-content\/uploads\/2022\/06\/90527efa48540f6a69577fdc248c658c4198aaba-e1609689967753-1024x576-1.jpg","width":1024,"height":576},{"@type":"BreadcrumbList","@id":"https:\/\/fuentesfidedignas.com.mx\/index.php\/2022\/06\/15\/en-opinion-del-papa-francisco-se-ha-declarado-la-tercera-guerra-mundial\/#breadcrumb","itemListElement":[{"@type":"ListItem","position":1,"name":"Inicio","item":"https:\/\/fuentesfidedignas.com.mx\/"},{"@type":"ListItem","position":2,"name":"En opini\u00f3n del papa Francisco, \u2018se ha declarado la Tercera Guerra Mundial\u2019"}]},{"@type":"WebSite","@id":"https:\/\/fuentesfidedignas.com.mx\/#website","url":"https:\/\/fuentesfidedignas.com.mx\/","name":"Fuentes Fidedignas","description":"Otro sitio realizado con WordPress","publisher":{"@id":"https:\/\/fuentesfidedignas.com.mx\/#organization"},"potentialAction":[{"@type":"SearchAction","target":{"@type":"EntryPoint","urlTemplate":"https:\/\/fuentesfidedignas.com.mx\/?s={search_term_string}"},"query-input":{"@type":"PropertyValueSpecification","valueRequired":true,"valueName":"search_term_string"}}],"inLanguage":"es"},{"@type":"Organization","@id":"https:\/\/fuentesfidedignas.com.mx\/#organization","name":"Fuentes Fidedignas","url":"https:\/\/fuentesfidedignas.com.mx\/","logo":{"@type":"ImageObject","inLanguage":"es","@id":"https:\/\/fuentesfidedignas.com.mx\/#\/schema\/logo\/image\/","url":"https:\/\/fuentesfidedignas.com.mx\/wp-content\/uploads\/2021\/04\/logo-retina.png","contentUrl":"https:\/\/fuentesfidedignas.com.mx\/wp-content\/uploads\/2021\/04\/logo-retina.png","width":280,"height":51,"caption":"Fuentes Fidedignas"},"image":{"@id":"https:\/\/fuentesfidedignas.com.mx\/#\/schema\/logo\/image\/"},"sameAs":["https:\/\/www.facebook.com\/Fuentes-Fidedignas-368234489921644","https:\/\/x.com\/fidedignas"]},{"@type":"Person","@id":"https:\/\/fuentesfidedignas.com.mx\/#\/schema\/person\/5623d53fe2e579d825b1679734abcc44","name":"Forbes","image":{"@type":"ImageObject","inLanguage":"es","@id":"https:\/\/secure.gravatar.com\/avatar\/87ce3dd4e41e60c22a79c758614f01a6bc2469255fc936ec7b15efb9bb5cb66f?s=96&d=mm&r=g","url":"https:\/\/secure.gravatar.com\/avatar\/87ce3dd4e41e60c22a79c758614f01a6bc2469255fc936ec7b15efb9bb5cb66f?s=96&d=mm&r=g","contentUrl":"https:\/\/secure.gravatar.com\/avatar\/87ce3dd4e41e60c22a79c758614f01a6bc2469255fc936ec7b15efb9bb5cb66f?s=96&d=mm&r=g","caption":"Forbes"},"url":"https:\/\/fuentesfidedignas.com.mx\/index.php\/author\/forbes\/"}]}},"_links":{"self":[{"href":"https:\/\/fuentesfidedignas.com.mx\/index.php\/wp-json\/wp\/v2\/posts\/34507","targetHints":{"allow":["GET"]}}],"collection":[{"href":"https:\/\/fuentesfidedignas.com.mx\/index.php\/wp-json\/wp\/v2\/posts"}],"about":[{"href":"https:\/\/fuentesfidedignas.com.mx\/index.php\/wp-json\/wp\/v2\/types\/post"}],"author":[{"embeddable":true,"href":"https:\/\/fuentesfidedignas.com.mx\/index.php\/wp-json\/wp\/v2\/users\/5"}],"replies":[{"embeddable":true,"href":"https:\/\/fuentesfidedignas.com.mx\/index.php\/wp-json\/wp\/v2\/comments?post=34507"}],"version-history":[{"count":1,"href":"https:\/\/fuentesfidedignas.com.mx\/index.php\/wp-json\/wp\/v2\/posts\/34507\/revisions"}],"predecessor-version":[{"id":34508,"href":"https:\/\/fuentesfidedignas.com.mx\/index.php\/wp-json\/wp\/v2\/posts\/34507\/revisions\/34508"}],"wp:featuredmedia":[{"embeddable":true,"href":"https:\/\/fuentesfidedignas.com.mx\/index.php\/wp-json\/wp\/v2\/media\/34509"}],"wp:attachment":[{"href":"https:\/\/fuentesfidedignas.com.mx\/index.php\/wp-json\/wp\/v2\/media?parent=34507"}],"wp:term":[{"taxonomy":"category","embeddable":true,"href":"https:\/\/fuentesfidedignas.com.mx\/index.php\/wp-json\/wp\/v2\/categories?post=34507"},{"taxonomy":"post_tag","embeddable":true,"href":"https:\/\/fuentesfidedignas.com.mx\/index.php\/wp-json\/wp\/v2\/tags?post=34507"}],"curies":[{"name":"wp","href":"https:\/\/api.w.org\/{rel}","templated":true}]}}