{"id":34500,"date":"2022-06-15T14:21:13","date_gmt":"2022-06-15T20:21:13","guid":{"rendered":"https:\/\/fuentesfidedignas.com.mx\/?p=34500"},"modified":"2022-06-15T15:22:28","modified_gmt":"2022-06-15T21:22:28","slug":"suben-71-casos-de-covid-19-en-mexico-en-la-ultima-semana","status":"publish","type":"post","link":"https:\/\/fuentesfidedignas.com.mx\/index.php\/2022\/06\/15\/suben-71-casos-de-covid-19-en-mexico-en-la-ultima-semana\/","title":{"rendered":"Suben 71% casos de COVID-19 en M\u00e9xico en la \u00faltima semana"},"content":{"rendered":"\n<p><strong><em>La OPS notific\u00f3 que M\u00e9xico lleva experimentando un aumento continuo de casos por COVID-19 en las \u00faltimas cinco semanas <\/em><\/strong><\/p>\n\n\n\n<p>Ciudad de M\u00e9xico.  Los casos de COVID-19 han tenido una tendencia al alza durante los \u00faltimos dos meses en el continente americano, con 1.2 millones de nuevos contagios en la \u00faltima semana, lo que supone un incremento del 11 por ciento respecto a la anterior.<\/p>\n\n\n\n<figure class=\"wp-block-embed is-type-rich is-provider-twitter wp-block-embed-twitter\"><div class=\"wp-block-embed__wrapper\">\n<blockquote class=\"twitter-tweet\" data-width=\"550\" data-dnt=\"true\"><p lang=\"es\" dir=\"ltr\">\ud83d\udea8\ud83d\udce1EN VIVO\ud83d\udc49Sesi\u00f3n informativa sobre la COVID-19 en las Am\u00e9ricas \ud83e\udda0\ud83c\udf0e 15 de junio, 2022 \ud83d\udcf2\ud83d\udd0a <a href=\"https:\/\/t.co\/64UdaNX9yF\">https:\/\/t.co\/64UdaNX9yF<\/a><\/p>&mdash; OPS\/OMS (@opsoms) <a href=\"https:\/\/twitter.com\/opsoms\/status\/1537095863465549825?ref_src=twsrc%5Etfw\">June 15, 2022<\/a><\/blockquote><script async src=\"https:\/\/platform.twitter.com\/widgets.js\" charset=\"utf-8\"><\/script>\n<\/div><\/figure>\n\n\n\n<p>As\u00ed lo se\u00f1al\u00f3 la directora de la Organizaci\u00f3n Panamericana de la Salud (OPS), Carissa Etienne, en su rueda de prensa semanal, donde agreg\u00f3 que las muertes por COVID-19 crecieron el 19.4 por ciento, con un total de cuatro mil 69 decesos, en los \u00faltimos siete d\u00edas.<\/p>\n\n\n\n<p>Destaca el incremento de los casos en M\u00e9xico, donde se registraron 31 mil contagios en la \u00faltima semana, lo que supone una subida del 71 por ciento, mientras que en los pa\u00edses de Centroam\u00e9rica, hubo un incremento del 32 por ciento de los casos nuevos, con 27 mil.<\/p>\n\n\n\n<p>Sobre M\u00e9xico, el m\u00e9dico Andrea Vicari, jefe de la Unidad de Gesti\u00f3n de Amenazas Infecciosas de la OPS, indic\u00f3 en la misma rueda de prensa que el pa\u00eds lleva experimentando un aumento continuo de casos en las \u00faltimas cinco semanas.<\/p>\n\n\n\n<p>&#8220;La semana pasada se reportaron 30 mil nuevos casos\u201d, remarc\u00f3 el facultativo, quien apunt\u00f3 que, no obstante, el n\u00famero de hospitalizaciones fue \u201cmucho m\u00e1s inferior\u201d.<\/p>\n\n\n\n<p>Etienne subray\u00f3 que los sistemas sanitarios del continente est\u00e1n pudiendo hacer frente a esta subida de los contagios gracias a que \u201cla mayor parte de las personas de las Am\u00e9ricas est\u00e1n vacunadas contra el virus, y mejor protegidas contra una enfermedad grave y la muerte\u201d.<\/p>\n\n\n\n<p>No obstante, afirm\u00f3 que todav\u00eda \u201chay mucha gente no vacunada\u201d, y por tanto, con mayor riesgo de acabar hospitalizada o de fallecer por COVID-19.<\/p>\n\n\n\n<p>Respecto al objetivo de la Organizaci\u00f3n Mundial de la Salud (OMS) de inmunizar al 70 por ciento de la poblaci\u00f3n, Etienne dijo que un total de 16 pa\u00edses y territorios del continente han llegado a esa meta, mientras que hay otros que est\u00e1n cerca como Colombia, las Bermudas y El Salvador, que han alcanzado el 65 por ciento de cobertura.<\/p>\n","protected":false},"excerpt":{"rendered":"<p>La OPS notific\u00f3 que M\u00e9xico lleva experimentando un aumento continuo de casos por COVID-19 en las \u00faltimas cinco semanas Ciudad de M\u00e9xico. Los casos de COVID-19 han tenido una tendencia al alza durante los \u00faltimos dos meses en el continente americano, con 1.2 millones de nuevos contagios en la \u00faltima semana, lo que supone un [&hellip;]<\/p>\n","protected":false},"author":47,"featured_media":34503,"comment_status":"open","ping_status":"open","sticky":false,"template":"","format":"standard","meta":{"tdm_status":"","tdm_grid_status":"","footnotes":""},"categories":[39],"tags":[332,59,416],"class_list":{"0":"post-34500","1":"post","2":"type-post","3":"status-publish","4":"format-standard","5":"has-post-thumbnail","7":"category-noticias-nacionales","8":"tag-coronavirus","9":"tag-covid-19","10":"tag-sars-cov-2"},"yoast_head":"<!-- This site is optimized with the Yoast SEO plugin v27.5 - https:\/\/yoast.com\/product\/yoast-seo-wordpress\/ -->\n<title>Suben 71% casos de COVID-19 en M\u00e9xico en la \u00faltima semana - Fuentes Fidedignas<\/title>\n<meta name=\"robots\" content=\"index, follow, max-snippet:-1, max-image-preview:large, max-video-preview:-1\" \/>\n<link rel=\"canonical\" href=\"https:\/\/fuentesfidedignas.com.mx\/index.php\/2022\/06\/15\/suben-71-casos-de-covid-19-en-mexico-en-la-ultima-semana\/\" \/>\n<meta property=\"og:locale\" content=\"es_MX\" \/>\n<meta property=\"og:type\" content=\"article\" \/>\n<meta property=\"og:title\" content=\"Suben 71% casos de COVID-19 en M\u00e9xico en la \u00faltima semana - Fuentes Fidedignas\" \/>\n<meta property=\"og:description\" content=\"La OPS notific\u00f3 que M\u00e9xico lleva experimentando un aumento continuo de casos por COVID-19 en las \u00faltimas cinco semanas Ciudad de M\u00e9xico. Los casos de COVID-19 han tenido una tendencia al alza durante los \u00faltimos dos meses en el continente americano, con 1.2 millones de nuevos contagios en la \u00faltima semana, lo que supone un [&hellip;]\" \/>\n<meta property=\"og:url\" content=\"https:\/\/fuentesfidedignas.com.mx\/index.php\/2022\/06\/15\/suben-71-casos-de-covid-19-en-mexico-en-la-ultima-semana\/\" \/>\n<meta property=\"og:site_name\" content=\"Fuentes Fidedignas\" \/>\n<meta property=\"article:publisher\" content=\"https:\/\/www.facebook.com\/Fuentes-Fidedignas-368234489921644\" \/>\n<meta property=\"article:published_time\" content=\"2022-06-15T20:21:13+00:00\" \/>\n<meta property=\"article:modified_time\" content=\"2022-06-15T21:22:28+00:00\" \/>\n<meta property=\"og:image\" content=\"https:\/\/fuentesfidedignas.com.mx\/wp-content\/uploads\/2022\/06\/mexico-coronavirus-covid-19-cdmx-1.jpg\" \/>\n\t<meta property=\"og:image:width\" content=\"1920\" \/>\n\t<meta property=\"og:image:height\" content=\"1211\" \/>\n\t<meta property=\"og:image:type\" content=\"image\/jpeg\" \/>\n<meta name=\"author\" content=\"L\u00f3pez D\u00f3riga\" \/>\n<meta name=\"twitter:card\" content=\"summary_large_image\" \/>\n<meta name=\"twitter:creator\" content=\"@fidedignas\" \/>\n<meta name=\"twitter:site\" content=\"@fidedignas\" \/>\n<meta name=\"twitter:label1\" content=\"Escrito por\" \/>\n\t<meta name=\"twitter:data1\" content=\"L\u00f3pez D\u00f3riga\" \/>\n\t<meta name=\"twitter:label2\" content=\"Tiempo de lectura\" \/>\n\t<meta name=\"twitter:data2\" content=\"2 minutos\" \/>\n<script type=\"application\/ld+json\" class=\"yoast-schema-graph\">{\"@context\":\"https:\\\/\\\/schema.org\",\"@graph\":[{\"@type\":\"Article\",\"@id\":\"https:\\\/\\\/fuentesfidedignas.com.mx\\\/index.php\\\/2022\\\/06\\\/15\\\/suben-71-casos-de-covid-19-en-mexico-en-la-ultima-semana\\\/#article\",\"isPartOf\":{\"@id\":\"https:\\\/\\\/fuentesfidedignas.com.mx\\\/index.php\\\/2022\\\/06\\\/15\\\/suben-71-casos-de-covid-19-en-mexico-en-la-ultima-semana\\\/\"},\"author\":{\"name\":\"L\u00f3pez D\u00f3riga\",\"@id\":\"https:\\\/\\\/fuentesfidedignas.com.mx\\\/#\\\/schema\\\/person\\\/67d852f0557c8509146a4b9ddebd543a\"},\"headline\":\"Suben 71% casos de COVID-19 en M\u00e9xico en la \u00faltima semana\",\"datePublished\":\"2022-06-15T20:21:13+00:00\",\"dateModified\":\"2022-06-15T21:22:28+00:00\",\"mainEntityOfPage\":{\"@id\":\"https:\\\/\\\/fuentesfidedignas.com.mx\\\/index.php\\\/2022\\\/06\\\/15\\\/suben-71-casos-de-covid-19-en-mexico-en-la-ultima-semana\\\/\"},\"wordCount\":385,\"commentCount\":0,\"publisher\":{\"@id\":\"https:\\\/\\\/fuentesfidedignas.com.mx\\\/#organization\"},\"image\":{\"@id\":\"https:\\\/\\\/fuentesfidedignas.com.mx\\\/index.php\\\/2022\\\/06\\\/15\\\/suben-71-casos-de-covid-19-en-mexico-en-la-ultima-semana\\\/#primaryimage\"},\"thumbnailUrl\":\"https:\\\/\\\/fuentesfidedignas.com.mx\\\/wp-content\\\/uploads\\\/2022\\\/06\\\/mexico-coronavirus-covid-19-cdmx-1.jpg\",\"keywords\":[\"Coronavirus\",\"Covid-19\",\"SARS-CoV-2\"],\"articleSection\":[\"NOTICIAS NACIONALES\"],\"inLanguage\":\"es\",\"potentialAction\":[{\"@type\":\"CommentAction\",\"name\":\"Comment\",\"target\":[\"https:\\\/\\\/fuentesfidedignas.com.mx\\\/index.php\\\/2022\\\/06\\\/15\\\/suben-71-casos-de-covid-19-en-mexico-en-la-ultima-semana\\\/#respond\"]}]},{\"@type\":\"WebPage\",\"@id\":\"https:\\\/\\\/fuentesfidedignas.com.mx\\\/index.php\\\/2022\\\/06\\\/15\\\/suben-71-casos-de-covid-19-en-mexico-en-la-ultima-semana\\\/\",\"url\":\"https:\\\/\\\/fuentesfidedignas.com.mx\\\/index.php\\\/2022\\\/06\\\/15\\\/suben-71-casos-de-covid-19-en-mexico-en-la-ultima-semana\\\/\",\"name\":\"Suben 71% casos de COVID-19 en M\u00e9xico en la \u00faltima semana - Fuentes Fidedignas\",\"isPartOf\":{\"@id\":\"https:\\\/\\\/fuentesfidedignas.com.mx\\\/#website\"},\"primaryImageOfPage\":{\"@id\":\"https:\\\/\\\/fuentesfidedignas.com.mx\\\/index.php\\\/2022\\\/06\\\/15\\\/suben-71-casos-de-covid-19-en-mexico-en-la-ultima-semana\\\/#primaryimage\"},\"image\":{\"@id\":\"https:\\\/\\\/fuentesfidedignas.com.mx\\\/index.php\\\/2022\\\/06\\\/15\\\/suben-71-casos-de-covid-19-en-mexico-en-la-ultima-semana\\\/#primaryimage\"},\"thumbnailUrl\":\"https:\\\/\\\/fuentesfidedignas.com.mx\\\/wp-content\\\/uploads\\\/2022\\\/06\\\/mexico-coronavirus-covid-19-cdmx-1.jpg\",\"datePublished\":\"2022-06-15T20:21:13+00:00\",\"dateModified\":\"2022-06-15T21:22:28+00:00\",\"breadcrumb\":{\"@id\":\"https:\\\/\\\/fuentesfidedignas.com.mx\\\/index.php\\\/2022\\\/06\\\/15\\\/suben-71-casos-de-covid-19-en-mexico-en-la-ultima-semana\\\/#breadcrumb\"},\"inLanguage\":\"es\",\"potentialAction\":[{\"@type\":\"ReadAction\",\"target\":[\"https:\\\/\\\/fuentesfidedignas.com.mx\\\/index.php\\\/2022\\\/06\\\/15\\\/suben-71-casos-de-covid-19-en-mexico-en-la-ultima-semana\\\/\"]}]},{\"@type\":\"ImageObject\",\"inLanguage\":\"es\",\"@id\":\"https:\\\/\\\/fuentesfidedignas.com.mx\\\/index.php\\\/2022\\\/06\\\/15\\\/suben-71-casos-de-covid-19-en-mexico-en-la-ultima-semana\\\/#primaryimage\",\"url\":\"https:\\\/\\\/fuentesfidedignas.com.mx\\\/wp-content\\\/uploads\\\/2022\\\/06\\\/mexico-coronavirus-covid-19-cdmx-1.jpg\",\"contentUrl\":\"https:\\\/\\\/fuentesfidedignas.com.mx\\\/wp-content\\\/uploads\\\/2022\\\/06\\\/mexico-coronavirus-covid-19-cdmx-1.jpg\",\"width\":1920,\"height\":1211},{\"@type\":\"BreadcrumbList\",\"@id\":\"https:\\\/\\\/fuentesfidedignas.com.mx\\\/index.php\\\/2022\\\/06\\\/15\\\/suben-71-casos-de-covid-19-en-mexico-en-la-ultima-semana\\\/#breadcrumb\",\"itemListElement\":[{\"@type\":\"ListItem\",\"position\":1,\"name\":\"Inicio\",\"item\":\"https:\\\/\\\/fuentesfidedignas.com.mx\\\/\"},{\"@type\":\"ListItem\",\"position\":2,\"name\":\"Suben 71% casos de COVID-19 en M\u00e9xico en la \u00faltima semana\"}]},{\"@type\":\"WebSite\",\"@id\":\"https:\\\/\\\/fuentesfidedignas.com.mx\\\/#website\",\"url\":\"https:\\\/\\\/fuentesfidedignas.com.mx\\\/\",\"name\":\"Fuentes Fidedignas\",\"description\":\"Otro sitio realizado con WordPress\",\"publisher\":{\"@id\":\"https:\\\/\\\/fuentesfidedignas.com.mx\\\/#organization\"},\"potentialAction\":[{\"@type\":\"SearchAction\",\"target\":{\"@type\":\"EntryPoint\",\"urlTemplate\":\"https:\\\/\\\/fuentesfidedignas.com.mx\\\/?s={search_term_string}\"},\"query-input\":{\"@type\":\"PropertyValueSpecification\",\"valueRequired\":true,\"valueName\":\"search_term_string\"}}],\"inLanguage\":\"es\"},{\"@type\":\"Organization\",\"@id\":\"https:\\\/\\\/fuentesfidedignas.com.mx\\\/#organization\",\"name\":\"Fuentes Fidedignas\",\"url\":\"https:\\\/\\\/fuentesfidedignas.com.mx\\\/\",\"logo\":{\"@type\":\"ImageObject\",\"inLanguage\":\"es\",\"@id\":\"https:\\\/\\\/fuentesfidedignas.com.mx\\\/#\\\/schema\\\/logo\\\/image\\\/\",\"url\":\"https:\\\/\\\/fuentesfidedignas.com.mx\\\/wp-content\\\/uploads\\\/2021\\\/04\\\/logo-retina.png\",\"contentUrl\":\"https:\\\/\\\/fuentesfidedignas.com.mx\\\/wp-content\\\/uploads\\\/2021\\\/04\\\/logo-retina.png\",\"width\":280,\"height\":51,\"caption\":\"Fuentes Fidedignas\"},\"image\":{\"@id\":\"https:\\\/\\\/fuentesfidedignas.com.mx\\\/#\\\/schema\\\/logo\\\/image\\\/\"},\"sameAs\":[\"https:\\\/\\\/www.facebook.com\\\/Fuentes-Fidedignas-368234489921644\",\"https:\\\/\\\/x.com\\\/fidedignas\"]},{\"@type\":\"Person\",\"@id\":\"https:\\\/\\\/fuentesfidedignas.com.mx\\\/#\\\/schema\\\/person\\\/67d852f0557c8509146a4b9ddebd543a\",\"name\":\"L\u00f3pez D\u00f3riga\",\"image\":{\"@type\":\"ImageObject\",\"inLanguage\":\"es\",\"@id\":\"https:\\\/\\\/secure.gravatar.com\\\/avatar\\\/e525b06574ca18b33cded59dfe5778d6c823b9513154eff47da551b0551bdd1e?s=96&d=mm&r=g\",\"url\":\"https:\\\/\\\/secure.gravatar.com\\\/avatar\\\/e525b06574ca18b33cded59dfe5778d6c823b9513154eff47da551b0551bdd1e?s=96&d=mm&r=g\",\"contentUrl\":\"https:\\\/\\\/secure.gravatar.com\\\/avatar\\\/e525b06574ca18b33cded59dfe5778d6c823b9513154eff47da551b0551bdd1e?s=96&d=mm&r=g\",\"caption\":\"L\u00f3pez D\u00f3riga\"},\"url\":\"https:\\\/\\\/fuentesfidedignas.com.mx\\\/index.php\\\/author\\\/doriga\\\/\"}]}<\/script>\n<!-- \/ Yoast SEO plugin. -->","yoast_head_json":{"title":"Suben 71% casos de COVID-19 en M\u00e9xico en la \u00faltima semana - Fuentes Fidedignas","robots":{"index":"index","follow":"follow","max-snippet":"max-snippet:-1","max-image-preview":"max-image-preview:large","max-video-preview":"max-video-preview:-1"},"canonical":"https:\/\/fuentesfidedignas.com.mx\/index.php\/2022\/06\/15\/suben-71-casos-de-covid-19-en-mexico-en-la-ultima-semana\/","og_locale":"es_MX","og_type":"article","og_title":"Suben 71% casos de COVID-19 en M\u00e9xico en la \u00faltima semana - Fuentes Fidedignas","og_description":"La OPS notific\u00f3 que M\u00e9xico lleva experimentando un aumento continuo de casos por COVID-19 en las \u00faltimas cinco semanas Ciudad de M\u00e9xico. Los casos de COVID-19 han tenido una tendencia al alza durante los \u00faltimos dos meses en el continente americano, con 1.2 millones de nuevos contagios en la \u00faltima semana, lo que supone un [&hellip;]","og_url":"https:\/\/fuentesfidedignas.com.mx\/index.php\/2022\/06\/15\/suben-71-casos-de-covid-19-en-mexico-en-la-ultima-semana\/","og_site_name":"Fuentes Fidedignas","article_publisher":"https:\/\/www.facebook.com\/Fuentes-Fidedignas-368234489921644","article_published_time":"2022-06-15T20:21:13+00:00","article_modified_time":"2022-06-15T21:22:28+00:00","og_image":[{"width":1920,"height":1211,"url":"https:\/\/fuentesfidedignas.com.mx\/wp-content\/uploads\/2022\/06\/mexico-coronavirus-covid-19-cdmx-1.jpg","type":"image\/jpeg"}],"author":"L\u00f3pez D\u00f3riga","twitter_card":"summary_large_image","twitter_creator":"@fidedignas","twitter_site":"@fidedignas","twitter_misc":{"Escrito por":"L\u00f3pez D\u00f3riga","Tiempo de lectura":"2 minutos"},"schema":{"@context":"https:\/\/schema.org","@graph":[{"@type":"Article","@id":"https:\/\/fuentesfidedignas.com.mx\/index.php\/2022\/06\/15\/suben-71-casos-de-covid-19-en-mexico-en-la-ultima-semana\/#article","isPartOf":{"@id":"https:\/\/fuentesfidedignas.com.mx\/index.php\/2022\/06\/15\/suben-71-casos-de-covid-19-en-mexico-en-la-ultima-semana\/"},"author":{"name":"L\u00f3pez D\u00f3riga","@id":"https:\/\/fuentesfidedignas.com.mx\/#\/schema\/person\/67d852f0557c8509146a4b9ddebd543a"},"headline":"Suben 71% casos de COVID-19 en M\u00e9xico en la \u00faltima semana","datePublished":"2022-06-15T20:21:13+00:00","dateModified":"2022-06-15T21:22:28+00:00","mainEntityOfPage":{"@id":"https:\/\/fuentesfidedignas.com.mx\/index.php\/2022\/06\/15\/suben-71-casos-de-covid-19-en-mexico-en-la-ultima-semana\/"},"wordCount":385,"commentCount":0,"publisher":{"@id":"https:\/\/fuentesfidedignas.com.mx\/#organization"},"image":{"@id":"https:\/\/fuentesfidedignas.com.mx\/index.php\/2022\/06\/15\/suben-71-casos-de-covid-19-en-mexico-en-la-ultima-semana\/#primaryimage"},"thumbnailUrl":"https:\/\/fuentesfidedignas.com.mx\/wp-content\/uploads\/2022\/06\/mexico-coronavirus-covid-19-cdmx-1.jpg","keywords":["Coronavirus","Covid-19","SARS-CoV-2"],"articleSection":["NOTICIAS NACIONALES"],"inLanguage":"es","potentialAction":[{"@type":"CommentAction","name":"Comment","target":["https:\/\/fuentesfidedignas.com.mx\/index.php\/2022\/06\/15\/suben-71-casos-de-covid-19-en-mexico-en-la-ultima-semana\/#respond"]}]},{"@type":"WebPage","@id":"https:\/\/fuentesfidedignas.com.mx\/index.php\/2022\/06\/15\/suben-71-casos-de-covid-19-en-mexico-en-la-ultima-semana\/","url":"https:\/\/fuentesfidedignas.com.mx\/index.php\/2022\/06\/15\/suben-71-casos-de-covid-19-en-mexico-en-la-ultima-semana\/","name":"Suben 71% casos de COVID-19 en M\u00e9xico en la \u00faltima semana - Fuentes Fidedignas","isPartOf":{"@id":"https:\/\/fuentesfidedignas.com.mx\/#website"},"primaryImageOfPage":{"@id":"https:\/\/fuentesfidedignas.com.mx\/index.php\/2022\/06\/15\/suben-71-casos-de-covid-19-en-mexico-en-la-ultima-semana\/#primaryimage"},"image":{"@id":"https:\/\/fuentesfidedignas.com.mx\/index.php\/2022\/06\/15\/suben-71-casos-de-covid-19-en-mexico-en-la-ultima-semana\/#primaryimage"},"thumbnailUrl":"https:\/\/fuentesfidedignas.com.mx\/wp-content\/uploads\/2022\/06\/mexico-coronavirus-covid-19-cdmx-1.jpg","datePublished":"2022-06-15T20:21:13+00:00","dateModified":"2022-06-15T21:22:28+00:00","breadcrumb":{"@id":"https:\/\/fuentesfidedignas.com.mx\/index.php\/2022\/06\/15\/suben-71-casos-de-covid-19-en-mexico-en-la-ultima-semana\/#breadcrumb"},"inLanguage":"es","potentialAction":[{"@type":"ReadAction","target":["https:\/\/fuentesfidedignas.com.mx\/index.php\/2022\/06\/15\/suben-71-casos-de-covid-19-en-mexico-en-la-ultima-semana\/"]}]},{"@type":"ImageObject","inLanguage":"es","@id":"https:\/\/fuentesfidedignas.com.mx\/index.php\/2022\/06\/15\/suben-71-casos-de-covid-19-en-mexico-en-la-ultima-semana\/#primaryimage","url":"https:\/\/fuentesfidedignas.com.mx\/wp-content\/uploads\/2022\/06\/mexico-coronavirus-covid-19-cdmx-1.jpg","contentUrl":"https:\/\/fuentesfidedignas.com.mx\/wp-content\/uploads\/2022\/06\/mexico-coronavirus-covid-19-cdmx-1.jpg","width":1920,"height":1211},{"@type":"BreadcrumbList","@id":"https:\/\/fuentesfidedignas.com.mx\/index.php\/2022\/06\/15\/suben-71-casos-de-covid-19-en-mexico-en-la-ultima-semana\/#breadcrumb","itemListElement":[{"@type":"ListItem","position":1,"name":"Inicio","item":"https:\/\/fuentesfidedignas.com.mx\/"},{"@type":"ListItem","position":2,"name":"Suben 71% casos de COVID-19 en M\u00e9xico en la \u00faltima semana"}]},{"@type":"WebSite","@id":"https:\/\/fuentesfidedignas.com.mx\/#website","url":"https:\/\/fuentesfidedignas.com.mx\/","name":"Fuentes Fidedignas","description":"Otro sitio realizado con WordPress","publisher":{"@id":"https:\/\/fuentesfidedignas.com.mx\/#organization"},"potentialAction":[{"@type":"SearchAction","target":{"@type":"EntryPoint","urlTemplate":"https:\/\/fuentesfidedignas.com.mx\/?s={search_term_string}"},"query-input":{"@type":"PropertyValueSpecification","valueRequired":true,"valueName":"search_term_string"}}],"inLanguage":"es"},{"@type":"Organization","@id":"https:\/\/fuentesfidedignas.com.mx\/#organization","name":"Fuentes Fidedignas","url":"https:\/\/fuentesfidedignas.com.mx\/","logo":{"@type":"ImageObject","inLanguage":"es","@id":"https:\/\/fuentesfidedignas.com.mx\/#\/schema\/logo\/image\/","url":"https:\/\/fuentesfidedignas.com.mx\/wp-content\/uploads\/2021\/04\/logo-retina.png","contentUrl":"https:\/\/fuentesfidedignas.com.mx\/wp-content\/uploads\/2021\/04\/logo-retina.png","width":280,"height":51,"caption":"Fuentes Fidedignas"},"image":{"@id":"https:\/\/fuentesfidedignas.com.mx\/#\/schema\/logo\/image\/"},"sameAs":["https:\/\/www.facebook.com\/Fuentes-Fidedignas-368234489921644","https:\/\/x.com\/fidedignas"]},{"@type":"Person","@id":"https:\/\/fuentesfidedignas.com.mx\/#\/schema\/person\/67d852f0557c8509146a4b9ddebd543a","name":"L\u00f3pez D\u00f3riga","image":{"@type":"ImageObject","inLanguage":"es","@id":"https:\/\/secure.gravatar.com\/avatar\/e525b06574ca18b33cded59dfe5778d6c823b9513154eff47da551b0551bdd1e?s=96&d=mm&r=g","url":"https:\/\/secure.gravatar.com\/avatar\/e525b06574ca18b33cded59dfe5778d6c823b9513154eff47da551b0551bdd1e?s=96&d=mm&r=g","contentUrl":"https:\/\/secure.gravatar.com\/avatar\/e525b06574ca18b33cded59dfe5778d6c823b9513154eff47da551b0551bdd1e?s=96&d=mm&r=g","caption":"L\u00f3pez D\u00f3riga"},"url":"https:\/\/fuentesfidedignas.com.mx\/index.php\/author\/doriga\/"}]}},"_links":{"self":[{"href":"https:\/\/fuentesfidedignas.com.mx\/index.php\/wp-json\/wp\/v2\/posts\/34500","targetHints":{"allow":["GET"]}}],"collection":[{"href":"https:\/\/fuentesfidedignas.com.mx\/index.php\/wp-json\/wp\/v2\/posts"}],"about":[{"href":"https:\/\/fuentesfidedignas.com.mx\/index.php\/wp-json\/wp\/v2\/types\/post"}],"author":[{"embeddable":true,"href":"https:\/\/fuentesfidedignas.com.mx\/index.php\/wp-json\/wp\/v2\/users\/47"}],"replies":[{"embeddable":true,"href":"https:\/\/fuentesfidedignas.com.mx\/index.php\/wp-json\/wp\/v2\/comments?post=34500"}],"version-history":[{"count":1,"href":"https:\/\/fuentesfidedignas.com.mx\/index.php\/wp-json\/wp\/v2\/posts\/34500\/revisions"}],"predecessor-version":[{"id":34502,"href":"https:\/\/fuentesfidedignas.com.mx\/index.php\/wp-json\/wp\/v2\/posts\/34500\/revisions\/34502"}],"wp:featuredmedia":[{"embeddable":true,"href":"https:\/\/fuentesfidedignas.com.mx\/index.php\/wp-json\/wp\/v2\/media\/34503"}],"wp:attachment":[{"href":"https:\/\/fuentesfidedignas.com.mx\/index.php\/wp-json\/wp\/v2\/media?parent=34500"}],"wp:term":[{"taxonomy":"category","embeddable":true,"href":"https:\/\/fuentesfidedignas.com.mx\/index.php\/wp-json\/wp\/v2\/categories?post=34500"},{"taxonomy":"post_tag","embeddable":true,"href":"https:\/\/fuentesfidedignas.com.mx\/index.php\/wp-json\/wp\/v2\/tags?post=34500"}],"curies":[{"name":"wp","href":"https:\/\/api.w.org\/{rel}","templated":true}]}}