{"id":34473,"date":"2022-06-15T12:28:16","date_gmt":"2022-06-15T18:28:16","guid":{"rendered":"https:\/\/fuentesfidedignas.com.mx\/?p=34473"},"modified":"2022-06-15T12:28:18","modified_gmt":"2022-06-15T18:28:18","slug":"blas-se-convierte-en-huracan-categoria-1-esta-frente-a-las-costas-de-colima","status":"publish","type":"post","link":"https:\/\/fuentesfidedignas.com.mx\/index.php\/2022\/06\/15\/blas-se-convierte-en-huracan-categoria-1-esta-frente-a-las-costas-de-colima\/","title":{"rendered":"&#8220;Blas&#8221; se convierte en hurac\u00e1n categor\u00eda 1; est\u00e1 frente a las costas de Colima"},"content":{"rendered":"\n<p><strong><em>El ahora hurac\u00e1n Blas se localiza a 345 kil\u00f3metros al sur de L\u00e1zaro C\u00e1rdenas, Michoac\u00e1n, y a 485 kil\u00f3metros al sur-sureste de Manzanillo, Colima<\/em><\/strong>.<\/p>\n\n\n\n<p>Ciudad de M\u00e9xico.- Blas se intensific\u00f3 a hurac\u00e1n categor\u00eda 1 mientras sigue su trayectoria paralela a las costas mexicanas, sin embargo, sus bandas nubosas generar\u00e1n lluvias intensas en Guerrero as\u00ed como muy fuertes en Jalisco, Colima y Michoac\u00e1n, adem\u00e1s de reforzar la probabilidad de precipitaciones en el centro el pa\u00eds.<\/p>\n\n\n\n<p>El ahora hurac\u00e1n Blas se localiza a 345 kil\u00f3metros al sur de L\u00e1zaro C\u00e1rdenas, Michoac\u00e1n, y a 485 kil\u00f3metros al sur-sureste de Manzanillo, Colima, y se desplaza al oeste-noroeste a 7 kil\u00f3metros por hora; el cicl\u00f3n presenta vientos m\u00e1ximos sostenidos de 120 kil\u00f3metros por hora y rachas de 150 kil\u00f3metros por hora.<\/p>\n\n\n\n<p>La Comisi\u00f3n Nacional del Agua hab\u00eda alertado que debido a Blas habr\u00e1 viento con rachas de 70 a 80 kil\u00f3metros por hora y oleaje de 2 a 4 metros de altura en las costas de Michoac\u00e1n y Guerrero, as\u00ed como vientos de 50 a 60 kil\u00f3metros por hora y oleaje de 1 a 2 metros de altura en costas de Jalisco, Colima y Oaxaca.<\/p>\n\n\n\n<p>PUBLICIDAD<\/p>\n\n\n\n<p>La Conagua prev\u00e9 que Blas se degrade a tormenta tropical el s\u00e1bado, mientras que para el pr\u00f3ximo lunes ya ser\u00eda depresi\u00f3n tropical.<\/p>\n\n\n\n<figure class=\"wp-block-embed is-type-rich is-provider-twitter wp-block-embed-twitter\"><div class=\"wp-block-embed__wrapper\">\n<blockquote class=\"twitter-tweet\" data-width=\"550\" data-dnt=\"true\"><p lang=\"es\" dir=\"ltr\"><a href=\"https:\/\/twitter.com\/hashtag\/Blas?src=hash&amp;ref_src=twsrc%5Etfw\">#Blas<\/a> ahora como <a href=\"https:\/\/twitter.com\/hashtag\/Hurac%C3%A1n?src=hash&amp;ref_src=twsrc%5Etfw\">#Hurac\u00e1n<\/a> categor\u00eda 1 en la escala de <a href=\"https:\/\/twitter.com\/hashtag\/SaffirSimpson?src=hash&amp;ref_src=twsrc%5Etfw\">#SaffirSimpson<\/a>. El sistema genera <a href=\"https:\/\/twitter.com\/hashtag\/Lluvias?src=hash&amp;ref_src=twsrc%5Etfw\">#Lluvias<\/a> puntuales torrenciales en <a href=\"https:\/\/twitter.com\/hashtag\/Guerrero?src=hash&amp;ref_src=twsrc%5Etfw\">#Guerrero<\/a>. Informaci\u00f3n puntual \u2b07\ufe0f <a href=\"https:\/\/t.co\/QhCxn3GTx6\">pic.twitter.com\/QhCxn3GTx6<\/a><\/p>&mdash; CONAGUA Clima (@conagua_clima) <a href=\"https:\/\/twitter.com\/conagua_clima\/status\/1537095573907595266?ref_src=twsrc%5Etfw\">June 15, 2022<\/a><\/blockquote><script async src=\"https:\/\/platform.twitter.com\/widgets.js\" charset=\"utf-8\"><\/script>\n<\/div><\/figure>\n","protected":false},"excerpt":{"rendered":"<p>El ahora hurac\u00e1n Blas se localiza a 345 kil\u00f3metros al sur de L\u00e1zaro C\u00e1rdenas, Michoac\u00e1n, y a 485 kil\u00f3metros al sur-sureste de Manzanillo, Colima. Ciudad de M\u00e9xico.- Blas se intensific\u00f3 a hurac\u00e1n categor\u00eda 1 mientras sigue su trayectoria paralela a las costas mexicanas, sin embargo, sus bandas nubosas generar\u00e1n lluvias intensas en Guerrero as\u00ed como [&hellip;]<\/p>\n","protected":false},"author":7,"featured_media":34474,"comment_status":"open","ping_status":"open","sticky":false,"template":"","format":"standard","meta":{"tdm_status":"","tdm_grid_status":"","footnotes":""},"categories":[39],"tags":[1081,1145,969,1836],"class_list":{"0":"post-34473","1":"post","2":"type-post","3":"status-publish","4":"format-standard","5":"has-post-thumbnail","7":"category-noticias-nacionales","8":"tag-colima","9":"tag-conagua","10":"tag-lluvias","11":"tag-temporada-de-huracanes"},"yoast_head":"<!-- This site is optimized with the Yoast SEO plugin v27.5 - https:\/\/yoast.com\/product\/yoast-seo-wordpress\/ -->\n<title>&quot;Blas&quot; se convierte en hurac\u00e1n categor\u00eda 1; est\u00e1 frente a las costas de Colima - Fuentes Fidedignas<\/title>\n<meta name=\"robots\" content=\"index, follow, max-snippet:-1, max-image-preview:large, max-video-preview:-1\" \/>\n<link rel=\"canonical\" href=\"https:\/\/fuentesfidedignas.com.mx\/index.php\/2022\/06\/15\/blas-se-convierte-en-huracan-categoria-1-esta-frente-a-las-costas-de-colima\/\" \/>\n<meta property=\"og:locale\" content=\"es_MX\" \/>\n<meta property=\"og:type\" content=\"article\" \/>\n<meta property=\"og:title\" content=\"&quot;Blas&quot; se convierte en hurac\u00e1n categor\u00eda 1; est\u00e1 frente a las costas de Colima - Fuentes Fidedignas\" \/>\n<meta property=\"og:description\" content=\"El ahora hurac\u00e1n Blas se localiza a 345 kil\u00f3metros al sur de L\u00e1zaro C\u00e1rdenas, Michoac\u00e1n, y a 485 kil\u00f3metros al sur-sureste de Manzanillo, Colima. Ciudad de M\u00e9xico.- Blas se intensific\u00f3 a hurac\u00e1n categor\u00eda 1 mientras sigue su trayectoria paralela a las costas mexicanas, sin embargo, sus bandas nubosas generar\u00e1n lluvias intensas en Guerrero as\u00ed como [&hellip;]\" \/>\n<meta property=\"og:url\" content=\"https:\/\/fuentesfidedignas.com.mx\/index.php\/2022\/06\/15\/blas-se-convierte-en-huracan-categoria-1-esta-frente-a-las-costas-de-colima\/\" \/>\n<meta property=\"og:site_name\" content=\"Fuentes Fidedignas\" \/>\n<meta property=\"article:publisher\" content=\"https:\/\/www.facebook.com\/Fuentes-Fidedignas-368234489921644\" \/>\n<meta property=\"article:published_time\" content=\"2022-06-15T18:28:16+00:00\" \/>\n<meta property=\"article:modified_time\" content=\"2022-06-15T18:28:18+00:00\" \/>\n<meta property=\"og:image\" content=\"https:\/\/fuentesfidedignas.com.mx\/wp-content\/uploads\/2022\/06\/BLAS_HURACAN.jpg\" \/>\n\t<meta property=\"og:image:width\" content=\"800\" \/>\n\t<meta property=\"og:image:height\" content=\"600\" \/>\n\t<meta property=\"og:image:type\" content=\"image\/jpeg\" \/>\n<meta name=\"author\" content=\"Exc\u00e9lsior\" \/>\n<meta name=\"twitter:card\" content=\"summary_large_image\" \/>\n<meta name=\"twitter:creator\" content=\"@fidedignas\" \/>\n<meta name=\"twitter:site\" content=\"@fidedignas\" \/>\n<meta name=\"twitter:label1\" content=\"Escrito por\" \/>\n\t<meta name=\"twitter:data1\" content=\"Exc\u00e9lsior\" \/>\n\t<meta name=\"twitter:label2\" content=\"Tiempo de lectura\" \/>\n\t<meta name=\"twitter:data2\" content=\"1 minuto\" \/>\n<script type=\"application\/ld+json\" class=\"yoast-schema-graph\">{\"@context\":\"https:\\\/\\\/schema.org\",\"@graph\":[{\"@type\":\"Article\",\"@id\":\"https:\\\/\\\/fuentesfidedignas.com.mx\\\/index.php\\\/2022\\\/06\\\/15\\\/blas-se-convierte-en-huracan-categoria-1-esta-frente-a-las-costas-de-colima\\\/#article\",\"isPartOf\":{\"@id\":\"https:\\\/\\\/fuentesfidedignas.com.mx\\\/index.php\\\/2022\\\/06\\\/15\\\/blas-se-convierte-en-huracan-categoria-1-esta-frente-a-las-costas-de-colima\\\/\"},\"author\":{\"name\":\"Exc\u00e9lsior\",\"@id\":\"https:\\\/\\\/fuentesfidedignas.com.mx\\\/#\\\/schema\\\/person\\\/ec4edd1fbf5efa3e44fce34fe2787780\"},\"headline\":\"&#8220;Blas&#8221; se convierte en hurac\u00e1n categor\u00eda 1; est\u00e1 frente a las costas de Colima\",\"datePublished\":\"2022-06-15T18:28:16+00:00\",\"dateModified\":\"2022-06-15T18:28:18+00:00\",\"mainEntityOfPage\":{\"@id\":\"https:\\\/\\\/fuentesfidedignas.com.mx\\\/index.php\\\/2022\\\/06\\\/15\\\/blas-se-convierte-en-huracan-categoria-1-esta-frente-a-las-costas-de-colima\\\/\"},\"wordCount\":277,\"commentCount\":0,\"publisher\":{\"@id\":\"https:\\\/\\\/fuentesfidedignas.com.mx\\\/#organization\"},\"image\":{\"@id\":\"https:\\\/\\\/fuentesfidedignas.com.mx\\\/index.php\\\/2022\\\/06\\\/15\\\/blas-se-convierte-en-huracan-categoria-1-esta-frente-a-las-costas-de-colima\\\/#primaryimage\"},\"thumbnailUrl\":\"https:\\\/\\\/fuentesfidedignas.com.mx\\\/wp-content\\\/uploads\\\/2022\\\/06\\\/BLAS_HURACAN.jpg\",\"keywords\":[\"Colima\",\"Conagua\",\"lluvias\",\"Temporada de huracanes\"],\"articleSection\":[\"NOTICIAS NACIONALES\"],\"inLanguage\":\"es\",\"potentialAction\":[{\"@type\":\"CommentAction\",\"name\":\"Comment\",\"target\":[\"https:\\\/\\\/fuentesfidedignas.com.mx\\\/index.php\\\/2022\\\/06\\\/15\\\/blas-se-convierte-en-huracan-categoria-1-esta-frente-a-las-costas-de-colima\\\/#respond\"]}]},{\"@type\":\"WebPage\",\"@id\":\"https:\\\/\\\/fuentesfidedignas.com.mx\\\/index.php\\\/2022\\\/06\\\/15\\\/blas-se-convierte-en-huracan-categoria-1-esta-frente-a-las-costas-de-colima\\\/\",\"url\":\"https:\\\/\\\/fuentesfidedignas.com.mx\\\/index.php\\\/2022\\\/06\\\/15\\\/blas-se-convierte-en-huracan-categoria-1-esta-frente-a-las-costas-de-colima\\\/\",\"name\":\"\\\"Blas\\\" se convierte en hurac\u00e1n categor\u00eda 1; est\u00e1 frente a las costas de Colima - Fuentes Fidedignas\",\"isPartOf\":{\"@id\":\"https:\\\/\\\/fuentesfidedignas.com.mx\\\/#website\"},\"primaryImageOfPage\":{\"@id\":\"https:\\\/\\\/fuentesfidedignas.com.mx\\\/index.php\\\/2022\\\/06\\\/15\\\/blas-se-convierte-en-huracan-categoria-1-esta-frente-a-las-costas-de-colima\\\/#primaryimage\"},\"image\":{\"@id\":\"https:\\\/\\\/fuentesfidedignas.com.mx\\\/index.php\\\/2022\\\/06\\\/15\\\/blas-se-convierte-en-huracan-categoria-1-esta-frente-a-las-costas-de-colima\\\/#primaryimage\"},\"thumbnailUrl\":\"https:\\\/\\\/fuentesfidedignas.com.mx\\\/wp-content\\\/uploads\\\/2022\\\/06\\\/BLAS_HURACAN.jpg\",\"datePublished\":\"2022-06-15T18:28:16+00:00\",\"dateModified\":\"2022-06-15T18:28:18+00:00\",\"breadcrumb\":{\"@id\":\"https:\\\/\\\/fuentesfidedignas.com.mx\\\/index.php\\\/2022\\\/06\\\/15\\\/blas-se-convierte-en-huracan-categoria-1-esta-frente-a-las-costas-de-colima\\\/#breadcrumb\"},\"inLanguage\":\"es\",\"potentialAction\":[{\"@type\":\"ReadAction\",\"target\":[\"https:\\\/\\\/fuentesfidedignas.com.mx\\\/index.php\\\/2022\\\/06\\\/15\\\/blas-se-convierte-en-huracan-categoria-1-esta-frente-a-las-costas-de-colima\\\/\"]}]},{\"@type\":\"ImageObject\",\"inLanguage\":\"es\",\"@id\":\"https:\\\/\\\/fuentesfidedignas.com.mx\\\/index.php\\\/2022\\\/06\\\/15\\\/blas-se-convierte-en-huracan-categoria-1-esta-frente-a-las-costas-de-colima\\\/#primaryimage\",\"url\":\"https:\\\/\\\/fuentesfidedignas.com.mx\\\/wp-content\\\/uploads\\\/2022\\\/06\\\/BLAS_HURACAN.jpg\",\"contentUrl\":\"https:\\\/\\\/fuentesfidedignas.com.mx\\\/wp-content\\\/uploads\\\/2022\\\/06\\\/BLAS_HURACAN.jpg\",\"width\":800,\"height\":600},{\"@type\":\"BreadcrumbList\",\"@id\":\"https:\\\/\\\/fuentesfidedignas.com.mx\\\/index.php\\\/2022\\\/06\\\/15\\\/blas-se-convierte-en-huracan-categoria-1-esta-frente-a-las-costas-de-colima\\\/#breadcrumb\",\"itemListElement\":[{\"@type\":\"ListItem\",\"position\":1,\"name\":\"Inicio\",\"item\":\"https:\\\/\\\/fuentesfidedignas.com.mx\\\/\"},{\"@type\":\"ListItem\",\"position\":2,\"name\":\"&#8220;Blas&#8221; se convierte en hurac\u00e1n categor\u00eda 1; est\u00e1 frente a las costas de Colima\"}]},{\"@type\":\"WebSite\",\"@id\":\"https:\\\/\\\/fuentesfidedignas.com.mx\\\/#website\",\"url\":\"https:\\\/\\\/fuentesfidedignas.com.mx\\\/\",\"name\":\"Fuentes Fidedignas\",\"description\":\"Otro sitio realizado con WordPress\",\"publisher\":{\"@id\":\"https:\\\/\\\/fuentesfidedignas.com.mx\\\/#organization\"},\"potentialAction\":[{\"@type\":\"SearchAction\",\"target\":{\"@type\":\"EntryPoint\",\"urlTemplate\":\"https:\\\/\\\/fuentesfidedignas.com.mx\\\/?s={search_term_string}\"},\"query-input\":{\"@type\":\"PropertyValueSpecification\",\"valueRequired\":true,\"valueName\":\"search_term_string\"}}],\"inLanguage\":\"es\"},{\"@type\":\"Organization\",\"@id\":\"https:\\\/\\\/fuentesfidedignas.com.mx\\\/#organization\",\"name\":\"Fuentes Fidedignas\",\"url\":\"https:\\\/\\\/fuentesfidedignas.com.mx\\\/\",\"logo\":{\"@type\":\"ImageObject\",\"inLanguage\":\"es\",\"@id\":\"https:\\\/\\\/fuentesfidedignas.com.mx\\\/#\\\/schema\\\/logo\\\/image\\\/\",\"url\":\"https:\\\/\\\/fuentesfidedignas.com.mx\\\/wp-content\\\/uploads\\\/2021\\\/04\\\/logo-retina.png\",\"contentUrl\":\"https:\\\/\\\/fuentesfidedignas.com.mx\\\/wp-content\\\/uploads\\\/2021\\\/04\\\/logo-retina.png\",\"width\":280,\"height\":51,\"caption\":\"Fuentes Fidedignas\"},\"image\":{\"@id\":\"https:\\\/\\\/fuentesfidedignas.com.mx\\\/#\\\/schema\\\/logo\\\/image\\\/\"},\"sameAs\":[\"https:\\\/\\\/www.facebook.com\\\/Fuentes-Fidedignas-368234489921644\",\"https:\\\/\\\/x.com\\\/fidedignas\"]},{\"@type\":\"Person\",\"@id\":\"https:\\\/\\\/fuentesfidedignas.com.mx\\\/#\\\/schema\\\/person\\\/ec4edd1fbf5efa3e44fce34fe2787780\",\"name\":\"Exc\u00e9lsior\",\"image\":{\"@type\":\"ImageObject\",\"inLanguage\":\"es\",\"@id\":\"https:\\\/\\\/secure.gravatar.com\\\/avatar\\\/4b7ee9206b48be08447852b3f0814dbc7c0f3b51541b164f1464a2725614020b?s=96&d=mm&r=g\",\"url\":\"https:\\\/\\\/secure.gravatar.com\\\/avatar\\\/4b7ee9206b48be08447852b3f0814dbc7c0f3b51541b164f1464a2725614020b?s=96&d=mm&r=g\",\"contentUrl\":\"https:\\\/\\\/secure.gravatar.com\\\/avatar\\\/4b7ee9206b48be08447852b3f0814dbc7c0f3b51541b164f1464a2725614020b?s=96&d=mm&r=g\",\"caption\":\"Exc\u00e9lsior\"},\"url\":\"https:\\\/\\\/fuentesfidedignas.com.mx\\\/index.php\\\/author\\\/excelsior\\\/\"}]}<\/script>\n<!-- \/ Yoast SEO plugin. -->","yoast_head_json":{"title":"\"Blas\" se convierte en hurac\u00e1n categor\u00eda 1; est\u00e1 frente a las costas de Colima - Fuentes Fidedignas","robots":{"index":"index","follow":"follow","max-snippet":"max-snippet:-1","max-image-preview":"max-image-preview:large","max-video-preview":"max-video-preview:-1"},"canonical":"https:\/\/fuentesfidedignas.com.mx\/index.php\/2022\/06\/15\/blas-se-convierte-en-huracan-categoria-1-esta-frente-a-las-costas-de-colima\/","og_locale":"es_MX","og_type":"article","og_title":"\"Blas\" se convierte en hurac\u00e1n categor\u00eda 1; est\u00e1 frente a las costas de Colima - Fuentes Fidedignas","og_description":"El ahora hurac\u00e1n Blas se localiza a 345 kil\u00f3metros al sur de L\u00e1zaro C\u00e1rdenas, Michoac\u00e1n, y a 485 kil\u00f3metros al sur-sureste de Manzanillo, Colima. Ciudad de M\u00e9xico.- Blas se intensific\u00f3 a hurac\u00e1n categor\u00eda 1 mientras sigue su trayectoria paralela a las costas mexicanas, sin embargo, sus bandas nubosas generar\u00e1n lluvias intensas en Guerrero as\u00ed como [&hellip;]","og_url":"https:\/\/fuentesfidedignas.com.mx\/index.php\/2022\/06\/15\/blas-se-convierte-en-huracan-categoria-1-esta-frente-a-las-costas-de-colima\/","og_site_name":"Fuentes Fidedignas","article_publisher":"https:\/\/www.facebook.com\/Fuentes-Fidedignas-368234489921644","article_published_time":"2022-06-15T18:28:16+00:00","article_modified_time":"2022-06-15T18:28:18+00:00","og_image":[{"width":800,"height":600,"url":"https:\/\/fuentesfidedignas.com.mx\/wp-content\/uploads\/2022\/06\/BLAS_HURACAN.jpg","type":"image\/jpeg"}],"author":"Exc\u00e9lsior","twitter_card":"summary_large_image","twitter_creator":"@fidedignas","twitter_site":"@fidedignas","twitter_misc":{"Escrito por":"Exc\u00e9lsior","Tiempo de lectura":"1 minuto"},"schema":{"@context":"https:\/\/schema.org","@graph":[{"@type":"Article","@id":"https:\/\/fuentesfidedignas.com.mx\/index.php\/2022\/06\/15\/blas-se-convierte-en-huracan-categoria-1-esta-frente-a-las-costas-de-colima\/#article","isPartOf":{"@id":"https:\/\/fuentesfidedignas.com.mx\/index.php\/2022\/06\/15\/blas-se-convierte-en-huracan-categoria-1-esta-frente-a-las-costas-de-colima\/"},"author":{"name":"Exc\u00e9lsior","@id":"https:\/\/fuentesfidedignas.com.mx\/#\/schema\/person\/ec4edd1fbf5efa3e44fce34fe2787780"},"headline":"&#8220;Blas&#8221; se convierte en hurac\u00e1n categor\u00eda 1; est\u00e1 frente a las costas de Colima","datePublished":"2022-06-15T18:28:16+00:00","dateModified":"2022-06-15T18:28:18+00:00","mainEntityOfPage":{"@id":"https:\/\/fuentesfidedignas.com.mx\/index.php\/2022\/06\/15\/blas-se-convierte-en-huracan-categoria-1-esta-frente-a-las-costas-de-colima\/"},"wordCount":277,"commentCount":0,"publisher":{"@id":"https:\/\/fuentesfidedignas.com.mx\/#organization"},"image":{"@id":"https:\/\/fuentesfidedignas.com.mx\/index.php\/2022\/06\/15\/blas-se-convierte-en-huracan-categoria-1-esta-frente-a-las-costas-de-colima\/#primaryimage"},"thumbnailUrl":"https:\/\/fuentesfidedignas.com.mx\/wp-content\/uploads\/2022\/06\/BLAS_HURACAN.jpg","keywords":["Colima","Conagua","lluvias","Temporada de huracanes"],"articleSection":["NOTICIAS NACIONALES"],"inLanguage":"es","potentialAction":[{"@type":"CommentAction","name":"Comment","target":["https:\/\/fuentesfidedignas.com.mx\/index.php\/2022\/06\/15\/blas-se-convierte-en-huracan-categoria-1-esta-frente-a-las-costas-de-colima\/#respond"]}]},{"@type":"WebPage","@id":"https:\/\/fuentesfidedignas.com.mx\/index.php\/2022\/06\/15\/blas-se-convierte-en-huracan-categoria-1-esta-frente-a-las-costas-de-colima\/","url":"https:\/\/fuentesfidedignas.com.mx\/index.php\/2022\/06\/15\/blas-se-convierte-en-huracan-categoria-1-esta-frente-a-las-costas-de-colima\/","name":"\"Blas\" se convierte en hurac\u00e1n categor\u00eda 1; est\u00e1 frente a las costas de Colima - Fuentes Fidedignas","isPartOf":{"@id":"https:\/\/fuentesfidedignas.com.mx\/#website"},"primaryImageOfPage":{"@id":"https:\/\/fuentesfidedignas.com.mx\/index.php\/2022\/06\/15\/blas-se-convierte-en-huracan-categoria-1-esta-frente-a-las-costas-de-colima\/#primaryimage"},"image":{"@id":"https:\/\/fuentesfidedignas.com.mx\/index.php\/2022\/06\/15\/blas-se-convierte-en-huracan-categoria-1-esta-frente-a-las-costas-de-colima\/#primaryimage"},"thumbnailUrl":"https:\/\/fuentesfidedignas.com.mx\/wp-content\/uploads\/2022\/06\/BLAS_HURACAN.jpg","datePublished":"2022-06-15T18:28:16+00:00","dateModified":"2022-06-15T18:28:18+00:00","breadcrumb":{"@id":"https:\/\/fuentesfidedignas.com.mx\/index.php\/2022\/06\/15\/blas-se-convierte-en-huracan-categoria-1-esta-frente-a-las-costas-de-colima\/#breadcrumb"},"inLanguage":"es","potentialAction":[{"@type":"ReadAction","target":["https:\/\/fuentesfidedignas.com.mx\/index.php\/2022\/06\/15\/blas-se-convierte-en-huracan-categoria-1-esta-frente-a-las-costas-de-colima\/"]}]},{"@type":"ImageObject","inLanguage":"es","@id":"https:\/\/fuentesfidedignas.com.mx\/index.php\/2022\/06\/15\/blas-se-convierte-en-huracan-categoria-1-esta-frente-a-las-costas-de-colima\/#primaryimage","url":"https:\/\/fuentesfidedignas.com.mx\/wp-content\/uploads\/2022\/06\/BLAS_HURACAN.jpg","contentUrl":"https:\/\/fuentesfidedignas.com.mx\/wp-content\/uploads\/2022\/06\/BLAS_HURACAN.jpg","width":800,"height":600},{"@type":"BreadcrumbList","@id":"https:\/\/fuentesfidedignas.com.mx\/index.php\/2022\/06\/15\/blas-se-convierte-en-huracan-categoria-1-esta-frente-a-las-costas-de-colima\/#breadcrumb","itemListElement":[{"@type":"ListItem","position":1,"name":"Inicio","item":"https:\/\/fuentesfidedignas.com.mx\/"},{"@type":"ListItem","position":2,"name":"&#8220;Blas&#8221; se convierte en hurac\u00e1n categor\u00eda 1; est\u00e1 frente a las costas de Colima"}]},{"@type":"WebSite","@id":"https:\/\/fuentesfidedignas.com.mx\/#website","url":"https:\/\/fuentesfidedignas.com.mx\/","name":"Fuentes Fidedignas","description":"Otro sitio realizado con WordPress","publisher":{"@id":"https:\/\/fuentesfidedignas.com.mx\/#organization"},"potentialAction":[{"@type":"SearchAction","target":{"@type":"EntryPoint","urlTemplate":"https:\/\/fuentesfidedignas.com.mx\/?s={search_term_string}"},"query-input":{"@type":"PropertyValueSpecification","valueRequired":true,"valueName":"search_term_string"}}],"inLanguage":"es"},{"@type":"Organization","@id":"https:\/\/fuentesfidedignas.com.mx\/#organization","name":"Fuentes Fidedignas","url":"https:\/\/fuentesfidedignas.com.mx\/","logo":{"@type":"ImageObject","inLanguage":"es","@id":"https:\/\/fuentesfidedignas.com.mx\/#\/schema\/logo\/image\/","url":"https:\/\/fuentesfidedignas.com.mx\/wp-content\/uploads\/2021\/04\/logo-retina.png","contentUrl":"https:\/\/fuentesfidedignas.com.mx\/wp-content\/uploads\/2021\/04\/logo-retina.png","width":280,"height":51,"caption":"Fuentes Fidedignas"},"image":{"@id":"https:\/\/fuentesfidedignas.com.mx\/#\/schema\/logo\/image\/"},"sameAs":["https:\/\/www.facebook.com\/Fuentes-Fidedignas-368234489921644","https:\/\/x.com\/fidedignas"]},{"@type":"Person","@id":"https:\/\/fuentesfidedignas.com.mx\/#\/schema\/person\/ec4edd1fbf5efa3e44fce34fe2787780","name":"Exc\u00e9lsior","image":{"@type":"ImageObject","inLanguage":"es","@id":"https:\/\/secure.gravatar.com\/avatar\/4b7ee9206b48be08447852b3f0814dbc7c0f3b51541b164f1464a2725614020b?s=96&d=mm&r=g","url":"https:\/\/secure.gravatar.com\/avatar\/4b7ee9206b48be08447852b3f0814dbc7c0f3b51541b164f1464a2725614020b?s=96&d=mm&r=g","contentUrl":"https:\/\/secure.gravatar.com\/avatar\/4b7ee9206b48be08447852b3f0814dbc7c0f3b51541b164f1464a2725614020b?s=96&d=mm&r=g","caption":"Exc\u00e9lsior"},"url":"https:\/\/fuentesfidedignas.com.mx\/index.php\/author\/excelsior\/"}]}},"_links":{"self":[{"href":"https:\/\/fuentesfidedignas.com.mx\/index.php\/wp-json\/wp\/v2\/posts\/34473","targetHints":{"allow":["GET"]}}],"collection":[{"href":"https:\/\/fuentesfidedignas.com.mx\/index.php\/wp-json\/wp\/v2\/posts"}],"about":[{"href":"https:\/\/fuentesfidedignas.com.mx\/index.php\/wp-json\/wp\/v2\/types\/post"}],"author":[{"embeddable":true,"href":"https:\/\/fuentesfidedignas.com.mx\/index.php\/wp-json\/wp\/v2\/users\/7"}],"replies":[{"embeddable":true,"href":"https:\/\/fuentesfidedignas.com.mx\/index.php\/wp-json\/wp\/v2\/comments?post=34473"}],"version-history":[{"count":1,"href":"https:\/\/fuentesfidedignas.com.mx\/index.php\/wp-json\/wp\/v2\/posts\/34473\/revisions"}],"predecessor-version":[{"id":34475,"href":"https:\/\/fuentesfidedignas.com.mx\/index.php\/wp-json\/wp\/v2\/posts\/34473\/revisions\/34475"}],"wp:featuredmedia":[{"embeddable":true,"href":"https:\/\/fuentesfidedignas.com.mx\/index.php\/wp-json\/wp\/v2\/media\/34474"}],"wp:attachment":[{"href":"https:\/\/fuentesfidedignas.com.mx\/index.php\/wp-json\/wp\/v2\/media?parent=34473"}],"wp:term":[{"taxonomy":"category","embeddable":true,"href":"https:\/\/fuentesfidedignas.com.mx\/index.php\/wp-json\/wp\/v2\/categories?post=34473"},{"taxonomy":"post_tag","embeddable":true,"href":"https:\/\/fuentesfidedignas.com.mx\/index.php\/wp-json\/wp\/v2\/tags?post=34473"}],"curies":[{"name":"wp","href":"https:\/\/api.w.org\/{rel}","templated":true}]}}