{"id":34456,"date":"2022-06-15T11:22:30","date_gmt":"2022-06-15T17:22:30","guid":{"rendered":"https:\/\/fuentesfidedignas.com.mx\/?p=34456"},"modified":"2022-06-15T14:42:59","modified_gmt":"2022-06-15T20:42:59","slug":"no-voy-sola-nueva-campana-de-autoproteccion-para-mujeres","status":"publish","type":"post","link":"https:\/\/fuentesfidedignas.com.mx\/index.php\/2022\/06\/15\/no-voy-sola-nueva-campana-de-autoproteccion-para-mujeres\/","title":{"rendered":"&#8220;No voy sola&#8221;, nueva campa\u00f1a de autoprotecci\u00f3n para mujeres de Culiac\u00e1n"},"content":{"rendered":"\n<p><strong><em>Consiste en poner en su celular la ubicaci\u00f3n en tiempo real a un familiar justo antes de abordar un transporte p\u00fablico o un carro particular y no conocen al conductor<\/em><\/strong><\/p>\n\n\n\n<p>Culiac\u00e1n, Sin.- El alcalde de Culiac\u00e1n, <strong>Juan de Dios G\u00e1mez Mend\u00edvil<\/strong>, puso en marcha las jornadas de la campa\u00f1a <strong>&#8220;No voy sola&#8221;<\/strong>, cuyo objetivo persigue generar conciencia entre la poblaci\u00f3n femenil del municipio para autoprotegerse cuando salen a divertirse y regresan a casa.<\/p>\n\n\n\n<p>&#8220;No voy sola&#8221; <strong>consiste en poner en su celular la ubicaci\u00f3n en tiempo real a un familiar justo antes de abordar un transporte p\u00fablico o un carro particular y no conocen al conductor<\/strong>.<\/p>\n\n\n\n<p>Esta acci\u00f3n preventiva puede resultar fundamental para sobrevivir o sufrir una tragedia, por lo que es necesario entender lo importante de estar alerta en todo momento y m\u00e1s cuando las mujeres salen de fiesta y a divertirse.<\/p>\n\n\n\n<figure class=\"wp-block-image size-large\"><img decoding=\"async\" width=\"1081\" height=\"720\" src=\"https:\/\/fuentesfidedignas.com.mx\/wp-content\/uploads\/2022\/06\/FB_IMG_1655325717595.jpg\" alt=\"\" class=\"wp-image-34494\" srcset=\"https:\/\/fuentesfidedignas.com.mx\/wp-content\/uploads\/2022\/06\/FB_IMG_1655325717595.jpg 1081w, https:\/\/fuentesfidedignas.com.mx\/wp-content\/uploads\/2022\/06\/FB_IMG_1655325717595-300x200.jpg 300w, https:\/\/fuentesfidedignas.com.mx\/wp-content\/uploads\/2022\/06\/FB_IMG_1655325717595-1024x682.jpg 1024w, https:\/\/fuentesfidedignas.com.mx\/wp-content\/uploads\/2022\/06\/FB_IMG_1655325717595-768x512.jpg 768w\" sizes=\"(max-width: 1081px) 100vw, 1081px\" \/><\/figure>\n\n\n\n<p>La campa\u00f1a que comenzar\u00e1 este d\u00eda en diversos cruceros viales de la ciudad, consiste en repartir un peque\u00f1o folleto informativo mediante el cual se ofrece la informaci\u00f3n se\u00f1alada anteriormente para tener un regreso seguro a casa.<\/p>\n\n\n\n<p>El material informativo se repartir\u00e1 dos d\u00edas a la semana en las principales calles de la capital sinaloense, por parte de empleados del <strong>Consejo Municipal para Prevenir y Atender la Violencia Familiar<\/strong> (COMPAVIF).<\/p>\n\n\n\n<p>Por otra parte, la titular de ese organismo munipal, <strong>Yuridia Lovel\u00ed Rom\u00e1n Gonz\u00e1lez<\/strong>, dio a conocer que la campa\u00f1a &#8220;No voy sola&#8221; es la segunda etapa de un proyecto de seguridad para las mujeres que arranc\u00f3 el pasado 8 de marzo de 2021 cuando su puso en funcionamiento la aplicaci\u00f3n telef\u00f3nica gratuita &#8220;<strong>Lib\u00e9rate<\/strong>&#8220;.<\/p>\n\n\n\n<p>Dicha herramienta -que defini\u00f3 como acci\u00f3n afirmativa- se puede descargar desde cualquier celular<strong> IOS<\/strong> o <strong>Android<\/strong> y su objetivo es que se use cuando se est\u00e9 en riesgo de sufrir alguna agresi\u00f3n o amenaza se use y esa alerta llegue inmediatamente a las fuerzas del orden que dar\u00e1n la primera respuesta.<\/p>\n\n\n\n<p>La Doctora Rom\u00e1n Gonz\u00e1lez inform\u00f3 que hasta esta fecha, m\u00e1s de cinco mil mujeres ya la han descargado.<\/p>\n","protected":false},"excerpt":{"rendered":"<p>Consiste en poner en su celular la ubicaci\u00f3n en tiempo real a un familiar justo antes de abordar un transporte p\u00fablico o un carro particular y no conocen al conductor Culiac\u00e1n, Sin.- El alcalde de Culiac\u00e1n, Juan de Dios G\u00e1mez Mend\u00edvil, puso en marcha las jornadas de la campa\u00f1a &#8220;No voy sola&#8221;, cuyo objetivo persigue [&hellip;]<\/p>\n","protected":false},"author":95,"featured_media":34459,"comment_status":"open","ping_status":"open","sticky":false,"template":"","format":"standard","meta":{"tdm_status":"","tdm_grid_status":"","footnotes":""},"categories":[37],"tags":[],"class_list":{"0":"post-34456","1":"post","2":"type-post","3":"status-publish","4":"format-standard","5":"has-post-thumbnail","7":"category-nota-principal"},"yoast_head":"<!-- This site is optimized with the Yoast SEO plugin v27.5 - https:\/\/yoast.com\/product\/yoast-seo-wordpress\/ -->\n<title>&quot;No voy sola&quot;, nueva campa\u00f1a de autoprotecci\u00f3n para mujeres de Culiac\u00e1n - Fuentes Fidedignas<\/title>\n<meta name=\"robots\" content=\"index, follow, max-snippet:-1, max-image-preview:large, max-video-preview:-1\" \/>\n<link rel=\"canonical\" href=\"https:\/\/fuentesfidedignas.com.mx\/index.php\/2022\/06\/15\/no-voy-sola-nueva-campana-de-autoproteccion-para-mujeres\/\" \/>\n<meta property=\"og:locale\" content=\"es_MX\" \/>\n<meta property=\"og:type\" content=\"article\" \/>\n<meta property=\"og:title\" content=\"&quot;No voy sola&quot;, nueva campa\u00f1a de autoprotecci\u00f3n para mujeres de Culiac\u00e1n - Fuentes Fidedignas\" \/>\n<meta property=\"og:description\" content=\"Consiste en poner en su celular la ubicaci\u00f3n en tiempo real a un familiar justo antes de abordar un transporte p\u00fablico o un carro particular y no conocen al conductor Culiac\u00e1n, Sin.- El alcalde de Culiac\u00e1n, Juan de Dios G\u00e1mez Mend\u00edvil, puso en marcha las jornadas de la campa\u00f1a &#8220;No voy sola&#8221;, cuyo objetivo persigue [&hellip;]\" \/>\n<meta property=\"og:url\" content=\"https:\/\/fuentesfidedignas.com.mx\/index.php\/2022\/06\/15\/no-voy-sola-nueva-campana-de-autoproteccion-para-mujeres\/\" \/>\n<meta property=\"og:site_name\" content=\"Fuentes Fidedignas\" \/>\n<meta property=\"article:publisher\" content=\"https:\/\/www.facebook.com\/Fuentes-Fidedignas-368234489921644\" \/>\n<meta property=\"article:published_time\" content=\"2022-06-15T17:22:30+00:00\" \/>\n<meta property=\"article:modified_time\" content=\"2022-06-15T20:42:59+00:00\" \/>\n<meta property=\"og:image\" content=\"https:\/\/fuentesfidedignas.com.mx\/wp-content\/uploads\/2022\/06\/Reuters-mujeres-transporte.jpg\" \/>\n\t<meta property=\"og:image:width\" content=\"1240\" \/>\n\t<meta property=\"og:image:height\" content=\"904\" \/>\n\t<meta property=\"og:image:type\" content=\"image\/jpeg\" \/>\n<meta name=\"author\" content=\"Walter Ram\u00edrez\" \/>\n<meta name=\"twitter:card\" content=\"summary_large_image\" \/>\n<meta name=\"twitter:creator\" content=\"@fidedignas\" \/>\n<meta name=\"twitter:site\" content=\"@fidedignas\" \/>\n<meta name=\"twitter:label1\" content=\"Escrito por\" \/>\n\t<meta name=\"twitter:data1\" content=\"Walter Ram\u00edrez\" \/>\n\t<meta name=\"twitter:label2\" content=\"Tiempo de lectura\" \/>\n\t<meta name=\"twitter:data2\" content=\"2 minutos\" \/>\n<script type=\"application\/ld+json\" class=\"yoast-schema-graph\">{\"@context\":\"https:\\\/\\\/schema.org\",\"@graph\":[{\"@type\":\"Article\",\"@id\":\"https:\\\/\\\/fuentesfidedignas.com.mx\\\/index.php\\\/2022\\\/06\\\/15\\\/no-voy-sola-nueva-campana-de-autoproteccion-para-mujeres\\\/#article\",\"isPartOf\":{\"@id\":\"https:\\\/\\\/fuentesfidedignas.com.mx\\\/index.php\\\/2022\\\/06\\\/15\\\/no-voy-sola-nueva-campana-de-autoproteccion-para-mujeres\\\/\"},\"author\":{\"name\":\"Walter Ram\u00edrez\",\"@id\":\"https:\\\/\\\/fuentesfidedignas.com.mx\\\/#\\\/schema\\\/person\\\/78b8350fa873c7b54284c1fdac9afb5f\"},\"headline\":\"&#8220;No voy sola&#8221;, nueva campa\u00f1a de autoprotecci\u00f3n para mujeres de Culiac\u00e1n\",\"datePublished\":\"2022-06-15T17:22:30+00:00\",\"dateModified\":\"2022-06-15T20:42:59+00:00\",\"mainEntityOfPage\":{\"@id\":\"https:\\\/\\\/fuentesfidedignas.com.mx\\\/index.php\\\/2022\\\/06\\\/15\\\/no-voy-sola-nueva-campana-de-autoproteccion-para-mujeres\\\/\"},\"wordCount\":377,\"commentCount\":0,\"publisher\":{\"@id\":\"https:\\\/\\\/fuentesfidedignas.com.mx\\\/#organization\"},\"image\":{\"@id\":\"https:\\\/\\\/fuentesfidedignas.com.mx\\\/index.php\\\/2022\\\/06\\\/15\\\/no-voy-sola-nueva-campana-de-autoproteccion-para-mujeres\\\/#primaryimage\"},\"thumbnailUrl\":\"https:\\\/\\\/fuentesfidedignas.com.mx\\\/wp-content\\\/uploads\\\/2022\\\/06\\\/Reuters-mujeres-transporte.jpg\",\"articleSection\":[\"NOTA PRINCIPAL\"],\"inLanguage\":\"es\",\"potentialAction\":[{\"@type\":\"CommentAction\",\"name\":\"Comment\",\"target\":[\"https:\\\/\\\/fuentesfidedignas.com.mx\\\/index.php\\\/2022\\\/06\\\/15\\\/no-voy-sola-nueva-campana-de-autoproteccion-para-mujeres\\\/#respond\"]}]},{\"@type\":\"WebPage\",\"@id\":\"https:\\\/\\\/fuentesfidedignas.com.mx\\\/index.php\\\/2022\\\/06\\\/15\\\/no-voy-sola-nueva-campana-de-autoproteccion-para-mujeres\\\/\",\"url\":\"https:\\\/\\\/fuentesfidedignas.com.mx\\\/index.php\\\/2022\\\/06\\\/15\\\/no-voy-sola-nueva-campana-de-autoproteccion-para-mujeres\\\/\",\"name\":\"\\\"No voy sola\\\", nueva campa\u00f1a de autoprotecci\u00f3n para mujeres de Culiac\u00e1n - Fuentes Fidedignas\",\"isPartOf\":{\"@id\":\"https:\\\/\\\/fuentesfidedignas.com.mx\\\/#website\"},\"primaryImageOfPage\":{\"@id\":\"https:\\\/\\\/fuentesfidedignas.com.mx\\\/index.php\\\/2022\\\/06\\\/15\\\/no-voy-sola-nueva-campana-de-autoproteccion-para-mujeres\\\/#primaryimage\"},\"image\":{\"@id\":\"https:\\\/\\\/fuentesfidedignas.com.mx\\\/index.php\\\/2022\\\/06\\\/15\\\/no-voy-sola-nueva-campana-de-autoproteccion-para-mujeres\\\/#primaryimage\"},\"thumbnailUrl\":\"https:\\\/\\\/fuentesfidedignas.com.mx\\\/wp-content\\\/uploads\\\/2022\\\/06\\\/Reuters-mujeres-transporte.jpg\",\"datePublished\":\"2022-06-15T17:22:30+00:00\",\"dateModified\":\"2022-06-15T20:42:59+00:00\",\"breadcrumb\":{\"@id\":\"https:\\\/\\\/fuentesfidedignas.com.mx\\\/index.php\\\/2022\\\/06\\\/15\\\/no-voy-sola-nueva-campana-de-autoproteccion-para-mujeres\\\/#breadcrumb\"},\"inLanguage\":\"es\",\"potentialAction\":[{\"@type\":\"ReadAction\",\"target\":[\"https:\\\/\\\/fuentesfidedignas.com.mx\\\/index.php\\\/2022\\\/06\\\/15\\\/no-voy-sola-nueva-campana-de-autoproteccion-para-mujeres\\\/\"]}]},{\"@type\":\"ImageObject\",\"inLanguage\":\"es\",\"@id\":\"https:\\\/\\\/fuentesfidedignas.com.mx\\\/index.php\\\/2022\\\/06\\\/15\\\/no-voy-sola-nueva-campana-de-autoproteccion-para-mujeres\\\/#primaryimage\",\"url\":\"https:\\\/\\\/fuentesfidedignas.com.mx\\\/wp-content\\\/uploads\\\/2022\\\/06\\\/Reuters-mujeres-transporte.jpg\",\"contentUrl\":\"https:\\\/\\\/fuentesfidedignas.com.mx\\\/wp-content\\\/uploads\\\/2022\\\/06\\\/Reuters-mujeres-transporte.jpg\",\"width\":1240,\"height\":904},{\"@type\":\"BreadcrumbList\",\"@id\":\"https:\\\/\\\/fuentesfidedignas.com.mx\\\/index.php\\\/2022\\\/06\\\/15\\\/no-voy-sola-nueva-campana-de-autoproteccion-para-mujeres\\\/#breadcrumb\",\"itemListElement\":[{\"@type\":\"ListItem\",\"position\":1,\"name\":\"Inicio\",\"item\":\"https:\\\/\\\/fuentesfidedignas.com.mx\\\/\"},{\"@type\":\"ListItem\",\"position\":2,\"name\":\"&#8220;No voy sola&#8221;, nueva campa\u00f1a de autoprotecci\u00f3n para mujeres de Culiac\u00e1n\"}]},{\"@type\":\"WebSite\",\"@id\":\"https:\\\/\\\/fuentesfidedignas.com.mx\\\/#website\",\"url\":\"https:\\\/\\\/fuentesfidedignas.com.mx\\\/\",\"name\":\"Fuentes Fidedignas\",\"description\":\"Otro sitio realizado con WordPress\",\"publisher\":{\"@id\":\"https:\\\/\\\/fuentesfidedignas.com.mx\\\/#organization\"},\"potentialAction\":[{\"@type\":\"SearchAction\",\"target\":{\"@type\":\"EntryPoint\",\"urlTemplate\":\"https:\\\/\\\/fuentesfidedignas.com.mx\\\/?s={search_term_string}\"},\"query-input\":{\"@type\":\"PropertyValueSpecification\",\"valueRequired\":true,\"valueName\":\"search_term_string\"}}],\"inLanguage\":\"es\"},{\"@type\":\"Organization\",\"@id\":\"https:\\\/\\\/fuentesfidedignas.com.mx\\\/#organization\",\"name\":\"Fuentes Fidedignas\",\"url\":\"https:\\\/\\\/fuentesfidedignas.com.mx\\\/\",\"logo\":{\"@type\":\"ImageObject\",\"inLanguage\":\"es\",\"@id\":\"https:\\\/\\\/fuentesfidedignas.com.mx\\\/#\\\/schema\\\/logo\\\/image\\\/\",\"url\":\"https:\\\/\\\/fuentesfidedignas.com.mx\\\/wp-content\\\/uploads\\\/2021\\\/04\\\/logo-retina.png\",\"contentUrl\":\"https:\\\/\\\/fuentesfidedignas.com.mx\\\/wp-content\\\/uploads\\\/2021\\\/04\\\/logo-retina.png\",\"width\":280,\"height\":51,\"caption\":\"Fuentes Fidedignas\"},\"image\":{\"@id\":\"https:\\\/\\\/fuentesfidedignas.com.mx\\\/#\\\/schema\\\/logo\\\/image\\\/\"},\"sameAs\":[\"https:\\\/\\\/www.facebook.com\\\/Fuentes-Fidedignas-368234489921644\",\"https:\\\/\\\/x.com\\\/fidedignas\"]},{\"@type\":\"Person\",\"@id\":\"https:\\\/\\\/fuentesfidedignas.com.mx\\\/#\\\/schema\\\/person\\\/78b8350fa873c7b54284c1fdac9afb5f\",\"name\":\"Walter Ram\u00edrez\",\"image\":{\"@type\":\"ImageObject\",\"inLanguage\":\"es\",\"@id\":\"https:\\\/\\\/secure.gravatar.com\\\/avatar\\\/8178c3c24c8321436ff5d36ec40282c0b116cf7eb8df013706d35d7e00e2153f?s=96&d=mm&r=g\",\"url\":\"https:\\\/\\\/secure.gravatar.com\\\/avatar\\\/8178c3c24c8321436ff5d36ec40282c0b116cf7eb8df013706d35d7e00e2153f?s=96&d=mm&r=g\",\"contentUrl\":\"https:\\\/\\\/secure.gravatar.com\\\/avatar\\\/8178c3c24c8321436ff5d36ec40282c0b116cf7eb8df013706d35d7e00e2153f?s=96&d=mm&r=g\",\"caption\":\"Walter Ram\u00edrez\"},\"url\":\"https:\\\/\\\/fuentesfidedignas.com.mx\\\/index.php\\\/author\\\/walter-ramirez\\\/\"}]}<\/script>\n<!-- \/ Yoast SEO plugin. -->","yoast_head_json":{"title":"\"No voy sola\", nueva campa\u00f1a de autoprotecci\u00f3n para mujeres de Culiac\u00e1n - Fuentes Fidedignas","robots":{"index":"index","follow":"follow","max-snippet":"max-snippet:-1","max-image-preview":"max-image-preview:large","max-video-preview":"max-video-preview:-1"},"canonical":"https:\/\/fuentesfidedignas.com.mx\/index.php\/2022\/06\/15\/no-voy-sola-nueva-campana-de-autoproteccion-para-mujeres\/","og_locale":"es_MX","og_type":"article","og_title":"\"No voy sola\", nueva campa\u00f1a de autoprotecci\u00f3n para mujeres de Culiac\u00e1n - Fuentes Fidedignas","og_description":"Consiste en poner en su celular la ubicaci\u00f3n en tiempo real a un familiar justo antes de abordar un transporte p\u00fablico o un carro particular y no conocen al conductor Culiac\u00e1n, Sin.- El alcalde de Culiac\u00e1n, Juan de Dios G\u00e1mez Mend\u00edvil, puso en marcha las jornadas de la campa\u00f1a &#8220;No voy sola&#8221;, cuyo objetivo persigue [&hellip;]","og_url":"https:\/\/fuentesfidedignas.com.mx\/index.php\/2022\/06\/15\/no-voy-sola-nueva-campana-de-autoproteccion-para-mujeres\/","og_site_name":"Fuentes Fidedignas","article_publisher":"https:\/\/www.facebook.com\/Fuentes-Fidedignas-368234489921644","article_published_time":"2022-06-15T17:22:30+00:00","article_modified_time":"2022-06-15T20:42:59+00:00","og_image":[{"width":1240,"height":904,"url":"https:\/\/fuentesfidedignas.com.mx\/wp-content\/uploads\/2022\/06\/Reuters-mujeres-transporte.jpg","type":"image\/jpeg"}],"author":"Walter Ram\u00edrez","twitter_card":"summary_large_image","twitter_creator":"@fidedignas","twitter_site":"@fidedignas","twitter_misc":{"Escrito por":"Walter Ram\u00edrez","Tiempo de lectura":"2 minutos"},"schema":{"@context":"https:\/\/schema.org","@graph":[{"@type":"Article","@id":"https:\/\/fuentesfidedignas.com.mx\/index.php\/2022\/06\/15\/no-voy-sola-nueva-campana-de-autoproteccion-para-mujeres\/#article","isPartOf":{"@id":"https:\/\/fuentesfidedignas.com.mx\/index.php\/2022\/06\/15\/no-voy-sola-nueva-campana-de-autoproteccion-para-mujeres\/"},"author":{"name":"Walter Ram\u00edrez","@id":"https:\/\/fuentesfidedignas.com.mx\/#\/schema\/person\/78b8350fa873c7b54284c1fdac9afb5f"},"headline":"&#8220;No voy sola&#8221;, nueva campa\u00f1a de autoprotecci\u00f3n para mujeres de Culiac\u00e1n","datePublished":"2022-06-15T17:22:30+00:00","dateModified":"2022-06-15T20:42:59+00:00","mainEntityOfPage":{"@id":"https:\/\/fuentesfidedignas.com.mx\/index.php\/2022\/06\/15\/no-voy-sola-nueva-campana-de-autoproteccion-para-mujeres\/"},"wordCount":377,"commentCount":0,"publisher":{"@id":"https:\/\/fuentesfidedignas.com.mx\/#organization"},"image":{"@id":"https:\/\/fuentesfidedignas.com.mx\/index.php\/2022\/06\/15\/no-voy-sola-nueva-campana-de-autoproteccion-para-mujeres\/#primaryimage"},"thumbnailUrl":"https:\/\/fuentesfidedignas.com.mx\/wp-content\/uploads\/2022\/06\/Reuters-mujeres-transporte.jpg","articleSection":["NOTA PRINCIPAL"],"inLanguage":"es","potentialAction":[{"@type":"CommentAction","name":"Comment","target":["https:\/\/fuentesfidedignas.com.mx\/index.php\/2022\/06\/15\/no-voy-sola-nueva-campana-de-autoproteccion-para-mujeres\/#respond"]}]},{"@type":"WebPage","@id":"https:\/\/fuentesfidedignas.com.mx\/index.php\/2022\/06\/15\/no-voy-sola-nueva-campana-de-autoproteccion-para-mujeres\/","url":"https:\/\/fuentesfidedignas.com.mx\/index.php\/2022\/06\/15\/no-voy-sola-nueva-campana-de-autoproteccion-para-mujeres\/","name":"\"No voy sola\", nueva campa\u00f1a de autoprotecci\u00f3n para mujeres de Culiac\u00e1n - Fuentes Fidedignas","isPartOf":{"@id":"https:\/\/fuentesfidedignas.com.mx\/#website"},"primaryImageOfPage":{"@id":"https:\/\/fuentesfidedignas.com.mx\/index.php\/2022\/06\/15\/no-voy-sola-nueva-campana-de-autoproteccion-para-mujeres\/#primaryimage"},"image":{"@id":"https:\/\/fuentesfidedignas.com.mx\/index.php\/2022\/06\/15\/no-voy-sola-nueva-campana-de-autoproteccion-para-mujeres\/#primaryimage"},"thumbnailUrl":"https:\/\/fuentesfidedignas.com.mx\/wp-content\/uploads\/2022\/06\/Reuters-mujeres-transporte.jpg","datePublished":"2022-06-15T17:22:30+00:00","dateModified":"2022-06-15T20:42:59+00:00","breadcrumb":{"@id":"https:\/\/fuentesfidedignas.com.mx\/index.php\/2022\/06\/15\/no-voy-sola-nueva-campana-de-autoproteccion-para-mujeres\/#breadcrumb"},"inLanguage":"es","potentialAction":[{"@type":"ReadAction","target":["https:\/\/fuentesfidedignas.com.mx\/index.php\/2022\/06\/15\/no-voy-sola-nueva-campana-de-autoproteccion-para-mujeres\/"]}]},{"@type":"ImageObject","inLanguage":"es","@id":"https:\/\/fuentesfidedignas.com.mx\/index.php\/2022\/06\/15\/no-voy-sola-nueva-campana-de-autoproteccion-para-mujeres\/#primaryimage","url":"https:\/\/fuentesfidedignas.com.mx\/wp-content\/uploads\/2022\/06\/Reuters-mujeres-transporte.jpg","contentUrl":"https:\/\/fuentesfidedignas.com.mx\/wp-content\/uploads\/2022\/06\/Reuters-mujeres-transporte.jpg","width":1240,"height":904},{"@type":"BreadcrumbList","@id":"https:\/\/fuentesfidedignas.com.mx\/index.php\/2022\/06\/15\/no-voy-sola-nueva-campana-de-autoproteccion-para-mujeres\/#breadcrumb","itemListElement":[{"@type":"ListItem","position":1,"name":"Inicio","item":"https:\/\/fuentesfidedignas.com.mx\/"},{"@type":"ListItem","position":2,"name":"&#8220;No voy sola&#8221;, nueva campa\u00f1a de autoprotecci\u00f3n para mujeres de Culiac\u00e1n"}]},{"@type":"WebSite","@id":"https:\/\/fuentesfidedignas.com.mx\/#website","url":"https:\/\/fuentesfidedignas.com.mx\/","name":"Fuentes Fidedignas","description":"Otro sitio realizado con WordPress","publisher":{"@id":"https:\/\/fuentesfidedignas.com.mx\/#organization"},"potentialAction":[{"@type":"SearchAction","target":{"@type":"EntryPoint","urlTemplate":"https:\/\/fuentesfidedignas.com.mx\/?s={search_term_string}"},"query-input":{"@type":"PropertyValueSpecification","valueRequired":true,"valueName":"search_term_string"}}],"inLanguage":"es"},{"@type":"Organization","@id":"https:\/\/fuentesfidedignas.com.mx\/#organization","name":"Fuentes Fidedignas","url":"https:\/\/fuentesfidedignas.com.mx\/","logo":{"@type":"ImageObject","inLanguage":"es","@id":"https:\/\/fuentesfidedignas.com.mx\/#\/schema\/logo\/image\/","url":"https:\/\/fuentesfidedignas.com.mx\/wp-content\/uploads\/2021\/04\/logo-retina.png","contentUrl":"https:\/\/fuentesfidedignas.com.mx\/wp-content\/uploads\/2021\/04\/logo-retina.png","width":280,"height":51,"caption":"Fuentes Fidedignas"},"image":{"@id":"https:\/\/fuentesfidedignas.com.mx\/#\/schema\/logo\/image\/"},"sameAs":["https:\/\/www.facebook.com\/Fuentes-Fidedignas-368234489921644","https:\/\/x.com\/fidedignas"]},{"@type":"Person","@id":"https:\/\/fuentesfidedignas.com.mx\/#\/schema\/person\/78b8350fa873c7b54284c1fdac9afb5f","name":"Walter Ram\u00edrez","image":{"@type":"ImageObject","inLanguage":"es","@id":"https:\/\/secure.gravatar.com\/avatar\/8178c3c24c8321436ff5d36ec40282c0b116cf7eb8df013706d35d7e00e2153f?s=96&d=mm&r=g","url":"https:\/\/secure.gravatar.com\/avatar\/8178c3c24c8321436ff5d36ec40282c0b116cf7eb8df013706d35d7e00e2153f?s=96&d=mm&r=g","contentUrl":"https:\/\/secure.gravatar.com\/avatar\/8178c3c24c8321436ff5d36ec40282c0b116cf7eb8df013706d35d7e00e2153f?s=96&d=mm&r=g","caption":"Walter Ram\u00edrez"},"url":"https:\/\/fuentesfidedignas.com.mx\/index.php\/author\/walter-ramirez\/"}]}},"_links":{"self":[{"href":"https:\/\/fuentesfidedignas.com.mx\/index.php\/wp-json\/wp\/v2\/posts\/34456","targetHints":{"allow":["GET"]}}],"collection":[{"href":"https:\/\/fuentesfidedignas.com.mx\/index.php\/wp-json\/wp\/v2\/posts"}],"about":[{"href":"https:\/\/fuentesfidedignas.com.mx\/index.php\/wp-json\/wp\/v2\/types\/post"}],"author":[{"embeddable":true,"href":"https:\/\/fuentesfidedignas.com.mx\/index.php\/wp-json\/wp\/v2\/users\/95"}],"replies":[{"embeddable":true,"href":"https:\/\/fuentesfidedignas.com.mx\/index.php\/wp-json\/wp\/v2\/comments?post=34456"}],"version-history":[{"count":5,"href":"https:\/\/fuentesfidedignas.com.mx\/index.php\/wp-json\/wp\/v2\/posts\/34456\/revisions"}],"predecessor-version":[{"id":34495,"href":"https:\/\/fuentesfidedignas.com.mx\/index.php\/wp-json\/wp\/v2\/posts\/34456\/revisions\/34495"}],"wp:featuredmedia":[{"embeddable":true,"href":"https:\/\/fuentesfidedignas.com.mx\/index.php\/wp-json\/wp\/v2\/media\/34459"}],"wp:attachment":[{"href":"https:\/\/fuentesfidedignas.com.mx\/index.php\/wp-json\/wp\/v2\/media?parent=34456"}],"wp:term":[{"taxonomy":"category","embeddable":true,"href":"https:\/\/fuentesfidedignas.com.mx\/index.php\/wp-json\/wp\/v2\/categories?post=34456"},{"taxonomy":"post_tag","embeddable":true,"href":"https:\/\/fuentesfidedignas.com.mx\/index.php\/wp-json\/wp\/v2\/tags?post=34456"}],"curies":[{"name":"wp","href":"https:\/\/api.w.org\/{rel}","templated":true}]}}