{"id":34404,"date":"2022-06-14T15:55:08","date_gmt":"2022-06-14T21:55:08","guid":{"rendered":"https:\/\/fuentesfidedignas.com.mx\/?p=34404"},"modified":"2022-06-14T15:55:22","modified_gmt":"2022-06-14T21:55:22","slug":"gerardo-vargas-presentara-este-viernes-el-plan-municipal-de-desarrollo-2021-2024-en-ahome","status":"publish","type":"post","link":"https:\/\/fuentesfidedignas.com.mx\/index.php\/2022\/06\/14\/gerardo-vargas-presentara-este-viernes-el-plan-municipal-de-desarrollo-2021-2024-en-ahome\/","title":{"rendered":"Gerardo Vargas presentar\u00e1 este viernes el Plan Municipal de Desarrollo 2021-2024 en Ahome"},"content":{"rendered":"\n<p><strong><em>El evento de realizar\u00e1 el pr\u00f3ximo viernes 17 en el CIE, a las 12 Hrs, en Los Mochis<\/em><\/strong><\/p>\n\n\n\n<p>Ahome, Sin.- Los trabajos de consulta y elaboraci\u00f3n del Plan Municipal de Desarrollo PMD para la Administraci\u00f3n P\u00fablica Ahome 2021-2024 que encabeza el Alcalde Gerardo Vargas Landeros ya concluyeron, y la presentaci\u00f3n y entrega oficial se realizar\u00e1 el pr\u00f3ximo viernes 17 de junio, a las 12 horas en las instalaciones del Centro de Innovaci\u00f3n y Educaci\u00f3n CIE Los Mochis.<\/p>\n\n\n\n<p>La regidora Marysol Morales Valenzuela, presidenta de la comisi\u00f3n de Hacienda del Cabildo ahomense y vocera del PMD, inform\u00f3 en kentrevista que se reunieron con el Presidente Municipal para revisar los \u00faltimos detalles de la presentaci\u00f3n del PMD a la sociedad en general, en un ievento p\u00fablico donde se contar\u00e1 con la presencia del Gobernador de Sinaloa Rub\u00e9n Rocha Moya.<\/p>\n\n\n\n<p>\u201cSer\u00e1 un evento en donde se dar\u00e1n a conocer los ejes estrat\u00e9gicos para el desarrollo de esta Administraci\u00f3n Municipal, y en donde el Alcalde Gerardo Vargas Landeros entregar\u00e1 el documento al Gobernador del Estado\u201d, explic\u00f3 la regidora.<\/p>\n\n\n\n<p>Dijo que para la integraci\u00f3n del PMD se recabaron m\u00e1s de 20 mil participaciones, lo que significa que la ciudadan\u00eda est\u00e1 atenta, propositiva y participativa.<\/p>\n\n\n\n<p>Entre los invitados a la presentaci\u00f3n del Plan, adem\u00e1s del Gobernador, est\u00e1n los regidores y funcionarios ahomenses, diputados estatales y federales, y representantes de los diversos sectores sociales: empresarios, ind\u00edgenas, j\u00f3venes, discapacitados, deportistas, artistas, promotores culturales, acad\u00e9micos, estudiantes y dem\u00e1s.<\/p>\n\n\n\n<p>Para la recepci\u00f3n de las propuestas que integran el PMD se realizaron 9 foros: Juventud, Tecnolog\u00eda, Bienestar, Infraestructura para el bienestar, Cultura, 9Educaci\u00f3n y Econom\u00eda; y tambi\u00e9n se recibieron en las Ferias del Bienestar y en las plataformas digitales como WhatsApp y correo electr\u00f3nico.<\/p>\n\n\n\n<p>\u201cInvitamos a la ciudadan\u00eda para que est\u00e9 atenta y le den seguimiento: es importante una ciudadan\u00eda participativa\u201d, expres\u00f3 Morales Valenzuela.<\/p>\n\n\n\n<p>Debido a que el auditorio del CIE resultar\u00e1 insuficiente para albergar a los invitados, se colocar\u00e1n \u00e1reas de sombras con sillas afuera del edificio, con pantallas y sonido donde se transmitir\u00e1 la ceremonia para 9quienes no puedan acceder.<\/p>\n\n\n\n<p>Marysol Morales dijo que en el PMD se reflejan las propuestas recibidas de parte de la ciudadan\u00eda, y refleja una nueva forma de hacer pol\u00edtica con la participaci\u00f3n de la gente, que es para quien trabaja el Gobierno.<\/p>\n","protected":false},"excerpt":{"rendered":"<p>El evento de realizar\u00e1 el pr\u00f3ximo viernes 17 en el CIE, a las 12 Hrs, en Los Mochis Ahome, Sin.- Los trabajos de consulta y elaboraci\u00f3n del Plan Municipal de Desarrollo PMD para la Administraci\u00f3n P\u00fablica Ahome 2021-2024 que encabeza el Alcalde Gerardo Vargas Landeros ya concluyeron, y la presentaci\u00f3n y entrega oficial se realizar\u00e1 [&hellip;]<\/p>\n","protected":false},"author":4,"featured_media":34406,"comment_status":"open","ping_status":"open","sticky":false,"template":"","format":"standard","meta":{"tdm_status":"","tdm_grid_status":"","footnotes":""},"categories":[38],"tags":[1715,1654],"class_list":{"0":"post-34404","1":"post","2":"type-post","3":"status-publish","4":"format-standard","5":"has-post-thumbnail","7":"category-noticias-locales","8":"tag-ayuntamiento-de-ahome","9":"tag-gerardo-vargas-landeros"},"yoast_head":"<!-- This site is optimized with the Yoast SEO plugin v27.5 - https:\/\/yoast.com\/product\/yoast-seo-wordpress\/ -->\n<title>Gerardo Vargas presentar\u00e1 este viernes el Plan Municipal de Desarrollo 2021-2024 en Ahome - Fuentes Fidedignas<\/title>\n<meta name=\"robots\" content=\"index, follow, max-snippet:-1, max-image-preview:large, max-video-preview:-1\" \/>\n<link rel=\"canonical\" href=\"https:\/\/fuentesfidedignas.com.mx\/index.php\/2022\/06\/14\/gerardo-vargas-presentara-este-viernes-el-plan-municipal-de-desarrollo-2021-2024-en-ahome\/\" \/>\n<meta property=\"og:locale\" content=\"es_MX\" \/>\n<meta property=\"og:type\" content=\"article\" \/>\n<meta property=\"og:title\" content=\"Gerardo Vargas presentar\u00e1 este viernes el Plan Municipal de Desarrollo 2021-2024 en Ahome - Fuentes Fidedignas\" \/>\n<meta property=\"og:description\" content=\"El evento de realizar\u00e1 el pr\u00f3ximo viernes 17 en el CIE, a las 12 Hrs, en Los Mochis Ahome, Sin.- Los trabajos de consulta y elaboraci\u00f3n del Plan Municipal de Desarrollo PMD para la Administraci\u00f3n P\u00fablica Ahome 2021-2024 que encabeza el Alcalde Gerardo Vargas Landeros ya concluyeron, y la presentaci\u00f3n y entrega oficial se realizar\u00e1 [&hellip;]\" \/>\n<meta property=\"og:url\" content=\"https:\/\/fuentesfidedignas.com.mx\/index.php\/2022\/06\/14\/gerardo-vargas-presentara-este-viernes-el-plan-municipal-de-desarrollo-2021-2024-en-ahome\/\" \/>\n<meta property=\"og:site_name\" content=\"Fuentes Fidedignas\" \/>\n<meta property=\"article:publisher\" content=\"https:\/\/www.facebook.com\/Fuentes-Fidedignas-368234489921644\" \/>\n<meta property=\"article:published_time\" content=\"2022-06-14T21:55:08+00:00\" \/>\n<meta property=\"article:modified_time\" content=\"2022-06-14T21:55:22+00:00\" \/>\n<meta property=\"og:image\" content=\"https:\/\/fuentesfidedignas.com.mx\/wp-content\/uploads\/2022\/06\/IMG-20220614-WA0050.jpg\" \/>\n\t<meta property=\"og:image:width\" content=\"1280\" \/>\n\t<meta property=\"og:image:height\" content=\"720\" \/>\n\t<meta property=\"og:image:type\" content=\"image\/jpeg\" \/>\n<meta name=\"author\" content=\"Redacci\u00f3n\" \/>\n<meta name=\"twitter:card\" content=\"summary_large_image\" \/>\n<meta name=\"twitter:creator\" content=\"@fidedignas\" \/>\n<meta name=\"twitter:site\" content=\"@fidedignas\" \/>\n<meta name=\"twitter:label1\" content=\"Escrito por\" \/>\n\t<meta name=\"twitter:data1\" content=\"Redacci\u00f3n\" \/>\n\t<meta name=\"twitter:label2\" content=\"Tiempo de lectura\" \/>\n\t<meta name=\"twitter:data2\" content=\"2 minutos\" \/>\n<script type=\"application\/ld+json\" class=\"yoast-schema-graph\">{\"@context\":\"https:\\\/\\\/schema.org\",\"@graph\":[{\"@type\":\"Article\",\"@id\":\"https:\\\/\\\/fuentesfidedignas.com.mx\\\/index.php\\\/2022\\\/06\\\/14\\\/gerardo-vargas-presentara-este-viernes-el-plan-municipal-de-desarrollo-2021-2024-en-ahome\\\/#article\",\"isPartOf\":{\"@id\":\"https:\\\/\\\/fuentesfidedignas.com.mx\\\/index.php\\\/2022\\\/06\\\/14\\\/gerardo-vargas-presentara-este-viernes-el-plan-municipal-de-desarrollo-2021-2024-en-ahome\\\/\"},\"author\":{\"name\":\"Redacci\u00f3n\",\"@id\":\"https:\\\/\\\/fuentesfidedignas.com.mx\\\/#\\\/schema\\\/person\\\/331be9283d37198e2acd5750279085b0\"},\"headline\":\"Gerardo Vargas presentar\u00e1 este viernes el Plan Municipal de Desarrollo 2021-2024 en Ahome\",\"datePublished\":\"2022-06-14T21:55:08+00:00\",\"dateModified\":\"2022-06-14T21:55:22+00:00\",\"mainEntityOfPage\":{\"@id\":\"https:\\\/\\\/fuentesfidedignas.com.mx\\\/index.php\\\/2022\\\/06\\\/14\\\/gerardo-vargas-presentara-este-viernes-el-plan-municipal-de-desarrollo-2021-2024-en-ahome\\\/\"},\"wordCount\":424,\"commentCount\":0,\"publisher\":{\"@id\":\"https:\\\/\\\/fuentesfidedignas.com.mx\\\/#organization\"},\"image\":{\"@id\":\"https:\\\/\\\/fuentesfidedignas.com.mx\\\/index.php\\\/2022\\\/06\\\/14\\\/gerardo-vargas-presentara-este-viernes-el-plan-municipal-de-desarrollo-2021-2024-en-ahome\\\/#primaryimage\"},\"thumbnailUrl\":\"https:\\\/\\\/fuentesfidedignas.com.mx\\\/wp-content\\\/uploads\\\/2022\\\/06\\\/IMG-20220614-WA0050.jpg\",\"keywords\":[\"Ayuntamiento de Ahome\",\"Gerardo Vargas Landeros\"],\"articleSection\":[\"NOTICIAS LOCALES\"],\"inLanguage\":\"es\",\"potentialAction\":[{\"@type\":\"CommentAction\",\"name\":\"Comment\",\"target\":[\"https:\\\/\\\/fuentesfidedignas.com.mx\\\/index.php\\\/2022\\\/06\\\/14\\\/gerardo-vargas-presentara-este-viernes-el-plan-municipal-de-desarrollo-2021-2024-en-ahome\\\/#respond\"]}]},{\"@type\":\"WebPage\",\"@id\":\"https:\\\/\\\/fuentesfidedignas.com.mx\\\/index.php\\\/2022\\\/06\\\/14\\\/gerardo-vargas-presentara-este-viernes-el-plan-municipal-de-desarrollo-2021-2024-en-ahome\\\/\",\"url\":\"https:\\\/\\\/fuentesfidedignas.com.mx\\\/index.php\\\/2022\\\/06\\\/14\\\/gerardo-vargas-presentara-este-viernes-el-plan-municipal-de-desarrollo-2021-2024-en-ahome\\\/\",\"name\":\"Gerardo Vargas presentar\u00e1 este viernes el Plan Municipal de Desarrollo 2021-2024 en Ahome - Fuentes Fidedignas\",\"isPartOf\":{\"@id\":\"https:\\\/\\\/fuentesfidedignas.com.mx\\\/#website\"},\"primaryImageOfPage\":{\"@id\":\"https:\\\/\\\/fuentesfidedignas.com.mx\\\/index.php\\\/2022\\\/06\\\/14\\\/gerardo-vargas-presentara-este-viernes-el-plan-municipal-de-desarrollo-2021-2024-en-ahome\\\/#primaryimage\"},\"image\":{\"@id\":\"https:\\\/\\\/fuentesfidedignas.com.mx\\\/index.php\\\/2022\\\/06\\\/14\\\/gerardo-vargas-presentara-este-viernes-el-plan-municipal-de-desarrollo-2021-2024-en-ahome\\\/#primaryimage\"},\"thumbnailUrl\":\"https:\\\/\\\/fuentesfidedignas.com.mx\\\/wp-content\\\/uploads\\\/2022\\\/06\\\/IMG-20220614-WA0050.jpg\",\"datePublished\":\"2022-06-14T21:55:08+00:00\",\"dateModified\":\"2022-06-14T21:55:22+00:00\",\"breadcrumb\":{\"@id\":\"https:\\\/\\\/fuentesfidedignas.com.mx\\\/index.php\\\/2022\\\/06\\\/14\\\/gerardo-vargas-presentara-este-viernes-el-plan-municipal-de-desarrollo-2021-2024-en-ahome\\\/#breadcrumb\"},\"inLanguage\":\"es\",\"potentialAction\":[{\"@type\":\"ReadAction\",\"target\":[\"https:\\\/\\\/fuentesfidedignas.com.mx\\\/index.php\\\/2022\\\/06\\\/14\\\/gerardo-vargas-presentara-este-viernes-el-plan-municipal-de-desarrollo-2021-2024-en-ahome\\\/\"]}]},{\"@type\":\"ImageObject\",\"inLanguage\":\"es\",\"@id\":\"https:\\\/\\\/fuentesfidedignas.com.mx\\\/index.php\\\/2022\\\/06\\\/14\\\/gerardo-vargas-presentara-este-viernes-el-plan-municipal-de-desarrollo-2021-2024-en-ahome\\\/#primaryimage\",\"url\":\"https:\\\/\\\/fuentesfidedignas.com.mx\\\/wp-content\\\/uploads\\\/2022\\\/06\\\/IMG-20220614-WA0050.jpg\",\"contentUrl\":\"https:\\\/\\\/fuentesfidedignas.com.mx\\\/wp-content\\\/uploads\\\/2022\\\/06\\\/IMG-20220614-WA0050.jpg\",\"width\":1280,\"height\":720},{\"@type\":\"BreadcrumbList\",\"@id\":\"https:\\\/\\\/fuentesfidedignas.com.mx\\\/index.php\\\/2022\\\/06\\\/14\\\/gerardo-vargas-presentara-este-viernes-el-plan-municipal-de-desarrollo-2021-2024-en-ahome\\\/#breadcrumb\",\"itemListElement\":[{\"@type\":\"ListItem\",\"position\":1,\"name\":\"Inicio\",\"item\":\"https:\\\/\\\/fuentesfidedignas.com.mx\\\/\"},{\"@type\":\"ListItem\",\"position\":2,\"name\":\"Gerardo Vargas presentar\u00e1 este viernes el Plan Municipal de Desarrollo 2021-2024 en Ahome\"}]},{\"@type\":\"WebSite\",\"@id\":\"https:\\\/\\\/fuentesfidedignas.com.mx\\\/#website\",\"url\":\"https:\\\/\\\/fuentesfidedignas.com.mx\\\/\",\"name\":\"Fuentes Fidedignas\",\"description\":\"Otro sitio realizado con WordPress\",\"publisher\":{\"@id\":\"https:\\\/\\\/fuentesfidedignas.com.mx\\\/#organization\"},\"potentialAction\":[{\"@type\":\"SearchAction\",\"target\":{\"@type\":\"EntryPoint\",\"urlTemplate\":\"https:\\\/\\\/fuentesfidedignas.com.mx\\\/?s={search_term_string}\"},\"query-input\":{\"@type\":\"PropertyValueSpecification\",\"valueRequired\":true,\"valueName\":\"search_term_string\"}}],\"inLanguage\":\"es\"},{\"@type\":\"Organization\",\"@id\":\"https:\\\/\\\/fuentesfidedignas.com.mx\\\/#organization\",\"name\":\"Fuentes Fidedignas\",\"url\":\"https:\\\/\\\/fuentesfidedignas.com.mx\\\/\",\"logo\":{\"@type\":\"ImageObject\",\"inLanguage\":\"es\",\"@id\":\"https:\\\/\\\/fuentesfidedignas.com.mx\\\/#\\\/schema\\\/logo\\\/image\\\/\",\"url\":\"https:\\\/\\\/fuentesfidedignas.com.mx\\\/wp-content\\\/uploads\\\/2021\\\/04\\\/logo-retina.png\",\"contentUrl\":\"https:\\\/\\\/fuentesfidedignas.com.mx\\\/wp-content\\\/uploads\\\/2021\\\/04\\\/logo-retina.png\",\"width\":280,\"height\":51,\"caption\":\"Fuentes Fidedignas\"},\"image\":{\"@id\":\"https:\\\/\\\/fuentesfidedignas.com.mx\\\/#\\\/schema\\\/logo\\\/image\\\/\"},\"sameAs\":[\"https:\\\/\\\/www.facebook.com\\\/Fuentes-Fidedignas-368234489921644\",\"https:\\\/\\\/x.com\\\/fidedignas\"]},{\"@type\":\"Person\",\"@id\":\"https:\\\/\\\/fuentesfidedignas.com.mx\\\/#\\\/schema\\\/person\\\/331be9283d37198e2acd5750279085b0\",\"name\":\"Redacci\u00f3n\",\"image\":{\"@type\":\"ImageObject\",\"inLanguage\":\"es\",\"@id\":\"https:\\\/\\\/secure.gravatar.com\\\/avatar\\\/f6d8782c11d12b2d4ad3fbb6931aeab5309937a4d6cd2fc9cfaa28a6396a5aec?s=96&d=mm&r=g\",\"url\":\"https:\\\/\\\/secure.gravatar.com\\\/avatar\\\/f6d8782c11d12b2d4ad3fbb6931aeab5309937a4d6cd2fc9cfaa28a6396a5aec?s=96&d=mm&r=g\",\"contentUrl\":\"https:\\\/\\\/secure.gravatar.com\\\/avatar\\\/f6d8782c11d12b2d4ad3fbb6931aeab5309937a4d6cd2fc9cfaa28a6396a5aec?s=96&d=mm&r=g\",\"caption\":\"Redacci\u00f3n\"},\"url\":\"https:\\\/\\\/fuentesfidedignas.com.mx\\\/index.php\\\/author\\\/redaccion\\\/\"}]}<\/script>\n<!-- \/ Yoast SEO plugin. -->","yoast_head_json":{"title":"Gerardo Vargas presentar\u00e1 este viernes el Plan Municipal de Desarrollo 2021-2024 en Ahome - Fuentes Fidedignas","robots":{"index":"index","follow":"follow","max-snippet":"max-snippet:-1","max-image-preview":"max-image-preview:large","max-video-preview":"max-video-preview:-1"},"canonical":"https:\/\/fuentesfidedignas.com.mx\/index.php\/2022\/06\/14\/gerardo-vargas-presentara-este-viernes-el-plan-municipal-de-desarrollo-2021-2024-en-ahome\/","og_locale":"es_MX","og_type":"article","og_title":"Gerardo Vargas presentar\u00e1 este viernes el Plan Municipal de Desarrollo 2021-2024 en Ahome - Fuentes Fidedignas","og_description":"El evento de realizar\u00e1 el pr\u00f3ximo viernes 17 en el CIE, a las 12 Hrs, en Los Mochis Ahome, Sin.- Los trabajos de consulta y elaboraci\u00f3n del Plan Municipal de Desarrollo PMD para la Administraci\u00f3n P\u00fablica Ahome 2021-2024 que encabeza el Alcalde Gerardo Vargas Landeros ya concluyeron, y la presentaci\u00f3n y entrega oficial se realizar\u00e1 [&hellip;]","og_url":"https:\/\/fuentesfidedignas.com.mx\/index.php\/2022\/06\/14\/gerardo-vargas-presentara-este-viernes-el-plan-municipal-de-desarrollo-2021-2024-en-ahome\/","og_site_name":"Fuentes Fidedignas","article_publisher":"https:\/\/www.facebook.com\/Fuentes-Fidedignas-368234489921644","article_published_time":"2022-06-14T21:55:08+00:00","article_modified_time":"2022-06-14T21:55:22+00:00","og_image":[{"width":1280,"height":720,"url":"https:\/\/fuentesfidedignas.com.mx\/wp-content\/uploads\/2022\/06\/IMG-20220614-WA0050.jpg","type":"image\/jpeg"}],"author":"Redacci\u00f3n","twitter_card":"summary_large_image","twitter_creator":"@fidedignas","twitter_site":"@fidedignas","twitter_misc":{"Escrito por":"Redacci\u00f3n","Tiempo de lectura":"2 minutos"},"schema":{"@context":"https:\/\/schema.org","@graph":[{"@type":"Article","@id":"https:\/\/fuentesfidedignas.com.mx\/index.php\/2022\/06\/14\/gerardo-vargas-presentara-este-viernes-el-plan-municipal-de-desarrollo-2021-2024-en-ahome\/#article","isPartOf":{"@id":"https:\/\/fuentesfidedignas.com.mx\/index.php\/2022\/06\/14\/gerardo-vargas-presentara-este-viernes-el-plan-municipal-de-desarrollo-2021-2024-en-ahome\/"},"author":{"name":"Redacci\u00f3n","@id":"https:\/\/fuentesfidedignas.com.mx\/#\/schema\/person\/331be9283d37198e2acd5750279085b0"},"headline":"Gerardo Vargas presentar\u00e1 este viernes el Plan Municipal de Desarrollo 2021-2024 en Ahome","datePublished":"2022-06-14T21:55:08+00:00","dateModified":"2022-06-14T21:55:22+00:00","mainEntityOfPage":{"@id":"https:\/\/fuentesfidedignas.com.mx\/index.php\/2022\/06\/14\/gerardo-vargas-presentara-este-viernes-el-plan-municipal-de-desarrollo-2021-2024-en-ahome\/"},"wordCount":424,"commentCount":0,"publisher":{"@id":"https:\/\/fuentesfidedignas.com.mx\/#organization"},"image":{"@id":"https:\/\/fuentesfidedignas.com.mx\/index.php\/2022\/06\/14\/gerardo-vargas-presentara-este-viernes-el-plan-municipal-de-desarrollo-2021-2024-en-ahome\/#primaryimage"},"thumbnailUrl":"https:\/\/fuentesfidedignas.com.mx\/wp-content\/uploads\/2022\/06\/IMG-20220614-WA0050.jpg","keywords":["Ayuntamiento de Ahome","Gerardo Vargas Landeros"],"articleSection":["NOTICIAS LOCALES"],"inLanguage":"es","potentialAction":[{"@type":"CommentAction","name":"Comment","target":["https:\/\/fuentesfidedignas.com.mx\/index.php\/2022\/06\/14\/gerardo-vargas-presentara-este-viernes-el-plan-municipal-de-desarrollo-2021-2024-en-ahome\/#respond"]}]},{"@type":"WebPage","@id":"https:\/\/fuentesfidedignas.com.mx\/index.php\/2022\/06\/14\/gerardo-vargas-presentara-este-viernes-el-plan-municipal-de-desarrollo-2021-2024-en-ahome\/","url":"https:\/\/fuentesfidedignas.com.mx\/index.php\/2022\/06\/14\/gerardo-vargas-presentara-este-viernes-el-plan-municipal-de-desarrollo-2021-2024-en-ahome\/","name":"Gerardo Vargas presentar\u00e1 este viernes el Plan Municipal de Desarrollo 2021-2024 en Ahome - Fuentes Fidedignas","isPartOf":{"@id":"https:\/\/fuentesfidedignas.com.mx\/#website"},"primaryImageOfPage":{"@id":"https:\/\/fuentesfidedignas.com.mx\/index.php\/2022\/06\/14\/gerardo-vargas-presentara-este-viernes-el-plan-municipal-de-desarrollo-2021-2024-en-ahome\/#primaryimage"},"image":{"@id":"https:\/\/fuentesfidedignas.com.mx\/index.php\/2022\/06\/14\/gerardo-vargas-presentara-este-viernes-el-plan-municipal-de-desarrollo-2021-2024-en-ahome\/#primaryimage"},"thumbnailUrl":"https:\/\/fuentesfidedignas.com.mx\/wp-content\/uploads\/2022\/06\/IMG-20220614-WA0050.jpg","datePublished":"2022-06-14T21:55:08+00:00","dateModified":"2022-06-14T21:55:22+00:00","breadcrumb":{"@id":"https:\/\/fuentesfidedignas.com.mx\/index.php\/2022\/06\/14\/gerardo-vargas-presentara-este-viernes-el-plan-municipal-de-desarrollo-2021-2024-en-ahome\/#breadcrumb"},"inLanguage":"es","potentialAction":[{"@type":"ReadAction","target":["https:\/\/fuentesfidedignas.com.mx\/index.php\/2022\/06\/14\/gerardo-vargas-presentara-este-viernes-el-plan-municipal-de-desarrollo-2021-2024-en-ahome\/"]}]},{"@type":"ImageObject","inLanguage":"es","@id":"https:\/\/fuentesfidedignas.com.mx\/index.php\/2022\/06\/14\/gerardo-vargas-presentara-este-viernes-el-plan-municipal-de-desarrollo-2021-2024-en-ahome\/#primaryimage","url":"https:\/\/fuentesfidedignas.com.mx\/wp-content\/uploads\/2022\/06\/IMG-20220614-WA0050.jpg","contentUrl":"https:\/\/fuentesfidedignas.com.mx\/wp-content\/uploads\/2022\/06\/IMG-20220614-WA0050.jpg","width":1280,"height":720},{"@type":"BreadcrumbList","@id":"https:\/\/fuentesfidedignas.com.mx\/index.php\/2022\/06\/14\/gerardo-vargas-presentara-este-viernes-el-plan-municipal-de-desarrollo-2021-2024-en-ahome\/#breadcrumb","itemListElement":[{"@type":"ListItem","position":1,"name":"Inicio","item":"https:\/\/fuentesfidedignas.com.mx\/"},{"@type":"ListItem","position":2,"name":"Gerardo Vargas presentar\u00e1 este viernes el Plan Municipal de Desarrollo 2021-2024 en Ahome"}]},{"@type":"WebSite","@id":"https:\/\/fuentesfidedignas.com.mx\/#website","url":"https:\/\/fuentesfidedignas.com.mx\/","name":"Fuentes Fidedignas","description":"Otro sitio realizado con WordPress","publisher":{"@id":"https:\/\/fuentesfidedignas.com.mx\/#organization"},"potentialAction":[{"@type":"SearchAction","target":{"@type":"EntryPoint","urlTemplate":"https:\/\/fuentesfidedignas.com.mx\/?s={search_term_string}"},"query-input":{"@type":"PropertyValueSpecification","valueRequired":true,"valueName":"search_term_string"}}],"inLanguage":"es"},{"@type":"Organization","@id":"https:\/\/fuentesfidedignas.com.mx\/#organization","name":"Fuentes Fidedignas","url":"https:\/\/fuentesfidedignas.com.mx\/","logo":{"@type":"ImageObject","inLanguage":"es","@id":"https:\/\/fuentesfidedignas.com.mx\/#\/schema\/logo\/image\/","url":"https:\/\/fuentesfidedignas.com.mx\/wp-content\/uploads\/2021\/04\/logo-retina.png","contentUrl":"https:\/\/fuentesfidedignas.com.mx\/wp-content\/uploads\/2021\/04\/logo-retina.png","width":280,"height":51,"caption":"Fuentes Fidedignas"},"image":{"@id":"https:\/\/fuentesfidedignas.com.mx\/#\/schema\/logo\/image\/"},"sameAs":["https:\/\/www.facebook.com\/Fuentes-Fidedignas-368234489921644","https:\/\/x.com\/fidedignas"]},{"@type":"Person","@id":"https:\/\/fuentesfidedignas.com.mx\/#\/schema\/person\/331be9283d37198e2acd5750279085b0","name":"Redacci\u00f3n","image":{"@type":"ImageObject","inLanguage":"es","@id":"https:\/\/secure.gravatar.com\/avatar\/f6d8782c11d12b2d4ad3fbb6931aeab5309937a4d6cd2fc9cfaa28a6396a5aec?s=96&d=mm&r=g","url":"https:\/\/secure.gravatar.com\/avatar\/f6d8782c11d12b2d4ad3fbb6931aeab5309937a4d6cd2fc9cfaa28a6396a5aec?s=96&d=mm&r=g","contentUrl":"https:\/\/secure.gravatar.com\/avatar\/f6d8782c11d12b2d4ad3fbb6931aeab5309937a4d6cd2fc9cfaa28a6396a5aec?s=96&d=mm&r=g","caption":"Redacci\u00f3n"},"url":"https:\/\/fuentesfidedignas.com.mx\/index.php\/author\/redaccion\/"}]}},"_links":{"self":[{"href":"https:\/\/fuentesfidedignas.com.mx\/index.php\/wp-json\/wp\/v2\/posts\/34404","targetHints":{"allow":["GET"]}}],"collection":[{"href":"https:\/\/fuentesfidedignas.com.mx\/index.php\/wp-json\/wp\/v2\/posts"}],"about":[{"href":"https:\/\/fuentesfidedignas.com.mx\/index.php\/wp-json\/wp\/v2\/types\/post"}],"author":[{"embeddable":true,"href":"https:\/\/fuentesfidedignas.com.mx\/index.php\/wp-json\/wp\/v2\/users\/4"}],"replies":[{"embeddable":true,"href":"https:\/\/fuentesfidedignas.com.mx\/index.php\/wp-json\/wp\/v2\/comments?post=34404"}],"version-history":[{"count":1,"href":"https:\/\/fuentesfidedignas.com.mx\/index.php\/wp-json\/wp\/v2\/posts\/34404\/revisions"}],"predecessor-version":[{"id":34405,"href":"https:\/\/fuentesfidedignas.com.mx\/index.php\/wp-json\/wp\/v2\/posts\/34404\/revisions\/34405"}],"wp:featuredmedia":[{"embeddable":true,"href":"https:\/\/fuentesfidedignas.com.mx\/index.php\/wp-json\/wp\/v2\/media\/34406"}],"wp:attachment":[{"href":"https:\/\/fuentesfidedignas.com.mx\/index.php\/wp-json\/wp\/v2\/media?parent=34404"}],"wp:term":[{"taxonomy":"category","embeddable":true,"href":"https:\/\/fuentesfidedignas.com.mx\/index.php\/wp-json\/wp\/v2\/categories?post=34404"},{"taxonomy":"post_tag","embeddable":true,"href":"https:\/\/fuentesfidedignas.com.mx\/index.php\/wp-json\/wp\/v2\/tags?post=34404"}],"curies":[{"name":"wp","href":"https:\/\/api.w.org\/{rel}","templated":true}]}}