{"id":34337,"date":"2022-06-14T11:08:11","date_gmt":"2022-06-14T17:08:11","guid":{"rendered":"https:\/\/fuentesfidedignas.com.mx\/?p=34337"},"modified":"2022-06-14T11:10:03","modified_gmt":"2022-06-14T17:10:03","slug":"tormenta-tropical-blas-se-forma-frente-a-costas-de-guerrero-exhortan-atender-avisos-del-smn","status":"publish","type":"post","link":"https:\/\/fuentesfidedignas.com.mx\/index.php\/2022\/06\/14\/tormenta-tropical-blas-se-forma-frente-a-costas-de-guerrero-exhortan-atender-avisos-del-smn\/","title":{"rendered":"Tormenta tropical \u2018Blas\u2019 se forma frente a costas de Guerrero; exhortan atender avisos del SMN"},"content":{"rendered":"\n<p><strong><em>La tormenta tropical \u2018Blas\u2019 se localiza a 400 kil\u00f3metros al suroeste de Acapulco, Guerrero, y a 615 km al sur-sureste de Manzanillo, Colima.<\/em><\/strong><\/p>\n\n\n\n<p>Ciudad de M\u00e9xico.- La depresi\u00f3n tropical \u2018Dos-E\u2019, que se form\u00f3 la madrugada de este martes en el suroeste de M\u00e9xico, se ha intensificado a la Tormenta tropical \u2018Blas, y su centro se localiza frente a las costas de Guerrero, inform\u00f3 la Comisi\u00f3n Nacional del Agua (Conagua).<\/p>\n\n\n\n<p>De acuerdo con informaci\u00f3n del Servicio Meteorol\u00f3gico Nacional (SMN) inform\u00f3 que la tormenta tropical Blas se localiza a 400 kil\u00f3metros al suroeste de Acapulco, Guerrero, y a 615 km al sur-sureste de Manzanillo, Colima.<\/p>\n\n\n\n<p>Sus bandas nubosas ocasionar\u00e1n lluvias, vientos fuertes con rachas de 50 a 60 km\/h y oleaje de 1 a 3 metros de altura en costas de Michoac\u00e1n, Guerrero y Oaxaca, adem\u00e1s de incrementar la probabilidad de lluvias en el centro del pa\u00eds.<\/p>\n\n\n\n<p>\u201cHay pron\u00f3sticos de lluvias intensas con puntuales torrenciales (150 a 250 mm) en Guerrero y Oaxaca; lluvias fuertes con puntuales muy fuertes (50 a 75 mm) en Colima y Michoac\u00e1n, adem\u00e1s de reforzar la probabilidad de lluvias fuertes en el centro del pa\u00eds\u201d, inform\u00f3 el SMN.<\/p>\n\n\n\n<p>Las lluvias podr\u00edan incrementar el nivel de r\u00edos y arroyos, y provocar desbordamientos, deslaves e inundaciones en zonas bajas, por lo que autoridades exhortan a la poblaci\u00f3n a atender los avisos del SMN de la Conagua.<\/p>\n\n\n\n<p>La dependencia pide extremar precauciones a la poblaci\u00f3n en general en las zonas de los estados mencionados por lluvias, viento y oleaje (incluyendo la navegaci\u00f3n mar\u00edtima) y atender las recomendaciones emitidas por las autoridades del Sistema Nacional de Protecci\u00f3n Civil, en cada entidad.<\/p>\n\n\n\n<figure class=\"wp-block-embed is-type-rich is-provider-twitter wp-block-embed-twitter\"><div class=\"wp-block-embed__wrapper\">\n<blockquote class=\"twitter-tweet\" data-width=\"550\" data-dnt=\"true\"><p lang=\"es\" dir=\"ltr\">La <a href=\"https:\/\/twitter.com\/hashtag\/TormentaTropical?src=hash&amp;ref_src=twsrc%5Etfw\">#TormentaTropical<\/a> <a href=\"https:\/\/twitter.com\/hashtag\/Blas?src=hash&amp;ref_src=twsrc%5Etfw\">#Blas<\/a>, se ubica a 400 km al suroeste de <a href=\"https:\/\/twitter.com\/hashtag\/Acapulco?src=hash&amp;ref_src=twsrc%5Etfw\">#Acapulco<\/a>, <a href=\"https:\/\/twitter.com\/hashtag\/Guerrero?src=hash&amp;ref_src=twsrc%5Etfw\">#Guerrero<\/a>, y a 615 km al sur-sureste de <a href=\"https:\/\/twitter.com\/hashtag\/Manzanillo?src=hash&amp;ref_src=twsrc%5Etfw\">#Manzanillo<\/a>, <a href=\"https:\/\/twitter.com\/hashtag\/Colima?src=hash&amp;ref_src=twsrc%5Etfw\">#Colima<\/a>. Presenta <a href=\"https:\/\/twitter.com\/hashtag\/Vientos?src=hash&amp;ref_src=twsrc%5Etfw\">#Vientos<\/a> m\u00e1ximos sostenidos de 75 km\/h, <a href=\"https:\/\/twitter.com\/hashtag\/Rachas?src=hash&amp;ref_src=twsrc%5Etfw\">#Rachas<\/a> 95 km\/h y se mueve al norte a 4 km\/h.  <br><br>M\u00e1s informaci\u00f3n: <a href=\"https:\/\/t.co\/VVYNAkfJiY\">https:\/\/t.co\/VVYNAkfJiY<\/a> <a href=\"https:\/\/t.co\/plZjB9eo3M\">pic.twitter.com\/plZjB9eo3M<\/a><\/p>&mdash; CONAGUA Clima (@conagua_clima) <a href=\"https:\/\/twitter.com\/conagua_clima\/status\/1536730350512119809?ref_src=twsrc%5Etfw\">June 14, 2022<\/a><\/blockquote><script async src=\"https:\/\/platform.twitter.com\/widgets.js\" charset=\"utf-8\"><\/script>\n<\/div><\/figure>\n","protected":false},"excerpt":{"rendered":"<p>La tormenta tropical \u2018Blas\u2019 se localiza a 400 kil\u00f3metros al suroeste de Acapulco, Guerrero, y a 615 km al sur-sureste de Manzanillo, Colima. Ciudad de M\u00e9xico.- La depresi\u00f3n tropical \u2018Dos-E\u2019, que se form\u00f3 la madrugada de este martes en el suroeste de M\u00e9xico, se ha intensificado a la Tormenta tropical \u2018Blas, y su centro se [&hellip;]<\/p>\n","protected":false},"author":21,"featured_media":34338,"comment_status":"open","ping_status":"open","sticky":false,"template":"","format":"standard","meta":{"tdm_status":"","tdm_grid_status":"","footnotes":""},"categories":[39],"tags":[1836,1352],"class_list":{"0":"post-34337","1":"post","2":"type-post","3":"status-publish","4":"format-standard","5":"has-post-thumbnail","7":"category-noticias-nacionales","8":"tag-temporada-de-huracanes","9":"tag-tormenta-tropical"},"yoast_head":"<!-- This site is optimized with the Yoast SEO plugin v27.5 - https:\/\/yoast.com\/product\/yoast-seo-wordpress\/ -->\n<title>Tormenta tropical \u2018Blas\u2019 se forma frente a costas de Guerrero; exhortan atender avisos del SMN - Fuentes Fidedignas<\/title>\n<meta name=\"robots\" content=\"index, follow, max-snippet:-1, max-image-preview:large, max-video-preview:-1\" \/>\n<link rel=\"canonical\" href=\"https:\/\/fuentesfidedignas.com.mx\/index.php\/2022\/06\/14\/tormenta-tropical-blas-se-forma-frente-a-costas-de-guerrero-exhortan-atender-avisos-del-smn\/\" \/>\n<meta property=\"og:locale\" content=\"es_MX\" \/>\n<meta property=\"og:type\" content=\"article\" \/>\n<meta property=\"og:title\" content=\"Tormenta tropical \u2018Blas\u2019 se forma frente a costas de Guerrero; exhortan atender avisos del SMN - Fuentes Fidedignas\" \/>\n<meta property=\"og:description\" content=\"La tormenta tropical \u2018Blas\u2019 se localiza a 400 kil\u00f3metros al suroeste de Acapulco, Guerrero, y a 615 km al sur-sureste de Manzanillo, Colima. Ciudad de M\u00e9xico.- La depresi\u00f3n tropical \u2018Dos-E\u2019, que se form\u00f3 la madrugada de este martes en el suroeste de M\u00e9xico, se ha intensificado a la Tormenta tropical \u2018Blas, y su centro se [&hellip;]\" \/>\n<meta property=\"og:url\" content=\"https:\/\/fuentesfidedignas.com.mx\/index.php\/2022\/06\/14\/tormenta-tropical-blas-se-forma-frente-a-costas-de-guerrero-exhortan-atender-avisos-del-smn\/\" \/>\n<meta property=\"og:site_name\" content=\"Fuentes Fidedignas\" \/>\n<meta property=\"article:publisher\" content=\"https:\/\/www.facebook.com\/Fuentes-Fidedignas-368234489921644\" \/>\n<meta property=\"article:published_time\" content=\"2022-06-14T17:08:11+00:00\" \/>\n<meta property=\"article:modified_time\" content=\"2022-06-14T17:10:03+00:00\" \/>\n<meta property=\"og:image\" content=\"https:\/\/fuentesfidedignas.com.mx\/wp-content\/uploads\/2022\/06\/TORMENTA_BLAS.jpg\" \/>\n\t<meta property=\"og:image:width\" content=\"800\" \/>\n\t<meta property=\"og:image:height\" content=\"450\" \/>\n\t<meta property=\"og:image:type\" content=\"image\/jpeg\" \/>\n<meta name=\"author\" content=\"El Financiero\" \/>\n<meta name=\"twitter:card\" content=\"summary_large_image\" \/>\n<meta name=\"twitter:creator\" content=\"@fidedignas\" \/>\n<meta name=\"twitter:site\" content=\"@fidedignas\" \/>\n<meta name=\"twitter:label1\" content=\"Escrito por\" \/>\n\t<meta name=\"twitter:data1\" content=\"El Financiero\" \/>\n\t<meta name=\"twitter:label2\" content=\"Tiempo de lectura\" \/>\n\t<meta name=\"twitter:data2\" content=\"2 minutos\" \/>\n<script type=\"application\/ld+json\" class=\"yoast-schema-graph\">{\"@context\":\"https:\\\/\\\/schema.org\",\"@graph\":[{\"@type\":\"Article\",\"@id\":\"https:\\\/\\\/fuentesfidedignas.com.mx\\\/index.php\\\/2022\\\/06\\\/14\\\/tormenta-tropical-blas-se-forma-frente-a-costas-de-guerrero-exhortan-atender-avisos-del-smn\\\/#article\",\"isPartOf\":{\"@id\":\"https:\\\/\\\/fuentesfidedignas.com.mx\\\/index.php\\\/2022\\\/06\\\/14\\\/tormenta-tropical-blas-se-forma-frente-a-costas-de-guerrero-exhortan-atender-avisos-del-smn\\\/\"},\"author\":{\"name\":\"El Financiero\",\"@id\":\"https:\\\/\\\/fuentesfidedignas.com.mx\\\/#\\\/schema\\\/person\\\/494f7e0dce8dfaaec5b64f16615b78e9\"},\"headline\":\"Tormenta tropical \u2018Blas\u2019 se forma frente a costas de Guerrero; exhortan atender avisos del SMN\",\"datePublished\":\"2022-06-14T17:08:11+00:00\",\"dateModified\":\"2022-06-14T17:10:03+00:00\",\"mainEntityOfPage\":{\"@id\":\"https:\\\/\\\/fuentesfidedignas.com.mx\\\/index.php\\\/2022\\\/06\\\/14\\\/tormenta-tropical-blas-se-forma-frente-a-costas-de-guerrero-exhortan-atender-avisos-del-smn\\\/\"},\"wordCount\":332,\"commentCount\":0,\"publisher\":{\"@id\":\"https:\\\/\\\/fuentesfidedignas.com.mx\\\/#organization\"},\"image\":{\"@id\":\"https:\\\/\\\/fuentesfidedignas.com.mx\\\/index.php\\\/2022\\\/06\\\/14\\\/tormenta-tropical-blas-se-forma-frente-a-costas-de-guerrero-exhortan-atender-avisos-del-smn\\\/#primaryimage\"},\"thumbnailUrl\":\"https:\\\/\\\/fuentesfidedignas.com.mx\\\/wp-content\\\/uploads\\\/2022\\\/06\\\/TORMENTA_BLAS.jpg\",\"keywords\":[\"Temporada de huracanes\",\"Tormenta tropical\"],\"articleSection\":[\"NOTICIAS NACIONALES\"],\"inLanguage\":\"es\",\"potentialAction\":[{\"@type\":\"CommentAction\",\"name\":\"Comment\",\"target\":[\"https:\\\/\\\/fuentesfidedignas.com.mx\\\/index.php\\\/2022\\\/06\\\/14\\\/tormenta-tropical-blas-se-forma-frente-a-costas-de-guerrero-exhortan-atender-avisos-del-smn\\\/#respond\"]}]},{\"@type\":\"WebPage\",\"@id\":\"https:\\\/\\\/fuentesfidedignas.com.mx\\\/index.php\\\/2022\\\/06\\\/14\\\/tormenta-tropical-blas-se-forma-frente-a-costas-de-guerrero-exhortan-atender-avisos-del-smn\\\/\",\"url\":\"https:\\\/\\\/fuentesfidedignas.com.mx\\\/index.php\\\/2022\\\/06\\\/14\\\/tormenta-tropical-blas-se-forma-frente-a-costas-de-guerrero-exhortan-atender-avisos-del-smn\\\/\",\"name\":\"Tormenta tropical \u2018Blas\u2019 se forma frente a costas de Guerrero; exhortan atender avisos del SMN - Fuentes Fidedignas\",\"isPartOf\":{\"@id\":\"https:\\\/\\\/fuentesfidedignas.com.mx\\\/#website\"},\"primaryImageOfPage\":{\"@id\":\"https:\\\/\\\/fuentesfidedignas.com.mx\\\/index.php\\\/2022\\\/06\\\/14\\\/tormenta-tropical-blas-se-forma-frente-a-costas-de-guerrero-exhortan-atender-avisos-del-smn\\\/#primaryimage\"},\"image\":{\"@id\":\"https:\\\/\\\/fuentesfidedignas.com.mx\\\/index.php\\\/2022\\\/06\\\/14\\\/tormenta-tropical-blas-se-forma-frente-a-costas-de-guerrero-exhortan-atender-avisos-del-smn\\\/#primaryimage\"},\"thumbnailUrl\":\"https:\\\/\\\/fuentesfidedignas.com.mx\\\/wp-content\\\/uploads\\\/2022\\\/06\\\/TORMENTA_BLAS.jpg\",\"datePublished\":\"2022-06-14T17:08:11+00:00\",\"dateModified\":\"2022-06-14T17:10:03+00:00\",\"breadcrumb\":{\"@id\":\"https:\\\/\\\/fuentesfidedignas.com.mx\\\/index.php\\\/2022\\\/06\\\/14\\\/tormenta-tropical-blas-se-forma-frente-a-costas-de-guerrero-exhortan-atender-avisos-del-smn\\\/#breadcrumb\"},\"inLanguage\":\"es\",\"potentialAction\":[{\"@type\":\"ReadAction\",\"target\":[\"https:\\\/\\\/fuentesfidedignas.com.mx\\\/index.php\\\/2022\\\/06\\\/14\\\/tormenta-tropical-blas-se-forma-frente-a-costas-de-guerrero-exhortan-atender-avisos-del-smn\\\/\"]}]},{\"@type\":\"ImageObject\",\"inLanguage\":\"es\",\"@id\":\"https:\\\/\\\/fuentesfidedignas.com.mx\\\/index.php\\\/2022\\\/06\\\/14\\\/tormenta-tropical-blas-se-forma-frente-a-costas-de-guerrero-exhortan-atender-avisos-del-smn\\\/#primaryimage\",\"url\":\"https:\\\/\\\/fuentesfidedignas.com.mx\\\/wp-content\\\/uploads\\\/2022\\\/06\\\/TORMENTA_BLAS.jpg\",\"contentUrl\":\"https:\\\/\\\/fuentesfidedignas.com.mx\\\/wp-content\\\/uploads\\\/2022\\\/06\\\/TORMENTA_BLAS.jpg\",\"width\":800,\"height\":450},{\"@type\":\"BreadcrumbList\",\"@id\":\"https:\\\/\\\/fuentesfidedignas.com.mx\\\/index.php\\\/2022\\\/06\\\/14\\\/tormenta-tropical-blas-se-forma-frente-a-costas-de-guerrero-exhortan-atender-avisos-del-smn\\\/#breadcrumb\",\"itemListElement\":[{\"@type\":\"ListItem\",\"position\":1,\"name\":\"Inicio\",\"item\":\"https:\\\/\\\/fuentesfidedignas.com.mx\\\/\"},{\"@type\":\"ListItem\",\"position\":2,\"name\":\"Tormenta tropical \u2018Blas\u2019 se forma frente a costas de Guerrero; exhortan atender avisos del SMN\"}]},{\"@type\":\"WebSite\",\"@id\":\"https:\\\/\\\/fuentesfidedignas.com.mx\\\/#website\",\"url\":\"https:\\\/\\\/fuentesfidedignas.com.mx\\\/\",\"name\":\"Fuentes Fidedignas\",\"description\":\"Otro sitio realizado con WordPress\",\"publisher\":{\"@id\":\"https:\\\/\\\/fuentesfidedignas.com.mx\\\/#organization\"},\"potentialAction\":[{\"@type\":\"SearchAction\",\"target\":{\"@type\":\"EntryPoint\",\"urlTemplate\":\"https:\\\/\\\/fuentesfidedignas.com.mx\\\/?s={search_term_string}\"},\"query-input\":{\"@type\":\"PropertyValueSpecification\",\"valueRequired\":true,\"valueName\":\"search_term_string\"}}],\"inLanguage\":\"es\"},{\"@type\":\"Organization\",\"@id\":\"https:\\\/\\\/fuentesfidedignas.com.mx\\\/#organization\",\"name\":\"Fuentes Fidedignas\",\"url\":\"https:\\\/\\\/fuentesfidedignas.com.mx\\\/\",\"logo\":{\"@type\":\"ImageObject\",\"inLanguage\":\"es\",\"@id\":\"https:\\\/\\\/fuentesfidedignas.com.mx\\\/#\\\/schema\\\/logo\\\/image\\\/\",\"url\":\"https:\\\/\\\/fuentesfidedignas.com.mx\\\/wp-content\\\/uploads\\\/2021\\\/04\\\/logo-retina.png\",\"contentUrl\":\"https:\\\/\\\/fuentesfidedignas.com.mx\\\/wp-content\\\/uploads\\\/2021\\\/04\\\/logo-retina.png\",\"width\":280,\"height\":51,\"caption\":\"Fuentes Fidedignas\"},\"image\":{\"@id\":\"https:\\\/\\\/fuentesfidedignas.com.mx\\\/#\\\/schema\\\/logo\\\/image\\\/\"},\"sameAs\":[\"https:\\\/\\\/www.facebook.com\\\/Fuentes-Fidedignas-368234489921644\",\"https:\\\/\\\/x.com\\\/fidedignas\"]},{\"@type\":\"Person\",\"@id\":\"https:\\\/\\\/fuentesfidedignas.com.mx\\\/#\\\/schema\\\/person\\\/494f7e0dce8dfaaec5b64f16615b78e9\",\"name\":\"El Financiero\",\"image\":{\"@type\":\"ImageObject\",\"inLanguage\":\"es\",\"@id\":\"https:\\\/\\\/secure.gravatar.com\\\/avatar\\\/88c0f3f2079389318ef8dd35c22cb997212aa89646e357ba59b318db26ed91a9?s=96&d=mm&r=g\",\"url\":\"https:\\\/\\\/secure.gravatar.com\\\/avatar\\\/88c0f3f2079389318ef8dd35c22cb997212aa89646e357ba59b318db26ed91a9?s=96&d=mm&r=g\",\"contentUrl\":\"https:\\\/\\\/secure.gravatar.com\\\/avatar\\\/88c0f3f2079389318ef8dd35c22cb997212aa89646e357ba59b318db26ed91a9?s=96&d=mm&r=g\",\"caption\":\"El Financiero\"},\"url\":\"https:\\\/\\\/fuentesfidedignas.com.mx\\\/index.php\\\/author\\\/financiero\\\/\"}]}<\/script>\n<!-- \/ Yoast SEO plugin. -->","yoast_head_json":{"title":"Tormenta tropical \u2018Blas\u2019 se forma frente a costas de Guerrero; exhortan atender avisos del SMN - Fuentes Fidedignas","robots":{"index":"index","follow":"follow","max-snippet":"max-snippet:-1","max-image-preview":"max-image-preview:large","max-video-preview":"max-video-preview:-1"},"canonical":"https:\/\/fuentesfidedignas.com.mx\/index.php\/2022\/06\/14\/tormenta-tropical-blas-se-forma-frente-a-costas-de-guerrero-exhortan-atender-avisos-del-smn\/","og_locale":"es_MX","og_type":"article","og_title":"Tormenta tropical \u2018Blas\u2019 se forma frente a costas de Guerrero; exhortan atender avisos del SMN - Fuentes Fidedignas","og_description":"La tormenta tropical \u2018Blas\u2019 se localiza a 400 kil\u00f3metros al suroeste de Acapulco, Guerrero, y a 615 km al sur-sureste de Manzanillo, Colima. Ciudad de M\u00e9xico.- La depresi\u00f3n tropical \u2018Dos-E\u2019, que se form\u00f3 la madrugada de este martes en el suroeste de M\u00e9xico, se ha intensificado a la Tormenta tropical \u2018Blas, y su centro se [&hellip;]","og_url":"https:\/\/fuentesfidedignas.com.mx\/index.php\/2022\/06\/14\/tormenta-tropical-blas-se-forma-frente-a-costas-de-guerrero-exhortan-atender-avisos-del-smn\/","og_site_name":"Fuentes Fidedignas","article_publisher":"https:\/\/www.facebook.com\/Fuentes-Fidedignas-368234489921644","article_published_time":"2022-06-14T17:08:11+00:00","article_modified_time":"2022-06-14T17:10:03+00:00","og_image":[{"width":800,"height":450,"url":"https:\/\/fuentesfidedignas.com.mx\/wp-content\/uploads\/2022\/06\/TORMENTA_BLAS.jpg","type":"image\/jpeg"}],"author":"El Financiero","twitter_card":"summary_large_image","twitter_creator":"@fidedignas","twitter_site":"@fidedignas","twitter_misc":{"Escrito por":"El Financiero","Tiempo de lectura":"2 minutos"},"schema":{"@context":"https:\/\/schema.org","@graph":[{"@type":"Article","@id":"https:\/\/fuentesfidedignas.com.mx\/index.php\/2022\/06\/14\/tormenta-tropical-blas-se-forma-frente-a-costas-de-guerrero-exhortan-atender-avisos-del-smn\/#article","isPartOf":{"@id":"https:\/\/fuentesfidedignas.com.mx\/index.php\/2022\/06\/14\/tormenta-tropical-blas-se-forma-frente-a-costas-de-guerrero-exhortan-atender-avisos-del-smn\/"},"author":{"name":"El Financiero","@id":"https:\/\/fuentesfidedignas.com.mx\/#\/schema\/person\/494f7e0dce8dfaaec5b64f16615b78e9"},"headline":"Tormenta tropical \u2018Blas\u2019 se forma frente a costas de Guerrero; exhortan atender avisos del SMN","datePublished":"2022-06-14T17:08:11+00:00","dateModified":"2022-06-14T17:10:03+00:00","mainEntityOfPage":{"@id":"https:\/\/fuentesfidedignas.com.mx\/index.php\/2022\/06\/14\/tormenta-tropical-blas-se-forma-frente-a-costas-de-guerrero-exhortan-atender-avisos-del-smn\/"},"wordCount":332,"commentCount":0,"publisher":{"@id":"https:\/\/fuentesfidedignas.com.mx\/#organization"},"image":{"@id":"https:\/\/fuentesfidedignas.com.mx\/index.php\/2022\/06\/14\/tormenta-tropical-blas-se-forma-frente-a-costas-de-guerrero-exhortan-atender-avisos-del-smn\/#primaryimage"},"thumbnailUrl":"https:\/\/fuentesfidedignas.com.mx\/wp-content\/uploads\/2022\/06\/TORMENTA_BLAS.jpg","keywords":["Temporada de huracanes","Tormenta tropical"],"articleSection":["NOTICIAS NACIONALES"],"inLanguage":"es","potentialAction":[{"@type":"CommentAction","name":"Comment","target":["https:\/\/fuentesfidedignas.com.mx\/index.php\/2022\/06\/14\/tormenta-tropical-blas-se-forma-frente-a-costas-de-guerrero-exhortan-atender-avisos-del-smn\/#respond"]}]},{"@type":"WebPage","@id":"https:\/\/fuentesfidedignas.com.mx\/index.php\/2022\/06\/14\/tormenta-tropical-blas-se-forma-frente-a-costas-de-guerrero-exhortan-atender-avisos-del-smn\/","url":"https:\/\/fuentesfidedignas.com.mx\/index.php\/2022\/06\/14\/tormenta-tropical-blas-se-forma-frente-a-costas-de-guerrero-exhortan-atender-avisos-del-smn\/","name":"Tormenta tropical \u2018Blas\u2019 se forma frente a costas de Guerrero; exhortan atender avisos del SMN - Fuentes Fidedignas","isPartOf":{"@id":"https:\/\/fuentesfidedignas.com.mx\/#website"},"primaryImageOfPage":{"@id":"https:\/\/fuentesfidedignas.com.mx\/index.php\/2022\/06\/14\/tormenta-tropical-blas-se-forma-frente-a-costas-de-guerrero-exhortan-atender-avisos-del-smn\/#primaryimage"},"image":{"@id":"https:\/\/fuentesfidedignas.com.mx\/index.php\/2022\/06\/14\/tormenta-tropical-blas-se-forma-frente-a-costas-de-guerrero-exhortan-atender-avisos-del-smn\/#primaryimage"},"thumbnailUrl":"https:\/\/fuentesfidedignas.com.mx\/wp-content\/uploads\/2022\/06\/TORMENTA_BLAS.jpg","datePublished":"2022-06-14T17:08:11+00:00","dateModified":"2022-06-14T17:10:03+00:00","breadcrumb":{"@id":"https:\/\/fuentesfidedignas.com.mx\/index.php\/2022\/06\/14\/tormenta-tropical-blas-se-forma-frente-a-costas-de-guerrero-exhortan-atender-avisos-del-smn\/#breadcrumb"},"inLanguage":"es","potentialAction":[{"@type":"ReadAction","target":["https:\/\/fuentesfidedignas.com.mx\/index.php\/2022\/06\/14\/tormenta-tropical-blas-se-forma-frente-a-costas-de-guerrero-exhortan-atender-avisos-del-smn\/"]}]},{"@type":"ImageObject","inLanguage":"es","@id":"https:\/\/fuentesfidedignas.com.mx\/index.php\/2022\/06\/14\/tormenta-tropical-blas-se-forma-frente-a-costas-de-guerrero-exhortan-atender-avisos-del-smn\/#primaryimage","url":"https:\/\/fuentesfidedignas.com.mx\/wp-content\/uploads\/2022\/06\/TORMENTA_BLAS.jpg","contentUrl":"https:\/\/fuentesfidedignas.com.mx\/wp-content\/uploads\/2022\/06\/TORMENTA_BLAS.jpg","width":800,"height":450},{"@type":"BreadcrumbList","@id":"https:\/\/fuentesfidedignas.com.mx\/index.php\/2022\/06\/14\/tormenta-tropical-blas-se-forma-frente-a-costas-de-guerrero-exhortan-atender-avisos-del-smn\/#breadcrumb","itemListElement":[{"@type":"ListItem","position":1,"name":"Inicio","item":"https:\/\/fuentesfidedignas.com.mx\/"},{"@type":"ListItem","position":2,"name":"Tormenta tropical \u2018Blas\u2019 se forma frente a costas de Guerrero; exhortan atender avisos del SMN"}]},{"@type":"WebSite","@id":"https:\/\/fuentesfidedignas.com.mx\/#website","url":"https:\/\/fuentesfidedignas.com.mx\/","name":"Fuentes Fidedignas","description":"Otro sitio realizado con WordPress","publisher":{"@id":"https:\/\/fuentesfidedignas.com.mx\/#organization"},"potentialAction":[{"@type":"SearchAction","target":{"@type":"EntryPoint","urlTemplate":"https:\/\/fuentesfidedignas.com.mx\/?s={search_term_string}"},"query-input":{"@type":"PropertyValueSpecification","valueRequired":true,"valueName":"search_term_string"}}],"inLanguage":"es"},{"@type":"Organization","@id":"https:\/\/fuentesfidedignas.com.mx\/#organization","name":"Fuentes Fidedignas","url":"https:\/\/fuentesfidedignas.com.mx\/","logo":{"@type":"ImageObject","inLanguage":"es","@id":"https:\/\/fuentesfidedignas.com.mx\/#\/schema\/logo\/image\/","url":"https:\/\/fuentesfidedignas.com.mx\/wp-content\/uploads\/2021\/04\/logo-retina.png","contentUrl":"https:\/\/fuentesfidedignas.com.mx\/wp-content\/uploads\/2021\/04\/logo-retina.png","width":280,"height":51,"caption":"Fuentes Fidedignas"},"image":{"@id":"https:\/\/fuentesfidedignas.com.mx\/#\/schema\/logo\/image\/"},"sameAs":["https:\/\/www.facebook.com\/Fuentes-Fidedignas-368234489921644","https:\/\/x.com\/fidedignas"]},{"@type":"Person","@id":"https:\/\/fuentesfidedignas.com.mx\/#\/schema\/person\/494f7e0dce8dfaaec5b64f16615b78e9","name":"El Financiero","image":{"@type":"ImageObject","inLanguage":"es","@id":"https:\/\/secure.gravatar.com\/avatar\/88c0f3f2079389318ef8dd35c22cb997212aa89646e357ba59b318db26ed91a9?s=96&d=mm&r=g","url":"https:\/\/secure.gravatar.com\/avatar\/88c0f3f2079389318ef8dd35c22cb997212aa89646e357ba59b318db26ed91a9?s=96&d=mm&r=g","contentUrl":"https:\/\/secure.gravatar.com\/avatar\/88c0f3f2079389318ef8dd35c22cb997212aa89646e357ba59b318db26ed91a9?s=96&d=mm&r=g","caption":"El Financiero"},"url":"https:\/\/fuentesfidedignas.com.mx\/index.php\/author\/financiero\/"}]}},"_links":{"self":[{"href":"https:\/\/fuentesfidedignas.com.mx\/index.php\/wp-json\/wp\/v2\/posts\/34337","targetHints":{"allow":["GET"]}}],"collection":[{"href":"https:\/\/fuentesfidedignas.com.mx\/index.php\/wp-json\/wp\/v2\/posts"}],"about":[{"href":"https:\/\/fuentesfidedignas.com.mx\/index.php\/wp-json\/wp\/v2\/types\/post"}],"author":[{"embeddable":true,"href":"https:\/\/fuentesfidedignas.com.mx\/index.php\/wp-json\/wp\/v2\/users\/21"}],"replies":[{"embeddable":true,"href":"https:\/\/fuentesfidedignas.com.mx\/index.php\/wp-json\/wp\/v2\/comments?post=34337"}],"version-history":[{"count":3,"href":"https:\/\/fuentesfidedignas.com.mx\/index.php\/wp-json\/wp\/v2\/posts\/34337\/revisions"}],"predecessor-version":[{"id":34341,"href":"https:\/\/fuentesfidedignas.com.mx\/index.php\/wp-json\/wp\/v2\/posts\/34337\/revisions\/34341"}],"wp:featuredmedia":[{"embeddable":true,"href":"https:\/\/fuentesfidedignas.com.mx\/index.php\/wp-json\/wp\/v2\/media\/34338"}],"wp:attachment":[{"href":"https:\/\/fuentesfidedignas.com.mx\/index.php\/wp-json\/wp\/v2\/media?parent=34337"}],"wp:term":[{"taxonomy":"category","embeddable":true,"href":"https:\/\/fuentesfidedignas.com.mx\/index.php\/wp-json\/wp\/v2\/categories?post=34337"},{"taxonomy":"post_tag","embeddable":true,"href":"https:\/\/fuentesfidedignas.com.mx\/index.php\/wp-json\/wp\/v2\/tags?post=34337"}],"curies":[{"name":"wp","href":"https:\/\/api.w.org\/{rel}","templated":true}]}}