{"id":34325,"date":"2022-06-14T09:45:17","date_gmt":"2022-06-14T15:45:17","guid":{"rendered":"https:\/\/fuentesfidedignas.com.mx\/?p=34325"},"modified":"2022-06-14T10:04:14","modified_gmt":"2022-06-14T16:04:14","slug":"una-vez-mas-ahora-amlo-informa-detenciones-por-caso-luis-e-ramirez-fiscal-lo-niega","status":"publish","type":"post","link":"https:\/\/fuentesfidedignas.com.mx\/index.php\/2022\/06\/14\/una-vez-mas-ahora-amlo-informa-detenciones-por-caso-luis-e-ramirez-fiscal-lo-niega\/","title":{"rendered":"\u00a1Una vez m\u00e1s! Ahora AMLO informa detenciones por caso Luis E. Ram\u00edrez; fiscal lo niega"},"content":{"rendered":"\n<p><strong><em>Autoridades estatales indicaron que la informaci\u00f3n era incorrecta, que lo m\u00e1s probable es que AMLO se haya equivocado de caso<\/em><\/strong><\/p>\n\n\n\n<p>Culiac\u00e1n, Sin.- Durante la ma\u00f1anera del presidente de la Rep\u00fablica, A<strong>ndr\u00e9s Manuel L\u00f3pez Obrador<\/strong> dio un informe sobre los avances de los casos de los periodistas asesinados en el pa\u00eds, asegur\u00f3 que los presuntos responsables del asesinato de <strong>Luis Enrique Ram\u00edrez <\/strong>hab\u00edan sido detenidos.<\/p>\n\n\n\n<p><em>&#8220;Luis Enrique Ram\u00edrez Ramos, Culiac\u00e1n, se acaba de detener a dos personas\u201d<\/em>, se\u00f1al\u00f3 L\u00f3pez Obrador al pasar lista de los nombres de los periodistas a los que se les ha privado de su vida.<\/p>\n\n\n\n<p>De acuerdo al portal <strong><em>Los Noticieristas,<\/em><\/strong> Luis Alberto D\u00edaz se\u00f1al\u00f3 que se comunicaron de inmediato con las autoridades estatales para verificar el dato, pero indicaron que la informaci\u00f3n era incorrecta, que lo m\u00e1s probable es que AMLO se haya equivocado de caso.<\/p>\n\n\n\n<p>Cabe se\u00f1alar que es la tercera ocasi\u00f3n que el gobierno federal informa que se hicieron detenciones de los responsables del homicidio del comunicador, y ha sido desmentido por la Fiscal\u00eda General del Estado. Primero lo dio a conocer el subsecretario de\u00a0<strong>Seguridad P\u00fablica, Ricardo Mej\u00eda Berdeja<\/strong>, despu\u00e9s la titular de la misma secretar\u00eda dio la misma noticia en Sinaloa hace una semana, y ahora el mismo presidente Andr\u00e9s Manuel L\u00f3pez Obrador.<\/p>\n\n\n\n<p>El periodista Luis Enrique Ram\u00edrez fue encontrado sin vida el pasado 5 de mayo en un camino de terrecer\u00eda en la capital sinaloense, y desde entonces se ha exigido la resoluci\u00f3n del caso.<\/p>\n","protected":false},"excerpt":{"rendered":"<p>Autoridades estatales indicaron que la informaci\u00f3n era incorrecta, que lo m\u00e1s probable es que AMLO se haya equivocado de caso Culiac\u00e1n, Sin.- Durante la ma\u00f1anera del presidente de la Rep\u00fablica, Andr\u00e9s Manuel L\u00f3pez Obrador dio un informe sobre los avances de los casos de los periodistas asesinados en el pa\u00eds, asegur\u00f3 que los presuntos responsables [&hellip;]<\/p>\n","protected":false},"author":4,"featured_media":34329,"comment_status":"open","ping_status":"open","sticky":false,"template":"","format":"standard","meta":{"tdm_status":"","tdm_grid_status":"","footnotes":""},"categories":[37,1],"tags":[247,297,2707,2705],"class_list":{"0":"post-34325","1":"post","2":"type-post","3":"status-publish","4":"format-standard","5":"has-post-thumbnail","7":"category-nota-principal","8":"category-sin-categoria","9":"tag-amlo","10":"tag-andres-manuel-lopez-obrador","11":"tag-justicia-para-luis-enrique-ramirez","12":"tag-luis-enrique-ramirez"},"yoast_head":"<!-- This site is optimized with the Yoast SEO plugin v27.5 - https:\/\/yoast.com\/product\/yoast-seo-wordpress\/ -->\n<title>\u00a1Una vez m\u00e1s! Ahora AMLO informa detenciones por caso Luis E. Ram\u00edrez; fiscal lo niega - Fuentes Fidedignas<\/title>\n<meta name=\"robots\" content=\"index, follow, max-snippet:-1, max-image-preview:large, max-video-preview:-1\" \/>\n<link rel=\"canonical\" href=\"https:\/\/fuentesfidedignas.com.mx\/index.php\/2022\/06\/14\/una-vez-mas-ahora-amlo-informa-detenciones-por-caso-luis-e-ramirez-fiscal-lo-niega\/\" \/>\n<meta property=\"og:locale\" content=\"es_MX\" \/>\n<meta property=\"og:type\" content=\"article\" \/>\n<meta property=\"og:title\" content=\"\u00a1Una vez m\u00e1s! Ahora AMLO informa detenciones por caso Luis E. Ram\u00edrez; fiscal lo niega - Fuentes Fidedignas\" \/>\n<meta property=\"og:description\" content=\"Autoridades estatales indicaron que la informaci\u00f3n era incorrecta, que lo m\u00e1s probable es que AMLO se haya equivocado de caso Culiac\u00e1n, Sin.- Durante la ma\u00f1anera del presidente de la Rep\u00fablica, Andr\u00e9s Manuel L\u00f3pez Obrador dio un informe sobre los avances de los casos de los periodistas asesinados en el pa\u00eds, asegur\u00f3 que los presuntos responsables [&hellip;]\" \/>\n<meta property=\"og:url\" content=\"https:\/\/fuentesfidedignas.com.mx\/index.php\/2022\/06\/14\/una-vez-mas-ahora-amlo-informa-detenciones-por-caso-luis-e-ramirez-fiscal-lo-niega\/\" \/>\n<meta property=\"og:site_name\" content=\"Fuentes Fidedignas\" \/>\n<meta property=\"article:publisher\" content=\"https:\/\/www.facebook.com\/Fuentes-Fidedignas-368234489921644\" \/>\n<meta property=\"article:published_time\" content=\"2022-06-14T15:45:17+00:00\" \/>\n<meta property=\"article:modified_time\" content=\"2022-06-14T16:04:14+00:00\" \/>\n<meta property=\"og:image\" content=\"https:\/\/fuentesfidedignas.com.mx\/wp-content\/uploads\/2022\/06\/IMG-20220614-WA0007.jpg\" \/>\n\t<meta property=\"og:image:width\" content=\"1228\" \/>\n\t<meta property=\"og:image:height\" content=\"722\" \/>\n\t<meta property=\"og:image:type\" content=\"image\/jpeg\" \/>\n<meta name=\"author\" content=\"Redacci\u00f3n\" \/>\n<meta name=\"twitter:card\" content=\"summary_large_image\" \/>\n<meta name=\"twitter:creator\" content=\"@fidedignas\" \/>\n<meta name=\"twitter:site\" content=\"@fidedignas\" \/>\n<meta name=\"twitter:label1\" content=\"Escrito por\" \/>\n\t<meta name=\"twitter:data1\" content=\"Redacci\u00f3n\" \/>\n\t<meta name=\"twitter:label2\" content=\"Tiempo de lectura\" \/>\n\t<meta name=\"twitter:data2\" content=\"2 minutos\" \/>\n<script type=\"application\/ld+json\" class=\"yoast-schema-graph\">{\"@context\":\"https:\\\/\\\/schema.org\",\"@graph\":[{\"@type\":\"Article\",\"@id\":\"https:\\\/\\\/fuentesfidedignas.com.mx\\\/index.php\\\/2022\\\/06\\\/14\\\/una-vez-mas-ahora-amlo-informa-detenciones-por-caso-luis-e-ramirez-fiscal-lo-niega\\\/#article\",\"isPartOf\":{\"@id\":\"https:\\\/\\\/fuentesfidedignas.com.mx\\\/index.php\\\/2022\\\/06\\\/14\\\/una-vez-mas-ahora-amlo-informa-detenciones-por-caso-luis-e-ramirez-fiscal-lo-niega\\\/\"},\"author\":{\"name\":\"Redacci\u00f3n\",\"@id\":\"https:\\\/\\\/fuentesfidedignas.com.mx\\\/#\\\/schema\\\/person\\\/331be9283d37198e2acd5750279085b0\"},\"headline\":\"\u00a1Una vez m\u00e1s! Ahora AMLO informa detenciones por caso Luis E. Ram\u00edrez; fiscal lo niega\",\"datePublished\":\"2022-06-14T15:45:17+00:00\",\"dateModified\":\"2022-06-14T16:04:14+00:00\",\"mainEntityOfPage\":{\"@id\":\"https:\\\/\\\/fuentesfidedignas.com.mx\\\/index.php\\\/2022\\\/06\\\/14\\\/una-vez-mas-ahora-amlo-informa-detenciones-por-caso-luis-e-ramirez-fiscal-lo-niega\\\/\"},\"wordCount\":291,\"commentCount\":0,\"publisher\":{\"@id\":\"https:\\\/\\\/fuentesfidedignas.com.mx\\\/#organization\"},\"image\":{\"@id\":\"https:\\\/\\\/fuentesfidedignas.com.mx\\\/index.php\\\/2022\\\/06\\\/14\\\/una-vez-mas-ahora-amlo-informa-detenciones-por-caso-luis-e-ramirez-fiscal-lo-niega\\\/#primaryimage\"},\"thumbnailUrl\":\"https:\\\/\\\/fuentesfidedignas.com.mx\\\/wp-content\\\/uploads\\\/2022\\\/06\\\/IMG-20220614-WA0007.jpg\",\"keywords\":[\"AMLO\",\"Andr\u00e9s Manuel L\u00f3pez Obrador\",\"Justicia para Luis Enrique Ram\u00edrez\",\"Luis Enrique Ram\u00edrez\"],\"articleSection\":[\"NOTA PRINCIPAL\"],\"inLanguage\":\"es\",\"potentialAction\":[{\"@type\":\"CommentAction\",\"name\":\"Comment\",\"target\":[\"https:\\\/\\\/fuentesfidedignas.com.mx\\\/index.php\\\/2022\\\/06\\\/14\\\/una-vez-mas-ahora-amlo-informa-detenciones-por-caso-luis-e-ramirez-fiscal-lo-niega\\\/#respond\"]}]},{\"@type\":\"WebPage\",\"@id\":\"https:\\\/\\\/fuentesfidedignas.com.mx\\\/index.php\\\/2022\\\/06\\\/14\\\/una-vez-mas-ahora-amlo-informa-detenciones-por-caso-luis-e-ramirez-fiscal-lo-niega\\\/\",\"url\":\"https:\\\/\\\/fuentesfidedignas.com.mx\\\/index.php\\\/2022\\\/06\\\/14\\\/una-vez-mas-ahora-amlo-informa-detenciones-por-caso-luis-e-ramirez-fiscal-lo-niega\\\/\",\"name\":\"\u00a1Una vez m\u00e1s! Ahora AMLO informa detenciones por caso Luis E. Ram\u00edrez; fiscal lo niega - Fuentes Fidedignas\",\"isPartOf\":{\"@id\":\"https:\\\/\\\/fuentesfidedignas.com.mx\\\/#website\"},\"primaryImageOfPage\":{\"@id\":\"https:\\\/\\\/fuentesfidedignas.com.mx\\\/index.php\\\/2022\\\/06\\\/14\\\/una-vez-mas-ahora-amlo-informa-detenciones-por-caso-luis-e-ramirez-fiscal-lo-niega\\\/#primaryimage\"},\"image\":{\"@id\":\"https:\\\/\\\/fuentesfidedignas.com.mx\\\/index.php\\\/2022\\\/06\\\/14\\\/una-vez-mas-ahora-amlo-informa-detenciones-por-caso-luis-e-ramirez-fiscal-lo-niega\\\/#primaryimage\"},\"thumbnailUrl\":\"https:\\\/\\\/fuentesfidedignas.com.mx\\\/wp-content\\\/uploads\\\/2022\\\/06\\\/IMG-20220614-WA0007.jpg\",\"datePublished\":\"2022-06-14T15:45:17+00:00\",\"dateModified\":\"2022-06-14T16:04:14+00:00\",\"breadcrumb\":{\"@id\":\"https:\\\/\\\/fuentesfidedignas.com.mx\\\/index.php\\\/2022\\\/06\\\/14\\\/una-vez-mas-ahora-amlo-informa-detenciones-por-caso-luis-e-ramirez-fiscal-lo-niega\\\/#breadcrumb\"},\"inLanguage\":\"es\",\"potentialAction\":[{\"@type\":\"ReadAction\",\"target\":[\"https:\\\/\\\/fuentesfidedignas.com.mx\\\/index.php\\\/2022\\\/06\\\/14\\\/una-vez-mas-ahora-amlo-informa-detenciones-por-caso-luis-e-ramirez-fiscal-lo-niega\\\/\"]}]},{\"@type\":\"ImageObject\",\"inLanguage\":\"es\",\"@id\":\"https:\\\/\\\/fuentesfidedignas.com.mx\\\/index.php\\\/2022\\\/06\\\/14\\\/una-vez-mas-ahora-amlo-informa-detenciones-por-caso-luis-e-ramirez-fiscal-lo-niega\\\/#primaryimage\",\"url\":\"https:\\\/\\\/fuentesfidedignas.com.mx\\\/wp-content\\\/uploads\\\/2022\\\/06\\\/IMG-20220614-WA0007.jpg\",\"contentUrl\":\"https:\\\/\\\/fuentesfidedignas.com.mx\\\/wp-content\\\/uploads\\\/2022\\\/06\\\/IMG-20220614-WA0007.jpg\",\"width\":1228,\"height\":722},{\"@type\":\"BreadcrumbList\",\"@id\":\"https:\\\/\\\/fuentesfidedignas.com.mx\\\/index.php\\\/2022\\\/06\\\/14\\\/una-vez-mas-ahora-amlo-informa-detenciones-por-caso-luis-e-ramirez-fiscal-lo-niega\\\/#breadcrumb\",\"itemListElement\":[{\"@type\":\"ListItem\",\"position\":1,\"name\":\"Inicio\",\"item\":\"https:\\\/\\\/fuentesfidedignas.com.mx\\\/\"},{\"@type\":\"ListItem\",\"position\":2,\"name\":\"\u00a1Una vez m\u00e1s! Ahora AMLO informa detenciones por caso Luis E. Ram\u00edrez; fiscal lo niega\"}]},{\"@type\":\"WebSite\",\"@id\":\"https:\\\/\\\/fuentesfidedignas.com.mx\\\/#website\",\"url\":\"https:\\\/\\\/fuentesfidedignas.com.mx\\\/\",\"name\":\"Fuentes Fidedignas\",\"description\":\"Otro sitio realizado con WordPress\",\"publisher\":{\"@id\":\"https:\\\/\\\/fuentesfidedignas.com.mx\\\/#organization\"},\"potentialAction\":[{\"@type\":\"SearchAction\",\"target\":{\"@type\":\"EntryPoint\",\"urlTemplate\":\"https:\\\/\\\/fuentesfidedignas.com.mx\\\/?s={search_term_string}\"},\"query-input\":{\"@type\":\"PropertyValueSpecification\",\"valueRequired\":true,\"valueName\":\"search_term_string\"}}],\"inLanguage\":\"es\"},{\"@type\":\"Organization\",\"@id\":\"https:\\\/\\\/fuentesfidedignas.com.mx\\\/#organization\",\"name\":\"Fuentes Fidedignas\",\"url\":\"https:\\\/\\\/fuentesfidedignas.com.mx\\\/\",\"logo\":{\"@type\":\"ImageObject\",\"inLanguage\":\"es\",\"@id\":\"https:\\\/\\\/fuentesfidedignas.com.mx\\\/#\\\/schema\\\/logo\\\/image\\\/\",\"url\":\"https:\\\/\\\/fuentesfidedignas.com.mx\\\/wp-content\\\/uploads\\\/2021\\\/04\\\/logo-retina.png\",\"contentUrl\":\"https:\\\/\\\/fuentesfidedignas.com.mx\\\/wp-content\\\/uploads\\\/2021\\\/04\\\/logo-retina.png\",\"width\":280,\"height\":51,\"caption\":\"Fuentes Fidedignas\"},\"image\":{\"@id\":\"https:\\\/\\\/fuentesfidedignas.com.mx\\\/#\\\/schema\\\/logo\\\/image\\\/\"},\"sameAs\":[\"https:\\\/\\\/www.facebook.com\\\/Fuentes-Fidedignas-368234489921644\",\"https:\\\/\\\/x.com\\\/fidedignas\"]},{\"@type\":\"Person\",\"@id\":\"https:\\\/\\\/fuentesfidedignas.com.mx\\\/#\\\/schema\\\/person\\\/331be9283d37198e2acd5750279085b0\",\"name\":\"Redacci\u00f3n\",\"image\":{\"@type\":\"ImageObject\",\"inLanguage\":\"es\",\"@id\":\"https:\\\/\\\/secure.gravatar.com\\\/avatar\\\/f6d8782c11d12b2d4ad3fbb6931aeab5309937a4d6cd2fc9cfaa28a6396a5aec?s=96&d=mm&r=g\",\"url\":\"https:\\\/\\\/secure.gravatar.com\\\/avatar\\\/f6d8782c11d12b2d4ad3fbb6931aeab5309937a4d6cd2fc9cfaa28a6396a5aec?s=96&d=mm&r=g\",\"contentUrl\":\"https:\\\/\\\/secure.gravatar.com\\\/avatar\\\/f6d8782c11d12b2d4ad3fbb6931aeab5309937a4d6cd2fc9cfaa28a6396a5aec?s=96&d=mm&r=g\",\"caption\":\"Redacci\u00f3n\"},\"url\":\"https:\\\/\\\/fuentesfidedignas.com.mx\\\/index.php\\\/author\\\/redaccion\\\/\"}]}<\/script>\n<!-- \/ Yoast SEO plugin. -->","yoast_head_json":{"title":"\u00a1Una vez m\u00e1s! Ahora AMLO informa detenciones por caso Luis E. Ram\u00edrez; fiscal lo niega - Fuentes Fidedignas","robots":{"index":"index","follow":"follow","max-snippet":"max-snippet:-1","max-image-preview":"max-image-preview:large","max-video-preview":"max-video-preview:-1"},"canonical":"https:\/\/fuentesfidedignas.com.mx\/index.php\/2022\/06\/14\/una-vez-mas-ahora-amlo-informa-detenciones-por-caso-luis-e-ramirez-fiscal-lo-niega\/","og_locale":"es_MX","og_type":"article","og_title":"\u00a1Una vez m\u00e1s! Ahora AMLO informa detenciones por caso Luis E. Ram\u00edrez; fiscal lo niega - Fuentes Fidedignas","og_description":"Autoridades estatales indicaron que la informaci\u00f3n era incorrecta, que lo m\u00e1s probable es que AMLO se haya equivocado de caso Culiac\u00e1n, Sin.- Durante la ma\u00f1anera del presidente de la Rep\u00fablica, Andr\u00e9s Manuel L\u00f3pez Obrador dio un informe sobre los avances de los casos de los periodistas asesinados en el pa\u00eds, asegur\u00f3 que los presuntos responsables [&hellip;]","og_url":"https:\/\/fuentesfidedignas.com.mx\/index.php\/2022\/06\/14\/una-vez-mas-ahora-amlo-informa-detenciones-por-caso-luis-e-ramirez-fiscal-lo-niega\/","og_site_name":"Fuentes Fidedignas","article_publisher":"https:\/\/www.facebook.com\/Fuentes-Fidedignas-368234489921644","article_published_time":"2022-06-14T15:45:17+00:00","article_modified_time":"2022-06-14T16:04:14+00:00","og_image":[{"width":1228,"height":722,"url":"https:\/\/fuentesfidedignas.com.mx\/wp-content\/uploads\/2022\/06\/IMG-20220614-WA0007.jpg","type":"image\/jpeg"}],"author":"Redacci\u00f3n","twitter_card":"summary_large_image","twitter_creator":"@fidedignas","twitter_site":"@fidedignas","twitter_misc":{"Escrito por":"Redacci\u00f3n","Tiempo de lectura":"2 minutos"},"schema":{"@context":"https:\/\/schema.org","@graph":[{"@type":"Article","@id":"https:\/\/fuentesfidedignas.com.mx\/index.php\/2022\/06\/14\/una-vez-mas-ahora-amlo-informa-detenciones-por-caso-luis-e-ramirez-fiscal-lo-niega\/#article","isPartOf":{"@id":"https:\/\/fuentesfidedignas.com.mx\/index.php\/2022\/06\/14\/una-vez-mas-ahora-amlo-informa-detenciones-por-caso-luis-e-ramirez-fiscal-lo-niega\/"},"author":{"name":"Redacci\u00f3n","@id":"https:\/\/fuentesfidedignas.com.mx\/#\/schema\/person\/331be9283d37198e2acd5750279085b0"},"headline":"\u00a1Una vez m\u00e1s! Ahora AMLO informa detenciones por caso Luis E. Ram\u00edrez; fiscal lo niega","datePublished":"2022-06-14T15:45:17+00:00","dateModified":"2022-06-14T16:04:14+00:00","mainEntityOfPage":{"@id":"https:\/\/fuentesfidedignas.com.mx\/index.php\/2022\/06\/14\/una-vez-mas-ahora-amlo-informa-detenciones-por-caso-luis-e-ramirez-fiscal-lo-niega\/"},"wordCount":291,"commentCount":0,"publisher":{"@id":"https:\/\/fuentesfidedignas.com.mx\/#organization"},"image":{"@id":"https:\/\/fuentesfidedignas.com.mx\/index.php\/2022\/06\/14\/una-vez-mas-ahora-amlo-informa-detenciones-por-caso-luis-e-ramirez-fiscal-lo-niega\/#primaryimage"},"thumbnailUrl":"https:\/\/fuentesfidedignas.com.mx\/wp-content\/uploads\/2022\/06\/IMG-20220614-WA0007.jpg","keywords":["AMLO","Andr\u00e9s Manuel L\u00f3pez Obrador","Justicia para Luis Enrique Ram\u00edrez","Luis Enrique Ram\u00edrez"],"articleSection":["NOTA PRINCIPAL"],"inLanguage":"es","potentialAction":[{"@type":"CommentAction","name":"Comment","target":["https:\/\/fuentesfidedignas.com.mx\/index.php\/2022\/06\/14\/una-vez-mas-ahora-amlo-informa-detenciones-por-caso-luis-e-ramirez-fiscal-lo-niega\/#respond"]}]},{"@type":"WebPage","@id":"https:\/\/fuentesfidedignas.com.mx\/index.php\/2022\/06\/14\/una-vez-mas-ahora-amlo-informa-detenciones-por-caso-luis-e-ramirez-fiscal-lo-niega\/","url":"https:\/\/fuentesfidedignas.com.mx\/index.php\/2022\/06\/14\/una-vez-mas-ahora-amlo-informa-detenciones-por-caso-luis-e-ramirez-fiscal-lo-niega\/","name":"\u00a1Una vez m\u00e1s! Ahora AMLO informa detenciones por caso Luis E. Ram\u00edrez; fiscal lo niega - Fuentes Fidedignas","isPartOf":{"@id":"https:\/\/fuentesfidedignas.com.mx\/#website"},"primaryImageOfPage":{"@id":"https:\/\/fuentesfidedignas.com.mx\/index.php\/2022\/06\/14\/una-vez-mas-ahora-amlo-informa-detenciones-por-caso-luis-e-ramirez-fiscal-lo-niega\/#primaryimage"},"image":{"@id":"https:\/\/fuentesfidedignas.com.mx\/index.php\/2022\/06\/14\/una-vez-mas-ahora-amlo-informa-detenciones-por-caso-luis-e-ramirez-fiscal-lo-niega\/#primaryimage"},"thumbnailUrl":"https:\/\/fuentesfidedignas.com.mx\/wp-content\/uploads\/2022\/06\/IMG-20220614-WA0007.jpg","datePublished":"2022-06-14T15:45:17+00:00","dateModified":"2022-06-14T16:04:14+00:00","breadcrumb":{"@id":"https:\/\/fuentesfidedignas.com.mx\/index.php\/2022\/06\/14\/una-vez-mas-ahora-amlo-informa-detenciones-por-caso-luis-e-ramirez-fiscal-lo-niega\/#breadcrumb"},"inLanguage":"es","potentialAction":[{"@type":"ReadAction","target":["https:\/\/fuentesfidedignas.com.mx\/index.php\/2022\/06\/14\/una-vez-mas-ahora-amlo-informa-detenciones-por-caso-luis-e-ramirez-fiscal-lo-niega\/"]}]},{"@type":"ImageObject","inLanguage":"es","@id":"https:\/\/fuentesfidedignas.com.mx\/index.php\/2022\/06\/14\/una-vez-mas-ahora-amlo-informa-detenciones-por-caso-luis-e-ramirez-fiscal-lo-niega\/#primaryimage","url":"https:\/\/fuentesfidedignas.com.mx\/wp-content\/uploads\/2022\/06\/IMG-20220614-WA0007.jpg","contentUrl":"https:\/\/fuentesfidedignas.com.mx\/wp-content\/uploads\/2022\/06\/IMG-20220614-WA0007.jpg","width":1228,"height":722},{"@type":"BreadcrumbList","@id":"https:\/\/fuentesfidedignas.com.mx\/index.php\/2022\/06\/14\/una-vez-mas-ahora-amlo-informa-detenciones-por-caso-luis-e-ramirez-fiscal-lo-niega\/#breadcrumb","itemListElement":[{"@type":"ListItem","position":1,"name":"Inicio","item":"https:\/\/fuentesfidedignas.com.mx\/"},{"@type":"ListItem","position":2,"name":"\u00a1Una vez m\u00e1s! Ahora AMLO informa detenciones por caso Luis E. Ram\u00edrez; fiscal lo niega"}]},{"@type":"WebSite","@id":"https:\/\/fuentesfidedignas.com.mx\/#website","url":"https:\/\/fuentesfidedignas.com.mx\/","name":"Fuentes Fidedignas","description":"Otro sitio realizado con WordPress","publisher":{"@id":"https:\/\/fuentesfidedignas.com.mx\/#organization"},"potentialAction":[{"@type":"SearchAction","target":{"@type":"EntryPoint","urlTemplate":"https:\/\/fuentesfidedignas.com.mx\/?s={search_term_string}"},"query-input":{"@type":"PropertyValueSpecification","valueRequired":true,"valueName":"search_term_string"}}],"inLanguage":"es"},{"@type":"Organization","@id":"https:\/\/fuentesfidedignas.com.mx\/#organization","name":"Fuentes Fidedignas","url":"https:\/\/fuentesfidedignas.com.mx\/","logo":{"@type":"ImageObject","inLanguage":"es","@id":"https:\/\/fuentesfidedignas.com.mx\/#\/schema\/logo\/image\/","url":"https:\/\/fuentesfidedignas.com.mx\/wp-content\/uploads\/2021\/04\/logo-retina.png","contentUrl":"https:\/\/fuentesfidedignas.com.mx\/wp-content\/uploads\/2021\/04\/logo-retina.png","width":280,"height":51,"caption":"Fuentes Fidedignas"},"image":{"@id":"https:\/\/fuentesfidedignas.com.mx\/#\/schema\/logo\/image\/"},"sameAs":["https:\/\/www.facebook.com\/Fuentes-Fidedignas-368234489921644","https:\/\/x.com\/fidedignas"]},{"@type":"Person","@id":"https:\/\/fuentesfidedignas.com.mx\/#\/schema\/person\/331be9283d37198e2acd5750279085b0","name":"Redacci\u00f3n","image":{"@type":"ImageObject","inLanguage":"es","@id":"https:\/\/secure.gravatar.com\/avatar\/f6d8782c11d12b2d4ad3fbb6931aeab5309937a4d6cd2fc9cfaa28a6396a5aec?s=96&d=mm&r=g","url":"https:\/\/secure.gravatar.com\/avatar\/f6d8782c11d12b2d4ad3fbb6931aeab5309937a4d6cd2fc9cfaa28a6396a5aec?s=96&d=mm&r=g","contentUrl":"https:\/\/secure.gravatar.com\/avatar\/f6d8782c11d12b2d4ad3fbb6931aeab5309937a4d6cd2fc9cfaa28a6396a5aec?s=96&d=mm&r=g","caption":"Redacci\u00f3n"},"url":"https:\/\/fuentesfidedignas.com.mx\/index.php\/author\/redaccion\/"}]}},"_links":{"self":[{"href":"https:\/\/fuentesfidedignas.com.mx\/index.php\/wp-json\/wp\/v2\/posts\/34325","targetHints":{"allow":["GET"]}}],"collection":[{"href":"https:\/\/fuentesfidedignas.com.mx\/index.php\/wp-json\/wp\/v2\/posts"}],"about":[{"href":"https:\/\/fuentesfidedignas.com.mx\/index.php\/wp-json\/wp\/v2\/types\/post"}],"author":[{"embeddable":true,"href":"https:\/\/fuentesfidedignas.com.mx\/index.php\/wp-json\/wp\/v2\/users\/4"}],"replies":[{"embeddable":true,"href":"https:\/\/fuentesfidedignas.com.mx\/index.php\/wp-json\/wp\/v2\/comments?post=34325"}],"version-history":[{"count":3,"href":"https:\/\/fuentesfidedignas.com.mx\/index.php\/wp-json\/wp\/v2\/posts\/34325\/revisions"}],"predecessor-version":[{"id":34332,"href":"https:\/\/fuentesfidedignas.com.mx\/index.php\/wp-json\/wp\/v2\/posts\/34325\/revisions\/34332"}],"wp:featuredmedia":[{"embeddable":true,"href":"https:\/\/fuentesfidedignas.com.mx\/index.php\/wp-json\/wp\/v2\/media\/34329"}],"wp:attachment":[{"href":"https:\/\/fuentesfidedignas.com.mx\/index.php\/wp-json\/wp\/v2\/media?parent=34325"}],"wp:term":[{"taxonomy":"category","embeddable":true,"href":"https:\/\/fuentesfidedignas.com.mx\/index.php\/wp-json\/wp\/v2\/categories?post=34325"},{"taxonomy":"post_tag","embeddable":true,"href":"https:\/\/fuentesfidedignas.com.mx\/index.php\/wp-json\/wp\/v2\/tags?post=34325"}],"curies":[{"name":"wp","href":"https:\/\/api.w.org\/{rel}","templated":true}]}}