{"id":34316,"date":"2022-06-14T07:38:04","date_gmt":"2022-06-14T13:38:04","guid":{"rendered":"https:\/\/fuentesfidedignas.com.mx\/?p=34316"},"modified":"2022-06-14T07:38:05","modified_gmt":"2022-06-14T13:38:05","slug":"crimen-organizado-deja-sin-pollo-a-chilpancingo-chiapas","status":"publish","type":"post","link":"https:\/\/fuentesfidedignas.com.mx\/index.php\/2022\/06\/14\/crimen-organizado-deja-sin-pollo-a-chilpancingo-chiapas\/","title":{"rendered":"Crimen organizado deja sin pollo a Chilpancingo, Chiapas"},"content":{"rendered":"\n<p><strong><em>Desde hace una semana, el producto comenz\u00f3 a desaparecer de los mercados de la capital del estado, luego de diversos ataques armados y el asesinato de al menos ocho distribuidores<\/em><\/strong><\/p>\n\n\n\n<p>Chilpancingo.\u2014 La posibilidad de conseguir pollo en Chilpancingo es m\u00ednima. La mayor\u00eda de las poller\u00edas est\u00e1n cerradas. En el Mercado Baltazar R. Leyva Mancilla, el principal centro de abasto de la capital, los 38 locales est\u00e1n vac\u00edos. Los pocos establecimientos que se mantienen abiertos venden lo rezagado: pollo congelado.<\/p>\n\n\n\n<p>La ma\u00f1ana del s\u00e1bado se suspendi\u00f3 la distribuci\u00f3n de pollo en Chilpancingo. No hubo aviso oficial. Fue a balazos. Un comando armado atac\u00f3 una granja de pollo en la comunidad de Petaquillas y asesin\u00f3 al due\u00f1o, a su hija \u2014una menor de 12 a\u00f1os\u2014 y a cuatro trabajadores. Otros dos empleados quedaron heridos.<\/p>\n\n\n\n<p>Desde entonces nadie surte pollo. \u201cNo se sabe para cu\u00e1ndo volver\u00e1n a distribuir y tampoco vemos garant\u00edas para vender\u201d, dice una vendedora que prefiere omitir su nombre.<\/p>\n\n\n\n<p>Es la una de la tarde del lunes y la nave nueve del Mercado Baltazar R. Leyva Mancilla luce desolada. Los tres pasillos dedicados a la venta de pollos est\u00e1n vac\u00edos; no hay vendedores ni compradores. Casi nadie camina por ah\u00ed. Tampoco se ve a polic\u00edas o militares vigilando la zona, pese a que el gobierno de Guerrero anunci\u00f3 un \u201creforzamiento\u201d de la seguridad en la capital. S\u00f3lo se ven pocos elementos de la Polic\u00eda Industrial.<\/p>\n\n\n\n<p>\u201cEsto nos va afectar a todos, la gente no est\u00e1 viniendo, tiene miedo\u201d, dice una comerciante.<\/p>\n\n\n\n<p>Los pasillos se comenzaron a vaciar desde hace una semana, cuando hombres armados asesinaron, entre clientes y vendedores, a un distribuidor de pollos identificado como Tom\u00e1s.<\/p>\n\n\n\n<p>Eran las 4 de la tarde del 6 de junio cuando hombres armados asesinaron al distribuidor, quien qued\u00f3 tirado en el pasillo. Provoc\u00f3 terror, pero en minutos todo volvi\u00f3 a la normalidad.<\/p>\n\n\n\n<p>El crimen fue el pre\u00e1mbulo de una semana violenta en la capital. Esa noche y la madrugada del siguiente d\u00eda, hombres armados quemaron seis veh\u00edculos de transporte p\u00fablico, cuatro de la ruta que va de Chilpancingo a la comunidad de Petaquillas.<\/p>\n\n\n\n<p>Tres d\u00edas despu\u00e9s, en el estacionamiento del mercado atacaron a dos repartidores de pollo. Hombres armados llegaron a la camioneta donde transportaban el producto y les dispararon. Uno muri\u00f3 y el otro qued\u00f3 herido.<\/p>\n\n\n\n<p>A las 8:30 de la ma\u00f1ana del s\u00e1bado se produjo la masacre en la granja de pollos en Petaquillas. El due\u00f1o fue identificado como familiar de Tom\u00e1s, el distribuidor asesinado en el mercado.<\/p>\n\n\n\n<p>Antes de que los pollos desaparecieran de los puestos de los mercados, asesinaron en total a ocho trabajadores.<\/p>\n\n\n\n<p>La falta de pollos ocurre en todos los mercados de Chilpancingo. En el del centro, cinco de las seis poller\u00edas est\u00e1n cerradas. En la \u00fanica que permaneci\u00f3 abierta venden chicharr\u00f3n, manteca y frijoles refritos; no tienen pollo.<\/p>\n\n\n\n<p>El joven que atiende el puesto explica que el s\u00e1bado fue la \u00faltima vez que les surtieron pollo, pero lo pagaron 30 pesos m\u00e1s caro.<\/p>\n\n\n\n<p>Este lunes, algunos alcanzaron a comprar pollo, pero a mayor precio. El due\u00f1o de un restaurante cuenta que el s\u00e1bado pag\u00f3 175 pesos por un pollo completo y hoy 220.<\/p>\n\n\n\n<p>\u201cNo s\u00e9 c\u00f3mo le voy a hacer porque no quiero ir a buscar el pollo; da miedo que cuando est\u00e9 ah\u00ed, lleguen y ataquen\u201d, dice.<\/p>\n\n\n\n<p>Seg\u00fan la Fiscal\u00eda General del Estado, en Chilpancingo operan dos organizaciones criminales, Los Ardillos y Los Tlacos.<\/p>\n\n\n\n<p>Sin embargo, el obispo em\u00e9rito de la Di\u00f3cesis Chilpancingo-Chilapa, Salvador Rangel Mendoza, dice que la violencia de los \u00faltimos d\u00edas se debe al arribo de una tercera organizaci\u00f3n que busca desplazar a las otras dos. No dio nombre del otro grupo, pero asegura que las autoridades s\u00ed saben qui\u00e9nes son.<\/p>\n","protected":false},"excerpt":{"rendered":"<p>Desde hace una semana, el producto comenz\u00f3 a desaparecer de los mercados de la capital del estado, luego de diversos ataques armados y el asesinato de al menos ocho distribuidores Chilpancingo.\u2014 La posibilidad de conseguir pollo en Chilpancingo es m\u00ednima. La mayor\u00eda de las poller\u00edas est\u00e1n cerradas. En el Mercado Baltazar R. Leyva Mancilla, el [&hellip;]<\/p>\n","protected":false},"author":39,"featured_media":34317,"comment_status":"open","ping_status":"open","sticky":false,"template":"","format":"standard","meta":{"tdm_status":"","tdm_grid_status":"","footnotes":""},"categories":[39],"tags":[],"class_list":{"0":"post-34316","1":"post","2":"type-post","3":"status-publish","4":"format-standard","5":"has-post-thumbnail","7":"category-noticias-nacionales"},"yoast_head":"<!-- This site is optimized with the Yoast SEO plugin v27.4 - https:\/\/yoast.com\/product\/yoast-seo-wordpress\/ -->\n<title>Crimen organizado deja sin pollo a Chilpancingo, Chiapas - Fuentes Fidedignas<\/title>\n<meta name=\"robots\" content=\"index, follow, max-snippet:-1, max-image-preview:large, max-video-preview:-1\" \/>\n<link rel=\"canonical\" href=\"https:\/\/fuentesfidedignas.com.mx\/index.php\/2022\/06\/14\/crimen-organizado-deja-sin-pollo-a-chilpancingo-chiapas\/\" \/>\n<meta property=\"og:locale\" content=\"es_MX\" \/>\n<meta property=\"og:type\" content=\"article\" \/>\n<meta property=\"og:title\" content=\"Crimen organizado deja sin pollo a Chilpancingo, Chiapas - Fuentes Fidedignas\" \/>\n<meta property=\"og:description\" content=\"Desde hace una semana, el producto comenz\u00f3 a desaparecer de los mercados de la capital del estado, luego de diversos ataques armados y el asesinato de al menos ocho distribuidores Chilpancingo.\u2014 La posibilidad de conseguir pollo en Chilpancingo es m\u00ednima. La mayor\u00eda de las poller\u00edas est\u00e1n cerradas. En el Mercado Baltazar R. Leyva Mancilla, el [&hellip;]\" \/>\n<meta property=\"og:url\" content=\"https:\/\/fuentesfidedignas.com.mx\/index.php\/2022\/06\/14\/crimen-organizado-deja-sin-pollo-a-chilpancingo-chiapas\/\" \/>\n<meta property=\"og:site_name\" content=\"Fuentes Fidedignas\" \/>\n<meta property=\"article:publisher\" content=\"https:\/\/www.facebook.com\/Fuentes-Fidedignas-368234489921644\" \/>\n<meta property=\"article:published_time\" content=\"2022-06-14T13:38:04+00:00\" \/>\n<meta property=\"article:modified_time\" content=\"2022-06-14T13:38:05+00:00\" \/>\n<meta property=\"og:image\" content=\"https:\/\/fuentesfidedignas.com.mx\/wp-content\/uploads\/2022\/06\/POLLO_PUESTO.jpg\" \/>\n\t<meta property=\"og:image:width\" content=\"1334\" \/>\n\t<meta property=\"og:image:height\" content=\"817\" \/>\n\t<meta property=\"og:image:type\" content=\"image\/jpeg\" \/>\n<meta name=\"author\" content=\"El Universal\" \/>\n<meta name=\"twitter:card\" content=\"summary_large_image\" \/>\n<meta name=\"twitter:creator\" content=\"@fidedignas\" \/>\n<meta name=\"twitter:site\" content=\"@fidedignas\" \/>\n<meta name=\"twitter:label1\" content=\"Escrito por\" \/>\n\t<meta name=\"twitter:data1\" content=\"El Universal\" \/>\n\t<meta name=\"twitter:label2\" content=\"Tiempo de lectura\" \/>\n\t<meta name=\"twitter:data2\" content=\"3 minutos\" \/>\n<script type=\"application\/ld+json\" class=\"yoast-schema-graph\">{\"@context\":\"https:\\\/\\\/schema.org\",\"@graph\":[{\"@type\":\"Article\",\"@id\":\"https:\\\/\\\/fuentesfidedignas.com.mx\\\/index.php\\\/2022\\\/06\\\/14\\\/crimen-organizado-deja-sin-pollo-a-chilpancingo-chiapas\\\/#article\",\"isPartOf\":{\"@id\":\"https:\\\/\\\/fuentesfidedignas.com.mx\\\/index.php\\\/2022\\\/06\\\/14\\\/crimen-organizado-deja-sin-pollo-a-chilpancingo-chiapas\\\/\"},\"author\":{\"name\":\"El Universal\",\"@id\":\"https:\\\/\\\/fuentesfidedignas.com.mx\\\/#\\\/schema\\\/person\\\/fee3882e65fd0510d292c43a346d35d7\"},\"headline\":\"Crimen organizado deja sin pollo a Chilpancingo, Chiapas\",\"datePublished\":\"2022-06-14T13:38:04+00:00\",\"dateModified\":\"2022-06-14T13:38:05+00:00\",\"mainEntityOfPage\":{\"@id\":\"https:\\\/\\\/fuentesfidedignas.com.mx\\\/index.php\\\/2022\\\/06\\\/14\\\/crimen-organizado-deja-sin-pollo-a-chilpancingo-chiapas\\\/\"},\"wordCount\":664,\"commentCount\":0,\"publisher\":{\"@id\":\"https:\\\/\\\/fuentesfidedignas.com.mx\\\/#organization\"},\"image\":{\"@id\":\"https:\\\/\\\/fuentesfidedignas.com.mx\\\/index.php\\\/2022\\\/06\\\/14\\\/crimen-organizado-deja-sin-pollo-a-chilpancingo-chiapas\\\/#primaryimage\"},\"thumbnailUrl\":\"https:\\\/\\\/fuentesfidedignas.com.mx\\\/wp-content\\\/uploads\\\/2022\\\/06\\\/POLLO_PUESTO.jpg\",\"articleSection\":[\"NOTICIAS NACIONALES\"],\"inLanguage\":\"es\",\"potentialAction\":[{\"@type\":\"CommentAction\",\"name\":\"Comment\",\"target\":[\"https:\\\/\\\/fuentesfidedignas.com.mx\\\/index.php\\\/2022\\\/06\\\/14\\\/crimen-organizado-deja-sin-pollo-a-chilpancingo-chiapas\\\/#respond\"]}]},{\"@type\":\"WebPage\",\"@id\":\"https:\\\/\\\/fuentesfidedignas.com.mx\\\/index.php\\\/2022\\\/06\\\/14\\\/crimen-organizado-deja-sin-pollo-a-chilpancingo-chiapas\\\/\",\"url\":\"https:\\\/\\\/fuentesfidedignas.com.mx\\\/index.php\\\/2022\\\/06\\\/14\\\/crimen-organizado-deja-sin-pollo-a-chilpancingo-chiapas\\\/\",\"name\":\"Crimen organizado deja sin pollo a Chilpancingo, Chiapas - Fuentes Fidedignas\",\"isPartOf\":{\"@id\":\"https:\\\/\\\/fuentesfidedignas.com.mx\\\/#website\"},\"primaryImageOfPage\":{\"@id\":\"https:\\\/\\\/fuentesfidedignas.com.mx\\\/index.php\\\/2022\\\/06\\\/14\\\/crimen-organizado-deja-sin-pollo-a-chilpancingo-chiapas\\\/#primaryimage\"},\"image\":{\"@id\":\"https:\\\/\\\/fuentesfidedignas.com.mx\\\/index.php\\\/2022\\\/06\\\/14\\\/crimen-organizado-deja-sin-pollo-a-chilpancingo-chiapas\\\/#primaryimage\"},\"thumbnailUrl\":\"https:\\\/\\\/fuentesfidedignas.com.mx\\\/wp-content\\\/uploads\\\/2022\\\/06\\\/POLLO_PUESTO.jpg\",\"datePublished\":\"2022-06-14T13:38:04+00:00\",\"dateModified\":\"2022-06-14T13:38:05+00:00\",\"breadcrumb\":{\"@id\":\"https:\\\/\\\/fuentesfidedignas.com.mx\\\/index.php\\\/2022\\\/06\\\/14\\\/crimen-organizado-deja-sin-pollo-a-chilpancingo-chiapas\\\/#breadcrumb\"},\"inLanguage\":\"es\",\"potentialAction\":[{\"@type\":\"ReadAction\",\"target\":[\"https:\\\/\\\/fuentesfidedignas.com.mx\\\/index.php\\\/2022\\\/06\\\/14\\\/crimen-organizado-deja-sin-pollo-a-chilpancingo-chiapas\\\/\"]}]},{\"@type\":\"ImageObject\",\"inLanguage\":\"es\",\"@id\":\"https:\\\/\\\/fuentesfidedignas.com.mx\\\/index.php\\\/2022\\\/06\\\/14\\\/crimen-organizado-deja-sin-pollo-a-chilpancingo-chiapas\\\/#primaryimage\",\"url\":\"https:\\\/\\\/fuentesfidedignas.com.mx\\\/wp-content\\\/uploads\\\/2022\\\/06\\\/POLLO_PUESTO.jpg\",\"contentUrl\":\"https:\\\/\\\/fuentesfidedignas.com.mx\\\/wp-content\\\/uploads\\\/2022\\\/06\\\/POLLO_PUESTO.jpg\",\"width\":1334,\"height\":817},{\"@type\":\"BreadcrumbList\",\"@id\":\"https:\\\/\\\/fuentesfidedignas.com.mx\\\/index.php\\\/2022\\\/06\\\/14\\\/crimen-organizado-deja-sin-pollo-a-chilpancingo-chiapas\\\/#breadcrumb\",\"itemListElement\":[{\"@type\":\"ListItem\",\"position\":1,\"name\":\"Inicio\",\"item\":\"https:\\\/\\\/fuentesfidedignas.com.mx\\\/\"},{\"@type\":\"ListItem\",\"position\":2,\"name\":\"Crimen organizado deja sin pollo a Chilpancingo, Chiapas\"}]},{\"@type\":\"WebSite\",\"@id\":\"https:\\\/\\\/fuentesfidedignas.com.mx\\\/#website\",\"url\":\"https:\\\/\\\/fuentesfidedignas.com.mx\\\/\",\"name\":\"Fuentes Fidedignas\",\"description\":\"Otro sitio realizado con WordPress\",\"publisher\":{\"@id\":\"https:\\\/\\\/fuentesfidedignas.com.mx\\\/#organization\"},\"potentialAction\":[{\"@type\":\"SearchAction\",\"target\":{\"@type\":\"EntryPoint\",\"urlTemplate\":\"https:\\\/\\\/fuentesfidedignas.com.mx\\\/?s={search_term_string}\"},\"query-input\":{\"@type\":\"PropertyValueSpecification\",\"valueRequired\":true,\"valueName\":\"search_term_string\"}}],\"inLanguage\":\"es\"},{\"@type\":\"Organization\",\"@id\":\"https:\\\/\\\/fuentesfidedignas.com.mx\\\/#organization\",\"name\":\"Fuentes Fidedignas\",\"url\":\"https:\\\/\\\/fuentesfidedignas.com.mx\\\/\",\"logo\":{\"@type\":\"ImageObject\",\"inLanguage\":\"es\",\"@id\":\"https:\\\/\\\/fuentesfidedignas.com.mx\\\/#\\\/schema\\\/logo\\\/image\\\/\",\"url\":\"https:\\\/\\\/fuentesfidedignas.com.mx\\\/wp-content\\\/uploads\\\/2021\\\/04\\\/logo-retina.png\",\"contentUrl\":\"https:\\\/\\\/fuentesfidedignas.com.mx\\\/wp-content\\\/uploads\\\/2021\\\/04\\\/logo-retina.png\",\"width\":280,\"height\":51,\"caption\":\"Fuentes Fidedignas\"},\"image\":{\"@id\":\"https:\\\/\\\/fuentesfidedignas.com.mx\\\/#\\\/schema\\\/logo\\\/image\\\/\"},\"sameAs\":[\"https:\\\/\\\/www.facebook.com\\\/Fuentes-Fidedignas-368234489921644\",\"https:\\\/\\\/x.com\\\/fidedignas\"]},{\"@type\":\"Person\",\"@id\":\"https:\\\/\\\/fuentesfidedignas.com.mx\\\/#\\\/schema\\\/person\\\/fee3882e65fd0510d292c43a346d35d7\",\"name\":\"El Universal\",\"image\":{\"@type\":\"ImageObject\",\"inLanguage\":\"es\",\"@id\":\"https:\\\/\\\/secure.gravatar.com\\\/avatar\\\/1ebc94d82b6c3c081781f73e5b76a0d0c1ac7bf8e57426f18802246eeaa2747c?s=96&d=mm&r=g\",\"url\":\"https:\\\/\\\/secure.gravatar.com\\\/avatar\\\/1ebc94d82b6c3c081781f73e5b76a0d0c1ac7bf8e57426f18802246eeaa2747c?s=96&d=mm&r=g\",\"contentUrl\":\"https:\\\/\\\/secure.gravatar.com\\\/avatar\\\/1ebc94d82b6c3c081781f73e5b76a0d0c1ac7bf8e57426f18802246eeaa2747c?s=96&d=mm&r=g\",\"caption\":\"El Universal\"},\"url\":\"https:\\\/\\\/fuentesfidedignas.com.mx\\\/index.php\\\/author\\\/el-universal\\\/\"}]}<\/script>\n<!-- \/ Yoast SEO plugin. -->","yoast_head_json":{"title":"Crimen organizado deja sin pollo a Chilpancingo, Chiapas - Fuentes Fidedignas","robots":{"index":"index","follow":"follow","max-snippet":"max-snippet:-1","max-image-preview":"max-image-preview:large","max-video-preview":"max-video-preview:-1"},"canonical":"https:\/\/fuentesfidedignas.com.mx\/index.php\/2022\/06\/14\/crimen-organizado-deja-sin-pollo-a-chilpancingo-chiapas\/","og_locale":"es_MX","og_type":"article","og_title":"Crimen organizado deja sin pollo a Chilpancingo, Chiapas - Fuentes Fidedignas","og_description":"Desde hace una semana, el producto comenz\u00f3 a desaparecer de los mercados de la capital del estado, luego de diversos ataques armados y el asesinato de al menos ocho distribuidores Chilpancingo.\u2014 La posibilidad de conseguir pollo en Chilpancingo es m\u00ednima. La mayor\u00eda de las poller\u00edas est\u00e1n cerradas. En el Mercado Baltazar R. Leyva Mancilla, el [&hellip;]","og_url":"https:\/\/fuentesfidedignas.com.mx\/index.php\/2022\/06\/14\/crimen-organizado-deja-sin-pollo-a-chilpancingo-chiapas\/","og_site_name":"Fuentes Fidedignas","article_publisher":"https:\/\/www.facebook.com\/Fuentes-Fidedignas-368234489921644","article_published_time":"2022-06-14T13:38:04+00:00","article_modified_time":"2022-06-14T13:38:05+00:00","og_image":[{"width":1334,"height":817,"url":"https:\/\/fuentesfidedignas.com.mx\/wp-content\/uploads\/2022\/06\/POLLO_PUESTO.jpg","type":"image\/jpeg"}],"author":"El Universal","twitter_card":"summary_large_image","twitter_creator":"@fidedignas","twitter_site":"@fidedignas","twitter_misc":{"Escrito por":"El Universal","Tiempo de lectura":"3 minutos"},"schema":{"@context":"https:\/\/schema.org","@graph":[{"@type":"Article","@id":"https:\/\/fuentesfidedignas.com.mx\/index.php\/2022\/06\/14\/crimen-organizado-deja-sin-pollo-a-chilpancingo-chiapas\/#article","isPartOf":{"@id":"https:\/\/fuentesfidedignas.com.mx\/index.php\/2022\/06\/14\/crimen-organizado-deja-sin-pollo-a-chilpancingo-chiapas\/"},"author":{"name":"El Universal","@id":"https:\/\/fuentesfidedignas.com.mx\/#\/schema\/person\/fee3882e65fd0510d292c43a346d35d7"},"headline":"Crimen organizado deja sin pollo a Chilpancingo, Chiapas","datePublished":"2022-06-14T13:38:04+00:00","dateModified":"2022-06-14T13:38:05+00:00","mainEntityOfPage":{"@id":"https:\/\/fuentesfidedignas.com.mx\/index.php\/2022\/06\/14\/crimen-organizado-deja-sin-pollo-a-chilpancingo-chiapas\/"},"wordCount":664,"commentCount":0,"publisher":{"@id":"https:\/\/fuentesfidedignas.com.mx\/#organization"},"image":{"@id":"https:\/\/fuentesfidedignas.com.mx\/index.php\/2022\/06\/14\/crimen-organizado-deja-sin-pollo-a-chilpancingo-chiapas\/#primaryimage"},"thumbnailUrl":"https:\/\/fuentesfidedignas.com.mx\/wp-content\/uploads\/2022\/06\/POLLO_PUESTO.jpg","articleSection":["NOTICIAS NACIONALES"],"inLanguage":"es","potentialAction":[{"@type":"CommentAction","name":"Comment","target":["https:\/\/fuentesfidedignas.com.mx\/index.php\/2022\/06\/14\/crimen-organizado-deja-sin-pollo-a-chilpancingo-chiapas\/#respond"]}]},{"@type":"WebPage","@id":"https:\/\/fuentesfidedignas.com.mx\/index.php\/2022\/06\/14\/crimen-organizado-deja-sin-pollo-a-chilpancingo-chiapas\/","url":"https:\/\/fuentesfidedignas.com.mx\/index.php\/2022\/06\/14\/crimen-organizado-deja-sin-pollo-a-chilpancingo-chiapas\/","name":"Crimen organizado deja sin pollo a Chilpancingo, Chiapas - Fuentes Fidedignas","isPartOf":{"@id":"https:\/\/fuentesfidedignas.com.mx\/#website"},"primaryImageOfPage":{"@id":"https:\/\/fuentesfidedignas.com.mx\/index.php\/2022\/06\/14\/crimen-organizado-deja-sin-pollo-a-chilpancingo-chiapas\/#primaryimage"},"image":{"@id":"https:\/\/fuentesfidedignas.com.mx\/index.php\/2022\/06\/14\/crimen-organizado-deja-sin-pollo-a-chilpancingo-chiapas\/#primaryimage"},"thumbnailUrl":"https:\/\/fuentesfidedignas.com.mx\/wp-content\/uploads\/2022\/06\/POLLO_PUESTO.jpg","datePublished":"2022-06-14T13:38:04+00:00","dateModified":"2022-06-14T13:38:05+00:00","breadcrumb":{"@id":"https:\/\/fuentesfidedignas.com.mx\/index.php\/2022\/06\/14\/crimen-organizado-deja-sin-pollo-a-chilpancingo-chiapas\/#breadcrumb"},"inLanguage":"es","potentialAction":[{"@type":"ReadAction","target":["https:\/\/fuentesfidedignas.com.mx\/index.php\/2022\/06\/14\/crimen-organizado-deja-sin-pollo-a-chilpancingo-chiapas\/"]}]},{"@type":"ImageObject","inLanguage":"es","@id":"https:\/\/fuentesfidedignas.com.mx\/index.php\/2022\/06\/14\/crimen-organizado-deja-sin-pollo-a-chilpancingo-chiapas\/#primaryimage","url":"https:\/\/fuentesfidedignas.com.mx\/wp-content\/uploads\/2022\/06\/POLLO_PUESTO.jpg","contentUrl":"https:\/\/fuentesfidedignas.com.mx\/wp-content\/uploads\/2022\/06\/POLLO_PUESTO.jpg","width":1334,"height":817},{"@type":"BreadcrumbList","@id":"https:\/\/fuentesfidedignas.com.mx\/index.php\/2022\/06\/14\/crimen-organizado-deja-sin-pollo-a-chilpancingo-chiapas\/#breadcrumb","itemListElement":[{"@type":"ListItem","position":1,"name":"Inicio","item":"https:\/\/fuentesfidedignas.com.mx\/"},{"@type":"ListItem","position":2,"name":"Crimen organizado deja sin pollo a Chilpancingo, Chiapas"}]},{"@type":"WebSite","@id":"https:\/\/fuentesfidedignas.com.mx\/#website","url":"https:\/\/fuentesfidedignas.com.mx\/","name":"Fuentes Fidedignas","description":"Otro sitio realizado con WordPress","publisher":{"@id":"https:\/\/fuentesfidedignas.com.mx\/#organization"},"potentialAction":[{"@type":"SearchAction","target":{"@type":"EntryPoint","urlTemplate":"https:\/\/fuentesfidedignas.com.mx\/?s={search_term_string}"},"query-input":{"@type":"PropertyValueSpecification","valueRequired":true,"valueName":"search_term_string"}}],"inLanguage":"es"},{"@type":"Organization","@id":"https:\/\/fuentesfidedignas.com.mx\/#organization","name":"Fuentes Fidedignas","url":"https:\/\/fuentesfidedignas.com.mx\/","logo":{"@type":"ImageObject","inLanguage":"es","@id":"https:\/\/fuentesfidedignas.com.mx\/#\/schema\/logo\/image\/","url":"https:\/\/fuentesfidedignas.com.mx\/wp-content\/uploads\/2021\/04\/logo-retina.png","contentUrl":"https:\/\/fuentesfidedignas.com.mx\/wp-content\/uploads\/2021\/04\/logo-retina.png","width":280,"height":51,"caption":"Fuentes Fidedignas"},"image":{"@id":"https:\/\/fuentesfidedignas.com.mx\/#\/schema\/logo\/image\/"},"sameAs":["https:\/\/www.facebook.com\/Fuentes-Fidedignas-368234489921644","https:\/\/x.com\/fidedignas"]},{"@type":"Person","@id":"https:\/\/fuentesfidedignas.com.mx\/#\/schema\/person\/fee3882e65fd0510d292c43a346d35d7","name":"El Universal","image":{"@type":"ImageObject","inLanguage":"es","@id":"https:\/\/secure.gravatar.com\/avatar\/1ebc94d82b6c3c081781f73e5b76a0d0c1ac7bf8e57426f18802246eeaa2747c?s=96&d=mm&r=g","url":"https:\/\/secure.gravatar.com\/avatar\/1ebc94d82b6c3c081781f73e5b76a0d0c1ac7bf8e57426f18802246eeaa2747c?s=96&d=mm&r=g","contentUrl":"https:\/\/secure.gravatar.com\/avatar\/1ebc94d82b6c3c081781f73e5b76a0d0c1ac7bf8e57426f18802246eeaa2747c?s=96&d=mm&r=g","caption":"El Universal"},"url":"https:\/\/fuentesfidedignas.com.mx\/index.php\/author\/el-universal\/"}]}},"_links":{"self":[{"href":"https:\/\/fuentesfidedignas.com.mx\/index.php\/wp-json\/wp\/v2\/posts\/34316","targetHints":{"allow":["GET"]}}],"collection":[{"href":"https:\/\/fuentesfidedignas.com.mx\/index.php\/wp-json\/wp\/v2\/posts"}],"about":[{"href":"https:\/\/fuentesfidedignas.com.mx\/index.php\/wp-json\/wp\/v2\/types\/post"}],"author":[{"embeddable":true,"href":"https:\/\/fuentesfidedignas.com.mx\/index.php\/wp-json\/wp\/v2\/users\/39"}],"replies":[{"embeddable":true,"href":"https:\/\/fuentesfidedignas.com.mx\/index.php\/wp-json\/wp\/v2\/comments?post=34316"}],"version-history":[{"count":1,"href":"https:\/\/fuentesfidedignas.com.mx\/index.php\/wp-json\/wp\/v2\/posts\/34316\/revisions"}],"predecessor-version":[{"id":34318,"href":"https:\/\/fuentesfidedignas.com.mx\/index.php\/wp-json\/wp\/v2\/posts\/34316\/revisions\/34318"}],"wp:featuredmedia":[{"embeddable":true,"href":"https:\/\/fuentesfidedignas.com.mx\/index.php\/wp-json\/wp\/v2\/media\/34317"}],"wp:attachment":[{"href":"https:\/\/fuentesfidedignas.com.mx\/index.php\/wp-json\/wp\/v2\/media?parent=34316"}],"wp:term":[{"taxonomy":"category","embeddable":true,"href":"https:\/\/fuentesfidedignas.com.mx\/index.php\/wp-json\/wp\/v2\/categories?post=34316"},{"taxonomy":"post_tag","embeddable":true,"href":"https:\/\/fuentesfidedignas.com.mx\/index.php\/wp-json\/wp\/v2\/tags?post=34316"}],"curies":[{"name":"wp","href":"https:\/\/api.w.org\/{rel}","templated":true}]}}