{"id":34314,"date":"2022-06-14T06:50:03","date_gmt":"2022-06-14T12:50:03","guid":{"rendered":"https:\/\/fuentesfidedignas.com.mx\/?p=34314"},"modified":"2022-06-14T06:50:04","modified_gmt":"2022-06-14T12:50:04","slug":"abrira-salud-manana-el-registro-para-vacuna-anticovid-en-ninos-de-5-a-11-anos","status":"publish","type":"post","link":"https:\/\/fuentesfidedignas.com.mx\/index.php\/2022\/06\/14\/abrira-salud-manana-el-registro-para-vacuna-anticovid-en-ninos-de-5-a-11-anos\/","title":{"rendered":"Abrir\u00e1 Salud ma\u00f1ana el registro para vacuna anticovid en ni\u00f1os de 5 a 11 a\u00f1os"},"content":{"rendered":"\n<p><strong><em>El registro se abre a partir del 16 de junio<\/em><\/strong><\/p>\n\n\n\n<p>Ciudad de M\u00e9xico.- Hugo L\u00f3pez-Gatell, subsecretario de Prevenci\u00f3n y Promoci\u00f3n de la Salud, inform\u00f3 este martes en la conferencia matutina, sobre \u201cun cambio nuevo\u201d en la pol\u00edtica nacional de vacunaci\u00f3n contra Covid-19: \u201cEmpezamos ya ni\u00f1os de 5 a 11 a\u00f1os\u201d.<\/p>\n\n\n\n<p>Inform\u00f3 que este jueves 16 de junio se abrir\u00e1 el registro para la vacunaci\u00f3n contra Covid-19 en ni\u00f1as y ni\u00f1os de 5 a 11 a\u00f1os de edad, a quienes se les aplicar\u00e1 la vacuna desarrollada por Pfizer-BioNTech.<\/p>\n\n\n\n<p>En el informe del Pulso de la Salud, que encabeza el presidente L\u00f3pez Obrador, el subsecretario indic\u00f3 que se firm\u00f3 un contrato con la farmac\u00e9utica estadounidense por 8 millones de dosis y detall\u00f3 que el proceso de vacunaci\u00f3n para los menores se realizar\u00e1 por municipios, por lo que no ser\u00e1 un proceso simult\u00e1neo en todo el pa\u00eds.<\/p>\n\n\n\n<p>Inform\u00f3 que el registro se realizar\u00e1 en la pagina <a href=\"https:\/\/mivacuna.salud.gob.mx.\">https:\/\/mivacuna.salud.gob.mx.<\/a><\/p>\n\n\n\n<p>\u201cHay un cambio nuevo en la Pol\u00edtica Nacional contra Covid19, que consiste en lo siguiente: empezamos ni\u00f1os y ni\u00f1as de 5 a 11 a\u00f1os, es el cambio (\u2026) Vamos abrir con ni\u00f1os y ni\u00f1as de 5 a 11 a\u00f1os de edad, para es prop\u00f3sito, como lo hab\u00edamos dicho cuando lo tuvi\u00e9ramos listo lo anunciaremos, ahora lo anunciamos: ya se ha firmado el contrato con la compa\u00f1\u00eda Pfizer, para la vacuna Pfizer-BioNTech que vamos a adquirir alrededor de 8 millones de dosis que nos permitir\u00e1n iniciar ese proceso de vacunaci\u00f3n.<\/p>\n\n\n\n<p><strong>\u00bfC\u00f3mo ser\u00e1 la vacunaci\u00f3n a menores de 5 a 11 a\u00f1os?<\/strong><br><em>\u201cSe va ir activando por municipios. La modalidad va a ser principalmente en instalaciones convencionales de salud, pero tambi\u00e9n algunas unidades temporales, como los famosos macrocentros y otras unidades especiales. Hay que estar pendiente a la convocatoria para cada municipio, no va a ser simult\u00e1neo en todo el pa\u00eds, sino se va ir abriendo en los distintos estados y municipios y para el registro la p\u00e1gina es la misma: <a href=\"https:\/\/mivacuna.salud.gob.mx\">https:\/\/mivacuna.salud.gob.mx<\/a>. El registro se abre a partir de este jueves pasado ma\u00f1ana, este jueves 16 de junio\u201d,<\/em> indic\u00f3.<\/p>\n\n\n\n<p>En el sal\u00f3n Tesorer\u00eda de Palacio Nacional, L\u00f3pez-Gatell se\u00f1al\u00f3 que el registro ayudar\u00e1 mucho para la planeaci\u00f3n log\u00edstica de los operativos de vacunaci\u00f3n para menores.<\/p>\n","protected":false},"excerpt":{"rendered":"<p>El registro se abre a partir del 16 de junio Ciudad de M\u00e9xico.- Hugo L\u00f3pez-Gatell, subsecretario de Prevenci\u00f3n y Promoci\u00f3n de la Salud, inform\u00f3 este martes en la conferencia matutina, sobre \u201cun cambio nuevo\u201d en la pol\u00edtica nacional de vacunaci\u00f3n contra Covid-19: \u201cEmpezamos ya ni\u00f1os de 5 a 11 a\u00f1os\u201d. Inform\u00f3 que este jueves 16 [&hellip;]<\/p>\n","protected":false},"author":39,"featured_media":28290,"comment_status":"open","ping_status":"open","sticky":false,"template":"","format":"standard","meta":{"tdm_status":"","tdm_grid_status":"","footnotes":""},"categories":[37],"tags":[],"class_list":{"0":"post-34314","1":"post","2":"type-post","3":"status-publish","4":"format-standard","5":"has-post-thumbnail","7":"category-nota-principal"},"yoast_head":"<!-- This site is optimized with the Yoast SEO plugin v27.4 - https:\/\/yoast.com\/product\/yoast-seo-wordpress\/ -->\n<title>Abrir\u00e1 Salud ma\u00f1ana el registro para vacuna anticovid en ni\u00f1os de 5 a 11 a\u00f1os - Fuentes Fidedignas<\/title>\n<meta name=\"robots\" content=\"index, follow, max-snippet:-1, max-image-preview:large, max-video-preview:-1\" \/>\n<link rel=\"canonical\" href=\"https:\/\/fuentesfidedignas.com.mx\/index.php\/2022\/06\/14\/abrira-salud-manana-el-registro-para-vacuna-anticovid-en-ninos-de-5-a-11-anos\/\" \/>\n<meta property=\"og:locale\" content=\"es_MX\" \/>\n<meta property=\"og:type\" content=\"article\" \/>\n<meta property=\"og:title\" content=\"Abrir\u00e1 Salud ma\u00f1ana el registro para vacuna anticovid en ni\u00f1os de 5 a 11 a\u00f1os - Fuentes Fidedignas\" \/>\n<meta property=\"og:description\" content=\"El registro se abre a partir del 16 de junio Ciudad de M\u00e9xico.- Hugo L\u00f3pez-Gatell, subsecretario de Prevenci\u00f3n y Promoci\u00f3n de la Salud, inform\u00f3 este martes en la conferencia matutina, sobre \u201cun cambio nuevo\u201d en la pol\u00edtica nacional de vacunaci\u00f3n contra Covid-19: \u201cEmpezamos ya ni\u00f1os de 5 a 11 a\u00f1os\u201d. Inform\u00f3 que este jueves 16 [&hellip;]\" \/>\n<meta property=\"og:url\" content=\"https:\/\/fuentesfidedignas.com.mx\/index.php\/2022\/06\/14\/abrira-salud-manana-el-registro-para-vacuna-anticovid-en-ninos-de-5-a-11-anos\/\" \/>\n<meta property=\"og:site_name\" content=\"Fuentes Fidedignas\" \/>\n<meta property=\"article:publisher\" content=\"https:\/\/www.facebook.com\/Fuentes-Fidedignas-368234489921644\" \/>\n<meta property=\"article:published_time\" content=\"2022-06-14T12:50:03+00:00\" \/>\n<meta property=\"article:modified_time\" content=\"2022-06-14T12:50:04+00:00\" \/>\n<meta property=\"og:image\" content=\"https:\/\/fuentesfidedignas.com.mx\/wp-content\/uploads\/2022\/04\/VACUNACION.jpg\" \/>\n\t<meta property=\"og:image:width\" content=\"800\" \/>\n\t<meta property=\"og:image:height\" content=\"600\" \/>\n\t<meta property=\"og:image:type\" content=\"image\/jpeg\" \/>\n<meta name=\"author\" content=\"El Universal\" \/>\n<meta name=\"twitter:card\" content=\"summary_large_image\" \/>\n<meta name=\"twitter:creator\" content=\"@fidedignas\" \/>\n<meta name=\"twitter:site\" content=\"@fidedignas\" \/>\n<meta name=\"twitter:label1\" content=\"Escrito por\" \/>\n\t<meta name=\"twitter:data1\" content=\"El Universal\" \/>\n\t<meta name=\"twitter:label2\" content=\"Tiempo de lectura\" \/>\n\t<meta name=\"twitter:data2\" content=\"2 minutos\" \/>\n<script type=\"application\/ld+json\" class=\"yoast-schema-graph\">{\"@context\":\"https:\\\/\\\/schema.org\",\"@graph\":[{\"@type\":\"Article\",\"@id\":\"https:\\\/\\\/fuentesfidedignas.com.mx\\\/index.php\\\/2022\\\/06\\\/14\\\/abrira-salud-manana-el-registro-para-vacuna-anticovid-en-ninos-de-5-a-11-anos\\\/#article\",\"isPartOf\":{\"@id\":\"https:\\\/\\\/fuentesfidedignas.com.mx\\\/index.php\\\/2022\\\/06\\\/14\\\/abrira-salud-manana-el-registro-para-vacuna-anticovid-en-ninos-de-5-a-11-anos\\\/\"},\"author\":{\"name\":\"El Universal\",\"@id\":\"https:\\\/\\\/fuentesfidedignas.com.mx\\\/#\\\/schema\\\/person\\\/fee3882e65fd0510d292c43a346d35d7\"},\"headline\":\"Abrir\u00e1 Salud ma\u00f1ana el registro para vacuna anticovid en ni\u00f1os de 5 a 11 a\u00f1os\",\"datePublished\":\"2022-06-14T12:50:03+00:00\",\"dateModified\":\"2022-06-14T12:50:04+00:00\",\"mainEntityOfPage\":{\"@id\":\"https:\\\/\\\/fuentesfidedignas.com.mx\\\/index.php\\\/2022\\\/06\\\/14\\\/abrira-salud-manana-el-registro-para-vacuna-anticovid-en-ninos-de-5-a-11-anos\\\/\"},\"wordCount\":420,\"commentCount\":0,\"publisher\":{\"@id\":\"https:\\\/\\\/fuentesfidedignas.com.mx\\\/#organization\"},\"image\":{\"@id\":\"https:\\\/\\\/fuentesfidedignas.com.mx\\\/index.php\\\/2022\\\/06\\\/14\\\/abrira-salud-manana-el-registro-para-vacuna-anticovid-en-ninos-de-5-a-11-anos\\\/#primaryimage\"},\"thumbnailUrl\":\"https:\\\/\\\/fuentesfidedignas.com.mx\\\/wp-content\\\/uploads\\\/2022\\\/04\\\/VACUNACION.jpg\",\"articleSection\":[\"NOTA PRINCIPAL\"],\"inLanguage\":\"es\",\"potentialAction\":[{\"@type\":\"CommentAction\",\"name\":\"Comment\",\"target\":[\"https:\\\/\\\/fuentesfidedignas.com.mx\\\/index.php\\\/2022\\\/06\\\/14\\\/abrira-salud-manana-el-registro-para-vacuna-anticovid-en-ninos-de-5-a-11-anos\\\/#respond\"]}]},{\"@type\":\"WebPage\",\"@id\":\"https:\\\/\\\/fuentesfidedignas.com.mx\\\/index.php\\\/2022\\\/06\\\/14\\\/abrira-salud-manana-el-registro-para-vacuna-anticovid-en-ninos-de-5-a-11-anos\\\/\",\"url\":\"https:\\\/\\\/fuentesfidedignas.com.mx\\\/index.php\\\/2022\\\/06\\\/14\\\/abrira-salud-manana-el-registro-para-vacuna-anticovid-en-ninos-de-5-a-11-anos\\\/\",\"name\":\"Abrir\u00e1 Salud ma\u00f1ana el registro para vacuna anticovid en ni\u00f1os de 5 a 11 a\u00f1os - Fuentes Fidedignas\",\"isPartOf\":{\"@id\":\"https:\\\/\\\/fuentesfidedignas.com.mx\\\/#website\"},\"primaryImageOfPage\":{\"@id\":\"https:\\\/\\\/fuentesfidedignas.com.mx\\\/index.php\\\/2022\\\/06\\\/14\\\/abrira-salud-manana-el-registro-para-vacuna-anticovid-en-ninos-de-5-a-11-anos\\\/#primaryimage\"},\"image\":{\"@id\":\"https:\\\/\\\/fuentesfidedignas.com.mx\\\/index.php\\\/2022\\\/06\\\/14\\\/abrira-salud-manana-el-registro-para-vacuna-anticovid-en-ninos-de-5-a-11-anos\\\/#primaryimage\"},\"thumbnailUrl\":\"https:\\\/\\\/fuentesfidedignas.com.mx\\\/wp-content\\\/uploads\\\/2022\\\/04\\\/VACUNACION.jpg\",\"datePublished\":\"2022-06-14T12:50:03+00:00\",\"dateModified\":\"2022-06-14T12:50:04+00:00\",\"breadcrumb\":{\"@id\":\"https:\\\/\\\/fuentesfidedignas.com.mx\\\/index.php\\\/2022\\\/06\\\/14\\\/abrira-salud-manana-el-registro-para-vacuna-anticovid-en-ninos-de-5-a-11-anos\\\/#breadcrumb\"},\"inLanguage\":\"es\",\"potentialAction\":[{\"@type\":\"ReadAction\",\"target\":[\"https:\\\/\\\/fuentesfidedignas.com.mx\\\/index.php\\\/2022\\\/06\\\/14\\\/abrira-salud-manana-el-registro-para-vacuna-anticovid-en-ninos-de-5-a-11-anos\\\/\"]}]},{\"@type\":\"ImageObject\",\"inLanguage\":\"es\",\"@id\":\"https:\\\/\\\/fuentesfidedignas.com.mx\\\/index.php\\\/2022\\\/06\\\/14\\\/abrira-salud-manana-el-registro-para-vacuna-anticovid-en-ninos-de-5-a-11-anos\\\/#primaryimage\",\"url\":\"https:\\\/\\\/fuentesfidedignas.com.mx\\\/wp-content\\\/uploads\\\/2022\\\/04\\\/VACUNACION.jpg\",\"contentUrl\":\"https:\\\/\\\/fuentesfidedignas.com.mx\\\/wp-content\\\/uploads\\\/2022\\\/04\\\/VACUNACION.jpg\",\"width\":800,\"height\":600},{\"@type\":\"BreadcrumbList\",\"@id\":\"https:\\\/\\\/fuentesfidedignas.com.mx\\\/index.php\\\/2022\\\/06\\\/14\\\/abrira-salud-manana-el-registro-para-vacuna-anticovid-en-ninos-de-5-a-11-anos\\\/#breadcrumb\",\"itemListElement\":[{\"@type\":\"ListItem\",\"position\":1,\"name\":\"Inicio\",\"item\":\"https:\\\/\\\/fuentesfidedignas.com.mx\\\/\"},{\"@type\":\"ListItem\",\"position\":2,\"name\":\"Abrir\u00e1 Salud ma\u00f1ana el registro para vacuna anticovid en ni\u00f1os de 5 a 11 a\u00f1os\"}]},{\"@type\":\"WebSite\",\"@id\":\"https:\\\/\\\/fuentesfidedignas.com.mx\\\/#website\",\"url\":\"https:\\\/\\\/fuentesfidedignas.com.mx\\\/\",\"name\":\"Fuentes Fidedignas\",\"description\":\"Otro sitio realizado con WordPress\",\"publisher\":{\"@id\":\"https:\\\/\\\/fuentesfidedignas.com.mx\\\/#organization\"},\"potentialAction\":[{\"@type\":\"SearchAction\",\"target\":{\"@type\":\"EntryPoint\",\"urlTemplate\":\"https:\\\/\\\/fuentesfidedignas.com.mx\\\/?s={search_term_string}\"},\"query-input\":{\"@type\":\"PropertyValueSpecification\",\"valueRequired\":true,\"valueName\":\"search_term_string\"}}],\"inLanguage\":\"es\"},{\"@type\":\"Organization\",\"@id\":\"https:\\\/\\\/fuentesfidedignas.com.mx\\\/#organization\",\"name\":\"Fuentes Fidedignas\",\"url\":\"https:\\\/\\\/fuentesfidedignas.com.mx\\\/\",\"logo\":{\"@type\":\"ImageObject\",\"inLanguage\":\"es\",\"@id\":\"https:\\\/\\\/fuentesfidedignas.com.mx\\\/#\\\/schema\\\/logo\\\/image\\\/\",\"url\":\"https:\\\/\\\/fuentesfidedignas.com.mx\\\/wp-content\\\/uploads\\\/2021\\\/04\\\/logo-retina.png\",\"contentUrl\":\"https:\\\/\\\/fuentesfidedignas.com.mx\\\/wp-content\\\/uploads\\\/2021\\\/04\\\/logo-retina.png\",\"width\":280,\"height\":51,\"caption\":\"Fuentes Fidedignas\"},\"image\":{\"@id\":\"https:\\\/\\\/fuentesfidedignas.com.mx\\\/#\\\/schema\\\/logo\\\/image\\\/\"},\"sameAs\":[\"https:\\\/\\\/www.facebook.com\\\/Fuentes-Fidedignas-368234489921644\",\"https:\\\/\\\/x.com\\\/fidedignas\"]},{\"@type\":\"Person\",\"@id\":\"https:\\\/\\\/fuentesfidedignas.com.mx\\\/#\\\/schema\\\/person\\\/fee3882e65fd0510d292c43a346d35d7\",\"name\":\"El Universal\",\"image\":{\"@type\":\"ImageObject\",\"inLanguage\":\"es\",\"@id\":\"https:\\\/\\\/secure.gravatar.com\\\/avatar\\\/1ebc94d82b6c3c081781f73e5b76a0d0c1ac7bf8e57426f18802246eeaa2747c?s=96&d=mm&r=g\",\"url\":\"https:\\\/\\\/secure.gravatar.com\\\/avatar\\\/1ebc94d82b6c3c081781f73e5b76a0d0c1ac7bf8e57426f18802246eeaa2747c?s=96&d=mm&r=g\",\"contentUrl\":\"https:\\\/\\\/secure.gravatar.com\\\/avatar\\\/1ebc94d82b6c3c081781f73e5b76a0d0c1ac7bf8e57426f18802246eeaa2747c?s=96&d=mm&r=g\",\"caption\":\"El Universal\"},\"url\":\"https:\\\/\\\/fuentesfidedignas.com.mx\\\/index.php\\\/author\\\/el-universal\\\/\"}]}<\/script>\n<!-- \/ Yoast SEO plugin. -->","yoast_head_json":{"title":"Abrir\u00e1 Salud ma\u00f1ana el registro para vacuna anticovid en ni\u00f1os de 5 a 11 a\u00f1os - Fuentes Fidedignas","robots":{"index":"index","follow":"follow","max-snippet":"max-snippet:-1","max-image-preview":"max-image-preview:large","max-video-preview":"max-video-preview:-1"},"canonical":"https:\/\/fuentesfidedignas.com.mx\/index.php\/2022\/06\/14\/abrira-salud-manana-el-registro-para-vacuna-anticovid-en-ninos-de-5-a-11-anos\/","og_locale":"es_MX","og_type":"article","og_title":"Abrir\u00e1 Salud ma\u00f1ana el registro para vacuna anticovid en ni\u00f1os de 5 a 11 a\u00f1os - Fuentes Fidedignas","og_description":"El registro se abre a partir del 16 de junio Ciudad de M\u00e9xico.- Hugo L\u00f3pez-Gatell, subsecretario de Prevenci\u00f3n y Promoci\u00f3n de la Salud, inform\u00f3 este martes en la conferencia matutina, sobre \u201cun cambio nuevo\u201d en la pol\u00edtica nacional de vacunaci\u00f3n contra Covid-19: \u201cEmpezamos ya ni\u00f1os de 5 a 11 a\u00f1os\u201d. Inform\u00f3 que este jueves 16 [&hellip;]","og_url":"https:\/\/fuentesfidedignas.com.mx\/index.php\/2022\/06\/14\/abrira-salud-manana-el-registro-para-vacuna-anticovid-en-ninos-de-5-a-11-anos\/","og_site_name":"Fuentes Fidedignas","article_publisher":"https:\/\/www.facebook.com\/Fuentes-Fidedignas-368234489921644","article_published_time":"2022-06-14T12:50:03+00:00","article_modified_time":"2022-06-14T12:50:04+00:00","og_image":[{"width":800,"height":600,"url":"https:\/\/fuentesfidedignas.com.mx\/wp-content\/uploads\/2022\/04\/VACUNACION.jpg","type":"image\/jpeg"}],"author":"El Universal","twitter_card":"summary_large_image","twitter_creator":"@fidedignas","twitter_site":"@fidedignas","twitter_misc":{"Escrito por":"El Universal","Tiempo de lectura":"2 minutos"},"schema":{"@context":"https:\/\/schema.org","@graph":[{"@type":"Article","@id":"https:\/\/fuentesfidedignas.com.mx\/index.php\/2022\/06\/14\/abrira-salud-manana-el-registro-para-vacuna-anticovid-en-ninos-de-5-a-11-anos\/#article","isPartOf":{"@id":"https:\/\/fuentesfidedignas.com.mx\/index.php\/2022\/06\/14\/abrira-salud-manana-el-registro-para-vacuna-anticovid-en-ninos-de-5-a-11-anos\/"},"author":{"name":"El Universal","@id":"https:\/\/fuentesfidedignas.com.mx\/#\/schema\/person\/fee3882e65fd0510d292c43a346d35d7"},"headline":"Abrir\u00e1 Salud ma\u00f1ana el registro para vacuna anticovid en ni\u00f1os de 5 a 11 a\u00f1os","datePublished":"2022-06-14T12:50:03+00:00","dateModified":"2022-06-14T12:50:04+00:00","mainEntityOfPage":{"@id":"https:\/\/fuentesfidedignas.com.mx\/index.php\/2022\/06\/14\/abrira-salud-manana-el-registro-para-vacuna-anticovid-en-ninos-de-5-a-11-anos\/"},"wordCount":420,"commentCount":0,"publisher":{"@id":"https:\/\/fuentesfidedignas.com.mx\/#organization"},"image":{"@id":"https:\/\/fuentesfidedignas.com.mx\/index.php\/2022\/06\/14\/abrira-salud-manana-el-registro-para-vacuna-anticovid-en-ninos-de-5-a-11-anos\/#primaryimage"},"thumbnailUrl":"https:\/\/fuentesfidedignas.com.mx\/wp-content\/uploads\/2022\/04\/VACUNACION.jpg","articleSection":["NOTA PRINCIPAL"],"inLanguage":"es","potentialAction":[{"@type":"CommentAction","name":"Comment","target":["https:\/\/fuentesfidedignas.com.mx\/index.php\/2022\/06\/14\/abrira-salud-manana-el-registro-para-vacuna-anticovid-en-ninos-de-5-a-11-anos\/#respond"]}]},{"@type":"WebPage","@id":"https:\/\/fuentesfidedignas.com.mx\/index.php\/2022\/06\/14\/abrira-salud-manana-el-registro-para-vacuna-anticovid-en-ninos-de-5-a-11-anos\/","url":"https:\/\/fuentesfidedignas.com.mx\/index.php\/2022\/06\/14\/abrira-salud-manana-el-registro-para-vacuna-anticovid-en-ninos-de-5-a-11-anos\/","name":"Abrir\u00e1 Salud ma\u00f1ana el registro para vacuna anticovid en ni\u00f1os de 5 a 11 a\u00f1os - Fuentes Fidedignas","isPartOf":{"@id":"https:\/\/fuentesfidedignas.com.mx\/#website"},"primaryImageOfPage":{"@id":"https:\/\/fuentesfidedignas.com.mx\/index.php\/2022\/06\/14\/abrira-salud-manana-el-registro-para-vacuna-anticovid-en-ninos-de-5-a-11-anos\/#primaryimage"},"image":{"@id":"https:\/\/fuentesfidedignas.com.mx\/index.php\/2022\/06\/14\/abrira-salud-manana-el-registro-para-vacuna-anticovid-en-ninos-de-5-a-11-anos\/#primaryimage"},"thumbnailUrl":"https:\/\/fuentesfidedignas.com.mx\/wp-content\/uploads\/2022\/04\/VACUNACION.jpg","datePublished":"2022-06-14T12:50:03+00:00","dateModified":"2022-06-14T12:50:04+00:00","breadcrumb":{"@id":"https:\/\/fuentesfidedignas.com.mx\/index.php\/2022\/06\/14\/abrira-salud-manana-el-registro-para-vacuna-anticovid-en-ninos-de-5-a-11-anos\/#breadcrumb"},"inLanguage":"es","potentialAction":[{"@type":"ReadAction","target":["https:\/\/fuentesfidedignas.com.mx\/index.php\/2022\/06\/14\/abrira-salud-manana-el-registro-para-vacuna-anticovid-en-ninos-de-5-a-11-anos\/"]}]},{"@type":"ImageObject","inLanguage":"es","@id":"https:\/\/fuentesfidedignas.com.mx\/index.php\/2022\/06\/14\/abrira-salud-manana-el-registro-para-vacuna-anticovid-en-ninos-de-5-a-11-anos\/#primaryimage","url":"https:\/\/fuentesfidedignas.com.mx\/wp-content\/uploads\/2022\/04\/VACUNACION.jpg","contentUrl":"https:\/\/fuentesfidedignas.com.mx\/wp-content\/uploads\/2022\/04\/VACUNACION.jpg","width":800,"height":600},{"@type":"BreadcrumbList","@id":"https:\/\/fuentesfidedignas.com.mx\/index.php\/2022\/06\/14\/abrira-salud-manana-el-registro-para-vacuna-anticovid-en-ninos-de-5-a-11-anos\/#breadcrumb","itemListElement":[{"@type":"ListItem","position":1,"name":"Inicio","item":"https:\/\/fuentesfidedignas.com.mx\/"},{"@type":"ListItem","position":2,"name":"Abrir\u00e1 Salud ma\u00f1ana el registro para vacuna anticovid en ni\u00f1os de 5 a 11 a\u00f1os"}]},{"@type":"WebSite","@id":"https:\/\/fuentesfidedignas.com.mx\/#website","url":"https:\/\/fuentesfidedignas.com.mx\/","name":"Fuentes Fidedignas","description":"Otro sitio realizado con WordPress","publisher":{"@id":"https:\/\/fuentesfidedignas.com.mx\/#organization"},"potentialAction":[{"@type":"SearchAction","target":{"@type":"EntryPoint","urlTemplate":"https:\/\/fuentesfidedignas.com.mx\/?s={search_term_string}"},"query-input":{"@type":"PropertyValueSpecification","valueRequired":true,"valueName":"search_term_string"}}],"inLanguage":"es"},{"@type":"Organization","@id":"https:\/\/fuentesfidedignas.com.mx\/#organization","name":"Fuentes Fidedignas","url":"https:\/\/fuentesfidedignas.com.mx\/","logo":{"@type":"ImageObject","inLanguage":"es","@id":"https:\/\/fuentesfidedignas.com.mx\/#\/schema\/logo\/image\/","url":"https:\/\/fuentesfidedignas.com.mx\/wp-content\/uploads\/2021\/04\/logo-retina.png","contentUrl":"https:\/\/fuentesfidedignas.com.mx\/wp-content\/uploads\/2021\/04\/logo-retina.png","width":280,"height":51,"caption":"Fuentes Fidedignas"},"image":{"@id":"https:\/\/fuentesfidedignas.com.mx\/#\/schema\/logo\/image\/"},"sameAs":["https:\/\/www.facebook.com\/Fuentes-Fidedignas-368234489921644","https:\/\/x.com\/fidedignas"]},{"@type":"Person","@id":"https:\/\/fuentesfidedignas.com.mx\/#\/schema\/person\/fee3882e65fd0510d292c43a346d35d7","name":"El Universal","image":{"@type":"ImageObject","inLanguage":"es","@id":"https:\/\/secure.gravatar.com\/avatar\/1ebc94d82b6c3c081781f73e5b76a0d0c1ac7bf8e57426f18802246eeaa2747c?s=96&d=mm&r=g","url":"https:\/\/secure.gravatar.com\/avatar\/1ebc94d82b6c3c081781f73e5b76a0d0c1ac7bf8e57426f18802246eeaa2747c?s=96&d=mm&r=g","contentUrl":"https:\/\/secure.gravatar.com\/avatar\/1ebc94d82b6c3c081781f73e5b76a0d0c1ac7bf8e57426f18802246eeaa2747c?s=96&d=mm&r=g","caption":"El Universal"},"url":"https:\/\/fuentesfidedignas.com.mx\/index.php\/author\/el-universal\/"}]}},"_links":{"self":[{"href":"https:\/\/fuentesfidedignas.com.mx\/index.php\/wp-json\/wp\/v2\/posts\/34314","targetHints":{"allow":["GET"]}}],"collection":[{"href":"https:\/\/fuentesfidedignas.com.mx\/index.php\/wp-json\/wp\/v2\/posts"}],"about":[{"href":"https:\/\/fuentesfidedignas.com.mx\/index.php\/wp-json\/wp\/v2\/types\/post"}],"author":[{"embeddable":true,"href":"https:\/\/fuentesfidedignas.com.mx\/index.php\/wp-json\/wp\/v2\/users\/39"}],"replies":[{"embeddable":true,"href":"https:\/\/fuentesfidedignas.com.mx\/index.php\/wp-json\/wp\/v2\/comments?post=34314"}],"version-history":[{"count":1,"href":"https:\/\/fuentesfidedignas.com.mx\/index.php\/wp-json\/wp\/v2\/posts\/34314\/revisions"}],"predecessor-version":[{"id":34315,"href":"https:\/\/fuentesfidedignas.com.mx\/index.php\/wp-json\/wp\/v2\/posts\/34314\/revisions\/34315"}],"wp:featuredmedia":[{"embeddable":true,"href":"https:\/\/fuentesfidedignas.com.mx\/index.php\/wp-json\/wp\/v2\/media\/28290"}],"wp:attachment":[{"href":"https:\/\/fuentesfidedignas.com.mx\/index.php\/wp-json\/wp\/v2\/media?parent=34314"}],"wp:term":[{"taxonomy":"category","embeddable":true,"href":"https:\/\/fuentesfidedignas.com.mx\/index.php\/wp-json\/wp\/v2\/categories?post=34314"},{"taxonomy":"post_tag","embeddable":true,"href":"https:\/\/fuentesfidedignas.com.mx\/index.php\/wp-json\/wp\/v2\/tags?post=34314"}],"curies":[{"name":"wp","href":"https:\/\/api.w.org\/{rel}","templated":true}]}}