{"id":34180,"date":"2022-06-13T06:50:38","date_gmt":"2022-06-13T12:50:38","guid":{"rendered":"https:\/\/fuentesfidedignas.com.mx\/?p=34180"},"modified":"2022-06-13T06:50:39","modified_gmt":"2022-06-13T12:50:39","slug":"morena-definira-su-candidato-a-la-presidencia-de-la-republica-con-una-encuesta","status":"publish","type":"post","link":"https:\/\/fuentesfidedignas.com.mx\/index.php\/2022\/06\/13\/morena-definira-su-candidato-a-la-presidencia-de-la-republica-con-una-encuesta\/","title":{"rendered":"Morena definir\u00e1 su candidato a la presidencia de la Rep\u00fablica con una encuesta"},"content":{"rendered":"\n<p><strong><em>Morena arranc\u00f3 este domingo su carrera rumbo a la elecci\u00f3n presidencial del 2024 y tambi\u00e9n por la gubernatura del Estado de M\u00e9xico<\/em><\/strong><\/p>\n\n\n\n<p>Ciudad de M\u00e9xico.- Morena arranc\u00f3 este domingo 12 de junio de 2022 su carrera rumbo a la elecci\u00f3n presidencial del 2024 y tambi\u00e9n por la gubernatura del Estado de M\u00e9xico, que estar\u00e1 en disputa el a\u00f1o entrante con el padr\u00f3n electoral m\u00e1s grande del pa\u00eds. Su candidato para la Presidencia de la Rep\u00fablica ser\u00e1 elegido a trav\u00e9s de una encuesta.<\/p>\n\n\n\n<p>La convocatoria fue en la explanada del Teatro Morelos, en Toluca.<\/p>\n\n\n\n<p>Desde la autopista hab\u00eda algunos letreros de bienvenida.<\/p>\n\n\n\n<p>Y desde temprana hora comenzaron a llegar los autobuses con los militantes y simpatizantes morenistas, algunos de ellos hasta con su comida preparada.<\/p>\n\n\n\n<p>15 horas hicieron unos simpatizantes morenistas de Tabasco a la Ciudad de M\u00e9xico. Llegaron con m\u00fasica y playeras de apoyo.<\/p>\n\n\n\n<p>En el templete, tomaron lugar los gobernadores de Morena electos hace una semana, algunos miembros del gabinete, legisladores, dirigentes y 3 de los aspirantes a la candidatura presidencial de Morena: Claudia Sheinbaum, jefa de Gobierno de la Ciudad de M\u00e9xico, el canciller Marcelo Ebrard y el secretario de Gobernaci\u00f3n, Ad\u00e1n Augusto L\u00f3pez.<\/p>\n\n\n\n<p>En ese orden tomaron la palabra por algunos minutos cada quien y todos lanzaron un llamado a la unidad rumbo a la elecci\u00f3n del Estado de M\u00e9xico y de la Presidencia en 2024.<\/p>\n\n\n\n<p>Los 3 lo hicieron cerrando filas con el presidente Andr\u00e9s Manuel L\u00f3pez Obrador, a quien le dijeron desde esta explanada \u201cno est\u00e1s solo\u201d.<\/p>\n\n\n\n<p>\u201cDecirle al pueblo de M\u00e9xico que estamos m\u00e1s unidos que nunca, que nada personal est\u00e1 por encima de los intereses sagrados del pueblo de M\u00e9xico, que aqu\u00ed estamos unidos por la Transformaci\u00f3n, estamos unidos por el bienestar del pueblo, estamos unidos por la justicia social y estamos unidos porque as\u00ed lo quiere el pueblo de M\u00e9xico y no le podemos fallar, aqu\u00ed en el Estado de M\u00e9xico se va a hacer historia en el 2023, ya nos tocar\u00e1 ir a Coahuila para decir lo mismo y en el Estado de M\u00e9xico tambi\u00e9n debe haber unidad por encima de todo\u201d, dijo Sheinbaum.<\/p>\n\n\n\n<p>\u201cEl presidente L\u00f3pez Obrador es referencia no solo en los pa\u00edses americanos, sino en todo el mundo, vamos a vencer si seguimos adelante, si perseveramos, si no nos dividimos y no nos confundimos, vamos a vencer en el Estado de M\u00e9xico, vamos a vencer en Coahuila y vamos a vencer en 2024, sabr\u00e1 nuestra diligencia mantener unidad porque la unidad se construye con respeto, se construye cuando hay suelo parejo, se construye cuando se escucha el pueblo, ellos lo han demostrado y lo har\u00e1n tambi\u00e9n aqu\u00ed, que saben mantener la unidad de Morena\u201d, asegur\u00f3 Ebrard.<\/p>\n\n\n\n<p>\u201cLes digo algo, ni antes ni despu\u00e9s, los tiempos del Se\u00f1or son perfectos, todo llega a su tiempo. Y ahora es el tiempo de la unidad, es el tiempo de la transformaci\u00f3n del pa\u00eds, y eso s\u00f3lo ser\u00e1 posible si vamos unidos, si vamos todos juntos, eso es lo que Andr\u00e9s Manuel L\u00f3pez Obrador nos ha ense\u00f1ado a caminar todos juntos. Es la hora de la unidad, no nos equivoquemos, vamos a ganar el Estado de M\u00e9xico, vamos a ganar Coahuila y vamos a ganar en el 24, pero tenemos que ir juntos, dejemos de lado la aspiraci\u00f3n personal, somos ayudantes del presidente transformador\u201d, mencion\u00f3 Augusto L\u00f3pez.<\/p>\n\n\n\n<p>Luego, el dirigente nacional de Morena, Mario Delgado, dej\u00f3 claro las primeras reglas del arranque de la carrera por la Presidencia y por el Estado de M\u00e9xico.<\/p>\n\n\n\n<p>Ni un d\u00eda de descanso para que Morena gane, advirti\u00f3.<\/p>\n\n\n\n<p>Habr\u00e1 un Congreso Nacional en septiembre pr\u00f3ximo, en busca de renovar todos sus consejos y comit\u00e9s directivos.<\/p>\n\n\n\n<p>De la selecci\u00f3n del candidato de Morena a la Presidencia, anunci\u00f3.<\/p>\n\n\n\n<p>\u201cEn un a\u00f1o, m\u00e1s o menos, vamos a emitir la convocatoria para una primera encuesta, todas y todos los que se quieran inscribir podr\u00e1n participar y de ah\u00ed tendremos algunos finalistas que ir\u00e1n a una encuesta definitiva, y ah\u00ed se decidir\u00e1 qui\u00e9n encabezar\u00e1 este proyecto, pero hay que decirlo con claridad, no es la persona, es el proyecto. En 10 d\u00edas a m\u00e1s tardar, vamos a emitir una convocatoria en el Estado de M\u00e9xico y en Coahuila para seleccionar a qui\u00e9n ser\u00e1 la o \u00e9l responsable de organizar los comit\u00e9s de defensa de la Cuarta Transformaci\u00f3n por todo el Estado de M\u00e9xico y por todo Coahuila; a m\u00e1s tardar el 20 de julio a la o \u00e9l responsable porque nos urge organizarnos\u201d, dijo Delgado.<\/p>\n\n\n\n<p>En su discurso, el dirigente morenista tambi\u00e9n anunci\u00f3 la realizaci\u00f3n de asambleas en todo el pa\u00eds para dar a conocer la iniciativa de reforma electoral del presidente L\u00f3pez Obrador.<\/p>\n\n\n\n<p>A esta reuni\u00f3n llamada \u201cUnidad y Movilizaci\u00f3n para que siga la Transformaci\u00f3n\u201d no asisti\u00f3 el coordinador de los senadores de Morena, Ricardo Monreal, quien a la misma hora encabez\u00f3 en la Ciudad de M\u00e9xico actos con motivo del D\u00eda del Zacatecano.<\/p>\n\n\n\n<p>Por su parte, Claudia Sheinbaum, Marcelo Ebrard y Ad\u00e1n Augusto L\u00f3pez entraron y salieron entre tumultos de simpatizantes que les ped\u00edan fotos, entrevistas, saludos, abrazos y algunas personas, incluso, cayeron en su intento por acercarse a ellos.<\/p>\n\n\n\n<p>As\u00ed celebraron que hoy Morena tiene 22 gobiernos estatales de un total de 32, sumados los triunfos de hace una semana.<\/p>\n","protected":false},"excerpt":{"rendered":"<p>Morena arranc\u00f3 este domingo su carrera rumbo a la elecci\u00f3n presidencial del 2024 y tambi\u00e9n por la gubernatura del Estado de M\u00e9xico Ciudad de M\u00e9xico.- Morena arranc\u00f3 este domingo 12 de junio de 2022 su carrera rumbo a la elecci\u00f3n presidencial del 2024 y tambi\u00e9n por la gubernatura del Estado de M\u00e9xico, que estar\u00e1 en [&hellip;]<\/p>\n","protected":false},"author":46,"featured_media":34181,"comment_status":"open","ping_status":"open","sticky":false,"template":"","format":"standard","meta":{"tdm_status":"","tdm_grid_status":"","footnotes":""},"categories":[39],"tags":[45],"class_list":{"0":"post-34180","1":"post","2":"type-post","3":"status-publish","4":"format-standard","5":"has-post-thumbnail","7":"category-noticias-nacionales","8":"tag-morena"},"yoast_head":"<!-- This site is optimized with the Yoast SEO plugin v27.5 - https:\/\/yoast.com\/product\/yoast-seo-wordpress\/ -->\n<title>Morena definir\u00e1 su candidato a la presidencia de la Rep\u00fablica con una encuesta - Fuentes Fidedignas<\/title>\n<meta name=\"robots\" content=\"index, follow, max-snippet:-1, max-image-preview:large, max-video-preview:-1\" \/>\n<link rel=\"canonical\" href=\"https:\/\/fuentesfidedignas.com.mx\/index.php\/2022\/06\/13\/morena-definira-su-candidato-a-la-presidencia-de-la-republica-con-una-encuesta\/\" \/>\n<meta property=\"og:locale\" content=\"es_MX\" \/>\n<meta property=\"og:type\" content=\"article\" \/>\n<meta property=\"og:title\" content=\"Morena definir\u00e1 su candidato a la presidencia de la Rep\u00fablica con una encuesta - Fuentes Fidedignas\" \/>\n<meta property=\"og:description\" content=\"Morena arranc\u00f3 este domingo su carrera rumbo a la elecci\u00f3n presidencial del 2024 y tambi\u00e9n por la gubernatura del Estado de M\u00e9xico Ciudad de M\u00e9xico.- Morena arranc\u00f3 este domingo 12 de junio de 2022 su carrera rumbo a la elecci\u00f3n presidencial del 2024 y tambi\u00e9n por la gubernatura del Estado de M\u00e9xico, que estar\u00e1 en [&hellip;]\" \/>\n<meta property=\"og:url\" content=\"https:\/\/fuentesfidedignas.com.mx\/index.php\/2022\/06\/13\/morena-definira-su-candidato-a-la-presidencia-de-la-republica-con-una-encuesta\/\" \/>\n<meta property=\"og:site_name\" content=\"Fuentes Fidedignas\" \/>\n<meta property=\"article:publisher\" content=\"https:\/\/www.facebook.com\/Fuentes-Fidedignas-368234489921644\" \/>\n<meta property=\"article:published_time\" content=\"2022-06-13T12:50:38+00:00\" \/>\n<meta property=\"article:modified_time\" content=\"2022-06-13T12:50:39+00:00\" \/>\n<meta property=\"og:image\" content=\"https:\/\/fuentesfidedignas.com.mx\/wp-content\/uploads\/2022\/06\/MORENISTAS.jpg\" \/>\n\t<meta property=\"og:image:width\" content=\"1270\" \/>\n\t<meta property=\"og:image:height\" content=\"715\" \/>\n\t<meta property=\"og:image:type\" content=\"image\/jpeg\" \/>\n<meta name=\"author\" content=\"Noticieros Televisa\" \/>\n<meta name=\"twitter:card\" content=\"summary_large_image\" \/>\n<meta name=\"twitter:creator\" content=\"@fidedignas\" \/>\n<meta name=\"twitter:site\" content=\"@fidedignas\" \/>\n<meta name=\"twitter:label1\" content=\"Escrito por\" \/>\n\t<meta name=\"twitter:data1\" content=\"Noticieros Televisa\" \/>\n\t<meta name=\"twitter:label2\" content=\"Tiempo de lectura\" \/>\n\t<meta name=\"twitter:data2\" content=\"4 minutos\" \/>\n<script type=\"application\/ld+json\" class=\"yoast-schema-graph\">{\"@context\":\"https:\\\/\\\/schema.org\",\"@graph\":[{\"@type\":\"Article\",\"@id\":\"https:\\\/\\\/fuentesfidedignas.com.mx\\\/index.php\\\/2022\\\/06\\\/13\\\/morena-definira-su-candidato-a-la-presidencia-de-la-republica-con-una-encuesta\\\/#article\",\"isPartOf\":{\"@id\":\"https:\\\/\\\/fuentesfidedignas.com.mx\\\/index.php\\\/2022\\\/06\\\/13\\\/morena-definira-su-candidato-a-la-presidencia-de-la-republica-con-una-encuesta\\\/\"},\"author\":{\"name\":\"Noticieros Televisa\",\"@id\":\"https:\\\/\\\/fuentesfidedignas.com.mx\\\/#\\\/schema\\\/person\\\/f030e42657a5a464a8bbd891b1aab6ee\"},\"headline\":\"Morena definir\u00e1 su candidato a la presidencia de la Rep\u00fablica con una encuesta\",\"datePublished\":\"2022-06-13T12:50:38+00:00\",\"dateModified\":\"2022-06-13T12:50:39+00:00\",\"mainEntityOfPage\":{\"@id\":\"https:\\\/\\\/fuentesfidedignas.com.mx\\\/index.php\\\/2022\\\/06\\\/13\\\/morena-definira-su-candidato-a-la-presidencia-de-la-republica-con-una-encuesta\\\/\"},\"wordCount\":951,\"commentCount\":0,\"publisher\":{\"@id\":\"https:\\\/\\\/fuentesfidedignas.com.mx\\\/#organization\"},\"image\":{\"@id\":\"https:\\\/\\\/fuentesfidedignas.com.mx\\\/index.php\\\/2022\\\/06\\\/13\\\/morena-definira-su-candidato-a-la-presidencia-de-la-republica-con-una-encuesta\\\/#primaryimage\"},\"thumbnailUrl\":\"https:\\\/\\\/fuentesfidedignas.com.mx\\\/wp-content\\\/uploads\\\/2022\\\/06\\\/MORENISTAS.jpg\",\"keywords\":[\"morena\"],\"articleSection\":[\"NOTICIAS NACIONALES\"],\"inLanguage\":\"es\",\"potentialAction\":[{\"@type\":\"CommentAction\",\"name\":\"Comment\",\"target\":[\"https:\\\/\\\/fuentesfidedignas.com.mx\\\/index.php\\\/2022\\\/06\\\/13\\\/morena-definira-su-candidato-a-la-presidencia-de-la-republica-con-una-encuesta\\\/#respond\"]}]},{\"@type\":\"WebPage\",\"@id\":\"https:\\\/\\\/fuentesfidedignas.com.mx\\\/index.php\\\/2022\\\/06\\\/13\\\/morena-definira-su-candidato-a-la-presidencia-de-la-republica-con-una-encuesta\\\/\",\"url\":\"https:\\\/\\\/fuentesfidedignas.com.mx\\\/index.php\\\/2022\\\/06\\\/13\\\/morena-definira-su-candidato-a-la-presidencia-de-la-republica-con-una-encuesta\\\/\",\"name\":\"Morena definir\u00e1 su candidato a la presidencia de la Rep\u00fablica con una encuesta - Fuentes Fidedignas\",\"isPartOf\":{\"@id\":\"https:\\\/\\\/fuentesfidedignas.com.mx\\\/#website\"},\"primaryImageOfPage\":{\"@id\":\"https:\\\/\\\/fuentesfidedignas.com.mx\\\/index.php\\\/2022\\\/06\\\/13\\\/morena-definira-su-candidato-a-la-presidencia-de-la-republica-con-una-encuesta\\\/#primaryimage\"},\"image\":{\"@id\":\"https:\\\/\\\/fuentesfidedignas.com.mx\\\/index.php\\\/2022\\\/06\\\/13\\\/morena-definira-su-candidato-a-la-presidencia-de-la-republica-con-una-encuesta\\\/#primaryimage\"},\"thumbnailUrl\":\"https:\\\/\\\/fuentesfidedignas.com.mx\\\/wp-content\\\/uploads\\\/2022\\\/06\\\/MORENISTAS.jpg\",\"datePublished\":\"2022-06-13T12:50:38+00:00\",\"dateModified\":\"2022-06-13T12:50:39+00:00\",\"breadcrumb\":{\"@id\":\"https:\\\/\\\/fuentesfidedignas.com.mx\\\/index.php\\\/2022\\\/06\\\/13\\\/morena-definira-su-candidato-a-la-presidencia-de-la-republica-con-una-encuesta\\\/#breadcrumb\"},\"inLanguage\":\"es\",\"potentialAction\":[{\"@type\":\"ReadAction\",\"target\":[\"https:\\\/\\\/fuentesfidedignas.com.mx\\\/index.php\\\/2022\\\/06\\\/13\\\/morena-definira-su-candidato-a-la-presidencia-de-la-republica-con-una-encuesta\\\/\"]}]},{\"@type\":\"ImageObject\",\"inLanguage\":\"es\",\"@id\":\"https:\\\/\\\/fuentesfidedignas.com.mx\\\/index.php\\\/2022\\\/06\\\/13\\\/morena-definira-su-candidato-a-la-presidencia-de-la-republica-con-una-encuesta\\\/#primaryimage\",\"url\":\"https:\\\/\\\/fuentesfidedignas.com.mx\\\/wp-content\\\/uploads\\\/2022\\\/06\\\/MORENISTAS.jpg\",\"contentUrl\":\"https:\\\/\\\/fuentesfidedignas.com.mx\\\/wp-content\\\/uploads\\\/2022\\\/06\\\/MORENISTAS.jpg\",\"width\":1270,\"height\":715},{\"@type\":\"BreadcrumbList\",\"@id\":\"https:\\\/\\\/fuentesfidedignas.com.mx\\\/index.php\\\/2022\\\/06\\\/13\\\/morena-definira-su-candidato-a-la-presidencia-de-la-republica-con-una-encuesta\\\/#breadcrumb\",\"itemListElement\":[{\"@type\":\"ListItem\",\"position\":1,\"name\":\"Inicio\",\"item\":\"https:\\\/\\\/fuentesfidedignas.com.mx\\\/\"},{\"@type\":\"ListItem\",\"position\":2,\"name\":\"Morena definir\u00e1 su candidato a la presidencia de la Rep\u00fablica con una encuesta\"}]},{\"@type\":\"WebSite\",\"@id\":\"https:\\\/\\\/fuentesfidedignas.com.mx\\\/#website\",\"url\":\"https:\\\/\\\/fuentesfidedignas.com.mx\\\/\",\"name\":\"Fuentes Fidedignas\",\"description\":\"Otro sitio realizado con WordPress\",\"publisher\":{\"@id\":\"https:\\\/\\\/fuentesfidedignas.com.mx\\\/#organization\"},\"potentialAction\":[{\"@type\":\"SearchAction\",\"target\":{\"@type\":\"EntryPoint\",\"urlTemplate\":\"https:\\\/\\\/fuentesfidedignas.com.mx\\\/?s={search_term_string}\"},\"query-input\":{\"@type\":\"PropertyValueSpecification\",\"valueRequired\":true,\"valueName\":\"search_term_string\"}}],\"inLanguage\":\"es\"},{\"@type\":\"Organization\",\"@id\":\"https:\\\/\\\/fuentesfidedignas.com.mx\\\/#organization\",\"name\":\"Fuentes Fidedignas\",\"url\":\"https:\\\/\\\/fuentesfidedignas.com.mx\\\/\",\"logo\":{\"@type\":\"ImageObject\",\"inLanguage\":\"es\",\"@id\":\"https:\\\/\\\/fuentesfidedignas.com.mx\\\/#\\\/schema\\\/logo\\\/image\\\/\",\"url\":\"https:\\\/\\\/fuentesfidedignas.com.mx\\\/wp-content\\\/uploads\\\/2021\\\/04\\\/logo-retina.png\",\"contentUrl\":\"https:\\\/\\\/fuentesfidedignas.com.mx\\\/wp-content\\\/uploads\\\/2021\\\/04\\\/logo-retina.png\",\"width\":280,\"height\":51,\"caption\":\"Fuentes Fidedignas\"},\"image\":{\"@id\":\"https:\\\/\\\/fuentesfidedignas.com.mx\\\/#\\\/schema\\\/logo\\\/image\\\/\"},\"sameAs\":[\"https:\\\/\\\/www.facebook.com\\\/Fuentes-Fidedignas-368234489921644\",\"https:\\\/\\\/x.com\\\/fidedignas\"]},{\"@type\":\"Person\",\"@id\":\"https:\\\/\\\/fuentesfidedignas.com.mx\\\/#\\\/schema\\\/person\\\/f030e42657a5a464a8bbd891b1aab6ee\",\"name\":\"Noticieros Televisa\",\"image\":{\"@type\":\"ImageObject\",\"inLanguage\":\"es\",\"@id\":\"https:\\\/\\\/secure.gravatar.com\\\/avatar\\\/0e47b9e785a628831b8fd9eaf15e090e106760a879abbd4a3306f128ef5d43a9?s=96&d=mm&r=g\",\"url\":\"https:\\\/\\\/secure.gravatar.com\\\/avatar\\\/0e47b9e785a628831b8fd9eaf15e090e106760a879abbd4a3306f128ef5d43a9?s=96&d=mm&r=g\",\"contentUrl\":\"https:\\\/\\\/secure.gravatar.com\\\/avatar\\\/0e47b9e785a628831b8fd9eaf15e090e106760a879abbd4a3306f128ef5d43a9?s=96&d=mm&r=g\",\"caption\":\"Noticieros Televisa\"},\"url\":\"https:\\\/\\\/fuentesfidedignas.com.mx\\\/index.php\\\/author\\\/noticieros-televisa\\\/\"}]}<\/script>\n<!-- \/ Yoast SEO plugin. -->","yoast_head_json":{"title":"Morena definir\u00e1 su candidato a la presidencia de la Rep\u00fablica con una encuesta - Fuentes Fidedignas","robots":{"index":"index","follow":"follow","max-snippet":"max-snippet:-1","max-image-preview":"max-image-preview:large","max-video-preview":"max-video-preview:-1"},"canonical":"https:\/\/fuentesfidedignas.com.mx\/index.php\/2022\/06\/13\/morena-definira-su-candidato-a-la-presidencia-de-la-republica-con-una-encuesta\/","og_locale":"es_MX","og_type":"article","og_title":"Morena definir\u00e1 su candidato a la presidencia de la Rep\u00fablica con una encuesta - Fuentes Fidedignas","og_description":"Morena arranc\u00f3 este domingo su carrera rumbo a la elecci\u00f3n presidencial del 2024 y tambi\u00e9n por la gubernatura del Estado de M\u00e9xico Ciudad de M\u00e9xico.- Morena arranc\u00f3 este domingo 12 de junio de 2022 su carrera rumbo a la elecci\u00f3n presidencial del 2024 y tambi\u00e9n por la gubernatura del Estado de M\u00e9xico, que estar\u00e1 en [&hellip;]","og_url":"https:\/\/fuentesfidedignas.com.mx\/index.php\/2022\/06\/13\/morena-definira-su-candidato-a-la-presidencia-de-la-republica-con-una-encuesta\/","og_site_name":"Fuentes Fidedignas","article_publisher":"https:\/\/www.facebook.com\/Fuentes-Fidedignas-368234489921644","article_published_time":"2022-06-13T12:50:38+00:00","article_modified_time":"2022-06-13T12:50:39+00:00","og_image":[{"width":1270,"height":715,"url":"https:\/\/fuentesfidedignas.com.mx\/wp-content\/uploads\/2022\/06\/MORENISTAS.jpg","type":"image\/jpeg"}],"author":"Noticieros Televisa","twitter_card":"summary_large_image","twitter_creator":"@fidedignas","twitter_site":"@fidedignas","twitter_misc":{"Escrito por":"Noticieros Televisa","Tiempo de lectura":"4 minutos"},"schema":{"@context":"https:\/\/schema.org","@graph":[{"@type":"Article","@id":"https:\/\/fuentesfidedignas.com.mx\/index.php\/2022\/06\/13\/morena-definira-su-candidato-a-la-presidencia-de-la-republica-con-una-encuesta\/#article","isPartOf":{"@id":"https:\/\/fuentesfidedignas.com.mx\/index.php\/2022\/06\/13\/morena-definira-su-candidato-a-la-presidencia-de-la-republica-con-una-encuesta\/"},"author":{"name":"Noticieros Televisa","@id":"https:\/\/fuentesfidedignas.com.mx\/#\/schema\/person\/f030e42657a5a464a8bbd891b1aab6ee"},"headline":"Morena definir\u00e1 su candidato a la presidencia de la Rep\u00fablica con una encuesta","datePublished":"2022-06-13T12:50:38+00:00","dateModified":"2022-06-13T12:50:39+00:00","mainEntityOfPage":{"@id":"https:\/\/fuentesfidedignas.com.mx\/index.php\/2022\/06\/13\/morena-definira-su-candidato-a-la-presidencia-de-la-republica-con-una-encuesta\/"},"wordCount":951,"commentCount":0,"publisher":{"@id":"https:\/\/fuentesfidedignas.com.mx\/#organization"},"image":{"@id":"https:\/\/fuentesfidedignas.com.mx\/index.php\/2022\/06\/13\/morena-definira-su-candidato-a-la-presidencia-de-la-republica-con-una-encuesta\/#primaryimage"},"thumbnailUrl":"https:\/\/fuentesfidedignas.com.mx\/wp-content\/uploads\/2022\/06\/MORENISTAS.jpg","keywords":["morena"],"articleSection":["NOTICIAS NACIONALES"],"inLanguage":"es","potentialAction":[{"@type":"CommentAction","name":"Comment","target":["https:\/\/fuentesfidedignas.com.mx\/index.php\/2022\/06\/13\/morena-definira-su-candidato-a-la-presidencia-de-la-republica-con-una-encuesta\/#respond"]}]},{"@type":"WebPage","@id":"https:\/\/fuentesfidedignas.com.mx\/index.php\/2022\/06\/13\/morena-definira-su-candidato-a-la-presidencia-de-la-republica-con-una-encuesta\/","url":"https:\/\/fuentesfidedignas.com.mx\/index.php\/2022\/06\/13\/morena-definira-su-candidato-a-la-presidencia-de-la-republica-con-una-encuesta\/","name":"Morena definir\u00e1 su candidato a la presidencia de la Rep\u00fablica con una encuesta - Fuentes Fidedignas","isPartOf":{"@id":"https:\/\/fuentesfidedignas.com.mx\/#website"},"primaryImageOfPage":{"@id":"https:\/\/fuentesfidedignas.com.mx\/index.php\/2022\/06\/13\/morena-definira-su-candidato-a-la-presidencia-de-la-republica-con-una-encuesta\/#primaryimage"},"image":{"@id":"https:\/\/fuentesfidedignas.com.mx\/index.php\/2022\/06\/13\/morena-definira-su-candidato-a-la-presidencia-de-la-republica-con-una-encuesta\/#primaryimage"},"thumbnailUrl":"https:\/\/fuentesfidedignas.com.mx\/wp-content\/uploads\/2022\/06\/MORENISTAS.jpg","datePublished":"2022-06-13T12:50:38+00:00","dateModified":"2022-06-13T12:50:39+00:00","breadcrumb":{"@id":"https:\/\/fuentesfidedignas.com.mx\/index.php\/2022\/06\/13\/morena-definira-su-candidato-a-la-presidencia-de-la-republica-con-una-encuesta\/#breadcrumb"},"inLanguage":"es","potentialAction":[{"@type":"ReadAction","target":["https:\/\/fuentesfidedignas.com.mx\/index.php\/2022\/06\/13\/morena-definira-su-candidato-a-la-presidencia-de-la-republica-con-una-encuesta\/"]}]},{"@type":"ImageObject","inLanguage":"es","@id":"https:\/\/fuentesfidedignas.com.mx\/index.php\/2022\/06\/13\/morena-definira-su-candidato-a-la-presidencia-de-la-republica-con-una-encuesta\/#primaryimage","url":"https:\/\/fuentesfidedignas.com.mx\/wp-content\/uploads\/2022\/06\/MORENISTAS.jpg","contentUrl":"https:\/\/fuentesfidedignas.com.mx\/wp-content\/uploads\/2022\/06\/MORENISTAS.jpg","width":1270,"height":715},{"@type":"BreadcrumbList","@id":"https:\/\/fuentesfidedignas.com.mx\/index.php\/2022\/06\/13\/morena-definira-su-candidato-a-la-presidencia-de-la-republica-con-una-encuesta\/#breadcrumb","itemListElement":[{"@type":"ListItem","position":1,"name":"Inicio","item":"https:\/\/fuentesfidedignas.com.mx\/"},{"@type":"ListItem","position":2,"name":"Morena definir\u00e1 su candidato a la presidencia de la Rep\u00fablica con una encuesta"}]},{"@type":"WebSite","@id":"https:\/\/fuentesfidedignas.com.mx\/#website","url":"https:\/\/fuentesfidedignas.com.mx\/","name":"Fuentes Fidedignas","description":"Otro sitio realizado con WordPress","publisher":{"@id":"https:\/\/fuentesfidedignas.com.mx\/#organization"},"potentialAction":[{"@type":"SearchAction","target":{"@type":"EntryPoint","urlTemplate":"https:\/\/fuentesfidedignas.com.mx\/?s={search_term_string}"},"query-input":{"@type":"PropertyValueSpecification","valueRequired":true,"valueName":"search_term_string"}}],"inLanguage":"es"},{"@type":"Organization","@id":"https:\/\/fuentesfidedignas.com.mx\/#organization","name":"Fuentes Fidedignas","url":"https:\/\/fuentesfidedignas.com.mx\/","logo":{"@type":"ImageObject","inLanguage":"es","@id":"https:\/\/fuentesfidedignas.com.mx\/#\/schema\/logo\/image\/","url":"https:\/\/fuentesfidedignas.com.mx\/wp-content\/uploads\/2021\/04\/logo-retina.png","contentUrl":"https:\/\/fuentesfidedignas.com.mx\/wp-content\/uploads\/2021\/04\/logo-retina.png","width":280,"height":51,"caption":"Fuentes Fidedignas"},"image":{"@id":"https:\/\/fuentesfidedignas.com.mx\/#\/schema\/logo\/image\/"},"sameAs":["https:\/\/www.facebook.com\/Fuentes-Fidedignas-368234489921644","https:\/\/x.com\/fidedignas"]},{"@type":"Person","@id":"https:\/\/fuentesfidedignas.com.mx\/#\/schema\/person\/f030e42657a5a464a8bbd891b1aab6ee","name":"Noticieros Televisa","image":{"@type":"ImageObject","inLanguage":"es","@id":"https:\/\/secure.gravatar.com\/avatar\/0e47b9e785a628831b8fd9eaf15e090e106760a879abbd4a3306f128ef5d43a9?s=96&d=mm&r=g","url":"https:\/\/secure.gravatar.com\/avatar\/0e47b9e785a628831b8fd9eaf15e090e106760a879abbd4a3306f128ef5d43a9?s=96&d=mm&r=g","contentUrl":"https:\/\/secure.gravatar.com\/avatar\/0e47b9e785a628831b8fd9eaf15e090e106760a879abbd4a3306f128ef5d43a9?s=96&d=mm&r=g","caption":"Noticieros Televisa"},"url":"https:\/\/fuentesfidedignas.com.mx\/index.php\/author\/noticieros-televisa\/"}]}},"_links":{"self":[{"href":"https:\/\/fuentesfidedignas.com.mx\/index.php\/wp-json\/wp\/v2\/posts\/34180","targetHints":{"allow":["GET"]}}],"collection":[{"href":"https:\/\/fuentesfidedignas.com.mx\/index.php\/wp-json\/wp\/v2\/posts"}],"about":[{"href":"https:\/\/fuentesfidedignas.com.mx\/index.php\/wp-json\/wp\/v2\/types\/post"}],"author":[{"embeddable":true,"href":"https:\/\/fuentesfidedignas.com.mx\/index.php\/wp-json\/wp\/v2\/users\/46"}],"replies":[{"embeddable":true,"href":"https:\/\/fuentesfidedignas.com.mx\/index.php\/wp-json\/wp\/v2\/comments?post=34180"}],"version-history":[{"count":1,"href":"https:\/\/fuentesfidedignas.com.mx\/index.php\/wp-json\/wp\/v2\/posts\/34180\/revisions"}],"predecessor-version":[{"id":34182,"href":"https:\/\/fuentesfidedignas.com.mx\/index.php\/wp-json\/wp\/v2\/posts\/34180\/revisions\/34182"}],"wp:featuredmedia":[{"embeddable":true,"href":"https:\/\/fuentesfidedignas.com.mx\/index.php\/wp-json\/wp\/v2\/media\/34181"}],"wp:attachment":[{"href":"https:\/\/fuentesfidedignas.com.mx\/index.php\/wp-json\/wp\/v2\/media?parent=34180"}],"wp:term":[{"taxonomy":"category","embeddable":true,"href":"https:\/\/fuentesfidedignas.com.mx\/index.php\/wp-json\/wp\/v2\/categories?post=34180"},{"taxonomy":"post_tag","embeddable":true,"href":"https:\/\/fuentesfidedignas.com.mx\/index.php\/wp-json\/wp\/v2\/tags?post=34180"}],"curies":[{"name":"wp","href":"https:\/\/api.w.org\/{rel}","templated":true}]}}