{"id":34139,"date":"2022-06-12T12:30:36","date_gmt":"2022-06-12T18:30:36","guid":{"rendered":"https:\/\/fuentesfidedignas.com.mx\/?p=34139"},"modified":"2022-06-12T12:30:38","modified_gmt":"2022-06-12T18:30:38","slug":"ataques-armados-en-sinaloa-dejan-3-muertos-y-3-heridos","status":"publish","type":"post","link":"https:\/\/fuentesfidedignas.com.mx\/index.php\/2022\/06\/12\/ataques-armados-en-sinaloa-dejan-3-muertos-y-3-heridos\/","title":{"rendered":"Ataques armados en Sinaloa dejan 3 muertos y 3 heridos"},"content":{"rendered":"\n<p><strong><em>Seg\u00fan el primer reporte, cuatro personas del sexo masculino miembros de una familia fueron atacados con disparos de armas de fuego<\/em><\/strong><\/p>\n\n\n\n<p>Culiac\u00e1n, Sin.- En dos atentados armados registrados en la cabecera municipal de Badiraguato y en la colonia Bur\u00f3cratas de Mazatl\u00e1n, tres personas del sexo masculino resultaron muertos por disparos de arma de fuego y un n\u00famero similar de hombres, fueron auxiliados y trasladados a hospitales por haber resultado heridos por disparos.<\/p>\n\n\n\n<p>Seg\u00fan el primer reporte, sobre la calle Dos de Abril, cuatro personas del sexo masculino miembros de una familia fueron atacados con disparos de armas de fuego, uno de ellos de nombre Manuel \u201cN\u201d, de 50 a\u00f1os de edad falleci\u00f3 dentro de una vagoneta, color blanco que estaba estacionada sobre la calle.<\/p>\n\n\n\n<p>Cerca de la unidad motriz, la Polic\u00eda Municipal del puerto y los cuerpos de auxilio, localizaron tirados en la calle con heridas de bala a Edgar \u201cN\u201d de 23 a\u00f1os de edad, Cristian \u201cN\u201d, de 21 y Kevin \u201cN\u201d, de 18 a\u00f1os de edad, el cual le penetr\u00f3 una bala en la cabeza, los cuales fueron trasladados a un hospital de Mazatl\u00e1n.<\/p>\n\n\n\n<p>Poco despu\u00e9s, se notific\u00f3 el fallecimiento de uno de los m\u00e1s j\u00f3venes, cuyo estado de salud entr\u00f3 en crisis a causa de las severas lesiones de armas de fuego que present\u00f3 en su cuerpo y cabeza.<\/p>\n\n\n\n<p>La Fiscal\u00eda General del Estado investiga una de las versiones, en el sentido que las v\u00edctimas estaban de visita en forma temporal en Mazatl\u00e1n, por lo que se desconocen los motivos por lo que fueron atacados por un grupo armado.<\/p>\n\n\n\n<p>En un segundo hecho que tuvo lugar en la cabecera municipal de Badiraguato, Luis Gustavo \u201cN\u201d, de 27 a\u00f1os de edad muri\u00f3 al recibir varios disparos de arma de fuego, en tanto que su acompa\u00f1ante, Ammer \u201cN\u201d, de 26 a\u00f1os fue encontrado gravemente herido, luego de participar presuntamente en una ri\u00f1a con personas armadas.<\/p>\n\n\n\n<p>Los datos recabados por la Polic\u00eda Municipal de dicha demarcaci\u00f3n territorial, es que las v\u00edctimas que trabajaban levantado una cerca, fueron visitados por otras personas con las que platicaron y por razones que se desconocen, se suscit\u00f3 una ri\u00f1a entre ellos, en la que salieron a relucir armas de fuego.<\/p>\n","protected":false},"excerpt":{"rendered":"<p>Seg\u00fan el primer reporte, cuatro personas del sexo masculino miembros de una familia fueron atacados con disparos de armas de fuego Culiac\u00e1n, Sin.- En dos atentados armados registrados en la cabecera municipal de Badiraguato y en la colonia Bur\u00f3cratas de Mazatl\u00e1n, tres personas del sexo masculino resultaron muertos por disparos de arma de fuego y [&hellip;]<\/p>\n","protected":false},"author":39,"featured_media":17751,"comment_status":"open","ping_status":"open","sticky":false,"template":"","format":"standard","meta":{"tdm_status":"","tdm_grid_status":"","footnotes":""},"categories":[37],"tags":[2925,49,115],"class_list":{"0":"post-34139","1":"post","2":"type-post","3":"status-publish","4":"format-standard","5":"has-post-thumbnail","7":"category-nota-principal","8":"tag-ataque-armado","9":"tag-sinaloa","10":"tag-violencia"},"yoast_head":"<!-- This site is optimized with the Yoast SEO plugin v27.4 - https:\/\/yoast.com\/product\/yoast-seo-wordpress\/ -->\n<title>Ataques armados en Sinaloa dejan 3 muertos y 3 heridos - Fuentes Fidedignas<\/title>\n<meta name=\"robots\" content=\"index, follow, max-snippet:-1, max-image-preview:large, max-video-preview:-1\" \/>\n<link rel=\"canonical\" href=\"https:\/\/fuentesfidedignas.com.mx\/index.php\/2022\/06\/12\/ataques-armados-en-sinaloa-dejan-3-muertos-y-3-heridos\/\" \/>\n<meta property=\"og:locale\" content=\"es_MX\" \/>\n<meta property=\"og:type\" content=\"article\" \/>\n<meta property=\"og:title\" content=\"Ataques armados en Sinaloa dejan 3 muertos y 3 heridos - Fuentes Fidedignas\" \/>\n<meta property=\"og:description\" content=\"Seg\u00fan el primer reporte, cuatro personas del sexo masculino miembros de una familia fueron atacados con disparos de armas de fuego Culiac\u00e1n, Sin.- En dos atentados armados registrados en la cabecera municipal de Badiraguato y en la colonia Bur\u00f3cratas de Mazatl\u00e1n, tres personas del sexo masculino resultaron muertos por disparos de arma de fuego y [&hellip;]\" \/>\n<meta property=\"og:url\" content=\"https:\/\/fuentesfidedignas.com.mx\/index.php\/2022\/06\/12\/ataques-armados-en-sinaloa-dejan-3-muertos-y-3-heridos\/\" \/>\n<meta property=\"og:site_name\" content=\"Fuentes Fidedignas\" \/>\n<meta property=\"article:publisher\" content=\"https:\/\/www.facebook.com\/Fuentes-Fidedignas-368234489921644\" \/>\n<meta property=\"article:published_time\" content=\"2022-06-12T18:30:36+00:00\" \/>\n<meta property=\"article:modified_time\" content=\"2022-06-12T18:30:38+00:00\" \/>\n<meta property=\"og:image\" content=\"https:\/\/fuentesfidedignas.com.mx\/wp-content\/uploads\/2021\/11\/cinta-amarilla.jpg\" \/>\n\t<meta property=\"og:image:width\" content=\"1000\" \/>\n\t<meta property=\"og:image:height\" content=\"564\" \/>\n\t<meta property=\"og:image:type\" content=\"image\/jpeg\" \/>\n<meta name=\"author\" content=\"El Universal\" \/>\n<meta name=\"twitter:card\" content=\"summary_large_image\" \/>\n<meta name=\"twitter:creator\" content=\"@fidedignas\" \/>\n<meta name=\"twitter:site\" content=\"@fidedignas\" \/>\n<meta name=\"twitter:label1\" content=\"Escrito por\" \/>\n\t<meta name=\"twitter:data1\" content=\"El Universal\" \/>\n\t<meta name=\"twitter:label2\" content=\"Tiempo de lectura\" \/>\n\t<meta name=\"twitter:data2\" content=\"2 minutos\" \/>\n<script type=\"application\/ld+json\" class=\"yoast-schema-graph\">{\"@context\":\"https:\\\/\\\/schema.org\",\"@graph\":[{\"@type\":\"Article\",\"@id\":\"https:\\\/\\\/fuentesfidedignas.com.mx\\\/index.php\\\/2022\\\/06\\\/12\\\/ataques-armados-en-sinaloa-dejan-3-muertos-y-3-heridos\\\/#article\",\"isPartOf\":{\"@id\":\"https:\\\/\\\/fuentesfidedignas.com.mx\\\/index.php\\\/2022\\\/06\\\/12\\\/ataques-armados-en-sinaloa-dejan-3-muertos-y-3-heridos\\\/\"},\"author\":{\"name\":\"El Universal\",\"@id\":\"https:\\\/\\\/fuentesfidedignas.com.mx\\\/#\\\/schema\\\/person\\\/fee3882e65fd0510d292c43a346d35d7\"},\"headline\":\"Ataques armados en Sinaloa dejan 3 muertos y 3 heridos\",\"datePublished\":\"2022-06-12T18:30:36+00:00\",\"dateModified\":\"2022-06-12T18:30:38+00:00\",\"mainEntityOfPage\":{\"@id\":\"https:\\\/\\\/fuentesfidedignas.com.mx\\\/index.php\\\/2022\\\/06\\\/12\\\/ataques-armados-en-sinaloa-dejan-3-muertos-y-3-heridos\\\/\"},\"wordCount\":394,\"commentCount\":0,\"publisher\":{\"@id\":\"https:\\\/\\\/fuentesfidedignas.com.mx\\\/#organization\"},\"image\":{\"@id\":\"https:\\\/\\\/fuentesfidedignas.com.mx\\\/index.php\\\/2022\\\/06\\\/12\\\/ataques-armados-en-sinaloa-dejan-3-muertos-y-3-heridos\\\/#primaryimage\"},\"thumbnailUrl\":\"https:\\\/\\\/fuentesfidedignas.com.mx\\\/wp-content\\\/uploads\\\/2021\\\/11\\\/cinta-amarilla.jpg\",\"keywords\":[\"Ataque armado\",\"sinaloa\",\"violencia\"],\"articleSection\":[\"NOTA PRINCIPAL\"],\"inLanguage\":\"es\",\"potentialAction\":[{\"@type\":\"CommentAction\",\"name\":\"Comment\",\"target\":[\"https:\\\/\\\/fuentesfidedignas.com.mx\\\/index.php\\\/2022\\\/06\\\/12\\\/ataques-armados-en-sinaloa-dejan-3-muertos-y-3-heridos\\\/#respond\"]}]},{\"@type\":\"WebPage\",\"@id\":\"https:\\\/\\\/fuentesfidedignas.com.mx\\\/index.php\\\/2022\\\/06\\\/12\\\/ataques-armados-en-sinaloa-dejan-3-muertos-y-3-heridos\\\/\",\"url\":\"https:\\\/\\\/fuentesfidedignas.com.mx\\\/index.php\\\/2022\\\/06\\\/12\\\/ataques-armados-en-sinaloa-dejan-3-muertos-y-3-heridos\\\/\",\"name\":\"Ataques armados en Sinaloa dejan 3 muertos y 3 heridos - Fuentes Fidedignas\",\"isPartOf\":{\"@id\":\"https:\\\/\\\/fuentesfidedignas.com.mx\\\/#website\"},\"primaryImageOfPage\":{\"@id\":\"https:\\\/\\\/fuentesfidedignas.com.mx\\\/index.php\\\/2022\\\/06\\\/12\\\/ataques-armados-en-sinaloa-dejan-3-muertos-y-3-heridos\\\/#primaryimage\"},\"image\":{\"@id\":\"https:\\\/\\\/fuentesfidedignas.com.mx\\\/index.php\\\/2022\\\/06\\\/12\\\/ataques-armados-en-sinaloa-dejan-3-muertos-y-3-heridos\\\/#primaryimage\"},\"thumbnailUrl\":\"https:\\\/\\\/fuentesfidedignas.com.mx\\\/wp-content\\\/uploads\\\/2021\\\/11\\\/cinta-amarilla.jpg\",\"datePublished\":\"2022-06-12T18:30:36+00:00\",\"dateModified\":\"2022-06-12T18:30:38+00:00\",\"breadcrumb\":{\"@id\":\"https:\\\/\\\/fuentesfidedignas.com.mx\\\/index.php\\\/2022\\\/06\\\/12\\\/ataques-armados-en-sinaloa-dejan-3-muertos-y-3-heridos\\\/#breadcrumb\"},\"inLanguage\":\"es\",\"potentialAction\":[{\"@type\":\"ReadAction\",\"target\":[\"https:\\\/\\\/fuentesfidedignas.com.mx\\\/index.php\\\/2022\\\/06\\\/12\\\/ataques-armados-en-sinaloa-dejan-3-muertos-y-3-heridos\\\/\"]}]},{\"@type\":\"ImageObject\",\"inLanguage\":\"es\",\"@id\":\"https:\\\/\\\/fuentesfidedignas.com.mx\\\/index.php\\\/2022\\\/06\\\/12\\\/ataques-armados-en-sinaloa-dejan-3-muertos-y-3-heridos\\\/#primaryimage\",\"url\":\"https:\\\/\\\/fuentesfidedignas.com.mx\\\/wp-content\\\/uploads\\\/2021\\\/11\\\/cinta-amarilla.jpg\",\"contentUrl\":\"https:\\\/\\\/fuentesfidedignas.com.mx\\\/wp-content\\\/uploads\\\/2021\\\/11\\\/cinta-amarilla.jpg\",\"width\":1000,\"height\":564},{\"@type\":\"BreadcrumbList\",\"@id\":\"https:\\\/\\\/fuentesfidedignas.com.mx\\\/index.php\\\/2022\\\/06\\\/12\\\/ataques-armados-en-sinaloa-dejan-3-muertos-y-3-heridos\\\/#breadcrumb\",\"itemListElement\":[{\"@type\":\"ListItem\",\"position\":1,\"name\":\"Inicio\",\"item\":\"https:\\\/\\\/fuentesfidedignas.com.mx\\\/\"},{\"@type\":\"ListItem\",\"position\":2,\"name\":\"Ataques armados en Sinaloa dejan 3 muertos y 3 heridos\"}]},{\"@type\":\"WebSite\",\"@id\":\"https:\\\/\\\/fuentesfidedignas.com.mx\\\/#website\",\"url\":\"https:\\\/\\\/fuentesfidedignas.com.mx\\\/\",\"name\":\"Fuentes Fidedignas\",\"description\":\"Otro sitio realizado con WordPress\",\"publisher\":{\"@id\":\"https:\\\/\\\/fuentesfidedignas.com.mx\\\/#organization\"},\"potentialAction\":[{\"@type\":\"SearchAction\",\"target\":{\"@type\":\"EntryPoint\",\"urlTemplate\":\"https:\\\/\\\/fuentesfidedignas.com.mx\\\/?s={search_term_string}\"},\"query-input\":{\"@type\":\"PropertyValueSpecification\",\"valueRequired\":true,\"valueName\":\"search_term_string\"}}],\"inLanguage\":\"es\"},{\"@type\":\"Organization\",\"@id\":\"https:\\\/\\\/fuentesfidedignas.com.mx\\\/#organization\",\"name\":\"Fuentes Fidedignas\",\"url\":\"https:\\\/\\\/fuentesfidedignas.com.mx\\\/\",\"logo\":{\"@type\":\"ImageObject\",\"inLanguage\":\"es\",\"@id\":\"https:\\\/\\\/fuentesfidedignas.com.mx\\\/#\\\/schema\\\/logo\\\/image\\\/\",\"url\":\"https:\\\/\\\/fuentesfidedignas.com.mx\\\/wp-content\\\/uploads\\\/2021\\\/04\\\/logo-retina.png\",\"contentUrl\":\"https:\\\/\\\/fuentesfidedignas.com.mx\\\/wp-content\\\/uploads\\\/2021\\\/04\\\/logo-retina.png\",\"width\":280,\"height\":51,\"caption\":\"Fuentes Fidedignas\"},\"image\":{\"@id\":\"https:\\\/\\\/fuentesfidedignas.com.mx\\\/#\\\/schema\\\/logo\\\/image\\\/\"},\"sameAs\":[\"https:\\\/\\\/www.facebook.com\\\/Fuentes-Fidedignas-368234489921644\",\"https:\\\/\\\/x.com\\\/fidedignas\"]},{\"@type\":\"Person\",\"@id\":\"https:\\\/\\\/fuentesfidedignas.com.mx\\\/#\\\/schema\\\/person\\\/fee3882e65fd0510d292c43a346d35d7\",\"name\":\"El Universal\",\"image\":{\"@type\":\"ImageObject\",\"inLanguage\":\"es\",\"@id\":\"https:\\\/\\\/secure.gravatar.com\\\/avatar\\\/1ebc94d82b6c3c081781f73e5b76a0d0c1ac7bf8e57426f18802246eeaa2747c?s=96&d=mm&r=g\",\"url\":\"https:\\\/\\\/secure.gravatar.com\\\/avatar\\\/1ebc94d82b6c3c081781f73e5b76a0d0c1ac7bf8e57426f18802246eeaa2747c?s=96&d=mm&r=g\",\"contentUrl\":\"https:\\\/\\\/secure.gravatar.com\\\/avatar\\\/1ebc94d82b6c3c081781f73e5b76a0d0c1ac7bf8e57426f18802246eeaa2747c?s=96&d=mm&r=g\",\"caption\":\"El Universal\"},\"url\":\"https:\\\/\\\/fuentesfidedignas.com.mx\\\/index.php\\\/author\\\/el-universal\\\/\"}]}<\/script>\n<!-- \/ Yoast SEO plugin. -->","yoast_head_json":{"title":"Ataques armados en Sinaloa dejan 3 muertos y 3 heridos - Fuentes Fidedignas","robots":{"index":"index","follow":"follow","max-snippet":"max-snippet:-1","max-image-preview":"max-image-preview:large","max-video-preview":"max-video-preview:-1"},"canonical":"https:\/\/fuentesfidedignas.com.mx\/index.php\/2022\/06\/12\/ataques-armados-en-sinaloa-dejan-3-muertos-y-3-heridos\/","og_locale":"es_MX","og_type":"article","og_title":"Ataques armados en Sinaloa dejan 3 muertos y 3 heridos - Fuentes Fidedignas","og_description":"Seg\u00fan el primer reporte, cuatro personas del sexo masculino miembros de una familia fueron atacados con disparos de armas de fuego Culiac\u00e1n, Sin.- En dos atentados armados registrados en la cabecera municipal de Badiraguato y en la colonia Bur\u00f3cratas de Mazatl\u00e1n, tres personas del sexo masculino resultaron muertos por disparos de arma de fuego y [&hellip;]","og_url":"https:\/\/fuentesfidedignas.com.mx\/index.php\/2022\/06\/12\/ataques-armados-en-sinaloa-dejan-3-muertos-y-3-heridos\/","og_site_name":"Fuentes Fidedignas","article_publisher":"https:\/\/www.facebook.com\/Fuentes-Fidedignas-368234489921644","article_published_time":"2022-06-12T18:30:36+00:00","article_modified_time":"2022-06-12T18:30:38+00:00","og_image":[{"width":1000,"height":564,"url":"https:\/\/fuentesfidedignas.com.mx\/wp-content\/uploads\/2021\/11\/cinta-amarilla.jpg","type":"image\/jpeg"}],"author":"El Universal","twitter_card":"summary_large_image","twitter_creator":"@fidedignas","twitter_site":"@fidedignas","twitter_misc":{"Escrito por":"El Universal","Tiempo de lectura":"2 minutos"},"schema":{"@context":"https:\/\/schema.org","@graph":[{"@type":"Article","@id":"https:\/\/fuentesfidedignas.com.mx\/index.php\/2022\/06\/12\/ataques-armados-en-sinaloa-dejan-3-muertos-y-3-heridos\/#article","isPartOf":{"@id":"https:\/\/fuentesfidedignas.com.mx\/index.php\/2022\/06\/12\/ataques-armados-en-sinaloa-dejan-3-muertos-y-3-heridos\/"},"author":{"name":"El Universal","@id":"https:\/\/fuentesfidedignas.com.mx\/#\/schema\/person\/fee3882e65fd0510d292c43a346d35d7"},"headline":"Ataques armados en Sinaloa dejan 3 muertos y 3 heridos","datePublished":"2022-06-12T18:30:36+00:00","dateModified":"2022-06-12T18:30:38+00:00","mainEntityOfPage":{"@id":"https:\/\/fuentesfidedignas.com.mx\/index.php\/2022\/06\/12\/ataques-armados-en-sinaloa-dejan-3-muertos-y-3-heridos\/"},"wordCount":394,"commentCount":0,"publisher":{"@id":"https:\/\/fuentesfidedignas.com.mx\/#organization"},"image":{"@id":"https:\/\/fuentesfidedignas.com.mx\/index.php\/2022\/06\/12\/ataques-armados-en-sinaloa-dejan-3-muertos-y-3-heridos\/#primaryimage"},"thumbnailUrl":"https:\/\/fuentesfidedignas.com.mx\/wp-content\/uploads\/2021\/11\/cinta-amarilla.jpg","keywords":["Ataque armado","sinaloa","violencia"],"articleSection":["NOTA PRINCIPAL"],"inLanguage":"es","potentialAction":[{"@type":"CommentAction","name":"Comment","target":["https:\/\/fuentesfidedignas.com.mx\/index.php\/2022\/06\/12\/ataques-armados-en-sinaloa-dejan-3-muertos-y-3-heridos\/#respond"]}]},{"@type":"WebPage","@id":"https:\/\/fuentesfidedignas.com.mx\/index.php\/2022\/06\/12\/ataques-armados-en-sinaloa-dejan-3-muertos-y-3-heridos\/","url":"https:\/\/fuentesfidedignas.com.mx\/index.php\/2022\/06\/12\/ataques-armados-en-sinaloa-dejan-3-muertos-y-3-heridos\/","name":"Ataques armados en Sinaloa dejan 3 muertos y 3 heridos - Fuentes Fidedignas","isPartOf":{"@id":"https:\/\/fuentesfidedignas.com.mx\/#website"},"primaryImageOfPage":{"@id":"https:\/\/fuentesfidedignas.com.mx\/index.php\/2022\/06\/12\/ataques-armados-en-sinaloa-dejan-3-muertos-y-3-heridos\/#primaryimage"},"image":{"@id":"https:\/\/fuentesfidedignas.com.mx\/index.php\/2022\/06\/12\/ataques-armados-en-sinaloa-dejan-3-muertos-y-3-heridos\/#primaryimage"},"thumbnailUrl":"https:\/\/fuentesfidedignas.com.mx\/wp-content\/uploads\/2021\/11\/cinta-amarilla.jpg","datePublished":"2022-06-12T18:30:36+00:00","dateModified":"2022-06-12T18:30:38+00:00","breadcrumb":{"@id":"https:\/\/fuentesfidedignas.com.mx\/index.php\/2022\/06\/12\/ataques-armados-en-sinaloa-dejan-3-muertos-y-3-heridos\/#breadcrumb"},"inLanguage":"es","potentialAction":[{"@type":"ReadAction","target":["https:\/\/fuentesfidedignas.com.mx\/index.php\/2022\/06\/12\/ataques-armados-en-sinaloa-dejan-3-muertos-y-3-heridos\/"]}]},{"@type":"ImageObject","inLanguage":"es","@id":"https:\/\/fuentesfidedignas.com.mx\/index.php\/2022\/06\/12\/ataques-armados-en-sinaloa-dejan-3-muertos-y-3-heridos\/#primaryimage","url":"https:\/\/fuentesfidedignas.com.mx\/wp-content\/uploads\/2021\/11\/cinta-amarilla.jpg","contentUrl":"https:\/\/fuentesfidedignas.com.mx\/wp-content\/uploads\/2021\/11\/cinta-amarilla.jpg","width":1000,"height":564},{"@type":"BreadcrumbList","@id":"https:\/\/fuentesfidedignas.com.mx\/index.php\/2022\/06\/12\/ataques-armados-en-sinaloa-dejan-3-muertos-y-3-heridos\/#breadcrumb","itemListElement":[{"@type":"ListItem","position":1,"name":"Inicio","item":"https:\/\/fuentesfidedignas.com.mx\/"},{"@type":"ListItem","position":2,"name":"Ataques armados en Sinaloa dejan 3 muertos y 3 heridos"}]},{"@type":"WebSite","@id":"https:\/\/fuentesfidedignas.com.mx\/#website","url":"https:\/\/fuentesfidedignas.com.mx\/","name":"Fuentes Fidedignas","description":"Otro sitio realizado con WordPress","publisher":{"@id":"https:\/\/fuentesfidedignas.com.mx\/#organization"},"potentialAction":[{"@type":"SearchAction","target":{"@type":"EntryPoint","urlTemplate":"https:\/\/fuentesfidedignas.com.mx\/?s={search_term_string}"},"query-input":{"@type":"PropertyValueSpecification","valueRequired":true,"valueName":"search_term_string"}}],"inLanguage":"es"},{"@type":"Organization","@id":"https:\/\/fuentesfidedignas.com.mx\/#organization","name":"Fuentes Fidedignas","url":"https:\/\/fuentesfidedignas.com.mx\/","logo":{"@type":"ImageObject","inLanguage":"es","@id":"https:\/\/fuentesfidedignas.com.mx\/#\/schema\/logo\/image\/","url":"https:\/\/fuentesfidedignas.com.mx\/wp-content\/uploads\/2021\/04\/logo-retina.png","contentUrl":"https:\/\/fuentesfidedignas.com.mx\/wp-content\/uploads\/2021\/04\/logo-retina.png","width":280,"height":51,"caption":"Fuentes Fidedignas"},"image":{"@id":"https:\/\/fuentesfidedignas.com.mx\/#\/schema\/logo\/image\/"},"sameAs":["https:\/\/www.facebook.com\/Fuentes-Fidedignas-368234489921644","https:\/\/x.com\/fidedignas"]},{"@type":"Person","@id":"https:\/\/fuentesfidedignas.com.mx\/#\/schema\/person\/fee3882e65fd0510d292c43a346d35d7","name":"El Universal","image":{"@type":"ImageObject","inLanguage":"es","@id":"https:\/\/secure.gravatar.com\/avatar\/1ebc94d82b6c3c081781f73e5b76a0d0c1ac7bf8e57426f18802246eeaa2747c?s=96&d=mm&r=g","url":"https:\/\/secure.gravatar.com\/avatar\/1ebc94d82b6c3c081781f73e5b76a0d0c1ac7bf8e57426f18802246eeaa2747c?s=96&d=mm&r=g","contentUrl":"https:\/\/secure.gravatar.com\/avatar\/1ebc94d82b6c3c081781f73e5b76a0d0c1ac7bf8e57426f18802246eeaa2747c?s=96&d=mm&r=g","caption":"El Universal"},"url":"https:\/\/fuentesfidedignas.com.mx\/index.php\/author\/el-universal\/"}]}},"_links":{"self":[{"href":"https:\/\/fuentesfidedignas.com.mx\/index.php\/wp-json\/wp\/v2\/posts\/34139","targetHints":{"allow":["GET"]}}],"collection":[{"href":"https:\/\/fuentesfidedignas.com.mx\/index.php\/wp-json\/wp\/v2\/posts"}],"about":[{"href":"https:\/\/fuentesfidedignas.com.mx\/index.php\/wp-json\/wp\/v2\/types\/post"}],"author":[{"embeddable":true,"href":"https:\/\/fuentesfidedignas.com.mx\/index.php\/wp-json\/wp\/v2\/users\/39"}],"replies":[{"embeddable":true,"href":"https:\/\/fuentesfidedignas.com.mx\/index.php\/wp-json\/wp\/v2\/comments?post=34139"}],"version-history":[{"count":1,"href":"https:\/\/fuentesfidedignas.com.mx\/index.php\/wp-json\/wp\/v2\/posts\/34139\/revisions"}],"predecessor-version":[{"id":34140,"href":"https:\/\/fuentesfidedignas.com.mx\/index.php\/wp-json\/wp\/v2\/posts\/34139\/revisions\/34140"}],"wp:featuredmedia":[{"embeddable":true,"href":"https:\/\/fuentesfidedignas.com.mx\/index.php\/wp-json\/wp\/v2\/media\/17751"}],"wp:attachment":[{"href":"https:\/\/fuentesfidedignas.com.mx\/index.php\/wp-json\/wp\/v2\/media?parent=34139"}],"wp:term":[{"taxonomy":"category","embeddable":true,"href":"https:\/\/fuentesfidedignas.com.mx\/index.php\/wp-json\/wp\/v2\/categories?post=34139"},{"taxonomy":"post_tag","embeddable":true,"href":"https:\/\/fuentesfidedignas.com.mx\/index.php\/wp-json\/wp\/v2\/tags?post=34139"}],"curies":[{"name":"wp","href":"https:\/\/api.w.org\/{rel}","templated":true}]}}