{"id":34104,"date":"2022-06-11T13:57:53","date_gmt":"2022-06-11T19:57:53","guid":{"rendered":"https:\/\/fuentesfidedignas.com.mx\/?p=34104"},"modified":"2022-06-11T13:58:20","modified_gmt":"2022-06-11T19:58:20","slug":"flu-flu-volo-se-fue-retiraran-yo-soy-betty-la-fea-de-netflix","status":"publish","type":"post","link":"https:\/\/fuentesfidedignas.com.mx\/index.php\/2022\/06\/11\/flu-flu-volo-se-fue-retiraran-yo-soy-betty-la-fea-de-netflix\/","title":{"rendered":"\u2018Fl\u00fa, fl\u00fa, vol\u00f3, se fue\u2019: retirar\u00e1n \u2018Yo soy Betty, la Fea\u2019 de Netflix"},"content":{"rendered":"\n<p><br><strong><em>A pesar de que Netflix no ha hecho un anuncio oficial, algunos seguidores de esta serie compartieron capturas del anuncio en la plataforma<\/em><\/strong> <\/p>\n\n\n\n<p>Ciudad de M\u00e9xico.  &#8216;\u00a1Qu\u00e9 tal los de Netflix!\u2019 A pesar de estar atravesando por una crisis en la cual han perdido m\u00e1s de 200 mil suscriptores tan solo en el primer trimestre del a\u00f1o, se han dado el lujo de retirar pr\u00f3ximamente de su cat\u00e1logo a una de las producciones m\u00e1s populares de la plataforma: \u2018Yo Soy Betty, la Fea\u2019.<\/p>\n\n\n\n<p>\u2018<strong>Yo soy Betty la Fea\u2019 se va de Netflix<\/strong><br>Las redes sociales no han parado de hacer comentarios sobre la salida de esta telenovela, que en los \u00faltimos meses se hab\u00eda mantenido dentro del top 10 de Netflix en M\u00e9xico y, de acuerdo con algunos internautas, era la \u00fanica raz\u00f3n por la que manten\u00edan contratado el servicio de streaming.<\/p>\n\n\n\n<figure class=\"wp-block-image size-full\"><img decoding=\"async\" width=\"800\" height=\"863\" src=\"https:\/\/fuentesfidedignas.com.mx\/wp-content\/uploads\/2022\/06\/F47LYSGSQZDWNN7TKHRPN754T4.jpeg\" alt=\"\" class=\"wp-image-34108\" srcset=\"https:\/\/fuentesfidedignas.com.mx\/wp-content\/uploads\/2022\/06\/F47LYSGSQZDWNN7TKHRPN754T4.jpeg 800w, https:\/\/fuentesfidedignas.com.mx\/wp-content\/uploads\/2022\/06\/F47LYSGSQZDWNN7TKHRPN754T4-278x300.jpeg 278w, https:\/\/fuentesfidedignas.com.mx\/wp-content\/uploads\/2022\/06\/F47LYSGSQZDWNN7TKHRPN754T4-768x828.jpeg 768w\" sizes=\"(max-width: 800px) 100vw, 800px\" \/><\/figure>\n\n\n\n<p>A pesar de no hacer (todav\u00eda) un anuncio p\u00fablicamente, algunos usuarios en Twitter se\u00f1alaron que, al momento de ingresar, la pantalla muestra el siguiente mensaje: \u201c\u00daltimo d\u00eda para ver este t\u00edtulo en Netflix: 10 de julio\u201d, lo que ha encendido las alarmas en todos los fan\u00e1ticos de la popular telenovela.<\/p>\n\n\n\n<figure class=\"wp-block-image size-full\"><img decoding=\"async\" width=\"800\" height=\"450\" src=\"https:\/\/fuentesfidedignas.com.mx\/wp-content\/uploads\/2022\/06\/SOKQHR6XYVA73G5DLXLMUOZYRQ.jpeg\" alt=\"\" class=\"wp-image-34106\" srcset=\"https:\/\/fuentesfidedignas.com.mx\/wp-content\/uploads\/2022\/06\/SOKQHR6XYVA73G5DLXLMUOZYRQ.jpeg 800w, https:\/\/fuentesfidedignas.com.mx\/wp-content\/uploads\/2022\/06\/SOKQHR6XYVA73G5DLXLMUOZYRQ-300x169.jpeg 300w, https:\/\/fuentesfidedignas.com.mx\/wp-content\/uploads\/2022\/06\/SOKQHR6XYVA73G5DLXLMUOZYRQ-768x432.jpeg 768w\" sizes=\"(max-width: 800px) 100vw, 800px\" \/><\/figure>\n\n\n\n<figure class=\"wp-block-image size-full\"><img decoding=\"async\" width=\"800\" height=\"450\" src=\"https:\/\/fuentesfidedignas.com.mx\/wp-content\/uploads\/2022\/06\/BIOVWNNZEJDZZDHVRAYTATI32E.jpeg\" alt=\"\" class=\"wp-image-34107\" srcset=\"https:\/\/fuentesfidedignas.com.mx\/wp-content\/uploads\/2022\/06\/BIOVWNNZEJDZZDHVRAYTATI32E.jpeg 800w, https:\/\/fuentesfidedignas.com.mx\/wp-content\/uploads\/2022\/06\/BIOVWNNZEJDZZDHVRAYTATI32E-300x169.jpeg 300w, https:\/\/fuentesfidedignas.com.mx\/wp-content\/uploads\/2022\/06\/BIOVWNNZEJDZZDHVRAYTATI32E-768x432.jpeg 768w\" sizes=\"(max-width: 800px) 100vw, 800px\" \/><\/figure>\n\n\n\n<p>De hecho, se convirti\u00f3 en tendencia en redes sociales ya que muchos de ellos solicitaban a Netflix que no sacara de su biblioteca a la historia protagonizada por la actriz Ana Mar\u00eda Orozco y el actor Jorge Enrique Abello.<\/p>\n","protected":false},"excerpt":{"rendered":"<p>A pesar de que Netflix no ha hecho un anuncio oficial, algunos seguidores de esta serie compartieron capturas del anuncio en la plataforma Ciudad de M\u00e9xico. &#8216;\u00a1Qu\u00e9 tal los de Netflix!\u2019 A pesar de estar atravesando por una crisis en la cual han perdido m\u00e1s de 200 mil suscriptores tan solo en el primer trimestre [&hellip;]<\/p>\n","protected":false},"author":21,"featured_media":34110,"comment_status":"open","ping_status":"open","sticky":false,"template":"","format":"standard","meta":{"tdm_status":"","tdm_grid_status":"","footnotes":""},"categories":[39],"tags":[],"class_list":{"0":"post-34104","1":"post","2":"type-post","3":"status-publish","4":"format-standard","5":"has-post-thumbnail","7":"category-noticias-nacionales"},"yoast_head":"<!-- This site is optimized with the Yoast SEO plugin v27.5 - https:\/\/yoast.com\/product\/yoast-seo-wordpress\/ -->\n<title>\u2018Fl\u00fa, fl\u00fa, vol\u00f3, se fue\u2019: retirar\u00e1n \u2018Yo soy Betty, la Fea\u2019 de Netflix - Fuentes Fidedignas<\/title>\n<meta name=\"robots\" content=\"index, follow, max-snippet:-1, max-image-preview:large, max-video-preview:-1\" \/>\n<link rel=\"canonical\" href=\"https:\/\/fuentesfidedignas.com.mx\/index.php\/2022\/06\/11\/flu-flu-volo-se-fue-retiraran-yo-soy-betty-la-fea-de-netflix\/\" \/>\n<meta property=\"og:locale\" content=\"es_MX\" \/>\n<meta property=\"og:type\" content=\"article\" \/>\n<meta property=\"og:title\" content=\"\u2018Fl\u00fa, fl\u00fa, vol\u00f3, se fue\u2019: retirar\u00e1n \u2018Yo soy Betty, la Fea\u2019 de Netflix - Fuentes Fidedignas\" \/>\n<meta property=\"og:description\" content=\"A pesar de que Netflix no ha hecho un anuncio oficial, algunos seguidores de esta serie compartieron capturas del anuncio en la plataforma Ciudad de M\u00e9xico. &#8216;\u00a1Qu\u00e9 tal los de Netflix!\u2019 A pesar de estar atravesando por una crisis en la cual han perdido m\u00e1s de 200 mil suscriptores tan solo en el primer trimestre [&hellip;]\" \/>\n<meta property=\"og:url\" content=\"https:\/\/fuentesfidedignas.com.mx\/index.php\/2022\/06\/11\/flu-flu-volo-se-fue-retiraran-yo-soy-betty-la-fea-de-netflix\/\" \/>\n<meta property=\"og:site_name\" content=\"Fuentes Fidedignas\" \/>\n<meta property=\"article:publisher\" content=\"https:\/\/www.facebook.com\/Fuentes-Fidedignas-368234489921644\" \/>\n<meta property=\"article:published_time\" content=\"2022-06-11T19:57:53+00:00\" \/>\n<meta property=\"article:modified_time\" content=\"2022-06-11T19:58:20+00:00\" \/>\n<meta property=\"og:image\" content=\"https:\/\/fuentesfidedignas.com.mx\/wp-content\/uploads\/2022\/06\/2XR3W3DNHBC7NEFM26YVKGBY5I-1.jpeg\" \/>\n\t<meta property=\"og:image:width\" content=\"800\" \/>\n\t<meta property=\"og:image:height\" content=\"450\" \/>\n\t<meta property=\"og:image:type\" content=\"image\/jpeg\" \/>\n<meta name=\"author\" content=\"El Financiero\" \/>\n<meta name=\"twitter:card\" content=\"summary_large_image\" \/>\n<meta name=\"twitter:creator\" content=\"@fidedignas\" \/>\n<meta name=\"twitter:site\" content=\"@fidedignas\" \/>\n<meta name=\"twitter:label1\" content=\"Escrito por\" \/>\n\t<meta name=\"twitter:data1\" content=\"El Financiero\" \/>\n\t<meta name=\"twitter:label2\" content=\"Tiempo de lectura\" \/>\n\t<meta name=\"twitter:data2\" content=\"2 minutos\" \/>\n<script type=\"application\/ld+json\" class=\"yoast-schema-graph\">{\"@context\":\"https:\\\/\\\/schema.org\",\"@graph\":[{\"@type\":\"Article\",\"@id\":\"https:\\\/\\\/fuentesfidedignas.com.mx\\\/index.php\\\/2022\\\/06\\\/11\\\/flu-flu-volo-se-fue-retiraran-yo-soy-betty-la-fea-de-netflix\\\/#article\",\"isPartOf\":{\"@id\":\"https:\\\/\\\/fuentesfidedignas.com.mx\\\/index.php\\\/2022\\\/06\\\/11\\\/flu-flu-volo-se-fue-retiraran-yo-soy-betty-la-fea-de-netflix\\\/\"},\"author\":{\"name\":\"El Financiero\",\"@id\":\"https:\\\/\\\/fuentesfidedignas.com.mx\\\/#\\\/schema\\\/person\\\/494f7e0dce8dfaaec5b64f16615b78e9\"},\"headline\":\"\u2018Fl\u00fa, fl\u00fa, vol\u00f3, se fue\u2019: retirar\u00e1n \u2018Yo soy Betty, la Fea\u2019 de Netflix\",\"datePublished\":\"2022-06-11T19:57:53+00:00\",\"dateModified\":\"2022-06-11T19:58:20+00:00\",\"mainEntityOfPage\":{\"@id\":\"https:\\\/\\\/fuentesfidedignas.com.mx\\\/index.php\\\/2022\\\/06\\\/11\\\/flu-flu-volo-se-fue-retiraran-yo-soy-betty-la-fea-de-netflix\\\/\"},\"wordCount\":259,\"commentCount\":0,\"publisher\":{\"@id\":\"https:\\\/\\\/fuentesfidedignas.com.mx\\\/#organization\"},\"image\":{\"@id\":\"https:\\\/\\\/fuentesfidedignas.com.mx\\\/index.php\\\/2022\\\/06\\\/11\\\/flu-flu-volo-se-fue-retiraran-yo-soy-betty-la-fea-de-netflix\\\/#primaryimage\"},\"thumbnailUrl\":\"https:\\\/\\\/fuentesfidedignas.com.mx\\\/wp-content\\\/uploads\\\/2022\\\/06\\\/2XR3W3DNHBC7NEFM26YVKGBY5I-1.jpeg\",\"articleSection\":[\"NOTICIAS NACIONALES\"],\"inLanguage\":\"es\",\"potentialAction\":[{\"@type\":\"CommentAction\",\"name\":\"Comment\",\"target\":[\"https:\\\/\\\/fuentesfidedignas.com.mx\\\/index.php\\\/2022\\\/06\\\/11\\\/flu-flu-volo-se-fue-retiraran-yo-soy-betty-la-fea-de-netflix\\\/#respond\"]}]},{\"@type\":\"WebPage\",\"@id\":\"https:\\\/\\\/fuentesfidedignas.com.mx\\\/index.php\\\/2022\\\/06\\\/11\\\/flu-flu-volo-se-fue-retiraran-yo-soy-betty-la-fea-de-netflix\\\/\",\"url\":\"https:\\\/\\\/fuentesfidedignas.com.mx\\\/index.php\\\/2022\\\/06\\\/11\\\/flu-flu-volo-se-fue-retiraran-yo-soy-betty-la-fea-de-netflix\\\/\",\"name\":\"\u2018Fl\u00fa, fl\u00fa, vol\u00f3, se fue\u2019: retirar\u00e1n \u2018Yo soy Betty, la Fea\u2019 de Netflix - Fuentes Fidedignas\",\"isPartOf\":{\"@id\":\"https:\\\/\\\/fuentesfidedignas.com.mx\\\/#website\"},\"primaryImageOfPage\":{\"@id\":\"https:\\\/\\\/fuentesfidedignas.com.mx\\\/index.php\\\/2022\\\/06\\\/11\\\/flu-flu-volo-se-fue-retiraran-yo-soy-betty-la-fea-de-netflix\\\/#primaryimage\"},\"image\":{\"@id\":\"https:\\\/\\\/fuentesfidedignas.com.mx\\\/index.php\\\/2022\\\/06\\\/11\\\/flu-flu-volo-se-fue-retiraran-yo-soy-betty-la-fea-de-netflix\\\/#primaryimage\"},\"thumbnailUrl\":\"https:\\\/\\\/fuentesfidedignas.com.mx\\\/wp-content\\\/uploads\\\/2022\\\/06\\\/2XR3W3DNHBC7NEFM26YVKGBY5I-1.jpeg\",\"datePublished\":\"2022-06-11T19:57:53+00:00\",\"dateModified\":\"2022-06-11T19:58:20+00:00\",\"breadcrumb\":{\"@id\":\"https:\\\/\\\/fuentesfidedignas.com.mx\\\/index.php\\\/2022\\\/06\\\/11\\\/flu-flu-volo-se-fue-retiraran-yo-soy-betty-la-fea-de-netflix\\\/#breadcrumb\"},\"inLanguage\":\"es\",\"potentialAction\":[{\"@type\":\"ReadAction\",\"target\":[\"https:\\\/\\\/fuentesfidedignas.com.mx\\\/index.php\\\/2022\\\/06\\\/11\\\/flu-flu-volo-se-fue-retiraran-yo-soy-betty-la-fea-de-netflix\\\/\"]}]},{\"@type\":\"ImageObject\",\"inLanguage\":\"es\",\"@id\":\"https:\\\/\\\/fuentesfidedignas.com.mx\\\/index.php\\\/2022\\\/06\\\/11\\\/flu-flu-volo-se-fue-retiraran-yo-soy-betty-la-fea-de-netflix\\\/#primaryimage\",\"url\":\"https:\\\/\\\/fuentesfidedignas.com.mx\\\/wp-content\\\/uploads\\\/2022\\\/06\\\/2XR3W3DNHBC7NEFM26YVKGBY5I-1.jpeg\",\"contentUrl\":\"https:\\\/\\\/fuentesfidedignas.com.mx\\\/wp-content\\\/uploads\\\/2022\\\/06\\\/2XR3W3DNHBC7NEFM26YVKGBY5I-1.jpeg\",\"width\":800,\"height\":450},{\"@type\":\"BreadcrumbList\",\"@id\":\"https:\\\/\\\/fuentesfidedignas.com.mx\\\/index.php\\\/2022\\\/06\\\/11\\\/flu-flu-volo-se-fue-retiraran-yo-soy-betty-la-fea-de-netflix\\\/#breadcrumb\",\"itemListElement\":[{\"@type\":\"ListItem\",\"position\":1,\"name\":\"Inicio\",\"item\":\"https:\\\/\\\/fuentesfidedignas.com.mx\\\/\"},{\"@type\":\"ListItem\",\"position\":2,\"name\":\"\u2018Fl\u00fa, fl\u00fa, vol\u00f3, se fue\u2019: retirar\u00e1n \u2018Yo soy Betty, la Fea\u2019 de Netflix\"}]},{\"@type\":\"WebSite\",\"@id\":\"https:\\\/\\\/fuentesfidedignas.com.mx\\\/#website\",\"url\":\"https:\\\/\\\/fuentesfidedignas.com.mx\\\/\",\"name\":\"Fuentes Fidedignas\",\"description\":\"Otro sitio realizado con WordPress\",\"publisher\":{\"@id\":\"https:\\\/\\\/fuentesfidedignas.com.mx\\\/#organization\"},\"potentialAction\":[{\"@type\":\"SearchAction\",\"target\":{\"@type\":\"EntryPoint\",\"urlTemplate\":\"https:\\\/\\\/fuentesfidedignas.com.mx\\\/?s={search_term_string}\"},\"query-input\":{\"@type\":\"PropertyValueSpecification\",\"valueRequired\":true,\"valueName\":\"search_term_string\"}}],\"inLanguage\":\"es\"},{\"@type\":\"Organization\",\"@id\":\"https:\\\/\\\/fuentesfidedignas.com.mx\\\/#organization\",\"name\":\"Fuentes Fidedignas\",\"url\":\"https:\\\/\\\/fuentesfidedignas.com.mx\\\/\",\"logo\":{\"@type\":\"ImageObject\",\"inLanguage\":\"es\",\"@id\":\"https:\\\/\\\/fuentesfidedignas.com.mx\\\/#\\\/schema\\\/logo\\\/image\\\/\",\"url\":\"https:\\\/\\\/fuentesfidedignas.com.mx\\\/wp-content\\\/uploads\\\/2021\\\/04\\\/logo-retina.png\",\"contentUrl\":\"https:\\\/\\\/fuentesfidedignas.com.mx\\\/wp-content\\\/uploads\\\/2021\\\/04\\\/logo-retina.png\",\"width\":280,\"height\":51,\"caption\":\"Fuentes Fidedignas\"},\"image\":{\"@id\":\"https:\\\/\\\/fuentesfidedignas.com.mx\\\/#\\\/schema\\\/logo\\\/image\\\/\"},\"sameAs\":[\"https:\\\/\\\/www.facebook.com\\\/Fuentes-Fidedignas-368234489921644\",\"https:\\\/\\\/x.com\\\/fidedignas\"]},{\"@type\":\"Person\",\"@id\":\"https:\\\/\\\/fuentesfidedignas.com.mx\\\/#\\\/schema\\\/person\\\/494f7e0dce8dfaaec5b64f16615b78e9\",\"name\":\"El Financiero\",\"image\":{\"@type\":\"ImageObject\",\"inLanguage\":\"es\",\"@id\":\"https:\\\/\\\/secure.gravatar.com\\\/avatar\\\/88c0f3f2079389318ef8dd35c22cb997212aa89646e357ba59b318db26ed91a9?s=96&d=mm&r=g\",\"url\":\"https:\\\/\\\/secure.gravatar.com\\\/avatar\\\/88c0f3f2079389318ef8dd35c22cb997212aa89646e357ba59b318db26ed91a9?s=96&d=mm&r=g\",\"contentUrl\":\"https:\\\/\\\/secure.gravatar.com\\\/avatar\\\/88c0f3f2079389318ef8dd35c22cb997212aa89646e357ba59b318db26ed91a9?s=96&d=mm&r=g\",\"caption\":\"El Financiero\"},\"url\":\"https:\\\/\\\/fuentesfidedignas.com.mx\\\/index.php\\\/author\\\/financiero\\\/\"}]}<\/script>\n<!-- \/ Yoast SEO plugin. -->","yoast_head_json":{"title":"\u2018Fl\u00fa, fl\u00fa, vol\u00f3, se fue\u2019: retirar\u00e1n \u2018Yo soy Betty, la Fea\u2019 de Netflix - Fuentes Fidedignas","robots":{"index":"index","follow":"follow","max-snippet":"max-snippet:-1","max-image-preview":"max-image-preview:large","max-video-preview":"max-video-preview:-1"},"canonical":"https:\/\/fuentesfidedignas.com.mx\/index.php\/2022\/06\/11\/flu-flu-volo-se-fue-retiraran-yo-soy-betty-la-fea-de-netflix\/","og_locale":"es_MX","og_type":"article","og_title":"\u2018Fl\u00fa, fl\u00fa, vol\u00f3, se fue\u2019: retirar\u00e1n \u2018Yo soy Betty, la Fea\u2019 de Netflix - Fuentes Fidedignas","og_description":"A pesar de que Netflix no ha hecho un anuncio oficial, algunos seguidores de esta serie compartieron capturas del anuncio en la plataforma Ciudad de M\u00e9xico. &#8216;\u00a1Qu\u00e9 tal los de Netflix!\u2019 A pesar de estar atravesando por una crisis en la cual han perdido m\u00e1s de 200 mil suscriptores tan solo en el primer trimestre [&hellip;]","og_url":"https:\/\/fuentesfidedignas.com.mx\/index.php\/2022\/06\/11\/flu-flu-volo-se-fue-retiraran-yo-soy-betty-la-fea-de-netflix\/","og_site_name":"Fuentes Fidedignas","article_publisher":"https:\/\/www.facebook.com\/Fuentes-Fidedignas-368234489921644","article_published_time":"2022-06-11T19:57:53+00:00","article_modified_time":"2022-06-11T19:58:20+00:00","og_image":[{"width":800,"height":450,"url":"https:\/\/fuentesfidedignas.com.mx\/wp-content\/uploads\/2022\/06\/2XR3W3DNHBC7NEFM26YVKGBY5I-1.jpeg","type":"image\/jpeg"}],"author":"El Financiero","twitter_card":"summary_large_image","twitter_creator":"@fidedignas","twitter_site":"@fidedignas","twitter_misc":{"Escrito por":"El Financiero","Tiempo de lectura":"2 minutos"},"schema":{"@context":"https:\/\/schema.org","@graph":[{"@type":"Article","@id":"https:\/\/fuentesfidedignas.com.mx\/index.php\/2022\/06\/11\/flu-flu-volo-se-fue-retiraran-yo-soy-betty-la-fea-de-netflix\/#article","isPartOf":{"@id":"https:\/\/fuentesfidedignas.com.mx\/index.php\/2022\/06\/11\/flu-flu-volo-se-fue-retiraran-yo-soy-betty-la-fea-de-netflix\/"},"author":{"name":"El Financiero","@id":"https:\/\/fuentesfidedignas.com.mx\/#\/schema\/person\/494f7e0dce8dfaaec5b64f16615b78e9"},"headline":"\u2018Fl\u00fa, fl\u00fa, vol\u00f3, se fue\u2019: retirar\u00e1n \u2018Yo soy Betty, la Fea\u2019 de Netflix","datePublished":"2022-06-11T19:57:53+00:00","dateModified":"2022-06-11T19:58:20+00:00","mainEntityOfPage":{"@id":"https:\/\/fuentesfidedignas.com.mx\/index.php\/2022\/06\/11\/flu-flu-volo-se-fue-retiraran-yo-soy-betty-la-fea-de-netflix\/"},"wordCount":259,"commentCount":0,"publisher":{"@id":"https:\/\/fuentesfidedignas.com.mx\/#organization"},"image":{"@id":"https:\/\/fuentesfidedignas.com.mx\/index.php\/2022\/06\/11\/flu-flu-volo-se-fue-retiraran-yo-soy-betty-la-fea-de-netflix\/#primaryimage"},"thumbnailUrl":"https:\/\/fuentesfidedignas.com.mx\/wp-content\/uploads\/2022\/06\/2XR3W3DNHBC7NEFM26YVKGBY5I-1.jpeg","articleSection":["NOTICIAS NACIONALES"],"inLanguage":"es","potentialAction":[{"@type":"CommentAction","name":"Comment","target":["https:\/\/fuentesfidedignas.com.mx\/index.php\/2022\/06\/11\/flu-flu-volo-se-fue-retiraran-yo-soy-betty-la-fea-de-netflix\/#respond"]}]},{"@type":"WebPage","@id":"https:\/\/fuentesfidedignas.com.mx\/index.php\/2022\/06\/11\/flu-flu-volo-se-fue-retiraran-yo-soy-betty-la-fea-de-netflix\/","url":"https:\/\/fuentesfidedignas.com.mx\/index.php\/2022\/06\/11\/flu-flu-volo-se-fue-retiraran-yo-soy-betty-la-fea-de-netflix\/","name":"\u2018Fl\u00fa, fl\u00fa, vol\u00f3, se fue\u2019: retirar\u00e1n \u2018Yo soy Betty, la Fea\u2019 de Netflix - Fuentes Fidedignas","isPartOf":{"@id":"https:\/\/fuentesfidedignas.com.mx\/#website"},"primaryImageOfPage":{"@id":"https:\/\/fuentesfidedignas.com.mx\/index.php\/2022\/06\/11\/flu-flu-volo-se-fue-retiraran-yo-soy-betty-la-fea-de-netflix\/#primaryimage"},"image":{"@id":"https:\/\/fuentesfidedignas.com.mx\/index.php\/2022\/06\/11\/flu-flu-volo-se-fue-retiraran-yo-soy-betty-la-fea-de-netflix\/#primaryimage"},"thumbnailUrl":"https:\/\/fuentesfidedignas.com.mx\/wp-content\/uploads\/2022\/06\/2XR3W3DNHBC7NEFM26YVKGBY5I-1.jpeg","datePublished":"2022-06-11T19:57:53+00:00","dateModified":"2022-06-11T19:58:20+00:00","breadcrumb":{"@id":"https:\/\/fuentesfidedignas.com.mx\/index.php\/2022\/06\/11\/flu-flu-volo-se-fue-retiraran-yo-soy-betty-la-fea-de-netflix\/#breadcrumb"},"inLanguage":"es","potentialAction":[{"@type":"ReadAction","target":["https:\/\/fuentesfidedignas.com.mx\/index.php\/2022\/06\/11\/flu-flu-volo-se-fue-retiraran-yo-soy-betty-la-fea-de-netflix\/"]}]},{"@type":"ImageObject","inLanguage":"es","@id":"https:\/\/fuentesfidedignas.com.mx\/index.php\/2022\/06\/11\/flu-flu-volo-se-fue-retiraran-yo-soy-betty-la-fea-de-netflix\/#primaryimage","url":"https:\/\/fuentesfidedignas.com.mx\/wp-content\/uploads\/2022\/06\/2XR3W3DNHBC7NEFM26YVKGBY5I-1.jpeg","contentUrl":"https:\/\/fuentesfidedignas.com.mx\/wp-content\/uploads\/2022\/06\/2XR3W3DNHBC7NEFM26YVKGBY5I-1.jpeg","width":800,"height":450},{"@type":"BreadcrumbList","@id":"https:\/\/fuentesfidedignas.com.mx\/index.php\/2022\/06\/11\/flu-flu-volo-se-fue-retiraran-yo-soy-betty-la-fea-de-netflix\/#breadcrumb","itemListElement":[{"@type":"ListItem","position":1,"name":"Inicio","item":"https:\/\/fuentesfidedignas.com.mx\/"},{"@type":"ListItem","position":2,"name":"\u2018Fl\u00fa, fl\u00fa, vol\u00f3, se fue\u2019: retirar\u00e1n \u2018Yo soy Betty, la Fea\u2019 de Netflix"}]},{"@type":"WebSite","@id":"https:\/\/fuentesfidedignas.com.mx\/#website","url":"https:\/\/fuentesfidedignas.com.mx\/","name":"Fuentes Fidedignas","description":"Otro sitio realizado con WordPress","publisher":{"@id":"https:\/\/fuentesfidedignas.com.mx\/#organization"},"potentialAction":[{"@type":"SearchAction","target":{"@type":"EntryPoint","urlTemplate":"https:\/\/fuentesfidedignas.com.mx\/?s={search_term_string}"},"query-input":{"@type":"PropertyValueSpecification","valueRequired":true,"valueName":"search_term_string"}}],"inLanguage":"es"},{"@type":"Organization","@id":"https:\/\/fuentesfidedignas.com.mx\/#organization","name":"Fuentes Fidedignas","url":"https:\/\/fuentesfidedignas.com.mx\/","logo":{"@type":"ImageObject","inLanguage":"es","@id":"https:\/\/fuentesfidedignas.com.mx\/#\/schema\/logo\/image\/","url":"https:\/\/fuentesfidedignas.com.mx\/wp-content\/uploads\/2021\/04\/logo-retina.png","contentUrl":"https:\/\/fuentesfidedignas.com.mx\/wp-content\/uploads\/2021\/04\/logo-retina.png","width":280,"height":51,"caption":"Fuentes Fidedignas"},"image":{"@id":"https:\/\/fuentesfidedignas.com.mx\/#\/schema\/logo\/image\/"},"sameAs":["https:\/\/www.facebook.com\/Fuentes-Fidedignas-368234489921644","https:\/\/x.com\/fidedignas"]},{"@type":"Person","@id":"https:\/\/fuentesfidedignas.com.mx\/#\/schema\/person\/494f7e0dce8dfaaec5b64f16615b78e9","name":"El Financiero","image":{"@type":"ImageObject","inLanguage":"es","@id":"https:\/\/secure.gravatar.com\/avatar\/88c0f3f2079389318ef8dd35c22cb997212aa89646e357ba59b318db26ed91a9?s=96&d=mm&r=g","url":"https:\/\/secure.gravatar.com\/avatar\/88c0f3f2079389318ef8dd35c22cb997212aa89646e357ba59b318db26ed91a9?s=96&d=mm&r=g","contentUrl":"https:\/\/secure.gravatar.com\/avatar\/88c0f3f2079389318ef8dd35c22cb997212aa89646e357ba59b318db26ed91a9?s=96&d=mm&r=g","caption":"El Financiero"},"url":"https:\/\/fuentesfidedignas.com.mx\/index.php\/author\/financiero\/"}]}},"_links":{"self":[{"href":"https:\/\/fuentesfidedignas.com.mx\/index.php\/wp-json\/wp\/v2\/posts\/34104","targetHints":{"allow":["GET"]}}],"collection":[{"href":"https:\/\/fuentesfidedignas.com.mx\/index.php\/wp-json\/wp\/v2\/posts"}],"about":[{"href":"https:\/\/fuentesfidedignas.com.mx\/index.php\/wp-json\/wp\/v2\/types\/post"}],"author":[{"embeddable":true,"href":"https:\/\/fuentesfidedignas.com.mx\/index.php\/wp-json\/wp\/v2\/users\/21"}],"replies":[{"embeddable":true,"href":"https:\/\/fuentesfidedignas.com.mx\/index.php\/wp-json\/wp\/v2\/comments?post=34104"}],"version-history":[{"count":1,"href":"https:\/\/fuentesfidedignas.com.mx\/index.php\/wp-json\/wp\/v2\/posts\/34104\/revisions"}],"predecessor-version":[{"id":34109,"href":"https:\/\/fuentesfidedignas.com.mx\/index.php\/wp-json\/wp\/v2\/posts\/34104\/revisions\/34109"}],"wp:featuredmedia":[{"embeddable":true,"href":"https:\/\/fuentesfidedignas.com.mx\/index.php\/wp-json\/wp\/v2\/media\/34110"}],"wp:attachment":[{"href":"https:\/\/fuentesfidedignas.com.mx\/index.php\/wp-json\/wp\/v2\/media?parent=34104"}],"wp:term":[{"taxonomy":"category","embeddable":true,"href":"https:\/\/fuentesfidedignas.com.mx\/index.php\/wp-json\/wp\/v2\/categories?post=34104"},{"taxonomy":"post_tag","embeddable":true,"href":"https:\/\/fuentesfidedignas.com.mx\/index.php\/wp-json\/wp\/v2\/tags?post=34104"}],"curies":[{"name":"wp","href":"https:\/\/api.w.org\/{rel}","templated":true}]}}