{"id":34100,"date":"2022-06-11T13:11:15","date_gmt":"2022-06-11T19:11:15","guid":{"rendered":"https:\/\/fuentesfidedignas.com.mx\/?p=34100"},"modified":"2022-06-11T13:13:31","modified_gmt":"2022-06-11T19:13:31","slug":"estradaferreiro-todavia-no-es-sujeto-de-proceso-penal-fiscalia","status":"publish","type":"post","link":"https:\/\/fuentesfidedignas.com.mx\/index.php\/2022\/06\/11\/estradaferreiro-todavia-no-es-sujeto-de-proceso-penal-fiscalia\/","title":{"rendered":"Estrada Ferreiro todav\u00eda no es sujeto de proceso penal: Fiscal\u00eda"},"content":{"rendered":"\n<p><em><strong>La fiscal General del Estado, Sara Bruna Qui\u00f1\u00f3nez, aclar\u00f3 que el ex mun\u00edcipe todav\u00eda no es sujeto de proceso penal<\/strong><\/em><\/p>\n\n\n\n<p>Culiac\u00e1n, Sin.- Ante la aprobaci\u00f3n a la declaratoria de Procedencia por la Comisi\u00f3n de Delitos, contra el alcalde de Culiac\u00e1n, Jes\u00fas Estrada Ferreiro, la Fiscal\u00eda General del Estado queda en aptitud de judicializar las causas instruidas en su contra por los delitos de Abuso de autoridad, Discriminaci\u00f3n, Desempe\u00f1o irregular de la funci\u00f3n p\u00fablica y Ejercicio indebido del servicio p\u00fablico.<\/p>\n\n\n\n<p>Sara Bruna Qui\u00f1\u00f3nez Estrada, titular de la FGE, quien este viernes sostuvo una reuni\u00f3n con los diputados integrantes de la 64 legislatura donde expuso el contenido de las carpetas de investigaci\u00f3n iniciadas en contra del mun\u00edcipe, indic\u00f3 que ahora se est\u00e1 en espera de que ese poder legislativo regrese los expedientes en los cuales sustent\u00f3 dicha declaratoria.<\/p>\n\n\n\n<p>&#8220;Una vez que estas est\u00e9n en poder de la fiscal\u00eda, se proceder\u00e1 en consecuencia, esto es de acuerdo con los datos de prueba que sustenten dichos expedientes, se proceder\u00e1 a judicializar y solicitar lo conducente a la autoridad judicial\u201d, explic\u00f3.<\/p>\n\n\n\n<p>Qui\u00f1\u00f3nez Estrada manifest\u00f3 que ser\u00eda aventurado en este momento indicar si al hoy alcalde desaforado se le llamar\u00eda por medio de citatorio, orden de presentaci\u00f3n o lo que proceda, sin que influya en esta decisi\u00f3n lo que se public\u00f3 en los medios de comunicaci\u00f3n con respecto al viaje del Estrada Ferreiro al extranjero.<\/p>\n\n\n\n<p>Precis\u00f3 que hasta el momento, el exalcalde no se encuentra sujeto a proceso porque apenas se estar\u00eda solicitando judicializar la carpeta y ya entonces se determinar\u00e1 su situaci\u00f3n legal para proceder en consecuencia.<\/p>\n\n\n\n<p>En tanto, \u00e9l es un ciudadano sin fuero que est\u00e1 en condiciones de ser sujeto a actuaciones por parte de la autoridad procuradora de justicia, puntualiz\u00f3 la fiscal General del Estado.<\/p>\n","protected":false},"excerpt":{"rendered":"<p>La fiscal General del Estado, Sara Bruna Qui\u00f1\u00f3nez, aclar\u00f3 que el ex mun\u00edcipe todav\u00eda no es sujeto de proceso penal Culiac\u00e1n, Sin.- Ante la aprobaci\u00f3n a la declaratoria de Procedencia por la Comisi\u00f3n de Delitos, contra el alcalde de Culiac\u00e1n, Jes\u00fas Estrada Ferreiro, la Fiscal\u00eda General del Estado queda en aptitud de judicializar las causas [&hellip;]<\/p>\n","protected":false},"author":4,"featured_media":34102,"comment_status":"open","ping_status":"open","sticky":false,"template":"","format":"standard","meta":{"tdm_status":"","tdm_grid_status":"","footnotes":""},"categories":[37],"tags":[158,782],"class_list":{"0":"post-34100","1":"post","2":"type-post","3":"status-publish","4":"format-standard","5":"has-post-thumbnail","7":"category-nota-principal","8":"tag-fiscalia-general-del-estado","9":"tag-jesus-estrada-ferreiro"},"yoast_head":"<!-- This site is optimized with the Yoast SEO plugin v27.5 - https:\/\/yoast.com\/product\/yoast-seo-wordpress\/ -->\n<title>Estrada Ferreiro todav\u00eda no es sujeto de proceso penal: Fiscal\u00eda - Fuentes Fidedignas<\/title>\n<meta name=\"robots\" content=\"index, follow, max-snippet:-1, max-image-preview:large, max-video-preview:-1\" \/>\n<link rel=\"canonical\" href=\"https:\/\/fuentesfidedignas.com.mx\/index.php\/2022\/06\/11\/estradaferreiro-todavia-no-es-sujeto-de-proceso-penal-fiscalia\/\" \/>\n<meta property=\"og:locale\" content=\"es_MX\" \/>\n<meta property=\"og:type\" content=\"article\" \/>\n<meta property=\"og:title\" content=\"Estrada Ferreiro todav\u00eda no es sujeto de proceso penal: Fiscal\u00eda - Fuentes Fidedignas\" \/>\n<meta property=\"og:description\" content=\"La fiscal General del Estado, Sara Bruna Qui\u00f1\u00f3nez, aclar\u00f3 que el ex mun\u00edcipe todav\u00eda no es sujeto de proceso penal Culiac\u00e1n, Sin.- Ante la aprobaci\u00f3n a la declaratoria de Procedencia por la Comisi\u00f3n de Delitos, contra el alcalde de Culiac\u00e1n, Jes\u00fas Estrada Ferreiro, la Fiscal\u00eda General del Estado queda en aptitud de judicializar las causas [&hellip;]\" \/>\n<meta property=\"og:url\" content=\"https:\/\/fuentesfidedignas.com.mx\/index.php\/2022\/06\/11\/estradaferreiro-todavia-no-es-sujeto-de-proceso-penal-fiscalia\/\" \/>\n<meta property=\"og:site_name\" content=\"Fuentes Fidedignas\" \/>\n<meta property=\"article:publisher\" content=\"https:\/\/www.facebook.com\/Fuentes-Fidedignas-368234489921644\" \/>\n<meta property=\"article:published_time\" content=\"2022-06-11T19:11:15+00:00\" \/>\n<meta property=\"article:modified_time\" content=\"2022-06-11T19:13:31+00:00\" \/>\n<meta property=\"og:image\" content=\"https:\/\/fuentesfidedignas.com.mx\/wp-content\/uploads\/2022\/06\/IMG-20220606-WA0030.jpg\" \/>\n\t<meta property=\"og:image:width\" content=\"1280\" \/>\n\t<meta property=\"og:image:height\" content=\"800\" \/>\n\t<meta property=\"og:image:type\" content=\"image\/jpeg\" \/>\n<meta name=\"author\" content=\"Redacci\u00f3n\" \/>\n<meta name=\"twitter:card\" content=\"summary_large_image\" \/>\n<meta name=\"twitter:creator\" content=\"@fidedignas\" \/>\n<meta name=\"twitter:site\" content=\"@fidedignas\" \/>\n<meta name=\"twitter:label1\" content=\"Escrito por\" \/>\n\t<meta name=\"twitter:data1\" content=\"Redacci\u00f3n\" \/>\n\t<meta name=\"twitter:label2\" content=\"Tiempo de lectura\" \/>\n\t<meta name=\"twitter:data2\" content=\"2 minutos\" \/>\n<script type=\"application\/ld+json\" class=\"yoast-schema-graph\">{\"@context\":\"https:\\\/\\\/schema.org\",\"@graph\":[{\"@type\":\"Article\",\"@id\":\"https:\\\/\\\/fuentesfidedignas.com.mx\\\/index.php\\\/2022\\\/06\\\/11\\\/estradaferreiro-todavia-no-es-sujeto-de-proceso-penal-fiscalia\\\/#article\",\"isPartOf\":{\"@id\":\"https:\\\/\\\/fuentesfidedignas.com.mx\\\/index.php\\\/2022\\\/06\\\/11\\\/estradaferreiro-todavia-no-es-sujeto-de-proceso-penal-fiscalia\\\/\"},\"author\":{\"name\":\"Redacci\u00f3n\",\"@id\":\"https:\\\/\\\/fuentesfidedignas.com.mx\\\/#\\\/schema\\\/person\\\/331be9283d37198e2acd5750279085b0\"},\"headline\":\"Estrada Ferreiro todav\u00eda no es sujeto de proceso penal: Fiscal\u00eda\",\"datePublished\":\"2022-06-11T19:11:15+00:00\",\"dateModified\":\"2022-06-11T19:13:31+00:00\",\"mainEntityOfPage\":{\"@id\":\"https:\\\/\\\/fuentesfidedignas.com.mx\\\/index.php\\\/2022\\\/06\\\/11\\\/estradaferreiro-todavia-no-es-sujeto-de-proceso-penal-fiscalia\\\/\"},\"wordCount\":333,\"commentCount\":0,\"publisher\":{\"@id\":\"https:\\\/\\\/fuentesfidedignas.com.mx\\\/#organization\"},\"image\":{\"@id\":\"https:\\\/\\\/fuentesfidedignas.com.mx\\\/index.php\\\/2022\\\/06\\\/11\\\/estradaferreiro-todavia-no-es-sujeto-de-proceso-penal-fiscalia\\\/#primaryimage\"},\"thumbnailUrl\":\"https:\\\/\\\/fuentesfidedignas.com.mx\\\/wp-content\\\/uploads\\\/2022\\\/06\\\/IMG-20220606-WA0030.jpg\",\"keywords\":[\"Fiscal\u00eda General del Estado\",\"Jes\u00fas Estrada Ferreiro\"],\"articleSection\":[\"NOTA PRINCIPAL\"],\"inLanguage\":\"es\",\"potentialAction\":[{\"@type\":\"CommentAction\",\"name\":\"Comment\",\"target\":[\"https:\\\/\\\/fuentesfidedignas.com.mx\\\/index.php\\\/2022\\\/06\\\/11\\\/estradaferreiro-todavia-no-es-sujeto-de-proceso-penal-fiscalia\\\/#respond\"]}]},{\"@type\":\"WebPage\",\"@id\":\"https:\\\/\\\/fuentesfidedignas.com.mx\\\/index.php\\\/2022\\\/06\\\/11\\\/estradaferreiro-todavia-no-es-sujeto-de-proceso-penal-fiscalia\\\/\",\"url\":\"https:\\\/\\\/fuentesfidedignas.com.mx\\\/index.php\\\/2022\\\/06\\\/11\\\/estradaferreiro-todavia-no-es-sujeto-de-proceso-penal-fiscalia\\\/\",\"name\":\"Estrada Ferreiro todav\u00eda no es sujeto de proceso penal: Fiscal\u00eda - Fuentes Fidedignas\",\"isPartOf\":{\"@id\":\"https:\\\/\\\/fuentesfidedignas.com.mx\\\/#website\"},\"primaryImageOfPage\":{\"@id\":\"https:\\\/\\\/fuentesfidedignas.com.mx\\\/index.php\\\/2022\\\/06\\\/11\\\/estradaferreiro-todavia-no-es-sujeto-de-proceso-penal-fiscalia\\\/#primaryimage\"},\"image\":{\"@id\":\"https:\\\/\\\/fuentesfidedignas.com.mx\\\/index.php\\\/2022\\\/06\\\/11\\\/estradaferreiro-todavia-no-es-sujeto-de-proceso-penal-fiscalia\\\/#primaryimage\"},\"thumbnailUrl\":\"https:\\\/\\\/fuentesfidedignas.com.mx\\\/wp-content\\\/uploads\\\/2022\\\/06\\\/IMG-20220606-WA0030.jpg\",\"datePublished\":\"2022-06-11T19:11:15+00:00\",\"dateModified\":\"2022-06-11T19:13:31+00:00\",\"breadcrumb\":{\"@id\":\"https:\\\/\\\/fuentesfidedignas.com.mx\\\/index.php\\\/2022\\\/06\\\/11\\\/estradaferreiro-todavia-no-es-sujeto-de-proceso-penal-fiscalia\\\/#breadcrumb\"},\"inLanguage\":\"es\",\"potentialAction\":[{\"@type\":\"ReadAction\",\"target\":[\"https:\\\/\\\/fuentesfidedignas.com.mx\\\/index.php\\\/2022\\\/06\\\/11\\\/estradaferreiro-todavia-no-es-sujeto-de-proceso-penal-fiscalia\\\/\"]}]},{\"@type\":\"ImageObject\",\"inLanguage\":\"es\",\"@id\":\"https:\\\/\\\/fuentesfidedignas.com.mx\\\/index.php\\\/2022\\\/06\\\/11\\\/estradaferreiro-todavia-no-es-sujeto-de-proceso-penal-fiscalia\\\/#primaryimage\",\"url\":\"https:\\\/\\\/fuentesfidedignas.com.mx\\\/wp-content\\\/uploads\\\/2022\\\/06\\\/IMG-20220606-WA0030.jpg\",\"contentUrl\":\"https:\\\/\\\/fuentesfidedignas.com.mx\\\/wp-content\\\/uploads\\\/2022\\\/06\\\/IMG-20220606-WA0030.jpg\",\"width\":1280,\"height\":800},{\"@type\":\"BreadcrumbList\",\"@id\":\"https:\\\/\\\/fuentesfidedignas.com.mx\\\/index.php\\\/2022\\\/06\\\/11\\\/estradaferreiro-todavia-no-es-sujeto-de-proceso-penal-fiscalia\\\/#breadcrumb\",\"itemListElement\":[{\"@type\":\"ListItem\",\"position\":1,\"name\":\"Inicio\",\"item\":\"https:\\\/\\\/fuentesfidedignas.com.mx\\\/\"},{\"@type\":\"ListItem\",\"position\":2,\"name\":\"Estrada Ferreiro todav\u00eda no es sujeto de proceso penal: Fiscal\u00eda\"}]},{\"@type\":\"WebSite\",\"@id\":\"https:\\\/\\\/fuentesfidedignas.com.mx\\\/#website\",\"url\":\"https:\\\/\\\/fuentesfidedignas.com.mx\\\/\",\"name\":\"Fuentes Fidedignas\",\"description\":\"Otro sitio realizado con WordPress\",\"publisher\":{\"@id\":\"https:\\\/\\\/fuentesfidedignas.com.mx\\\/#organization\"},\"potentialAction\":[{\"@type\":\"SearchAction\",\"target\":{\"@type\":\"EntryPoint\",\"urlTemplate\":\"https:\\\/\\\/fuentesfidedignas.com.mx\\\/?s={search_term_string}\"},\"query-input\":{\"@type\":\"PropertyValueSpecification\",\"valueRequired\":true,\"valueName\":\"search_term_string\"}}],\"inLanguage\":\"es\"},{\"@type\":\"Organization\",\"@id\":\"https:\\\/\\\/fuentesfidedignas.com.mx\\\/#organization\",\"name\":\"Fuentes Fidedignas\",\"url\":\"https:\\\/\\\/fuentesfidedignas.com.mx\\\/\",\"logo\":{\"@type\":\"ImageObject\",\"inLanguage\":\"es\",\"@id\":\"https:\\\/\\\/fuentesfidedignas.com.mx\\\/#\\\/schema\\\/logo\\\/image\\\/\",\"url\":\"https:\\\/\\\/fuentesfidedignas.com.mx\\\/wp-content\\\/uploads\\\/2021\\\/04\\\/logo-retina.png\",\"contentUrl\":\"https:\\\/\\\/fuentesfidedignas.com.mx\\\/wp-content\\\/uploads\\\/2021\\\/04\\\/logo-retina.png\",\"width\":280,\"height\":51,\"caption\":\"Fuentes Fidedignas\"},\"image\":{\"@id\":\"https:\\\/\\\/fuentesfidedignas.com.mx\\\/#\\\/schema\\\/logo\\\/image\\\/\"},\"sameAs\":[\"https:\\\/\\\/www.facebook.com\\\/Fuentes-Fidedignas-368234489921644\",\"https:\\\/\\\/x.com\\\/fidedignas\"]},{\"@type\":\"Person\",\"@id\":\"https:\\\/\\\/fuentesfidedignas.com.mx\\\/#\\\/schema\\\/person\\\/331be9283d37198e2acd5750279085b0\",\"name\":\"Redacci\u00f3n\",\"image\":{\"@type\":\"ImageObject\",\"inLanguage\":\"es\",\"@id\":\"https:\\\/\\\/secure.gravatar.com\\\/avatar\\\/f6d8782c11d12b2d4ad3fbb6931aeab5309937a4d6cd2fc9cfaa28a6396a5aec?s=96&d=mm&r=g\",\"url\":\"https:\\\/\\\/secure.gravatar.com\\\/avatar\\\/f6d8782c11d12b2d4ad3fbb6931aeab5309937a4d6cd2fc9cfaa28a6396a5aec?s=96&d=mm&r=g\",\"contentUrl\":\"https:\\\/\\\/secure.gravatar.com\\\/avatar\\\/f6d8782c11d12b2d4ad3fbb6931aeab5309937a4d6cd2fc9cfaa28a6396a5aec?s=96&d=mm&r=g\",\"caption\":\"Redacci\u00f3n\"},\"url\":\"https:\\\/\\\/fuentesfidedignas.com.mx\\\/index.php\\\/author\\\/redaccion\\\/\"}]}<\/script>\n<!-- \/ Yoast SEO plugin. -->","yoast_head_json":{"title":"Estrada Ferreiro todav\u00eda no es sujeto de proceso penal: Fiscal\u00eda - Fuentes Fidedignas","robots":{"index":"index","follow":"follow","max-snippet":"max-snippet:-1","max-image-preview":"max-image-preview:large","max-video-preview":"max-video-preview:-1"},"canonical":"https:\/\/fuentesfidedignas.com.mx\/index.php\/2022\/06\/11\/estradaferreiro-todavia-no-es-sujeto-de-proceso-penal-fiscalia\/","og_locale":"es_MX","og_type":"article","og_title":"Estrada Ferreiro todav\u00eda no es sujeto de proceso penal: Fiscal\u00eda - Fuentes Fidedignas","og_description":"La fiscal General del Estado, Sara Bruna Qui\u00f1\u00f3nez, aclar\u00f3 que el ex mun\u00edcipe todav\u00eda no es sujeto de proceso penal Culiac\u00e1n, Sin.- Ante la aprobaci\u00f3n a la declaratoria de Procedencia por la Comisi\u00f3n de Delitos, contra el alcalde de Culiac\u00e1n, Jes\u00fas Estrada Ferreiro, la Fiscal\u00eda General del Estado queda en aptitud de judicializar las causas [&hellip;]","og_url":"https:\/\/fuentesfidedignas.com.mx\/index.php\/2022\/06\/11\/estradaferreiro-todavia-no-es-sujeto-de-proceso-penal-fiscalia\/","og_site_name":"Fuentes Fidedignas","article_publisher":"https:\/\/www.facebook.com\/Fuentes-Fidedignas-368234489921644","article_published_time":"2022-06-11T19:11:15+00:00","article_modified_time":"2022-06-11T19:13:31+00:00","og_image":[{"width":1280,"height":800,"url":"https:\/\/fuentesfidedignas.com.mx\/wp-content\/uploads\/2022\/06\/IMG-20220606-WA0030.jpg","type":"image\/jpeg"}],"author":"Redacci\u00f3n","twitter_card":"summary_large_image","twitter_creator":"@fidedignas","twitter_site":"@fidedignas","twitter_misc":{"Escrito por":"Redacci\u00f3n","Tiempo de lectura":"2 minutos"},"schema":{"@context":"https:\/\/schema.org","@graph":[{"@type":"Article","@id":"https:\/\/fuentesfidedignas.com.mx\/index.php\/2022\/06\/11\/estradaferreiro-todavia-no-es-sujeto-de-proceso-penal-fiscalia\/#article","isPartOf":{"@id":"https:\/\/fuentesfidedignas.com.mx\/index.php\/2022\/06\/11\/estradaferreiro-todavia-no-es-sujeto-de-proceso-penal-fiscalia\/"},"author":{"name":"Redacci\u00f3n","@id":"https:\/\/fuentesfidedignas.com.mx\/#\/schema\/person\/331be9283d37198e2acd5750279085b0"},"headline":"Estrada Ferreiro todav\u00eda no es sujeto de proceso penal: Fiscal\u00eda","datePublished":"2022-06-11T19:11:15+00:00","dateModified":"2022-06-11T19:13:31+00:00","mainEntityOfPage":{"@id":"https:\/\/fuentesfidedignas.com.mx\/index.php\/2022\/06\/11\/estradaferreiro-todavia-no-es-sujeto-de-proceso-penal-fiscalia\/"},"wordCount":333,"commentCount":0,"publisher":{"@id":"https:\/\/fuentesfidedignas.com.mx\/#organization"},"image":{"@id":"https:\/\/fuentesfidedignas.com.mx\/index.php\/2022\/06\/11\/estradaferreiro-todavia-no-es-sujeto-de-proceso-penal-fiscalia\/#primaryimage"},"thumbnailUrl":"https:\/\/fuentesfidedignas.com.mx\/wp-content\/uploads\/2022\/06\/IMG-20220606-WA0030.jpg","keywords":["Fiscal\u00eda General del Estado","Jes\u00fas Estrada Ferreiro"],"articleSection":["NOTA PRINCIPAL"],"inLanguage":"es","potentialAction":[{"@type":"CommentAction","name":"Comment","target":["https:\/\/fuentesfidedignas.com.mx\/index.php\/2022\/06\/11\/estradaferreiro-todavia-no-es-sujeto-de-proceso-penal-fiscalia\/#respond"]}]},{"@type":"WebPage","@id":"https:\/\/fuentesfidedignas.com.mx\/index.php\/2022\/06\/11\/estradaferreiro-todavia-no-es-sujeto-de-proceso-penal-fiscalia\/","url":"https:\/\/fuentesfidedignas.com.mx\/index.php\/2022\/06\/11\/estradaferreiro-todavia-no-es-sujeto-de-proceso-penal-fiscalia\/","name":"Estrada Ferreiro todav\u00eda no es sujeto de proceso penal: Fiscal\u00eda - Fuentes Fidedignas","isPartOf":{"@id":"https:\/\/fuentesfidedignas.com.mx\/#website"},"primaryImageOfPage":{"@id":"https:\/\/fuentesfidedignas.com.mx\/index.php\/2022\/06\/11\/estradaferreiro-todavia-no-es-sujeto-de-proceso-penal-fiscalia\/#primaryimage"},"image":{"@id":"https:\/\/fuentesfidedignas.com.mx\/index.php\/2022\/06\/11\/estradaferreiro-todavia-no-es-sujeto-de-proceso-penal-fiscalia\/#primaryimage"},"thumbnailUrl":"https:\/\/fuentesfidedignas.com.mx\/wp-content\/uploads\/2022\/06\/IMG-20220606-WA0030.jpg","datePublished":"2022-06-11T19:11:15+00:00","dateModified":"2022-06-11T19:13:31+00:00","breadcrumb":{"@id":"https:\/\/fuentesfidedignas.com.mx\/index.php\/2022\/06\/11\/estradaferreiro-todavia-no-es-sujeto-de-proceso-penal-fiscalia\/#breadcrumb"},"inLanguage":"es","potentialAction":[{"@type":"ReadAction","target":["https:\/\/fuentesfidedignas.com.mx\/index.php\/2022\/06\/11\/estradaferreiro-todavia-no-es-sujeto-de-proceso-penal-fiscalia\/"]}]},{"@type":"ImageObject","inLanguage":"es","@id":"https:\/\/fuentesfidedignas.com.mx\/index.php\/2022\/06\/11\/estradaferreiro-todavia-no-es-sujeto-de-proceso-penal-fiscalia\/#primaryimage","url":"https:\/\/fuentesfidedignas.com.mx\/wp-content\/uploads\/2022\/06\/IMG-20220606-WA0030.jpg","contentUrl":"https:\/\/fuentesfidedignas.com.mx\/wp-content\/uploads\/2022\/06\/IMG-20220606-WA0030.jpg","width":1280,"height":800},{"@type":"BreadcrumbList","@id":"https:\/\/fuentesfidedignas.com.mx\/index.php\/2022\/06\/11\/estradaferreiro-todavia-no-es-sujeto-de-proceso-penal-fiscalia\/#breadcrumb","itemListElement":[{"@type":"ListItem","position":1,"name":"Inicio","item":"https:\/\/fuentesfidedignas.com.mx\/"},{"@type":"ListItem","position":2,"name":"Estrada Ferreiro todav\u00eda no es sujeto de proceso penal: Fiscal\u00eda"}]},{"@type":"WebSite","@id":"https:\/\/fuentesfidedignas.com.mx\/#website","url":"https:\/\/fuentesfidedignas.com.mx\/","name":"Fuentes Fidedignas","description":"Otro sitio realizado con WordPress","publisher":{"@id":"https:\/\/fuentesfidedignas.com.mx\/#organization"},"potentialAction":[{"@type":"SearchAction","target":{"@type":"EntryPoint","urlTemplate":"https:\/\/fuentesfidedignas.com.mx\/?s={search_term_string}"},"query-input":{"@type":"PropertyValueSpecification","valueRequired":true,"valueName":"search_term_string"}}],"inLanguage":"es"},{"@type":"Organization","@id":"https:\/\/fuentesfidedignas.com.mx\/#organization","name":"Fuentes Fidedignas","url":"https:\/\/fuentesfidedignas.com.mx\/","logo":{"@type":"ImageObject","inLanguage":"es","@id":"https:\/\/fuentesfidedignas.com.mx\/#\/schema\/logo\/image\/","url":"https:\/\/fuentesfidedignas.com.mx\/wp-content\/uploads\/2021\/04\/logo-retina.png","contentUrl":"https:\/\/fuentesfidedignas.com.mx\/wp-content\/uploads\/2021\/04\/logo-retina.png","width":280,"height":51,"caption":"Fuentes Fidedignas"},"image":{"@id":"https:\/\/fuentesfidedignas.com.mx\/#\/schema\/logo\/image\/"},"sameAs":["https:\/\/www.facebook.com\/Fuentes-Fidedignas-368234489921644","https:\/\/x.com\/fidedignas"]},{"@type":"Person","@id":"https:\/\/fuentesfidedignas.com.mx\/#\/schema\/person\/331be9283d37198e2acd5750279085b0","name":"Redacci\u00f3n","image":{"@type":"ImageObject","inLanguage":"es","@id":"https:\/\/secure.gravatar.com\/avatar\/f6d8782c11d12b2d4ad3fbb6931aeab5309937a4d6cd2fc9cfaa28a6396a5aec?s=96&d=mm&r=g","url":"https:\/\/secure.gravatar.com\/avatar\/f6d8782c11d12b2d4ad3fbb6931aeab5309937a4d6cd2fc9cfaa28a6396a5aec?s=96&d=mm&r=g","contentUrl":"https:\/\/secure.gravatar.com\/avatar\/f6d8782c11d12b2d4ad3fbb6931aeab5309937a4d6cd2fc9cfaa28a6396a5aec?s=96&d=mm&r=g","caption":"Redacci\u00f3n"},"url":"https:\/\/fuentesfidedignas.com.mx\/index.php\/author\/redaccion\/"}]}},"_links":{"self":[{"href":"https:\/\/fuentesfidedignas.com.mx\/index.php\/wp-json\/wp\/v2\/posts\/34100","targetHints":{"allow":["GET"]}}],"collection":[{"href":"https:\/\/fuentesfidedignas.com.mx\/index.php\/wp-json\/wp\/v2\/posts"}],"about":[{"href":"https:\/\/fuentesfidedignas.com.mx\/index.php\/wp-json\/wp\/v2\/types\/post"}],"author":[{"embeddable":true,"href":"https:\/\/fuentesfidedignas.com.mx\/index.php\/wp-json\/wp\/v2\/users\/4"}],"replies":[{"embeddable":true,"href":"https:\/\/fuentesfidedignas.com.mx\/index.php\/wp-json\/wp\/v2\/comments?post=34100"}],"version-history":[{"count":2,"href":"https:\/\/fuentesfidedignas.com.mx\/index.php\/wp-json\/wp\/v2\/posts\/34100\/revisions"}],"predecessor-version":[{"id":34103,"href":"https:\/\/fuentesfidedignas.com.mx\/index.php\/wp-json\/wp\/v2\/posts\/34100\/revisions\/34103"}],"wp:featuredmedia":[{"embeddable":true,"href":"https:\/\/fuentesfidedignas.com.mx\/index.php\/wp-json\/wp\/v2\/media\/34102"}],"wp:attachment":[{"href":"https:\/\/fuentesfidedignas.com.mx\/index.php\/wp-json\/wp\/v2\/media?parent=34100"}],"wp:term":[{"taxonomy":"category","embeddable":true,"href":"https:\/\/fuentesfidedignas.com.mx\/index.php\/wp-json\/wp\/v2\/categories?post=34100"},{"taxonomy":"post_tag","embeddable":true,"href":"https:\/\/fuentesfidedignas.com.mx\/index.php\/wp-json\/wp\/v2\/tags?post=34100"}],"curies":[{"name":"wp","href":"https:\/\/api.w.org\/{rel}","templated":true}]}}