{"id":34097,"date":"2022-06-11T13:07:05","date_gmt":"2022-06-11T19:07:05","guid":{"rendered":"https:\/\/fuentesfidedignas.com.mx\/?p=34097"},"modified":"2022-06-11T13:07:24","modified_gmt":"2022-06-11T19:07:24","slug":"mayoria-de-victimas-de-trata-en-mexico-son-menores-que-laboran-ong","status":"publish","type":"post","link":"https:\/\/fuentesfidedignas.com.mx\/index.php\/2022\/06\/11\/mayoria-de-victimas-de-trata-en-mexico-son-menores-que-laboran-ong\/","title":{"rendered":"Mayor\u00eda de v\u00edctimas de trata en M\u00e9xico son menores que laboran: ONG"},"content":{"rendered":"\n<p><strong><em><br>En el marco del D\u00eda Mundial contra el Trabajo Infantil, que se conmemora el 12 de junio, una ONG revel\u00f3 que hasta un 30% de los casos reportados de todo el pa\u00eds est\u00e1n relacionados con explotaci\u00f3n laboral<\/em><\/strong><\/p>\n\n\n\n<p>Ciudad de M\u00e9xico. <strong>&#8211;<\/strong>\u00a0El 58% de las v\u00edctimas de trata de personas en M\u00e9xico son ni\u00f1as, ni\u00f1os y adolescentes que se han visto obligadas a laborar, inform\u00f3 este s\u00e1bado el Consejo Ciudadano para la Seguridad y Justicia de la Ciudad de M\u00e9xico.<\/p>\n\n\n\n<p>En el marco del D\u00eda Mundial contra el Trabajo Infantil, que se conmemora el 12 de junio, el organismo revel\u00f3 que hasta un 30% de los casos reportados de todo el pa\u00eds est\u00e1n relacionados con explotaci\u00f3n laboral, trabajo o servicio forzado y mendicidad forzosa.<\/p>\n\n\n\n<p>\u201cEl trabajo infantil est\u00e1 regulado por la Ley Federal del Trabajo y el Protocolo de Inspecci\u00f3n, y solo lo pueden realizar mayores de 14 y menores de 18 a\u00f1os en actividades que no los pongan en riesgo y no interfieran con su educaci\u00f3n, de lo contrario es penado e incurre en pr\u00e1cticas semejantes a la Trata de Personas\u201d, detall\u00f3 Salvador Guerrero Chipr\u00e9s, presidente del Consejo Ciudadano.<\/p>\n\n\n\n<p>Seg\u00fan datos del organismo, en promedio, las y los menores v\u00edctimas de explotaci\u00f3n laboral y trabajos forzados tienen entre 7 y 17 a\u00f1os.<\/p>\n\n\n\n<p>En el caso de las ni\u00f1as y ni\u00f1os obligados a la mendicidad, las edades est\u00e1n entre 4 y 6 a\u00f1os.<\/p>\n\n\n\n<p>Asimismo, precis\u00f3 que los lugares donde hay presencia de menores de edad en actividades laborales son tiendas de abarrotes, cremer\u00edas, tortiller\u00edas, viveros, cruces peatonales, estacionamientos y entradas de plazas comerciales.<\/p>\n\n\n\n<p>Guerrero Chipr\u00e9s precis\u00f3 que los menores de edad forzados a trabajar est\u00e1n en riesgo de ser v\u00edctimas de redes de Trata de Personas dedicadas a la explotaci\u00f3n sexual.<\/p>\n\n\n\n<p>\u201cPor lo que es necesario, como ciudadan\u00eda, participar de los reportes y denuncias que permitan ayudarles, fortalecer las probabilidades de salvar vidas y contribuir a que el \u00fanico trabajo de las ni\u00f1as y ni\u00f1os consista en ser felices, sonre\u00edr y educarse\u201d, a\u00f1adi\u00f3.<\/p>\n\n\n\n<p>La trata se ha extendido en M\u00e9xico al ser de un pa\u00eds de origen, tr\u00e1nsito y destino.<\/p>\n\n\n\n<p>En su \u00faltimo informe, el Consejo Ciudadano se\u00f1al\u00f3 que entre 2019 y 2020, en M\u00e9xico se presentaron 4.445 reportes a la L\u00ednea y Chat Nacional Contra la Trata de Personas (LNCTP), gestionada por la ONG en alianza con al Unidad de Inteligencia Financiera (UIF), lo cual super\u00f3 el registro de los cuatro a\u00f1os anteriores, que en total sumaron 3,671.<\/p>\n\n\n\n<p><\/p>\n","protected":false},"excerpt":{"rendered":"<p>En el marco del D\u00eda Mundial contra el Trabajo Infantil, que se conmemora el 12 de junio, una ONG revel\u00f3 que hasta un 30% de los casos reportados de todo el pa\u00eds est\u00e1n relacionados con explotaci\u00f3n laboral Ciudad de M\u00e9xico. &#8211;\u00a0El 58% de las v\u00edctimas de trata de personas en M\u00e9xico son ni\u00f1as, ni\u00f1os y [&hellip;]<\/p>\n","protected":false},"author":5,"featured_media":34099,"comment_status":"open","ping_status":"open","sticky":false,"template":"","format":"standard","meta":{"tdm_status":"","tdm_grid_status":"","footnotes":""},"categories":[39],"tags":[],"class_list":{"0":"post-34097","1":"post","2":"type-post","3":"status-publish","4":"format-standard","5":"has-post-thumbnail","7":"category-noticias-nacionales"},"yoast_head":"<!-- This site is optimized with the Yoast SEO plugin v27.4 - https:\/\/yoast.com\/product\/yoast-seo-wordpress\/ -->\n<title>Mayor\u00eda de v\u00edctimas de trata en M\u00e9xico son menores que laboran: ONG - Fuentes Fidedignas<\/title>\n<meta name=\"robots\" content=\"index, follow, max-snippet:-1, max-image-preview:large, max-video-preview:-1\" \/>\n<link rel=\"canonical\" href=\"https:\/\/fuentesfidedignas.com.mx\/index.php\/2022\/06\/11\/mayoria-de-victimas-de-trata-en-mexico-son-menores-que-laboran-ong\/\" \/>\n<meta property=\"og:locale\" content=\"es_MX\" \/>\n<meta property=\"og:type\" content=\"article\" \/>\n<meta property=\"og:title\" content=\"Mayor\u00eda de v\u00edctimas de trata en M\u00e9xico son menores que laboran: ONG - Fuentes Fidedignas\" \/>\n<meta property=\"og:description\" content=\"En el marco del D\u00eda Mundial contra el Trabajo Infantil, que se conmemora el 12 de junio, una ONG revel\u00f3 que hasta un 30% de los casos reportados de todo el pa\u00eds est\u00e1n relacionados con explotaci\u00f3n laboral Ciudad de M\u00e9xico. &#8211;\u00a0El 58% de las v\u00edctimas de trata de personas en M\u00e9xico son ni\u00f1as, ni\u00f1os y [&hellip;]\" \/>\n<meta property=\"og:url\" content=\"https:\/\/fuentesfidedignas.com.mx\/index.php\/2022\/06\/11\/mayoria-de-victimas-de-trata-en-mexico-son-menores-que-laboran-ong\/\" \/>\n<meta property=\"og:site_name\" content=\"Fuentes Fidedignas\" \/>\n<meta property=\"article:publisher\" content=\"https:\/\/www.facebook.com\/Fuentes-Fidedignas-368234489921644\" \/>\n<meta property=\"article:published_time\" content=\"2022-06-11T19:07:05+00:00\" \/>\n<meta property=\"article:modified_time\" content=\"2022-06-11T19:07:24+00:00\" \/>\n<meta property=\"og:image\" content=\"https:\/\/fuentesfidedignas.com.mx\/wp-content\/uploads\/2022\/06\/gene-brutty-1awTwT66eb0-unsplash-scaled-e1654973522385-1024x577-1.jpg\" \/>\n\t<meta property=\"og:image:width\" content=\"1024\" \/>\n\t<meta property=\"og:image:height\" content=\"577\" \/>\n\t<meta property=\"og:image:type\" content=\"image\/jpeg\" \/>\n<meta name=\"author\" content=\"Forbes\" \/>\n<meta name=\"twitter:card\" content=\"summary_large_image\" \/>\n<meta name=\"twitter:creator\" content=\"@fidedignas\" \/>\n<meta name=\"twitter:site\" content=\"@fidedignas\" \/>\n<meta name=\"twitter:label1\" content=\"Escrito por\" \/>\n\t<meta name=\"twitter:data1\" content=\"Forbes\" \/>\n\t<meta name=\"twitter:label2\" content=\"Tiempo de lectura\" \/>\n\t<meta name=\"twitter:data2\" content=\"2 minutos\" \/>\n<script type=\"application\/ld+json\" class=\"yoast-schema-graph\">{\"@context\":\"https:\\\/\\\/schema.org\",\"@graph\":[{\"@type\":\"Article\",\"@id\":\"https:\\\/\\\/fuentesfidedignas.com.mx\\\/index.php\\\/2022\\\/06\\\/11\\\/mayoria-de-victimas-de-trata-en-mexico-son-menores-que-laboran-ong\\\/#article\",\"isPartOf\":{\"@id\":\"https:\\\/\\\/fuentesfidedignas.com.mx\\\/index.php\\\/2022\\\/06\\\/11\\\/mayoria-de-victimas-de-trata-en-mexico-son-menores-que-laboran-ong\\\/\"},\"author\":{\"name\":\"Forbes\",\"@id\":\"https:\\\/\\\/fuentesfidedignas.com.mx\\\/#\\\/schema\\\/person\\\/5623d53fe2e579d825b1679734abcc44\"},\"headline\":\"Mayor\u00eda de v\u00edctimas de trata en M\u00e9xico son menores que laboran: ONG\",\"datePublished\":\"2022-06-11T19:07:05+00:00\",\"dateModified\":\"2022-06-11T19:07:24+00:00\",\"mainEntityOfPage\":{\"@id\":\"https:\\\/\\\/fuentesfidedignas.com.mx\\\/index.php\\\/2022\\\/06\\\/11\\\/mayoria-de-victimas-de-trata-en-mexico-son-menores-que-laboran-ong\\\/\"},\"wordCount\":455,\"commentCount\":0,\"publisher\":{\"@id\":\"https:\\\/\\\/fuentesfidedignas.com.mx\\\/#organization\"},\"image\":{\"@id\":\"https:\\\/\\\/fuentesfidedignas.com.mx\\\/index.php\\\/2022\\\/06\\\/11\\\/mayoria-de-victimas-de-trata-en-mexico-son-menores-que-laboran-ong\\\/#primaryimage\"},\"thumbnailUrl\":\"https:\\\/\\\/fuentesfidedignas.com.mx\\\/wp-content\\\/uploads\\\/2022\\\/06\\\/gene-brutty-1awTwT66eb0-unsplash-scaled-e1654973522385-1024x577-1.jpg\",\"articleSection\":[\"NOTICIAS NACIONALES\"],\"inLanguage\":\"es\",\"potentialAction\":[{\"@type\":\"CommentAction\",\"name\":\"Comment\",\"target\":[\"https:\\\/\\\/fuentesfidedignas.com.mx\\\/index.php\\\/2022\\\/06\\\/11\\\/mayoria-de-victimas-de-trata-en-mexico-son-menores-que-laboran-ong\\\/#respond\"]}]},{\"@type\":\"WebPage\",\"@id\":\"https:\\\/\\\/fuentesfidedignas.com.mx\\\/index.php\\\/2022\\\/06\\\/11\\\/mayoria-de-victimas-de-trata-en-mexico-son-menores-que-laboran-ong\\\/\",\"url\":\"https:\\\/\\\/fuentesfidedignas.com.mx\\\/index.php\\\/2022\\\/06\\\/11\\\/mayoria-de-victimas-de-trata-en-mexico-son-menores-que-laboran-ong\\\/\",\"name\":\"Mayor\u00eda de v\u00edctimas de trata en M\u00e9xico son menores que laboran: ONG - Fuentes Fidedignas\",\"isPartOf\":{\"@id\":\"https:\\\/\\\/fuentesfidedignas.com.mx\\\/#website\"},\"primaryImageOfPage\":{\"@id\":\"https:\\\/\\\/fuentesfidedignas.com.mx\\\/index.php\\\/2022\\\/06\\\/11\\\/mayoria-de-victimas-de-trata-en-mexico-son-menores-que-laboran-ong\\\/#primaryimage\"},\"image\":{\"@id\":\"https:\\\/\\\/fuentesfidedignas.com.mx\\\/index.php\\\/2022\\\/06\\\/11\\\/mayoria-de-victimas-de-trata-en-mexico-son-menores-que-laboran-ong\\\/#primaryimage\"},\"thumbnailUrl\":\"https:\\\/\\\/fuentesfidedignas.com.mx\\\/wp-content\\\/uploads\\\/2022\\\/06\\\/gene-brutty-1awTwT66eb0-unsplash-scaled-e1654973522385-1024x577-1.jpg\",\"datePublished\":\"2022-06-11T19:07:05+00:00\",\"dateModified\":\"2022-06-11T19:07:24+00:00\",\"breadcrumb\":{\"@id\":\"https:\\\/\\\/fuentesfidedignas.com.mx\\\/index.php\\\/2022\\\/06\\\/11\\\/mayoria-de-victimas-de-trata-en-mexico-son-menores-que-laboran-ong\\\/#breadcrumb\"},\"inLanguage\":\"es\",\"potentialAction\":[{\"@type\":\"ReadAction\",\"target\":[\"https:\\\/\\\/fuentesfidedignas.com.mx\\\/index.php\\\/2022\\\/06\\\/11\\\/mayoria-de-victimas-de-trata-en-mexico-son-menores-que-laboran-ong\\\/\"]}]},{\"@type\":\"ImageObject\",\"inLanguage\":\"es\",\"@id\":\"https:\\\/\\\/fuentesfidedignas.com.mx\\\/index.php\\\/2022\\\/06\\\/11\\\/mayoria-de-victimas-de-trata-en-mexico-son-menores-que-laboran-ong\\\/#primaryimage\",\"url\":\"https:\\\/\\\/fuentesfidedignas.com.mx\\\/wp-content\\\/uploads\\\/2022\\\/06\\\/gene-brutty-1awTwT66eb0-unsplash-scaled-e1654973522385-1024x577-1.jpg\",\"contentUrl\":\"https:\\\/\\\/fuentesfidedignas.com.mx\\\/wp-content\\\/uploads\\\/2022\\\/06\\\/gene-brutty-1awTwT66eb0-unsplash-scaled-e1654973522385-1024x577-1.jpg\",\"width\":1024,\"height\":577},{\"@type\":\"BreadcrumbList\",\"@id\":\"https:\\\/\\\/fuentesfidedignas.com.mx\\\/index.php\\\/2022\\\/06\\\/11\\\/mayoria-de-victimas-de-trata-en-mexico-son-menores-que-laboran-ong\\\/#breadcrumb\",\"itemListElement\":[{\"@type\":\"ListItem\",\"position\":1,\"name\":\"Inicio\",\"item\":\"https:\\\/\\\/fuentesfidedignas.com.mx\\\/\"},{\"@type\":\"ListItem\",\"position\":2,\"name\":\"Mayor\u00eda de v\u00edctimas de trata en M\u00e9xico son menores que laboran: ONG\"}]},{\"@type\":\"WebSite\",\"@id\":\"https:\\\/\\\/fuentesfidedignas.com.mx\\\/#website\",\"url\":\"https:\\\/\\\/fuentesfidedignas.com.mx\\\/\",\"name\":\"Fuentes Fidedignas\",\"description\":\"Otro sitio realizado con WordPress\",\"publisher\":{\"@id\":\"https:\\\/\\\/fuentesfidedignas.com.mx\\\/#organization\"},\"potentialAction\":[{\"@type\":\"SearchAction\",\"target\":{\"@type\":\"EntryPoint\",\"urlTemplate\":\"https:\\\/\\\/fuentesfidedignas.com.mx\\\/?s={search_term_string}\"},\"query-input\":{\"@type\":\"PropertyValueSpecification\",\"valueRequired\":true,\"valueName\":\"search_term_string\"}}],\"inLanguage\":\"es\"},{\"@type\":\"Organization\",\"@id\":\"https:\\\/\\\/fuentesfidedignas.com.mx\\\/#organization\",\"name\":\"Fuentes Fidedignas\",\"url\":\"https:\\\/\\\/fuentesfidedignas.com.mx\\\/\",\"logo\":{\"@type\":\"ImageObject\",\"inLanguage\":\"es\",\"@id\":\"https:\\\/\\\/fuentesfidedignas.com.mx\\\/#\\\/schema\\\/logo\\\/image\\\/\",\"url\":\"https:\\\/\\\/fuentesfidedignas.com.mx\\\/wp-content\\\/uploads\\\/2021\\\/04\\\/logo-retina.png\",\"contentUrl\":\"https:\\\/\\\/fuentesfidedignas.com.mx\\\/wp-content\\\/uploads\\\/2021\\\/04\\\/logo-retina.png\",\"width\":280,\"height\":51,\"caption\":\"Fuentes Fidedignas\"},\"image\":{\"@id\":\"https:\\\/\\\/fuentesfidedignas.com.mx\\\/#\\\/schema\\\/logo\\\/image\\\/\"},\"sameAs\":[\"https:\\\/\\\/www.facebook.com\\\/Fuentes-Fidedignas-368234489921644\",\"https:\\\/\\\/x.com\\\/fidedignas\"]},{\"@type\":\"Person\",\"@id\":\"https:\\\/\\\/fuentesfidedignas.com.mx\\\/#\\\/schema\\\/person\\\/5623d53fe2e579d825b1679734abcc44\",\"name\":\"Forbes\",\"image\":{\"@type\":\"ImageObject\",\"inLanguage\":\"es\",\"@id\":\"https:\\\/\\\/secure.gravatar.com\\\/avatar\\\/87ce3dd4e41e60c22a79c758614f01a6bc2469255fc936ec7b15efb9bb5cb66f?s=96&d=mm&r=g\",\"url\":\"https:\\\/\\\/secure.gravatar.com\\\/avatar\\\/87ce3dd4e41e60c22a79c758614f01a6bc2469255fc936ec7b15efb9bb5cb66f?s=96&d=mm&r=g\",\"contentUrl\":\"https:\\\/\\\/secure.gravatar.com\\\/avatar\\\/87ce3dd4e41e60c22a79c758614f01a6bc2469255fc936ec7b15efb9bb5cb66f?s=96&d=mm&r=g\",\"caption\":\"Forbes\"},\"url\":\"https:\\\/\\\/fuentesfidedignas.com.mx\\\/index.php\\\/author\\\/forbes\\\/\"}]}<\/script>\n<!-- \/ Yoast SEO plugin. -->","yoast_head_json":{"title":"Mayor\u00eda de v\u00edctimas de trata en M\u00e9xico son menores que laboran: ONG - Fuentes Fidedignas","robots":{"index":"index","follow":"follow","max-snippet":"max-snippet:-1","max-image-preview":"max-image-preview:large","max-video-preview":"max-video-preview:-1"},"canonical":"https:\/\/fuentesfidedignas.com.mx\/index.php\/2022\/06\/11\/mayoria-de-victimas-de-trata-en-mexico-son-menores-que-laboran-ong\/","og_locale":"es_MX","og_type":"article","og_title":"Mayor\u00eda de v\u00edctimas de trata en M\u00e9xico son menores que laboran: ONG - Fuentes Fidedignas","og_description":"En el marco del D\u00eda Mundial contra el Trabajo Infantil, que se conmemora el 12 de junio, una ONG revel\u00f3 que hasta un 30% de los casos reportados de todo el pa\u00eds est\u00e1n relacionados con explotaci\u00f3n laboral Ciudad de M\u00e9xico. &#8211;\u00a0El 58% de las v\u00edctimas de trata de personas en M\u00e9xico son ni\u00f1as, ni\u00f1os y [&hellip;]","og_url":"https:\/\/fuentesfidedignas.com.mx\/index.php\/2022\/06\/11\/mayoria-de-victimas-de-trata-en-mexico-son-menores-que-laboran-ong\/","og_site_name":"Fuentes Fidedignas","article_publisher":"https:\/\/www.facebook.com\/Fuentes-Fidedignas-368234489921644","article_published_time":"2022-06-11T19:07:05+00:00","article_modified_time":"2022-06-11T19:07:24+00:00","og_image":[{"width":1024,"height":577,"url":"https:\/\/fuentesfidedignas.com.mx\/wp-content\/uploads\/2022\/06\/gene-brutty-1awTwT66eb0-unsplash-scaled-e1654973522385-1024x577-1.jpg","type":"image\/jpeg"}],"author":"Forbes","twitter_card":"summary_large_image","twitter_creator":"@fidedignas","twitter_site":"@fidedignas","twitter_misc":{"Escrito por":"Forbes","Tiempo de lectura":"2 minutos"},"schema":{"@context":"https:\/\/schema.org","@graph":[{"@type":"Article","@id":"https:\/\/fuentesfidedignas.com.mx\/index.php\/2022\/06\/11\/mayoria-de-victimas-de-trata-en-mexico-son-menores-que-laboran-ong\/#article","isPartOf":{"@id":"https:\/\/fuentesfidedignas.com.mx\/index.php\/2022\/06\/11\/mayoria-de-victimas-de-trata-en-mexico-son-menores-que-laboran-ong\/"},"author":{"name":"Forbes","@id":"https:\/\/fuentesfidedignas.com.mx\/#\/schema\/person\/5623d53fe2e579d825b1679734abcc44"},"headline":"Mayor\u00eda de v\u00edctimas de trata en M\u00e9xico son menores que laboran: ONG","datePublished":"2022-06-11T19:07:05+00:00","dateModified":"2022-06-11T19:07:24+00:00","mainEntityOfPage":{"@id":"https:\/\/fuentesfidedignas.com.mx\/index.php\/2022\/06\/11\/mayoria-de-victimas-de-trata-en-mexico-son-menores-que-laboran-ong\/"},"wordCount":455,"commentCount":0,"publisher":{"@id":"https:\/\/fuentesfidedignas.com.mx\/#organization"},"image":{"@id":"https:\/\/fuentesfidedignas.com.mx\/index.php\/2022\/06\/11\/mayoria-de-victimas-de-trata-en-mexico-son-menores-que-laboran-ong\/#primaryimage"},"thumbnailUrl":"https:\/\/fuentesfidedignas.com.mx\/wp-content\/uploads\/2022\/06\/gene-brutty-1awTwT66eb0-unsplash-scaled-e1654973522385-1024x577-1.jpg","articleSection":["NOTICIAS NACIONALES"],"inLanguage":"es","potentialAction":[{"@type":"CommentAction","name":"Comment","target":["https:\/\/fuentesfidedignas.com.mx\/index.php\/2022\/06\/11\/mayoria-de-victimas-de-trata-en-mexico-son-menores-que-laboran-ong\/#respond"]}]},{"@type":"WebPage","@id":"https:\/\/fuentesfidedignas.com.mx\/index.php\/2022\/06\/11\/mayoria-de-victimas-de-trata-en-mexico-son-menores-que-laboran-ong\/","url":"https:\/\/fuentesfidedignas.com.mx\/index.php\/2022\/06\/11\/mayoria-de-victimas-de-trata-en-mexico-son-menores-que-laboran-ong\/","name":"Mayor\u00eda de v\u00edctimas de trata en M\u00e9xico son menores que laboran: ONG - Fuentes Fidedignas","isPartOf":{"@id":"https:\/\/fuentesfidedignas.com.mx\/#website"},"primaryImageOfPage":{"@id":"https:\/\/fuentesfidedignas.com.mx\/index.php\/2022\/06\/11\/mayoria-de-victimas-de-trata-en-mexico-son-menores-que-laboran-ong\/#primaryimage"},"image":{"@id":"https:\/\/fuentesfidedignas.com.mx\/index.php\/2022\/06\/11\/mayoria-de-victimas-de-trata-en-mexico-son-menores-que-laboran-ong\/#primaryimage"},"thumbnailUrl":"https:\/\/fuentesfidedignas.com.mx\/wp-content\/uploads\/2022\/06\/gene-brutty-1awTwT66eb0-unsplash-scaled-e1654973522385-1024x577-1.jpg","datePublished":"2022-06-11T19:07:05+00:00","dateModified":"2022-06-11T19:07:24+00:00","breadcrumb":{"@id":"https:\/\/fuentesfidedignas.com.mx\/index.php\/2022\/06\/11\/mayoria-de-victimas-de-trata-en-mexico-son-menores-que-laboran-ong\/#breadcrumb"},"inLanguage":"es","potentialAction":[{"@type":"ReadAction","target":["https:\/\/fuentesfidedignas.com.mx\/index.php\/2022\/06\/11\/mayoria-de-victimas-de-trata-en-mexico-son-menores-que-laboran-ong\/"]}]},{"@type":"ImageObject","inLanguage":"es","@id":"https:\/\/fuentesfidedignas.com.mx\/index.php\/2022\/06\/11\/mayoria-de-victimas-de-trata-en-mexico-son-menores-que-laboran-ong\/#primaryimage","url":"https:\/\/fuentesfidedignas.com.mx\/wp-content\/uploads\/2022\/06\/gene-brutty-1awTwT66eb0-unsplash-scaled-e1654973522385-1024x577-1.jpg","contentUrl":"https:\/\/fuentesfidedignas.com.mx\/wp-content\/uploads\/2022\/06\/gene-brutty-1awTwT66eb0-unsplash-scaled-e1654973522385-1024x577-1.jpg","width":1024,"height":577},{"@type":"BreadcrumbList","@id":"https:\/\/fuentesfidedignas.com.mx\/index.php\/2022\/06\/11\/mayoria-de-victimas-de-trata-en-mexico-son-menores-que-laboran-ong\/#breadcrumb","itemListElement":[{"@type":"ListItem","position":1,"name":"Inicio","item":"https:\/\/fuentesfidedignas.com.mx\/"},{"@type":"ListItem","position":2,"name":"Mayor\u00eda de v\u00edctimas de trata en M\u00e9xico son menores que laboran: ONG"}]},{"@type":"WebSite","@id":"https:\/\/fuentesfidedignas.com.mx\/#website","url":"https:\/\/fuentesfidedignas.com.mx\/","name":"Fuentes Fidedignas","description":"Otro sitio realizado con WordPress","publisher":{"@id":"https:\/\/fuentesfidedignas.com.mx\/#organization"},"potentialAction":[{"@type":"SearchAction","target":{"@type":"EntryPoint","urlTemplate":"https:\/\/fuentesfidedignas.com.mx\/?s={search_term_string}"},"query-input":{"@type":"PropertyValueSpecification","valueRequired":true,"valueName":"search_term_string"}}],"inLanguage":"es"},{"@type":"Organization","@id":"https:\/\/fuentesfidedignas.com.mx\/#organization","name":"Fuentes Fidedignas","url":"https:\/\/fuentesfidedignas.com.mx\/","logo":{"@type":"ImageObject","inLanguage":"es","@id":"https:\/\/fuentesfidedignas.com.mx\/#\/schema\/logo\/image\/","url":"https:\/\/fuentesfidedignas.com.mx\/wp-content\/uploads\/2021\/04\/logo-retina.png","contentUrl":"https:\/\/fuentesfidedignas.com.mx\/wp-content\/uploads\/2021\/04\/logo-retina.png","width":280,"height":51,"caption":"Fuentes Fidedignas"},"image":{"@id":"https:\/\/fuentesfidedignas.com.mx\/#\/schema\/logo\/image\/"},"sameAs":["https:\/\/www.facebook.com\/Fuentes-Fidedignas-368234489921644","https:\/\/x.com\/fidedignas"]},{"@type":"Person","@id":"https:\/\/fuentesfidedignas.com.mx\/#\/schema\/person\/5623d53fe2e579d825b1679734abcc44","name":"Forbes","image":{"@type":"ImageObject","inLanguage":"es","@id":"https:\/\/secure.gravatar.com\/avatar\/87ce3dd4e41e60c22a79c758614f01a6bc2469255fc936ec7b15efb9bb5cb66f?s=96&d=mm&r=g","url":"https:\/\/secure.gravatar.com\/avatar\/87ce3dd4e41e60c22a79c758614f01a6bc2469255fc936ec7b15efb9bb5cb66f?s=96&d=mm&r=g","contentUrl":"https:\/\/secure.gravatar.com\/avatar\/87ce3dd4e41e60c22a79c758614f01a6bc2469255fc936ec7b15efb9bb5cb66f?s=96&d=mm&r=g","caption":"Forbes"},"url":"https:\/\/fuentesfidedignas.com.mx\/index.php\/author\/forbes\/"}]}},"_links":{"self":[{"href":"https:\/\/fuentesfidedignas.com.mx\/index.php\/wp-json\/wp\/v2\/posts\/34097","targetHints":{"allow":["GET"]}}],"collection":[{"href":"https:\/\/fuentesfidedignas.com.mx\/index.php\/wp-json\/wp\/v2\/posts"}],"about":[{"href":"https:\/\/fuentesfidedignas.com.mx\/index.php\/wp-json\/wp\/v2\/types\/post"}],"author":[{"embeddable":true,"href":"https:\/\/fuentesfidedignas.com.mx\/index.php\/wp-json\/wp\/v2\/users\/5"}],"replies":[{"embeddable":true,"href":"https:\/\/fuentesfidedignas.com.mx\/index.php\/wp-json\/wp\/v2\/comments?post=34097"}],"version-history":[{"count":1,"href":"https:\/\/fuentesfidedignas.com.mx\/index.php\/wp-json\/wp\/v2\/posts\/34097\/revisions"}],"predecessor-version":[{"id":34098,"href":"https:\/\/fuentesfidedignas.com.mx\/index.php\/wp-json\/wp\/v2\/posts\/34097\/revisions\/34098"}],"wp:featuredmedia":[{"embeddable":true,"href":"https:\/\/fuentesfidedignas.com.mx\/index.php\/wp-json\/wp\/v2\/media\/34099"}],"wp:attachment":[{"href":"https:\/\/fuentesfidedignas.com.mx\/index.php\/wp-json\/wp\/v2\/media?parent=34097"}],"wp:term":[{"taxonomy":"category","embeddable":true,"href":"https:\/\/fuentesfidedignas.com.mx\/index.php\/wp-json\/wp\/v2\/categories?post=34097"},{"taxonomy":"post_tag","embeddable":true,"href":"https:\/\/fuentesfidedignas.com.mx\/index.php\/wp-json\/wp\/v2\/tags?post=34097"}],"curies":[{"name":"wp","href":"https:\/\/api.w.org\/{rel}","templated":true}]}}