{"id":34082,"date":"2022-06-11T09:24:12","date_gmt":"2022-06-11T15:24:12","guid":{"rendered":"https:\/\/fuentesfidedignas.com.mx\/?p=34082"},"modified":"2022-06-11T09:24:40","modified_gmt":"2022-06-11T15:24:40","slug":"checo-perez-termina-primero-en-la-ultima-practica-para-el-gran-premio-de-azerbaiyan","status":"publish","type":"post","link":"https:\/\/fuentesfidedignas.com.mx\/index.php\/2022\/06\/11\/checo-perez-termina-primero-en-la-ultima-practica-para-el-gran-premio-de-azerbaiyan\/","title":{"rendered":"\u2018Checo\u2019 P\u00e9rez termina primero en la \u00faltima pr\u00e1ctica para el Gran Premio de Azerbaiy\u00e1n"},"content":{"rendered":"\n<p><em><strong><br>En la mejor de sus 18 vueltas, \u201cCheco\u201d P\u00e9rez cubri\u00f3 los 6.003 metros de la pista de la capital azerbaiyana en un minuto, 43 segundos y 170 mil\u00e9simas <\/strong><\/em><\/p>\n\n\n\n<p>El mexicano Sergio \u201cCheco\u201d P\u00e9rez (Red Bull), que viene de ganar hace dos domingos en M\u00f3naco, marc\u00f3 el mejor tiempo este s\u00e1bado, por delante del monegasco Charles Leclerc (Ferrari), en el tercer y \u00faltimo entrenamiento libre para el Gran Premio de Azerbaiy\u00e1n, el octavo del Mundial de F\u00f3rmula Uno, que se disputa en el circuito urbano de Baku; donde los espa\u00f1oles Carlos Sainz (Ferrari) y Fernando Alonso (Alpine) marcaron el cuarto y el und\u00e9cimo tiempo, respectivamente.<\/p>\n\n\n\n<p>En la mejor de sus 18 vueltas, \u2018Checo\u2019 -\u00faltimo ganador, el a\u00f1o pasado, en Baku- cubri\u00f3 los 6.003 metros de la pista de la capital azerbaiyana en un minuto, 43 segundos y 170 mil\u00e9simas, 70 menos que Leclerc, que gir\u00f3 una vez m\u00e1s que \u00e9l; en una sesi\u00f3n que arranc\u00f3 con quince minutos de retraso, ya que se hubo de reparar una zona vallada deteriorada a causa de unos incidentes sucedidos durante la prueba de F2 previa al \u00faltimo entrenamiento libre.<\/p>\n\n\n\n<p>El neerland\u00e9s Max Verstappen (Red Bull), l\u00edder del Mundial -con nueve puntos de ventaja sobre Leclerc- que repiti\u00f3 14 veces la tercera pista m\u00e1s larga del campeonato, marc\u00f3, a 279 mil\u00e9simas, el tercer tiempo de una sesi\u00f3n en la que Sainz, que dio 19 vueltas, se inscribi\u00f3 cuarto en la tabla de tiempos, a cuatro d\u00e9cimas de \u2018Checo\u2019.<\/p>\n\n\n\n<p>Sainz, que hace dos domingos repiti\u00f3 en M\u00f3naco el segundo puesto logrado hace un a\u00f1o, es quinto en el mundial, con 83 puntos, 42 menos que Verstappen y a 27 de \u2018Checo\u2019, que ocupa la tercera plaza en el Mundial y que volvi\u00f3 a ser m\u00e1s r\u00e1pido que su compa\u00f1ero neerland\u00e9s, en una sesi\u00f3n sin mayores incidencias, en la que los Red Bull y los Ferrari se alternaban al frente de la tabla de tiempos; y que concluy\u00f3 con 27 grados cent\u00edgrados ambientales y 45 en el asfalto.<\/p>\n\n\n\n<p>Alonso marc\u00f3 el und\u00e9cimo tiempo en el circuito que tiene la recta m\u00e1s larga del campeonato (de 2,2 kil\u00f3metros) y en el que buscan la configuraci\u00f3n ideal que encuentre el compromiso entre la velocidad punta en la citada recta y al mismo tiempo la suficiente carga aerodin\u00e1mica con miras a las curvas m\u00e1s lentas de los dos primeros sectores de la misma. El doble campe\u00f3n mundial asturiano, cuarto el viernes, dio 14 vueltas y en su mejor intento se qued\u00f3 a un segundo y seis d\u00e9cimas de P\u00e9rez.<\/p>\n\n\n\n<p>El siete veces campe\u00f3n del mundo ingl\u00e9s Lewis Hamilton (Mercedes) marc\u00f3 el duod\u00e9cimo tiempo del entrenamiento, tres mil\u00e9simas m\u00e1s lento que el de Alonso.<\/p>\n\n\n\n<p>La calificaci\u00f3n, que ordenar\u00e1 la parrilla de salida de la carrera de este domingo, se disputar\u00e1 a partir de las seis y cuarto de la tarde (las cuatro y cuarto, en horario peninsular espa\u00f1ol: las 14:15 horas GMT).<\/p>\n","protected":false},"excerpt":{"rendered":"<p>En la mejor de sus 18 vueltas, \u201cCheco\u201d P\u00e9rez cubri\u00f3 los 6.003 metros de la pista de la capital azerbaiyana en un minuto, 43 segundos y 170 mil\u00e9simas El mexicano Sergio \u201cCheco\u201d P\u00e9rez (Red Bull), que viene de ganar hace dos domingos en M\u00f3naco, marc\u00f3 el mejor tiempo este s\u00e1bado, por delante del monegasco Charles [&hellip;]<\/p>\n","protected":false},"author":46,"featured_media":34084,"comment_status":"open","ping_status":"open","sticky":false,"template":"","format":"standard","meta":{"tdm_status":"","tdm_grid_status":"","footnotes":""},"categories":[39],"tags":[661,663],"class_list":{"0":"post-34082","1":"post","2":"type-post","3":"status-publish","4":"format-standard","5":"has-post-thumbnail","7":"category-noticias-nacionales","8":"tag-checo-perez","9":"tag-formula-1"},"yoast_head":"<!-- This site is optimized with the Yoast SEO plugin v27.5 - https:\/\/yoast.com\/product\/yoast-seo-wordpress\/ -->\n<title>\u2018Checo\u2019 P\u00e9rez termina primero en la \u00faltima pr\u00e1ctica para el Gran Premio de Azerbaiy\u00e1n - Fuentes Fidedignas<\/title>\n<meta name=\"robots\" content=\"index, follow, max-snippet:-1, max-image-preview:large, max-video-preview:-1\" \/>\n<link rel=\"canonical\" href=\"https:\/\/fuentesfidedignas.com.mx\/index.php\/2022\/06\/11\/checo-perez-termina-primero-en-la-ultima-practica-para-el-gran-premio-de-azerbaiyan\/\" \/>\n<meta property=\"og:locale\" content=\"es_MX\" \/>\n<meta property=\"og:type\" content=\"article\" \/>\n<meta property=\"og:title\" content=\"\u2018Checo\u2019 P\u00e9rez termina primero en la \u00faltima pr\u00e1ctica para el Gran Premio de Azerbaiy\u00e1n - Fuentes Fidedignas\" \/>\n<meta property=\"og:description\" content=\"En la mejor de sus 18 vueltas, \u201cCheco\u201d P\u00e9rez cubri\u00f3 los 6.003 metros de la pista de la capital azerbaiyana en un minuto, 43 segundos y 170 mil\u00e9simas El mexicano Sergio \u201cCheco\u201d P\u00e9rez (Red Bull), que viene de ganar hace dos domingos en M\u00f3naco, marc\u00f3 el mejor tiempo este s\u00e1bado, por delante del monegasco Charles [&hellip;]\" \/>\n<meta property=\"og:url\" content=\"https:\/\/fuentesfidedignas.com.mx\/index.php\/2022\/06\/11\/checo-perez-termina-primero-en-la-ultima-practica-para-el-gran-premio-de-azerbaiyan\/\" \/>\n<meta property=\"og:site_name\" content=\"Fuentes Fidedignas\" \/>\n<meta property=\"article:publisher\" content=\"https:\/\/www.facebook.com\/Fuentes-Fidedignas-368234489921644\" \/>\n<meta property=\"article:published_time\" content=\"2022-06-11T15:24:12+00:00\" \/>\n<meta property=\"article:modified_time\" content=\"2022-06-11T15:24:40+00:00\" \/>\n<meta property=\"og:image\" content=\"https:\/\/fuentesfidedignas.com.mx\/wp-content\/uploads\/2022\/06\/sergio-checo-perez-1.jpg\" \/>\n\t<meta property=\"og:image:width\" content=\"1280\" \/>\n\t<meta property=\"og:image:height\" content=\"720\" \/>\n\t<meta property=\"og:image:type\" content=\"image\/jpeg\" \/>\n<meta name=\"author\" content=\"Noticieros Televisa\" \/>\n<meta name=\"twitter:card\" content=\"summary_large_image\" \/>\n<meta name=\"twitter:creator\" content=\"@fidedignas\" \/>\n<meta name=\"twitter:site\" content=\"@fidedignas\" \/>\n<meta name=\"twitter:label1\" content=\"Escrito por\" \/>\n\t<meta name=\"twitter:data1\" content=\"Noticieros Televisa\" \/>\n\t<meta name=\"twitter:label2\" content=\"Tiempo de lectura\" \/>\n\t<meta name=\"twitter:data2\" content=\"3 minutos\" \/>\n<script type=\"application\/ld+json\" class=\"yoast-schema-graph\">{\"@context\":\"https:\\\/\\\/schema.org\",\"@graph\":[{\"@type\":\"Article\",\"@id\":\"https:\\\/\\\/fuentesfidedignas.com.mx\\\/index.php\\\/2022\\\/06\\\/11\\\/checo-perez-termina-primero-en-la-ultima-practica-para-el-gran-premio-de-azerbaiyan\\\/#article\",\"isPartOf\":{\"@id\":\"https:\\\/\\\/fuentesfidedignas.com.mx\\\/index.php\\\/2022\\\/06\\\/11\\\/checo-perez-termina-primero-en-la-ultima-practica-para-el-gran-premio-de-azerbaiyan\\\/\"},\"author\":{\"name\":\"Noticieros Televisa\",\"@id\":\"https:\\\/\\\/fuentesfidedignas.com.mx\\\/#\\\/schema\\\/person\\\/f030e42657a5a464a8bbd891b1aab6ee\"},\"headline\":\"\u2018Checo\u2019 P\u00e9rez termina primero en la \u00faltima pr\u00e1ctica para el Gran Premio de Azerbaiy\u00e1n\",\"datePublished\":\"2022-06-11T15:24:12+00:00\",\"dateModified\":\"2022-06-11T15:24:40+00:00\",\"mainEntityOfPage\":{\"@id\":\"https:\\\/\\\/fuentesfidedignas.com.mx\\\/index.php\\\/2022\\\/06\\\/11\\\/checo-perez-termina-primero-en-la-ultima-practica-para-el-gran-premio-de-azerbaiyan\\\/\"},\"wordCount\":522,\"commentCount\":0,\"publisher\":{\"@id\":\"https:\\\/\\\/fuentesfidedignas.com.mx\\\/#organization\"},\"image\":{\"@id\":\"https:\\\/\\\/fuentesfidedignas.com.mx\\\/index.php\\\/2022\\\/06\\\/11\\\/checo-perez-termina-primero-en-la-ultima-practica-para-el-gran-premio-de-azerbaiyan\\\/#primaryimage\"},\"thumbnailUrl\":\"https:\\\/\\\/fuentesfidedignas.com.mx\\\/wp-content\\\/uploads\\\/2022\\\/06\\\/sergio-checo-perez-1.jpg\",\"keywords\":[\"Checo P\u00e9rez\",\"F\u00f3rmula 1\"],\"articleSection\":[\"NOTICIAS NACIONALES\"],\"inLanguage\":\"es\",\"potentialAction\":[{\"@type\":\"CommentAction\",\"name\":\"Comment\",\"target\":[\"https:\\\/\\\/fuentesfidedignas.com.mx\\\/index.php\\\/2022\\\/06\\\/11\\\/checo-perez-termina-primero-en-la-ultima-practica-para-el-gran-premio-de-azerbaiyan\\\/#respond\"]}]},{\"@type\":\"WebPage\",\"@id\":\"https:\\\/\\\/fuentesfidedignas.com.mx\\\/index.php\\\/2022\\\/06\\\/11\\\/checo-perez-termina-primero-en-la-ultima-practica-para-el-gran-premio-de-azerbaiyan\\\/\",\"url\":\"https:\\\/\\\/fuentesfidedignas.com.mx\\\/index.php\\\/2022\\\/06\\\/11\\\/checo-perez-termina-primero-en-la-ultima-practica-para-el-gran-premio-de-azerbaiyan\\\/\",\"name\":\"\u2018Checo\u2019 P\u00e9rez termina primero en la \u00faltima pr\u00e1ctica para el Gran Premio de Azerbaiy\u00e1n - Fuentes Fidedignas\",\"isPartOf\":{\"@id\":\"https:\\\/\\\/fuentesfidedignas.com.mx\\\/#website\"},\"primaryImageOfPage\":{\"@id\":\"https:\\\/\\\/fuentesfidedignas.com.mx\\\/index.php\\\/2022\\\/06\\\/11\\\/checo-perez-termina-primero-en-la-ultima-practica-para-el-gran-premio-de-azerbaiyan\\\/#primaryimage\"},\"image\":{\"@id\":\"https:\\\/\\\/fuentesfidedignas.com.mx\\\/index.php\\\/2022\\\/06\\\/11\\\/checo-perez-termina-primero-en-la-ultima-practica-para-el-gran-premio-de-azerbaiyan\\\/#primaryimage\"},\"thumbnailUrl\":\"https:\\\/\\\/fuentesfidedignas.com.mx\\\/wp-content\\\/uploads\\\/2022\\\/06\\\/sergio-checo-perez-1.jpg\",\"datePublished\":\"2022-06-11T15:24:12+00:00\",\"dateModified\":\"2022-06-11T15:24:40+00:00\",\"breadcrumb\":{\"@id\":\"https:\\\/\\\/fuentesfidedignas.com.mx\\\/index.php\\\/2022\\\/06\\\/11\\\/checo-perez-termina-primero-en-la-ultima-practica-para-el-gran-premio-de-azerbaiyan\\\/#breadcrumb\"},\"inLanguage\":\"es\",\"potentialAction\":[{\"@type\":\"ReadAction\",\"target\":[\"https:\\\/\\\/fuentesfidedignas.com.mx\\\/index.php\\\/2022\\\/06\\\/11\\\/checo-perez-termina-primero-en-la-ultima-practica-para-el-gran-premio-de-azerbaiyan\\\/\"]}]},{\"@type\":\"ImageObject\",\"inLanguage\":\"es\",\"@id\":\"https:\\\/\\\/fuentesfidedignas.com.mx\\\/index.php\\\/2022\\\/06\\\/11\\\/checo-perez-termina-primero-en-la-ultima-practica-para-el-gran-premio-de-azerbaiyan\\\/#primaryimage\",\"url\":\"https:\\\/\\\/fuentesfidedignas.com.mx\\\/wp-content\\\/uploads\\\/2022\\\/06\\\/sergio-checo-perez-1.jpg\",\"contentUrl\":\"https:\\\/\\\/fuentesfidedignas.com.mx\\\/wp-content\\\/uploads\\\/2022\\\/06\\\/sergio-checo-perez-1.jpg\",\"width\":1280,\"height\":720},{\"@type\":\"BreadcrumbList\",\"@id\":\"https:\\\/\\\/fuentesfidedignas.com.mx\\\/index.php\\\/2022\\\/06\\\/11\\\/checo-perez-termina-primero-en-la-ultima-practica-para-el-gran-premio-de-azerbaiyan\\\/#breadcrumb\",\"itemListElement\":[{\"@type\":\"ListItem\",\"position\":1,\"name\":\"Inicio\",\"item\":\"https:\\\/\\\/fuentesfidedignas.com.mx\\\/\"},{\"@type\":\"ListItem\",\"position\":2,\"name\":\"\u2018Checo\u2019 P\u00e9rez termina primero en la \u00faltima pr\u00e1ctica para el Gran Premio de Azerbaiy\u00e1n\"}]},{\"@type\":\"WebSite\",\"@id\":\"https:\\\/\\\/fuentesfidedignas.com.mx\\\/#website\",\"url\":\"https:\\\/\\\/fuentesfidedignas.com.mx\\\/\",\"name\":\"Fuentes Fidedignas\",\"description\":\"Otro sitio realizado con WordPress\",\"publisher\":{\"@id\":\"https:\\\/\\\/fuentesfidedignas.com.mx\\\/#organization\"},\"potentialAction\":[{\"@type\":\"SearchAction\",\"target\":{\"@type\":\"EntryPoint\",\"urlTemplate\":\"https:\\\/\\\/fuentesfidedignas.com.mx\\\/?s={search_term_string}\"},\"query-input\":{\"@type\":\"PropertyValueSpecification\",\"valueRequired\":true,\"valueName\":\"search_term_string\"}}],\"inLanguage\":\"es\"},{\"@type\":\"Organization\",\"@id\":\"https:\\\/\\\/fuentesfidedignas.com.mx\\\/#organization\",\"name\":\"Fuentes Fidedignas\",\"url\":\"https:\\\/\\\/fuentesfidedignas.com.mx\\\/\",\"logo\":{\"@type\":\"ImageObject\",\"inLanguage\":\"es\",\"@id\":\"https:\\\/\\\/fuentesfidedignas.com.mx\\\/#\\\/schema\\\/logo\\\/image\\\/\",\"url\":\"https:\\\/\\\/fuentesfidedignas.com.mx\\\/wp-content\\\/uploads\\\/2021\\\/04\\\/logo-retina.png\",\"contentUrl\":\"https:\\\/\\\/fuentesfidedignas.com.mx\\\/wp-content\\\/uploads\\\/2021\\\/04\\\/logo-retina.png\",\"width\":280,\"height\":51,\"caption\":\"Fuentes Fidedignas\"},\"image\":{\"@id\":\"https:\\\/\\\/fuentesfidedignas.com.mx\\\/#\\\/schema\\\/logo\\\/image\\\/\"},\"sameAs\":[\"https:\\\/\\\/www.facebook.com\\\/Fuentes-Fidedignas-368234489921644\",\"https:\\\/\\\/x.com\\\/fidedignas\"]},{\"@type\":\"Person\",\"@id\":\"https:\\\/\\\/fuentesfidedignas.com.mx\\\/#\\\/schema\\\/person\\\/f030e42657a5a464a8bbd891b1aab6ee\",\"name\":\"Noticieros Televisa\",\"image\":{\"@type\":\"ImageObject\",\"inLanguage\":\"es\",\"@id\":\"https:\\\/\\\/secure.gravatar.com\\\/avatar\\\/0e47b9e785a628831b8fd9eaf15e090e106760a879abbd4a3306f128ef5d43a9?s=96&d=mm&r=g\",\"url\":\"https:\\\/\\\/secure.gravatar.com\\\/avatar\\\/0e47b9e785a628831b8fd9eaf15e090e106760a879abbd4a3306f128ef5d43a9?s=96&d=mm&r=g\",\"contentUrl\":\"https:\\\/\\\/secure.gravatar.com\\\/avatar\\\/0e47b9e785a628831b8fd9eaf15e090e106760a879abbd4a3306f128ef5d43a9?s=96&d=mm&r=g\",\"caption\":\"Noticieros Televisa\"},\"url\":\"https:\\\/\\\/fuentesfidedignas.com.mx\\\/index.php\\\/author\\\/noticieros-televisa\\\/\"}]}<\/script>\n<!-- \/ Yoast SEO plugin. -->","yoast_head_json":{"title":"\u2018Checo\u2019 P\u00e9rez termina primero en la \u00faltima pr\u00e1ctica para el Gran Premio de Azerbaiy\u00e1n - Fuentes Fidedignas","robots":{"index":"index","follow":"follow","max-snippet":"max-snippet:-1","max-image-preview":"max-image-preview:large","max-video-preview":"max-video-preview:-1"},"canonical":"https:\/\/fuentesfidedignas.com.mx\/index.php\/2022\/06\/11\/checo-perez-termina-primero-en-la-ultima-practica-para-el-gran-premio-de-azerbaiyan\/","og_locale":"es_MX","og_type":"article","og_title":"\u2018Checo\u2019 P\u00e9rez termina primero en la \u00faltima pr\u00e1ctica para el Gran Premio de Azerbaiy\u00e1n - Fuentes Fidedignas","og_description":"En la mejor de sus 18 vueltas, \u201cCheco\u201d P\u00e9rez cubri\u00f3 los 6.003 metros de la pista de la capital azerbaiyana en un minuto, 43 segundos y 170 mil\u00e9simas El mexicano Sergio \u201cCheco\u201d P\u00e9rez (Red Bull), que viene de ganar hace dos domingos en M\u00f3naco, marc\u00f3 el mejor tiempo este s\u00e1bado, por delante del monegasco Charles [&hellip;]","og_url":"https:\/\/fuentesfidedignas.com.mx\/index.php\/2022\/06\/11\/checo-perez-termina-primero-en-la-ultima-practica-para-el-gran-premio-de-azerbaiyan\/","og_site_name":"Fuentes Fidedignas","article_publisher":"https:\/\/www.facebook.com\/Fuentes-Fidedignas-368234489921644","article_published_time":"2022-06-11T15:24:12+00:00","article_modified_time":"2022-06-11T15:24:40+00:00","og_image":[{"width":1280,"height":720,"url":"https:\/\/fuentesfidedignas.com.mx\/wp-content\/uploads\/2022\/06\/sergio-checo-perez-1.jpg","type":"image\/jpeg"}],"author":"Noticieros Televisa","twitter_card":"summary_large_image","twitter_creator":"@fidedignas","twitter_site":"@fidedignas","twitter_misc":{"Escrito por":"Noticieros Televisa","Tiempo de lectura":"3 minutos"},"schema":{"@context":"https:\/\/schema.org","@graph":[{"@type":"Article","@id":"https:\/\/fuentesfidedignas.com.mx\/index.php\/2022\/06\/11\/checo-perez-termina-primero-en-la-ultima-practica-para-el-gran-premio-de-azerbaiyan\/#article","isPartOf":{"@id":"https:\/\/fuentesfidedignas.com.mx\/index.php\/2022\/06\/11\/checo-perez-termina-primero-en-la-ultima-practica-para-el-gran-premio-de-azerbaiyan\/"},"author":{"name":"Noticieros Televisa","@id":"https:\/\/fuentesfidedignas.com.mx\/#\/schema\/person\/f030e42657a5a464a8bbd891b1aab6ee"},"headline":"\u2018Checo\u2019 P\u00e9rez termina primero en la \u00faltima pr\u00e1ctica para el Gran Premio de Azerbaiy\u00e1n","datePublished":"2022-06-11T15:24:12+00:00","dateModified":"2022-06-11T15:24:40+00:00","mainEntityOfPage":{"@id":"https:\/\/fuentesfidedignas.com.mx\/index.php\/2022\/06\/11\/checo-perez-termina-primero-en-la-ultima-practica-para-el-gran-premio-de-azerbaiyan\/"},"wordCount":522,"commentCount":0,"publisher":{"@id":"https:\/\/fuentesfidedignas.com.mx\/#organization"},"image":{"@id":"https:\/\/fuentesfidedignas.com.mx\/index.php\/2022\/06\/11\/checo-perez-termina-primero-en-la-ultima-practica-para-el-gran-premio-de-azerbaiyan\/#primaryimage"},"thumbnailUrl":"https:\/\/fuentesfidedignas.com.mx\/wp-content\/uploads\/2022\/06\/sergio-checo-perez-1.jpg","keywords":["Checo P\u00e9rez","F\u00f3rmula 1"],"articleSection":["NOTICIAS NACIONALES"],"inLanguage":"es","potentialAction":[{"@type":"CommentAction","name":"Comment","target":["https:\/\/fuentesfidedignas.com.mx\/index.php\/2022\/06\/11\/checo-perez-termina-primero-en-la-ultima-practica-para-el-gran-premio-de-azerbaiyan\/#respond"]}]},{"@type":"WebPage","@id":"https:\/\/fuentesfidedignas.com.mx\/index.php\/2022\/06\/11\/checo-perez-termina-primero-en-la-ultima-practica-para-el-gran-premio-de-azerbaiyan\/","url":"https:\/\/fuentesfidedignas.com.mx\/index.php\/2022\/06\/11\/checo-perez-termina-primero-en-la-ultima-practica-para-el-gran-premio-de-azerbaiyan\/","name":"\u2018Checo\u2019 P\u00e9rez termina primero en la \u00faltima pr\u00e1ctica para el Gran Premio de Azerbaiy\u00e1n - Fuentes Fidedignas","isPartOf":{"@id":"https:\/\/fuentesfidedignas.com.mx\/#website"},"primaryImageOfPage":{"@id":"https:\/\/fuentesfidedignas.com.mx\/index.php\/2022\/06\/11\/checo-perez-termina-primero-en-la-ultima-practica-para-el-gran-premio-de-azerbaiyan\/#primaryimage"},"image":{"@id":"https:\/\/fuentesfidedignas.com.mx\/index.php\/2022\/06\/11\/checo-perez-termina-primero-en-la-ultima-practica-para-el-gran-premio-de-azerbaiyan\/#primaryimage"},"thumbnailUrl":"https:\/\/fuentesfidedignas.com.mx\/wp-content\/uploads\/2022\/06\/sergio-checo-perez-1.jpg","datePublished":"2022-06-11T15:24:12+00:00","dateModified":"2022-06-11T15:24:40+00:00","breadcrumb":{"@id":"https:\/\/fuentesfidedignas.com.mx\/index.php\/2022\/06\/11\/checo-perez-termina-primero-en-la-ultima-practica-para-el-gran-premio-de-azerbaiyan\/#breadcrumb"},"inLanguage":"es","potentialAction":[{"@type":"ReadAction","target":["https:\/\/fuentesfidedignas.com.mx\/index.php\/2022\/06\/11\/checo-perez-termina-primero-en-la-ultima-practica-para-el-gran-premio-de-azerbaiyan\/"]}]},{"@type":"ImageObject","inLanguage":"es","@id":"https:\/\/fuentesfidedignas.com.mx\/index.php\/2022\/06\/11\/checo-perez-termina-primero-en-la-ultima-practica-para-el-gran-premio-de-azerbaiyan\/#primaryimage","url":"https:\/\/fuentesfidedignas.com.mx\/wp-content\/uploads\/2022\/06\/sergio-checo-perez-1.jpg","contentUrl":"https:\/\/fuentesfidedignas.com.mx\/wp-content\/uploads\/2022\/06\/sergio-checo-perez-1.jpg","width":1280,"height":720},{"@type":"BreadcrumbList","@id":"https:\/\/fuentesfidedignas.com.mx\/index.php\/2022\/06\/11\/checo-perez-termina-primero-en-la-ultima-practica-para-el-gran-premio-de-azerbaiyan\/#breadcrumb","itemListElement":[{"@type":"ListItem","position":1,"name":"Inicio","item":"https:\/\/fuentesfidedignas.com.mx\/"},{"@type":"ListItem","position":2,"name":"\u2018Checo\u2019 P\u00e9rez termina primero en la \u00faltima pr\u00e1ctica para el Gran Premio de Azerbaiy\u00e1n"}]},{"@type":"WebSite","@id":"https:\/\/fuentesfidedignas.com.mx\/#website","url":"https:\/\/fuentesfidedignas.com.mx\/","name":"Fuentes Fidedignas","description":"Otro sitio realizado con WordPress","publisher":{"@id":"https:\/\/fuentesfidedignas.com.mx\/#organization"},"potentialAction":[{"@type":"SearchAction","target":{"@type":"EntryPoint","urlTemplate":"https:\/\/fuentesfidedignas.com.mx\/?s={search_term_string}"},"query-input":{"@type":"PropertyValueSpecification","valueRequired":true,"valueName":"search_term_string"}}],"inLanguage":"es"},{"@type":"Organization","@id":"https:\/\/fuentesfidedignas.com.mx\/#organization","name":"Fuentes Fidedignas","url":"https:\/\/fuentesfidedignas.com.mx\/","logo":{"@type":"ImageObject","inLanguage":"es","@id":"https:\/\/fuentesfidedignas.com.mx\/#\/schema\/logo\/image\/","url":"https:\/\/fuentesfidedignas.com.mx\/wp-content\/uploads\/2021\/04\/logo-retina.png","contentUrl":"https:\/\/fuentesfidedignas.com.mx\/wp-content\/uploads\/2021\/04\/logo-retina.png","width":280,"height":51,"caption":"Fuentes Fidedignas"},"image":{"@id":"https:\/\/fuentesfidedignas.com.mx\/#\/schema\/logo\/image\/"},"sameAs":["https:\/\/www.facebook.com\/Fuentes-Fidedignas-368234489921644","https:\/\/x.com\/fidedignas"]},{"@type":"Person","@id":"https:\/\/fuentesfidedignas.com.mx\/#\/schema\/person\/f030e42657a5a464a8bbd891b1aab6ee","name":"Noticieros Televisa","image":{"@type":"ImageObject","inLanguage":"es","@id":"https:\/\/secure.gravatar.com\/avatar\/0e47b9e785a628831b8fd9eaf15e090e106760a879abbd4a3306f128ef5d43a9?s=96&d=mm&r=g","url":"https:\/\/secure.gravatar.com\/avatar\/0e47b9e785a628831b8fd9eaf15e090e106760a879abbd4a3306f128ef5d43a9?s=96&d=mm&r=g","contentUrl":"https:\/\/secure.gravatar.com\/avatar\/0e47b9e785a628831b8fd9eaf15e090e106760a879abbd4a3306f128ef5d43a9?s=96&d=mm&r=g","caption":"Noticieros Televisa"},"url":"https:\/\/fuentesfidedignas.com.mx\/index.php\/author\/noticieros-televisa\/"}]}},"_links":{"self":[{"href":"https:\/\/fuentesfidedignas.com.mx\/index.php\/wp-json\/wp\/v2\/posts\/34082","targetHints":{"allow":["GET"]}}],"collection":[{"href":"https:\/\/fuentesfidedignas.com.mx\/index.php\/wp-json\/wp\/v2\/posts"}],"about":[{"href":"https:\/\/fuentesfidedignas.com.mx\/index.php\/wp-json\/wp\/v2\/types\/post"}],"author":[{"embeddable":true,"href":"https:\/\/fuentesfidedignas.com.mx\/index.php\/wp-json\/wp\/v2\/users\/46"}],"replies":[{"embeddable":true,"href":"https:\/\/fuentesfidedignas.com.mx\/index.php\/wp-json\/wp\/v2\/comments?post=34082"}],"version-history":[{"count":1,"href":"https:\/\/fuentesfidedignas.com.mx\/index.php\/wp-json\/wp\/v2\/posts\/34082\/revisions"}],"predecessor-version":[{"id":34083,"href":"https:\/\/fuentesfidedignas.com.mx\/index.php\/wp-json\/wp\/v2\/posts\/34082\/revisions\/34083"}],"wp:featuredmedia":[{"embeddable":true,"href":"https:\/\/fuentesfidedignas.com.mx\/index.php\/wp-json\/wp\/v2\/media\/34084"}],"wp:attachment":[{"href":"https:\/\/fuentesfidedignas.com.mx\/index.php\/wp-json\/wp\/v2\/media?parent=34082"}],"wp:term":[{"taxonomy":"category","embeddable":true,"href":"https:\/\/fuentesfidedignas.com.mx\/index.php\/wp-json\/wp\/v2\/categories?post=34082"},{"taxonomy":"post_tag","embeddable":true,"href":"https:\/\/fuentesfidedignas.com.mx\/index.php\/wp-json\/wp\/v2\/tags?post=34082"}],"curies":[{"name":"wp","href":"https:\/\/api.w.org\/{rel}","templated":true}]}}