{"id":34050,"date":"2022-06-10T19:20:16","date_gmt":"2022-06-11T01:20:16","guid":{"rendered":"https:\/\/fuentesfidedignas.com.mx\/?p=34050"},"modified":"2022-06-10T21:06:01","modified_gmt":"2022-06-11T03:06:01","slug":"juan-de-dios-gamez-la-propuesta-para-alcalde-sustituto-de-culiacan","status":"publish","type":"post","link":"https:\/\/fuentesfidedignas.com.mx\/index.php\/2022\/06\/10\/juan-de-dios-gamez-la-propuesta-para-alcalde-sustituto-de-culiacan\/","title":{"rendered":"Juan de Dios G\u00e1mez, la propuesta para alcalde sustituto de Culiac\u00e1n"},"content":{"rendered":"\n<p><em><strong>La propuesta pasar\u00e1 hoy al Pleno para su votaci\u00f3n en sesi\u00f3n p\u00fablica extraordinaria<\/strong><\/em><\/p>\n\n\n\n<p>Culiac\u00e1n,  Sin. La Comisi\u00f3n de Puntos Constitucionales y Gobernaci\u00f3n del Congreso del Estado de Sinaloa aprob\u00f3 proponer a Juan de Dios G\u00e1mez Mend\u00edvil, como Presidente Municipal de Culiac\u00e1n sustituto.<\/p>\n\n\n\n<p>Votaron a favor de la propuesta, Ambrocio Ch\u00e1vez Ch\u00e1vez, Feliciano Valle Sandoval, Elizabeth Chia Galaviz, Jos\u00e9 Manuel Luque Rojas y Ver\u00f3nica Guadalupe B\u00e1tiz Acosta, presidente, secretario y vocales, respectivamente de la Comisi\u00f3n.<\/p>\n\n\n\n<p>La propuesta pasar\u00e1 hoy al Pleno para su votaci\u00f3n en sesi\u00f3n p\u00fablica extraordinaria.<\/p>\n\n\n\n<figure class=\"wp-block-image size-large\"><img decoding=\"async\" width=\"1024\" height=\"684\" src=\"https:\/\/fuentesfidedignas.com.mx\/wp-content\/uploads\/2022\/06\/IMG-20220610-WA0032-1-1024x684.jpg\" alt=\"\" class=\"wp-image-34056\" srcset=\"https:\/\/fuentesfidedignas.com.mx\/wp-content\/uploads\/2022\/06\/IMG-20220610-WA0032-1-1024x684.jpg 1024w, https:\/\/fuentesfidedignas.com.mx\/wp-content\/uploads\/2022\/06\/IMG-20220610-WA0032-1-300x200.jpg 300w, https:\/\/fuentesfidedignas.com.mx\/wp-content\/uploads\/2022\/06\/IMG-20220610-WA0032-1-768x513.jpg 768w, https:\/\/fuentesfidedignas.com.mx\/wp-content\/uploads\/2022\/06\/IMG-20220610-WA0032-1-1536x1026.jpg 1536w, https:\/\/fuentesfidedignas.com.mx\/wp-content\/uploads\/2022\/06\/IMG-20220610-WA0032-1.jpg 1600w\" sizes=\"(max-width: 1024px) 100vw, 1024px\" \/><\/figure>\n\n\n\n<p>La Comisi\u00f3n destac\u00f3 la trayectoria laboral, experiencia y responsabilidad de Juan de Dios G\u00e1mez Mend\u00edvil quien deber\u00e1 ejercer dicho cargo a partir de su toma de protesta hasta el 31 de octubre de 2024, fecha en que fenece el ejercicio constitucional de la presente administraci\u00f3n municipal.<\/p>\n\n\n\n<p>El presidente de la Comisi\u00f3n, Ambrocio Ch\u00e1vez Ch\u00e1vez, enfatiz\u00f3 que Juan de Dios G\u00e1mez Mend\u00edvil es garant\u00eda de honestidad, de responsabilidad, de juventud, de nueva visi\u00f3n, de nueva sangre, de relevo generacional.<\/p>\n\n\n\n<p>Asegur\u00f3 que G\u00e1mez Mend\u00edvil har\u00e1 un buen papel en la ciudad de Culiac\u00e1n con el apoyo de todas y todos.<br>El Acuerdo de la Comisi\u00f3n entrar\u00e1 en vigor a partir de su aprobaci\u00f3n por el Pleno.<\/p>\n","protected":false},"excerpt":{"rendered":"<p>La propuesta pasar\u00e1 hoy al Pleno para su votaci\u00f3n en sesi\u00f3n p\u00fablica extraordinaria Culiac\u00e1n, Sin. La Comisi\u00f3n de Puntos Constitucionales y Gobernaci\u00f3n del Congreso del Estado de Sinaloa aprob\u00f3 proponer a Juan de Dios G\u00e1mez Mend\u00edvil, como Presidente Municipal de Culiac\u00e1n sustituto. Votaron a favor de la propuesta, Ambrocio Ch\u00e1vez Ch\u00e1vez, Feliciano Valle Sandoval, Elizabeth [&hellip;]<\/p>\n","protected":false},"author":4,"featured_media":34052,"comment_status":"open","ping_status":"open","sticky":false,"template":"","format":"standard","meta":{"tdm_status":"","tdm_grid_status":"","footnotes":""},"categories":[1],"tags":[],"class_list":{"0":"post-34050","1":"post","2":"type-post","3":"status-publish","4":"format-standard","5":"has-post-thumbnail","7":"category-sin-categoria"},"yoast_head":"<!-- This site is optimized with the Yoast SEO plugin v27.5 - https:\/\/yoast.com\/product\/yoast-seo-wordpress\/ -->\n<title>Juan de Dios G\u00e1mez, la propuesta para alcalde sustituto de Culiac\u00e1n - Fuentes Fidedignas<\/title>\n<meta name=\"robots\" content=\"index, follow, max-snippet:-1, max-image-preview:large, max-video-preview:-1\" \/>\n<link rel=\"canonical\" href=\"https:\/\/fuentesfidedignas.com.mx\/index.php\/2022\/06\/10\/juan-de-dios-gamez-la-propuesta-para-alcalde-sustituto-de-culiacan\/\" \/>\n<meta property=\"og:locale\" content=\"es_MX\" \/>\n<meta property=\"og:type\" content=\"article\" \/>\n<meta property=\"og:title\" content=\"Juan de Dios G\u00e1mez, la propuesta para alcalde sustituto de Culiac\u00e1n - Fuentes Fidedignas\" \/>\n<meta property=\"og:description\" content=\"La propuesta pasar\u00e1 hoy al Pleno para su votaci\u00f3n en sesi\u00f3n p\u00fablica extraordinaria Culiac\u00e1n, Sin. La Comisi\u00f3n de Puntos Constitucionales y Gobernaci\u00f3n del Congreso del Estado de Sinaloa aprob\u00f3 proponer a Juan de Dios G\u00e1mez Mend\u00edvil, como Presidente Municipal de Culiac\u00e1n sustituto. Votaron a favor de la propuesta, Ambrocio Ch\u00e1vez Ch\u00e1vez, Feliciano Valle Sandoval, Elizabeth [&hellip;]\" \/>\n<meta property=\"og:url\" content=\"https:\/\/fuentesfidedignas.com.mx\/index.php\/2022\/06\/10\/juan-de-dios-gamez-la-propuesta-para-alcalde-sustituto-de-culiacan\/\" \/>\n<meta property=\"og:site_name\" content=\"Fuentes Fidedignas\" \/>\n<meta property=\"article:publisher\" content=\"https:\/\/www.facebook.com\/Fuentes-Fidedignas-368234489921644\" \/>\n<meta property=\"article:published_time\" content=\"2022-06-11T01:20:16+00:00\" \/>\n<meta property=\"article:modified_time\" content=\"2022-06-11T03:06:01+00:00\" \/>\n<meta property=\"og:image\" content=\"https:\/\/fuentesfidedignas.com.mx\/wp-content\/uploads\/2022\/06\/image_editor_output_image1156258594-1654910442378.jpg\" \/>\n\t<meta property=\"og:image:width\" content=\"1064\" \/>\n\t<meta property=\"og:image:height\" content=\"893\" \/>\n\t<meta property=\"og:image:type\" content=\"image\/jpeg\" \/>\n<meta name=\"author\" content=\"Redacci\u00f3n\" \/>\n<meta name=\"twitter:card\" content=\"summary_large_image\" \/>\n<meta name=\"twitter:creator\" content=\"@fidedignas\" \/>\n<meta name=\"twitter:site\" content=\"@fidedignas\" \/>\n<meta name=\"twitter:label1\" content=\"Escrito por\" \/>\n\t<meta name=\"twitter:data1\" content=\"Redacci\u00f3n\" \/>\n\t<meta name=\"twitter:label2\" content=\"Tiempo de lectura\" \/>\n\t<meta name=\"twitter:data2\" content=\"2 minutos\" \/>\n<script type=\"application\/ld+json\" class=\"yoast-schema-graph\">{\"@context\":\"https:\\\/\\\/schema.org\",\"@graph\":[{\"@type\":\"Article\",\"@id\":\"https:\\\/\\\/fuentesfidedignas.com.mx\\\/index.php\\\/2022\\\/06\\\/10\\\/juan-de-dios-gamez-la-propuesta-para-alcalde-sustituto-de-culiacan\\\/#article\",\"isPartOf\":{\"@id\":\"https:\\\/\\\/fuentesfidedignas.com.mx\\\/index.php\\\/2022\\\/06\\\/10\\\/juan-de-dios-gamez-la-propuesta-para-alcalde-sustituto-de-culiacan\\\/\"},\"author\":{\"name\":\"Redacci\u00f3n\",\"@id\":\"https:\\\/\\\/fuentesfidedignas.com.mx\\\/#\\\/schema\\\/person\\\/331be9283d37198e2acd5750279085b0\"},\"headline\":\"Juan de Dios G\u00e1mez, la propuesta para alcalde sustituto de Culiac\u00e1n\",\"datePublished\":\"2022-06-11T01:20:16+00:00\",\"dateModified\":\"2022-06-11T03:06:01+00:00\",\"mainEntityOfPage\":{\"@id\":\"https:\\\/\\\/fuentesfidedignas.com.mx\\\/index.php\\\/2022\\\/06\\\/10\\\/juan-de-dios-gamez-la-propuesta-para-alcalde-sustituto-de-culiacan\\\/\"},\"wordCount\":245,\"commentCount\":0,\"publisher\":{\"@id\":\"https:\\\/\\\/fuentesfidedignas.com.mx\\\/#organization\"},\"image\":{\"@id\":\"https:\\\/\\\/fuentesfidedignas.com.mx\\\/index.php\\\/2022\\\/06\\\/10\\\/juan-de-dios-gamez-la-propuesta-para-alcalde-sustituto-de-culiacan\\\/#primaryimage\"},\"thumbnailUrl\":\"https:\\\/\\\/fuentesfidedignas.com.mx\\\/wp-content\\\/uploads\\\/2022\\\/06\\\/image_editor_output_image1156258594-1654910442378.jpg\",\"inLanguage\":\"es\",\"potentialAction\":[{\"@type\":\"CommentAction\",\"name\":\"Comment\",\"target\":[\"https:\\\/\\\/fuentesfidedignas.com.mx\\\/index.php\\\/2022\\\/06\\\/10\\\/juan-de-dios-gamez-la-propuesta-para-alcalde-sustituto-de-culiacan\\\/#respond\"]}]},{\"@type\":\"WebPage\",\"@id\":\"https:\\\/\\\/fuentesfidedignas.com.mx\\\/index.php\\\/2022\\\/06\\\/10\\\/juan-de-dios-gamez-la-propuesta-para-alcalde-sustituto-de-culiacan\\\/\",\"url\":\"https:\\\/\\\/fuentesfidedignas.com.mx\\\/index.php\\\/2022\\\/06\\\/10\\\/juan-de-dios-gamez-la-propuesta-para-alcalde-sustituto-de-culiacan\\\/\",\"name\":\"Juan de Dios G\u00e1mez, la propuesta para alcalde sustituto de Culiac\u00e1n - Fuentes Fidedignas\",\"isPartOf\":{\"@id\":\"https:\\\/\\\/fuentesfidedignas.com.mx\\\/#website\"},\"primaryImageOfPage\":{\"@id\":\"https:\\\/\\\/fuentesfidedignas.com.mx\\\/index.php\\\/2022\\\/06\\\/10\\\/juan-de-dios-gamez-la-propuesta-para-alcalde-sustituto-de-culiacan\\\/#primaryimage\"},\"image\":{\"@id\":\"https:\\\/\\\/fuentesfidedignas.com.mx\\\/index.php\\\/2022\\\/06\\\/10\\\/juan-de-dios-gamez-la-propuesta-para-alcalde-sustituto-de-culiacan\\\/#primaryimage\"},\"thumbnailUrl\":\"https:\\\/\\\/fuentesfidedignas.com.mx\\\/wp-content\\\/uploads\\\/2022\\\/06\\\/image_editor_output_image1156258594-1654910442378.jpg\",\"datePublished\":\"2022-06-11T01:20:16+00:00\",\"dateModified\":\"2022-06-11T03:06:01+00:00\",\"breadcrumb\":{\"@id\":\"https:\\\/\\\/fuentesfidedignas.com.mx\\\/index.php\\\/2022\\\/06\\\/10\\\/juan-de-dios-gamez-la-propuesta-para-alcalde-sustituto-de-culiacan\\\/#breadcrumb\"},\"inLanguage\":\"es\",\"potentialAction\":[{\"@type\":\"ReadAction\",\"target\":[\"https:\\\/\\\/fuentesfidedignas.com.mx\\\/index.php\\\/2022\\\/06\\\/10\\\/juan-de-dios-gamez-la-propuesta-para-alcalde-sustituto-de-culiacan\\\/\"]}]},{\"@type\":\"ImageObject\",\"inLanguage\":\"es\",\"@id\":\"https:\\\/\\\/fuentesfidedignas.com.mx\\\/index.php\\\/2022\\\/06\\\/10\\\/juan-de-dios-gamez-la-propuesta-para-alcalde-sustituto-de-culiacan\\\/#primaryimage\",\"url\":\"https:\\\/\\\/fuentesfidedignas.com.mx\\\/wp-content\\\/uploads\\\/2022\\\/06\\\/image_editor_output_image1156258594-1654910442378.jpg\",\"contentUrl\":\"https:\\\/\\\/fuentesfidedignas.com.mx\\\/wp-content\\\/uploads\\\/2022\\\/06\\\/image_editor_output_image1156258594-1654910442378.jpg\",\"width\":1064,\"height\":893},{\"@type\":\"BreadcrumbList\",\"@id\":\"https:\\\/\\\/fuentesfidedignas.com.mx\\\/index.php\\\/2022\\\/06\\\/10\\\/juan-de-dios-gamez-la-propuesta-para-alcalde-sustituto-de-culiacan\\\/#breadcrumb\",\"itemListElement\":[{\"@type\":\"ListItem\",\"position\":1,\"name\":\"Inicio\",\"item\":\"https:\\\/\\\/fuentesfidedignas.com.mx\\\/\"},{\"@type\":\"ListItem\",\"position\":2,\"name\":\"Juan de Dios G\u00e1mez, la propuesta para alcalde sustituto de Culiac\u00e1n\"}]},{\"@type\":\"WebSite\",\"@id\":\"https:\\\/\\\/fuentesfidedignas.com.mx\\\/#website\",\"url\":\"https:\\\/\\\/fuentesfidedignas.com.mx\\\/\",\"name\":\"Fuentes Fidedignas\",\"description\":\"Otro sitio realizado con WordPress\",\"publisher\":{\"@id\":\"https:\\\/\\\/fuentesfidedignas.com.mx\\\/#organization\"},\"potentialAction\":[{\"@type\":\"SearchAction\",\"target\":{\"@type\":\"EntryPoint\",\"urlTemplate\":\"https:\\\/\\\/fuentesfidedignas.com.mx\\\/?s={search_term_string}\"},\"query-input\":{\"@type\":\"PropertyValueSpecification\",\"valueRequired\":true,\"valueName\":\"search_term_string\"}}],\"inLanguage\":\"es\"},{\"@type\":\"Organization\",\"@id\":\"https:\\\/\\\/fuentesfidedignas.com.mx\\\/#organization\",\"name\":\"Fuentes Fidedignas\",\"url\":\"https:\\\/\\\/fuentesfidedignas.com.mx\\\/\",\"logo\":{\"@type\":\"ImageObject\",\"inLanguage\":\"es\",\"@id\":\"https:\\\/\\\/fuentesfidedignas.com.mx\\\/#\\\/schema\\\/logo\\\/image\\\/\",\"url\":\"https:\\\/\\\/fuentesfidedignas.com.mx\\\/wp-content\\\/uploads\\\/2021\\\/04\\\/logo-retina.png\",\"contentUrl\":\"https:\\\/\\\/fuentesfidedignas.com.mx\\\/wp-content\\\/uploads\\\/2021\\\/04\\\/logo-retina.png\",\"width\":280,\"height\":51,\"caption\":\"Fuentes Fidedignas\"},\"image\":{\"@id\":\"https:\\\/\\\/fuentesfidedignas.com.mx\\\/#\\\/schema\\\/logo\\\/image\\\/\"},\"sameAs\":[\"https:\\\/\\\/www.facebook.com\\\/Fuentes-Fidedignas-368234489921644\",\"https:\\\/\\\/x.com\\\/fidedignas\"]},{\"@type\":\"Person\",\"@id\":\"https:\\\/\\\/fuentesfidedignas.com.mx\\\/#\\\/schema\\\/person\\\/331be9283d37198e2acd5750279085b0\",\"name\":\"Redacci\u00f3n\",\"image\":{\"@type\":\"ImageObject\",\"inLanguage\":\"es\",\"@id\":\"https:\\\/\\\/secure.gravatar.com\\\/avatar\\\/f6d8782c11d12b2d4ad3fbb6931aeab5309937a4d6cd2fc9cfaa28a6396a5aec?s=96&d=mm&r=g\",\"url\":\"https:\\\/\\\/secure.gravatar.com\\\/avatar\\\/f6d8782c11d12b2d4ad3fbb6931aeab5309937a4d6cd2fc9cfaa28a6396a5aec?s=96&d=mm&r=g\",\"contentUrl\":\"https:\\\/\\\/secure.gravatar.com\\\/avatar\\\/f6d8782c11d12b2d4ad3fbb6931aeab5309937a4d6cd2fc9cfaa28a6396a5aec?s=96&d=mm&r=g\",\"caption\":\"Redacci\u00f3n\"},\"url\":\"https:\\\/\\\/fuentesfidedignas.com.mx\\\/index.php\\\/author\\\/redaccion\\\/\"}]}<\/script>\n<!-- \/ Yoast SEO plugin. -->","yoast_head_json":{"title":"Juan de Dios G\u00e1mez, la propuesta para alcalde sustituto de Culiac\u00e1n - Fuentes Fidedignas","robots":{"index":"index","follow":"follow","max-snippet":"max-snippet:-1","max-image-preview":"max-image-preview:large","max-video-preview":"max-video-preview:-1"},"canonical":"https:\/\/fuentesfidedignas.com.mx\/index.php\/2022\/06\/10\/juan-de-dios-gamez-la-propuesta-para-alcalde-sustituto-de-culiacan\/","og_locale":"es_MX","og_type":"article","og_title":"Juan de Dios G\u00e1mez, la propuesta para alcalde sustituto de Culiac\u00e1n - Fuentes Fidedignas","og_description":"La propuesta pasar\u00e1 hoy al Pleno para su votaci\u00f3n en sesi\u00f3n p\u00fablica extraordinaria Culiac\u00e1n, Sin. La Comisi\u00f3n de Puntos Constitucionales y Gobernaci\u00f3n del Congreso del Estado de Sinaloa aprob\u00f3 proponer a Juan de Dios G\u00e1mez Mend\u00edvil, como Presidente Municipal de Culiac\u00e1n sustituto. Votaron a favor de la propuesta, Ambrocio Ch\u00e1vez Ch\u00e1vez, Feliciano Valle Sandoval, Elizabeth [&hellip;]","og_url":"https:\/\/fuentesfidedignas.com.mx\/index.php\/2022\/06\/10\/juan-de-dios-gamez-la-propuesta-para-alcalde-sustituto-de-culiacan\/","og_site_name":"Fuentes Fidedignas","article_publisher":"https:\/\/www.facebook.com\/Fuentes-Fidedignas-368234489921644","article_published_time":"2022-06-11T01:20:16+00:00","article_modified_time":"2022-06-11T03:06:01+00:00","og_image":[{"width":1064,"height":893,"url":"https:\/\/fuentesfidedignas.com.mx\/wp-content\/uploads\/2022\/06\/image_editor_output_image1156258594-1654910442378.jpg","type":"image\/jpeg"}],"author":"Redacci\u00f3n","twitter_card":"summary_large_image","twitter_creator":"@fidedignas","twitter_site":"@fidedignas","twitter_misc":{"Escrito por":"Redacci\u00f3n","Tiempo de lectura":"2 minutos"},"schema":{"@context":"https:\/\/schema.org","@graph":[{"@type":"Article","@id":"https:\/\/fuentesfidedignas.com.mx\/index.php\/2022\/06\/10\/juan-de-dios-gamez-la-propuesta-para-alcalde-sustituto-de-culiacan\/#article","isPartOf":{"@id":"https:\/\/fuentesfidedignas.com.mx\/index.php\/2022\/06\/10\/juan-de-dios-gamez-la-propuesta-para-alcalde-sustituto-de-culiacan\/"},"author":{"name":"Redacci\u00f3n","@id":"https:\/\/fuentesfidedignas.com.mx\/#\/schema\/person\/331be9283d37198e2acd5750279085b0"},"headline":"Juan de Dios G\u00e1mez, la propuesta para alcalde sustituto de Culiac\u00e1n","datePublished":"2022-06-11T01:20:16+00:00","dateModified":"2022-06-11T03:06:01+00:00","mainEntityOfPage":{"@id":"https:\/\/fuentesfidedignas.com.mx\/index.php\/2022\/06\/10\/juan-de-dios-gamez-la-propuesta-para-alcalde-sustituto-de-culiacan\/"},"wordCount":245,"commentCount":0,"publisher":{"@id":"https:\/\/fuentesfidedignas.com.mx\/#organization"},"image":{"@id":"https:\/\/fuentesfidedignas.com.mx\/index.php\/2022\/06\/10\/juan-de-dios-gamez-la-propuesta-para-alcalde-sustituto-de-culiacan\/#primaryimage"},"thumbnailUrl":"https:\/\/fuentesfidedignas.com.mx\/wp-content\/uploads\/2022\/06\/image_editor_output_image1156258594-1654910442378.jpg","inLanguage":"es","potentialAction":[{"@type":"CommentAction","name":"Comment","target":["https:\/\/fuentesfidedignas.com.mx\/index.php\/2022\/06\/10\/juan-de-dios-gamez-la-propuesta-para-alcalde-sustituto-de-culiacan\/#respond"]}]},{"@type":"WebPage","@id":"https:\/\/fuentesfidedignas.com.mx\/index.php\/2022\/06\/10\/juan-de-dios-gamez-la-propuesta-para-alcalde-sustituto-de-culiacan\/","url":"https:\/\/fuentesfidedignas.com.mx\/index.php\/2022\/06\/10\/juan-de-dios-gamez-la-propuesta-para-alcalde-sustituto-de-culiacan\/","name":"Juan de Dios G\u00e1mez, la propuesta para alcalde sustituto de Culiac\u00e1n - Fuentes Fidedignas","isPartOf":{"@id":"https:\/\/fuentesfidedignas.com.mx\/#website"},"primaryImageOfPage":{"@id":"https:\/\/fuentesfidedignas.com.mx\/index.php\/2022\/06\/10\/juan-de-dios-gamez-la-propuesta-para-alcalde-sustituto-de-culiacan\/#primaryimage"},"image":{"@id":"https:\/\/fuentesfidedignas.com.mx\/index.php\/2022\/06\/10\/juan-de-dios-gamez-la-propuesta-para-alcalde-sustituto-de-culiacan\/#primaryimage"},"thumbnailUrl":"https:\/\/fuentesfidedignas.com.mx\/wp-content\/uploads\/2022\/06\/image_editor_output_image1156258594-1654910442378.jpg","datePublished":"2022-06-11T01:20:16+00:00","dateModified":"2022-06-11T03:06:01+00:00","breadcrumb":{"@id":"https:\/\/fuentesfidedignas.com.mx\/index.php\/2022\/06\/10\/juan-de-dios-gamez-la-propuesta-para-alcalde-sustituto-de-culiacan\/#breadcrumb"},"inLanguage":"es","potentialAction":[{"@type":"ReadAction","target":["https:\/\/fuentesfidedignas.com.mx\/index.php\/2022\/06\/10\/juan-de-dios-gamez-la-propuesta-para-alcalde-sustituto-de-culiacan\/"]}]},{"@type":"ImageObject","inLanguage":"es","@id":"https:\/\/fuentesfidedignas.com.mx\/index.php\/2022\/06\/10\/juan-de-dios-gamez-la-propuesta-para-alcalde-sustituto-de-culiacan\/#primaryimage","url":"https:\/\/fuentesfidedignas.com.mx\/wp-content\/uploads\/2022\/06\/image_editor_output_image1156258594-1654910442378.jpg","contentUrl":"https:\/\/fuentesfidedignas.com.mx\/wp-content\/uploads\/2022\/06\/image_editor_output_image1156258594-1654910442378.jpg","width":1064,"height":893},{"@type":"BreadcrumbList","@id":"https:\/\/fuentesfidedignas.com.mx\/index.php\/2022\/06\/10\/juan-de-dios-gamez-la-propuesta-para-alcalde-sustituto-de-culiacan\/#breadcrumb","itemListElement":[{"@type":"ListItem","position":1,"name":"Inicio","item":"https:\/\/fuentesfidedignas.com.mx\/"},{"@type":"ListItem","position":2,"name":"Juan de Dios G\u00e1mez, la propuesta para alcalde sustituto de Culiac\u00e1n"}]},{"@type":"WebSite","@id":"https:\/\/fuentesfidedignas.com.mx\/#website","url":"https:\/\/fuentesfidedignas.com.mx\/","name":"Fuentes Fidedignas","description":"Otro sitio realizado con WordPress","publisher":{"@id":"https:\/\/fuentesfidedignas.com.mx\/#organization"},"potentialAction":[{"@type":"SearchAction","target":{"@type":"EntryPoint","urlTemplate":"https:\/\/fuentesfidedignas.com.mx\/?s={search_term_string}"},"query-input":{"@type":"PropertyValueSpecification","valueRequired":true,"valueName":"search_term_string"}}],"inLanguage":"es"},{"@type":"Organization","@id":"https:\/\/fuentesfidedignas.com.mx\/#organization","name":"Fuentes Fidedignas","url":"https:\/\/fuentesfidedignas.com.mx\/","logo":{"@type":"ImageObject","inLanguage":"es","@id":"https:\/\/fuentesfidedignas.com.mx\/#\/schema\/logo\/image\/","url":"https:\/\/fuentesfidedignas.com.mx\/wp-content\/uploads\/2021\/04\/logo-retina.png","contentUrl":"https:\/\/fuentesfidedignas.com.mx\/wp-content\/uploads\/2021\/04\/logo-retina.png","width":280,"height":51,"caption":"Fuentes Fidedignas"},"image":{"@id":"https:\/\/fuentesfidedignas.com.mx\/#\/schema\/logo\/image\/"},"sameAs":["https:\/\/www.facebook.com\/Fuentes-Fidedignas-368234489921644","https:\/\/x.com\/fidedignas"]},{"@type":"Person","@id":"https:\/\/fuentesfidedignas.com.mx\/#\/schema\/person\/331be9283d37198e2acd5750279085b0","name":"Redacci\u00f3n","image":{"@type":"ImageObject","inLanguage":"es","@id":"https:\/\/secure.gravatar.com\/avatar\/f6d8782c11d12b2d4ad3fbb6931aeab5309937a4d6cd2fc9cfaa28a6396a5aec?s=96&d=mm&r=g","url":"https:\/\/secure.gravatar.com\/avatar\/f6d8782c11d12b2d4ad3fbb6931aeab5309937a4d6cd2fc9cfaa28a6396a5aec?s=96&d=mm&r=g","contentUrl":"https:\/\/secure.gravatar.com\/avatar\/f6d8782c11d12b2d4ad3fbb6931aeab5309937a4d6cd2fc9cfaa28a6396a5aec?s=96&d=mm&r=g","caption":"Redacci\u00f3n"},"url":"https:\/\/fuentesfidedignas.com.mx\/index.php\/author\/redaccion\/"}]}},"_links":{"self":[{"href":"https:\/\/fuentesfidedignas.com.mx\/index.php\/wp-json\/wp\/v2\/posts\/34050","targetHints":{"allow":["GET"]}}],"collection":[{"href":"https:\/\/fuentesfidedignas.com.mx\/index.php\/wp-json\/wp\/v2\/posts"}],"about":[{"href":"https:\/\/fuentesfidedignas.com.mx\/index.php\/wp-json\/wp\/v2\/types\/post"}],"author":[{"embeddable":true,"href":"https:\/\/fuentesfidedignas.com.mx\/index.php\/wp-json\/wp\/v2\/users\/4"}],"replies":[{"embeddable":true,"href":"https:\/\/fuentesfidedignas.com.mx\/index.php\/wp-json\/wp\/v2\/comments?post=34050"}],"version-history":[{"count":3,"href":"https:\/\/fuentesfidedignas.com.mx\/index.php\/wp-json\/wp\/v2\/posts\/34050\/revisions"}],"predecessor-version":[{"id":34057,"href":"https:\/\/fuentesfidedignas.com.mx\/index.php\/wp-json\/wp\/v2\/posts\/34050\/revisions\/34057"}],"wp:featuredmedia":[{"embeddable":true,"href":"https:\/\/fuentesfidedignas.com.mx\/index.php\/wp-json\/wp\/v2\/media\/34052"}],"wp:attachment":[{"href":"https:\/\/fuentesfidedignas.com.mx\/index.php\/wp-json\/wp\/v2\/media?parent=34050"}],"wp:term":[{"taxonomy":"category","embeddable":true,"href":"https:\/\/fuentesfidedignas.com.mx\/index.php\/wp-json\/wp\/v2\/categories?post=34050"},{"taxonomy":"post_tag","embeddable":true,"href":"https:\/\/fuentesfidedignas.com.mx\/index.php\/wp-json\/wp\/v2\/tags?post=34050"}],"curies":[{"name":"wp","href":"https:\/\/api.w.org\/{rel}","templated":true}]}}