{"id":33994,"date":"2022-06-10T08:19:42","date_gmt":"2022-06-10T14:19:42","guid":{"rendered":"https:\/\/fuentesfidedignas.com.mx\/?p=33994"},"modified":"2022-06-10T08:24:30","modified_gmt":"2022-06-10T14:24:30","slug":"covid-19-36-muertos-y-6-mil-24-casos-en-un-dia-unam-sugiere-que-hacer-para-frenar-la-ola","status":"publish","type":"post","link":"https:\/\/fuentesfidedignas.com.mx\/index.php\/2022\/06\/10\/covid-19-36-muertos-y-6-mil-24-casos-en-un-dia-unam-sugiere-que-hacer-para-frenar-la-ola\/","title":{"rendered":"Covid-19: 36 muertos y 6 mil 24 casos en un d\u00eda; UNAM sugiere qu\u00e9 hacer para frenar la ola"},"content":{"rendered":"\n<p><strong><em>Mauricio Rodr\u00edguez, vocero de la Comisi\u00f3n Universitaria para la Atenci\u00f3n de la Emergencia del Coronavirus de la Universidad Nacional, plante\u00f3 que es necesario romper la cadena de transmisi\u00f3n del coronavirus.<\/em><\/strong><\/p>\n\n\n\n<p>Ciudad de M\u00e9xico.- M\u00e9xico lleg\u00f3 este jueves a 325 mil 91 fallecidos por covid-19 desde que comenz\u00f3 la pandemia, un incremento de 36 decesos en las \u00faltimas 24 horas, report\u00f3 la Secretar\u00eda de Salud (Ssa) federal.<\/p>\n\n\n\n<p>El informe t\u00e9cnico sobre coronavirus correspondiente a este d\u00eda registra que el pa\u00eds alcanz\u00f3 los 5 millones 808 mil 696 casos confirmados, lo que representa un aumento de 6 mil 24 contagios.<\/p>\n\n\n\n<p>Por cuarto d\u00eda consecutivo, indic\u00f3 la Ssa, M\u00e9xico mantiene disponibilidad de 97 por ciento para camas generales y 99 por ciento con respirador mec\u00e1nico para atender casos graves de covid-19.<\/p>\n\n\n\n<p>La dependencia federal destac\u00f3 que en la semana epidemiol\u00f3gica n\u00famero 22, que comprende del 29 al 4 de junio, se registr\u00f3 un promedio diario de dos mil 939 contagios y dos fallecimientos.<\/p>\n\n\n\n<figure class=\"wp-block-embed is-type-rich is-provider-twitter wp-block-embed-twitter\"><div class=\"wp-block-embed__wrapper\">\n<blockquote class=\"twitter-tweet\" data-width=\"550\" data-dnt=\"true\"><p lang=\"es\" dir=\"ltr\">Comunicado T\u00e9cnico Diario <a href=\"https:\/\/twitter.com\/hashtag\/COVID19?src=hash&amp;ref_src=twsrc%5Etfw\">#COVID19<\/a> l 9 de junio del 2022 <br><br>\u27a1\ufe0f <a href=\"https:\/\/t.co\/th1BRyPUtX\">https:\/\/t.co\/th1BRyPUtX<\/a> <a href=\"https:\/\/t.co\/eik8v0WitP\">pic.twitter.com\/eik8v0WitP<\/a><\/p>&mdash; SALUD M\u00e9xico (@SSalud_mx) <a href=\"https:\/\/twitter.com\/SSalud_mx\/status\/1535039822993162246?ref_src=twsrc%5Etfw\">June 9, 2022<\/a><\/blockquote><script async src=\"https:\/\/platform.twitter.com\/widgets.js\" charset=\"utf-8\"><\/script>\n<\/div><figcaption><strong>Retomar las medidas de prevenci\u00f3n<\/strong><br>Mauricio Rodr\u00edguez, vocero de la Comisi\u00f3n Universitaria para la Atenci\u00f3n de la Emergencia del Coronavirus de la UNAM, plante\u00f3 que, ante el alza de contagios registrada en los d\u00edas recientes, es necesario retomar las medidas de prevenci\u00f3n para romper la cadena de transmisi\u00f3n de covid-19 en la comunidad.<br><br>\u201cEstas olas se frenan en la comunidad; a nivel individual tenemos que identificar nuestros riesgos y protegernos con el uso del cubrebocas en todo momento al estar en espacios cerrados con personas de otras casas, al estar enfermos o al convivir con un enfermo.<br><br>\u201cAdem\u00e1s, es momento de volver a usar el cubrebocas en los espacios abiertos y p\u00fablicos, sobre todo donde se pierda la sana distancia y est\u00e9 muy concurrido. Es conveniente usar el cubrebocas a nivel comunitario y estar pendientes de los brotes que haya cerca (la escuela, la oficina, el trabajo, los amigos, los vecinos, etc\u00e9tera), avisar a los contactos de riesgo en caso de estar enfermo y aislarse para evitar contagiar a otros\u201d, a\u00f1adi\u00f3 el especialista en una entrevista publicada en Gaceta UNAM.<br><br>Las razones de esta nueva ola de contagio, explic\u00f3, podr\u00edan estar ligadas a tres factores: \u201cuno puede ser la epidemia tan intensa que han tenido en Estados Unidos durante los \u00faltimos dos meses, que eventualmente termina pas\u00e1ndose a nuestro pa\u00eds y se importan muchos casos; otro es que se van metiendo poco a poco las nuevas variantes o subvariantes, lo cual provoca contagios y reinfecciones, esto amplifica la epidemia, y el relajamiento de las medidas, la sobreconfianza de la poblaci\u00f3n, la fatiga de estar implementando estas medidas tambi\u00e9n favorece los contagios\u201d.<br><br>Mauricio Rodr\u00edguez se\u00f1al\u00f3 que se podr\u00eda esperar una ola con muchos casos, aunque tambi\u00e9n se proyecta \u201cque la mayor\u00eda sean ambulatorios, leves y que se curen sin mayor problema en casa; que haya pocas hospitalizaciones y muy pocas defunciones. Esto lo vamos a lograr con la protecci\u00f3n que ya tenemos gracias a las vacunas y con el diagn\u00f3stico oportuno y aislamiento de los enfermos. Quien no est\u00e9 vacunado y ya le haya tocado a su grupo de edad, que se vacune cuanto antes y quien ya tenga su esquema completo, que se ponga los refuerzos correspondientes de acuerdo a su edad y riesgos\u201d.<br><br>Otra medida de prevenci\u00f3n importante, dijo el experto de la UNAM, est\u00e1 ligada a la automedicaci\u00f3n, algo que deben evitar todos los pacientes que se hayan infectado o sospechen de una posible infecci\u00f3n.<br><br>Es importante \u201cvigilar la evoluci\u00f3n y no automedicarse, no usar ivermectina, azitromicina, antibi\u00f3ticos ni hidroxicloroquina porque no tienen utilidad contra la covid-19; tampoco se deben usar la dexametasona ni los anticoagulantes sin supervisi\u00f3n m\u00e9dica. Lo principal es el control de la fiebre y el dolor, as\u00ed como procurar reposo, hidrataci\u00f3n y una adecuada alimentaci\u00f3n\u201d.<\/figcaption><\/figure>\n","protected":false},"excerpt":{"rendered":"<p>Mauricio Rodr\u00edguez, vocero de la Comisi\u00f3n Universitaria para la Atenci\u00f3n de la Emergencia del Coronavirus de la Universidad Nacional, plante\u00f3 que es necesario romper la cadena de transmisi\u00f3n del coronavirus. Ciudad de M\u00e9xico.- M\u00e9xico lleg\u00f3 este jueves a 325 mil 91 fallecidos por covid-19 desde que comenz\u00f3 la pandemia, un incremento de 36 decesos en [&hellip;]<\/p>\n","protected":false},"author":50,"featured_media":20007,"comment_status":"open","ping_status":"open","sticky":false,"template":"","format":"standard","meta":{"tdm_status":"","tdm_grid_status":"","footnotes":""},"categories":[1],"tags":[247,332,416,508,407,193],"class_list":{"0":"post-33994","1":"post","2":"type-post","3":"status-publish","4":"format-standard","5":"has-post-thumbnail","7":"category-sin-categoria","8":"tag-amlo","9":"tag-coronavirus","10":"tag-sars-cov-2","11":"tag-unam","12":"tag-vacuna-anticovid","13":"tag-viral"},"yoast_head":"<!-- This site is optimized with the Yoast SEO plugin v27.4 - https:\/\/yoast.com\/product\/yoast-seo-wordpress\/ -->\n<title>Covid-19: 36 muertos y 6 mil 24 casos en un d\u00eda; UNAM sugiere qu\u00e9 hacer para frenar la ola - Fuentes Fidedignas<\/title>\n<meta name=\"robots\" content=\"index, follow, max-snippet:-1, max-image-preview:large, max-video-preview:-1\" \/>\n<link rel=\"canonical\" href=\"https:\/\/fuentesfidedignas.com.mx\/index.php\/2022\/06\/10\/covid-19-36-muertos-y-6-mil-24-casos-en-un-dia-unam-sugiere-que-hacer-para-frenar-la-ola\/\" \/>\n<meta property=\"og:locale\" content=\"es_MX\" \/>\n<meta property=\"og:type\" content=\"article\" \/>\n<meta property=\"og:title\" content=\"Covid-19: 36 muertos y 6 mil 24 casos en un d\u00eda; UNAM sugiere qu\u00e9 hacer para frenar la ola - Fuentes Fidedignas\" \/>\n<meta property=\"og:description\" content=\"Mauricio Rodr\u00edguez, vocero de la Comisi\u00f3n Universitaria para la Atenci\u00f3n de la Emergencia del Coronavirus de la Universidad Nacional, plante\u00f3 que es necesario romper la cadena de transmisi\u00f3n del coronavirus. Ciudad de M\u00e9xico.- M\u00e9xico lleg\u00f3 este jueves a 325 mil 91 fallecidos por covid-19 desde que comenz\u00f3 la pandemia, un incremento de 36 decesos en [&hellip;]\" \/>\n<meta property=\"og:url\" content=\"https:\/\/fuentesfidedignas.com.mx\/index.php\/2022\/06\/10\/covid-19-36-muertos-y-6-mil-24-casos-en-un-dia-unam-sugiere-que-hacer-para-frenar-la-ola\/\" \/>\n<meta property=\"og:site_name\" content=\"Fuentes Fidedignas\" \/>\n<meta property=\"article:publisher\" content=\"https:\/\/www.facebook.com\/Fuentes-Fidedignas-368234489921644\" \/>\n<meta property=\"article:published_time\" content=\"2022-06-10T14:19:42+00:00\" \/>\n<meta property=\"article:modified_time\" content=\"2022-06-10T14:24:30+00:00\" \/>\n<meta property=\"og:image\" content=\"https:\/\/fuentesfidedignas.com.mx\/wp-content\/uploads\/2021\/12\/PRUEBA_COVID1.jpg\" \/>\n\t<meta property=\"og:image:width\" content=\"800\" \/>\n\t<meta property=\"og:image:height\" content=\"600\" \/>\n\t<meta property=\"og:image:type\" content=\"image\/jpeg\" \/>\n<meta name=\"author\" content=\"Proceso\" \/>\n<meta name=\"twitter:card\" content=\"summary_large_image\" \/>\n<meta name=\"twitter:creator\" content=\"@fidedignas\" \/>\n<meta name=\"twitter:site\" content=\"@fidedignas\" \/>\n<meta name=\"twitter:label1\" content=\"Escrito por\" \/>\n\t<meta name=\"twitter:data1\" content=\"Proceso\" \/>\n\t<meta name=\"twitter:label2\" content=\"Tiempo de lectura\" \/>\n\t<meta name=\"twitter:data2\" content=\"3 minutos\" \/>\n<script type=\"application\/ld+json\" class=\"yoast-schema-graph\">{\"@context\":\"https:\\\/\\\/schema.org\",\"@graph\":[{\"@type\":\"Article\",\"@id\":\"https:\\\/\\\/fuentesfidedignas.com.mx\\\/index.php\\\/2022\\\/06\\\/10\\\/covid-19-36-muertos-y-6-mil-24-casos-en-un-dia-unam-sugiere-que-hacer-para-frenar-la-ola\\\/#article\",\"isPartOf\":{\"@id\":\"https:\\\/\\\/fuentesfidedignas.com.mx\\\/index.php\\\/2022\\\/06\\\/10\\\/covid-19-36-muertos-y-6-mil-24-casos-en-un-dia-unam-sugiere-que-hacer-para-frenar-la-ola\\\/\"},\"author\":{\"name\":\"Proceso\",\"@id\":\"https:\\\/\\\/fuentesfidedignas.com.mx\\\/#\\\/schema\\\/person\\\/eb72247ff123b3ce5e4cadc7f50ae372\"},\"headline\":\"Covid-19: 36 muertos y 6 mil 24 casos en un d\u00eda; UNAM sugiere qu\u00e9 hacer para frenar la ola\",\"datePublished\":\"2022-06-10T14:19:42+00:00\",\"dateModified\":\"2022-06-10T14:24:30+00:00\",\"mainEntityOfPage\":{\"@id\":\"https:\\\/\\\/fuentesfidedignas.com.mx\\\/index.php\\\/2022\\\/06\\\/10\\\/covid-19-36-muertos-y-6-mil-24-casos-en-un-dia-unam-sugiere-que-hacer-para-frenar-la-ola\\\/\"},\"wordCount\":707,\"commentCount\":0,\"publisher\":{\"@id\":\"https:\\\/\\\/fuentesfidedignas.com.mx\\\/#organization\"},\"image\":{\"@id\":\"https:\\\/\\\/fuentesfidedignas.com.mx\\\/index.php\\\/2022\\\/06\\\/10\\\/covid-19-36-muertos-y-6-mil-24-casos-en-un-dia-unam-sugiere-que-hacer-para-frenar-la-ola\\\/#primaryimage\"},\"thumbnailUrl\":\"https:\\\/\\\/fuentesfidedignas.com.mx\\\/wp-content\\\/uploads\\\/2021\\\/12\\\/PRUEBA_COVID1.jpg\",\"keywords\":[\"AMLO\",\"Coronavirus\",\"SARS-CoV-2\",\"UNAM\",\"Vacuna anticovid\",\"Viral\"],\"inLanguage\":\"es\",\"potentialAction\":[{\"@type\":\"CommentAction\",\"name\":\"Comment\",\"target\":[\"https:\\\/\\\/fuentesfidedignas.com.mx\\\/index.php\\\/2022\\\/06\\\/10\\\/covid-19-36-muertos-y-6-mil-24-casos-en-un-dia-unam-sugiere-que-hacer-para-frenar-la-ola\\\/#respond\"]}]},{\"@type\":\"WebPage\",\"@id\":\"https:\\\/\\\/fuentesfidedignas.com.mx\\\/index.php\\\/2022\\\/06\\\/10\\\/covid-19-36-muertos-y-6-mil-24-casos-en-un-dia-unam-sugiere-que-hacer-para-frenar-la-ola\\\/\",\"url\":\"https:\\\/\\\/fuentesfidedignas.com.mx\\\/index.php\\\/2022\\\/06\\\/10\\\/covid-19-36-muertos-y-6-mil-24-casos-en-un-dia-unam-sugiere-que-hacer-para-frenar-la-ola\\\/\",\"name\":\"Covid-19: 36 muertos y 6 mil 24 casos en un d\u00eda; UNAM sugiere qu\u00e9 hacer para frenar la ola - Fuentes Fidedignas\",\"isPartOf\":{\"@id\":\"https:\\\/\\\/fuentesfidedignas.com.mx\\\/#website\"},\"primaryImageOfPage\":{\"@id\":\"https:\\\/\\\/fuentesfidedignas.com.mx\\\/index.php\\\/2022\\\/06\\\/10\\\/covid-19-36-muertos-y-6-mil-24-casos-en-un-dia-unam-sugiere-que-hacer-para-frenar-la-ola\\\/#primaryimage\"},\"image\":{\"@id\":\"https:\\\/\\\/fuentesfidedignas.com.mx\\\/index.php\\\/2022\\\/06\\\/10\\\/covid-19-36-muertos-y-6-mil-24-casos-en-un-dia-unam-sugiere-que-hacer-para-frenar-la-ola\\\/#primaryimage\"},\"thumbnailUrl\":\"https:\\\/\\\/fuentesfidedignas.com.mx\\\/wp-content\\\/uploads\\\/2021\\\/12\\\/PRUEBA_COVID1.jpg\",\"datePublished\":\"2022-06-10T14:19:42+00:00\",\"dateModified\":\"2022-06-10T14:24:30+00:00\",\"breadcrumb\":{\"@id\":\"https:\\\/\\\/fuentesfidedignas.com.mx\\\/index.php\\\/2022\\\/06\\\/10\\\/covid-19-36-muertos-y-6-mil-24-casos-en-un-dia-unam-sugiere-que-hacer-para-frenar-la-ola\\\/#breadcrumb\"},\"inLanguage\":\"es\",\"potentialAction\":[{\"@type\":\"ReadAction\",\"target\":[\"https:\\\/\\\/fuentesfidedignas.com.mx\\\/index.php\\\/2022\\\/06\\\/10\\\/covid-19-36-muertos-y-6-mil-24-casos-en-un-dia-unam-sugiere-que-hacer-para-frenar-la-ola\\\/\"]}]},{\"@type\":\"ImageObject\",\"inLanguage\":\"es\",\"@id\":\"https:\\\/\\\/fuentesfidedignas.com.mx\\\/index.php\\\/2022\\\/06\\\/10\\\/covid-19-36-muertos-y-6-mil-24-casos-en-un-dia-unam-sugiere-que-hacer-para-frenar-la-ola\\\/#primaryimage\",\"url\":\"https:\\\/\\\/fuentesfidedignas.com.mx\\\/wp-content\\\/uploads\\\/2021\\\/12\\\/PRUEBA_COVID1.jpg\",\"contentUrl\":\"https:\\\/\\\/fuentesfidedignas.com.mx\\\/wp-content\\\/uploads\\\/2021\\\/12\\\/PRUEBA_COVID1.jpg\",\"width\":800,\"height\":600},{\"@type\":\"BreadcrumbList\",\"@id\":\"https:\\\/\\\/fuentesfidedignas.com.mx\\\/index.php\\\/2022\\\/06\\\/10\\\/covid-19-36-muertos-y-6-mil-24-casos-en-un-dia-unam-sugiere-que-hacer-para-frenar-la-ola\\\/#breadcrumb\",\"itemListElement\":[{\"@type\":\"ListItem\",\"position\":1,\"name\":\"Inicio\",\"item\":\"https:\\\/\\\/fuentesfidedignas.com.mx\\\/\"},{\"@type\":\"ListItem\",\"position\":2,\"name\":\"Covid-19: 36 muertos y 6 mil 24 casos en un d\u00eda; UNAM sugiere qu\u00e9 hacer para frenar la ola\"}]},{\"@type\":\"WebSite\",\"@id\":\"https:\\\/\\\/fuentesfidedignas.com.mx\\\/#website\",\"url\":\"https:\\\/\\\/fuentesfidedignas.com.mx\\\/\",\"name\":\"Fuentes Fidedignas\",\"description\":\"Otro sitio realizado con WordPress\",\"publisher\":{\"@id\":\"https:\\\/\\\/fuentesfidedignas.com.mx\\\/#organization\"},\"potentialAction\":[{\"@type\":\"SearchAction\",\"target\":{\"@type\":\"EntryPoint\",\"urlTemplate\":\"https:\\\/\\\/fuentesfidedignas.com.mx\\\/?s={search_term_string}\"},\"query-input\":{\"@type\":\"PropertyValueSpecification\",\"valueRequired\":true,\"valueName\":\"search_term_string\"}}],\"inLanguage\":\"es\"},{\"@type\":\"Organization\",\"@id\":\"https:\\\/\\\/fuentesfidedignas.com.mx\\\/#organization\",\"name\":\"Fuentes Fidedignas\",\"url\":\"https:\\\/\\\/fuentesfidedignas.com.mx\\\/\",\"logo\":{\"@type\":\"ImageObject\",\"inLanguage\":\"es\",\"@id\":\"https:\\\/\\\/fuentesfidedignas.com.mx\\\/#\\\/schema\\\/logo\\\/image\\\/\",\"url\":\"https:\\\/\\\/fuentesfidedignas.com.mx\\\/wp-content\\\/uploads\\\/2021\\\/04\\\/logo-retina.png\",\"contentUrl\":\"https:\\\/\\\/fuentesfidedignas.com.mx\\\/wp-content\\\/uploads\\\/2021\\\/04\\\/logo-retina.png\",\"width\":280,\"height\":51,\"caption\":\"Fuentes Fidedignas\"},\"image\":{\"@id\":\"https:\\\/\\\/fuentesfidedignas.com.mx\\\/#\\\/schema\\\/logo\\\/image\\\/\"},\"sameAs\":[\"https:\\\/\\\/www.facebook.com\\\/Fuentes-Fidedignas-368234489921644\",\"https:\\\/\\\/x.com\\\/fidedignas\"]},{\"@type\":\"Person\",\"@id\":\"https:\\\/\\\/fuentesfidedignas.com.mx\\\/#\\\/schema\\\/person\\\/eb72247ff123b3ce5e4cadc7f50ae372\",\"name\":\"Proceso\",\"image\":{\"@type\":\"ImageObject\",\"inLanguage\":\"es\",\"@id\":\"https:\\\/\\\/secure.gravatar.com\\\/avatar\\\/0bb01ecb091d50a46122cbe5cc32ffea15a000f83628f1e40458e669d38ff2cd?s=96&d=mm&r=g\",\"url\":\"https:\\\/\\\/secure.gravatar.com\\\/avatar\\\/0bb01ecb091d50a46122cbe5cc32ffea15a000f83628f1e40458e669d38ff2cd?s=96&d=mm&r=g\",\"contentUrl\":\"https:\\\/\\\/secure.gravatar.com\\\/avatar\\\/0bb01ecb091d50a46122cbe5cc32ffea15a000f83628f1e40458e669d38ff2cd?s=96&d=mm&r=g\",\"caption\":\"Proceso\"},\"url\":\"https:\\\/\\\/fuentesfidedignas.com.mx\\\/index.php\\\/author\\\/proceso\\\/\"}]}<\/script>\n<!-- \/ Yoast SEO plugin. -->","yoast_head_json":{"title":"Covid-19: 36 muertos y 6 mil 24 casos en un d\u00eda; UNAM sugiere qu\u00e9 hacer para frenar la ola - Fuentes Fidedignas","robots":{"index":"index","follow":"follow","max-snippet":"max-snippet:-1","max-image-preview":"max-image-preview:large","max-video-preview":"max-video-preview:-1"},"canonical":"https:\/\/fuentesfidedignas.com.mx\/index.php\/2022\/06\/10\/covid-19-36-muertos-y-6-mil-24-casos-en-un-dia-unam-sugiere-que-hacer-para-frenar-la-ola\/","og_locale":"es_MX","og_type":"article","og_title":"Covid-19: 36 muertos y 6 mil 24 casos en un d\u00eda; UNAM sugiere qu\u00e9 hacer para frenar la ola - Fuentes Fidedignas","og_description":"Mauricio Rodr\u00edguez, vocero de la Comisi\u00f3n Universitaria para la Atenci\u00f3n de la Emergencia del Coronavirus de la Universidad Nacional, plante\u00f3 que es necesario romper la cadena de transmisi\u00f3n del coronavirus. Ciudad de M\u00e9xico.- M\u00e9xico lleg\u00f3 este jueves a 325 mil 91 fallecidos por covid-19 desde que comenz\u00f3 la pandemia, un incremento de 36 decesos en [&hellip;]","og_url":"https:\/\/fuentesfidedignas.com.mx\/index.php\/2022\/06\/10\/covid-19-36-muertos-y-6-mil-24-casos-en-un-dia-unam-sugiere-que-hacer-para-frenar-la-ola\/","og_site_name":"Fuentes Fidedignas","article_publisher":"https:\/\/www.facebook.com\/Fuentes-Fidedignas-368234489921644","article_published_time":"2022-06-10T14:19:42+00:00","article_modified_time":"2022-06-10T14:24:30+00:00","og_image":[{"width":800,"height":600,"url":"https:\/\/fuentesfidedignas.com.mx\/wp-content\/uploads\/2021\/12\/PRUEBA_COVID1.jpg","type":"image\/jpeg"}],"author":"Proceso","twitter_card":"summary_large_image","twitter_creator":"@fidedignas","twitter_site":"@fidedignas","twitter_misc":{"Escrito por":"Proceso","Tiempo de lectura":"3 minutos"},"schema":{"@context":"https:\/\/schema.org","@graph":[{"@type":"Article","@id":"https:\/\/fuentesfidedignas.com.mx\/index.php\/2022\/06\/10\/covid-19-36-muertos-y-6-mil-24-casos-en-un-dia-unam-sugiere-que-hacer-para-frenar-la-ola\/#article","isPartOf":{"@id":"https:\/\/fuentesfidedignas.com.mx\/index.php\/2022\/06\/10\/covid-19-36-muertos-y-6-mil-24-casos-en-un-dia-unam-sugiere-que-hacer-para-frenar-la-ola\/"},"author":{"name":"Proceso","@id":"https:\/\/fuentesfidedignas.com.mx\/#\/schema\/person\/eb72247ff123b3ce5e4cadc7f50ae372"},"headline":"Covid-19: 36 muertos y 6 mil 24 casos en un d\u00eda; UNAM sugiere qu\u00e9 hacer para frenar la ola","datePublished":"2022-06-10T14:19:42+00:00","dateModified":"2022-06-10T14:24:30+00:00","mainEntityOfPage":{"@id":"https:\/\/fuentesfidedignas.com.mx\/index.php\/2022\/06\/10\/covid-19-36-muertos-y-6-mil-24-casos-en-un-dia-unam-sugiere-que-hacer-para-frenar-la-ola\/"},"wordCount":707,"commentCount":0,"publisher":{"@id":"https:\/\/fuentesfidedignas.com.mx\/#organization"},"image":{"@id":"https:\/\/fuentesfidedignas.com.mx\/index.php\/2022\/06\/10\/covid-19-36-muertos-y-6-mil-24-casos-en-un-dia-unam-sugiere-que-hacer-para-frenar-la-ola\/#primaryimage"},"thumbnailUrl":"https:\/\/fuentesfidedignas.com.mx\/wp-content\/uploads\/2021\/12\/PRUEBA_COVID1.jpg","keywords":["AMLO","Coronavirus","SARS-CoV-2","UNAM","Vacuna anticovid","Viral"],"inLanguage":"es","potentialAction":[{"@type":"CommentAction","name":"Comment","target":["https:\/\/fuentesfidedignas.com.mx\/index.php\/2022\/06\/10\/covid-19-36-muertos-y-6-mil-24-casos-en-un-dia-unam-sugiere-que-hacer-para-frenar-la-ola\/#respond"]}]},{"@type":"WebPage","@id":"https:\/\/fuentesfidedignas.com.mx\/index.php\/2022\/06\/10\/covid-19-36-muertos-y-6-mil-24-casos-en-un-dia-unam-sugiere-que-hacer-para-frenar-la-ola\/","url":"https:\/\/fuentesfidedignas.com.mx\/index.php\/2022\/06\/10\/covid-19-36-muertos-y-6-mil-24-casos-en-un-dia-unam-sugiere-que-hacer-para-frenar-la-ola\/","name":"Covid-19: 36 muertos y 6 mil 24 casos en un d\u00eda; UNAM sugiere qu\u00e9 hacer para frenar la ola - Fuentes Fidedignas","isPartOf":{"@id":"https:\/\/fuentesfidedignas.com.mx\/#website"},"primaryImageOfPage":{"@id":"https:\/\/fuentesfidedignas.com.mx\/index.php\/2022\/06\/10\/covid-19-36-muertos-y-6-mil-24-casos-en-un-dia-unam-sugiere-que-hacer-para-frenar-la-ola\/#primaryimage"},"image":{"@id":"https:\/\/fuentesfidedignas.com.mx\/index.php\/2022\/06\/10\/covid-19-36-muertos-y-6-mil-24-casos-en-un-dia-unam-sugiere-que-hacer-para-frenar-la-ola\/#primaryimage"},"thumbnailUrl":"https:\/\/fuentesfidedignas.com.mx\/wp-content\/uploads\/2021\/12\/PRUEBA_COVID1.jpg","datePublished":"2022-06-10T14:19:42+00:00","dateModified":"2022-06-10T14:24:30+00:00","breadcrumb":{"@id":"https:\/\/fuentesfidedignas.com.mx\/index.php\/2022\/06\/10\/covid-19-36-muertos-y-6-mil-24-casos-en-un-dia-unam-sugiere-que-hacer-para-frenar-la-ola\/#breadcrumb"},"inLanguage":"es","potentialAction":[{"@type":"ReadAction","target":["https:\/\/fuentesfidedignas.com.mx\/index.php\/2022\/06\/10\/covid-19-36-muertos-y-6-mil-24-casos-en-un-dia-unam-sugiere-que-hacer-para-frenar-la-ola\/"]}]},{"@type":"ImageObject","inLanguage":"es","@id":"https:\/\/fuentesfidedignas.com.mx\/index.php\/2022\/06\/10\/covid-19-36-muertos-y-6-mil-24-casos-en-un-dia-unam-sugiere-que-hacer-para-frenar-la-ola\/#primaryimage","url":"https:\/\/fuentesfidedignas.com.mx\/wp-content\/uploads\/2021\/12\/PRUEBA_COVID1.jpg","contentUrl":"https:\/\/fuentesfidedignas.com.mx\/wp-content\/uploads\/2021\/12\/PRUEBA_COVID1.jpg","width":800,"height":600},{"@type":"BreadcrumbList","@id":"https:\/\/fuentesfidedignas.com.mx\/index.php\/2022\/06\/10\/covid-19-36-muertos-y-6-mil-24-casos-en-un-dia-unam-sugiere-que-hacer-para-frenar-la-ola\/#breadcrumb","itemListElement":[{"@type":"ListItem","position":1,"name":"Inicio","item":"https:\/\/fuentesfidedignas.com.mx\/"},{"@type":"ListItem","position":2,"name":"Covid-19: 36 muertos y 6 mil 24 casos en un d\u00eda; UNAM sugiere qu\u00e9 hacer para frenar la ola"}]},{"@type":"WebSite","@id":"https:\/\/fuentesfidedignas.com.mx\/#website","url":"https:\/\/fuentesfidedignas.com.mx\/","name":"Fuentes Fidedignas","description":"Otro sitio realizado con WordPress","publisher":{"@id":"https:\/\/fuentesfidedignas.com.mx\/#organization"},"potentialAction":[{"@type":"SearchAction","target":{"@type":"EntryPoint","urlTemplate":"https:\/\/fuentesfidedignas.com.mx\/?s={search_term_string}"},"query-input":{"@type":"PropertyValueSpecification","valueRequired":true,"valueName":"search_term_string"}}],"inLanguage":"es"},{"@type":"Organization","@id":"https:\/\/fuentesfidedignas.com.mx\/#organization","name":"Fuentes Fidedignas","url":"https:\/\/fuentesfidedignas.com.mx\/","logo":{"@type":"ImageObject","inLanguage":"es","@id":"https:\/\/fuentesfidedignas.com.mx\/#\/schema\/logo\/image\/","url":"https:\/\/fuentesfidedignas.com.mx\/wp-content\/uploads\/2021\/04\/logo-retina.png","contentUrl":"https:\/\/fuentesfidedignas.com.mx\/wp-content\/uploads\/2021\/04\/logo-retina.png","width":280,"height":51,"caption":"Fuentes Fidedignas"},"image":{"@id":"https:\/\/fuentesfidedignas.com.mx\/#\/schema\/logo\/image\/"},"sameAs":["https:\/\/www.facebook.com\/Fuentes-Fidedignas-368234489921644","https:\/\/x.com\/fidedignas"]},{"@type":"Person","@id":"https:\/\/fuentesfidedignas.com.mx\/#\/schema\/person\/eb72247ff123b3ce5e4cadc7f50ae372","name":"Proceso","image":{"@type":"ImageObject","inLanguage":"es","@id":"https:\/\/secure.gravatar.com\/avatar\/0bb01ecb091d50a46122cbe5cc32ffea15a000f83628f1e40458e669d38ff2cd?s=96&d=mm&r=g","url":"https:\/\/secure.gravatar.com\/avatar\/0bb01ecb091d50a46122cbe5cc32ffea15a000f83628f1e40458e669d38ff2cd?s=96&d=mm&r=g","contentUrl":"https:\/\/secure.gravatar.com\/avatar\/0bb01ecb091d50a46122cbe5cc32ffea15a000f83628f1e40458e669d38ff2cd?s=96&d=mm&r=g","caption":"Proceso"},"url":"https:\/\/fuentesfidedignas.com.mx\/index.php\/author\/proceso\/"}]}},"_links":{"self":[{"href":"https:\/\/fuentesfidedignas.com.mx\/index.php\/wp-json\/wp\/v2\/posts\/33994","targetHints":{"allow":["GET"]}}],"collection":[{"href":"https:\/\/fuentesfidedignas.com.mx\/index.php\/wp-json\/wp\/v2\/posts"}],"about":[{"href":"https:\/\/fuentesfidedignas.com.mx\/index.php\/wp-json\/wp\/v2\/types\/post"}],"author":[{"embeddable":true,"href":"https:\/\/fuentesfidedignas.com.mx\/index.php\/wp-json\/wp\/v2\/users\/50"}],"replies":[{"embeddable":true,"href":"https:\/\/fuentesfidedignas.com.mx\/index.php\/wp-json\/wp\/v2\/comments?post=33994"}],"version-history":[{"count":1,"href":"https:\/\/fuentesfidedignas.com.mx\/index.php\/wp-json\/wp\/v2\/posts\/33994\/revisions"}],"predecessor-version":[{"id":33995,"href":"https:\/\/fuentesfidedignas.com.mx\/index.php\/wp-json\/wp\/v2\/posts\/33994\/revisions\/33995"}],"wp:featuredmedia":[{"embeddable":true,"href":"https:\/\/fuentesfidedignas.com.mx\/index.php\/wp-json\/wp\/v2\/media\/20007"}],"wp:attachment":[{"href":"https:\/\/fuentesfidedignas.com.mx\/index.php\/wp-json\/wp\/v2\/media?parent=33994"}],"wp:term":[{"taxonomy":"category","embeddable":true,"href":"https:\/\/fuentesfidedignas.com.mx\/index.php\/wp-json\/wp\/v2\/categories?post=33994"},{"taxonomy":"post_tag","embeddable":true,"href":"https:\/\/fuentesfidedignas.com.mx\/index.php\/wp-json\/wp\/v2\/tags?post=33994"}],"curies":[{"name":"wp","href":"https:\/\/api.w.org\/{rel}","templated":true}]}}