{"id":33977,"date":"2022-06-10T06:44:48","date_gmt":"2022-06-10T12:44:48","guid":{"rendered":"https:\/\/fuentesfidedignas.com.mx\/?p=33977"},"modified":"2022-06-10T06:44:49","modified_gmt":"2022-06-10T12:44:49","slug":"pareja-se-vuelve-viral-por-el-outfit-que-usaron-en-su-boda-civil","status":"publish","type":"post","link":"https:\/\/fuentesfidedignas.com.mx\/index.php\/2022\/06\/10\/pareja-se-vuelve-viral-por-el-outfit-que-usaron-en-su-boda-civil\/","title":{"rendered":"Pareja se vuelve viral por el outfit que usaron en su boda civil"},"content":{"rendered":"\n<p><strong><em>El sombrero de la novia fue lo que m\u00e1s llam\u00f3 la atenci\u00f3n en redes sociales.<\/em><\/strong><\/p>\n\n\n\n<p>Ciudad de M\u00e9xico.- Una pareja que se cas\u00f3 por el civil en Nuevo Laredo, Tamaulipas, se volvi\u00f3 viral gracias al outfit que usaron.<\/p>\n\n\n\n<p>Para difundir la campa\u00f1a de matrimonios colectivos que se realiza en varias oficinas del Registro Civil en Tamaulipas, los gobiernos municipales y los DIF del estado est\u00e1n publicando en sus redes sociales las fotograf\u00edas de algunas parejas que se han casado por medio de este programa.<\/p>\n\n\n\n<p>Sin embargo, la foto de una de estas bodas por el civil llam\u00f3 particularmente la atenci\u00f3n de los internautas debido al outfit de los novios.<\/p>\n\n\n\n<p>La imagen fue tomada en Nuevo Laredo y fue difundida por la p\u00e1gina de Facebook de ese municipio. En ella aparecen Amber y Carlos, quienes causaron sensaci\u00f3n por ir vestidos de negro y por el sombrero de la novia, que fue lo que termin\u00f3 acaparando los comentarios.<\/p>\n\n\n\n<iframe loading=\"lazy\" src=\"https:\/\/www.facebook.com\/plugins\/post.php?href=https%3A%2F%2Fwww.facebook.com%2Fphoto.php%3Ffbid%3D383592907142711%26set%3Da.353944166774252%26type%3D3&#038;show_text=true&#038;width=500\" width=\"500\" height=\"398\" style=\"border:none;overflow:hidden\" scrolling=\"no\" frameborder=\"0\" allowfullscreen=\"true\" allow=\"autoplay; clipboard-write; encrypted-media; picture-in-picture; web-share\"><\/iframe>\n\n\n\n\n\n<p>Al ver todas las felicitaciones y elogios que recibi\u00f3 por su vestuario, Amber se\u00f1al\u00f3 en su perfil de Facebook que un d\u00eda antes de la boda hab\u00eda llorado pues no sab\u00eda si se ver\u00eda bien con la ropa y sombrero que eligi\u00f3.<\/p>\n\n\n\n<p>\u201cGente que ni me conoce dici\u00e9ndome que me ve\u00eda muy linda, muy original, que les gusto mi sombrero (\u2026) Nomas me puse eso porque Carlos me dijo que me ve\u00eda muy linda.. siento muy bonito que a todos les haya gustado como me ve\u00eda, sobre todo a mi esposo\u201d.<\/p>\n","protected":false},"excerpt":{"rendered":"<p>El sombrero de la novia fue lo que m\u00e1s llam\u00f3 la atenci\u00f3n en redes sociales. Ciudad de M\u00e9xico.- Una pareja que se cas\u00f3 por el civil en Nuevo Laredo, Tamaulipas, se volvi\u00f3 viral gracias al outfit que usaron. Para difundir la campa\u00f1a de matrimonios colectivos que se realiza en varias oficinas del Registro Civil en [&hellip;]<\/p>\n","protected":false},"author":46,"featured_media":33980,"comment_status":"open","ping_status":"open","sticky":false,"template":"","format":"standard","meta":{"tdm_status":"","tdm_grid_status":"","footnotes":""},"categories":[40],"tags":[290,193],"class_list":{"0":"post-33977","1":"post","2":"type-post","3":"status-publish","4":"format-standard","5":"has-post-thumbnail","7":"category-las-asombrosas","8":"tag-asombrosa","9":"tag-viral"},"yoast_head":"<!-- This site is optimized with the Yoast SEO plugin v27.5 - https:\/\/yoast.com\/product\/yoast-seo-wordpress\/ -->\n<title>Pareja se vuelve viral por el outfit que usaron en su boda civil - Fuentes Fidedignas<\/title>\n<meta name=\"robots\" content=\"index, follow, max-snippet:-1, max-image-preview:large, max-video-preview:-1\" \/>\n<link rel=\"canonical\" href=\"https:\/\/fuentesfidedignas.com.mx\/index.php\/2022\/06\/10\/pareja-se-vuelve-viral-por-el-outfit-que-usaron-en-su-boda-civil\/\" \/>\n<meta property=\"og:locale\" content=\"es_MX\" \/>\n<meta property=\"og:type\" content=\"article\" \/>\n<meta property=\"og:title\" content=\"Pareja se vuelve viral por el outfit que usaron en su boda civil - Fuentes Fidedignas\" \/>\n<meta property=\"og:description\" content=\"El sombrero de la novia fue lo que m\u00e1s llam\u00f3 la atenci\u00f3n en redes sociales. Ciudad de M\u00e9xico.- Una pareja que se cas\u00f3 por el civil en Nuevo Laredo, Tamaulipas, se volvi\u00f3 viral gracias al outfit que usaron. Para difundir la campa\u00f1a de matrimonios colectivos que se realiza en varias oficinas del Registro Civil en [&hellip;]\" \/>\n<meta property=\"og:url\" content=\"https:\/\/fuentesfidedignas.com.mx\/index.php\/2022\/06\/10\/pareja-se-vuelve-viral-por-el-outfit-que-usaron-en-su-boda-civil\/\" \/>\n<meta property=\"og:site_name\" content=\"Fuentes Fidedignas\" \/>\n<meta property=\"article:publisher\" content=\"https:\/\/www.facebook.com\/Fuentes-Fidedignas-368234489921644\" \/>\n<meta property=\"article:published_time\" content=\"2022-06-10T12:44:48+00:00\" \/>\n<meta property=\"article:modified_time\" content=\"2022-06-10T12:44:49+00:00\" \/>\n<meta property=\"og:image\" content=\"https:\/\/fuentesfidedignas.com.mx\/wp-content\/uploads\/2022\/06\/PAREJA_NEGRO.jpg\" \/>\n\t<meta property=\"og:image:width\" content=\"720\" \/>\n\t<meta property=\"og:image:height\" content=\"574\" \/>\n\t<meta property=\"og:image:type\" content=\"image\/jpeg\" \/>\n<meta name=\"author\" content=\"Noticieros Televisa\" \/>\n<meta name=\"twitter:card\" content=\"summary_large_image\" \/>\n<meta name=\"twitter:creator\" content=\"@fidedignas\" \/>\n<meta name=\"twitter:site\" content=\"@fidedignas\" \/>\n<meta name=\"twitter:label1\" content=\"Escrito por\" \/>\n\t<meta name=\"twitter:data1\" content=\"Noticieros Televisa\" \/>\n\t<meta name=\"twitter:label2\" content=\"Tiempo de lectura\" \/>\n\t<meta name=\"twitter:data2\" content=\"2 minutos\" \/>\n<script type=\"application\/ld+json\" class=\"yoast-schema-graph\">{\"@context\":\"https:\\\/\\\/schema.org\",\"@graph\":[{\"@type\":\"Article\",\"@id\":\"https:\\\/\\\/fuentesfidedignas.com.mx\\\/index.php\\\/2022\\\/06\\\/10\\\/pareja-se-vuelve-viral-por-el-outfit-que-usaron-en-su-boda-civil\\\/#article\",\"isPartOf\":{\"@id\":\"https:\\\/\\\/fuentesfidedignas.com.mx\\\/index.php\\\/2022\\\/06\\\/10\\\/pareja-se-vuelve-viral-por-el-outfit-que-usaron-en-su-boda-civil\\\/\"},\"author\":{\"name\":\"Noticieros Televisa\",\"@id\":\"https:\\\/\\\/fuentesfidedignas.com.mx\\\/#\\\/schema\\\/person\\\/f030e42657a5a464a8bbd891b1aab6ee\"},\"headline\":\"Pareja se vuelve viral por el outfit que usaron en su boda civil\",\"datePublished\":\"2022-06-10T12:44:48+00:00\",\"dateModified\":\"2022-06-10T12:44:49+00:00\",\"mainEntityOfPage\":{\"@id\":\"https:\\\/\\\/fuentesfidedignas.com.mx\\\/index.php\\\/2022\\\/06\\\/10\\\/pareja-se-vuelve-viral-por-el-outfit-que-usaron-en-su-boda-civil\\\/\"},\"wordCount\":278,\"commentCount\":0,\"publisher\":{\"@id\":\"https:\\\/\\\/fuentesfidedignas.com.mx\\\/#organization\"},\"image\":{\"@id\":\"https:\\\/\\\/fuentesfidedignas.com.mx\\\/index.php\\\/2022\\\/06\\\/10\\\/pareja-se-vuelve-viral-por-el-outfit-que-usaron-en-su-boda-civil\\\/#primaryimage\"},\"thumbnailUrl\":\"https:\\\/\\\/fuentesfidedignas.com.mx\\\/wp-content\\\/uploads\\\/2022\\\/06\\\/PAREJA_NEGRO.jpg\",\"keywords\":[\"Asombrosa\",\"Viral\"],\"articleSection\":[\"LAS ASOMBROSAS\"],\"inLanguage\":\"es\",\"potentialAction\":[{\"@type\":\"CommentAction\",\"name\":\"Comment\",\"target\":[\"https:\\\/\\\/fuentesfidedignas.com.mx\\\/index.php\\\/2022\\\/06\\\/10\\\/pareja-se-vuelve-viral-por-el-outfit-que-usaron-en-su-boda-civil\\\/#respond\"]}]},{\"@type\":\"WebPage\",\"@id\":\"https:\\\/\\\/fuentesfidedignas.com.mx\\\/index.php\\\/2022\\\/06\\\/10\\\/pareja-se-vuelve-viral-por-el-outfit-que-usaron-en-su-boda-civil\\\/\",\"url\":\"https:\\\/\\\/fuentesfidedignas.com.mx\\\/index.php\\\/2022\\\/06\\\/10\\\/pareja-se-vuelve-viral-por-el-outfit-que-usaron-en-su-boda-civil\\\/\",\"name\":\"Pareja se vuelve viral por el outfit que usaron en su boda civil - Fuentes Fidedignas\",\"isPartOf\":{\"@id\":\"https:\\\/\\\/fuentesfidedignas.com.mx\\\/#website\"},\"primaryImageOfPage\":{\"@id\":\"https:\\\/\\\/fuentesfidedignas.com.mx\\\/index.php\\\/2022\\\/06\\\/10\\\/pareja-se-vuelve-viral-por-el-outfit-que-usaron-en-su-boda-civil\\\/#primaryimage\"},\"image\":{\"@id\":\"https:\\\/\\\/fuentesfidedignas.com.mx\\\/index.php\\\/2022\\\/06\\\/10\\\/pareja-se-vuelve-viral-por-el-outfit-que-usaron-en-su-boda-civil\\\/#primaryimage\"},\"thumbnailUrl\":\"https:\\\/\\\/fuentesfidedignas.com.mx\\\/wp-content\\\/uploads\\\/2022\\\/06\\\/PAREJA_NEGRO.jpg\",\"datePublished\":\"2022-06-10T12:44:48+00:00\",\"dateModified\":\"2022-06-10T12:44:49+00:00\",\"breadcrumb\":{\"@id\":\"https:\\\/\\\/fuentesfidedignas.com.mx\\\/index.php\\\/2022\\\/06\\\/10\\\/pareja-se-vuelve-viral-por-el-outfit-que-usaron-en-su-boda-civil\\\/#breadcrumb\"},\"inLanguage\":\"es\",\"potentialAction\":[{\"@type\":\"ReadAction\",\"target\":[\"https:\\\/\\\/fuentesfidedignas.com.mx\\\/index.php\\\/2022\\\/06\\\/10\\\/pareja-se-vuelve-viral-por-el-outfit-que-usaron-en-su-boda-civil\\\/\"]}]},{\"@type\":\"ImageObject\",\"inLanguage\":\"es\",\"@id\":\"https:\\\/\\\/fuentesfidedignas.com.mx\\\/index.php\\\/2022\\\/06\\\/10\\\/pareja-se-vuelve-viral-por-el-outfit-que-usaron-en-su-boda-civil\\\/#primaryimage\",\"url\":\"https:\\\/\\\/fuentesfidedignas.com.mx\\\/wp-content\\\/uploads\\\/2022\\\/06\\\/PAREJA_NEGRO.jpg\",\"contentUrl\":\"https:\\\/\\\/fuentesfidedignas.com.mx\\\/wp-content\\\/uploads\\\/2022\\\/06\\\/PAREJA_NEGRO.jpg\",\"width\":720,\"height\":574},{\"@type\":\"BreadcrumbList\",\"@id\":\"https:\\\/\\\/fuentesfidedignas.com.mx\\\/index.php\\\/2022\\\/06\\\/10\\\/pareja-se-vuelve-viral-por-el-outfit-que-usaron-en-su-boda-civil\\\/#breadcrumb\",\"itemListElement\":[{\"@type\":\"ListItem\",\"position\":1,\"name\":\"Inicio\",\"item\":\"https:\\\/\\\/fuentesfidedignas.com.mx\\\/\"},{\"@type\":\"ListItem\",\"position\":2,\"name\":\"Pareja se vuelve viral por el outfit que usaron en su boda civil\"}]},{\"@type\":\"WebSite\",\"@id\":\"https:\\\/\\\/fuentesfidedignas.com.mx\\\/#website\",\"url\":\"https:\\\/\\\/fuentesfidedignas.com.mx\\\/\",\"name\":\"Fuentes Fidedignas\",\"description\":\"Otro sitio realizado con WordPress\",\"publisher\":{\"@id\":\"https:\\\/\\\/fuentesfidedignas.com.mx\\\/#organization\"},\"potentialAction\":[{\"@type\":\"SearchAction\",\"target\":{\"@type\":\"EntryPoint\",\"urlTemplate\":\"https:\\\/\\\/fuentesfidedignas.com.mx\\\/?s={search_term_string}\"},\"query-input\":{\"@type\":\"PropertyValueSpecification\",\"valueRequired\":true,\"valueName\":\"search_term_string\"}}],\"inLanguage\":\"es\"},{\"@type\":\"Organization\",\"@id\":\"https:\\\/\\\/fuentesfidedignas.com.mx\\\/#organization\",\"name\":\"Fuentes Fidedignas\",\"url\":\"https:\\\/\\\/fuentesfidedignas.com.mx\\\/\",\"logo\":{\"@type\":\"ImageObject\",\"inLanguage\":\"es\",\"@id\":\"https:\\\/\\\/fuentesfidedignas.com.mx\\\/#\\\/schema\\\/logo\\\/image\\\/\",\"url\":\"https:\\\/\\\/fuentesfidedignas.com.mx\\\/wp-content\\\/uploads\\\/2021\\\/04\\\/logo-retina.png\",\"contentUrl\":\"https:\\\/\\\/fuentesfidedignas.com.mx\\\/wp-content\\\/uploads\\\/2021\\\/04\\\/logo-retina.png\",\"width\":280,\"height\":51,\"caption\":\"Fuentes Fidedignas\"},\"image\":{\"@id\":\"https:\\\/\\\/fuentesfidedignas.com.mx\\\/#\\\/schema\\\/logo\\\/image\\\/\"},\"sameAs\":[\"https:\\\/\\\/www.facebook.com\\\/Fuentes-Fidedignas-368234489921644\",\"https:\\\/\\\/x.com\\\/fidedignas\"]},{\"@type\":\"Person\",\"@id\":\"https:\\\/\\\/fuentesfidedignas.com.mx\\\/#\\\/schema\\\/person\\\/f030e42657a5a464a8bbd891b1aab6ee\",\"name\":\"Noticieros Televisa\",\"image\":{\"@type\":\"ImageObject\",\"inLanguage\":\"es\",\"@id\":\"https:\\\/\\\/secure.gravatar.com\\\/avatar\\\/0e47b9e785a628831b8fd9eaf15e090e106760a879abbd4a3306f128ef5d43a9?s=96&d=mm&r=g\",\"url\":\"https:\\\/\\\/secure.gravatar.com\\\/avatar\\\/0e47b9e785a628831b8fd9eaf15e090e106760a879abbd4a3306f128ef5d43a9?s=96&d=mm&r=g\",\"contentUrl\":\"https:\\\/\\\/secure.gravatar.com\\\/avatar\\\/0e47b9e785a628831b8fd9eaf15e090e106760a879abbd4a3306f128ef5d43a9?s=96&d=mm&r=g\",\"caption\":\"Noticieros Televisa\"},\"url\":\"https:\\\/\\\/fuentesfidedignas.com.mx\\\/index.php\\\/author\\\/noticieros-televisa\\\/\"}]}<\/script>\n<!-- \/ Yoast SEO plugin. -->","yoast_head_json":{"title":"Pareja se vuelve viral por el outfit que usaron en su boda civil - Fuentes Fidedignas","robots":{"index":"index","follow":"follow","max-snippet":"max-snippet:-1","max-image-preview":"max-image-preview:large","max-video-preview":"max-video-preview:-1"},"canonical":"https:\/\/fuentesfidedignas.com.mx\/index.php\/2022\/06\/10\/pareja-se-vuelve-viral-por-el-outfit-que-usaron-en-su-boda-civil\/","og_locale":"es_MX","og_type":"article","og_title":"Pareja se vuelve viral por el outfit que usaron en su boda civil - Fuentes Fidedignas","og_description":"El sombrero de la novia fue lo que m\u00e1s llam\u00f3 la atenci\u00f3n en redes sociales. Ciudad de M\u00e9xico.- Una pareja que se cas\u00f3 por el civil en Nuevo Laredo, Tamaulipas, se volvi\u00f3 viral gracias al outfit que usaron. Para difundir la campa\u00f1a de matrimonios colectivos que se realiza en varias oficinas del Registro Civil en [&hellip;]","og_url":"https:\/\/fuentesfidedignas.com.mx\/index.php\/2022\/06\/10\/pareja-se-vuelve-viral-por-el-outfit-que-usaron-en-su-boda-civil\/","og_site_name":"Fuentes Fidedignas","article_publisher":"https:\/\/www.facebook.com\/Fuentes-Fidedignas-368234489921644","article_published_time":"2022-06-10T12:44:48+00:00","article_modified_time":"2022-06-10T12:44:49+00:00","og_image":[{"width":720,"height":574,"url":"https:\/\/fuentesfidedignas.com.mx\/wp-content\/uploads\/2022\/06\/PAREJA_NEGRO.jpg","type":"image\/jpeg"}],"author":"Noticieros Televisa","twitter_card":"summary_large_image","twitter_creator":"@fidedignas","twitter_site":"@fidedignas","twitter_misc":{"Escrito por":"Noticieros Televisa","Tiempo de lectura":"2 minutos"},"schema":{"@context":"https:\/\/schema.org","@graph":[{"@type":"Article","@id":"https:\/\/fuentesfidedignas.com.mx\/index.php\/2022\/06\/10\/pareja-se-vuelve-viral-por-el-outfit-que-usaron-en-su-boda-civil\/#article","isPartOf":{"@id":"https:\/\/fuentesfidedignas.com.mx\/index.php\/2022\/06\/10\/pareja-se-vuelve-viral-por-el-outfit-que-usaron-en-su-boda-civil\/"},"author":{"name":"Noticieros Televisa","@id":"https:\/\/fuentesfidedignas.com.mx\/#\/schema\/person\/f030e42657a5a464a8bbd891b1aab6ee"},"headline":"Pareja se vuelve viral por el outfit que usaron en su boda civil","datePublished":"2022-06-10T12:44:48+00:00","dateModified":"2022-06-10T12:44:49+00:00","mainEntityOfPage":{"@id":"https:\/\/fuentesfidedignas.com.mx\/index.php\/2022\/06\/10\/pareja-se-vuelve-viral-por-el-outfit-que-usaron-en-su-boda-civil\/"},"wordCount":278,"commentCount":0,"publisher":{"@id":"https:\/\/fuentesfidedignas.com.mx\/#organization"},"image":{"@id":"https:\/\/fuentesfidedignas.com.mx\/index.php\/2022\/06\/10\/pareja-se-vuelve-viral-por-el-outfit-que-usaron-en-su-boda-civil\/#primaryimage"},"thumbnailUrl":"https:\/\/fuentesfidedignas.com.mx\/wp-content\/uploads\/2022\/06\/PAREJA_NEGRO.jpg","keywords":["Asombrosa","Viral"],"articleSection":["LAS ASOMBROSAS"],"inLanguage":"es","potentialAction":[{"@type":"CommentAction","name":"Comment","target":["https:\/\/fuentesfidedignas.com.mx\/index.php\/2022\/06\/10\/pareja-se-vuelve-viral-por-el-outfit-que-usaron-en-su-boda-civil\/#respond"]}]},{"@type":"WebPage","@id":"https:\/\/fuentesfidedignas.com.mx\/index.php\/2022\/06\/10\/pareja-se-vuelve-viral-por-el-outfit-que-usaron-en-su-boda-civil\/","url":"https:\/\/fuentesfidedignas.com.mx\/index.php\/2022\/06\/10\/pareja-se-vuelve-viral-por-el-outfit-que-usaron-en-su-boda-civil\/","name":"Pareja se vuelve viral por el outfit que usaron en su boda civil - Fuentes Fidedignas","isPartOf":{"@id":"https:\/\/fuentesfidedignas.com.mx\/#website"},"primaryImageOfPage":{"@id":"https:\/\/fuentesfidedignas.com.mx\/index.php\/2022\/06\/10\/pareja-se-vuelve-viral-por-el-outfit-que-usaron-en-su-boda-civil\/#primaryimage"},"image":{"@id":"https:\/\/fuentesfidedignas.com.mx\/index.php\/2022\/06\/10\/pareja-se-vuelve-viral-por-el-outfit-que-usaron-en-su-boda-civil\/#primaryimage"},"thumbnailUrl":"https:\/\/fuentesfidedignas.com.mx\/wp-content\/uploads\/2022\/06\/PAREJA_NEGRO.jpg","datePublished":"2022-06-10T12:44:48+00:00","dateModified":"2022-06-10T12:44:49+00:00","breadcrumb":{"@id":"https:\/\/fuentesfidedignas.com.mx\/index.php\/2022\/06\/10\/pareja-se-vuelve-viral-por-el-outfit-que-usaron-en-su-boda-civil\/#breadcrumb"},"inLanguage":"es","potentialAction":[{"@type":"ReadAction","target":["https:\/\/fuentesfidedignas.com.mx\/index.php\/2022\/06\/10\/pareja-se-vuelve-viral-por-el-outfit-que-usaron-en-su-boda-civil\/"]}]},{"@type":"ImageObject","inLanguage":"es","@id":"https:\/\/fuentesfidedignas.com.mx\/index.php\/2022\/06\/10\/pareja-se-vuelve-viral-por-el-outfit-que-usaron-en-su-boda-civil\/#primaryimage","url":"https:\/\/fuentesfidedignas.com.mx\/wp-content\/uploads\/2022\/06\/PAREJA_NEGRO.jpg","contentUrl":"https:\/\/fuentesfidedignas.com.mx\/wp-content\/uploads\/2022\/06\/PAREJA_NEGRO.jpg","width":720,"height":574},{"@type":"BreadcrumbList","@id":"https:\/\/fuentesfidedignas.com.mx\/index.php\/2022\/06\/10\/pareja-se-vuelve-viral-por-el-outfit-que-usaron-en-su-boda-civil\/#breadcrumb","itemListElement":[{"@type":"ListItem","position":1,"name":"Inicio","item":"https:\/\/fuentesfidedignas.com.mx\/"},{"@type":"ListItem","position":2,"name":"Pareja se vuelve viral por el outfit que usaron en su boda civil"}]},{"@type":"WebSite","@id":"https:\/\/fuentesfidedignas.com.mx\/#website","url":"https:\/\/fuentesfidedignas.com.mx\/","name":"Fuentes Fidedignas","description":"Otro sitio realizado con WordPress","publisher":{"@id":"https:\/\/fuentesfidedignas.com.mx\/#organization"},"potentialAction":[{"@type":"SearchAction","target":{"@type":"EntryPoint","urlTemplate":"https:\/\/fuentesfidedignas.com.mx\/?s={search_term_string}"},"query-input":{"@type":"PropertyValueSpecification","valueRequired":true,"valueName":"search_term_string"}}],"inLanguage":"es"},{"@type":"Organization","@id":"https:\/\/fuentesfidedignas.com.mx\/#organization","name":"Fuentes Fidedignas","url":"https:\/\/fuentesfidedignas.com.mx\/","logo":{"@type":"ImageObject","inLanguage":"es","@id":"https:\/\/fuentesfidedignas.com.mx\/#\/schema\/logo\/image\/","url":"https:\/\/fuentesfidedignas.com.mx\/wp-content\/uploads\/2021\/04\/logo-retina.png","contentUrl":"https:\/\/fuentesfidedignas.com.mx\/wp-content\/uploads\/2021\/04\/logo-retina.png","width":280,"height":51,"caption":"Fuentes Fidedignas"},"image":{"@id":"https:\/\/fuentesfidedignas.com.mx\/#\/schema\/logo\/image\/"},"sameAs":["https:\/\/www.facebook.com\/Fuentes-Fidedignas-368234489921644","https:\/\/x.com\/fidedignas"]},{"@type":"Person","@id":"https:\/\/fuentesfidedignas.com.mx\/#\/schema\/person\/f030e42657a5a464a8bbd891b1aab6ee","name":"Noticieros Televisa","image":{"@type":"ImageObject","inLanguage":"es","@id":"https:\/\/secure.gravatar.com\/avatar\/0e47b9e785a628831b8fd9eaf15e090e106760a879abbd4a3306f128ef5d43a9?s=96&d=mm&r=g","url":"https:\/\/secure.gravatar.com\/avatar\/0e47b9e785a628831b8fd9eaf15e090e106760a879abbd4a3306f128ef5d43a9?s=96&d=mm&r=g","contentUrl":"https:\/\/secure.gravatar.com\/avatar\/0e47b9e785a628831b8fd9eaf15e090e106760a879abbd4a3306f128ef5d43a9?s=96&d=mm&r=g","caption":"Noticieros Televisa"},"url":"https:\/\/fuentesfidedignas.com.mx\/index.php\/author\/noticieros-televisa\/"}]}},"_links":{"self":[{"href":"https:\/\/fuentesfidedignas.com.mx\/index.php\/wp-json\/wp\/v2\/posts\/33977","targetHints":{"allow":["GET"]}}],"collection":[{"href":"https:\/\/fuentesfidedignas.com.mx\/index.php\/wp-json\/wp\/v2\/posts"}],"about":[{"href":"https:\/\/fuentesfidedignas.com.mx\/index.php\/wp-json\/wp\/v2\/types\/post"}],"author":[{"embeddable":true,"href":"https:\/\/fuentesfidedignas.com.mx\/index.php\/wp-json\/wp\/v2\/users\/46"}],"replies":[{"embeddable":true,"href":"https:\/\/fuentesfidedignas.com.mx\/index.php\/wp-json\/wp\/v2\/comments?post=33977"}],"version-history":[{"count":3,"href":"https:\/\/fuentesfidedignas.com.mx\/index.php\/wp-json\/wp\/v2\/posts\/33977\/revisions"}],"predecessor-version":[{"id":33981,"href":"https:\/\/fuentesfidedignas.com.mx\/index.php\/wp-json\/wp\/v2\/posts\/33977\/revisions\/33981"}],"wp:featuredmedia":[{"embeddable":true,"href":"https:\/\/fuentesfidedignas.com.mx\/index.php\/wp-json\/wp\/v2\/media\/33980"}],"wp:attachment":[{"href":"https:\/\/fuentesfidedignas.com.mx\/index.php\/wp-json\/wp\/v2\/media?parent=33977"}],"wp:term":[{"taxonomy":"category","embeddable":true,"href":"https:\/\/fuentesfidedignas.com.mx\/index.php\/wp-json\/wp\/v2\/categories?post=33977"},{"taxonomy":"post_tag","embeddable":true,"href":"https:\/\/fuentesfidedignas.com.mx\/index.php\/wp-json\/wp\/v2\/tags?post=33977"}],"curies":[{"name":"wp","href":"https:\/\/api.w.org\/{rel}","templated":true}]}}