{"id":33940,"date":"2022-06-09T14:03:44","date_gmt":"2022-06-09T20:03:44","guid":{"rendered":"https:\/\/fuentesfidedignas.com.mx\/?p=33940"},"modified":"2022-06-09T14:03:56","modified_gmt":"2022-06-09T20:03:56","slug":"ahome-vive-un-buen-momento-y-sera-sede-de-la-reunion-de-la-aalmac-vargas-landeros","status":"publish","type":"post","link":"https:\/\/fuentesfidedignas.com.mx\/index.php\/2022\/06\/09\/ahome-vive-un-buen-momento-y-sera-sede-de-la-reunion-de-la-aalmac-vargas-landeros\/","title":{"rendered":"\u201cAhome vive un buen momento y ser\u00e1 sede de la reuni\u00f3n de la AALMAC\u201d: Vargas Landeros"},"content":{"rendered":"\n<p><em><strong>El alcalde se dijo contento de que los ojos del mundo est\u00e9n puestos en el municipio, y destac\u00f3 que seguir\u00e1n albergando grandes eventos en la regi\u00f3n<\/strong><\/em><\/p>\n\n\n\n<p>Ahome, Sin.- El municipio de Ahome ser\u00e1 sede de la asamblea estatal de la Asociaci\u00f3n de Autoridades Locales de M\u00e9xico AC (AALMAC), la cual se llevar\u00e1 a cabo el pr\u00f3ximo lunes y reunir\u00e1 a los alcaldes locales de Morena.<\/p>\n\n\n\n<p>El Presidente Municipal, Gerardo Vargas Landeros, quien es Vicepresidente Nacional de la AALMAC, se dijo contento de que Ahome sea sede de este importante encuentro, en el cual se har\u00e1 la propuesta para elegir al coordinador a nivel estatal.<\/p>\n\n\n\n<p>\u201cMe siento muy orgulloso de que hayan escogido el municipio de Ahome, normalmente escogen Culiac\u00e1n por ser la capital, muchas veces escogen Mazatl\u00e1n por ser la parte tur\u00edstica, pero hoy nos escogieron a nosotros\u201d, manifest\u00f3 Vargas Landeros.<\/p>\n\n\n\n<p>Explic\u00f3 que la AALMAC es la que enlaza a las autoridades municipales con todas las autoridades federales, como son los titulares de las diversas secretar\u00edas, lo que les permite poder gestionar recursos.<\/p>\n\n\n\n<p>Resalt\u00f3 que el municipio vive un buen momento, y no s\u00f3lo a nivel estatal, pues se est\u00e1n teniendo importantes eventos y se continuar\u00e1 recibiendo muchas actividades m\u00e1s.<\/p>\n\n\n\n<p>\u201cYo creo que estamos viviendo un momento importante, pero no ser\u00e1n los \u00fanicos, de aqu\u00ed para adelante vamos a tener eventos m\u00e1s importantes, y eso es lo valioso, que la gente ya volte\u00f3 a ver al municipio, al puerto, a la ciudad\u201d, mencion\u00f3 el alcalde de Ahome.<\/p>\n\n\n\n<p>Detall\u00f3 que se han tenido visitas importantes como la del embajador de Hungr\u00eda, quien ya hizo una invitaci\u00f3n para que las autoridades municipales asistan a algunos eventos culturales, los cuales tendr\u00e1n lugar en la Ciudad de M\u00e9xico, en la embajada.<\/p>\n\n\n\n<p>Vargas Landeros dijo que la llegada de la planta GPO ha permitido proyectar al municipio, ya que inversionistas de otras partes ya tienen puestos los ojos en el puerto de Topolobampo, el cual ya tiene otro rostro con el programa de pintado de casas, adem\u00e1s de que es un lugar de eventos importantes como lo es el \u201cTopolobampo Fest\u201d.<\/p>\n","protected":false},"excerpt":{"rendered":"<p>El alcalde se dijo contento de que los ojos del mundo est\u00e9n puestos en el municipio, y destac\u00f3 que seguir\u00e1n albergando grandes eventos en la regi\u00f3n Ahome, Sin.- El municipio de Ahome ser\u00e1 sede de la asamblea estatal de la Asociaci\u00f3n de Autoridades Locales de M\u00e9xico AC (AALMAC), la cual se llevar\u00e1 a cabo el [&hellip;]<\/p>\n","protected":false},"author":4,"featured_media":33942,"comment_status":"open","ping_status":"open","sticky":false,"template":"","format":"standard","meta":{"tdm_status":"","tdm_grid_status":"","footnotes":""},"categories":[38],"tags":[1715,1654],"class_list":{"0":"post-33940","1":"post","2":"type-post","3":"status-publish","4":"format-standard","5":"has-post-thumbnail","7":"category-noticias-locales","8":"tag-ayuntamiento-de-ahome","9":"tag-gerardo-vargas-landeros"},"yoast_head":"<!-- This site is optimized with the Yoast SEO plugin v27.5 - https:\/\/yoast.com\/product\/yoast-seo-wordpress\/ -->\n<title>\u201cAhome vive un buen momento y ser\u00e1 sede de la reuni\u00f3n de la AALMAC\u201d: Vargas Landeros - Fuentes Fidedignas<\/title>\n<meta name=\"robots\" content=\"index, follow, max-snippet:-1, max-image-preview:large, max-video-preview:-1\" \/>\n<link rel=\"canonical\" href=\"https:\/\/fuentesfidedignas.com.mx\/index.php\/2022\/06\/09\/ahome-vive-un-buen-momento-y-sera-sede-de-la-reunion-de-la-aalmac-vargas-landeros\/\" \/>\n<meta property=\"og:locale\" content=\"es_MX\" \/>\n<meta property=\"og:type\" content=\"article\" \/>\n<meta property=\"og:title\" content=\"\u201cAhome vive un buen momento y ser\u00e1 sede de la reuni\u00f3n de la AALMAC\u201d: Vargas Landeros - Fuentes Fidedignas\" \/>\n<meta property=\"og:description\" content=\"El alcalde se dijo contento de que los ojos del mundo est\u00e9n puestos en el municipio, y destac\u00f3 que seguir\u00e1n albergando grandes eventos en la regi\u00f3n Ahome, Sin.- El municipio de Ahome ser\u00e1 sede de la asamblea estatal de la Asociaci\u00f3n de Autoridades Locales de M\u00e9xico AC (AALMAC), la cual se llevar\u00e1 a cabo el [&hellip;]\" \/>\n<meta property=\"og:url\" content=\"https:\/\/fuentesfidedignas.com.mx\/index.php\/2022\/06\/09\/ahome-vive-un-buen-momento-y-sera-sede-de-la-reunion-de-la-aalmac-vargas-landeros\/\" \/>\n<meta property=\"og:site_name\" content=\"Fuentes Fidedignas\" \/>\n<meta property=\"article:publisher\" content=\"https:\/\/www.facebook.com\/Fuentes-Fidedignas-368234489921644\" \/>\n<meta property=\"article:published_time\" content=\"2022-06-09T20:03:44+00:00\" \/>\n<meta property=\"article:modified_time\" content=\"2022-06-09T20:03:56+00:00\" \/>\n<meta property=\"og:image\" content=\"https:\/\/fuentesfidedignas.com.mx\/wp-content\/uploads\/2022\/06\/IMG-20220609-WA0042.jpg\" \/>\n\t<meta property=\"og:image:width\" content=\"1280\" \/>\n\t<meta property=\"og:image:height\" content=\"853\" \/>\n\t<meta property=\"og:image:type\" content=\"image\/jpeg\" \/>\n<meta name=\"author\" content=\"Redacci\u00f3n\" \/>\n<meta name=\"twitter:card\" content=\"summary_large_image\" \/>\n<meta name=\"twitter:creator\" content=\"@fidedignas\" \/>\n<meta name=\"twitter:site\" content=\"@fidedignas\" \/>\n<meta name=\"twitter:label1\" content=\"Escrito por\" \/>\n\t<meta name=\"twitter:data1\" content=\"Redacci\u00f3n\" \/>\n\t<meta name=\"twitter:label2\" content=\"Tiempo de lectura\" \/>\n\t<meta name=\"twitter:data2\" content=\"2 minutos\" \/>\n<script type=\"application\/ld+json\" class=\"yoast-schema-graph\">{\"@context\":\"https:\\\/\\\/schema.org\",\"@graph\":[{\"@type\":\"Article\",\"@id\":\"https:\\\/\\\/fuentesfidedignas.com.mx\\\/index.php\\\/2022\\\/06\\\/09\\\/ahome-vive-un-buen-momento-y-sera-sede-de-la-reunion-de-la-aalmac-vargas-landeros\\\/#article\",\"isPartOf\":{\"@id\":\"https:\\\/\\\/fuentesfidedignas.com.mx\\\/index.php\\\/2022\\\/06\\\/09\\\/ahome-vive-un-buen-momento-y-sera-sede-de-la-reunion-de-la-aalmac-vargas-landeros\\\/\"},\"author\":{\"name\":\"Redacci\u00f3n\",\"@id\":\"https:\\\/\\\/fuentesfidedignas.com.mx\\\/#\\\/schema\\\/person\\\/331be9283d37198e2acd5750279085b0\"},\"headline\":\"\u201cAhome vive un buen momento y ser\u00e1 sede de la reuni\u00f3n de la AALMAC\u201d: Vargas Landeros\",\"datePublished\":\"2022-06-09T20:03:44+00:00\",\"dateModified\":\"2022-06-09T20:03:56+00:00\",\"mainEntityOfPage\":{\"@id\":\"https:\\\/\\\/fuentesfidedignas.com.mx\\\/index.php\\\/2022\\\/06\\\/09\\\/ahome-vive-un-buen-momento-y-sera-sede-de-la-reunion-de-la-aalmac-vargas-landeros\\\/\"},\"wordCount\":384,\"commentCount\":0,\"publisher\":{\"@id\":\"https:\\\/\\\/fuentesfidedignas.com.mx\\\/#organization\"},\"image\":{\"@id\":\"https:\\\/\\\/fuentesfidedignas.com.mx\\\/index.php\\\/2022\\\/06\\\/09\\\/ahome-vive-un-buen-momento-y-sera-sede-de-la-reunion-de-la-aalmac-vargas-landeros\\\/#primaryimage\"},\"thumbnailUrl\":\"https:\\\/\\\/fuentesfidedignas.com.mx\\\/wp-content\\\/uploads\\\/2022\\\/06\\\/IMG-20220609-WA0042.jpg\",\"keywords\":[\"Ayuntamiento de Ahome\",\"Gerardo Vargas Landeros\"],\"articleSection\":[\"NOTICIAS LOCALES\"],\"inLanguage\":\"es\",\"potentialAction\":[{\"@type\":\"CommentAction\",\"name\":\"Comment\",\"target\":[\"https:\\\/\\\/fuentesfidedignas.com.mx\\\/index.php\\\/2022\\\/06\\\/09\\\/ahome-vive-un-buen-momento-y-sera-sede-de-la-reunion-de-la-aalmac-vargas-landeros\\\/#respond\"]}]},{\"@type\":\"WebPage\",\"@id\":\"https:\\\/\\\/fuentesfidedignas.com.mx\\\/index.php\\\/2022\\\/06\\\/09\\\/ahome-vive-un-buen-momento-y-sera-sede-de-la-reunion-de-la-aalmac-vargas-landeros\\\/\",\"url\":\"https:\\\/\\\/fuentesfidedignas.com.mx\\\/index.php\\\/2022\\\/06\\\/09\\\/ahome-vive-un-buen-momento-y-sera-sede-de-la-reunion-de-la-aalmac-vargas-landeros\\\/\",\"name\":\"\u201cAhome vive un buen momento y ser\u00e1 sede de la reuni\u00f3n de la AALMAC\u201d: Vargas Landeros - Fuentes Fidedignas\",\"isPartOf\":{\"@id\":\"https:\\\/\\\/fuentesfidedignas.com.mx\\\/#website\"},\"primaryImageOfPage\":{\"@id\":\"https:\\\/\\\/fuentesfidedignas.com.mx\\\/index.php\\\/2022\\\/06\\\/09\\\/ahome-vive-un-buen-momento-y-sera-sede-de-la-reunion-de-la-aalmac-vargas-landeros\\\/#primaryimage\"},\"image\":{\"@id\":\"https:\\\/\\\/fuentesfidedignas.com.mx\\\/index.php\\\/2022\\\/06\\\/09\\\/ahome-vive-un-buen-momento-y-sera-sede-de-la-reunion-de-la-aalmac-vargas-landeros\\\/#primaryimage\"},\"thumbnailUrl\":\"https:\\\/\\\/fuentesfidedignas.com.mx\\\/wp-content\\\/uploads\\\/2022\\\/06\\\/IMG-20220609-WA0042.jpg\",\"datePublished\":\"2022-06-09T20:03:44+00:00\",\"dateModified\":\"2022-06-09T20:03:56+00:00\",\"breadcrumb\":{\"@id\":\"https:\\\/\\\/fuentesfidedignas.com.mx\\\/index.php\\\/2022\\\/06\\\/09\\\/ahome-vive-un-buen-momento-y-sera-sede-de-la-reunion-de-la-aalmac-vargas-landeros\\\/#breadcrumb\"},\"inLanguage\":\"es\",\"potentialAction\":[{\"@type\":\"ReadAction\",\"target\":[\"https:\\\/\\\/fuentesfidedignas.com.mx\\\/index.php\\\/2022\\\/06\\\/09\\\/ahome-vive-un-buen-momento-y-sera-sede-de-la-reunion-de-la-aalmac-vargas-landeros\\\/\"]}]},{\"@type\":\"ImageObject\",\"inLanguage\":\"es\",\"@id\":\"https:\\\/\\\/fuentesfidedignas.com.mx\\\/index.php\\\/2022\\\/06\\\/09\\\/ahome-vive-un-buen-momento-y-sera-sede-de-la-reunion-de-la-aalmac-vargas-landeros\\\/#primaryimage\",\"url\":\"https:\\\/\\\/fuentesfidedignas.com.mx\\\/wp-content\\\/uploads\\\/2022\\\/06\\\/IMG-20220609-WA0042.jpg\",\"contentUrl\":\"https:\\\/\\\/fuentesfidedignas.com.mx\\\/wp-content\\\/uploads\\\/2022\\\/06\\\/IMG-20220609-WA0042.jpg\",\"width\":1280,\"height\":853},{\"@type\":\"BreadcrumbList\",\"@id\":\"https:\\\/\\\/fuentesfidedignas.com.mx\\\/index.php\\\/2022\\\/06\\\/09\\\/ahome-vive-un-buen-momento-y-sera-sede-de-la-reunion-de-la-aalmac-vargas-landeros\\\/#breadcrumb\",\"itemListElement\":[{\"@type\":\"ListItem\",\"position\":1,\"name\":\"Inicio\",\"item\":\"https:\\\/\\\/fuentesfidedignas.com.mx\\\/\"},{\"@type\":\"ListItem\",\"position\":2,\"name\":\"\u201cAhome vive un buen momento y ser\u00e1 sede de la reuni\u00f3n de la AALMAC\u201d: Vargas Landeros\"}]},{\"@type\":\"WebSite\",\"@id\":\"https:\\\/\\\/fuentesfidedignas.com.mx\\\/#website\",\"url\":\"https:\\\/\\\/fuentesfidedignas.com.mx\\\/\",\"name\":\"Fuentes Fidedignas\",\"description\":\"Otro sitio realizado con WordPress\",\"publisher\":{\"@id\":\"https:\\\/\\\/fuentesfidedignas.com.mx\\\/#organization\"},\"potentialAction\":[{\"@type\":\"SearchAction\",\"target\":{\"@type\":\"EntryPoint\",\"urlTemplate\":\"https:\\\/\\\/fuentesfidedignas.com.mx\\\/?s={search_term_string}\"},\"query-input\":{\"@type\":\"PropertyValueSpecification\",\"valueRequired\":true,\"valueName\":\"search_term_string\"}}],\"inLanguage\":\"es\"},{\"@type\":\"Organization\",\"@id\":\"https:\\\/\\\/fuentesfidedignas.com.mx\\\/#organization\",\"name\":\"Fuentes Fidedignas\",\"url\":\"https:\\\/\\\/fuentesfidedignas.com.mx\\\/\",\"logo\":{\"@type\":\"ImageObject\",\"inLanguage\":\"es\",\"@id\":\"https:\\\/\\\/fuentesfidedignas.com.mx\\\/#\\\/schema\\\/logo\\\/image\\\/\",\"url\":\"https:\\\/\\\/fuentesfidedignas.com.mx\\\/wp-content\\\/uploads\\\/2021\\\/04\\\/logo-retina.png\",\"contentUrl\":\"https:\\\/\\\/fuentesfidedignas.com.mx\\\/wp-content\\\/uploads\\\/2021\\\/04\\\/logo-retina.png\",\"width\":280,\"height\":51,\"caption\":\"Fuentes Fidedignas\"},\"image\":{\"@id\":\"https:\\\/\\\/fuentesfidedignas.com.mx\\\/#\\\/schema\\\/logo\\\/image\\\/\"},\"sameAs\":[\"https:\\\/\\\/www.facebook.com\\\/Fuentes-Fidedignas-368234489921644\",\"https:\\\/\\\/x.com\\\/fidedignas\"]},{\"@type\":\"Person\",\"@id\":\"https:\\\/\\\/fuentesfidedignas.com.mx\\\/#\\\/schema\\\/person\\\/331be9283d37198e2acd5750279085b0\",\"name\":\"Redacci\u00f3n\",\"image\":{\"@type\":\"ImageObject\",\"inLanguage\":\"es\",\"@id\":\"https:\\\/\\\/secure.gravatar.com\\\/avatar\\\/f6d8782c11d12b2d4ad3fbb6931aeab5309937a4d6cd2fc9cfaa28a6396a5aec?s=96&d=mm&r=g\",\"url\":\"https:\\\/\\\/secure.gravatar.com\\\/avatar\\\/f6d8782c11d12b2d4ad3fbb6931aeab5309937a4d6cd2fc9cfaa28a6396a5aec?s=96&d=mm&r=g\",\"contentUrl\":\"https:\\\/\\\/secure.gravatar.com\\\/avatar\\\/f6d8782c11d12b2d4ad3fbb6931aeab5309937a4d6cd2fc9cfaa28a6396a5aec?s=96&d=mm&r=g\",\"caption\":\"Redacci\u00f3n\"},\"url\":\"https:\\\/\\\/fuentesfidedignas.com.mx\\\/index.php\\\/author\\\/redaccion\\\/\"}]}<\/script>\n<!-- \/ Yoast SEO plugin. -->","yoast_head_json":{"title":"\u201cAhome vive un buen momento y ser\u00e1 sede de la reuni\u00f3n de la AALMAC\u201d: Vargas Landeros - Fuentes Fidedignas","robots":{"index":"index","follow":"follow","max-snippet":"max-snippet:-1","max-image-preview":"max-image-preview:large","max-video-preview":"max-video-preview:-1"},"canonical":"https:\/\/fuentesfidedignas.com.mx\/index.php\/2022\/06\/09\/ahome-vive-un-buen-momento-y-sera-sede-de-la-reunion-de-la-aalmac-vargas-landeros\/","og_locale":"es_MX","og_type":"article","og_title":"\u201cAhome vive un buen momento y ser\u00e1 sede de la reuni\u00f3n de la AALMAC\u201d: Vargas Landeros - Fuentes Fidedignas","og_description":"El alcalde se dijo contento de que los ojos del mundo est\u00e9n puestos en el municipio, y destac\u00f3 que seguir\u00e1n albergando grandes eventos en la regi\u00f3n Ahome, Sin.- El municipio de Ahome ser\u00e1 sede de la asamblea estatal de la Asociaci\u00f3n de Autoridades Locales de M\u00e9xico AC (AALMAC), la cual se llevar\u00e1 a cabo el [&hellip;]","og_url":"https:\/\/fuentesfidedignas.com.mx\/index.php\/2022\/06\/09\/ahome-vive-un-buen-momento-y-sera-sede-de-la-reunion-de-la-aalmac-vargas-landeros\/","og_site_name":"Fuentes Fidedignas","article_publisher":"https:\/\/www.facebook.com\/Fuentes-Fidedignas-368234489921644","article_published_time":"2022-06-09T20:03:44+00:00","article_modified_time":"2022-06-09T20:03:56+00:00","og_image":[{"width":1280,"height":853,"url":"https:\/\/fuentesfidedignas.com.mx\/wp-content\/uploads\/2022\/06\/IMG-20220609-WA0042.jpg","type":"image\/jpeg"}],"author":"Redacci\u00f3n","twitter_card":"summary_large_image","twitter_creator":"@fidedignas","twitter_site":"@fidedignas","twitter_misc":{"Escrito por":"Redacci\u00f3n","Tiempo de lectura":"2 minutos"},"schema":{"@context":"https:\/\/schema.org","@graph":[{"@type":"Article","@id":"https:\/\/fuentesfidedignas.com.mx\/index.php\/2022\/06\/09\/ahome-vive-un-buen-momento-y-sera-sede-de-la-reunion-de-la-aalmac-vargas-landeros\/#article","isPartOf":{"@id":"https:\/\/fuentesfidedignas.com.mx\/index.php\/2022\/06\/09\/ahome-vive-un-buen-momento-y-sera-sede-de-la-reunion-de-la-aalmac-vargas-landeros\/"},"author":{"name":"Redacci\u00f3n","@id":"https:\/\/fuentesfidedignas.com.mx\/#\/schema\/person\/331be9283d37198e2acd5750279085b0"},"headline":"\u201cAhome vive un buen momento y ser\u00e1 sede de la reuni\u00f3n de la AALMAC\u201d: Vargas Landeros","datePublished":"2022-06-09T20:03:44+00:00","dateModified":"2022-06-09T20:03:56+00:00","mainEntityOfPage":{"@id":"https:\/\/fuentesfidedignas.com.mx\/index.php\/2022\/06\/09\/ahome-vive-un-buen-momento-y-sera-sede-de-la-reunion-de-la-aalmac-vargas-landeros\/"},"wordCount":384,"commentCount":0,"publisher":{"@id":"https:\/\/fuentesfidedignas.com.mx\/#organization"},"image":{"@id":"https:\/\/fuentesfidedignas.com.mx\/index.php\/2022\/06\/09\/ahome-vive-un-buen-momento-y-sera-sede-de-la-reunion-de-la-aalmac-vargas-landeros\/#primaryimage"},"thumbnailUrl":"https:\/\/fuentesfidedignas.com.mx\/wp-content\/uploads\/2022\/06\/IMG-20220609-WA0042.jpg","keywords":["Ayuntamiento de Ahome","Gerardo Vargas Landeros"],"articleSection":["NOTICIAS LOCALES"],"inLanguage":"es","potentialAction":[{"@type":"CommentAction","name":"Comment","target":["https:\/\/fuentesfidedignas.com.mx\/index.php\/2022\/06\/09\/ahome-vive-un-buen-momento-y-sera-sede-de-la-reunion-de-la-aalmac-vargas-landeros\/#respond"]}]},{"@type":"WebPage","@id":"https:\/\/fuentesfidedignas.com.mx\/index.php\/2022\/06\/09\/ahome-vive-un-buen-momento-y-sera-sede-de-la-reunion-de-la-aalmac-vargas-landeros\/","url":"https:\/\/fuentesfidedignas.com.mx\/index.php\/2022\/06\/09\/ahome-vive-un-buen-momento-y-sera-sede-de-la-reunion-de-la-aalmac-vargas-landeros\/","name":"\u201cAhome vive un buen momento y ser\u00e1 sede de la reuni\u00f3n de la AALMAC\u201d: Vargas Landeros - Fuentes Fidedignas","isPartOf":{"@id":"https:\/\/fuentesfidedignas.com.mx\/#website"},"primaryImageOfPage":{"@id":"https:\/\/fuentesfidedignas.com.mx\/index.php\/2022\/06\/09\/ahome-vive-un-buen-momento-y-sera-sede-de-la-reunion-de-la-aalmac-vargas-landeros\/#primaryimage"},"image":{"@id":"https:\/\/fuentesfidedignas.com.mx\/index.php\/2022\/06\/09\/ahome-vive-un-buen-momento-y-sera-sede-de-la-reunion-de-la-aalmac-vargas-landeros\/#primaryimage"},"thumbnailUrl":"https:\/\/fuentesfidedignas.com.mx\/wp-content\/uploads\/2022\/06\/IMG-20220609-WA0042.jpg","datePublished":"2022-06-09T20:03:44+00:00","dateModified":"2022-06-09T20:03:56+00:00","breadcrumb":{"@id":"https:\/\/fuentesfidedignas.com.mx\/index.php\/2022\/06\/09\/ahome-vive-un-buen-momento-y-sera-sede-de-la-reunion-de-la-aalmac-vargas-landeros\/#breadcrumb"},"inLanguage":"es","potentialAction":[{"@type":"ReadAction","target":["https:\/\/fuentesfidedignas.com.mx\/index.php\/2022\/06\/09\/ahome-vive-un-buen-momento-y-sera-sede-de-la-reunion-de-la-aalmac-vargas-landeros\/"]}]},{"@type":"ImageObject","inLanguage":"es","@id":"https:\/\/fuentesfidedignas.com.mx\/index.php\/2022\/06\/09\/ahome-vive-un-buen-momento-y-sera-sede-de-la-reunion-de-la-aalmac-vargas-landeros\/#primaryimage","url":"https:\/\/fuentesfidedignas.com.mx\/wp-content\/uploads\/2022\/06\/IMG-20220609-WA0042.jpg","contentUrl":"https:\/\/fuentesfidedignas.com.mx\/wp-content\/uploads\/2022\/06\/IMG-20220609-WA0042.jpg","width":1280,"height":853},{"@type":"BreadcrumbList","@id":"https:\/\/fuentesfidedignas.com.mx\/index.php\/2022\/06\/09\/ahome-vive-un-buen-momento-y-sera-sede-de-la-reunion-de-la-aalmac-vargas-landeros\/#breadcrumb","itemListElement":[{"@type":"ListItem","position":1,"name":"Inicio","item":"https:\/\/fuentesfidedignas.com.mx\/"},{"@type":"ListItem","position":2,"name":"\u201cAhome vive un buen momento y ser\u00e1 sede de la reuni\u00f3n de la AALMAC\u201d: Vargas Landeros"}]},{"@type":"WebSite","@id":"https:\/\/fuentesfidedignas.com.mx\/#website","url":"https:\/\/fuentesfidedignas.com.mx\/","name":"Fuentes Fidedignas","description":"Otro sitio realizado con WordPress","publisher":{"@id":"https:\/\/fuentesfidedignas.com.mx\/#organization"},"potentialAction":[{"@type":"SearchAction","target":{"@type":"EntryPoint","urlTemplate":"https:\/\/fuentesfidedignas.com.mx\/?s={search_term_string}"},"query-input":{"@type":"PropertyValueSpecification","valueRequired":true,"valueName":"search_term_string"}}],"inLanguage":"es"},{"@type":"Organization","@id":"https:\/\/fuentesfidedignas.com.mx\/#organization","name":"Fuentes Fidedignas","url":"https:\/\/fuentesfidedignas.com.mx\/","logo":{"@type":"ImageObject","inLanguage":"es","@id":"https:\/\/fuentesfidedignas.com.mx\/#\/schema\/logo\/image\/","url":"https:\/\/fuentesfidedignas.com.mx\/wp-content\/uploads\/2021\/04\/logo-retina.png","contentUrl":"https:\/\/fuentesfidedignas.com.mx\/wp-content\/uploads\/2021\/04\/logo-retina.png","width":280,"height":51,"caption":"Fuentes Fidedignas"},"image":{"@id":"https:\/\/fuentesfidedignas.com.mx\/#\/schema\/logo\/image\/"},"sameAs":["https:\/\/www.facebook.com\/Fuentes-Fidedignas-368234489921644","https:\/\/x.com\/fidedignas"]},{"@type":"Person","@id":"https:\/\/fuentesfidedignas.com.mx\/#\/schema\/person\/331be9283d37198e2acd5750279085b0","name":"Redacci\u00f3n","image":{"@type":"ImageObject","inLanguage":"es","@id":"https:\/\/secure.gravatar.com\/avatar\/f6d8782c11d12b2d4ad3fbb6931aeab5309937a4d6cd2fc9cfaa28a6396a5aec?s=96&d=mm&r=g","url":"https:\/\/secure.gravatar.com\/avatar\/f6d8782c11d12b2d4ad3fbb6931aeab5309937a4d6cd2fc9cfaa28a6396a5aec?s=96&d=mm&r=g","contentUrl":"https:\/\/secure.gravatar.com\/avatar\/f6d8782c11d12b2d4ad3fbb6931aeab5309937a4d6cd2fc9cfaa28a6396a5aec?s=96&d=mm&r=g","caption":"Redacci\u00f3n"},"url":"https:\/\/fuentesfidedignas.com.mx\/index.php\/author\/redaccion\/"}]}},"_links":{"self":[{"href":"https:\/\/fuentesfidedignas.com.mx\/index.php\/wp-json\/wp\/v2\/posts\/33940","targetHints":{"allow":["GET"]}}],"collection":[{"href":"https:\/\/fuentesfidedignas.com.mx\/index.php\/wp-json\/wp\/v2\/posts"}],"about":[{"href":"https:\/\/fuentesfidedignas.com.mx\/index.php\/wp-json\/wp\/v2\/types\/post"}],"author":[{"embeddable":true,"href":"https:\/\/fuentesfidedignas.com.mx\/index.php\/wp-json\/wp\/v2\/users\/4"}],"replies":[{"embeddable":true,"href":"https:\/\/fuentesfidedignas.com.mx\/index.php\/wp-json\/wp\/v2\/comments?post=33940"}],"version-history":[{"count":1,"href":"https:\/\/fuentesfidedignas.com.mx\/index.php\/wp-json\/wp\/v2\/posts\/33940\/revisions"}],"predecessor-version":[{"id":33941,"href":"https:\/\/fuentesfidedignas.com.mx\/index.php\/wp-json\/wp\/v2\/posts\/33940\/revisions\/33941"}],"wp:featuredmedia":[{"embeddable":true,"href":"https:\/\/fuentesfidedignas.com.mx\/index.php\/wp-json\/wp\/v2\/media\/33942"}],"wp:attachment":[{"href":"https:\/\/fuentesfidedignas.com.mx\/index.php\/wp-json\/wp\/v2\/media?parent=33940"}],"wp:term":[{"taxonomy":"category","embeddable":true,"href":"https:\/\/fuentesfidedignas.com.mx\/index.php\/wp-json\/wp\/v2\/categories?post=33940"},{"taxonomy":"post_tag","embeddable":true,"href":"https:\/\/fuentesfidedignas.com.mx\/index.php\/wp-json\/wp\/v2\/tags?post=33940"}],"curies":[{"name":"wp","href":"https:\/\/api.w.org\/{rel}","templated":true}]}}