{"id":33902,"date":"2022-06-09T07:54:57","date_gmt":"2022-06-09T13:54:57","guid":{"rendered":"https:\/\/fuentesfidedignas.com.mx\/?p=33902"},"modified":"2022-06-09T07:54:58","modified_gmt":"2022-06-09T13:54:58","slug":"amlo-ofrece-a-argentina-avion-presidencial-lo-pagarian-en-abonos","status":"publish","type":"post","link":"https:\/\/fuentesfidedignas.com.mx\/index.php\/2022\/06\/09\/amlo-ofrece-a-argentina-avion-presidencial-lo-pagarian-en-abonos\/","title":{"rendered":"AMLO ofrece a Argentina avi\u00f3n presidencial; lo pagar\u00edan en abonos"},"content":{"rendered":"\n<p><strong><em>El presidente L\u00f3pez Obrador ofreci\u00f3 al gobierno de Argentina el avi\u00f3n presidencial y que puedan pagarlo en plazos.<\/em><\/strong><\/p>\n\n\n\n<p>Ciudad de M\u00e9xico.- El presidente Andr\u00e9s Manuel L\u00f3pez Obrador inform\u00f3 que se negocia con el gobierno de Argentina que pueda adquirir el avi\u00f3n presidencial \u201cJos\u00e9 Mar\u00eda Morelos y Pav\u00f3n\u201d y que lo paguen en abonos hasta llegar al costo de aval\u00fao.<\/p>\n\n\n\n<p>De acuerdo con el mandatario federal, la administraci\u00f3n de Alberto Fern\u00e1ndez tiene una bolsa de 30 millones de d\u00f3lares para renovar su avi\u00f3n presidencial, por lo que M\u00e9xico analiza que de vend\u00e9rselo puedan completar el costo total de la aeronave en abonos.<\/p>\n\n\n\n<p>El aparato, que el gobierno federal ha buscado vender infructuosamente durante 3 a\u00f1os, tiene un valor de 110 millones de d\u00f3lares.<\/p>\n\n\n\n<p>\u201cEs como el avi\u00f3n presidencial, ya se agot\u00f3, por ejemplo, la capacidad de tiempo de vida \u00fatil del avi\u00f3n de Argentina, el avi\u00f3n presidencial, entonces les mandamos a decir ah\u00ed est\u00e1, ll\u00e9vense el avi\u00f3n nuestro.<\/p>\n\n\n\n<p>\u201cAdem\u00e1s es un gobierno amigo, pero el aval\u00fao es de 110 millones de d\u00f3lares y ellos reservaron 30 millones de d\u00f3lares, todav\u00eda no lo descartaremos, que puedan dar los 30 y en plazos paguen despu\u00e9s el resto, pero son de esas operaciones, de esos negocios de la \u00e9poca fara\u00f3nica, muy malos negocios para el pueblo de M\u00e9xico\u201d, plante\u00f3 el jefe del Ejecutivo federal en conferencia de prensa desde Palacio Nacional.<\/p>\n\n\n\n<p>El pasado 28 de marzo, el presidente de la Rep\u00fablica hab\u00eda informado que la aeronave ser\u00eda operada por la empresa del Ej\u00e9rcito, \u201cOlmeca, Maya, Mexica\u201d.<\/p>\n\n\n\n<p>El plan es que la empresa militar y, que tambi\u00e9n administra el Aeropuerto Internacional Felipe \u00c1ngeles (AIFA), el Tren Maya, as\u00ed como los nuevos aer\u00f3dromos de Tulum y Palenque, pueda rentar el avi\u00f3n a particulares para viajes largos en bodas, incluso celebraciones de 15 a\u00f1os o cualquier tipo de evento.<\/p>\n\n\n\n<p>El mandatario mexicano ha reconocido que por el lujo y reconfiguraci\u00f3n de la aeronave no se ha podido concretar ninguna de las ofertas que han recibido por el aparato, sin embargo, ha rechazado que el avi\u00f3n pueda ser utilizado por funcionarios p\u00fablicos.<\/p>\n\n\n\n<p>Para mantenimiento del avi\u00f3n presidencial durante este a\u00f1o, se tiene destinada una partida de 331.4 millones de pesos.<\/p>\n\n\n\n<p>En septiembre de 2020, se realiz\u00f3 un sorteo de loter\u00eda que simb\u00f3licamente otorgaba el avi\u00f3n presidencial como premio, en el cual el gobierno gast\u00f3 121 millones de pesos.<\/p>\n","protected":false},"excerpt":{"rendered":"<p>El presidente L\u00f3pez Obrador ofreci\u00f3 al gobierno de Argentina el avi\u00f3n presidencial y que puedan pagarlo en plazos. Ciudad de M\u00e9xico.- El presidente Andr\u00e9s Manuel L\u00f3pez Obrador inform\u00f3 que se negocia con el gobierno de Argentina que pueda adquirir el avi\u00f3n presidencial \u201cJos\u00e9 Mar\u00eda Morelos y Pav\u00f3n\u201d y que lo paguen en abonos hasta llegar [&hellip;]<\/p>\n","protected":false},"author":5,"featured_media":23647,"comment_status":"open","ping_status":"open","sticky":false,"template":"","format":"standard","meta":{"tdm_status":"","tdm_grid_status":"","footnotes":""},"categories":[39],"tags":[247,297,450],"class_list":{"0":"post-33902","1":"post","2":"type-post","3":"status-publish","4":"format-standard","5":"has-post-thumbnail","7":"category-noticias-nacionales","8":"tag-amlo","9":"tag-andres-manuel-lopez-obrador","10":"tag-avion-presidencial"},"yoast_head":"<!-- This site is optimized with the Yoast SEO plugin v27.4 - https:\/\/yoast.com\/product\/yoast-seo-wordpress\/ -->\n<title>AMLO ofrece a Argentina avi\u00f3n presidencial; lo pagar\u00edan en abonos - Fuentes Fidedignas<\/title>\n<meta name=\"robots\" content=\"index, follow, max-snippet:-1, max-image-preview:large, max-video-preview:-1\" \/>\n<link rel=\"canonical\" href=\"https:\/\/fuentesfidedignas.com.mx\/index.php\/2022\/06\/09\/amlo-ofrece-a-argentina-avion-presidencial-lo-pagarian-en-abonos\/\" \/>\n<meta property=\"og:locale\" content=\"es_MX\" \/>\n<meta property=\"og:type\" content=\"article\" \/>\n<meta property=\"og:title\" content=\"AMLO ofrece a Argentina avi\u00f3n presidencial; lo pagar\u00edan en abonos - Fuentes Fidedignas\" \/>\n<meta property=\"og:description\" content=\"El presidente L\u00f3pez Obrador ofreci\u00f3 al gobierno de Argentina el avi\u00f3n presidencial y que puedan pagarlo en plazos. Ciudad de M\u00e9xico.- El presidente Andr\u00e9s Manuel L\u00f3pez Obrador inform\u00f3 que se negocia con el gobierno de Argentina que pueda adquirir el avi\u00f3n presidencial \u201cJos\u00e9 Mar\u00eda Morelos y Pav\u00f3n\u201d y que lo paguen en abonos hasta llegar [&hellip;]\" \/>\n<meta property=\"og:url\" content=\"https:\/\/fuentesfidedignas.com.mx\/index.php\/2022\/06\/09\/amlo-ofrece-a-argentina-avion-presidencial-lo-pagarian-en-abonos\/\" \/>\n<meta property=\"og:site_name\" content=\"Fuentes Fidedignas\" \/>\n<meta property=\"article:publisher\" content=\"https:\/\/www.facebook.com\/Fuentes-Fidedignas-368234489921644\" \/>\n<meta property=\"article:published_time\" content=\"2022-06-09T13:54:57+00:00\" \/>\n<meta property=\"article:modified_time\" content=\"2022-06-09T13:54:58+00:00\" \/>\n<meta property=\"og:image\" content=\"https:\/\/fuentesfidedignas.com.mx\/wp-content\/uploads\/2022\/02\/AVION_PRESIDENCIAL.jpeg\" \/>\n\t<meta property=\"og:image:width\" content=\"800\" \/>\n\t<meta property=\"og:image:height\" content=\"537\" \/>\n\t<meta property=\"og:image:type\" content=\"image\/jpeg\" \/>\n<meta name=\"author\" content=\"Forbes\" \/>\n<meta name=\"twitter:card\" content=\"summary_large_image\" \/>\n<meta name=\"twitter:creator\" content=\"@fidedignas\" \/>\n<meta name=\"twitter:site\" content=\"@fidedignas\" \/>\n<meta name=\"twitter:label1\" content=\"Escrito por\" \/>\n\t<meta name=\"twitter:data1\" content=\"Forbes\" \/>\n\t<meta name=\"twitter:label2\" content=\"Tiempo de lectura\" \/>\n\t<meta name=\"twitter:data2\" content=\"2 minutos\" \/>\n<script type=\"application\/ld+json\" class=\"yoast-schema-graph\">{\"@context\":\"https:\\\/\\\/schema.org\",\"@graph\":[{\"@type\":\"Article\",\"@id\":\"https:\\\/\\\/fuentesfidedignas.com.mx\\\/index.php\\\/2022\\\/06\\\/09\\\/amlo-ofrece-a-argentina-avion-presidencial-lo-pagarian-en-abonos\\\/#article\",\"isPartOf\":{\"@id\":\"https:\\\/\\\/fuentesfidedignas.com.mx\\\/index.php\\\/2022\\\/06\\\/09\\\/amlo-ofrece-a-argentina-avion-presidencial-lo-pagarian-en-abonos\\\/\"},\"author\":{\"name\":\"Forbes\",\"@id\":\"https:\\\/\\\/fuentesfidedignas.com.mx\\\/#\\\/schema\\\/person\\\/5623d53fe2e579d825b1679734abcc44\"},\"headline\":\"AMLO ofrece a Argentina avi\u00f3n presidencial; lo pagar\u00edan en abonos\",\"datePublished\":\"2022-06-09T13:54:57+00:00\",\"dateModified\":\"2022-06-09T13:54:58+00:00\",\"mainEntityOfPage\":{\"@id\":\"https:\\\/\\\/fuentesfidedignas.com.mx\\\/index.php\\\/2022\\\/06\\\/09\\\/amlo-ofrece-a-argentina-avion-presidencial-lo-pagarian-en-abonos\\\/\"},\"wordCount\":438,\"commentCount\":0,\"publisher\":{\"@id\":\"https:\\\/\\\/fuentesfidedignas.com.mx\\\/#organization\"},\"image\":{\"@id\":\"https:\\\/\\\/fuentesfidedignas.com.mx\\\/index.php\\\/2022\\\/06\\\/09\\\/amlo-ofrece-a-argentina-avion-presidencial-lo-pagarian-en-abonos\\\/#primaryimage\"},\"thumbnailUrl\":\"https:\\\/\\\/fuentesfidedignas.com.mx\\\/wp-content\\\/uploads\\\/2022\\\/02\\\/AVION_PRESIDENCIAL.jpeg\",\"keywords\":[\"AMLO\",\"Andr\u00e9s Manuel L\u00f3pez Obrador\",\"Avi\u00f3n presidencial\"],\"articleSection\":[\"NOTICIAS NACIONALES\"],\"inLanguage\":\"es\",\"potentialAction\":[{\"@type\":\"CommentAction\",\"name\":\"Comment\",\"target\":[\"https:\\\/\\\/fuentesfidedignas.com.mx\\\/index.php\\\/2022\\\/06\\\/09\\\/amlo-ofrece-a-argentina-avion-presidencial-lo-pagarian-en-abonos\\\/#respond\"]}]},{\"@type\":\"WebPage\",\"@id\":\"https:\\\/\\\/fuentesfidedignas.com.mx\\\/index.php\\\/2022\\\/06\\\/09\\\/amlo-ofrece-a-argentina-avion-presidencial-lo-pagarian-en-abonos\\\/\",\"url\":\"https:\\\/\\\/fuentesfidedignas.com.mx\\\/index.php\\\/2022\\\/06\\\/09\\\/amlo-ofrece-a-argentina-avion-presidencial-lo-pagarian-en-abonos\\\/\",\"name\":\"AMLO ofrece a Argentina avi\u00f3n presidencial; lo pagar\u00edan en abonos - Fuentes Fidedignas\",\"isPartOf\":{\"@id\":\"https:\\\/\\\/fuentesfidedignas.com.mx\\\/#website\"},\"primaryImageOfPage\":{\"@id\":\"https:\\\/\\\/fuentesfidedignas.com.mx\\\/index.php\\\/2022\\\/06\\\/09\\\/amlo-ofrece-a-argentina-avion-presidencial-lo-pagarian-en-abonos\\\/#primaryimage\"},\"image\":{\"@id\":\"https:\\\/\\\/fuentesfidedignas.com.mx\\\/index.php\\\/2022\\\/06\\\/09\\\/amlo-ofrece-a-argentina-avion-presidencial-lo-pagarian-en-abonos\\\/#primaryimage\"},\"thumbnailUrl\":\"https:\\\/\\\/fuentesfidedignas.com.mx\\\/wp-content\\\/uploads\\\/2022\\\/02\\\/AVION_PRESIDENCIAL.jpeg\",\"datePublished\":\"2022-06-09T13:54:57+00:00\",\"dateModified\":\"2022-06-09T13:54:58+00:00\",\"breadcrumb\":{\"@id\":\"https:\\\/\\\/fuentesfidedignas.com.mx\\\/index.php\\\/2022\\\/06\\\/09\\\/amlo-ofrece-a-argentina-avion-presidencial-lo-pagarian-en-abonos\\\/#breadcrumb\"},\"inLanguage\":\"es\",\"potentialAction\":[{\"@type\":\"ReadAction\",\"target\":[\"https:\\\/\\\/fuentesfidedignas.com.mx\\\/index.php\\\/2022\\\/06\\\/09\\\/amlo-ofrece-a-argentina-avion-presidencial-lo-pagarian-en-abonos\\\/\"]}]},{\"@type\":\"ImageObject\",\"inLanguage\":\"es\",\"@id\":\"https:\\\/\\\/fuentesfidedignas.com.mx\\\/index.php\\\/2022\\\/06\\\/09\\\/amlo-ofrece-a-argentina-avion-presidencial-lo-pagarian-en-abonos\\\/#primaryimage\",\"url\":\"https:\\\/\\\/fuentesfidedignas.com.mx\\\/wp-content\\\/uploads\\\/2022\\\/02\\\/AVION_PRESIDENCIAL.jpeg\",\"contentUrl\":\"https:\\\/\\\/fuentesfidedignas.com.mx\\\/wp-content\\\/uploads\\\/2022\\\/02\\\/AVION_PRESIDENCIAL.jpeg\",\"width\":800,\"height\":537},{\"@type\":\"BreadcrumbList\",\"@id\":\"https:\\\/\\\/fuentesfidedignas.com.mx\\\/index.php\\\/2022\\\/06\\\/09\\\/amlo-ofrece-a-argentina-avion-presidencial-lo-pagarian-en-abonos\\\/#breadcrumb\",\"itemListElement\":[{\"@type\":\"ListItem\",\"position\":1,\"name\":\"Inicio\",\"item\":\"https:\\\/\\\/fuentesfidedignas.com.mx\\\/\"},{\"@type\":\"ListItem\",\"position\":2,\"name\":\"AMLO ofrece a Argentina avi\u00f3n presidencial; lo pagar\u00edan en abonos\"}]},{\"@type\":\"WebSite\",\"@id\":\"https:\\\/\\\/fuentesfidedignas.com.mx\\\/#website\",\"url\":\"https:\\\/\\\/fuentesfidedignas.com.mx\\\/\",\"name\":\"Fuentes Fidedignas\",\"description\":\"Otro sitio realizado con WordPress\",\"publisher\":{\"@id\":\"https:\\\/\\\/fuentesfidedignas.com.mx\\\/#organization\"},\"potentialAction\":[{\"@type\":\"SearchAction\",\"target\":{\"@type\":\"EntryPoint\",\"urlTemplate\":\"https:\\\/\\\/fuentesfidedignas.com.mx\\\/?s={search_term_string}\"},\"query-input\":{\"@type\":\"PropertyValueSpecification\",\"valueRequired\":true,\"valueName\":\"search_term_string\"}}],\"inLanguage\":\"es\"},{\"@type\":\"Organization\",\"@id\":\"https:\\\/\\\/fuentesfidedignas.com.mx\\\/#organization\",\"name\":\"Fuentes Fidedignas\",\"url\":\"https:\\\/\\\/fuentesfidedignas.com.mx\\\/\",\"logo\":{\"@type\":\"ImageObject\",\"inLanguage\":\"es\",\"@id\":\"https:\\\/\\\/fuentesfidedignas.com.mx\\\/#\\\/schema\\\/logo\\\/image\\\/\",\"url\":\"https:\\\/\\\/fuentesfidedignas.com.mx\\\/wp-content\\\/uploads\\\/2021\\\/04\\\/logo-retina.png\",\"contentUrl\":\"https:\\\/\\\/fuentesfidedignas.com.mx\\\/wp-content\\\/uploads\\\/2021\\\/04\\\/logo-retina.png\",\"width\":280,\"height\":51,\"caption\":\"Fuentes Fidedignas\"},\"image\":{\"@id\":\"https:\\\/\\\/fuentesfidedignas.com.mx\\\/#\\\/schema\\\/logo\\\/image\\\/\"},\"sameAs\":[\"https:\\\/\\\/www.facebook.com\\\/Fuentes-Fidedignas-368234489921644\",\"https:\\\/\\\/x.com\\\/fidedignas\"]},{\"@type\":\"Person\",\"@id\":\"https:\\\/\\\/fuentesfidedignas.com.mx\\\/#\\\/schema\\\/person\\\/5623d53fe2e579d825b1679734abcc44\",\"name\":\"Forbes\",\"image\":{\"@type\":\"ImageObject\",\"inLanguage\":\"es\",\"@id\":\"https:\\\/\\\/secure.gravatar.com\\\/avatar\\\/87ce3dd4e41e60c22a79c758614f01a6bc2469255fc936ec7b15efb9bb5cb66f?s=96&d=mm&r=g\",\"url\":\"https:\\\/\\\/secure.gravatar.com\\\/avatar\\\/87ce3dd4e41e60c22a79c758614f01a6bc2469255fc936ec7b15efb9bb5cb66f?s=96&d=mm&r=g\",\"contentUrl\":\"https:\\\/\\\/secure.gravatar.com\\\/avatar\\\/87ce3dd4e41e60c22a79c758614f01a6bc2469255fc936ec7b15efb9bb5cb66f?s=96&d=mm&r=g\",\"caption\":\"Forbes\"},\"url\":\"https:\\\/\\\/fuentesfidedignas.com.mx\\\/index.php\\\/author\\\/forbes\\\/\"}]}<\/script>\n<!-- \/ Yoast SEO plugin. -->","yoast_head_json":{"title":"AMLO ofrece a Argentina avi\u00f3n presidencial; lo pagar\u00edan en abonos - Fuentes Fidedignas","robots":{"index":"index","follow":"follow","max-snippet":"max-snippet:-1","max-image-preview":"max-image-preview:large","max-video-preview":"max-video-preview:-1"},"canonical":"https:\/\/fuentesfidedignas.com.mx\/index.php\/2022\/06\/09\/amlo-ofrece-a-argentina-avion-presidencial-lo-pagarian-en-abonos\/","og_locale":"es_MX","og_type":"article","og_title":"AMLO ofrece a Argentina avi\u00f3n presidencial; lo pagar\u00edan en abonos - Fuentes Fidedignas","og_description":"El presidente L\u00f3pez Obrador ofreci\u00f3 al gobierno de Argentina el avi\u00f3n presidencial y que puedan pagarlo en plazos. Ciudad de M\u00e9xico.- El presidente Andr\u00e9s Manuel L\u00f3pez Obrador inform\u00f3 que se negocia con el gobierno de Argentina que pueda adquirir el avi\u00f3n presidencial \u201cJos\u00e9 Mar\u00eda Morelos y Pav\u00f3n\u201d y que lo paguen en abonos hasta llegar [&hellip;]","og_url":"https:\/\/fuentesfidedignas.com.mx\/index.php\/2022\/06\/09\/amlo-ofrece-a-argentina-avion-presidencial-lo-pagarian-en-abonos\/","og_site_name":"Fuentes Fidedignas","article_publisher":"https:\/\/www.facebook.com\/Fuentes-Fidedignas-368234489921644","article_published_time":"2022-06-09T13:54:57+00:00","article_modified_time":"2022-06-09T13:54:58+00:00","og_image":[{"width":800,"height":537,"url":"https:\/\/fuentesfidedignas.com.mx\/wp-content\/uploads\/2022\/02\/AVION_PRESIDENCIAL.jpeg","type":"image\/jpeg"}],"author":"Forbes","twitter_card":"summary_large_image","twitter_creator":"@fidedignas","twitter_site":"@fidedignas","twitter_misc":{"Escrito por":"Forbes","Tiempo de lectura":"2 minutos"},"schema":{"@context":"https:\/\/schema.org","@graph":[{"@type":"Article","@id":"https:\/\/fuentesfidedignas.com.mx\/index.php\/2022\/06\/09\/amlo-ofrece-a-argentina-avion-presidencial-lo-pagarian-en-abonos\/#article","isPartOf":{"@id":"https:\/\/fuentesfidedignas.com.mx\/index.php\/2022\/06\/09\/amlo-ofrece-a-argentina-avion-presidencial-lo-pagarian-en-abonos\/"},"author":{"name":"Forbes","@id":"https:\/\/fuentesfidedignas.com.mx\/#\/schema\/person\/5623d53fe2e579d825b1679734abcc44"},"headline":"AMLO ofrece a Argentina avi\u00f3n presidencial; lo pagar\u00edan en abonos","datePublished":"2022-06-09T13:54:57+00:00","dateModified":"2022-06-09T13:54:58+00:00","mainEntityOfPage":{"@id":"https:\/\/fuentesfidedignas.com.mx\/index.php\/2022\/06\/09\/amlo-ofrece-a-argentina-avion-presidencial-lo-pagarian-en-abonos\/"},"wordCount":438,"commentCount":0,"publisher":{"@id":"https:\/\/fuentesfidedignas.com.mx\/#organization"},"image":{"@id":"https:\/\/fuentesfidedignas.com.mx\/index.php\/2022\/06\/09\/amlo-ofrece-a-argentina-avion-presidencial-lo-pagarian-en-abonos\/#primaryimage"},"thumbnailUrl":"https:\/\/fuentesfidedignas.com.mx\/wp-content\/uploads\/2022\/02\/AVION_PRESIDENCIAL.jpeg","keywords":["AMLO","Andr\u00e9s Manuel L\u00f3pez Obrador","Avi\u00f3n presidencial"],"articleSection":["NOTICIAS NACIONALES"],"inLanguage":"es","potentialAction":[{"@type":"CommentAction","name":"Comment","target":["https:\/\/fuentesfidedignas.com.mx\/index.php\/2022\/06\/09\/amlo-ofrece-a-argentina-avion-presidencial-lo-pagarian-en-abonos\/#respond"]}]},{"@type":"WebPage","@id":"https:\/\/fuentesfidedignas.com.mx\/index.php\/2022\/06\/09\/amlo-ofrece-a-argentina-avion-presidencial-lo-pagarian-en-abonos\/","url":"https:\/\/fuentesfidedignas.com.mx\/index.php\/2022\/06\/09\/amlo-ofrece-a-argentina-avion-presidencial-lo-pagarian-en-abonos\/","name":"AMLO ofrece a Argentina avi\u00f3n presidencial; lo pagar\u00edan en abonos - Fuentes Fidedignas","isPartOf":{"@id":"https:\/\/fuentesfidedignas.com.mx\/#website"},"primaryImageOfPage":{"@id":"https:\/\/fuentesfidedignas.com.mx\/index.php\/2022\/06\/09\/amlo-ofrece-a-argentina-avion-presidencial-lo-pagarian-en-abonos\/#primaryimage"},"image":{"@id":"https:\/\/fuentesfidedignas.com.mx\/index.php\/2022\/06\/09\/amlo-ofrece-a-argentina-avion-presidencial-lo-pagarian-en-abonos\/#primaryimage"},"thumbnailUrl":"https:\/\/fuentesfidedignas.com.mx\/wp-content\/uploads\/2022\/02\/AVION_PRESIDENCIAL.jpeg","datePublished":"2022-06-09T13:54:57+00:00","dateModified":"2022-06-09T13:54:58+00:00","breadcrumb":{"@id":"https:\/\/fuentesfidedignas.com.mx\/index.php\/2022\/06\/09\/amlo-ofrece-a-argentina-avion-presidencial-lo-pagarian-en-abonos\/#breadcrumb"},"inLanguage":"es","potentialAction":[{"@type":"ReadAction","target":["https:\/\/fuentesfidedignas.com.mx\/index.php\/2022\/06\/09\/amlo-ofrece-a-argentina-avion-presidencial-lo-pagarian-en-abonos\/"]}]},{"@type":"ImageObject","inLanguage":"es","@id":"https:\/\/fuentesfidedignas.com.mx\/index.php\/2022\/06\/09\/amlo-ofrece-a-argentina-avion-presidencial-lo-pagarian-en-abonos\/#primaryimage","url":"https:\/\/fuentesfidedignas.com.mx\/wp-content\/uploads\/2022\/02\/AVION_PRESIDENCIAL.jpeg","contentUrl":"https:\/\/fuentesfidedignas.com.mx\/wp-content\/uploads\/2022\/02\/AVION_PRESIDENCIAL.jpeg","width":800,"height":537},{"@type":"BreadcrumbList","@id":"https:\/\/fuentesfidedignas.com.mx\/index.php\/2022\/06\/09\/amlo-ofrece-a-argentina-avion-presidencial-lo-pagarian-en-abonos\/#breadcrumb","itemListElement":[{"@type":"ListItem","position":1,"name":"Inicio","item":"https:\/\/fuentesfidedignas.com.mx\/"},{"@type":"ListItem","position":2,"name":"AMLO ofrece a Argentina avi\u00f3n presidencial; lo pagar\u00edan en abonos"}]},{"@type":"WebSite","@id":"https:\/\/fuentesfidedignas.com.mx\/#website","url":"https:\/\/fuentesfidedignas.com.mx\/","name":"Fuentes Fidedignas","description":"Otro sitio realizado con WordPress","publisher":{"@id":"https:\/\/fuentesfidedignas.com.mx\/#organization"},"potentialAction":[{"@type":"SearchAction","target":{"@type":"EntryPoint","urlTemplate":"https:\/\/fuentesfidedignas.com.mx\/?s={search_term_string}"},"query-input":{"@type":"PropertyValueSpecification","valueRequired":true,"valueName":"search_term_string"}}],"inLanguage":"es"},{"@type":"Organization","@id":"https:\/\/fuentesfidedignas.com.mx\/#organization","name":"Fuentes Fidedignas","url":"https:\/\/fuentesfidedignas.com.mx\/","logo":{"@type":"ImageObject","inLanguage":"es","@id":"https:\/\/fuentesfidedignas.com.mx\/#\/schema\/logo\/image\/","url":"https:\/\/fuentesfidedignas.com.mx\/wp-content\/uploads\/2021\/04\/logo-retina.png","contentUrl":"https:\/\/fuentesfidedignas.com.mx\/wp-content\/uploads\/2021\/04\/logo-retina.png","width":280,"height":51,"caption":"Fuentes Fidedignas"},"image":{"@id":"https:\/\/fuentesfidedignas.com.mx\/#\/schema\/logo\/image\/"},"sameAs":["https:\/\/www.facebook.com\/Fuentes-Fidedignas-368234489921644","https:\/\/x.com\/fidedignas"]},{"@type":"Person","@id":"https:\/\/fuentesfidedignas.com.mx\/#\/schema\/person\/5623d53fe2e579d825b1679734abcc44","name":"Forbes","image":{"@type":"ImageObject","inLanguage":"es","@id":"https:\/\/secure.gravatar.com\/avatar\/87ce3dd4e41e60c22a79c758614f01a6bc2469255fc936ec7b15efb9bb5cb66f?s=96&d=mm&r=g","url":"https:\/\/secure.gravatar.com\/avatar\/87ce3dd4e41e60c22a79c758614f01a6bc2469255fc936ec7b15efb9bb5cb66f?s=96&d=mm&r=g","contentUrl":"https:\/\/secure.gravatar.com\/avatar\/87ce3dd4e41e60c22a79c758614f01a6bc2469255fc936ec7b15efb9bb5cb66f?s=96&d=mm&r=g","caption":"Forbes"},"url":"https:\/\/fuentesfidedignas.com.mx\/index.php\/author\/forbes\/"}]}},"_links":{"self":[{"href":"https:\/\/fuentesfidedignas.com.mx\/index.php\/wp-json\/wp\/v2\/posts\/33902","targetHints":{"allow":["GET"]}}],"collection":[{"href":"https:\/\/fuentesfidedignas.com.mx\/index.php\/wp-json\/wp\/v2\/posts"}],"about":[{"href":"https:\/\/fuentesfidedignas.com.mx\/index.php\/wp-json\/wp\/v2\/types\/post"}],"author":[{"embeddable":true,"href":"https:\/\/fuentesfidedignas.com.mx\/index.php\/wp-json\/wp\/v2\/users\/5"}],"replies":[{"embeddable":true,"href":"https:\/\/fuentesfidedignas.com.mx\/index.php\/wp-json\/wp\/v2\/comments?post=33902"}],"version-history":[{"count":1,"href":"https:\/\/fuentesfidedignas.com.mx\/index.php\/wp-json\/wp\/v2\/posts\/33902\/revisions"}],"predecessor-version":[{"id":33903,"href":"https:\/\/fuentesfidedignas.com.mx\/index.php\/wp-json\/wp\/v2\/posts\/33902\/revisions\/33903"}],"wp:featuredmedia":[{"embeddable":true,"href":"https:\/\/fuentesfidedignas.com.mx\/index.php\/wp-json\/wp\/v2\/media\/23647"}],"wp:attachment":[{"href":"https:\/\/fuentesfidedignas.com.mx\/index.php\/wp-json\/wp\/v2\/media?parent=33902"}],"wp:term":[{"taxonomy":"category","embeddable":true,"href":"https:\/\/fuentesfidedignas.com.mx\/index.php\/wp-json\/wp\/v2\/categories?post=33902"},{"taxonomy":"post_tag","embeddable":true,"href":"https:\/\/fuentesfidedignas.com.mx\/index.php\/wp-json\/wp\/v2\/tags?post=33902"}],"curies":[{"name":"wp","href":"https:\/\/api.w.org\/{rel}","templated":true}]}}