{"id":33866,"date":"2022-06-08T14:26:00","date_gmt":"2022-06-08T20:26:00","guid":{"rendered":"https:\/\/fuentesfidedignas.com.mx\/?p=33866"},"modified":"2022-06-08T15:28:06","modified_gmt":"2022-06-08T21:28:06","slug":"comunicacion-y-dialogo-la-base-de-la-politica-vargas-landeros","status":"publish","type":"post","link":"https:\/\/fuentesfidedignas.com.mx\/index.php\/2022\/06\/08\/comunicacion-y-dialogo-la-base-de-la-politica-vargas-landeros\/","title":{"rendered":"Comunicaci\u00f3n y di\u00e1logo, la base de la pol\u00edtica: Vargas Landeros"},"content":{"rendered":"\n<p><strong><em> Con di\u00e1logo, respeto y lineamientos de mi jefe pol\u00edtico, el gobernador Rub\u00e9n Rocha Moya, conduzco el municipio de Ahome<\/em><\/strong><br><br>Culiac\u00e1n, Sin.- Tras precisar que la comunicaci\u00f3n es muy importante en la pol\u00edtica y sobre todo el di\u00e1logo en el momento m\u00e1s oportuno, el presidente municipal de Ahome, Gerardo Vargas Landeros subray\u00f3 que \u201cesa es la forma en la yo me conduzco, siempre con el debido respeto y lineamientos de mi jefe pol\u00edtico, el gobernador, doctor Rub\u00e9n Rocha Moya\u201d.<\/p>\n\n\n\n<p>En improvisada rueda de prensa, a su llegada al Primer Informe de labores del Rector 2021, del rector de la UAS, doctor Jes\u00fas Madue\u00f1a Molina, el Alcalde de Ahome fue abordado con relaci\u00f3n a la situaci\u00f3n por la que atraviesa el presidente municipal de Culiac\u00e1n, con licencia, Jes\u00fas Estrada Ferreiro, puntualizando:<\/p>\n\n\n\n<p>&#8220;Todos los pol\u00edticos tenemos que tomar como lecci\u00f3n lo que est\u00e1 pasando, principalmente los Alcaldes, tenemos que adaptarnos a la Ley, y a las circunstancias de lo que mandata la ciudadan\u00eda, porque nosotros somos electos por ellos\u201d.<\/p>\n\n\n\n<p>El presidente municipal de Ahome, a\u00f1adi\u00f3 \u201ctenemos que estar en constante comunicaci\u00f3n y siempre ayudando a los grupos m\u00e1s vulnerables, as\u00ed lo hacemos en Ahome, as\u00ed lo estamos realizando y creo que nos ha ido muy bien\u201d.<\/p>\n\n\n\n<p>Ante la insistencia de los medios de comunicaci\u00f3n, Gerardo Vargas indic\u00f3 que \u201cla situaci\u00f3n de Jes\u00fas Estrada Ferreiro la decidir\u00e1 y determinar\u00e1 el H. Congreso del Estado, ya est\u00e1 en manos de \u00e9l, lo que digamos nosotros cualquier autoridad, cualquier morenista, no sirve de nada, espero que el H. Congreso act\u00fae en consecuencia y con la objetividad que siempre se le ha caracterizado\u201d.<\/p>\n\n\n\n<p>Con relaci\u00f3n al tema de c\u00f3mo queda Morena ante la sociedad, afirm\u00f3 que \u201cmuy bien, no creo que tengamos problemas, un militante de Morena, no puede afectar los millones de morenistas que existimos en M\u00e9xico, y la prueba est\u00e1 que el domingo pasado en las elecciones para gobernador 2022, ganamos 4 de las 6 gubernaturas, en ese sentido, como partido seguimos creciendo y listos para el 2024\u201d.<\/p>\n\n\n\n<p>Asimismo, tambi\u00e9n fue interrogado sobre el tema del pr\u00f3ximo nombramiento del dirigente de Morena en Sinaloa, y si se ve\u00eda como uno de los candidatos, ante esto, el Alcalde de Ahome se\u00f1al\u00f3 \u201cno puedo, soy Alcalde, no tengo porque pensar en un cargo de partido cuando tengo la responsabilidad que me confiri\u00f3 la ciudadan\u00eda de representar la Alcald\u00eda de Ahome\u201d.<\/p>\n","protected":false},"excerpt":{"rendered":"<p>Con di\u00e1logo, respeto y lineamientos de mi jefe pol\u00edtico, el gobernador Rub\u00e9n Rocha Moya, conduzco el municipio de Ahome Culiac\u00e1n, Sin.- Tras precisar que la comunicaci\u00f3n es muy importante en la pol\u00edtica y sobre todo el di\u00e1logo en el momento m\u00e1s oportuno, el presidente municipal de Ahome, Gerardo Vargas Landeros subray\u00f3 que \u201cesa es la [&hellip;]<\/p>\n","protected":false},"author":4,"featured_media":33868,"comment_status":"open","ping_status":"open","sticky":false,"template":"","format":"standard","meta":{"tdm_status":"","tdm_grid_status":"","footnotes":""},"categories":[38],"tags":[1715,1654],"class_list":{"0":"post-33866","1":"post","2":"type-post","3":"status-publish","4":"format-standard","5":"has-post-thumbnail","7":"category-noticias-locales","8":"tag-ayuntamiento-de-ahome","9":"tag-gerardo-vargas-landeros"},"yoast_head":"<!-- This site is optimized with the Yoast SEO plugin v27.5 - https:\/\/yoast.com\/product\/yoast-seo-wordpress\/ -->\n<title>Comunicaci\u00f3n y di\u00e1logo, la base de la pol\u00edtica: Vargas Landeros - Fuentes Fidedignas<\/title>\n<meta name=\"robots\" content=\"index, follow, max-snippet:-1, max-image-preview:large, max-video-preview:-1\" \/>\n<link rel=\"canonical\" href=\"https:\/\/fuentesfidedignas.com.mx\/index.php\/2022\/06\/08\/comunicacion-y-dialogo-la-base-de-la-politica-vargas-landeros\/\" \/>\n<meta property=\"og:locale\" content=\"es_MX\" \/>\n<meta property=\"og:type\" content=\"article\" \/>\n<meta property=\"og:title\" content=\"Comunicaci\u00f3n y di\u00e1logo, la base de la pol\u00edtica: Vargas Landeros - Fuentes Fidedignas\" \/>\n<meta property=\"og:description\" content=\"Con di\u00e1logo, respeto y lineamientos de mi jefe pol\u00edtico, el gobernador Rub\u00e9n Rocha Moya, conduzco el municipio de Ahome Culiac\u00e1n, Sin.- Tras precisar que la comunicaci\u00f3n es muy importante en la pol\u00edtica y sobre todo el di\u00e1logo en el momento m\u00e1s oportuno, el presidente municipal de Ahome, Gerardo Vargas Landeros subray\u00f3 que \u201cesa es la [&hellip;]\" \/>\n<meta property=\"og:url\" content=\"https:\/\/fuentesfidedignas.com.mx\/index.php\/2022\/06\/08\/comunicacion-y-dialogo-la-base-de-la-politica-vargas-landeros\/\" \/>\n<meta property=\"og:site_name\" content=\"Fuentes Fidedignas\" \/>\n<meta property=\"article:publisher\" content=\"https:\/\/www.facebook.com\/Fuentes-Fidedignas-368234489921644\" \/>\n<meta property=\"article:published_time\" content=\"2022-06-08T20:26:00+00:00\" \/>\n<meta property=\"article:modified_time\" content=\"2022-06-08T21:28:06+00:00\" \/>\n<meta property=\"og:image\" content=\"https:\/\/fuentesfidedignas.com.mx\/wp-content\/uploads\/2022\/06\/IMG-20220608-WA0048.jpg\" \/>\n\t<meta property=\"og:image:width\" content=\"1280\" \/>\n\t<meta property=\"og:image:height\" content=\"720\" \/>\n\t<meta property=\"og:image:type\" content=\"image\/jpeg\" \/>\n<meta name=\"author\" content=\"Redacci\u00f3n\" \/>\n<meta name=\"twitter:card\" content=\"summary_large_image\" \/>\n<meta name=\"twitter:creator\" content=\"@fidedignas\" \/>\n<meta name=\"twitter:site\" content=\"@fidedignas\" \/>\n<meta name=\"twitter:label1\" content=\"Escrito por\" \/>\n\t<meta name=\"twitter:data1\" content=\"Redacci\u00f3n\" \/>\n\t<meta name=\"twitter:label2\" content=\"Tiempo de lectura\" \/>\n\t<meta name=\"twitter:data2\" content=\"2 minutos\" \/>\n<script type=\"application\/ld+json\" class=\"yoast-schema-graph\">{\"@context\":\"https:\\\/\\\/schema.org\",\"@graph\":[{\"@type\":\"Article\",\"@id\":\"https:\\\/\\\/fuentesfidedignas.com.mx\\\/index.php\\\/2022\\\/06\\\/08\\\/comunicacion-y-dialogo-la-base-de-la-politica-vargas-landeros\\\/#article\",\"isPartOf\":{\"@id\":\"https:\\\/\\\/fuentesfidedignas.com.mx\\\/index.php\\\/2022\\\/06\\\/08\\\/comunicacion-y-dialogo-la-base-de-la-politica-vargas-landeros\\\/\"},\"author\":{\"name\":\"Redacci\u00f3n\",\"@id\":\"https:\\\/\\\/fuentesfidedignas.com.mx\\\/#\\\/schema\\\/person\\\/331be9283d37198e2acd5750279085b0\"},\"headline\":\"Comunicaci\u00f3n y di\u00e1logo, la base de la pol\u00edtica: Vargas Landeros\",\"datePublished\":\"2022-06-08T20:26:00+00:00\",\"dateModified\":\"2022-06-08T21:28:06+00:00\",\"mainEntityOfPage\":{\"@id\":\"https:\\\/\\\/fuentesfidedignas.com.mx\\\/index.php\\\/2022\\\/06\\\/08\\\/comunicacion-y-dialogo-la-base-de-la-politica-vargas-landeros\\\/\"},\"wordCount\":437,\"commentCount\":0,\"publisher\":{\"@id\":\"https:\\\/\\\/fuentesfidedignas.com.mx\\\/#organization\"},\"image\":{\"@id\":\"https:\\\/\\\/fuentesfidedignas.com.mx\\\/index.php\\\/2022\\\/06\\\/08\\\/comunicacion-y-dialogo-la-base-de-la-politica-vargas-landeros\\\/#primaryimage\"},\"thumbnailUrl\":\"https:\\\/\\\/fuentesfidedignas.com.mx\\\/wp-content\\\/uploads\\\/2022\\\/06\\\/IMG-20220608-WA0048.jpg\",\"keywords\":[\"Ayuntamiento de Ahome\",\"Gerardo Vargas Landeros\"],\"articleSection\":[\"NOTICIAS LOCALES\"],\"inLanguage\":\"es\",\"potentialAction\":[{\"@type\":\"CommentAction\",\"name\":\"Comment\",\"target\":[\"https:\\\/\\\/fuentesfidedignas.com.mx\\\/index.php\\\/2022\\\/06\\\/08\\\/comunicacion-y-dialogo-la-base-de-la-politica-vargas-landeros\\\/#respond\"]}]},{\"@type\":\"WebPage\",\"@id\":\"https:\\\/\\\/fuentesfidedignas.com.mx\\\/index.php\\\/2022\\\/06\\\/08\\\/comunicacion-y-dialogo-la-base-de-la-politica-vargas-landeros\\\/\",\"url\":\"https:\\\/\\\/fuentesfidedignas.com.mx\\\/index.php\\\/2022\\\/06\\\/08\\\/comunicacion-y-dialogo-la-base-de-la-politica-vargas-landeros\\\/\",\"name\":\"Comunicaci\u00f3n y di\u00e1logo, la base de la pol\u00edtica: Vargas Landeros - Fuentes Fidedignas\",\"isPartOf\":{\"@id\":\"https:\\\/\\\/fuentesfidedignas.com.mx\\\/#website\"},\"primaryImageOfPage\":{\"@id\":\"https:\\\/\\\/fuentesfidedignas.com.mx\\\/index.php\\\/2022\\\/06\\\/08\\\/comunicacion-y-dialogo-la-base-de-la-politica-vargas-landeros\\\/#primaryimage\"},\"image\":{\"@id\":\"https:\\\/\\\/fuentesfidedignas.com.mx\\\/index.php\\\/2022\\\/06\\\/08\\\/comunicacion-y-dialogo-la-base-de-la-politica-vargas-landeros\\\/#primaryimage\"},\"thumbnailUrl\":\"https:\\\/\\\/fuentesfidedignas.com.mx\\\/wp-content\\\/uploads\\\/2022\\\/06\\\/IMG-20220608-WA0048.jpg\",\"datePublished\":\"2022-06-08T20:26:00+00:00\",\"dateModified\":\"2022-06-08T21:28:06+00:00\",\"breadcrumb\":{\"@id\":\"https:\\\/\\\/fuentesfidedignas.com.mx\\\/index.php\\\/2022\\\/06\\\/08\\\/comunicacion-y-dialogo-la-base-de-la-politica-vargas-landeros\\\/#breadcrumb\"},\"inLanguage\":\"es\",\"potentialAction\":[{\"@type\":\"ReadAction\",\"target\":[\"https:\\\/\\\/fuentesfidedignas.com.mx\\\/index.php\\\/2022\\\/06\\\/08\\\/comunicacion-y-dialogo-la-base-de-la-politica-vargas-landeros\\\/\"]}]},{\"@type\":\"ImageObject\",\"inLanguage\":\"es\",\"@id\":\"https:\\\/\\\/fuentesfidedignas.com.mx\\\/index.php\\\/2022\\\/06\\\/08\\\/comunicacion-y-dialogo-la-base-de-la-politica-vargas-landeros\\\/#primaryimage\",\"url\":\"https:\\\/\\\/fuentesfidedignas.com.mx\\\/wp-content\\\/uploads\\\/2022\\\/06\\\/IMG-20220608-WA0048.jpg\",\"contentUrl\":\"https:\\\/\\\/fuentesfidedignas.com.mx\\\/wp-content\\\/uploads\\\/2022\\\/06\\\/IMG-20220608-WA0048.jpg\",\"width\":1280,\"height\":720},{\"@type\":\"BreadcrumbList\",\"@id\":\"https:\\\/\\\/fuentesfidedignas.com.mx\\\/index.php\\\/2022\\\/06\\\/08\\\/comunicacion-y-dialogo-la-base-de-la-politica-vargas-landeros\\\/#breadcrumb\",\"itemListElement\":[{\"@type\":\"ListItem\",\"position\":1,\"name\":\"Inicio\",\"item\":\"https:\\\/\\\/fuentesfidedignas.com.mx\\\/\"},{\"@type\":\"ListItem\",\"position\":2,\"name\":\"Comunicaci\u00f3n y di\u00e1logo, la base de la pol\u00edtica: Vargas Landeros\"}]},{\"@type\":\"WebSite\",\"@id\":\"https:\\\/\\\/fuentesfidedignas.com.mx\\\/#website\",\"url\":\"https:\\\/\\\/fuentesfidedignas.com.mx\\\/\",\"name\":\"Fuentes Fidedignas\",\"description\":\"Otro sitio realizado con WordPress\",\"publisher\":{\"@id\":\"https:\\\/\\\/fuentesfidedignas.com.mx\\\/#organization\"},\"potentialAction\":[{\"@type\":\"SearchAction\",\"target\":{\"@type\":\"EntryPoint\",\"urlTemplate\":\"https:\\\/\\\/fuentesfidedignas.com.mx\\\/?s={search_term_string}\"},\"query-input\":{\"@type\":\"PropertyValueSpecification\",\"valueRequired\":true,\"valueName\":\"search_term_string\"}}],\"inLanguage\":\"es\"},{\"@type\":\"Organization\",\"@id\":\"https:\\\/\\\/fuentesfidedignas.com.mx\\\/#organization\",\"name\":\"Fuentes Fidedignas\",\"url\":\"https:\\\/\\\/fuentesfidedignas.com.mx\\\/\",\"logo\":{\"@type\":\"ImageObject\",\"inLanguage\":\"es\",\"@id\":\"https:\\\/\\\/fuentesfidedignas.com.mx\\\/#\\\/schema\\\/logo\\\/image\\\/\",\"url\":\"https:\\\/\\\/fuentesfidedignas.com.mx\\\/wp-content\\\/uploads\\\/2021\\\/04\\\/logo-retina.png\",\"contentUrl\":\"https:\\\/\\\/fuentesfidedignas.com.mx\\\/wp-content\\\/uploads\\\/2021\\\/04\\\/logo-retina.png\",\"width\":280,\"height\":51,\"caption\":\"Fuentes Fidedignas\"},\"image\":{\"@id\":\"https:\\\/\\\/fuentesfidedignas.com.mx\\\/#\\\/schema\\\/logo\\\/image\\\/\"},\"sameAs\":[\"https:\\\/\\\/www.facebook.com\\\/Fuentes-Fidedignas-368234489921644\",\"https:\\\/\\\/x.com\\\/fidedignas\"]},{\"@type\":\"Person\",\"@id\":\"https:\\\/\\\/fuentesfidedignas.com.mx\\\/#\\\/schema\\\/person\\\/331be9283d37198e2acd5750279085b0\",\"name\":\"Redacci\u00f3n\",\"image\":{\"@type\":\"ImageObject\",\"inLanguage\":\"es\",\"@id\":\"https:\\\/\\\/secure.gravatar.com\\\/avatar\\\/f6d8782c11d12b2d4ad3fbb6931aeab5309937a4d6cd2fc9cfaa28a6396a5aec?s=96&d=mm&r=g\",\"url\":\"https:\\\/\\\/secure.gravatar.com\\\/avatar\\\/f6d8782c11d12b2d4ad3fbb6931aeab5309937a4d6cd2fc9cfaa28a6396a5aec?s=96&d=mm&r=g\",\"contentUrl\":\"https:\\\/\\\/secure.gravatar.com\\\/avatar\\\/f6d8782c11d12b2d4ad3fbb6931aeab5309937a4d6cd2fc9cfaa28a6396a5aec?s=96&d=mm&r=g\",\"caption\":\"Redacci\u00f3n\"},\"url\":\"https:\\\/\\\/fuentesfidedignas.com.mx\\\/index.php\\\/author\\\/redaccion\\\/\"}]}<\/script>\n<!-- \/ Yoast SEO plugin. -->","yoast_head_json":{"title":"Comunicaci\u00f3n y di\u00e1logo, la base de la pol\u00edtica: Vargas Landeros - Fuentes Fidedignas","robots":{"index":"index","follow":"follow","max-snippet":"max-snippet:-1","max-image-preview":"max-image-preview:large","max-video-preview":"max-video-preview:-1"},"canonical":"https:\/\/fuentesfidedignas.com.mx\/index.php\/2022\/06\/08\/comunicacion-y-dialogo-la-base-de-la-politica-vargas-landeros\/","og_locale":"es_MX","og_type":"article","og_title":"Comunicaci\u00f3n y di\u00e1logo, la base de la pol\u00edtica: Vargas Landeros - Fuentes Fidedignas","og_description":"Con di\u00e1logo, respeto y lineamientos de mi jefe pol\u00edtico, el gobernador Rub\u00e9n Rocha Moya, conduzco el municipio de Ahome Culiac\u00e1n, Sin.- Tras precisar que la comunicaci\u00f3n es muy importante en la pol\u00edtica y sobre todo el di\u00e1logo en el momento m\u00e1s oportuno, el presidente municipal de Ahome, Gerardo Vargas Landeros subray\u00f3 que \u201cesa es la [&hellip;]","og_url":"https:\/\/fuentesfidedignas.com.mx\/index.php\/2022\/06\/08\/comunicacion-y-dialogo-la-base-de-la-politica-vargas-landeros\/","og_site_name":"Fuentes Fidedignas","article_publisher":"https:\/\/www.facebook.com\/Fuentes-Fidedignas-368234489921644","article_published_time":"2022-06-08T20:26:00+00:00","article_modified_time":"2022-06-08T21:28:06+00:00","og_image":[{"width":1280,"height":720,"url":"https:\/\/fuentesfidedignas.com.mx\/wp-content\/uploads\/2022\/06\/IMG-20220608-WA0048.jpg","type":"image\/jpeg"}],"author":"Redacci\u00f3n","twitter_card":"summary_large_image","twitter_creator":"@fidedignas","twitter_site":"@fidedignas","twitter_misc":{"Escrito por":"Redacci\u00f3n","Tiempo de lectura":"2 minutos"},"schema":{"@context":"https:\/\/schema.org","@graph":[{"@type":"Article","@id":"https:\/\/fuentesfidedignas.com.mx\/index.php\/2022\/06\/08\/comunicacion-y-dialogo-la-base-de-la-politica-vargas-landeros\/#article","isPartOf":{"@id":"https:\/\/fuentesfidedignas.com.mx\/index.php\/2022\/06\/08\/comunicacion-y-dialogo-la-base-de-la-politica-vargas-landeros\/"},"author":{"name":"Redacci\u00f3n","@id":"https:\/\/fuentesfidedignas.com.mx\/#\/schema\/person\/331be9283d37198e2acd5750279085b0"},"headline":"Comunicaci\u00f3n y di\u00e1logo, la base de la pol\u00edtica: Vargas Landeros","datePublished":"2022-06-08T20:26:00+00:00","dateModified":"2022-06-08T21:28:06+00:00","mainEntityOfPage":{"@id":"https:\/\/fuentesfidedignas.com.mx\/index.php\/2022\/06\/08\/comunicacion-y-dialogo-la-base-de-la-politica-vargas-landeros\/"},"wordCount":437,"commentCount":0,"publisher":{"@id":"https:\/\/fuentesfidedignas.com.mx\/#organization"},"image":{"@id":"https:\/\/fuentesfidedignas.com.mx\/index.php\/2022\/06\/08\/comunicacion-y-dialogo-la-base-de-la-politica-vargas-landeros\/#primaryimage"},"thumbnailUrl":"https:\/\/fuentesfidedignas.com.mx\/wp-content\/uploads\/2022\/06\/IMG-20220608-WA0048.jpg","keywords":["Ayuntamiento de Ahome","Gerardo Vargas Landeros"],"articleSection":["NOTICIAS LOCALES"],"inLanguage":"es","potentialAction":[{"@type":"CommentAction","name":"Comment","target":["https:\/\/fuentesfidedignas.com.mx\/index.php\/2022\/06\/08\/comunicacion-y-dialogo-la-base-de-la-politica-vargas-landeros\/#respond"]}]},{"@type":"WebPage","@id":"https:\/\/fuentesfidedignas.com.mx\/index.php\/2022\/06\/08\/comunicacion-y-dialogo-la-base-de-la-politica-vargas-landeros\/","url":"https:\/\/fuentesfidedignas.com.mx\/index.php\/2022\/06\/08\/comunicacion-y-dialogo-la-base-de-la-politica-vargas-landeros\/","name":"Comunicaci\u00f3n y di\u00e1logo, la base de la pol\u00edtica: Vargas Landeros - Fuentes Fidedignas","isPartOf":{"@id":"https:\/\/fuentesfidedignas.com.mx\/#website"},"primaryImageOfPage":{"@id":"https:\/\/fuentesfidedignas.com.mx\/index.php\/2022\/06\/08\/comunicacion-y-dialogo-la-base-de-la-politica-vargas-landeros\/#primaryimage"},"image":{"@id":"https:\/\/fuentesfidedignas.com.mx\/index.php\/2022\/06\/08\/comunicacion-y-dialogo-la-base-de-la-politica-vargas-landeros\/#primaryimage"},"thumbnailUrl":"https:\/\/fuentesfidedignas.com.mx\/wp-content\/uploads\/2022\/06\/IMG-20220608-WA0048.jpg","datePublished":"2022-06-08T20:26:00+00:00","dateModified":"2022-06-08T21:28:06+00:00","breadcrumb":{"@id":"https:\/\/fuentesfidedignas.com.mx\/index.php\/2022\/06\/08\/comunicacion-y-dialogo-la-base-de-la-politica-vargas-landeros\/#breadcrumb"},"inLanguage":"es","potentialAction":[{"@type":"ReadAction","target":["https:\/\/fuentesfidedignas.com.mx\/index.php\/2022\/06\/08\/comunicacion-y-dialogo-la-base-de-la-politica-vargas-landeros\/"]}]},{"@type":"ImageObject","inLanguage":"es","@id":"https:\/\/fuentesfidedignas.com.mx\/index.php\/2022\/06\/08\/comunicacion-y-dialogo-la-base-de-la-politica-vargas-landeros\/#primaryimage","url":"https:\/\/fuentesfidedignas.com.mx\/wp-content\/uploads\/2022\/06\/IMG-20220608-WA0048.jpg","contentUrl":"https:\/\/fuentesfidedignas.com.mx\/wp-content\/uploads\/2022\/06\/IMG-20220608-WA0048.jpg","width":1280,"height":720},{"@type":"BreadcrumbList","@id":"https:\/\/fuentesfidedignas.com.mx\/index.php\/2022\/06\/08\/comunicacion-y-dialogo-la-base-de-la-politica-vargas-landeros\/#breadcrumb","itemListElement":[{"@type":"ListItem","position":1,"name":"Inicio","item":"https:\/\/fuentesfidedignas.com.mx\/"},{"@type":"ListItem","position":2,"name":"Comunicaci\u00f3n y di\u00e1logo, la base de la pol\u00edtica: Vargas Landeros"}]},{"@type":"WebSite","@id":"https:\/\/fuentesfidedignas.com.mx\/#website","url":"https:\/\/fuentesfidedignas.com.mx\/","name":"Fuentes Fidedignas","description":"Otro sitio realizado con WordPress","publisher":{"@id":"https:\/\/fuentesfidedignas.com.mx\/#organization"},"potentialAction":[{"@type":"SearchAction","target":{"@type":"EntryPoint","urlTemplate":"https:\/\/fuentesfidedignas.com.mx\/?s={search_term_string}"},"query-input":{"@type":"PropertyValueSpecification","valueRequired":true,"valueName":"search_term_string"}}],"inLanguage":"es"},{"@type":"Organization","@id":"https:\/\/fuentesfidedignas.com.mx\/#organization","name":"Fuentes Fidedignas","url":"https:\/\/fuentesfidedignas.com.mx\/","logo":{"@type":"ImageObject","inLanguage":"es","@id":"https:\/\/fuentesfidedignas.com.mx\/#\/schema\/logo\/image\/","url":"https:\/\/fuentesfidedignas.com.mx\/wp-content\/uploads\/2021\/04\/logo-retina.png","contentUrl":"https:\/\/fuentesfidedignas.com.mx\/wp-content\/uploads\/2021\/04\/logo-retina.png","width":280,"height":51,"caption":"Fuentes Fidedignas"},"image":{"@id":"https:\/\/fuentesfidedignas.com.mx\/#\/schema\/logo\/image\/"},"sameAs":["https:\/\/www.facebook.com\/Fuentes-Fidedignas-368234489921644","https:\/\/x.com\/fidedignas"]},{"@type":"Person","@id":"https:\/\/fuentesfidedignas.com.mx\/#\/schema\/person\/331be9283d37198e2acd5750279085b0","name":"Redacci\u00f3n","image":{"@type":"ImageObject","inLanguage":"es","@id":"https:\/\/secure.gravatar.com\/avatar\/f6d8782c11d12b2d4ad3fbb6931aeab5309937a4d6cd2fc9cfaa28a6396a5aec?s=96&d=mm&r=g","url":"https:\/\/secure.gravatar.com\/avatar\/f6d8782c11d12b2d4ad3fbb6931aeab5309937a4d6cd2fc9cfaa28a6396a5aec?s=96&d=mm&r=g","contentUrl":"https:\/\/secure.gravatar.com\/avatar\/f6d8782c11d12b2d4ad3fbb6931aeab5309937a4d6cd2fc9cfaa28a6396a5aec?s=96&d=mm&r=g","caption":"Redacci\u00f3n"},"url":"https:\/\/fuentesfidedignas.com.mx\/index.php\/author\/redaccion\/"}]}},"_links":{"self":[{"href":"https:\/\/fuentesfidedignas.com.mx\/index.php\/wp-json\/wp\/v2\/posts\/33866","targetHints":{"allow":["GET"]}}],"collection":[{"href":"https:\/\/fuentesfidedignas.com.mx\/index.php\/wp-json\/wp\/v2\/posts"}],"about":[{"href":"https:\/\/fuentesfidedignas.com.mx\/index.php\/wp-json\/wp\/v2\/types\/post"}],"author":[{"embeddable":true,"href":"https:\/\/fuentesfidedignas.com.mx\/index.php\/wp-json\/wp\/v2\/users\/4"}],"replies":[{"embeddable":true,"href":"https:\/\/fuentesfidedignas.com.mx\/index.php\/wp-json\/wp\/v2\/comments?post=33866"}],"version-history":[{"count":1,"href":"https:\/\/fuentesfidedignas.com.mx\/index.php\/wp-json\/wp\/v2\/posts\/33866\/revisions"}],"predecessor-version":[{"id":33867,"href":"https:\/\/fuentesfidedignas.com.mx\/index.php\/wp-json\/wp\/v2\/posts\/33866\/revisions\/33867"}],"wp:featuredmedia":[{"embeddable":true,"href":"https:\/\/fuentesfidedignas.com.mx\/index.php\/wp-json\/wp\/v2\/media\/33868"}],"wp:attachment":[{"href":"https:\/\/fuentesfidedignas.com.mx\/index.php\/wp-json\/wp\/v2\/media?parent=33866"}],"wp:term":[{"taxonomy":"category","embeddable":true,"href":"https:\/\/fuentesfidedignas.com.mx\/index.php\/wp-json\/wp\/v2\/categories?post=33866"},{"taxonomy":"post_tag","embeddable":true,"href":"https:\/\/fuentesfidedignas.com.mx\/index.php\/wp-json\/wp\/v2\/tags?post=33866"}],"curies":[{"name":"wp","href":"https:\/\/api.w.org\/{rel}","templated":true}]}}