{"id":33832,"date":"2022-06-08T13:51:27","date_gmt":"2022-06-08T19:51:27","guid":{"rendered":"https:\/\/fuentesfidedignas.com.mx\/?p=33832"},"modified":"2022-06-08T13:51:52","modified_gmt":"2022-06-08T19:51:52","slug":"no-habra-alianza-de-mc-con-pan-pri-y-prd-para-2024-dante-delgado","status":"publish","type":"post","link":"https:\/\/fuentesfidedignas.com.mx\/index.php\/2022\/06\/08\/no-habra-alianza-de-mc-con-pan-pri-y-prd-para-2024-dante-delgado\/","title":{"rendered":"No habr\u00e1 alianza de MC con PAN, PRI y PRD para 2024: Dante Delgado"},"content":{"rendered":"\n<p><strong><em>Dante Delgado asegur\u00f3 que Movimiento Ciudadano ir\u00e1 solo para las elecciones presidenciales de 2024 <\/em><\/strong><\/p>\n\n\n\n<p>Ciudad de M\u00e9xico. El l\u00edder de Movimiento Ciudadano (MC), Dante Delgado, asegur\u00f3 que su partido no se aliar\u00e1 a la coalici\u00f3n del PAN, PRI y PRD para las elecciones presidenciales de 2024, como han pedido estos organismos pol\u00edticos.<\/p>\n\n\n\n<p>En conferencia en el Senado, el pol\u00edtico coment\u00f3 que su partido construye la opci\u00f3n que ganar\u00e1 la presidencia del pa\u00eds en las pr\u00f3ximas elecciones.<\/p>\n\n\n\n<p>\u201cNosotros estamos construyendo un proyecto para el pa\u00eds, la opci\u00f3n que est\u00e1 demandando M\u00e9xico. Se ha visto que una y otra vez el proyecto que han estado construyendo las fuerzas hist\u00f3ricas es ineficiente, no tiene \u00e9xitos electorales. Vamos por la victoria electoral y la estamos construyendo\u201d, dijo el l\u00edder de MC.<\/p>\n\n\n\n<p>El pol\u00edtico se\u00f1al\u00f3 que desde hace a\u00f1os que MC tiene un mandato de la Convenci\u00f3n Nacional Democr\u00e1tico de que ir\u00edan solos en el proceso electoral.<\/p>\n\n\n\n<p>\u201cEl m\u00e1ximo \u00f3rgano de MC tiene una definici\u00f3n pol\u00edtica y es no ir (en alianza con el PAN, PRI, PRD)\u201d, mencion\u00f3 Dante Delgado.<\/p>\n\n\n\n<p>Sin embargo, no descart\u00f3 la opci\u00f3n de que la coalici\u00f3n Va por M\u00e9xico se sume a la propuesta y candidato o candidata del partido naranja para las elecciones presidenciales.<\/p>\n\n\n\n<p>Tambi\u00e9n senadores y diputados de MC hablaron sobre el fallo de la Sala Superior del Tribunal Electoral del Poder Judicial de la Federaci\u00f3n (TEPJF) que obliga al Congreso de la Uni\u00f3n a acatar la sentencia incumplida del 26 de enero de 2022, la cual reconoce que el partido debe tener representaci\u00f3n en la Comisi\u00f3n Permanente durante toda la Legislatura.<\/p>\n","protected":false},"excerpt":{"rendered":"<p>Dante Delgado asegur\u00f3 que Movimiento Ciudadano ir\u00e1 solo para las elecciones presidenciales de 2024 Ciudad de M\u00e9xico. El l\u00edder de Movimiento Ciudadano (MC), Dante Delgado, asegur\u00f3 que su partido no se aliar\u00e1 a la coalici\u00f3n del PAN, PRI y PRD para las elecciones presidenciales de 2024, como han pedido estos organismos pol\u00edticos. En conferencia en [&hellip;]<\/p>\n","protected":false},"author":5,"featured_media":33834,"comment_status":"open","ping_status":"open","sticky":false,"template":"","format":"standard","meta":{"tdm_status":"","tdm_grid_status":"","footnotes":""},"categories":[39],"tags":[],"class_list":{"0":"post-33832","1":"post","2":"type-post","3":"status-publish","4":"format-standard","5":"has-post-thumbnail","7":"category-noticias-nacionales"},"yoast_head":"<!-- This site is optimized with the Yoast SEO plugin v27.4 - https:\/\/yoast.com\/product\/yoast-seo-wordpress\/ -->\n<title>No habr\u00e1 alianza de MC con PAN, PRI y PRD para 2024: Dante Delgado - Fuentes Fidedignas<\/title>\n<meta name=\"robots\" content=\"index, follow, max-snippet:-1, max-image-preview:large, max-video-preview:-1\" \/>\n<link rel=\"canonical\" href=\"https:\/\/fuentesfidedignas.com.mx\/index.php\/2022\/06\/08\/no-habra-alianza-de-mc-con-pan-pri-y-prd-para-2024-dante-delgado\/\" \/>\n<meta property=\"og:locale\" content=\"es_MX\" \/>\n<meta property=\"og:type\" content=\"article\" \/>\n<meta property=\"og:title\" content=\"No habr\u00e1 alianza de MC con PAN, PRI y PRD para 2024: Dante Delgado - Fuentes Fidedignas\" \/>\n<meta property=\"og:description\" content=\"Dante Delgado asegur\u00f3 que Movimiento Ciudadano ir\u00e1 solo para las elecciones presidenciales de 2024 Ciudad de M\u00e9xico. El l\u00edder de Movimiento Ciudadano (MC), Dante Delgado, asegur\u00f3 que su partido no se aliar\u00e1 a la coalici\u00f3n del PAN, PRI y PRD para las elecciones presidenciales de 2024, como han pedido estos organismos pol\u00edticos. En conferencia en [&hellip;]\" \/>\n<meta property=\"og:url\" content=\"https:\/\/fuentesfidedignas.com.mx\/index.php\/2022\/06\/08\/no-habra-alianza-de-mc-con-pan-pri-y-prd-para-2024-dante-delgado\/\" \/>\n<meta property=\"og:site_name\" content=\"Fuentes Fidedignas\" \/>\n<meta property=\"article:publisher\" content=\"https:\/\/www.facebook.com\/Fuentes-Fidedignas-368234489921644\" \/>\n<meta property=\"article:published_time\" content=\"2022-06-08T19:51:27+00:00\" \/>\n<meta property=\"article:modified_time\" content=\"2022-06-08T19:51:52+00:00\" \/>\n<meta property=\"og:image\" content=\"https:\/\/fuentesfidedignas.com.mx\/wp-content\/uploads\/2022\/06\/280541527_564623398355036_4372561134927877831_n-e1654714466422-1024x576-1.jpg\" \/>\n\t<meta property=\"og:image:width\" content=\"1024\" \/>\n\t<meta property=\"og:image:height\" content=\"576\" \/>\n\t<meta property=\"og:image:type\" content=\"image\/jpeg\" \/>\n<meta name=\"author\" content=\"Forbes\" \/>\n<meta name=\"twitter:card\" content=\"summary_large_image\" \/>\n<meta name=\"twitter:creator\" content=\"@fidedignas\" \/>\n<meta name=\"twitter:site\" content=\"@fidedignas\" \/>\n<meta name=\"twitter:label1\" content=\"Escrito por\" \/>\n\t<meta name=\"twitter:data1\" content=\"Forbes\" \/>\n\t<meta name=\"twitter:label2\" content=\"Tiempo de lectura\" \/>\n\t<meta name=\"twitter:data2\" content=\"2 minutos\" \/>\n<script type=\"application\/ld+json\" class=\"yoast-schema-graph\">{\"@context\":\"https:\\\/\\\/schema.org\",\"@graph\":[{\"@type\":\"Article\",\"@id\":\"https:\\\/\\\/fuentesfidedignas.com.mx\\\/index.php\\\/2022\\\/06\\\/08\\\/no-habra-alianza-de-mc-con-pan-pri-y-prd-para-2024-dante-delgado\\\/#article\",\"isPartOf\":{\"@id\":\"https:\\\/\\\/fuentesfidedignas.com.mx\\\/index.php\\\/2022\\\/06\\\/08\\\/no-habra-alianza-de-mc-con-pan-pri-y-prd-para-2024-dante-delgado\\\/\"},\"author\":{\"name\":\"Forbes\",\"@id\":\"https:\\\/\\\/fuentesfidedignas.com.mx\\\/#\\\/schema\\\/person\\\/5623d53fe2e579d825b1679734abcc44\"},\"headline\":\"No habr\u00e1 alianza de MC con PAN, PRI y PRD para 2024: Dante Delgado\",\"datePublished\":\"2022-06-08T19:51:27+00:00\",\"dateModified\":\"2022-06-08T19:51:52+00:00\",\"mainEntityOfPage\":{\"@id\":\"https:\\\/\\\/fuentesfidedignas.com.mx\\\/index.php\\\/2022\\\/06\\\/08\\\/no-habra-alianza-de-mc-con-pan-pri-y-prd-para-2024-dante-delgado\\\/\"},\"wordCount\":302,\"commentCount\":0,\"publisher\":{\"@id\":\"https:\\\/\\\/fuentesfidedignas.com.mx\\\/#organization\"},\"image\":{\"@id\":\"https:\\\/\\\/fuentesfidedignas.com.mx\\\/index.php\\\/2022\\\/06\\\/08\\\/no-habra-alianza-de-mc-con-pan-pri-y-prd-para-2024-dante-delgado\\\/#primaryimage\"},\"thumbnailUrl\":\"https:\\\/\\\/fuentesfidedignas.com.mx\\\/wp-content\\\/uploads\\\/2022\\\/06\\\/280541527_564623398355036_4372561134927877831_n-e1654714466422-1024x576-1.jpg\",\"articleSection\":[\"NOTICIAS NACIONALES\"],\"inLanguage\":\"es\",\"potentialAction\":[{\"@type\":\"CommentAction\",\"name\":\"Comment\",\"target\":[\"https:\\\/\\\/fuentesfidedignas.com.mx\\\/index.php\\\/2022\\\/06\\\/08\\\/no-habra-alianza-de-mc-con-pan-pri-y-prd-para-2024-dante-delgado\\\/#respond\"]}]},{\"@type\":\"WebPage\",\"@id\":\"https:\\\/\\\/fuentesfidedignas.com.mx\\\/index.php\\\/2022\\\/06\\\/08\\\/no-habra-alianza-de-mc-con-pan-pri-y-prd-para-2024-dante-delgado\\\/\",\"url\":\"https:\\\/\\\/fuentesfidedignas.com.mx\\\/index.php\\\/2022\\\/06\\\/08\\\/no-habra-alianza-de-mc-con-pan-pri-y-prd-para-2024-dante-delgado\\\/\",\"name\":\"No habr\u00e1 alianza de MC con PAN, PRI y PRD para 2024: Dante Delgado - Fuentes Fidedignas\",\"isPartOf\":{\"@id\":\"https:\\\/\\\/fuentesfidedignas.com.mx\\\/#website\"},\"primaryImageOfPage\":{\"@id\":\"https:\\\/\\\/fuentesfidedignas.com.mx\\\/index.php\\\/2022\\\/06\\\/08\\\/no-habra-alianza-de-mc-con-pan-pri-y-prd-para-2024-dante-delgado\\\/#primaryimage\"},\"image\":{\"@id\":\"https:\\\/\\\/fuentesfidedignas.com.mx\\\/index.php\\\/2022\\\/06\\\/08\\\/no-habra-alianza-de-mc-con-pan-pri-y-prd-para-2024-dante-delgado\\\/#primaryimage\"},\"thumbnailUrl\":\"https:\\\/\\\/fuentesfidedignas.com.mx\\\/wp-content\\\/uploads\\\/2022\\\/06\\\/280541527_564623398355036_4372561134927877831_n-e1654714466422-1024x576-1.jpg\",\"datePublished\":\"2022-06-08T19:51:27+00:00\",\"dateModified\":\"2022-06-08T19:51:52+00:00\",\"breadcrumb\":{\"@id\":\"https:\\\/\\\/fuentesfidedignas.com.mx\\\/index.php\\\/2022\\\/06\\\/08\\\/no-habra-alianza-de-mc-con-pan-pri-y-prd-para-2024-dante-delgado\\\/#breadcrumb\"},\"inLanguage\":\"es\",\"potentialAction\":[{\"@type\":\"ReadAction\",\"target\":[\"https:\\\/\\\/fuentesfidedignas.com.mx\\\/index.php\\\/2022\\\/06\\\/08\\\/no-habra-alianza-de-mc-con-pan-pri-y-prd-para-2024-dante-delgado\\\/\"]}]},{\"@type\":\"ImageObject\",\"inLanguage\":\"es\",\"@id\":\"https:\\\/\\\/fuentesfidedignas.com.mx\\\/index.php\\\/2022\\\/06\\\/08\\\/no-habra-alianza-de-mc-con-pan-pri-y-prd-para-2024-dante-delgado\\\/#primaryimage\",\"url\":\"https:\\\/\\\/fuentesfidedignas.com.mx\\\/wp-content\\\/uploads\\\/2022\\\/06\\\/280541527_564623398355036_4372561134927877831_n-e1654714466422-1024x576-1.jpg\",\"contentUrl\":\"https:\\\/\\\/fuentesfidedignas.com.mx\\\/wp-content\\\/uploads\\\/2022\\\/06\\\/280541527_564623398355036_4372561134927877831_n-e1654714466422-1024x576-1.jpg\",\"width\":1024,\"height\":576},{\"@type\":\"BreadcrumbList\",\"@id\":\"https:\\\/\\\/fuentesfidedignas.com.mx\\\/index.php\\\/2022\\\/06\\\/08\\\/no-habra-alianza-de-mc-con-pan-pri-y-prd-para-2024-dante-delgado\\\/#breadcrumb\",\"itemListElement\":[{\"@type\":\"ListItem\",\"position\":1,\"name\":\"Inicio\",\"item\":\"https:\\\/\\\/fuentesfidedignas.com.mx\\\/\"},{\"@type\":\"ListItem\",\"position\":2,\"name\":\"No habr\u00e1 alianza de MC con PAN, PRI y PRD para 2024: Dante Delgado\"}]},{\"@type\":\"WebSite\",\"@id\":\"https:\\\/\\\/fuentesfidedignas.com.mx\\\/#website\",\"url\":\"https:\\\/\\\/fuentesfidedignas.com.mx\\\/\",\"name\":\"Fuentes Fidedignas\",\"description\":\"Otro sitio realizado con WordPress\",\"publisher\":{\"@id\":\"https:\\\/\\\/fuentesfidedignas.com.mx\\\/#organization\"},\"potentialAction\":[{\"@type\":\"SearchAction\",\"target\":{\"@type\":\"EntryPoint\",\"urlTemplate\":\"https:\\\/\\\/fuentesfidedignas.com.mx\\\/?s={search_term_string}\"},\"query-input\":{\"@type\":\"PropertyValueSpecification\",\"valueRequired\":true,\"valueName\":\"search_term_string\"}}],\"inLanguage\":\"es\"},{\"@type\":\"Organization\",\"@id\":\"https:\\\/\\\/fuentesfidedignas.com.mx\\\/#organization\",\"name\":\"Fuentes Fidedignas\",\"url\":\"https:\\\/\\\/fuentesfidedignas.com.mx\\\/\",\"logo\":{\"@type\":\"ImageObject\",\"inLanguage\":\"es\",\"@id\":\"https:\\\/\\\/fuentesfidedignas.com.mx\\\/#\\\/schema\\\/logo\\\/image\\\/\",\"url\":\"https:\\\/\\\/fuentesfidedignas.com.mx\\\/wp-content\\\/uploads\\\/2021\\\/04\\\/logo-retina.png\",\"contentUrl\":\"https:\\\/\\\/fuentesfidedignas.com.mx\\\/wp-content\\\/uploads\\\/2021\\\/04\\\/logo-retina.png\",\"width\":280,\"height\":51,\"caption\":\"Fuentes Fidedignas\"},\"image\":{\"@id\":\"https:\\\/\\\/fuentesfidedignas.com.mx\\\/#\\\/schema\\\/logo\\\/image\\\/\"},\"sameAs\":[\"https:\\\/\\\/www.facebook.com\\\/Fuentes-Fidedignas-368234489921644\",\"https:\\\/\\\/x.com\\\/fidedignas\"]},{\"@type\":\"Person\",\"@id\":\"https:\\\/\\\/fuentesfidedignas.com.mx\\\/#\\\/schema\\\/person\\\/5623d53fe2e579d825b1679734abcc44\",\"name\":\"Forbes\",\"image\":{\"@type\":\"ImageObject\",\"inLanguage\":\"es\",\"@id\":\"https:\\\/\\\/secure.gravatar.com\\\/avatar\\\/87ce3dd4e41e60c22a79c758614f01a6bc2469255fc936ec7b15efb9bb5cb66f?s=96&d=mm&r=g\",\"url\":\"https:\\\/\\\/secure.gravatar.com\\\/avatar\\\/87ce3dd4e41e60c22a79c758614f01a6bc2469255fc936ec7b15efb9bb5cb66f?s=96&d=mm&r=g\",\"contentUrl\":\"https:\\\/\\\/secure.gravatar.com\\\/avatar\\\/87ce3dd4e41e60c22a79c758614f01a6bc2469255fc936ec7b15efb9bb5cb66f?s=96&d=mm&r=g\",\"caption\":\"Forbes\"},\"url\":\"https:\\\/\\\/fuentesfidedignas.com.mx\\\/index.php\\\/author\\\/forbes\\\/\"}]}<\/script>\n<!-- \/ Yoast SEO plugin. -->","yoast_head_json":{"title":"No habr\u00e1 alianza de MC con PAN, PRI y PRD para 2024: Dante Delgado - Fuentes Fidedignas","robots":{"index":"index","follow":"follow","max-snippet":"max-snippet:-1","max-image-preview":"max-image-preview:large","max-video-preview":"max-video-preview:-1"},"canonical":"https:\/\/fuentesfidedignas.com.mx\/index.php\/2022\/06\/08\/no-habra-alianza-de-mc-con-pan-pri-y-prd-para-2024-dante-delgado\/","og_locale":"es_MX","og_type":"article","og_title":"No habr\u00e1 alianza de MC con PAN, PRI y PRD para 2024: Dante Delgado - Fuentes Fidedignas","og_description":"Dante Delgado asegur\u00f3 que Movimiento Ciudadano ir\u00e1 solo para las elecciones presidenciales de 2024 Ciudad de M\u00e9xico. El l\u00edder de Movimiento Ciudadano (MC), Dante Delgado, asegur\u00f3 que su partido no se aliar\u00e1 a la coalici\u00f3n del PAN, PRI y PRD para las elecciones presidenciales de 2024, como han pedido estos organismos pol\u00edticos. En conferencia en [&hellip;]","og_url":"https:\/\/fuentesfidedignas.com.mx\/index.php\/2022\/06\/08\/no-habra-alianza-de-mc-con-pan-pri-y-prd-para-2024-dante-delgado\/","og_site_name":"Fuentes Fidedignas","article_publisher":"https:\/\/www.facebook.com\/Fuentes-Fidedignas-368234489921644","article_published_time":"2022-06-08T19:51:27+00:00","article_modified_time":"2022-06-08T19:51:52+00:00","og_image":[{"width":1024,"height":576,"url":"https:\/\/fuentesfidedignas.com.mx\/wp-content\/uploads\/2022\/06\/280541527_564623398355036_4372561134927877831_n-e1654714466422-1024x576-1.jpg","type":"image\/jpeg"}],"author":"Forbes","twitter_card":"summary_large_image","twitter_creator":"@fidedignas","twitter_site":"@fidedignas","twitter_misc":{"Escrito por":"Forbes","Tiempo de lectura":"2 minutos"},"schema":{"@context":"https:\/\/schema.org","@graph":[{"@type":"Article","@id":"https:\/\/fuentesfidedignas.com.mx\/index.php\/2022\/06\/08\/no-habra-alianza-de-mc-con-pan-pri-y-prd-para-2024-dante-delgado\/#article","isPartOf":{"@id":"https:\/\/fuentesfidedignas.com.mx\/index.php\/2022\/06\/08\/no-habra-alianza-de-mc-con-pan-pri-y-prd-para-2024-dante-delgado\/"},"author":{"name":"Forbes","@id":"https:\/\/fuentesfidedignas.com.mx\/#\/schema\/person\/5623d53fe2e579d825b1679734abcc44"},"headline":"No habr\u00e1 alianza de MC con PAN, PRI y PRD para 2024: Dante Delgado","datePublished":"2022-06-08T19:51:27+00:00","dateModified":"2022-06-08T19:51:52+00:00","mainEntityOfPage":{"@id":"https:\/\/fuentesfidedignas.com.mx\/index.php\/2022\/06\/08\/no-habra-alianza-de-mc-con-pan-pri-y-prd-para-2024-dante-delgado\/"},"wordCount":302,"commentCount":0,"publisher":{"@id":"https:\/\/fuentesfidedignas.com.mx\/#organization"},"image":{"@id":"https:\/\/fuentesfidedignas.com.mx\/index.php\/2022\/06\/08\/no-habra-alianza-de-mc-con-pan-pri-y-prd-para-2024-dante-delgado\/#primaryimage"},"thumbnailUrl":"https:\/\/fuentesfidedignas.com.mx\/wp-content\/uploads\/2022\/06\/280541527_564623398355036_4372561134927877831_n-e1654714466422-1024x576-1.jpg","articleSection":["NOTICIAS NACIONALES"],"inLanguage":"es","potentialAction":[{"@type":"CommentAction","name":"Comment","target":["https:\/\/fuentesfidedignas.com.mx\/index.php\/2022\/06\/08\/no-habra-alianza-de-mc-con-pan-pri-y-prd-para-2024-dante-delgado\/#respond"]}]},{"@type":"WebPage","@id":"https:\/\/fuentesfidedignas.com.mx\/index.php\/2022\/06\/08\/no-habra-alianza-de-mc-con-pan-pri-y-prd-para-2024-dante-delgado\/","url":"https:\/\/fuentesfidedignas.com.mx\/index.php\/2022\/06\/08\/no-habra-alianza-de-mc-con-pan-pri-y-prd-para-2024-dante-delgado\/","name":"No habr\u00e1 alianza de MC con PAN, PRI y PRD para 2024: Dante Delgado - Fuentes Fidedignas","isPartOf":{"@id":"https:\/\/fuentesfidedignas.com.mx\/#website"},"primaryImageOfPage":{"@id":"https:\/\/fuentesfidedignas.com.mx\/index.php\/2022\/06\/08\/no-habra-alianza-de-mc-con-pan-pri-y-prd-para-2024-dante-delgado\/#primaryimage"},"image":{"@id":"https:\/\/fuentesfidedignas.com.mx\/index.php\/2022\/06\/08\/no-habra-alianza-de-mc-con-pan-pri-y-prd-para-2024-dante-delgado\/#primaryimage"},"thumbnailUrl":"https:\/\/fuentesfidedignas.com.mx\/wp-content\/uploads\/2022\/06\/280541527_564623398355036_4372561134927877831_n-e1654714466422-1024x576-1.jpg","datePublished":"2022-06-08T19:51:27+00:00","dateModified":"2022-06-08T19:51:52+00:00","breadcrumb":{"@id":"https:\/\/fuentesfidedignas.com.mx\/index.php\/2022\/06\/08\/no-habra-alianza-de-mc-con-pan-pri-y-prd-para-2024-dante-delgado\/#breadcrumb"},"inLanguage":"es","potentialAction":[{"@type":"ReadAction","target":["https:\/\/fuentesfidedignas.com.mx\/index.php\/2022\/06\/08\/no-habra-alianza-de-mc-con-pan-pri-y-prd-para-2024-dante-delgado\/"]}]},{"@type":"ImageObject","inLanguage":"es","@id":"https:\/\/fuentesfidedignas.com.mx\/index.php\/2022\/06\/08\/no-habra-alianza-de-mc-con-pan-pri-y-prd-para-2024-dante-delgado\/#primaryimage","url":"https:\/\/fuentesfidedignas.com.mx\/wp-content\/uploads\/2022\/06\/280541527_564623398355036_4372561134927877831_n-e1654714466422-1024x576-1.jpg","contentUrl":"https:\/\/fuentesfidedignas.com.mx\/wp-content\/uploads\/2022\/06\/280541527_564623398355036_4372561134927877831_n-e1654714466422-1024x576-1.jpg","width":1024,"height":576},{"@type":"BreadcrumbList","@id":"https:\/\/fuentesfidedignas.com.mx\/index.php\/2022\/06\/08\/no-habra-alianza-de-mc-con-pan-pri-y-prd-para-2024-dante-delgado\/#breadcrumb","itemListElement":[{"@type":"ListItem","position":1,"name":"Inicio","item":"https:\/\/fuentesfidedignas.com.mx\/"},{"@type":"ListItem","position":2,"name":"No habr\u00e1 alianza de MC con PAN, PRI y PRD para 2024: Dante Delgado"}]},{"@type":"WebSite","@id":"https:\/\/fuentesfidedignas.com.mx\/#website","url":"https:\/\/fuentesfidedignas.com.mx\/","name":"Fuentes Fidedignas","description":"Otro sitio realizado con WordPress","publisher":{"@id":"https:\/\/fuentesfidedignas.com.mx\/#organization"},"potentialAction":[{"@type":"SearchAction","target":{"@type":"EntryPoint","urlTemplate":"https:\/\/fuentesfidedignas.com.mx\/?s={search_term_string}"},"query-input":{"@type":"PropertyValueSpecification","valueRequired":true,"valueName":"search_term_string"}}],"inLanguage":"es"},{"@type":"Organization","@id":"https:\/\/fuentesfidedignas.com.mx\/#organization","name":"Fuentes Fidedignas","url":"https:\/\/fuentesfidedignas.com.mx\/","logo":{"@type":"ImageObject","inLanguage":"es","@id":"https:\/\/fuentesfidedignas.com.mx\/#\/schema\/logo\/image\/","url":"https:\/\/fuentesfidedignas.com.mx\/wp-content\/uploads\/2021\/04\/logo-retina.png","contentUrl":"https:\/\/fuentesfidedignas.com.mx\/wp-content\/uploads\/2021\/04\/logo-retina.png","width":280,"height":51,"caption":"Fuentes Fidedignas"},"image":{"@id":"https:\/\/fuentesfidedignas.com.mx\/#\/schema\/logo\/image\/"},"sameAs":["https:\/\/www.facebook.com\/Fuentes-Fidedignas-368234489921644","https:\/\/x.com\/fidedignas"]},{"@type":"Person","@id":"https:\/\/fuentesfidedignas.com.mx\/#\/schema\/person\/5623d53fe2e579d825b1679734abcc44","name":"Forbes","image":{"@type":"ImageObject","inLanguage":"es","@id":"https:\/\/secure.gravatar.com\/avatar\/87ce3dd4e41e60c22a79c758614f01a6bc2469255fc936ec7b15efb9bb5cb66f?s=96&d=mm&r=g","url":"https:\/\/secure.gravatar.com\/avatar\/87ce3dd4e41e60c22a79c758614f01a6bc2469255fc936ec7b15efb9bb5cb66f?s=96&d=mm&r=g","contentUrl":"https:\/\/secure.gravatar.com\/avatar\/87ce3dd4e41e60c22a79c758614f01a6bc2469255fc936ec7b15efb9bb5cb66f?s=96&d=mm&r=g","caption":"Forbes"},"url":"https:\/\/fuentesfidedignas.com.mx\/index.php\/author\/forbes\/"}]}},"_links":{"self":[{"href":"https:\/\/fuentesfidedignas.com.mx\/index.php\/wp-json\/wp\/v2\/posts\/33832","targetHints":{"allow":["GET"]}}],"collection":[{"href":"https:\/\/fuentesfidedignas.com.mx\/index.php\/wp-json\/wp\/v2\/posts"}],"about":[{"href":"https:\/\/fuentesfidedignas.com.mx\/index.php\/wp-json\/wp\/v2\/types\/post"}],"author":[{"embeddable":true,"href":"https:\/\/fuentesfidedignas.com.mx\/index.php\/wp-json\/wp\/v2\/users\/5"}],"replies":[{"embeddable":true,"href":"https:\/\/fuentesfidedignas.com.mx\/index.php\/wp-json\/wp\/v2\/comments?post=33832"}],"version-history":[{"count":1,"href":"https:\/\/fuentesfidedignas.com.mx\/index.php\/wp-json\/wp\/v2\/posts\/33832\/revisions"}],"predecessor-version":[{"id":33833,"href":"https:\/\/fuentesfidedignas.com.mx\/index.php\/wp-json\/wp\/v2\/posts\/33832\/revisions\/33833"}],"wp:featuredmedia":[{"embeddable":true,"href":"https:\/\/fuentesfidedignas.com.mx\/index.php\/wp-json\/wp\/v2\/media\/33834"}],"wp:attachment":[{"href":"https:\/\/fuentesfidedignas.com.mx\/index.php\/wp-json\/wp\/v2\/media?parent=33832"}],"wp:term":[{"taxonomy":"category","embeddable":true,"href":"https:\/\/fuentesfidedignas.com.mx\/index.php\/wp-json\/wp\/v2\/categories?post=33832"},{"taxonomy":"post_tag","embeddable":true,"href":"https:\/\/fuentesfidedignas.com.mx\/index.php\/wp-json\/wp\/v2\/tags?post=33832"}],"curies":[{"name":"wp","href":"https:\/\/api.w.org\/{rel}","templated":true}]}}