{"id":33784,"date":"2022-06-08T10:37:23","date_gmt":"2022-06-08T16:37:23","guid":{"rendered":"https:\/\/fuentesfidedignas.com.mx\/?p=33784"},"modified":"2022-06-08T10:46:39","modified_gmt":"2022-06-08T16:46:39","slug":"exigimos-que-el-caso-de-luis-enrique-ramirez-se-tome-con-seriedad-pan","status":"publish","type":"post","link":"https:\/\/fuentesfidedignas.com.mx\/index.php\/2022\/06\/08\/exigimos-que-el-caso-de-luis-enrique-ramirez-se-tome-con-seriedad-pan\/","title":{"rendered":"&#8220;Exigimos que el caso de Luis Enrique Ram\u00edrez se tome con seriedad&#8221;: PAN"},"content":{"rendered":"\n<p><strong><em>Roxana Rubio Valdez critic\u00f3 la falta de coordinaci\u00f3n entre la Federaci\u00f3n y el estado sobre los informes que se han dado sobre el caso del periodista.<\/em><\/strong><\/p>\n\n\n\n<p>Culiac\u00e1n, Sin.- La presidenta del Partido Acci\u00f3n Nacional (PAN) exigi\u00f3 justicia para la familia y los amigos de Luis Enrique Ram\u00edrez Ramos, quien fue asesinado el pasado 5 de mayo en la capital sinaloense.<\/p>\n\n\n\n<p>Roxana Rubio Valdez declar\u00f3 durante una conferencia de prensa que ofreci\u00f3 este d\u00eda al referirse a los informes que ha dado la federaci\u00f3n y el estado sobre el estado que guarda la investigaci\u00f3n judicial que se realiza en torno al crimen del periodista.<\/p>\n\n\n\n<p>La presidenta del PAN dijo que es reprobable la actitud y los informes que han vertido tanto el estado como la federaci\u00f3n pidi\u00f3 que las autoridades judiciales cumplan con su responsabilidad.<\/p>\n\n\n\n<p>Tambi\u00e9n asegur\u00f3 que lo que se nota en los informes que se han vertido es una falta de coordinaci\u00f3n entre la federaci\u00f3n y el estado por lo que exigi\u00f3 que haya responsabilidad en las declaraciones que se vierten.<\/p>\n\n\n\n<p><strong>El PAN critica estrategias en pro de las familias y los j\u00f3venes<\/strong><\/p>\n\n\n\n<p>Por otra parte, Rubio Valdez coment\u00f3 que el Gobierno Federal y el Gobierno del Estado se han equivocado en muchas pol\u00edticas p\u00fablicas que hoy se aplican en el estado y en la federaci\u00f3n.<\/p>\n\n\n\n<p>Asegur\u00f3 que en este momento el PAN solo puede se\u00f1alar las malas estrategias que se est\u00e1n aplicando para cuidar y proteger a los j\u00f3venes en el estado de Sinaloa.<\/p>\n\n\n\n<p>Rubio Valdez mencion\u00f3 que tambi\u00e9n es responsabilidad de los padres de familia proteger y cuidar a sus hijos esto en virtud de que cada vez son m\u00e1s recientes las acciones violentas que se cometen en contra de los j\u00f3venes.<\/p>\n\n\n\n<p>Tambi\u00e9n critic\u00f3 algunas acciones que se est\u00e1n tratando de impulsar en el sentido de crear por ejemplo playas nudistas o legalizar la mariguana en el estado.<\/p>\n\n\n\n<p>por otra parte anunci\u00f3 que adem\u00e1s de las cr\u00edticas y las proposiciones el pr\u00f3ximo s\u00e1bado se realizar\u00e1 en el comit\u00e9 ejecutivo del Estado de Sinaloa una escuela para padres en el que buscan ense\u00f1ar algunas conductas que tienen que ser impulsadas para que a la familia se le proteja y le cuide.<\/p>\n\n\n\n<p><\/p>\n\n\n\n<p><\/p>\n","protected":false},"excerpt":{"rendered":"<p>Roxana Rubio Valdez critic\u00f3 la falta de coordinaci\u00f3n entre la Federaci\u00f3n y el estado sobre los informes que se han dado sobre el caso del periodista. Culiac\u00e1n, Sin.- La presidenta del Partido Acci\u00f3n Nacional (PAN) exigi\u00f3 justicia para la familia y los amigos de Luis Enrique Ram\u00edrez Ramos, quien fue asesinado el pasado 5 de [&hellip;]<\/p>\n","protected":false},"author":95,"featured_media":33794,"comment_status":"open","ping_status":"open","sticky":false,"template":"","format":"standard","meta":{"tdm_status":"","tdm_grid_status":"","footnotes":""},"categories":[37],"tags":[],"class_list":{"0":"post-33784","1":"post","2":"type-post","3":"status-publish","4":"format-standard","5":"has-post-thumbnail","7":"category-nota-principal"},"yoast_head":"<!-- This site is optimized with the Yoast SEO plugin v27.5 - https:\/\/yoast.com\/product\/yoast-seo-wordpress\/ -->\n<title>&quot;Exigimos que el caso de Luis Enrique Ram\u00edrez se tome con seriedad&quot;: PAN - Fuentes Fidedignas<\/title>\n<meta name=\"robots\" content=\"index, follow, max-snippet:-1, max-image-preview:large, max-video-preview:-1\" \/>\n<link rel=\"canonical\" href=\"https:\/\/fuentesfidedignas.com.mx\/index.php\/2022\/06\/08\/exigimos-que-el-caso-de-luis-enrique-ramirez-se-tome-con-seriedad-pan\/\" \/>\n<meta property=\"og:locale\" content=\"es_MX\" \/>\n<meta property=\"og:type\" content=\"article\" \/>\n<meta property=\"og:title\" content=\"&quot;Exigimos que el caso de Luis Enrique Ram\u00edrez se tome con seriedad&quot;: PAN - Fuentes Fidedignas\" \/>\n<meta property=\"og:description\" content=\"Roxana Rubio Valdez critic\u00f3 la falta de coordinaci\u00f3n entre la Federaci\u00f3n y el estado sobre los informes que se han dado sobre el caso del periodista. Culiac\u00e1n, Sin.- La presidenta del Partido Acci\u00f3n Nacional (PAN) exigi\u00f3 justicia para la familia y los amigos de Luis Enrique Ram\u00edrez Ramos, quien fue asesinado el pasado 5 de [&hellip;]\" \/>\n<meta property=\"og:url\" content=\"https:\/\/fuentesfidedignas.com.mx\/index.php\/2022\/06\/08\/exigimos-que-el-caso-de-luis-enrique-ramirez-se-tome-con-seriedad-pan\/\" \/>\n<meta property=\"og:site_name\" content=\"Fuentes Fidedignas\" \/>\n<meta property=\"article:publisher\" content=\"https:\/\/www.facebook.com\/Fuentes-Fidedignas-368234489921644\" \/>\n<meta property=\"article:published_time\" content=\"2022-06-08T16:37:23+00:00\" \/>\n<meta property=\"article:modified_time\" content=\"2022-06-08T16:46:39+00:00\" \/>\n<meta property=\"og:image\" content=\"https:\/\/fuentesfidedignas.com.mx\/wp-content\/uploads\/2022\/06\/WhatsApp-Image-2022-06-08-at-9.14.11-AM.jpeg\" \/>\n\t<meta property=\"og:image:width\" content=\"1024\" \/>\n\t<meta property=\"og:image:height\" content=\"768\" \/>\n\t<meta property=\"og:image:type\" content=\"image\/jpeg\" \/>\n<meta name=\"author\" content=\"Walter Ram\u00edrez\" \/>\n<meta name=\"twitter:card\" content=\"summary_large_image\" \/>\n<meta name=\"twitter:creator\" content=\"@fidedignas\" \/>\n<meta name=\"twitter:site\" content=\"@fidedignas\" \/>\n<meta name=\"twitter:label1\" content=\"Escrito por\" \/>\n\t<meta name=\"twitter:data1\" content=\"Walter Ram\u00edrez\" \/>\n\t<meta name=\"twitter:label2\" content=\"Tiempo de lectura\" \/>\n\t<meta name=\"twitter:data2\" content=\"2 minutos\" \/>\n<script type=\"application\/ld+json\" class=\"yoast-schema-graph\">{\"@context\":\"https:\\\/\\\/schema.org\",\"@graph\":[{\"@type\":\"Article\",\"@id\":\"https:\\\/\\\/fuentesfidedignas.com.mx\\\/index.php\\\/2022\\\/06\\\/08\\\/exigimos-que-el-caso-de-luis-enrique-ramirez-se-tome-con-seriedad-pan\\\/#article\",\"isPartOf\":{\"@id\":\"https:\\\/\\\/fuentesfidedignas.com.mx\\\/index.php\\\/2022\\\/06\\\/08\\\/exigimos-que-el-caso-de-luis-enrique-ramirez-se-tome-con-seriedad-pan\\\/\"},\"author\":{\"name\":\"Walter Ram\u00edrez\",\"@id\":\"https:\\\/\\\/fuentesfidedignas.com.mx\\\/#\\\/schema\\\/person\\\/78b8350fa873c7b54284c1fdac9afb5f\"},\"headline\":\"&#8220;Exigimos que el caso de Luis Enrique Ram\u00edrez se tome con seriedad&#8221;: PAN\",\"datePublished\":\"2022-06-08T16:37:23+00:00\",\"dateModified\":\"2022-06-08T16:46:39+00:00\",\"mainEntityOfPage\":{\"@id\":\"https:\\\/\\\/fuentesfidedignas.com.mx\\\/index.php\\\/2022\\\/06\\\/08\\\/exigimos-que-el-caso-de-luis-enrique-ramirez-se-tome-con-seriedad-pan\\\/\"},\"wordCount\":406,\"commentCount\":0,\"publisher\":{\"@id\":\"https:\\\/\\\/fuentesfidedignas.com.mx\\\/#organization\"},\"image\":{\"@id\":\"https:\\\/\\\/fuentesfidedignas.com.mx\\\/index.php\\\/2022\\\/06\\\/08\\\/exigimos-que-el-caso-de-luis-enrique-ramirez-se-tome-con-seriedad-pan\\\/#primaryimage\"},\"thumbnailUrl\":\"https:\\\/\\\/fuentesfidedignas.com.mx\\\/wp-content\\\/uploads\\\/2022\\\/06\\\/WhatsApp-Image-2022-06-08-at-9.14.11-AM.jpeg\",\"articleSection\":[\"NOTA PRINCIPAL\"],\"inLanguage\":\"es\",\"potentialAction\":[{\"@type\":\"CommentAction\",\"name\":\"Comment\",\"target\":[\"https:\\\/\\\/fuentesfidedignas.com.mx\\\/index.php\\\/2022\\\/06\\\/08\\\/exigimos-que-el-caso-de-luis-enrique-ramirez-se-tome-con-seriedad-pan\\\/#respond\"]}]},{\"@type\":\"WebPage\",\"@id\":\"https:\\\/\\\/fuentesfidedignas.com.mx\\\/index.php\\\/2022\\\/06\\\/08\\\/exigimos-que-el-caso-de-luis-enrique-ramirez-se-tome-con-seriedad-pan\\\/\",\"url\":\"https:\\\/\\\/fuentesfidedignas.com.mx\\\/index.php\\\/2022\\\/06\\\/08\\\/exigimos-que-el-caso-de-luis-enrique-ramirez-se-tome-con-seriedad-pan\\\/\",\"name\":\"\\\"Exigimos que el caso de Luis Enrique Ram\u00edrez se tome con seriedad\\\": PAN - Fuentes Fidedignas\",\"isPartOf\":{\"@id\":\"https:\\\/\\\/fuentesfidedignas.com.mx\\\/#website\"},\"primaryImageOfPage\":{\"@id\":\"https:\\\/\\\/fuentesfidedignas.com.mx\\\/index.php\\\/2022\\\/06\\\/08\\\/exigimos-que-el-caso-de-luis-enrique-ramirez-se-tome-con-seriedad-pan\\\/#primaryimage\"},\"image\":{\"@id\":\"https:\\\/\\\/fuentesfidedignas.com.mx\\\/index.php\\\/2022\\\/06\\\/08\\\/exigimos-que-el-caso-de-luis-enrique-ramirez-se-tome-con-seriedad-pan\\\/#primaryimage\"},\"thumbnailUrl\":\"https:\\\/\\\/fuentesfidedignas.com.mx\\\/wp-content\\\/uploads\\\/2022\\\/06\\\/WhatsApp-Image-2022-06-08-at-9.14.11-AM.jpeg\",\"datePublished\":\"2022-06-08T16:37:23+00:00\",\"dateModified\":\"2022-06-08T16:46:39+00:00\",\"breadcrumb\":{\"@id\":\"https:\\\/\\\/fuentesfidedignas.com.mx\\\/index.php\\\/2022\\\/06\\\/08\\\/exigimos-que-el-caso-de-luis-enrique-ramirez-se-tome-con-seriedad-pan\\\/#breadcrumb\"},\"inLanguage\":\"es\",\"potentialAction\":[{\"@type\":\"ReadAction\",\"target\":[\"https:\\\/\\\/fuentesfidedignas.com.mx\\\/index.php\\\/2022\\\/06\\\/08\\\/exigimos-que-el-caso-de-luis-enrique-ramirez-se-tome-con-seriedad-pan\\\/\"]}]},{\"@type\":\"ImageObject\",\"inLanguage\":\"es\",\"@id\":\"https:\\\/\\\/fuentesfidedignas.com.mx\\\/index.php\\\/2022\\\/06\\\/08\\\/exigimos-que-el-caso-de-luis-enrique-ramirez-se-tome-con-seriedad-pan\\\/#primaryimage\",\"url\":\"https:\\\/\\\/fuentesfidedignas.com.mx\\\/wp-content\\\/uploads\\\/2022\\\/06\\\/WhatsApp-Image-2022-06-08-at-9.14.11-AM.jpeg\",\"contentUrl\":\"https:\\\/\\\/fuentesfidedignas.com.mx\\\/wp-content\\\/uploads\\\/2022\\\/06\\\/WhatsApp-Image-2022-06-08-at-9.14.11-AM.jpeg\",\"width\":1024,\"height\":768},{\"@type\":\"BreadcrumbList\",\"@id\":\"https:\\\/\\\/fuentesfidedignas.com.mx\\\/index.php\\\/2022\\\/06\\\/08\\\/exigimos-que-el-caso-de-luis-enrique-ramirez-se-tome-con-seriedad-pan\\\/#breadcrumb\",\"itemListElement\":[{\"@type\":\"ListItem\",\"position\":1,\"name\":\"Inicio\",\"item\":\"https:\\\/\\\/fuentesfidedignas.com.mx\\\/\"},{\"@type\":\"ListItem\",\"position\":2,\"name\":\"&#8220;Exigimos que el caso de Luis Enrique Ram\u00edrez se tome con seriedad&#8221;: PAN\"}]},{\"@type\":\"WebSite\",\"@id\":\"https:\\\/\\\/fuentesfidedignas.com.mx\\\/#website\",\"url\":\"https:\\\/\\\/fuentesfidedignas.com.mx\\\/\",\"name\":\"Fuentes Fidedignas\",\"description\":\"Otro sitio realizado con WordPress\",\"publisher\":{\"@id\":\"https:\\\/\\\/fuentesfidedignas.com.mx\\\/#organization\"},\"potentialAction\":[{\"@type\":\"SearchAction\",\"target\":{\"@type\":\"EntryPoint\",\"urlTemplate\":\"https:\\\/\\\/fuentesfidedignas.com.mx\\\/?s={search_term_string}\"},\"query-input\":{\"@type\":\"PropertyValueSpecification\",\"valueRequired\":true,\"valueName\":\"search_term_string\"}}],\"inLanguage\":\"es\"},{\"@type\":\"Organization\",\"@id\":\"https:\\\/\\\/fuentesfidedignas.com.mx\\\/#organization\",\"name\":\"Fuentes Fidedignas\",\"url\":\"https:\\\/\\\/fuentesfidedignas.com.mx\\\/\",\"logo\":{\"@type\":\"ImageObject\",\"inLanguage\":\"es\",\"@id\":\"https:\\\/\\\/fuentesfidedignas.com.mx\\\/#\\\/schema\\\/logo\\\/image\\\/\",\"url\":\"https:\\\/\\\/fuentesfidedignas.com.mx\\\/wp-content\\\/uploads\\\/2021\\\/04\\\/logo-retina.png\",\"contentUrl\":\"https:\\\/\\\/fuentesfidedignas.com.mx\\\/wp-content\\\/uploads\\\/2021\\\/04\\\/logo-retina.png\",\"width\":280,\"height\":51,\"caption\":\"Fuentes Fidedignas\"},\"image\":{\"@id\":\"https:\\\/\\\/fuentesfidedignas.com.mx\\\/#\\\/schema\\\/logo\\\/image\\\/\"},\"sameAs\":[\"https:\\\/\\\/www.facebook.com\\\/Fuentes-Fidedignas-368234489921644\",\"https:\\\/\\\/x.com\\\/fidedignas\"]},{\"@type\":\"Person\",\"@id\":\"https:\\\/\\\/fuentesfidedignas.com.mx\\\/#\\\/schema\\\/person\\\/78b8350fa873c7b54284c1fdac9afb5f\",\"name\":\"Walter Ram\u00edrez\",\"image\":{\"@type\":\"ImageObject\",\"inLanguage\":\"es\",\"@id\":\"https:\\\/\\\/secure.gravatar.com\\\/avatar\\\/8178c3c24c8321436ff5d36ec40282c0b116cf7eb8df013706d35d7e00e2153f?s=96&d=mm&r=g\",\"url\":\"https:\\\/\\\/secure.gravatar.com\\\/avatar\\\/8178c3c24c8321436ff5d36ec40282c0b116cf7eb8df013706d35d7e00e2153f?s=96&d=mm&r=g\",\"contentUrl\":\"https:\\\/\\\/secure.gravatar.com\\\/avatar\\\/8178c3c24c8321436ff5d36ec40282c0b116cf7eb8df013706d35d7e00e2153f?s=96&d=mm&r=g\",\"caption\":\"Walter Ram\u00edrez\"},\"url\":\"https:\\\/\\\/fuentesfidedignas.com.mx\\\/index.php\\\/author\\\/walter-ramirez\\\/\"}]}<\/script>\n<!-- \/ Yoast SEO plugin. -->","yoast_head_json":{"title":"\"Exigimos que el caso de Luis Enrique Ram\u00edrez se tome con seriedad\": PAN - Fuentes Fidedignas","robots":{"index":"index","follow":"follow","max-snippet":"max-snippet:-1","max-image-preview":"max-image-preview:large","max-video-preview":"max-video-preview:-1"},"canonical":"https:\/\/fuentesfidedignas.com.mx\/index.php\/2022\/06\/08\/exigimos-que-el-caso-de-luis-enrique-ramirez-se-tome-con-seriedad-pan\/","og_locale":"es_MX","og_type":"article","og_title":"\"Exigimos que el caso de Luis Enrique Ram\u00edrez se tome con seriedad\": PAN - Fuentes Fidedignas","og_description":"Roxana Rubio Valdez critic\u00f3 la falta de coordinaci\u00f3n entre la Federaci\u00f3n y el estado sobre los informes que se han dado sobre el caso del periodista. Culiac\u00e1n, Sin.- La presidenta del Partido Acci\u00f3n Nacional (PAN) exigi\u00f3 justicia para la familia y los amigos de Luis Enrique Ram\u00edrez Ramos, quien fue asesinado el pasado 5 de [&hellip;]","og_url":"https:\/\/fuentesfidedignas.com.mx\/index.php\/2022\/06\/08\/exigimos-que-el-caso-de-luis-enrique-ramirez-se-tome-con-seriedad-pan\/","og_site_name":"Fuentes Fidedignas","article_publisher":"https:\/\/www.facebook.com\/Fuentes-Fidedignas-368234489921644","article_published_time":"2022-06-08T16:37:23+00:00","article_modified_time":"2022-06-08T16:46:39+00:00","og_image":[{"width":1024,"height":768,"url":"https:\/\/fuentesfidedignas.com.mx\/wp-content\/uploads\/2022\/06\/WhatsApp-Image-2022-06-08-at-9.14.11-AM.jpeg","type":"image\/jpeg"}],"author":"Walter Ram\u00edrez","twitter_card":"summary_large_image","twitter_creator":"@fidedignas","twitter_site":"@fidedignas","twitter_misc":{"Escrito por":"Walter Ram\u00edrez","Tiempo de lectura":"2 minutos"},"schema":{"@context":"https:\/\/schema.org","@graph":[{"@type":"Article","@id":"https:\/\/fuentesfidedignas.com.mx\/index.php\/2022\/06\/08\/exigimos-que-el-caso-de-luis-enrique-ramirez-se-tome-con-seriedad-pan\/#article","isPartOf":{"@id":"https:\/\/fuentesfidedignas.com.mx\/index.php\/2022\/06\/08\/exigimos-que-el-caso-de-luis-enrique-ramirez-se-tome-con-seriedad-pan\/"},"author":{"name":"Walter Ram\u00edrez","@id":"https:\/\/fuentesfidedignas.com.mx\/#\/schema\/person\/78b8350fa873c7b54284c1fdac9afb5f"},"headline":"&#8220;Exigimos que el caso de Luis Enrique Ram\u00edrez se tome con seriedad&#8221;: PAN","datePublished":"2022-06-08T16:37:23+00:00","dateModified":"2022-06-08T16:46:39+00:00","mainEntityOfPage":{"@id":"https:\/\/fuentesfidedignas.com.mx\/index.php\/2022\/06\/08\/exigimos-que-el-caso-de-luis-enrique-ramirez-se-tome-con-seriedad-pan\/"},"wordCount":406,"commentCount":0,"publisher":{"@id":"https:\/\/fuentesfidedignas.com.mx\/#organization"},"image":{"@id":"https:\/\/fuentesfidedignas.com.mx\/index.php\/2022\/06\/08\/exigimos-que-el-caso-de-luis-enrique-ramirez-se-tome-con-seriedad-pan\/#primaryimage"},"thumbnailUrl":"https:\/\/fuentesfidedignas.com.mx\/wp-content\/uploads\/2022\/06\/WhatsApp-Image-2022-06-08-at-9.14.11-AM.jpeg","articleSection":["NOTA PRINCIPAL"],"inLanguage":"es","potentialAction":[{"@type":"CommentAction","name":"Comment","target":["https:\/\/fuentesfidedignas.com.mx\/index.php\/2022\/06\/08\/exigimos-que-el-caso-de-luis-enrique-ramirez-se-tome-con-seriedad-pan\/#respond"]}]},{"@type":"WebPage","@id":"https:\/\/fuentesfidedignas.com.mx\/index.php\/2022\/06\/08\/exigimos-que-el-caso-de-luis-enrique-ramirez-se-tome-con-seriedad-pan\/","url":"https:\/\/fuentesfidedignas.com.mx\/index.php\/2022\/06\/08\/exigimos-que-el-caso-de-luis-enrique-ramirez-se-tome-con-seriedad-pan\/","name":"\"Exigimos que el caso de Luis Enrique Ram\u00edrez se tome con seriedad\": PAN - Fuentes Fidedignas","isPartOf":{"@id":"https:\/\/fuentesfidedignas.com.mx\/#website"},"primaryImageOfPage":{"@id":"https:\/\/fuentesfidedignas.com.mx\/index.php\/2022\/06\/08\/exigimos-que-el-caso-de-luis-enrique-ramirez-se-tome-con-seriedad-pan\/#primaryimage"},"image":{"@id":"https:\/\/fuentesfidedignas.com.mx\/index.php\/2022\/06\/08\/exigimos-que-el-caso-de-luis-enrique-ramirez-se-tome-con-seriedad-pan\/#primaryimage"},"thumbnailUrl":"https:\/\/fuentesfidedignas.com.mx\/wp-content\/uploads\/2022\/06\/WhatsApp-Image-2022-06-08-at-9.14.11-AM.jpeg","datePublished":"2022-06-08T16:37:23+00:00","dateModified":"2022-06-08T16:46:39+00:00","breadcrumb":{"@id":"https:\/\/fuentesfidedignas.com.mx\/index.php\/2022\/06\/08\/exigimos-que-el-caso-de-luis-enrique-ramirez-se-tome-con-seriedad-pan\/#breadcrumb"},"inLanguage":"es","potentialAction":[{"@type":"ReadAction","target":["https:\/\/fuentesfidedignas.com.mx\/index.php\/2022\/06\/08\/exigimos-que-el-caso-de-luis-enrique-ramirez-se-tome-con-seriedad-pan\/"]}]},{"@type":"ImageObject","inLanguage":"es","@id":"https:\/\/fuentesfidedignas.com.mx\/index.php\/2022\/06\/08\/exigimos-que-el-caso-de-luis-enrique-ramirez-se-tome-con-seriedad-pan\/#primaryimage","url":"https:\/\/fuentesfidedignas.com.mx\/wp-content\/uploads\/2022\/06\/WhatsApp-Image-2022-06-08-at-9.14.11-AM.jpeg","contentUrl":"https:\/\/fuentesfidedignas.com.mx\/wp-content\/uploads\/2022\/06\/WhatsApp-Image-2022-06-08-at-9.14.11-AM.jpeg","width":1024,"height":768},{"@type":"BreadcrumbList","@id":"https:\/\/fuentesfidedignas.com.mx\/index.php\/2022\/06\/08\/exigimos-que-el-caso-de-luis-enrique-ramirez-se-tome-con-seriedad-pan\/#breadcrumb","itemListElement":[{"@type":"ListItem","position":1,"name":"Inicio","item":"https:\/\/fuentesfidedignas.com.mx\/"},{"@type":"ListItem","position":2,"name":"&#8220;Exigimos que el caso de Luis Enrique Ram\u00edrez se tome con seriedad&#8221;: PAN"}]},{"@type":"WebSite","@id":"https:\/\/fuentesfidedignas.com.mx\/#website","url":"https:\/\/fuentesfidedignas.com.mx\/","name":"Fuentes Fidedignas","description":"Otro sitio realizado con WordPress","publisher":{"@id":"https:\/\/fuentesfidedignas.com.mx\/#organization"},"potentialAction":[{"@type":"SearchAction","target":{"@type":"EntryPoint","urlTemplate":"https:\/\/fuentesfidedignas.com.mx\/?s={search_term_string}"},"query-input":{"@type":"PropertyValueSpecification","valueRequired":true,"valueName":"search_term_string"}}],"inLanguage":"es"},{"@type":"Organization","@id":"https:\/\/fuentesfidedignas.com.mx\/#organization","name":"Fuentes Fidedignas","url":"https:\/\/fuentesfidedignas.com.mx\/","logo":{"@type":"ImageObject","inLanguage":"es","@id":"https:\/\/fuentesfidedignas.com.mx\/#\/schema\/logo\/image\/","url":"https:\/\/fuentesfidedignas.com.mx\/wp-content\/uploads\/2021\/04\/logo-retina.png","contentUrl":"https:\/\/fuentesfidedignas.com.mx\/wp-content\/uploads\/2021\/04\/logo-retina.png","width":280,"height":51,"caption":"Fuentes Fidedignas"},"image":{"@id":"https:\/\/fuentesfidedignas.com.mx\/#\/schema\/logo\/image\/"},"sameAs":["https:\/\/www.facebook.com\/Fuentes-Fidedignas-368234489921644","https:\/\/x.com\/fidedignas"]},{"@type":"Person","@id":"https:\/\/fuentesfidedignas.com.mx\/#\/schema\/person\/78b8350fa873c7b54284c1fdac9afb5f","name":"Walter Ram\u00edrez","image":{"@type":"ImageObject","inLanguage":"es","@id":"https:\/\/secure.gravatar.com\/avatar\/8178c3c24c8321436ff5d36ec40282c0b116cf7eb8df013706d35d7e00e2153f?s=96&d=mm&r=g","url":"https:\/\/secure.gravatar.com\/avatar\/8178c3c24c8321436ff5d36ec40282c0b116cf7eb8df013706d35d7e00e2153f?s=96&d=mm&r=g","contentUrl":"https:\/\/secure.gravatar.com\/avatar\/8178c3c24c8321436ff5d36ec40282c0b116cf7eb8df013706d35d7e00e2153f?s=96&d=mm&r=g","caption":"Walter Ram\u00edrez"},"url":"https:\/\/fuentesfidedignas.com.mx\/index.php\/author\/walter-ramirez\/"}]}},"_links":{"self":[{"href":"https:\/\/fuentesfidedignas.com.mx\/index.php\/wp-json\/wp\/v2\/posts\/33784","targetHints":{"allow":["GET"]}}],"collection":[{"href":"https:\/\/fuentesfidedignas.com.mx\/index.php\/wp-json\/wp\/v2\/posts"}],"about":[{"href":"https:\/\/fuentesfidedignas.com.mx\/index.php\/wp-json\/wp\/v2\/types\/post"}],"author":[{"embeddable":true,"href":"https:\/\/fuentesfidedignas.com.mx\/index.php\/wp-json\/wp\/v2\/users\/95"}],"replies":[{"embeddable":true,"href":"https:\/\/fuentesfidedignas.com.mx\/index.php\/wp-json\/wp\/v2\/comments?post=33784"}],"version-history":[{"count":5,"href":"https:\/\/fuentesfidedignas.com.mx\/index.php\/wp-json\/wp\/v2\/posts\/33784\/revisions"}],"predecessor-version":[{"id":33802,"href":"https:\/\/fuentesfidedignas.com.mx\/index.php\/wp-json\/wp\/v2\/posts\/33784\/revisions\/33802"}],"wp:featuredmedia":[{"embeddable":true,"href":"https:\/\/fuentesfidedignas.com.mx\/index.php\/wp-json\/wp\/v2\/media\/33794"}],"wp:attachment":[{"href":"https:\/\/fuentesfidedignas.com.mx\/index.php\/wp-json\/wp\/v2\/media?parent=33784"}],"wp:term":[{"taxonomy":"category","embeddable":true,"href":"https:\/\/fuentesfidedignas.com.mx\/index.php\/wp-json\/wp\/v2\/categories?post=33784"},{"taxonomy":"post_tag","embeddable":true,"href":"https:\/\/fuentesfidedignas.com.mx\/index.php\/wp-json\/wp\/v2\/tags?post=33784"}],"curies":[{"name":"wp","href":"https:\/\/api.w.org\/{rel}","templated":true}]}}