{"id":33769,"date":"2022-06-08T06:52:56","date_gmt":"2022-06-08T12:52:56","guid":{"rendered":"https:\/\/fuentesfidedignas.com.mx\/?p=33769"},"modified":"2022-06-08T06:53:32","modified_gmt":"2022-06-08T12:53:32","slug":"el-mudo-quien-es-el-hermano-de-el-chapo-que-participo-en-el-supuesto-narcopacto-de-morena","status":"publish","type":"post","link":"https:\/\/fuentesfidedignas.com.mx\/index.php\/2022\/06\/08\/el-mudo-quien-es-el-hermano-de-el-chapo-que-participo-en-el-supuesto-narcopacto-de-morena\/","title":{"rendered":"\u201cEl Mudo\u201d: qui\u00e9n es el hermano de \u201cEl Chapo\u201d que particip\u00f3 en el supuesto \u201cnarcopacto\u201d de Morena"},"content":{"rendered":"\n<p><strong><em>El 16 de junio de 2005 fue detenido en Culiac\u00e1n, Sinaloa, acusado por el delito de lavado de dinero, pues se descubri\u00f3 que hab\u00eda depositado 17 millones 293 mil 322 pesos en varias cuentas bancarias con prestanombres<\/em><\/strong><\/p>\n\n\n\n<p>Ciudad de M\u00e9xico.- Pese a que Joaqu\u00edn \u201cEl Chapo\u201d Guzm\u00e1n fue declarado culpable en febrero de 2019 de 10 delitos relacionados con el tr\u00e1fico de drogas y lavado de dinero, y posteriormente sentenciado a cadena perpetua, la dinast\u00eda Guzm\u00e1n Loera no deja de aparecer en los titulares.<\/p>\n\n\n\n<p>En su m\u00e1s reciente columna para la cadena internacional Deutsche Welle, la periodista Anabel Hern\u00e1ndez, quien ha investigado los nexos de pol\u00edticos con narcotraficantes desde hace m\u00e1s de 17 a\u00f1os, revel\u00f3 que operadores relevantes del gobernante Movimiento Regeneraci\u00f3n Nacional (Morena) se reunieron con Aureliano y Miguel \u00c1ngel Guzm\u00e1n Loera, el Guano y el Mudo, hermanos del Chapo, as\u00ed como con Iv\u00e1n Archivaldo Guzm\u00e1n Salazar, uno de los chapitos, para asegurar la gubernatura de Rub\u00e9n Rocha Moya, actual gobernador de Sinaloa, y algunas presidencias municipales en la entidad.<\/p>\n\n\n\n<p>En el caso de los hermanos del capo, la periodista apunt\u00f3 que ambos sostuvieron una reuni\u00f3n con pol\u00edticos de Morena en la casa de la madre del Chapo, Mar\u00eda Consuelo Loera, en el poblado de la Tuna, en Badiraguato. All\u00ed, seg\u00fan Hern\u00e1ndez, los hermanos de Joaqu\u00edn Guzm\u00e1n, que representan otra dirigencia del C\u00e1rtel de Sinaloa, conversaron con Jos\u00e9 Paz Elenes, quien contendi\u00f3 abanderado por Morena-PAS (Partido Sinaloense), y result\u00f3 vencedor.<\/p>\n\n\n\n<p>El Mudo, once a\u00f1os menor que el Chapo, fue vestido a la reuni\u00f3n con pantalones de mezclilla, camisa fajada, zapatos elegantes de vestir y \u201cuna llamativa pluma Mont Blanc\u201d, describi\u00f3 la autora de libros como Emma y las otras se\u00f1oras del narco y El traidor: el diario secreto del hijo del Mayo.<\/p>\n\n\n\n<p><strong>El hermano silencioso<\/strong><\/p>\n\n\n\n<p>Poco se sabe sobre los primeros a\u00f1os de El Mudo. Sin embargo, el 16 de junio de 2005, cuando ten\u00eda 34 a\u00f1os, fue detenido en Culiac\u00e1n, Sinaloa, acusado por el delito de lavado de dinero, pues se descubri\u00f3 que hab\u00eda depositado 17 millones 293 mil 322 pesos en varias cuentas bancarias con prestanombres para \u201cocultar el origen presumiblemente il\u00edcito de los recursos, producto del narcotr\u00e1fico\u201d, se\u00f1al\u00f3 en ese entonces la Procuradur\u00eda General de la Rep\u00fablica (PGR). El Mudo era responsable de comprar inmuebles para que fueran utilizados como casas de seguridad, as\u00ed como de adquirir veh\u00edculos para ser empleados por integrantes del C\u00e1rtel de Sinaloa.<\/p>\n\n\n\n<p>Al momento de su detenci\u00f3n, en el restaurante Tai Pak, en el centro de Culiac\u00e1n, donde celebraba la fiesta de 15 a\u00f1os de una de sus hijas, Miguel \u00c1ngel Guzm\u00e1n Loera llevaba un arma de fuego de uso exclusivo de las fuerzas armadas, y en 2008, el Tribunal Unitario del Segundo Circuito confirm\u00f3 la sentencia de 13 a\u00f1os y 3 meses de c\u00e1rcel, adem\u00e1s de 2 mil 386 d\u00edas de multa, por los delitos de operaciones con recursos de procedencia il\u00edcita y portaci\u00f3n de arma de fuego de uso exclusivo del Ej\u00e9rcito, Armada y Fuerza A\u00e9rea.<\/p>\n\n\n\n<p>El hermano de El Chapo intent\u00f3 obtener la libertad anticipada debido a que nunca hab\u00eda sido acusado de delincuencia organizada, pero la justicia federal le neg\u00f3 el amparo que promovi\u00f3. Sin embargo, a trav\u00e9s de un recurso legal, consigui\u00f3 que su sentencia fuera reducida a 11 a\u00f1os, 4 meses y 11 d\u00edas de prisi\u00f3n.<\/p>\n\n\n\n<p>Mientras estuvo en prisi\u00f3n, El Mudo estuvo recluido por alg\u00fan tiempo junto a su hermano Joaqu\u00edn en el Centro Federal de Readaptaci\u00f3n Social N\u00famero 1 \u201cEl Altiplano\u201d, ubicado en el Estado de M\u00e9xico, a donde el Chapo lleg\u00f3, por segunda vez, en febrero de 2014. Sin embargo, solo un a\u00f1o despu\u00e9s el narcotraficante protagonizar\u00eda la m\u00e1s espectacular fuga de una prisi\u00f3n de m\u00e1xima seguridad mexicana a trav\u00e9s de un narcot\u00fanel cuya extensi\u00f3n fue de un kil\u00f3metro y medio, con 1.7 metros de alto y 80 cent\u00edmetros de ancho.<\/p>\n\n\n\n<p>El 29 de abril de 2017, dos a\u00f1os despu\u00e9s de la espectacular fuga y ocho meses despu\u00e9s de la recaptura de El Chapo, que devendr\u00eda en su extradici\u00f3n y posterior juicio a Estados Unidos, El Mudo recuper\u00f3 su libertad. Ante la pregunta expresa de si corr\u00eda el riesgo de que regresara a las actividades delictivas por las que fue condenado a prisi\u00f3n, el ex procurador de la Rep\u00fablica Ra\u00fal Cervantes le dijo al periodista Carlos Loret de Mola: \u201cYo espero que no. Tendr\u00edamos que hacer inteligencia y volverlo a detener, pero ya cumpli\u00f3 con la justicia\u201d.<\/p>\n","protected":false},"excerpt":{"rendered":"<p>El 16 de junio de 2005 fue detenido en Culiac\u00e1n, Sinaloa, acusado por el delito de lavado de dinero, pues se descubri\u00f3 que hab\u00eda depositado 17 millones 293 mil 322 pesos en varias cuentas bancarias con prestanombres Ciudad de M\u00e9xico.- Pese a que Joaqu\u00edn \u201cEl Chapo\u201d Guzm\u00e1n fue declarado culpable en febrero de 2019 de [&hellip;]<\/p>\n","protected":false},"author":41,"featured_media":33770,"comment_status":"open","ping_status":"open","sticky":false,"template":"","format":"standard","meta":{"tdm_status":"","tdm_grid_status":"","footnotes":""},"categories":[39],"tags":[148,382,146,45],"class_list":{"0":"post-33769","1":"post","2":"type-post","3":"status-publish","4":"format-standard","5":"has-post-thumbnail","7":"category-noticias-nacionales","8":"tag-el-chapo","9":"tag-joaquin-el-chapo-guzman","10":"tag-joaquin-guzman-loera","11":"tag-morena"},"yoast_head":"<!-- This site is optimized with the Yoast SEO plugin v27.5 - https:\/\/yoast.com\/product\/yoast-seo-wordpress\/ -->\n<title>\u201cEl Mudo\u201d: qui\u00e9n es el hermano de \u201cEl Chapo\u201d que particip\u00f3 en el supuesto \u201cnarcopacto\u201d de Morena - Fuentes Fidedignas<\/title>\n<meta name=\"robots\" content=\"index, follow, max-snippet:-1, max-image-preview:large, max-video-preview:-1\" \/>\n<link rel=\"canonical\" href=\"https:\/\/fuentesfidedignas.com.mx\/index.php\/2022\/06\/08\/el-mudo-quien-es-el-hermano-de-el-chapo-que-participo-en-el-supuesto-narcopacto-de-morena\/\" \/>\n<meta property=\"og:locale\" content=\"es_MX\" \/>\n<meta property=\"og:type\" content=\"article\" \/>\n<meta property=\"og:title\" content=\"\u201cEl Mudo\u201d: qui\u00e9n es el hermano de \u201cEl Chapo\u201d que particip\u00f3 en el supuesto \u201cnarcopacto\u201d de Morena - Fuentes Fidedignas\" \/>\n<meta property=\"og:description\" content=\"El 16 de junio de 2005 fue detenido en Culiac\u00e1n, Sinaloa, acusado por el delito de lavado de dinero, pues se descubri\u00f3 que hab\u00eda depositado 17 millones 293 mil 322 pesos en varias cuentas bancarias con prestanombres Ciudad de M\u00e9xico.- Pese a que Joaqu\u00edn \u201cEl Chapo\u201d Guzm\u00e1n fue declarado culpable en febrero de 2019 de [&hellip;]\" \/>\n<meta property=\"og:url\" content=\"https:\/\/fuentesfidedignas.com.mx\/index.php\/2022\/06\/08\/el-mudo-quien-es-el-hermano-de-el-chapo-que-participo-en-el-supuesto-narcopacto-de-morena\/\" \/>\n<meta property=\"og:site_name\" content=\"Fuentes Fidedignas\" \/>\n<meta property=\"article:publisher\" content=\"https:\/\/www.facebook.com\/Fuentes-Fidedignas-368234489921644\" \/>\n<meta property=\"article:published_time\" content=\"2022-06-08T12:52:56+00:00\" \/>\n<meta property=\"article:modified_time\" content=\"2022-06-08T12:53:32+00:00\" \/>\n<meta property=\"og:image\" content=\"https:\/\/fuentesfidedignas.com.mx\/wp-content\/uploads\/2022\/06\/HNO_CHAPO.jpg\" \/>\n\t<meta property=\"og:image:width\" content=\"942\" \/>\n\t<meta property=\"og:image:height\" content=\"496\" \/>\n\t<meta property=\"og:image:type\" content=\"image\/jpeg\" \/>\n<meta name=\"author\" content=\"Infobae\" \/>\n<meta name=\"twitter:card\" content=\"summary_large_image\" \/>\n<meta name=\"twitter:creator\" content=\"@fidedignas\" \/>\n<meta name=\"twitter:site\" content=\"@fidedignas\" \/>\n<meta name=\"twitter:label1\" content=\"Escrito por\" \/>\n\t<meta name=\"twitter:data1\" content=\"Infobae\" \/>\n\t<meta name=\"twitter:label2\" content=\"Tiempo de lectura\" \/>\n\t<meta name=\"twitter:data2\" content=\"4 minutos\" \/>\n<script type=\"application\/ld+json\" class=\"yoast-schema-graph\">{\"@context\":\"https:\\\/\\\/schema.org\",\"@graph\":[{\"@type\":\"Article\",\"@id\":\"https:\\\/\\\/fuentesfidedignas.com.mx\\\/index.php\\\/2022\\\/06\\\/08\\\/el-mudo-quien-es-el-hermano-de-el-chapo-que-participo-en-el-supuesto-narcopacto-de-morena\\\/#article\",\"isPartOf\":{\"@id\":\"https:\\\/\\\/fuentesfidedignas.com.mx\\\/index.php\\\/2022\\\/06\\\/08\\\/el-mudo-quien-es-el-hermano-de-el-chapo-que-participo-en-el-supuesto-narcopacto-de-morena\\\/\"},\"author\":{\"name\":\"Infobae\",\"@id\":\"https:\\\/\\\/fuentesfidedignas.com.mx\\\/#\\\/schema\\\/person\\\/8575896a7c1067d352f6c1cd6582c389\"},\"headline\":\"\u201cEl Mudo\u201d: qui\u00e9n es el hermano de \u201cEl Chapo\u201d que particip\u00f3 en el supuesto \u201cnarcopacto\u201d de Morena\",\"datePublished\":\"2022-06-08T12:52:56+00:00\",\"dateModified\":\"2022-06-08T12:53:32+00:00\",\"mainEntityOfPage\":{\"@id\":\"https:\\\/\\\/fuentesfidedignas.com.mx\\\/index.php\\\/2022\\\/06\\\/08\\\/el-mudo-quien-es-el-hermano-de-el-chapo-que-participo-en-el-supuesto-narcopacto-de-morena\\\/\"},\"wordCount\":810,\"commentCount\":0,\"publisher\":{\"@id\":\"https:\\\/\\\/fuentesfidedignas.com.mx\\\/#organization\"},\"image\":{\"@id\":\"https:\\\/\\\/fuentesfidedignas.com.mx\\\/index.php\\\/2022\\\/06\\\/08\\\/el-mudo-quien-es-el-hermano-de-el-chapo-que-participo-en-el-supuesto-narcopacto-de-morena\\\/#primaryimage\"},\"thumbnailUrl\":\"https:\\\/\\\/fuentesfidedignas.com.mx\\\/wp-content\\\/uploads\\\/2022\\\/06\\\/HNO_CHAPO.jpg\",\"keywords\":[\"El Chapo\",\"Joaqu\u00edn El Chapo Guzm\u00e1n\",\"Joaqu\u00edn Guzm\u00e1n Loera\",\"morena\"],\"articleSection\":[\"NOTICIAS NACIONALES\"],\"inLanguage\":\"es\",\"potentialAction\":[{\"@type\":\"CommentAction\",\"name\":\"Comment\",\"target\":[\"https:\\\/\\\/fuentesfidedignas.com.mx\\\/index.php\\\/2022\\\/06\\\/08\\\/el-mudo-quien-es-el-hermano-de-el-chapo-que-participo-en-el-supuesto-narcopacto-de-morena\\\/#respond\"]}]},{\"@type\":\"WebPage\",\"@id\":\"https:\\\/\\\/fuentesfidedignas.com.mx\\\/index.php\\\/2022\\\/06\\\/08\\\/el-mudo-quien-es-el-hermano-de-el-chapo-que-participo-en-el-supuesto-narcopacto-de-morena\\\/\",\"url\":\"https:\\\/\\\/fuentesfidedignas.com.mx\\\/index.php\\\/2022\\\/06\\\/08\\\/el-mudo-quien-es-el-hermano-de-el-chapo-que-participo-en-el-supuesto-narcopacto-de-morena\\\/\",\"name\":\"\u201cEl Mudo\u201d: qui\u00e9n es el hermano de \u201cEl Chapo\u201d que particip\u00f3 en el supuesto \u201cnarcopacto\u201d de Morena - Fuentes Fidedignas\",\"isPartOf\":{\"@id\":\"https:\\\/\\\/fuentesfidedignas.com.mx\\\/#website\"},\"primaryImageOfPage\":{\"@id\":\"https:\\\/\\\/fuentesfidedignas.com.mx\\\/index.php\\\/2022\\\/06\\\/08\\\/el-mudo-quien-es-el-hermano-de-el-chapo-que-participo-en-el-supuesto-narcopacto-de-morena\\\/#primaryimage\"},\"image\":{\"@id\":\"https:\\\/\\\/fuentesfidedignas.com.mx\\\/index.php\\\/2022\\\/06\\\/08\\\/el-mudo-quien-es-el-hermano-de-el-chapo-que-participo-en-el-supuesto-narcopacto-de-morena\\\/#primaryimage\"},\"thumbnailUrl\":\"https:\\\/\\\/fuentesfidedignas.com.mx\\\/wp-content\\\/uploads\\\/2022\\\/06\\\/HNO_CHAPO.jpg\",\"datePublished\":\"2022-06-08T12:52:56+00:00\",\"dateModified\":\"2022-06-08T12:53:32+00:00\",\"breadcrumb\":{\"@id\":\"https:\\\/\\\/fuentesfidedignas.com.mx\\\/index.php\\\/2022\\\/06\\\/08\\\/el-mudo-quien-es-el-hermano-de-el-chapo-que-participo-en-el-supuesto-narcopacto-de-morena\\\/#breadcrumb\"},\"inLanguage\":\"es\",\"potentialAction\":[{\"@type\":\"ReadAction\",\"target\":[\"https:\\\/\\\/fuentesfidedignas.com.mx\\\/index.php\\\/2022\\\/06\\\/08\\\/el-mudo-quien-es-el-hermano-de-el-chapo-que-participo-en-el-supuesto-narcopacto-de-morena\\\/\"]}]},{\"@type\":\"ImageObject\",\"inLanguage\":\"es\",\"@id\":\"https:\\\/\\\/fuentesfidedignas.com.mx\\\/index.php\\\/2022\\\/06\\\/08\\\/el-mudo-quien-es-el-hermano-de-el-chapo-que-participo-en-el-supuesto-narcopacto-de-morena\\\/#primaryimage\",\"url\":\"https:\\\/\\\/fuentesfidedignas.com.mx\\\/wp-content\\\/uploads\\\/2022\\\/06\\\/HNO_CHAPO.jpg\",\"contentUrl\":\"https:\\\/\\\/fuentesfidedignas.com.mx\\\/wp-content\\\/uploads\\\/2022\\\/06\\\/HNO_CHAPO.jpg\",\"width\":942,\"height\":496},{\"@type\":\"BreadcrumbList\",\"@id\":\"https:\\\/\\\/fuentesfidedignas.com.mx\\\/index.php\\\/2022\\\/06\\\/08\\\/el-mudo-quien-es-el-hermano-de-el-chapo-que-participo-en-el-supuesto-narcopacto-de-morena\\\/#breadcrumb\",\"itemListElement\":[{\"@type\":\"ListItem\",\"position\":1,\"name\":\"Inicio\",\"item\":\"https:\\\/\\\/fuentesfidedignas.com.mx\\\/\"},{\"@type\":\"ListItem\",\"position\":2,\"name\":\"\u201cEl Mudo\u201d: qui\u00e9n es el hermano de \u201cEl Chapo\u201d que particip\u00f3 en el supuesto \u201cnarcopacto\u201d de Morena\"}]},{\"@type\":\"WebSite\",\"@id\":\"https:\\\/\\\/fuentesfidedignas.com.mx\\\/#website\",\"url\":\"https:\\\/\\\/fuentesfidedignas.com.mx\\\/\",\"name\":\"Fuentes Fidedignas\",\"description\":\"Otro sitio realizado con WordPress\",\"publisher\":{\"@id\":\"https:\\\/\\\/fuentesfidedignas.com.mx\\\/#organization\"},\"potentialAction\":[{\"@type\":\"SearchAction\",\"target\":{\"@type\":\"EntryPoint\",\"urlTemplate\":\"https:\\\/\\\/fuentesfidedignas.com.mx\\\/?s={search_term_string}\"},\"query-input\":{\"@type\":\"PropertyValueSpecification\",\"valueRequired\":true,\"valueName\":\"search_term_string\"}}],\"inLanguage\":\"es\"},{\"@type\":\"Organization\",\"@id\":\"https:\\\/\\\/fuentesfidedignas.com.mx\\\/#organization\",\"name\":\"Fuentes Fidedignas\",\"url\":\"https:\\\/\\\/fuentesfidedignas.com.mx\\\/\",\"logo\":{\"@type\":\"ImageObject\",\"inLanguage\":\"es\",\"@id\":\"https:\\\/\\\/fuentesfidedignas.com.mx\\\/#\\\/schema\\\/logo\\\/image\\\/\",\"url\":\"https:\\\/\\\/fuentesfidedignas.com.mx\\\/wp-content\\\/uploads\\\/2021\\\/04\\\/logo-retina.png\",\"contentUrl\":\"https:\\\/\\\/fuentesfidedignas.com.mx\\\/wp-content\\\/uploads\\\/2021\\\/04\\\/logo-retina.png\",\"width\":280,\"height\":51,\"caption\":\"Fuentes Fidedignas\"},\"image\":{\"@id\":\"https:\\\/\\\/fuentesfidedignas.com.mx\\\/#\\\/schema\\\/logo\\\/image\\\/\"},\"sameAs\":[\"https:\\\/\\\/www.facebook.com\\\/Fuentes-Fidedignas-368234489921644\",\"https:\\\/\\\/x.com\\\/fidedignas\"]},{\"@type\":\"Person\",\"@id\":\"https:\\\/\\\/fuentesfidedignas.com.mx\\\/#\\\/schema\\\/person\\\/8575896a7c1067d352f6c1cd6582c389\",\"name\":\"Infobae\",\"image\":{\"@type\":\"ImageObject\",\"inLanguage\":\"es\",\"@id\":\"https:\\\/\\\/secure.gravatar.com\\\/avatar\\\/e4ec95706f8d1670343f6526fdcec45474bab17475a851434a64ca12b5acba1c?s=96&d=mm&r=g\",\"url\":\"https:\\\/\\\/secure.gravatar.com\\\/avatar\\\/e4ec95706f8d1670343f6526fdcec45474bab17475a851434a64ca12b5acba1c?s=96&d=mm&r=g\",\"contentUrl\":\"https:\\\/\\\/secure.gravatar.com\\\/avatar\\\/e4ec95706f8d1670343f6526fdcec45474bab17475a851434a64ca12b5acba1c?s=96&d=mm&r=g\",\"caption\":\"Infobae\"},\"url\":\"https:\\\/\\\/fuentesfidedignas.com.mx\\\/index.php\\\/author\\\/infobae\\\/\"}]}<\/script>\n<!-- \/ Yoast SEO plugin. -->","yoast_head_json":{"title":"\u201cEl Mudo\u201d: qui\u00e9n es el hermano de \u201cEl Chapo\u201d que particip\u00f3 en el supuesto \u201cnarcopacto\u201d de Morena - Fuentes Fidedignas","robots":{"index":"index","follow":"follow","max-snippet":"max-snippet:-1","max-image-preview":"max-image-preview:large","max-video-preview":"max-video-preview:-1"},"canonical":"https:\/\/fuentesfidedignas.com.mx\/index.php\/2022\/06\/08\/el-mudo-quien-es-el-hermano-de-el-chapo-que-participo-en-el-supuesto-narcopacto-de-morena\/","og_locale":"es_MX","og_type":"article","og_title":"\u201cEl Mudo\u201d: qui\u00e9n es el hermano de \u201cEl Chapo\u201d que particip\u00f3 en el supuesto \u201cnarcopacto\u201d de Morena - Fuentes Fidedignas","og_description":"El 16 de junio de 2005 fue detenido en Culiac\u00e1n, Sinaloa, acusado por el delito de lavado de dinero, pues se descubri\u00f3 que hab\u00eda depositado 17 millones 293 mil 322 pesos en varias cuentas bancarias con prestanombres Ciudad de M\u00e9xico.- Pese a que Joaqu\u00edn \u201cEl Chapo\u201d Guzm\u00e1n fue declarado culpable en febrero de 2019 de [&hellip;]","og_url":"https:\/\/fuentesfidedignas.com.mx\/index.php\/2022\/06\/08\/el-mudo-quien-es-el-hermano-de-el-chapo-que-participo-en-el-supuesto-narcopacto-de-morena\/","og_site_name":"Fuentes Fidedignas","article_publisher":"https:\/\/www.facebook.com\/Fuentes-Fidedignas-368234489921644","article_published_time":"2022-06-08T12:52:56+00:00","article_modified_time":"2022-06-08T12:53:32+00:00","og_image":[{"width":942,"height":496,"url":"https:\/\/fuentesfidedignas.com.mx\/wp-content\/uploads\/2022\/06\/HNO_CHAPO.jpg","type":"image\/jpeg"}],"author":"Infobae","twitter_card":"summary_large_image","twitter_creator":"@fidedignas","twitter_site":"@fidedignas","twitter_misc":{"Escrito por":"Infobae","Tiempo de lectura":"4 minutos"},"schema":{"@context":"https:\/\/schema.org","@graph":[{"@type":"Article","@id":"https:\/\/fuentesfidedignas.com.mx\/index.php\/2022\/06\/08\/el-mudo-quien-es-el-hermano-de-el-chapo-que-participo-en-el-supuesto-narcopacto-de-morena\/#article","isPartOf":{"@id":"https:\/\/fuentesfidedignas.com.mx\/index.php\/2022\/06\/08\/el-mudo-quien-es-el-hermano-de-el-chapo-que-participo-en-el-supuesto-narcopacto-de-morena\/"},"author":{"name":"Infobae","@id":"https:\/\/fuentesfidedignas.com.mx\/#\/schema\/person\/8575896a7c1067d352f6c1cd6582c389"},"headline":"\u201cEl Mudo\u201d: qui\u00e9n es el hermano de \u201cEl Chapo\u201d que particip\u00f3 en el supuesto \u201cnarcopacto\u201d de Morena","datePublished":"2022-06-08T12:52:56+00:00","dateModified":"2022-06-08T12:53:32+00:00","mainEntityOfPage":{"@id":"https:\/\/fuentesfidedignas.com.mx\/index.php\/2022\/06\/08\/el-mudo-quien-es-el-hermano-de-el-chapo-que-participo-en-el-supuesto-narcopacto-de-morena\/"},"wordCount":810,"commentCount":0,"publisher":{"@id":"https:\/\/fuentesfidedignas.com.mx\/#organization"},"image":{"@id":"https:\/\/fuentesfidedignas.com.mx\/index.php\/2022\/06\/08\/el-mudo-quien-es-el-hermano-de-el-chapo-que-participo-en-el-supuesto-narcopacto-de-morena\/#primaryimage"},"thumbnailUrl":"https:\/\/fuentesfidedignas.com.mx\/wp-content\/uploads\/2022\/06\/HNO_CHAPO.jpg","keywords":["El Chapo","Joaqu\u00edn El Chapo Guzm\u00e1n","Joaqu\u00edn Guzm\u00e1n Loera","morena"],"articleSection":["NOTICIAS NACIONALES"],"inLanguage":"es","potentialAction":[{"@type":"CommentAction","name":"Comment","target":["https:\/\/fuentesfidedignas.com.mx\/index.php\/2022\/06\/08\/el-mudo-quien-es-el-hermano-de-el-chapo-que-participo-en-el-supuesto-narcopacto-de-morena\/#respond"]}]},{"@type":"WebPage","@id":"https:\/\/fuentesfidedignas.com.mx\/index.php\/2022\/06\/08\/el-mudo-quien-es-el-hermano-de-el-chapo-que-participo-en-el-supuesto-narcopacto-de-morena\/","url":"https:\/\/fuentesfidedignas.com.mx\/index.php\/2022\/06\/08\/el-mudo-quien-es-el-hermano-de-el-chapo-que-participo-en-el-supuesto-narcopacto-de-morena\/","name":"\u201cEl Mudo\u201d: qui\u00e9n es el hermano de \u201cEl Chapo\u201d que particip\u00f3 en el supuesto \u201cnarcopacto\u201d de Morena - Fuentes Fidedignas","isPartOf":{"@id":"https:\/\/fuentesfidedignas.com.mx\/#website"},"primaryImageOfPage":{"@id":"https:\/\/fuentesfidedignas.com.mx\/index.php\/2022\/06\/08\/el-mudo-quien-es-el-hermano-de-el-chapo-que-participo-en-el-supuesto-narcopacto-de-morena\/#primaryimage"},"image":{"@id":"https:\/\/fuentesfidedignas.com.mx\/index.php\/2022\/06\/08\/el-mudo-quien-es-el-hermano-de-el-chapo-que-participo-en-el-supuesto-narcopacto-de-morena\/#primaryimage"},"thumbnailUrl":"https:\/\/fuentesfidedignas.com.mx\/wp-content\/uploads\/2022\/06\/HNO_CHAPO.jpg","datePublished":"2022-06-08T12:52:56+00:00","dateModified":"2022-06-08T12:53:32+00:00","breadcrumb":{"@id":"https:\/\/fuentesfidedignas.com.mx\/index.php\/2022\/06\/08\/el-mudo-quien-es-el-hermano-de-el-chapo-que-participo-en-el-supuesto-narcopacto-de-morena\/#breadcrumb"},"inLanguage":"es","potentialAction":[{"@type":"ReadAction","target":["https:\/\/fuentesfidedignas.com.mx\/index.php\/2022\/06\/08\/el-mudo-quien-es-el-hermano-de-el-chapo-que-participo-en-el-supuesto-narcopacto-de-morena\/"]}]},{"@type":"ImageObject","inLanguage":"es","@id":"https:\/\/fuentesfidedignas.com.mx\/index.php\/2022\/06\/08\/el-mudo-quien-es-el-hermano-de-el-chapo-que-participo-en-el-supuesto-narcopacto-de-morena\/#primaryimage","url":"https:\/\/fuentesfidedignas.com.mx\/wp-content\/uploads\/2022\/06\/HNO_CHAPO.jpg","contentUrl":"https:\/\/fuentesfidedignas.com.mx\/wp-content\/uploads\/2022\/06\/HNO_CHAPO.jpg","width":942,"height":496},{"@type":"BreadcrumbList","@id":"https:\/\/fuentesfidedignas.com.mx\/index.php\/2022\/06\/08\/el-mudo-quien-es-el-hermano-de-el-chapo-que-participo-en-el-supuesto-narcopacto-de-morena\/#breadcrumb","itemListElement":[{"@type":"ListItem","position":1,"name":"Inicio","item":"https:\/\/fuentesfidedignas.com.mx\/"},{"@type":"ListItem","position":2,"name":"\u201cEl Mudo\u201d: qui\u00e9n es el hermano de \u201cEl Chapo\u201d que particip\u00f3 en el supuesto \u201cnarcopacto\u201d de Morena"}]},{"@type":"WebSite","@id":"https:\/\/fuentesfidedignas.com.mx\/#website","url":"https:\/\/fuentesfidedignas.com.mx\/","name":"Fuentes Fidedignas","description":"Otro sitio realizado con WordPress","publisher":{"@id":"https:\/\/fuentesfidedignas.com.mx\/#organization"},"potentialAction":[{"@type":"SearchAction","target":{"@type":"EntryPoint","urlTemplate":"https:\/\/fuentesfidedignas.com.mx\/?s={search_term_string}"},"query-input":{"@type":"PropertyValueSpecification","valueRequired":true,"valueName":"search_term_string"}}],"inLanguage":"es"},{"@type":"Organization","@id":"https:\/\/fuentesfidedignas.com.mx\/#organization","name":"Fuentes Fidedignas","url":"https:\/\/fuentesfidedignas.com.mx\/","logo":{"@type":"ImageObject","inLanguage":"es","@id":"https:\/\/fuentesfidedignas.com.mx\/#\/schema\/logo\/image\/","url":"https:\/\/fuentesfidedignas.com.mx\/wp-content\/uploads\/2021\/04\/logo-retina.png","contentUrl":"https:\/\/fuentesfidedignas.com.mx\/wp-content\/uploads\/2021\/04\/logo-retina.png","width":280,"height":51,"caption":"Fuentes Fidedignas"},"image":{"@id":"https:\/\/fuentesfidedignas.com.mx\/#\/schema\/logo\/image\/"},"sameAs":["https:\/\/www.facebook.com\/Fuentes-Fidedignas-368234489921644","https:\/\/x.com\/fidedignas"]},{"@type":"Person","@id":"https:\/\/fuentesfidedignas.com.mx\/#\/schema\/person\/8575896a7c1067d352f6c1cd6582c389","name":"Infobae","image":{"@type":"ImageObject","inLanguage":"es","@id":"https:\/\/secure.gravatar.com\/avatar\/e4ec95706f8d1670343f6526fdcec45474bab17475a851434a64ca12b5acba1c?s=96&d=mm&r=g","url":"https:\/\/secure.gravatar.com\/avatar\/e4ec95706f8d1670343f6526fdcec45474bab17475a851434a64ca12b5acba1c?s=96&d=mm&r=g","contentUrl":"https:\/\/secure.gravatar.com\/avatar\/e4ec95706f8d1670343f6526fdcec45474bab17475a851434a64ca12b5acba1c?s=96&d=mm&r=g","caption":"Infobae"},"url":"https:\/\/fuentesfidedignas.com.mx\/index.php\/author\/infobae\/"}]}},"_links":{"self":[{"href":"https:\/\/fuentesfidedignas.com.mx\/index.php\/wp-json\/wp\/v2\/posts\/33769","targetHints":{"allow":["GET"]}}],"collection":[{"href":"https:\/\/fuentesfidedignas.com.mx\/index.php\/wp-json\/wp\/v2\/posts"}],"about":[{"href":"https:\/\/fuentesfidedignas.com.mx\/index.php\/wp-json\/wp\/v2\/types\/post"}],"author":[{"embeddable":true,"href":"https:\/\/fuentesfidedignas.com.mx\/index.php\/wp-json\/wp\/v2\/users\/41"}],"replies":[{"embeddable":true,"href":"https:\/\/fuentesfidedignas.com.mx\/index.php\/wp-json\/wp\/v2\/comments?post=33769"}],"version-history":[{"count":2,"href":"https:\/\/fuentesfidedignas.com.mx\/index.php\/wp-json\/wp\/v2\/posts\/33769\/revisions"}],"predecessor-version":[{"id":33772,"href":"https:\/\/fuentesfidedignas.com.mx\/index.php\/wp-json\/wp\/v2\/posts\/33769\/revisions\/33772"}],"wp:featuredmedia":[{"embeddable":true,"href":"https:\/\/fuentesfidedignas.com.mx\/index.php\/wp-json\/wp\/v2\/media\/33770"}],"wp:attachment":[{"href":"https:\/\/fuentesfidedignas.com.mx\/index.php\/wp-json\/wp\/v2\/media?parent=33769"}],"wp:term":[{"taxonomy":"category","embeddable":true,"href":"https:\/\/fuentesfidedignas.com.mx\/index.php\/wp-json\/wp\/v2\/categories?post=33769"},{"taxonomy":"post_tag","embeddable":true,"href":"https:\/\/fuentesfidedignas.com.mx\/index.php\/wp-json\/wp\/v2\/tags?post=33769"}],"curies":[{"name":"wp","href":"https:\/\/api.w.org\/{rel}","templated":true}]}}