{"id":33698,"date":"2022-06-07T11:54:06","date_gmt":"2022-06-07T17:54:06","guid":{"rendered":"https:\/\/fuentesfidedignas.com.mx\/?p=33698"},"modified":"2022-06-07T13:27:59","modified_gmt":"2022-06-07T19:27:59","slug":"ya-fueron-detenidos-los-asesinos-de-luis-enrique-ramirez-confirman-autoridades","status":"publish","type":"post","link":"https:\/\/fuentesfidedignas.com.mx\/index.php\/2022\/06\/07\/ya-fueron-detenidos-los-asesinos-de-luis-enrique-ramirez-confirman-autoridades\/","title":{"rendered":"Trasciende detenci\u00f3n de asesinos de Luis Enrique Ram\u00edrez; despu\u00e9s aclaran &#8220;confusi\u00f3n&#8221;"},"content":{"rendered":"\n<p><strong><em>Se inform\u00f3 que quedan pendientes otras \u00f3rdenes de aprehensi\u00f3n por ser giradas contra otros implicados en el asesinato del comunicador <\/em><\/strong><\/p>\n\n\n\n<p>Culiac\u00e1n, Sin.- Ya fueron detenidos los presuntos responsables del homicidio del periodista Luis Enrique Ram\u00edrez, as\u00ed lo habr\u00eda confirmado la secretaria de Seguridad y Protecci\u00f3n Ciudadana, Rosa Icela Rodr\u00edguez Vel\u00e1zquez.<\/p>\n\n\n\n<p>Asimismo, la funcionaria federal inform\u00f3 que quedan pendientes otras \u00f3rdenes de aprehensi\u00f3n por ser giradas contra otros implicados en el asesinato del comunicador ultimado el pasado 5 de mayo.<\/p>\n\n\n\n<p>Esto en un evento en Culiac\u00e1n, &#8220;Constructores de Paz de Sinaloa&#8221;, a donde acudi\u00f3 para acompa\u00f1ar al gobernador Rub\u00e9n Rocha Moya.<\/p>\n\n\n\n<p><strong>Confusi\u00f3n<\/strong> <\/p>\n\n\n\n<p>Rosa Icela Rodr\u00edguez \u201cse equivoc\u00f3\u201d al confirmar que ya estaban detenidos los presuntos homicidas de Luis Enrique Ram\u00edrez.<\/p>\n\n\n\n<p>A minutos de que la noticia trascendiera en medios de comunicaci\u00f3n, fue el gobernador Rub\u00e9n Rocha Moya quien aclar\u00f3 que se trat\u00f3 de una confusi\u00f3n por parte de la funcionaria federal y que el m\u00f3vil no tendr\u00eda relaci\u00f3n con su labor period\u00edstica. \u201c(El homicidio fue por) delincuencia com\u00fan, fue otra circunstancia que se present\u00f3 en el momento que sali\u00f3 de su casa y se encontr\u00f3 con dificultades\u201d, dijo el mandatario.<\/p>\n\n\n\n<p>Cabe mencionar que es la segunda vez que el gobierno federal da informaci\u00f3n err\u00f3nea del caso, y datos no confirmados por parte de la Fiscal\u00eda General del Estado.<\/p>\n\n\n\n<figure class=\"wp-block-image size-full\"><img decoding=\"async\" width=\"768\" height=\"1024\" src=\"https:\/\/fuentesfidedignas.com.mx\/wp-content\/uploads\/2022\/06\/caf79b5c-7bb2-4d85-adb0-81039f7351fc.jpg\" alt=\"\" class=\"wp-image-33709\" srcset=\"https:\/\/fuentesfidedignas.com.mx\/wp-content\/uploads\/2022\/06\/caf79b5c-7bb2-4d85-adb0-81039f7351fc.jpg 768w, https:\/\/fuentesfidedignas.com.mx\/wp-content\/uploads\/2022\/06\/caf79b5c-7bb2-4d85-adb0-81039f7351fc-225x300.jpg 225w, https:\/\/fuentesfidedignas.com.mx\/wp-content\/uploads\/2022\/06\/caf79b5c-7bb2-4d85-adb0-81039f7351fc-696x928.jpg 696w, https:\/\/fuentesfidedignas.com.mx\/wp-content\/uploads\/2022\/06\/caf79b5c-7bb2-4d85-adb0-81039f7351fc-315x420.jpg 315w\" sizes=\"(max-width: 768px) 100vw, 768px\" \/><\/figure>\n","protected":false},"excerpt":{"rendered":"<p>Se inform\u00f3 que quedan pendientes otras \u00f3rdenes de aprehensi\u00f3n por ser giradas contra otros implicados en el asesinato del comunicador Culiac\u00e1n, Sin.- Ya fueron detenidos los presuntos responsables del homicidio del periodista Luis Enrique Ram\u00edrez, as\u00ed lo habr\u00eda confirmado la secretaria de Seguridad y Protecci\u00f3n Ciudadana, Rosa Icela Rodr\u00edguez Vel\u00e1zquez. Asimismo, la funcionaria federal inform\u00f3 [&hellip;]<\/p>\n","protected":false},"author":11,"featured_media":33588,"comment_status":"open","ping_status":"open","sticky":false,"template":"","format":"standard","meta":{"tdm_status":"","tdm_grid_status":"","footnotes":""},"categories":[37],"tags":[],"class_list":{"0":"post-33698","1":"post","2":"type-post","3":"status-publish","4":"format-standard","5":"has-post-thumbnail","7":"category-nota-principal"},"yoast_head":"<!-- This site is optimized with the Yoast SEO plugin v27.5 - https:\/\/yoast.com\/product\/yoast-seo-wordpress\/ -->\n<title>Trasciende detenci\u00f3n de asesinos de Luis Enrique Ram\u00edrez; despu\u00e9s aclaran &quot;confusi\u00f3n&quot; - Fuentes Fidedignas<\/title>\n<meta name=\"robots\" content=\"index, follow, max-snippet:-1, max-image-preview:large, max-video-preview:-1\" \/>\n<link rel=\"canonical\" href=\"https:\/\/fuentesfidedignas.com.mx\/index.php\/2022\/06\/07\/ya-fueron-detenidos-los-asesinos-de-luis-enrique-ramirez-confirman-autoridades\/\" \/>\n<meta property=\"og:locale\" content=\"es_MX\" \/>\n<meta property=\"og:type\" content=\"article\" \/>\n<meta property=\"og:title\" content=\"Trasciende detenci\u00f3n de asesinos de Luis Enrique Ram\u00edrez; despu\u00e9s aclaran &quot;confusi\u00f3n&quot; - Fuentes Fidedignas\" \/>\n<meta property=\"og:description\" content=\"Se inform\u00f3 que quedan pendientes otras \u00f3rdenes de aprehensi\u00f3n por ser giradas contra otros implicados en el asesinato del comunicador Culiac\u00e1n, Sin.- Ya fueron detenidos los presuntos responsables del homicidio del periodista Luis Enrique Ram\u00edrez, as\u00ed lo habr\u00eda confirmado la secretaria de Seguridad y Protecci\u00f3n Ciudadana, Rosa Icela Rodr\u00edguez Vel\u00e1zquez. Asimismo, la funcionaria federal inform\u00f3 [&hellip;]\" \/>\n<meta property=\"og:url\" content=\"https:\/\/fuentesfidedignas.com.mx\/index.php\/2022\/06\/07\/ya-fueron-detenidos-los-asesinos-de-luis-enrique-ramirez-confirman-autoridades\/\" \/>\n<meta property=\"og:site_name\" content=\"Fuentes Fidedignas\" \/>\n<meta property=\"article:publisher\" content=\"https:\/\/www.facebook.com\/Fuentes-Fidedignas-368234489921644\" \/>\n<meta property=\"article:published_time\" content=\"2022-06-07T17:54:06+00:00\" \/>\n<meta property=\"article:modified_time\" content=\"2022-06-07T19:27:59+00:00\" \/>\n<meta property=\"og:image\" content=\"https:\/\/fuentesfidedignas.com.mx\/wp-content\/uploads\/2022\/06\/luis10.jpg\" \/>\n\t<meta property=\"og:image:width\" content=\"821\" \/>\n\t<meta property=\"og:image:height\" content=\"520\" \/>\n\t<meta property=\"og:image:type\" content=\"image\/jpeg\" \/>\n<meta name=\"author\" content=\"Marissa Palafox\" \/>\n<meta name=\"twitter:card\" content=\"summary_large_image\" \/>\n<meta name=\"twitter:creator\" content=\"@fidedignas\" \/>\n<meta name=\"twitter:site\" content=\"@fidedignas\" \/>\n<meta name=\"twitter:label1\" content=\"Escrito por\" \/>\n\t<meta name=\"twitter:data1\" content=\"Marissa Palafox\" \/>\n\t<meta name=\"twitter:label2\" content=\"Tiempo de lectura\" \/>\n\t<meta name=\"twitter:data2\" content=\"2 minutos\" \/>\n<script type=\"application\/ld+json\" class=\"yoast-schema-graph\">{\"@context\":\"https:\\\/\\\/schema.org\",\"@graph\":[{\"@type\":\"Article\",\"@id\":\"https:\\\/\\\/fuentesfidedignas.com.mx\\\/index.php\\\/2022\\\/06\\\/07\\\/ya-fueron-detenidos-los-asesinos-de-luis-enrique-ramirez-confirman-autoridades\\\/#article\",\"isPartOf\":{\"@id\":\"https:\\\/\\\/fuentesfidedignas.com.mx\\\/index.php\\\/2022\\\/06\\\/07\\\/ya-fueron-detenidos-los-asesinos-de-luis-enrique-ramirez-confirman-autoridades\\\/\"},\"author\":{\"name\":\"Marissa Palafox\",\"@id\":\"https:\\\/\\\/fuentesfidedignas.com.mx\\\/#\\\/schema\\\/person\\\/2c10028b4a30078c05a056a215342ab9\"},\"headline\":\"Trasciende detenci\u00f3n de asesinos de Luis Enrique Ram\u00edrez; despu\u00e9s aclaran &#8220;confusi\u00f3n&#8221;\",\"datePublished\":\"2022-06-07T17:54:06+00:00\",\"dateModified\":\"2022-06-07T19:27:59+00:00\",\"mainEntityOfPage\":{\"@id\":\"https:\\\/\\\/fuentesfidedignas.com.mx\\\/index.php\\\/2022\\\/06\\\/07\\\/ya-fueron-detenidos-los-asesinos-de-luis-enrique-ramirez-confirman-autoridades\\\/\"},\"wordCount\":257,\"commentCount\":0,\"publisher\":{\"@id\":\"https:\\\/\\\/fuentesfidedignas.com.mx\\\/#organization\"},\"image\":{\"@id\":\"https:\\\/\\\/fuentesfidedignas.com.mx\\\/index.php\\\/2022\\\/06\\\/07\\\/ya-fueron-detenidos-los-asesinos-de-luis-enrique-ramirez-confirman-autoridades\\\/#primaryimage\"},\"thumbnailUrl\":\"https:\\\/\\\/fuentesfidedignas.com.mx\\\/wp-content\\\/uploads\\\/2022\\\/06\\\/luis10.jpg\",\"articleSection\":[\"NOTA PRINCIPAL\"],\"inLanguage\":\"es\",\"potentialAction\":[{\"@type\":\"CommentAction\",\"name\":\"Comment\",\"target\":[\"https:\\\/\\\/fuentesfidedignas.com.mx\\\/index.php\\\/2022\\\/06\\\/07\\\/ya-fueron-detenidos-los-asesinos-de-luis-enrique-ramirez-confirman-autoridades\\\/#respond\"]}]},{\"@type\":\"WebPage\",\"@id\":\"https:\\\/\\\/fuentesfidedignas.com.mx\\\/index.php\\\/2022\\\/06\\\/07\\\/ya-fueron-detenidos-los-asesinos-de-luis-enrique-ramirez-confirman-autoridades\\\/\",\"url\":\"https:\\\/\\\/fuentesfidedignas.com.mx\\\/index.php\\\/2022\\\/06\\\/07\\\/ya-fueron-detenidos-los-asesinos-de-luis-enrique-ramirez-confirman-autoridades\\\/\",\"name\":\"Trasciende detenci\u00f3n de asesinos de Luis Enrique Ram\u00edrez; despu\u00e9s aclaran \\\"confusi\u00f3n\\\" - Fuentes Fidedignas\",\"isPartOf\":{\"@id\":\"https:\\\/\\\/fuentesfidedignas.com.mx\\\/#website\"},\"primaryImageOfPage\":{\"@id\":\"https:\\\/\\\/fuentesfidedignas.com.mx\\\/index.php\\\/2022\\\/06\\\/07\\\/ya-fueron-detenidos-los-asesinos-de-luis-enrique-ramirez-confirman-autoridades\\\/#primaryimage\"},\"image\":{\"@id\":\"https:\\\/\\\/fuentesfidedignas.com.mx\\\/index.php\\\/2022\\\/06\\\/07\\\/ya-fueron-detenidos-los-asesinos-de-luis-enrique-ramirez-confirman-autoridades\\\/#primaryimage\"},\"thumbnailUrl\":\"https:\\\/\\\/fuentesfidedignas.com.mx\\\/wp-content\\\/uploads\\\/2022\\\/06\\\/luis10.jpg\",\"datePublished\":\"2022-06-07T17:54:06+00:00\",\"dateModified\":\"2022-06-07T19:27:59+00:00\",\"breadcrumb\":{\"@id\":\"https:\\\/\\\/fuentesfidedignas.com.mx\\\/index.php\\\/2022\\\/06\\\/07\\\/ya-fueron-detenidos-los-asesinos-de-luis-enrique-ramirez-confirman-autoridades\\\/#breadcrumb\"},\"inLanguage\":\"es\",\"potentialAction\":[{\"@type\":\"ReadAction\",\"target\":[\"https:\\\/\\\/fuentesfidedignas.com.mx\\\/index.php\\\/2022\\\/06\\\/07\\\/ya-fueron-detenidos-los-asesinos-de-luis-enrique-ramirez-confirman-autoridades\\\/\"]}]},{\"@type\":\"ImageObject\",\"inLanguage\":\"es\",\"@id\":\"https:\\\/\\\/fuentesfidedignas.com.mx\\\/index.php\\\/2022\\\/06\\\/07\\\/ya-fueron-detenidos-los-asesinos-de-luis-enrique-ramirez-confirman-autoridades\\\/#primaryimage\",\"url\":\"https:\\\/\\\/fuentesfidedignas.com.mx\\\/wp-content\\\/uploads\\\/2022\\\/06\\\/luis10.jpg\",\"contentUrl\":\"https:\\\/\\\/fuentesfidedignas.com.mx\\\/wp-content\\\/uploads\\\/2022\\\/06\\\/luis10.jpg\",\"width\":821,\"height\":520},{\"@type\":\"BreadcrumbList\",\"@id\":\"https:\\\/\\\/fuentesfidedignas.com.mx\\\/index.php\\\/2022\\\/06\\\/07\\\/ya-fueron-detenidos-los-asesinos-de-luis-enrique-ramirez-confirman-autoridades\\\/#breadcrumb\",\"itemListElement\":[{\"@type\":\"ListItem\",\"position\":1,\"name\":\"Inicio\",\"item\":\"https:\\\/\\\/fuentesfidedignas.com.mx\\\/\"},{\"@type\":\"ListItem\",\"position\":2,\"name\":\"Trasciende detenci\u00f3n de asesinos de Luis Enrique Ram\u00edrez; despu\u00e9s aclaran &#8220;confusi\u00f3n&#8221;\"}]},{\"@type\":\"WebSite\",\"@id\":\"https:\\\/\\\/fuentesfidedignas.com.mx\\\/#website\",\"url\":\"https:\\\/\\\/fuentesfidedignas.com.mx\\\/\",\"name\":\"Fuentes Fidedignas\",\"description\":\"Otro sitio realizado con WordPress\",\"publisher\":{\"@id\":\"https:\\\/\\\/fuentesfidedignas.com.mx\\\/#organization\"},\"potentialAction\":[{\"@type\":\"SearchAction\",\"target\":{\"@type\":\"EntryPoint\",\"urlTemplate\":\"https:\\\/\\\/fuentesfidedignas.com.mx\\\/?s={search_term_string}\"},\"query-input\":{\"@type\":\"PropertyValueSpecification\",\"valueRequired\":true,\"valueName\":\"search_term_string\"}}],\"inLanguage\":\"es\"},{\"@type\":\"Organization\",\"@id\":\"https:\\\/\\\/fuentesfidedignas.com.mx\\\/#organization\",\"name\":\"Fuentes Fidedignas\",\"url\":\"https:\\\/\\\/fuentesfidedignas.com.mx\\\/\",\"logo\":{\"@type\":\"ImageObject\",\"inLanguage\":\"es\",\"@id\":\"https:\\\/\\\/fuentesfidedignas.com.mx\\\/#\\\/schema\\\/logo\\\/image\\\/\",\"url\":\"https:\\\/\\\/fuentesfidedignas.com.mx\\\/wp-content\\\/uploads\\\/2021\\\/04\\\/logo-retina.png\",\"contentUrl\":\"https:\\\/\\\/fuentesfidedignas.com.mx\\\/wp-content\\\/uploads\\\/2021\\\/04\\\/logo-retina.png\",\"width\":280,\"height\":51,\"caption\":\"Fuentes Fidedignas\"},\"image\":{\"@id\":\"https:\\\/\\\/fuentesfidedignas.com.mx\\\/#\\\/schema\\\/logo\\\/image\\\/\"},\"sameAs\":[\"https:\\\/\\\/www.facebook.com\\\/Fuentes-Fidedignas-368234489921644\",\"https:\\\/\\\/x.com\\\/fidedignas\"]},{\"@type\":\"Person\",\"@id\":\"https:\\\/\\\/fuentesfidedignas.com.mx\\\/#\\\/schema\\\/person\\\/2c10028b4a30078c05a056a215342ab9\",\"name\":\"Marissa Palafox\",\"image\":{\"@type\":\"ImageObject\",\"inLanguage\":\"es\",\"@id\":\"https:\\\/\\\/secure.gravatar.com\\\/avatar\\\/20a43bdb2f2db10f20b22d4e98b96eb027faf98f7f76d29854dc5fab46d1cf71?s=96&d=mm&r=g\",\"url\":\"https:\\\/\\\/secure.gravatar.com\\\/avatar\\\/20a43bdb2f2db10f20b22d4e98b96eb027faf98f7f76d29854dc5fab46d1cf71?s=96&d=mm&r=g\",\"contentUrl\":\"https:\\\/\\\/secure.gravatar.com\\\/avatar\\\/20a43bdb2f2db10f20b22d4e98b96eb027faf98f7f76d29854dc5fab46d1cf71?s=96&d=mm&r=g\",\"caption\":\"Marissa Palafox\"},\"url\":\"https:\\\/\\\/fuentesfidedignas.com.mx\\\/index.php\\\/author\\\/marissa\\\/\"}]}<\/script>\n<!-- \/ Yoast SEO plugin. -->","yoast_head_json":{"title":"Trasciende detenci\u00f3n de asesinos de Luis Enrique Ram\u00edrez; despu\u00e9s aclaran \"confusi\u00f3n\" - Fuentes Fidedignas","robots":{"index":"index","follow":"follow","max-snippet":"max-snippet:-1","max-image-preview":"max-image-preview:large","max-video-preview":"max-video-preview:-1"},"canonical":"https:\/\/fuentesfidedignas.com.mx\/index.php\/2022\/06\/07\/ya-fueron-detenidos-los-asesinos-de-luis-enrique-ramirez-confirman-autoridades\/","og_locale":"es_MX","og_type":"article","og_title":"Trasciende detenci\u00f3n de asesinos de Luis Enrique Ram\u00edrez; despu\u00e9s aclaran \"confusi\u00f3n\" - Fuentes Fidedignas","og_description":"Se inform\u00f3 que quedan pendientes otras \u00f3rdenes de aprehensi\u00f3n por ser giradas contra otros implicados en el asesinato del comunicador Culiac\u00e1n, Sin.- Ya fueron detenidos los presuntos responsables del homicidio del periodista Luis Enrique Ram\u00edrez, as\u00ed lo habr\u00eda confirmado la secretaria de Seguridad y Protecci\u00f3n Ciudadana, Rosa Icela Rodr\u00edguez Vel\u00e1zquez. Asimismo, la funcionaria federal inform\u00f3 [&hellip;]","og_url":"https:\/\/fuentesfidedignas.com.mx\/index.php\/2022\/06\/07\/ya-fueron-detenidos-los-asesinos-de-luis-enrique-ramirez-confirman-autoridades\/","og_site_name":"Fuentes Fidedignas","article_publisher":"https:\/\/www.facebook.com\/Fuentes-Fidedignas-368234489921644","article_published_time":"2022-06-07T17:54:06+00:00","article_modified_time":"2022-06-07T19:27:59+00:00","og_image":[{"width":821,"height":520,"url":"https:\/\/fuentesfidedignas.com.mx\/wp-content\/uploads\/2022\/06\/luis10.jpg","type":"image\/jpeg"}],"author":"Marissa Palafox","twitter_card":"summary_large_image","twitter_creator":"@fidedignas","twitter_site":"@fidedignas","twitter_misc":{"Escrito por":"Marissa Palafox","Tiempo de lectura":"2 minutos"},"schema":{"@context":"https:\/\/schema.org","@graph":[{"@type":"Article","@id":"https:\/\/fuentesfidedignas.com.mx\/index.php\/2022\/06\/07\/ya-fueron-detenidos-los-asesinos-de-luis-enrique-ramirez-confirman-autoridades\/#article","isPartOf":{"@id":"https:\/\/fuentesfidedignas.com.mx\/index.php\/2022\/06\/07\/ya-fueron-detenidos-los-asesinos-de-luis-enrique-ramirez-confirman-autoridades\/"},"author":{"name":"Marissa Palafox","@id":"https:\/\/fuentesfidedignas.com.mx\/#\/schema\/person\/2c10028b4a30078c05a056a215342ab9"},"headline":"Trasciende detenci\u00f3n de asesinos de Luis Enrique Ram\u00edrez; despu\u00e9s aclaran &#8220;confusi\u00f3n&#8221;","datePublished":"2022-06-07T17:54:06+00:00","dateModified":"2022-06-07T19:27:59+00:00","mainEntityOfPage":{"@id":"https:\/\/fuentesfidedignas.com.mx\/index.php\/2022\/06\/07\/ya-fueron-detenidos-los-asesinos-de-luis-enrique-ramirez-confirman-autoridades\/"},"wordCount":257,"commentCount":0,"publisher":{"@id":"https:\/\/fuentesfidedignas.com.mx\/#organization"},"image":{"@id":"https:\/\/fuentesfidedignas.com.mx\/index.php\/2022\/06\/07\/ya-fueron-detenidos-los-asesinos-de-luis-enrique-ramirez-confirman-autoridades\/#primaryimage"},"thumbnailUrl":"https:\/\/fuentesfidedignas.com.mx\/wp-content\/uploads\/2022\/06\/luis10.jpg","articleSection":["NOTA PRINCIPAL"],"inLanguage":"es","potentialAction":[{"@type":"CommentAction","name":"Comment","target":["https:\/\/fuentesfidedignas.com.mx\/index.php\/2022\/06\/07\/ya-fueron-detenidos-los-asesinos-de-luis-enrique-ramirez-confirman-autoridades\/#respond"]}]},{"@type":"WebPage","@id":"https:\/\/fuentesfidedignas.com.mx\/index.php\/2022\/06\/07\/ya-fueron-detenidos-los-asesinos-de-luis-enrique-ramirez-confirman-autoridades\/","url":"https:\/\/fuentesfidedignas.com.mx\/index.php\/2022\/06\/07\/ya-fueron-detenidos-los-asesinos-de-luis-enrique-ramirez-confirman-autoridades\/","name":"Trasciende detenci\u00f3n de asesinos de Luis Enrique Ram\u00edrez; despu\u00e9s aclaran \"confusi\u00f3n\" - Fuentes Fidedignas","isPartOf":{"@id":"https:\/\/fuentesfidedignas.com.mx\/#website"},"primaryImageOfPage":{"@id":"https:\/\/fuentesfidedignas.com.mx\/index.php\/2022\/06\/07\/ya-fueron-detenidos-los-asesinos-de-luis-enrique-ramirez-confirman-autoridades\/#primaryimage"},"image":{"@id":"https:\/\/fuentesfidedignas.com.mx\/index.php\/2022\/06\/07\/ya-fueron-detenidos-los-asesinos-de-luis-enrique-ramirez-confirman-autoridades\/#primaryimage"},"thumbnailUrl":"https:\/\/fuentesfidedignas.com.mx\/wp-content\/uploads\/2022\/06\/luis10.jpg","datePublished":"2022-06-07T17:54:06+00:00","dateModified":"2022-06-07T19:27:59+00:00","breadcrumb":{"@id":"https:\/\/fuentesfidedignas.com.mx\/index.php\/2022\/06\/07\/ya-fueron-detenidos-los-asesinos-de-luis-enrique-ramirez-confirman-autoridades\/#breadcrumb"},"inLanguage":"es","potentialAction":[{"@type":"ReadAction","target":["https:\/\/fuentesfidedignas.com.mx\/index.php\/2022\/06\/07\/ya-fueron-detenidos-los-asesinos-de-luis-enrique-ramirez-confirman-autoridades\/"]}]},{"@type":"ImageObject","inLanguage":"es","@id":"https:\/\/fuentesfidedignas.com.mx\/index.php\/2022\/06\/07\/ya-fueron-detenidos-los-asesinos-de-luis-enrique-ramirez-confirman-autoridades\/#primaryimage","url":"https:\/\/fuentesfidedignas.com.mx\/wp-content\/uploads\/2022\/06\/luis10.jpg","contentUrl":"https:\/\/fuentesfidedignas.com.mx\/wp-content\/uploads\/2022\/06\/luis10.jpg","width":821,"height":520},{"@type":"BreadcrumbList","@id":"https:\/\/fuentesfidedignas.com.mx\/index.php\/2022\/06\/07\/ya-fueron-detenidos-los-asesinos-de-luis-enrique-ramirez-confirman-autoridades\/#breadcrumb","itemListElement":[{"@type":"ListItem","position":1,"name":"Inicio","item":"https:\/\/fuentesfidedignas.com.mx\/"},{"@type":"ListItem","position":2,"name":"Trasciende detenci\u00f3n de asesinos de Luis Enrique Ram\u00edrez; despu\u00e9s aclaran &#8220;confusi\u00f3n&#8221;"}]},{"@type":"WebSite","@id":"https:\/\/fuentesfidedignas.com.mx\/#website","url":"https:\/\/fuentesfidedignas.com.mx\/","name":"Fuentes Fidedignas","description":"Otro sitio realizado con WordPress","publisher":{"@id":"https:\/\/fuentesfidedignas.com.mx\/#organization"},"potentialAction":[{"@type":"SearchAction","target":{"@type":"EntryPoint","urlTemplate":"https:\/\/fuentesfidedignas.com.mx\/?s={search_term_string}"},"query-input":{"@type":"PropertyValueSpecification","valueRequired":true,"valueName":"search_term_string"}}],"inLanguage":"es"},{"@type":"Organization","@id":"https:\/\/fuentesfidedignas.com.mx\/#organization","name":"Fuentes Fidedignas","url":"https:\/\/fuentesfidedignas.com.mx\/","logo":{"@type":"ImageObject","inLanguage":"es","@id":"https:\/\/fuentesfidedignas.com.mx\/#\/schema\/logo\/image\/","url":"https:\/\/fuentesfidedignas.com.mx\/wp-content\/uploads\/2021\/04\/logo-retina.png","contentUrl":"https:\/\/fuentesfidedignas.com.mx\/wp-content\/uploads\/2021\/04\/logo-retina.png","width":280,"height":51,"caption":"Fuentes Fidedignas"},"image":{"@id":"https:\/\/fuentesfidedignas.com.mx\/#\/schema\/logo\/image\/"},"sameAs":["https:\/\/www.facebook.com\/Fuentes-Fidedignas-368234489921644","https:\/\/x.com\/fidedignas"]},{"@type":"Person","@id":"https:\/\/fuentesfidedignas.com.mx\/#\/schema\/person\/2c10028b4a30078c05a056a215342ab9","name":"Marissa Palafox","image":{"@type":"ImageObject","inLanguage":"es","@id":"https:\/\/secure.gravatar.com\/avatar\/20a43bdb2f2db10f20b22d4e98b96eb027faf98f7f76d29854dc5fab46d1cf71?s=96&d=mm&r=g","url":"https:\/\/secure.gravatar.com\/avatar\/20a43bdb2f2db10f20b22d4e98b96eb027faf98f7f76d29854dc5fab46d1cf71?s=96&d=mm&r=g","contentUrl":"https:\/\/secure.gravatar.com\/avatar\/20a43bdb2f2db10f20b22d4e98b96eb027faf98f7f76d29854dc5fab46d1cf71?s=96&d=mm&r=g","caption":"Marissa Palafox"},"url":"https:\/\/fuentesfidedignas.com.mx\/index.php\/author\/marissa\/"}]}},"_links":{"self":[{"href":"https:\/\/fuentesfidedignas.com.mx\/index.php\/wp-json\/wp\/v2\/posts\/33698","targetHints":{"allow":["GET"]}}],"collection":[{"href":"https:\/\/fuentesfidedignas.com.mx\/index.php\/wp-json\/wp\/v2\/posts"}],"about":[{"href":"https:\/\/fuentesfidedignas.com.mx\/index.php\/wp-json\/wp\/v2\/types\/post"}],"author":[{"embeddable":true,"href":"https:\/\/fuentesfidedignas.com.mx\/index.php\/wp-json\/wp\/v2\/users\/11"}],"replies":[{"embeddable":true,"href":"https:\/\/fuentesfidedignas.com.mx\/index.php\/wp-json\/wp\/v2\/comments?post=33698"}],"version-history":[{"count":8,"href":"https:\/\/fuentesfidedignas.com.mx\/index.php\/wp-json\/wp\/v2\/posts\/33698\/revisions"}],"predecessor-version":[{"id":33727,"href":"https:\/\/fuentesfidedignas.com.mx\/index.php\/wp-json\/wp\/v2\/posts\/33698\/revisions\/33727"}],"wp:featuredmedia":[{"embeddable":true,"href":"https:\/\/fuentesfidedignas.com.mx\/index.php\/wp-json\/wp\/v2\/media\/33588"}],"wp:attachment":[{"href":"https:\/\/fuentesfidedignas.com.mx\/index.php\/wp-json\/wp\/v2\/media?parent=33698"}],"wp:term":[{"taxonomy":"category","embeddable":true,"href":"https:\/\/fuentesfidedignas.com.mx\/index.php\/wp-json\/wp\/v2\/categories?post=33698"},{"taxonomy":"post_tag","embeddable":true,"href":"https:\/\/fuentesfidedignas.com.mx\/index.php\/wp-json\/wp\/v2\/tags?post=33698"}],"curies":[{"name":"wp","href":"https:\/\/api.w.org\/{rel}","templated":true}]}}