{"id":33691,"date":"2022-06-07T11:05:48","date_gmt":"2022-06-07T17:05:48","guid":{"rendered":"https:\/\/fuentesfidedignas.com.mx\/?p=33691"},"modified":"2022-06-07T11:05:50","modified_gmt":"2022-06-07T17:05:50","slug":"amlo-ha-entregado-secciones-de-mexico-a-carteles-de-droga-acusa-el-senador-de-eu","status":"publish","type":"post","link":"https:\/\/fuentesfidedignas.com.mx\/index.php\/2022\/06\/07\/amlo-ha-entregado-secciones-de-mexico-a-carteles-de-droga-acusa-el-senador-de-eu\/","title":{"rendered":"AMLO ha entregado secciones de M\u00e9xico a c\u00e1rteles de droga, acusa el senador de EU"},"content":{"rendered":"\n<p><strong><em>\u201cMe alegra ver que el presidente mexicano, que es un apologista de la tiran\u00eda en Cuba, un dictador asesino en Nicaragua y de un narcotraficante en Venezuela, no estar\u00e1 en Estados Unidos esta semana\u201d, dijo el senador republicano Marco Rubio<\/em><\/strong><\/p>\n\n\n\n<p>Estados Unidos.- El senador republicano Marco Rubio acus\u00f3 hoy al presidente Andr\u00e9s Manuel L\u00f3pez Obrador de ser un \u201capologista de la tiran\u00eda\u201d, luego de que el mexicano anunciara que no participar\u00e1 en la Cumbre de las Am\u00e9ricas que se realiza en Los \u00c1ngeles, California.<\/p>\n\n\n\n<p>\u201cMe alegra ver que el presidente mexicano, que ha entregado secciones de su pa\u00eds a los c\u00e1rteles de droga y es un apologista de la tiran\u00eda en Cuba, un dictador asesino en Nicaragua y de un narcotraficante en Venezuela, no estar\u00e1 en Estados Unidos esta semana\u201d, tuite\u00f3 Rubio.<\/p>\n\n\n\n<figure class=\"wp-block-embed is-type-rich is-provider-twitter wp-block-embed-twitter\"><div class=\"wp-block-embed__wrapper\">\n<blockquote class=\"twitter-tweet\" data-width=\"550\" data-dnt=\"true\"><p lang=\"es\" dir=\"ltr\">Me alegra ver que el presidente Mexicano, que ha entregado secciones de su pa\u00eds a los c\u00e1rteles de droga y es un apologista de la tiran\u00eda en Cuba, un dictador asesino en Nicaragua y de un narcotraficante en Venezuela no estar\u00e1 en EE.UU. esta semana. <a href=\"https:\/\/t.co\/3hUvnJjrqe\">pic.twitter.com\/3hUvnJjrqe<\/a><\/p>&mdash; Marco Rubio (@marcorubio) <a href=\"https:\/\/twitter.com\/marcorubio\/status\/1534151734142062594?ref_src=twsrc%5Etfw\">June 7, 2022<\/a><\/blockquote><script async src=\"https:\/\/platform.twitter.com\/widgets.js\" charset=\"utf-8\"><\/script>\n<\/div><figcaption>El senador por Florida fue uno de los pol\u00edticos que m\u00e1s presionaron para impedir que a la cumbre se invitara a Cuba, Nicaragua y Venezuela, pa\u00edses que finalmente no fueron invitados.<br><br>L\u00f3pez Obrador anunci\u00f3 el lunes que dada la exclusi\u00f3n de naciones de la cumbre, no asistir\u00eda. En su representaci\u00f3n acude el canciller Marcelo Ebrard.<br><br>Pero la decisi\u00f3n del mandatario mexicano ha levantado pol\u00e9mica.<br><br>El mismo lunes, el senador dem\u00f3crata Bob Men\u00e9ndez, a quien Obrador critic\u00f3 particularmente por los ataques a Cuba, lament\u00f3 que el mandatario mexicano se ponga del lado de \u201cdictadores\u201d.<br><br>En un comunicado, Men\u00e9ndez, presidente del Comit\u00e9 de Relaciones Exteriores del Senado, dijo que \u201cla cumbre es una oportunidad para que las democracias -no los matones autoritarios- de todo el hemisferio forjen una agenda que haga avanzar nuestra prosperidad compartida y nuestros valores democr\u00e1ticos\u201d.<br><br>El legislador dijo que desde que asumi\u00f3 la presidencia, Joe Biden dej\u00f3 en claro \u201cque se centrar\u00eda en restaurar la credibilidad y el liderazgo de Estados Unidos en la campa\u00f1a mundial para fortalecer los gobiernos democr\u00e1ticos y contrarrestar las fuerzas autoritarias\u201d y que, en ese sentido, es bueno ver que el mandatario cumpla su promesa, \u201cpreservando el est\u00e1ndar de que la Cumbre de las Am\u00e9ricas sigue siendo una reuni\u00f3n para las democracias\u201d.<br><br>\u201cDespu\u00e9s de a\u00f1os de absoluta negligencia y franca hostilidad para la asociaci\u00f3n M\u00e9xico-Estados Unidos por parte de Donald Trump, la ausencia del Presidente L\u00f3pez Obrador en la Cumbre lamentablemente har\u00e1 retroceder los esfuerzos para continuar reparando la relaci\u00f3n y cooperar en temas pertinentes para el bienestar de nuestras dos naciones\u201d, indic\u00f3 el funcionario dem\u00f3crata en su comunicado.<br><br>\u201cMe uno a los que est\u00e1n cada vez m\u00e1s preocupados por la decisi\u00f3n del presidente Andr\u00e9s Manuel L\u00f3pez Obrador de estar con dictadores y d\u00e9spotas en lugar de representar los intereses del pueblo mexicano en una cumbre con sus socios de todo el hemisferio&#8221;, concluy\u00f3.<\/figcaption><\/figure>\n","protected":false},"excerpt":{"rendered":"<p>\u201cMe alegra ver que el presidente mexicano, que es un apologista de la tiran\u00eda en Cuba, un dictador asesino en Nicaragua y de un narcotraficante en Venezuela, no estar\u00e1 en Estados Unidos esta semana\u201d, dijo el senador republicano Marco Rubio Estados Unidos.- El senador republicano Marco Rubio acus\u00f3 hoy al presidente Andr\u00e9s Manuel L\u00f3pez Obrador [&hellip;]<\/p>\n","protected":false},"author":39,"featured_media":33693,"comment_status":"open","ping_status":"open","sticky":false,"template":"","format":"standard","meta":{"tdm_status":"","tdm_grid_status":"","footnotes":""},"categories":[39],"tags":[247,297,2904,315],"class_list":{"0":"post-33691","1":"post","2":"type-post","3":"status-publish","4":"format-standard","5":"has-post-thumbnail","7":"category-noticias-nacionales","8":"tag-amlo","9":"tag-andres-manuel-lopez-obrador","10":"tag-cumbre-de-las-americas","11":"tag-estados-unidos"},"yoast_head":"<!-- This site is optimized with the Yoast SEO plugin v27.5 - https:\/\/yoast.com\/product\/yoast-seo-wordpress\/ -->\n<title>AMLO ha entregado secciones de M\u00e9xico a c\u00e1rteles de droga, acusa el senador de EU - Fuentes Fidedignas<\/title>\n<meta name=\"robots\" content=\"index, follow, max-snippet:-1, max-image-preview:large, max-video-preview:-1\" \/>\n<link rel=\"canonical\" href=\"https:\/\/fuentesfidedignas.com.mx\/index.php\/2022\/06\/07\/amlo-ha-entregado-secciones-de-mexico-a-carteles-de-droga-acusa-el-senador-de-eu\/\" \/>\n<meta property=\"og:locale\" content=\"es_MX\" \/>\n<meta property=\"og:type\" content=\"article\" \/>\n<meta property=\"og:title\" content=\"AMLO ha entregado secciones de M\u00e9xico a c\u00e1rteles de droga, acusa el senador de EU - Fuentes Fidedignas\" \/>\n<meta property=\"og:description\" content=\"\u201cMe alegra ver que el presidente mexicano, que es un apologista de la tiran\u00eda en Cuba, un dictador asesino en Nicaragua y de un narcotraficante en Venezuela, no estar\u00e1 en Estados Unidos esta semana\u201d, dijo el senador republicano Marco Rubio Estados Unidos.- El senador republicano Marco Rubio acus\u00f3 hoy al presidente Andr\u00e9s Manuel L\u00f3pez Obrador [&hellip;]\" \/>\n<meta property=\"og:url\" content=\"https:\/\/fuentesfidedignas.com.mx\/index.php\/2022\/06\/07\/amlo-ha-entregado-secciones-de-mexico-a-carteles-de-droga-acusa-el-senador-de-eu\/\" \/>\n<meta property=\"og:site_name\" content=\"Fuentes Fidedignas\" \/>\n<meta property=\"article:publisher\" content=\"https:\/\/www.facebook.com\/Fuentes-Fidedignas-368234489921644\" \/>\n<meta property=\"article:published_time\" content=\"2022-06-07T17:05:48+00:00\" \/>\n<meta property=\"article:modified_time\" content=\"2022-06-07T17:05:50+00:00\" \/>\n<meta property=\"og:image\" content=\"https:\/\/fuentesfidedignas.com.mx\/wp-content\/uploads\/2022\/06\/MARCO_RUBIO.jpg\" \/>\n\t<meta property=\"og:image:width\" content=\"1349\" \/>\n\t<meta property=\"og:image:height\" content=\"808\" \/>\n\t<meta property=\"og:image:type\" content=\"image\/jpeg\" \/>\n<meta name=\"author\" content=\"El Universal\" \/>\n<meta name=\"twitter:card\" content=\"summary_large_image\" \/>\n<meta name=\"twitter:creator\" content=\"@fidedignas\" \/>\n<meta name=\"twitter:site\" content=\"@fidedignas\" \/>\n<meta name=\"twitter:label1\" content=\"Escrito por\" \/>\n\t<meta name=\"twitter:data1\" content=\"El Universal\" \/>\n\t<meta name=\"twitter:label2\" content=\"Tiempo de lectura\" \/>\n\t<meta name=\"twitter:data2\" content=\"3 minutos\" \/>\n<script type=\"application\/ld+json\" class=\"yoast-schema-graph\">{\"@context\":\"https:\\\/\\\/schema.org\",\"@graph\":[{\"@type\":\"Article\",\"@id\":\"https:\\\/\\\/fuentesfidedignas.com.mx\\\/index.php\\\/2022\\\/06\\\/07\\\/amlo-ha-entregado-secciones-de-mexico-a-carteles-de-droga-acusa-el-senador-de-eu\\\/#article\",\"isPartOf\":{\"@id\":\"https:\\\/\\\/fuentesfidedignas.com.mx\\\/index.php\\\/2022\\\/06\\\/07\\\/amlo-ha-entregado-secciones-de-mexico-a-carteles-de-droga-acusa-el-senador-de-eu\\\/\"},\"author\":{\"name\":\"El Universal\",\"@id\":\"https:\\\/\\\/fuentesfidedignas.com.mx\\\/#\\\/schema\\\/person\\\/fee3882e65fd0510d292c43a346d35d7\"},\"headline\":\"AMLO ha entregado secciones de M\u00e9xico a c\u00e1rteles de droga, acusa el senador de EU\",\"datePublished\":\"2022-06-07T17:05:48+00:00\",\"dateModified\":\"2022-06-07T17:05:50+00:00\",\"mainEntityOfPage\":{\"@id\":\"https:\\\/\\\/fuentesfidedignas.com.mx\\\/index.php\\\/2022\\\/06\\\/07\\\/amlo-ha-entregado-secciones-de-mexico-a-carteles-de-droga-acusa-el-senador-de-eu\\\/\"},\"wordCount\":530,\"commentCount\":0,\"publisher\":{\"@id\":\"https:\\\/\\\/fuentesfidedignas.com.mx\\\/#organization\"},\"image\":{\"@id\":\"https:\\\/\\\/fuentesfidedignas.com.mx\\\/index.php\\\/2022\\\/06\\\/07\\\/amlo-ha-entregado-secciones-de-mexico-a-carteles-de-droga-acusa-el-senador-de-eu\\\/#primaryimage\"},\"thumbnailUrl\":\"https:\\\/\\\/fuentesfidedignas.com.mx\\\/wp-content\\\/uploads\\\/2022\\\/06\\\/MARCO_RUBIO.jpg\",\"keywords\":[\"AMLO\",\"Andr\u00e9s Manuel L\u00f3pez Obrador\",\"Cumbre de las Am\u00e9ricas\",\"Estados Unidos\"],\"articleSection\":[\"NOTICIAS NACIONALES\"],\"inLanguage\":\"es\",\"potentialAction\":[{\"@type\":\"CommentAction\",\"name\":\"Comment\",\"target\":[\"https:\\\/\\\/fuentesfidedignas.com.mx\\\/index.php\\\/2022\\\/06\\\/07\\\/amlo-ha-entregado-secciones-de-mexico-a-carteles-de-droga-acusa-el-senador-de-eu\\\/#respond\"]}]},{\"@type\":\"WebPage\",\"@id\":\"https:\\\/\\\/fuentesfidedignas.com.mx\\\/index.php\\\/2022\\\/06\\\/07\\\/amlo-ha-entregado-secciones-de-mexico-a-carteles-de-droga-acusa-el-senador-de-eu\\\/\",\"url\":\"https:\\\/\\\/fuentesfidedignas.com.mx\\\/index.php\\\/2022\\\/06\\\/07\\\/amlo-ha-entregado-secciones-de-mexico-a-carteles-de-droga-acusa-el-senador-de-eu\\\/\",\"name\":\"AMLO ha entregado secciones de M\u00e9xico a c\u00e1rteles de droga, acusa el senador de EU - Fuentes Fidedignas\",\"isPartOf\":{\"@id\":\"https:\\\/\\\/fuentesfidedignas.com.mx\\\/#website\"},\"primaryImageOfPage\":{\"@id\":\"https:\\\/\\\/fuentesfidedignas.com.mx\\\/index.php\\\/2022\\\/06\\\/07\\\/amlo-ha-entregado-secciones-de-mexico-a-carteles-de-droga-acusa-el-senador-de-eu\\\/#primaryimage\"},\"image\":{\"@id\":\"https:\\\/\\\/fuentesfidedignas.com.mx\\\/index.php\\\/2022\\\/06\\\/07\\\/amlo-ha-entregado-secciones-de-mexico-a-carteles-de-droga-acusa-el-senador-de-eu\\\/#primaryimage\"},\"thumbnailUrl\":\"https:\\\/\\\/fuentesfidedignas.com.mx\\\/wp-content\\\/uploads\\\/2022\\\/06\\\/MARCO_RUBIO.jpg\",\"datePublished\":\"2022-06-07T17:05:48+00:00\",\"dateModified\":\"2022-06-07T17:05:50+00:00\",\"breadcrumb\":{\"@id\":\"https:\\\/\\\/fuentesfidedignas.com.mx\\\/index.php\\\/2022\\\/06\\\/07\\\/amlo-ha-entregado-secciones-de-mexico-a-carteles-de-droga-acusa-el-senador-de-eu\\\/#breadcrumb\"},\"inLanguage\":\"es\",\"potentialAction\":[{\"@type\":\"ReadAction\",\"target\":[\"https:\\\/\\\/fuentesfidedignas.com.mx\\\/index.php\\\/2022\\\/06\\\/07\\\/amlo-ha-entregado-secciones-de-mexico-a-carteles-de-droga-acusa-el-senador-de-eu\\\/\"]}]},{\"@type\":\"ImageObject\",\"inLanguage\":\"es\",\"@id\":\"https:\\\/\\\/fuentesfidedignas.com.mx\\\/index.php\\\/2022\\\/06\\\/07\\\/amlo-ha-entregado-secciones-de-mexico-a-carteles-de-droga-acusa-el-senador-de-eu\\\/#primaryimage\",\"url\":\"https:\\\/\\\/fuentesfidedignas.com.mx\\\/wp-content\\\/uploads\\\/2022\\\/06\\\/MARCO_RUBIO.jpg\",\"contentUrl\":\"https:\\\/\\\/fuentesfidedignas.com.mx\\\/wp-content\\\/uploads\\\/2022\\\/06\\\/MARCO_RUBIO.jpg\",\"width\":1349,\"height\":808},{\"@type\":\"BreadcrumbList\",\"@id\":\"https:\\\/\\\/fuentesfidedignas.com.mx\\\/index.php\\\/2022\\\/06\\\/07\\\/amlo-ha-entregado-secciones-de-mexico-a-carteles-de-droga-acusa-el-senador-de-eu\\\/#breadcrumb\",\"itemListElement\":[{\"@type\":\"ListItem\",\"position\":1,\"name\":\"Inicio\",\"item\":\"https:\\\/\\\/fuentesfidedignas.com.mx\\\/\"},{\"@type\":\"ListItem\",\"position\":2,\"name\":\"AMLO ha entregado secciones de M\u00e9xico a c\u00e1rteles de droga, acusa el senador de EU\"}]},{\"@type\":\"WebSite\",\"@id\":\"https:\\\/\\\/fuentesfidedignas.com.mx\\\/#website\",\"url\":\"https:\\\/\\\/fuentesfidedignas.com.mx\\\/\",\"name\":\"Fuentes Fidedignas\",\"description\":\"Otro sitio realizado con WordPress\",\"publisher\":{\"@id\":\"https:\\\/\\\/fuentesfidedignas.com.mx\\\/#organization\"},\"potentialAction\":[{\"@type\":\"SearchAction\",\"target\":{\"@type\":\"EntryPoint\",\"urlTemplate\":\"https:\\\/\\\/fuentesfidedignas.com.mx\\\/?s={search_term_string}\"},\"query-input\":{\"@type\":\"PropertyValueSpecification\",\"valueRequired\":true,\"valueName\":\"search_term_string\"}}],\"inLanguage\":\"es\"},{\"@type\":\"Organization\",\"@id\":\"https:\\\/\\\/fuentesfidedignas.com.mx\\\/#organization\",\"name\":\"Fuentes Fidedignas\",\"url\":\"https:\\\/\\\/fuentesfidedignas.com.mx\\\/\",\"logo\":{\"@type\":\"ImageObject\",\"inLanguage\":\"es\",\"@id\":\"https:\\\/\\\/fuentesfidedignas.com.mx\\\/#\\\/schema\\\/logo\\\/image\\\/\",\"url\":\"https:\\\/\\\/fuentesfidedignas.com.mx\\\/wp-content\\\/uploads\\\/2021\\\/04\\\/logo-retina.png\",\"contentUrl\":\"https:\\\/\\\/fuentesfidedignas.com.mx\\\/wp-content\\\/uploads\\\/2021\\\/04\\\/logo-retina.png\",\"width\":280,\"height\":51,\"caption\":\"Fuentes Fidedignas\"},\"image\":{\"@id\":\"https:\\\/\\\/fuentesfidedignas.com.mx\\\/#\\\/schema\\\/logo\\\/image\\\/\"},\"sameAs\":[\"https:\\\/\\\/www.facebook.com\\\/Fuentes-Fidedignas-368234489921644\",\"https:\\\/\\\/x.com\\\/fidedignas\"]},{\"@type\":\"Person\",\"@id\":\"https:\\\/\\\/fuentesfidedignas.com.mx\\\/#\\\/schema\\\/person\\\/fee3882e65fd0510d292c43a346d35d7\",\"name\":\"El Universal\",\"image\":{\"@type\":\"ImageObject\",\"inLanguage\":\"es\",\"@id\":\"https:\\\/\\\/secure.gravatar.com\\\/avatar\\\/1ebc94d82b6c3c081781f73e5b76a0d0c1ac7bf8e57426f18802246eeaa2747c?s=96&d=mm&r=g\",\"url\":\"https:\\\/\\\/secure.gravatar.com\\\/avatar\\\/1ebc94d82b6c3c081781f73e5b76a0d0c1ac7bf8e57426f18802246eeaa2747c?s=96&d=mm&r=g\",\"contentUrl\":\"https:\\\/\\\/secure.gravatar.com\\\/avatar\\\/1ebc94d82b6c3c081781f73e5b76a0d0c1ac7bf8e57426f18802246eeaa2747c?s=96&d=mm&r=g\",\"caption\":\"El Universal\"},\"url\":\"https:\\\/\\\/fuentesfidedignas.com.mx\\\/index.php\\\/author\\\/el-universal\\\/\"}]}<\/script>\n<!-- \/ Yoast SEO plugin. -->","yoast_head_json":{"title":"AMLO ha entregado secciones de M\u00e9xico a c\u00e1rteles de droga, acusa el senador de EU - Fuentes Fidedignas","robots":{"index":"index","follow":"follow","max-snippet":"max-snippet:-1","max-image-preview":"max-image-preview:large","max-video-preview":"max-video-preview:-1"},"canonical":"https:\/\/fuentesfidedignas.com.mx\/index.php\/2022\/06\/07\/amlo-ha-entregado-secciones-de-mexico-a-carteles-de-droga-acusa-el-senador-de-eu\/","og_locale":"es_MX","og_type":"article","og_title":"AMLO ha entregado secciones de M\u00e9xico a c\u00e1rteles de droga, acusa el senador de EU - Fuentes Fidedignas","og_description":"\u201cMe alegra ver que el presidente mexicano, que es un apologista de la tiran\u00eda en Cuba, un dictador asesino en Nicaragua y de un narcotraficante en Venezuela, no estar\u00e1 en Estados Unidos esta semana\u201d, dijo el senador republicano Marco Rubio Estados Unidos.- El senador republicano Marco Rubio acus\u00f3 hoy al presidente Andr\u00e9s Manuel L\u00f3pez Obrador [&hellip;]","og_url":"https:\/\/fuentesfidedignas.com.mx\/index.php\/2022\/06\/07\/amlo-ha-entregado-secciones-de-mexico-a-carteles-de-droga-acusa-el-senador-de-eu\/","og_site_name":"Fuentes Fidedignas","article_publisher":"https:\/\/www.facebook.com\/Fuentes-Fidedignas-368234489921644","article_published_time":"2022-06-07T17:05:48+00:00","article_modified_time":"2022-06-07T17:05:50+00:00","og_image":[{"width":1349,"height":808,"url":"https:\/\/fuentesfidedignas.com.mx\/wp-content\/uploads\/2022\/06\/MARCO_RUBIO.jpg","type":"image\/jpeg"}],"author":"El Universal","twitter_card":"summary_large_image","twitter_creator":"@fidedignas","twitter_site":"@fidedignas","twitter_misc":{"Escrito por":"El Universal","Tiempo de lectura":"3 minutos"},"schema":{"@context":"https:\/\/schema.org","@graph":[{"@type":"Article","@id":"https:\/\/fuentesfidedignas.com.mx\/index.php\/2022\/06\/07\/amlo-ha-entregado-secciones-de-mexico-a-carteles-de-droga-acusa-el-senador-de-eu\/#article","isPartOf":{"@id":"https:\/\/fuentesfidedignas.com.mx\/index.php\/2022\/06\/07\/amlo-ha-entregado-secciones-de-mexico-a-carteles-de-droga-acusa-el-senador-de-eu\/"},"author":{"name":"El Universal","@id":"https:\/\/fuentesfidedignas.com.mx\/#\/schema\/person\/fee3882e65fd0510d292c43a346d35d7"},"headline":"AMLO ha entregado secciones de M\u00e9xico a c\u00e1rteles de droga, acusa el senador de EU","datePublished":"2022-06-07T17:05:48+00:00","dateModified":"2022-06-07T17:05:50+00:00","mainEntityOfPage":{"@id":"https:\/\/fuentesfidedignas.com.mx\/index.php\/2022\/06\/07\/amlo-ha-entregado-secciones-de-mexico-a-carteles-de-droga-acusa-el-senador-de-eu\/"},"wordCount":530,"commentCount":0,"publisher":{"@id":"https:\/\/fuentesfidedignas.com.mx\/#organization"},"image":{"@id":"https:\/\/fuentesfidedignas.com.mx\/index.php\/2022\/06\/07\/amlo-ha-entregado-secciones-de-mexico-a-carteles-de-droga-acusa-el-senador-de-eu\/#primaryimage"},"thumbnailUrl":"https:\/\/fuentesfidedignas.com.mx\/wp-content\/uploads\/2022\/06\/MARCO_RUBIO.jpg","keywords":["AMLO","Andr\u00e9s Manuel L\u00f3pez Obrador","Cumbre de las Am\u00e9ricas","Estados Unidos"],"articleSection":["NOTICIAS NACIONALES"],"inLanguage":"es","potentialAction":[{"@type":"CommentAction","name":"Comment","target":["https:\/\/fuentesfidedignas.com.mx\/index.php\/2022\/06\/07\/amlo-ha-entregado-secciones-de-mexico-a-carteles-de-droga-acusa-el-senador-de-eu\/#respond"]}]},{"@type":"WebPage","@id":"https:\/\/fuentesfidedignas.com.mx\/index.php\/2022\/06\/07\/amlo-ha-entregado-secciones-de-mexico-a-carteles-de-droga-acusa-el-senador-de-eu\/","url":"https:\/\/fuentesfidedignas.com.mx\/index.php\/2022\/06\/07\/amlo-ha-entregado-secciones-de-mexico-a-carteles-de-droga-acusa-el-senador-de-eu\/","name":"AMLO ha entregado secciones de M\u00e9xico a c\u00e1rteles de droga, acusa el senador de EU - Fuentes Fidedignas","isPartOf":{"@id":"https:\/\/fuentesfidedignas.com.mx\/#website"},"primaryImageOfPage":{"@id":"https:\/\/fuentesfidedignas.com.mx\/index.php\/2022\/06\/07\/amlo-ha-entregado-secciones-de-mexico-a-carteles-de-droga-acusa-el-senador-de-eu\/#primaryimage"},"image":{"@id":"https:\/\/fuentesfidedignas.com.mx\/index.php\/2022\/06\/07\/amlo-ha-entregado-secciones-de-mexico-a-carteles-de-droga-acusa-el-senador-de-eu\/#primaryimage"},"thumbnailUrl":"https:\/\/fuentesfidedignas.com.mx\/wp-content\/uploads\/2022\/06\/MARCO_RUBIO.jpg","datePublished":"2022-06-07T17:05:48+00:00","dateModified":"2022-06-07T17:05:50+00:00","breadcrumb":{"@id":"https:\/\/fuentesfidedignas.com.mx\/index.php\/2022\/06\/07\/amlo-ha-entregado-secciones-de-mexico-a-carteles-de-droga-acusa-el-senador-de-eu\/#breadcrumb"},"inLanguage":"es","potentialAction":[{"@type":"ReadAction","target":["https:\/\/fuentesfidedignas.com.mx\/index.php\/2022\/06\/07\/amlo-ha-entregado-secciones-de-mexico-a-carteles-de-droga-acusa-el-senador-de-eu\/"]}]},{"@type":"ImageObject","inLanguage":"es","@id":"https:\/\/fuentesfidedignas.com.mx\/index.php\/2022\/06\/07\/amlo-ha-entregado-secciones-de-mexico-a-carteles-de-droga-acusa-el-senador-de-eu\/#primaryimage","url":"https:\/\/fuentesfidedignas.com.mx\/wp-content\/uploads\/2022\/06\/MARCO_RUBIO.jpg","contentUrl":"https:\/\/fuentesfidedignas.com.mx\/wp-content\/uploads\/2022\/06\/MARCO_RUBIO.jpg","width":1349,"height":808},{"@type":"BreadcrumbList","@id":"https:\/\/fuentesfidedignas.com.mx\/index.php\/2022\/06\/07\/amlo-ha-entregado-secciones-de-mexico-a-carteles-de-droga-acusa-el-senador-de-eu\/#breadcrumb","itemListElement":[{"@type":"ListItem","position":1,"name":"Inicio","item":"https:\/\/fuentesfidedignas.com.mx\/"},{"@type":"ListItem","position":2,"name":"AMLO ha entregado secciones de M\u00e9xico a c\u00e1rteles de droga, acusa el senador de EU"}]},{"@type":"WebSite","@id":"https:\/\/fuentesfidedignas.com.mx\/#website","url":"https:\/\/fuentesfidedignas.com.mx\/","name":"Fuentes Fidedignas","description":"Otro sitio realizado con WordPress","publisher":{"@id":"https:\/\/fuentesfidedignas.com.mx\/#organization"},"potentialAction":[{"@type":"SearchAction","target":{"@type":"EntryPoint","urlTemplate":"https:\/\/fuentesfidedignas.com.mx\/?s={search_term_string}"},"query-input":{"@type":"PropertyValueSpecification","valueRequired":true,"valueName":"search_term_string"}}],"inLanguage":"es"},{"@type":"Organization","@id":"https:\/\/fuentesfidedignas.com.mx\/#organization","name":"Fuentes Fidedignas","url":"https:\/\/fuentesfidedignas.com.mx\/","logo":{"@type":"ImageObject","inLanguage":"es","@id":"https:\/\/fuentesfidedignas.com.mx\/#\/schema\/logo\/image\/","url":"https:\/\/fuentesfidedignas.com.mx\/wp-content\/uploads\/2021\/04\/logo-retina.png","contentUrl":"https:\/\/fuentesfidedignas.com.mx\/wp-content\/uploads\/2021\/04\/logo-retina.png","width":280,"height":51,"caption":"Fuentes Fidedignas"},"image":{"@id":"https:\/\/fuentesfidedignas.com.mx\/#\/schema\/logo\/image\/"},"sameAs":["https:\/\/www.facebook.com\/Fuentes-Fidedignas-368234489921644","https:\/\/x.com\/fidedignas"]},{"@type":"Person","@id":"https:\/\/fuentesfidedignas.com.mx\/#\/schema\/person\/fee3882e65fd0510d292c43a346d35d7","name":"El Universal","image":{"@type":"ImageObject","inLanguage":"es","@id":"https:\/\/secure.gravatar.com\/avatar\/1ebc94d82b6c3c081781f73e5b76a0d0c1ac7bf8e57426f18802246eeaa2747c?s=96&d=mm&r=g","url":"https:\/\/secure.gravatar.com\/avatar\/1ebc94d82b6c3c081781f73e5b76a0d0c1ac7bf8e57426f18802246eeaa2747c?s=96&d=mm&r=g","contentUrl":"https:\/\/secure.gravatar.com\/avatar\/1ebc94d82b6c3c081781f73e5b76a0d0c1ac7bf8e57426f18802246eeaa2747c?s=96&d=mm&r=g","caption":"El Universal"},"url":"https:\/\/fuentesfidedignas.com.mx\/index.php\/author\/el-universal\/"}]}},"_links":{"self":[{"href":"https:\/\/fuentesfidedignas.com.mx\/index.php\/wp-json\/wp\/v2\/posts\/33691","targetHints":{"allow":["GET"]}}],"collection":[{"href":"https:\/\/fuentesfidedignas.com.mx\/index.php\/wp-json\/wp\/v2\/posts"}],"about":[{"href":"https:\/\/fuentesfidedignas.com.mx\/index.php\/wp-json\/wp\/v2\/types\/post"}],"author":[{"embeddable":true,"href":"https:\/\/fuentesfidedignas.com.mx\/index.php\/wp-json\/wp\/v2\/users\/39"}],"replies":[{"embeddable":true,"href":"https:\/\/fuentesfidedignas.com.mx\/index.php\/wp-json\/wp\/v2\/comments?post=33691"}],"version-history":[{"count":1,"href":"https:\/\/fuentesfidedignas.com.mx\/index.php\/wp-json\/wp\/v2\/posts\/33691\/revisions"}],"predecessor-version":[{"id":33694,"href":"https:\/\/fuentesfidedignas.com.mx\/index.php\/wp-json\/wp\/v2\/posts\/33691\/revisions\/33694"}],"wp:featuredmedia":[{"embeddable":true,"href":"https:\/\/fuentesfidedignas.com.mx\/index.php\/wp-json\/wp\/v2\/media\/33693"}],"wp:attachment":[{"href":"https:\/\/fuentesfidedignas.com.mx\/index.php\/wp-json\/wp\/v2\/media?parent=33691"}],"wp:term":[{"taxonomy":"category","embeddable":true,"href":"https:\/\/fuentesfidedignas.com.mx\/index.php\/wp-json\/wp\/v2\/categories?post=33691"},{"taxonomy":"post_tag","embeddable":true,"href":"https:\/\/fuentesfidedignas.com.mx\/index.php\/wp-json\/wp\/v2\/tags?post=33691"}],"curies":[{"name":"wp","href":"https:\/\/api.w.org\/{rel}","templated":true}]}}