{"id":33595,"date":"2022-06-07T01:13:00","date_gmt":"2022-06-07T07:13:00","guid":{"rendered":"https:\/\/fuentesfidedignas.com.mx\/?p=33595"},"modified":"2022-06-06T13:17:44","modified_gmt":"2022-06-06T19:17:44","slug":"nina-de-10-anos-asesino-a-mujer-que-peleaba-con-su-mama","status":"publish","type":"post","link":"https:\/\/fuentesfidedignas.com.mx\/index.php\/2022\/06\/07\/nina-de-10-anos-asesino-a-mujer-que-peleaba-con-su-mama\/","title":{"rendered":"Ni\u00f1a de 10 a\u00f1os asesin\u00f3 a mujer que peleaba con su mam\u00e1"},"content":{"rendered":"\n<p><br><em><strong>Su madre le habr\u00eda entregado el arma con la que se cometi\u00f3 el crimen<\/strong><\/em><\/p>\n\n\n\n<p>Una ni\u00f1a de 10 a\u00f1os asesin\u00f3 de un disparo a una mujer que estaba peleando con su mam\u00e1. El arma con la que se cometi\u00f3 el crimen se la habr\u00eda entregado su propia madre.<\/p>\n\n\n\n<p>Los hechos ocurrieron el pasado 30 de mayo, en Orlando, Florida, durante el D\u00eda de los Ca\u00eddos. Aquel d\u00eda Lashun Rodgers, de 41 a\u00f1os de edad, ten\u00eda una carne asada en el patio del condominio donde viv\u00eda.<\/p>\n\n\n\n<p>Cerca de las 12 de la noche, Lakrisha Isaac, de 31 a\u00f1os, se habr\u00eda acercado a Rodgers y la habr\u00eda abofeteado. Seg\u00fan testigos, la mujer se encontraba en estado de ebriedad.<\/p>\n\n\n\n<p>Rodgers abofete\u00f3 de vuelta a Isaac, lo que dio inicio a una pelea en el patio del edificio de departamentos. En alg\u00fan punto de la pelea, Lakrisha Isaac entreg\u00f3 a su hija su bolsa, donde se encontraba su arma.<\/p>\n\n\n\n<p>La menor sac\u00f3 la pistola y dispar\u00f3 en dos ocasiones contra Lashun Rodgers. La mujer fue trasladada por param\u00e9dicos a un hospital de Orlando, donde falleci\u00f3.<\/p>\n\n\n\n<p>Esa noche la polic\u00eda local detuvo a Lakrisha Isaac y puso bajo resguardo a su hija.<strong>&nbsp;Isaac enfrentar\u00eda cargos por homicidio involuntario<\/strong>, negligencia infantil, asalto agravado con arma de fuego y contribuci\u00f3n a la delincuencia de un menor.<\/p>\n\n\n\n<p><strong>Su hija se encuentra bajo las custodia de las autoridades de Florida.<\/strong>\u00a0A\u00fan no se ha decidido si se presentar\u00e1n cargos en contra de ella; la decisi\u00f3n recaer\u00e1 sobre la Oficina del Fiscal del Estado.<\/p>\n\n\n\n<figure class=\"wp-block-embed is-type-video is-provider-youtube wp-block-embed-youtube wp-embed-aspect-16-9 wp-has-aspect-ratio\"><div class=\"wp-block-embed__wrapper\">\n<iframe loading=\"lazy\" title=\"Florida mother handed 10-year-old bag with gun; child fatally shoots woman, police say\" width=\"696\" height=\"392\" src=\"https:\/\/www.youtube.com\/embed\/QxdBHPqu6Bs?feature=oembed\" frameborder=\"0\" allow=\"accelerometer; autoplay; clipboard-write; encrypted-media; gyroscope; picture-in-picture\" allowfullscreen><\/iframe>\n<\/div><\/figure>\n","protected":false},"excerpt":{"rendered":"<p>Su madre le habr\u00eda entregado el arma con la que se cometi\u00f3 el crimen Una ni\u00f1a de 10 a\u00f1os asesin\u00f3 de un disparo a una mujer que estaba peleando con su mam\u00e1. El arma con la que se cometi\u00f3 el crimen se la habr\u00eda entregado su propia madre. Los hechos ocurrieron el pasado 30 de [&hellip;]<\/p>\n","protected":false},"author":46,"featured_media":33596,"comment_status":"open","ping_status":"open","sticky":false,"template":"","format":"standard","meta":{"tdm_status":"","tdm_grid_status":"","footnotes":""},"categories":[40],"tags":[],"class_list":{"0":"post-33595","1":"post","2":"type-post","3":"status-publish","4":"format-standard","5":"has-post-thumbnail","7":"category-las-asombrosas"},"yoast_head":"<!-- This site is optimized with the Yoast SEO plugin v27.5 - https:\/\/yoast.com\/product\/yoast-seo-wordpress\/ -->\n<title>Ni\u00f1a de 10 a\u00f1os asesin\u00f3 a mujer que peleaba con su mam\u00e1 - Fuentes Fidedignas<\/title>\n<meta name=\"robots\" content=\"index, follow, max-snippet:-1, max-image-preview:large, max-video-preview:-1\" \/>\n<link rel=\"canonical\" href=\"https:\/\/fuentesfidedignas.com.mx\/index.php\/2022\/06\/07\/nina-de-10-anos-asesino-a-mujer-que-peleaba-con-su-mama\/\" \/>\n<meta property=\"og:locale\" content=\"es_MX\" \/>\n<meta property=\"og:type\" content=\"article\" \/>\n<meta property=\"og:title\" content=\"Ni\u00f1a de 10 a\u00f1os asesin\u00f3 a mujer que peleaba con su mam\u00e1 - Fuentes Fidedignas\" \/>\n<meta property=\"og:description\" content=\"Su madre le habr\u00eda entregado el arma con la que se cometi\u00f3 el crimen Una ni\u00f1a de 10 a\u00f1os asesin\u00f3 de un disparo a una mujer que estaba peleando con su mam\u00e1. El arma con la que se cometi\u00f3 el crimen se la habr\u00eda entregado su propia madre. Los hechos ocurrieron el pasado 30 de [&hellip;]\" \/>\n<meta property=\"og:url\" content=\"https:\/\/fuentesfidedignas.com.mx\/index.php\/2022\/06\/07\/nina-de-10-anos-asesino-a-mujer-que-peleaba-con-su-mama\/\" \/>\n<meta property=\"og:site_name\" content=\"Fuentes Fidedignas\" \/>\n<meta property=\"article:publisher\" content=\"https:\/\/www.facebook.com\/Fuentes-Fidedignas-368234489921644\" \/>\n<meta property=\"article:published_time\" content=\"2022-06-07T07:13:00+00:00\" \/>\n<meta property=\"og:image\" content=\"https:\/\/fuentesfidedignas.com.mx\/wp-content\/uploads\/2022\/06\/ll.jpg\" \/>\n\t<meta property=\"og:image:width\" content=\"400\" \/>\n\t<meta property=\"og:image:height\" content=\"225\" \/>\n\t<meta property=\"og:image:type\" content=\"image\/jpeg\" \/>\n<meta name=\"author\" content=\"Noticieros Televisa\" \/>\n<meta name=\"twitter:card\" content=\"summary_large_image\" \/>\n<meta name=\"twitter:creator\" content=\"@fidedignas\" \/>\n<meta name=\"twitter:site\" content=\"@fidedignas\" \/>\n<meta name=\"twitter:label1\" content=\"Escrito por\" \/>\n\t<meta name=\"twitter:data1\" content=\"Noticieros Televisa\" \/>\n\t<meta name=\"twitter:label2\" content=\"Tiempo de lectura\" \/>\n\t<meta name=\"twitter:data2\" content=\"2 minutos\" \/>\n<script type=\"application\/ld+json\" class=\"yoast-schema-graph\">{\"@context\":\"https:\\\/\\\/schema.org\",\"@graph\":[{\"@type\":\"Article\",\"@id\":\"https:\\\/\\\/fuentesfidedignas.com.mx\\\/index.php\\\/2022\\\/06\\\/07\\\/nina-de-10-anos-asesino-a-mujer-que-peleaba-con-su-mama\\\/#article\",\"isPartOf\":{\"@id\":\"https:\\\/\\\/fuentesfidedignas.com.mx\\\/index.php\\\/2022\\\/06\\\/07\\\/nina-de-10-anos-asesino-a-mujer-que-peleaba-con-su-mama\\\/\"},\"author\":{\"name\":\"Noticieros Televisa\",\"@id\":\"https:\\\/\\\/fuentesfidedignas.com.mx\\\/#\\\/schema\\\/person\\\/f030e42657a5a464a8bbd891b1aab6ee\"},\"headline\":\"Ni\u00f1a de 10 a\u00f1os asesin\u00f3 a mujer que peleaba con su mam\u00e1\",\"datePublished\":\"2022-06-07T07:13:00+00:00\",\"mainEntityOfPage\":{\"@id\":\"https:\\\/\\\/fuentesfidedignas.com.mx\\\/index.php\\\/2022\\\/06\\\/07\\\/nina-de-10-anos-asesino-a-mujer-que-peleaba-con-su-mama\\\/\"},\"wordCount\":290,\"commentCount\":0,\"publisher\":{\"@id\":\"https:\\\/\\\/fuentesfidedignas.com.mx\\\/#organization\"},\"image\":{\"@id\":\"https:\\\/\\\/fuentesfidedignas.com.mx\\\/index.php\\\/2022\\\/06\\\/07\\\/nina-de-10-anos-asesino-a-mujer-que-peleaba-con-su-mama\\\/#primaryimage\"},\"thumbnailUrl\":\"https:\\\/\\\/fuentesfidedignas.com.mx\\\/wp-content\\\/uploads\\\/2022\\\/06\\\/ll.jpg\",\"articleSection\":[\"LAS ASOMBROSAS\"],\"inLanguage\":\"es\",\"potentialAction\":[{\"@type\":\"CommentAction\",\"name\":\"Comment\",\"target\":[\"https:\\\/\\\/fuentesfidedignas.com.mx\\\/index.php\\\/2022\\\/06\\\/07\\\/nina-de-10-anos-asesino-a-mujer-que-peleaba-con-su-mama\\\/#respond\"]}]},{\"@type\":\"WebPage\",\"@id\":\"https:\\\/\\\/fuentesfidedignas.com.mx\\\/index.php\\\/2022\\\/06\\\/07\\\/nina-de-10-anos-asesino-a-mujer-que-peleaba-con-su-mama\\\/\",\"url\":\"https:\\\/\\\/fuentesfidedignas.com.mx\\\/index.php\\\/2022\\\/06\\\/07\\\/nina-de-10-anos-asesino-a-mujer-que-peleaba-con-su-mama\\\/\",\"name\":\"Ni\u00f1a de 10 a\u00f1os asesin\u00f3 a mujer que peleaba con su mam\u00e1 - Fuentes Fidedignas\",\"isPartOf\":{\"@id\":\"https:\\\/\\\/fuentesfidedignas.com.mx\\\/#website\"},\"primaryImageOfPage\":{\"@id\":\"https:\\\/\\\/fuentesfidedignas.com.mx\\\/index.php\\\/2022\\\/06\\\/07\\\/nina-de-10-anos-asesino-a-mujer-que-peleaba-con-su-mama\\\/#primaryimage\"},\"image\":{\"@id\":\"https:\\\/\\\/fuentesfidedignas.com.mx\\\/index.php\\\/2022\\\/06\\\/07\\\/nina-de-10-anos-asesino-a-mujer-que-peleaba-con-su-mama\\\/#primaryimage\"},\"thumbnailUrl\":\"https:\\\/\\\/fuentesfidedignas.com.mx\\\/wp-content\\\/uploads\\\/2022\\\/06\\\/ll.jpg\",\"datePublished\":\"2022-06-07T07:13:00+00:00\",\"breadcrumb\":{\"@id\":\"https:\\\/\\\/fuentesfidedignas.com.mx\\\/index.php\\\/2022\\\/06\\\/07\\\/nina-de-10-anos-asesino-a-mujer-que-peleaba-con-su-mama\\\/#breadcrumb\"},\"inLanguage\":\"es\",\"potentialAction\":[{\"@type\":\"ReadAction\",\"target\":[\"https:\\\/\\\/fuentesfidedignas.com.mx\\\/index.php\\\/2022\\\/06\\\/07\\\/nina-de-10-anos-asesino-a-mujer-que-peleaba-con-su-mama\\\/\"]}]},{\"@type\":\"ImageObject\",\"inLanguage\":\"es\",\"@id\":\"https:\\\/\\\/fuentesfidedignas.com.mx\\\/index.php\\\/2022\\\/06\\\/07\\\/nina-de-10-anos-asesino-a-mujer-que-peleaba-con-su-mama\\\/#primaryimage\",\"url\":\"https:\\\/\\\/fuentesfidedignas.com.mx\\\/wp-content\\\/uploads\\\/2022\\\/06\\\/ll.jpg\",\"contentUrl\":\"https:\\\/\\\/fuentesfidedignas.com.mx\\\/wp-content\\\/uploads\\\/2022\\\/06\\\/ll.jpg\",\"width\":400,\"height\":225},{\"@type\":\"BreadcrumbList\",\"@id\":\"https:\\\/\\\/fuentesfidedignas.com.mx\\\/index.php\\\/2022\\\/06\\\/07\\\/nina-de-10-anos-asesino-a-mujer-que-peleaba-con-su-mama\\\/#breadcrumb\",\"itemListElement\":[{\"@type\":\"ListItem\",\"position\":1,\"name\":\"Inicio\",\"item\":\"https:\\\/\\\/fuentesfidedignas.com.mx\\\/\"},{\"@type\":\"ListItem\",\"position\":2,\"name\":\"Ni\u00f1a de 10 a\u00f1os asesin\u00f3 a mujer que peleaba con su mam\u00e1\"}]},{\"@type\":\"WebSite\",\"@id\":\"https:\\\/\\\/fuentesfidedignas.com.mx\\\/#website\",\"url\":\"https:\\\/\\\/fuentesfidedignas.com.mx\\\/\",\"name\":\"Fuentes Fidedignas\",\"description\":\"Otro sitio realizado con WordPress\",\"publisher\":{\"@id\":\"https:\\\/\\\/fuentesfidedignas.com.mx\\\/#organization\"},\"potentialAction\":[{\"@type\":\"SearchAction\",\"target\":{\"@type\":\"EntryPoint\",\"urlTemplate\":\"https:\\\/\\\/fuentesfidedignas.com.mx\\\/?s={search_term_string}\"},\"query-input\":{\"@type\":\"PropertyValueSpecification\",\"valueRequired\":true,\"valueName\":\"search_term_string\"}}],\"inLanguage\":\"es\"},{\"@type\":\"Organization\",\"@id\":\"https:\\\/\\\/fuentesfidedignas.com.mx\\\/#organization\",\"name\":\"Fuentes Fidedignas\",\"url\":\"https:\\\/\\\/fuentesfidedignas.com.mx\\\/\",\"logo\":{\"@type\":\"ImageObject\",\"inLanguage\":\"es\",\"@id\":\"https:\\\/\\\/fuentesfidedignas.com.mx\\\/#\\\/schema\\\/logo\\\/image\\\/\",\"url\":\"https:\\\/\\\/fuentesfidedignas.com.mx\\\/wp-content\\\/uploads\\\/2021\\\/04\\\/logo-retina.png\",\"contentUrl\":\"https:\\\/\\\/fuentesfidedignas.com.mx\\\/wp-content\\\/uploads\\\/2021\\\/04\\\/logo-retina.png\",\"width\":280,\"height\":51,\"caption\":\"Fuentes Fidedignas\"},\"image\":{\"@id\":\"https:\\\/\\\/fuentesfidedignas.com.mx\\\/#\\\/schema\\\/logo\\\/image\\\/\"},\"sameAs\":[\"https:\\\/\\\/www.facebook.com\\\/Fuentes-Fidedignas-368234489921644\",\"https:\\\/\\\/x.com\\\/fidedignas\"]},{\"@type\":\"Person\",\"@id\":\"https:\\\/\\\/fuentesfidedignas.com.mx\\\/#\\\/schema\\\/person\\\/f030e42657a5a464a8bbd891b1aab6ee\",\"name\":\"Noticieros Televisa\",\"image\":{\"@type\":\"ImageObject\",\"inLanguage\":\"es\",\"@id\":\"https:\\\/\\\/secure.gravatar.com\\\/avatar\\\/0e47b9e785a628831b8fd9eaf15e090e106760a879abbd4a3306f128ef5d43a9?s=96&d=mm&r=g\",\"url\":\"https:\\\/\\\/secure.gravatar.com\\\/avatar\\\/0e47b9e785a628831b8fd9eaf15e090e106760a879abbd4a3306f128ef5d43a9?s=96&d=mm&r=g\",\"contentUrl\":\"https:\\\/\\\/secure.gravatar.com\\\/avatar\\\/0e47b9e785a628831b8fd9eaf15e090e106760a879abbd4a3306f128ef5d43a9?s=96&d=mm&r=g\",\"caption\":\"Noticieros Televisa\"},\"url\":\"https:\\\/\\\/fuentesfidedignas.com.mx\\\/index.php\\\/author\\\/noticieros-televisa\\\/\"}]}<\/script>\n<!-- \/ Yoast SEO plugin. -->","yoast_head_json":{"title":"Ni\u00f1a de 10 a\u00f1os asesin\u00f3 a mujer que peleaba con su mam\u00e1 - Fuentes Fidedignas","robots":{"index":"index","follow":"follow","max-snippet":"max-snippet:-1","max-image-preview":"max-image-preview:large","max-video-preview":"max-video-preview:-1"},"canonical":"https:\/\/fuentesfidedignas.com.mx\/index.php\/2022\/06\/07\/nina-de-10-anos-asesino-a-mujer-que-peleaba-con-su-mama\/","og_locale":"es_MX","og_type":"article","og_title":"Ni\u00f1a de 10 a\u00f1os asesin\u00f3 a mujer que peleaba con su mam\u00e1 - Fuentes Fidedignas","og_description":"Su madre le habr\u00eda entregado el arma con la que se cometi\u00f3 el crimen Una ni\u00f1a de 10 a\u00f1os asesin\u00f3 de un disparo a una mujer que estaba peleando con su mam\u00e1. El arma con la que se cometi\u00f3 el crimen se la habr\u00eda entregado su propia madre. Los hechos ocurrieron el pasado 30 de [&hellip;]","og_url":"https:\/\/fuentesfidedignas.com.mx\/index.php\/2022\/06\/07\/nina-de-10-anos-asesino-a-mujer-que-peleaba-con-su-mama\/","og_site_name":"Fuentes Fidedignas","article_publisher":"https:\/\/www.facebook.com\/Fuentes-Fidedignas-368234489921644","article_published_time":"2022-06-07T07:13:00+00:00","og_image":[{"width":400,"height":225,"url":"https:\/\/fuentesfidedignas.com.mx\/wp-content\/uploads\/2022\/06\/ll.jpg","type":"image\/jpeg"}],"author":"Noticieros Televisa","twitter_card":"summary_large_image","twitter_creator":"@fidedignas","twitter_site":"@fidedignas","twitter_misc":{"Escrito por":"Noticieros Televisa","Tiempo de lectura":"2 minutos"},"schema":{"@context":"https:\/\/schema.org","@graph":[{"@type":"Article","@id":"https:\/\/fuentesfidedignas.com.mx\/index.php\/2022\/06\/07\/nina-de-10-anos-asesino-a-mujer-que-peleaba-con-su-mama\/#article","isPartOf":{"@id":"https:\/\/fuentesfidedignas.com.mx\/index.php\/2022\/06\/07\/nina-de-10-anos-asesino-a-mujer-que-peleaba-con-su-mama\/"},"author":{"name":"Noticieros Televisa","@id":"https:\/\/fuentesfidedignas.com.mx\/#\/schema\/person\/f030e42657a5a464a8bbd891b1aab6ee"},"headline":"Ni\u00f1a de 10 a\u00f1os asesin\u00f3 a mujer que peleaba con su mam\u00e1","datePublished":"2022-06-07T07:13:00+00:00","mainEntityOfPage":{"@id":"https:\/\/fuentesfidedignas.com.mx\/index.php\/2022\/06\/07\/nina-de-10-anos-asesino-a-mujer-que-peleaba-con-su-mama\/"},"wordCount":290,"commentCount":0,"publisher":{"@id":"https:\/\/fuentesfidedignas.com.mx\/#organization"},"image":{"@id":"https:\/\/fuentesfidedignas.com.mx\/index.php\/2022\/06\/07\/nina-de-10-anos-asesino-a-mujer-que-peleaba-con-su-mama\/#primaryimage"},"thumbnailUrl":"https:\/\/fuentesfidedignas.com.mx\/wp-content\/uploads\/2022\/06\/ll.jpg","articleSection":["LAS ASOMBROSAS"],"inLanguage":"es","potentialAction":[{"@type":"CommentAction","name":"Comment","target":["https:\/\/fuentesfidedignas.com.mx\/index.php\/2022\/06\/07\/nina-de-10-anos-asesino-a-mujer-que-peleaba-con-su-mama\/#respond"]}]},{"@type":"WebPage","@id":"https:\/\/fuentesfidedignas.com.mx\/index.php\/2022\/06\/07\/nina-de-10-anos-asesino-a-mujer-que-peleaba-con-su-mama\/","url":"https:\/\/fuentesfidedignas.com.mx\/index.php\/2022\/06\/07\/nina-de-10-anos-asesino-a-mujer-que-peleaba-con-su-mama\/","name":"Ni\u00f1a de 10 a\u00f1os asesin\u00f3 a mujer que peleaba con su mam\u00e1 - Fuentes Fidedignas","isPartOf":{"@id":"https:\/\/fuentesfidedignas.com.mx\/#website"},"primaryImageOfPage":{"@id":"https:\/\/fuentesfidedignas.com.mx\/index.php\/2022\/06\/07\/nina-de-10-anos-asesino-a-mujer-que-peleaba-con-su-mama\/#primaryimage"},"image":{"@id":"https:\/\/fuentesfidedignas.com.mx\/index.php\/2022\/06\/07\/nina-de-10-anos-asesino-a-mujer-que-peleaba-con-su-mama\/#primaryimage"},"thumbnailUrl":"https:\/\/fuentesfidedignas.com.mx\/wp-content\/uploads\/2022\/06\/ll.jpg","datePublished":"2022-06-07T07:13:00+00:00","breadcrumb":{"@id":"https:\/\/fuentesfidedignas.com.mx\/index.php\/2022\/06\/07\/nina-de-10-anos-asesino-a-mujer-que-peleaba-con-su-mama\/#breadcrumb"},"inLanguage":"es","potentialAction":[{"@type":"ReadAction","target":["https:\/\/fuentesfidedignas.com.mx\/index.php\/2022\/06\/07\/nina-de-10-anos-asesino-a-mujer-que-peleaba-con-su-mama\/"]}]},{"@type":"ImageObject","inLanguage":"es","@id":"https:\/\/fuentesfidedignas.com.mx\/index.php\/2022\/06\/07\/nina-de-10-anos-asesino-a-mujer-que-peleaba-con-su-mama\/#primaryimage","url":"https:\/\/fuentesfidedignas.com.mx\/wp-content\/uploads\/2022\/06\/ll.jpg","contentUrl":"https:\/\/fuentesfidedignas.com.mx\/wp-content\/uploads\/2022\/06\/ll.jpg","width":400,"height":225},{"@type":"BreadcrumbList","@id":"https:\/\/fuentesfidedignas.com.mx\/index.php\/2022\/06\/07\/nina-de-10-anos-asesino-a-mujer-que-peleaba-con-su-mama\/#breadcrumb","itemListElement":[{"@type":"ListItem","position":1,"name":"Inicio","item":"https:\/\/fuentesfidedignas.com.mx\/"},{"@type":"ListItem","position":2,"name":"Ni\u00f1a de 10 a\u00f1os asesin\u00f3 a mujer que peleaba con su mam\u00e1"}]},{"@type":"WebSite","@id":"https:\/\/fuentesfidedignas.com.mx\/#website","url":"https:\/\/fuentesfidedignas.com.mx\/","name":"Fuentes Fidedignas","description":"Otro sitio realizado con WordPress","publisher":{"@id":"https:\/\/fuentesfidedignas.com.mx\/#organization"},"potentialAction":[{"@type":"SearchAction","target":{"@type":"EntryPoint","urlTemplate":"https:\/\/fuentesfidedignas.com.mx\/?s={search_term_string}"},"query-input":{"@type":"PropertyValueSpecification","valueRequired":true,"valueName":"search_term_string"}}],"inLanguage":"es"},{"@type":"Organization","@id":"https:\/\/fuentesfidedignas.com.mx\/#organization","name":"Fuentes Fidedignas","url":"https:\/\/fuentesfidedignas.com.mx\/","logo":{"@type":"ImageObject","inLanguage":"es","@id":"https:\/\/fuentesfidedignas.com.mx\/#\/schema\/logo\/image\/","url":"https:\/\/fuentesfidedignas.com.mx\/wp-content\/uploads\/2021\/04\/logo-retina.png","contentUrl":"https:\/\/fuentesfidedignas.com.mx\/wp-content\/uploads\/2021\/04\/logo-retina.png","width":280,"height":51,"caption":"Fuentes Fidedignas"},"image":{"@id":"https:\/\/fuentesfidedignas.com.mx\/#\/schema\/logo\/image\/"},"sameAs":["https:\/\/www.facebook.com\/Fuentes-Fidedignas-368234489921644","https:\/\/x.com\/fidedignas"]},{"@type":"Person","@id":"https:\/\/fuentesfidedignas.com.mx\/#\/schema\/person\/f030e42657a5a464a8bbd891b1aab6ee","name":"Noticieros Televisa","image":{"@type":"ImageObject","inLanguage":"es","@id":"https:\/\/secure.gravatar.com\/avatar\/0e47b9e785a628831b8fd9eaf15e090e106760a879abbd4a3306f128ef5d43a9?s=96&d=mm&r=g","url":"https:\/\/secure.gravatar.com\/avatar\/0e47b9e785a628831b8fd9eaf15e090e106760a879abbd4a3306f128ef5d43a9?s=96&d=mm&r=g","contentUrl":"https:\/\/secure.gravatar.com\/avatar\/0e47b9e785a628831b8fd9eaf15e090e106760a879abbd4a3306f128ef5d43a9?s=96&d=mm&r=g","caption":"Noticieros Televisa"},"url":"https:\/\/fuentesfidedignas.com.mx\/index.php\/author\/noticieros-televisa\/"}]}},"_links":{"self":[{"href":"https:\/\/fuentesfidedignas.com.mx\/index.php\/wp-json\/wp\/v2\/posts\/33595","targetHints":{"allow":["GET"]}}],"collection":[{"href":"https:\/\/fuentesfidedignas.com.mx\/index.php\/wp-json\/wp\/v2\/posts"}],"about":[{"href":"https:\/\/fuentesfidedignas.com.mx\/index.php\/wp-json\/wp\/v2\/types\/post"}],"author":[{"embeddable":true,"href":"https:\/\/fuentesfidedignas.com.mx\/index.php\/wp-json\/wp\/v2\/users\/46"}],"replies":[{"embeddable":true,"href":"https:\/\/fuentesfidedignas.com.mx\/index.php\/wp-json\/wp\/v2\/comments?post=33595"}],"version-history":[{"count":1,"href":"https:\/\/fuentesfidedignas.com.mx\/index.php\/wp-json\/wp\/v2\/posts\/33595\/revisions"}],"predecessor-version":[{"id":33597,"href":"https:\/\/fuentesfidedignas.com.mx\/index.php\/wp-json\/wp\/v2\/posts\/33595\/revisions\/33597"}],"wp:featuredmedia":[{"embeddable":true,"href":"https:\/\/fuentesfidedignas.com.mx\/index.php\/wp-json\/wp\/v2\/media\/33596"}],"wp:attachment":[{"href":"https:\/\/fuentesfidedignas.com.mx\/index.php\/wp-json\/wp\/v2\/media?parent=33595"}],"wp:term":[{"taxonomy":"category","embeddable":true,"href":"https:\/\/fuentesfidedignas.com.mx\/index.php\/wp-json\/wp\/v2\/categories?post=33595"},{"taxonomy":"post_tag","embeddable":true,"href":"https:\/\/fuentesfidedignas.com.mx\/index.php\/wp-json\/wp\/v2\/tags?post=33595"}],"curies":[{"name":"wp","href":"https:\/\/api.w.org\/{rel}","templated":true}]}}