{"id":33577,"date":"2022-06-07T00:21:00","date_gmt":"2022-06-07T06:21:00","guid":{"rendered":"https:\/\/fuentesfidedignas.com.mx\/?p=33577"},"modified":"2022-06-06T20:20:15","modified_gmt":"2022-06-07T02:20:15","slug":"en-memoria-de-luis-enrique-ramirez-ramos","status":"publish","type":"post","link":"https:\/\/fuentesfidedignas.com.mx\/index.php\/2022\/06\/07\/en-memoria-de-luis-enrique-ramirez-ramos\/","title":{"rendered":"En memoria de Luis Enrique Ram\u00edrez Ramos"},"content":{"rendered":"\n<p>Lo conoc\u00ed en una reuni\u00f3n en el todav\u00eda conocido como Farall\u00f3n en julio de 2011, lugar preferido para las reuniones pol\u00edticas en el gobierno de Mario L\u00f3pez Valdez. De <strong>Luis Enrique<\/strong> hasta esa fecha solo conoc\u00eda su faceta period\u00edstica. Principalmente su dura posici\u00f3n contra la candidatura de Jes\u00fas Vizcarra Calder\u00f3n a la gubernatura de Sinaloa. Debo reconocerlo, despu\u00e9s de leer con altas dosis de morbo, las invectivas lanzadas por Luis Enrique primero contra el empresario y despu\u00e9s contra L\u00f3pez Valdez y compa\u00f1\u00eda, esperaba encontrar a una persona distinta, <strong>un periodista y escritor genial<\/strong>, lo cual s\u00ed fue hasta que lo cortaron de tajo de este mundo, pero a su vez descubrir a esa presunta figura siniestra que sus enemigos le pretend\u00edan construir. Los que lo conocimos sabemos cuanto distaba eso de la realidad.<\/p>\n\n\n\n<p>La reuni\u00f3n fue organizada por Antonio Casta\u00f1eda Verduzco y mi madre, Leticia Serrano Sainz, reci\u00e9n electos como presidente y secretaria general del PRI en Culiac\u00e1n. Los asistentes eran principalmente periodistas involucrados en la cobertura del espinoso proceso de cambio de dirigencia municipal. Sin esperarlo, de repente se sent\u00f3 frente a mi un <strong>Luis Enrique<\/strong> no muy parecido al de la foto presentada en su columna de <strong>El Debate<\/strong>. Tiempo despu\u00e9s me confes\u00f3 que utilizaba una fotograf\u00eda antigua para supuestamente evitar lo reconocieran en la calle, <strong>Luis Enrique <\/strong>nunca aprendi\u00f3 a manejar y en aquellos tiempos se mov\u00eda por la ciudad con gran destreza en camiones urbanos, en ocasiones con un taxista de su confianza.<\/p>\n\n\n\n<p>La sorpresa de descubrir al satanizado periodista creci\u00f3 cuando \u00e9ste en forma directa, sin rodeos me dijo: <em>dice tu mam\u00e1 que me tienes una propuesta<\/em>. Una vez me repuse de la sorpresa le contest\u00e9 de la misma forma, s\u00ed, le contest\u00e9, supe saliste de El Debate, te propongo elaborar un blog y ah\u00ed puedes seguir publicando, no te cobro por eso y es muy f\u00e1cil de alimentar, yo te ense\u00f1o. Ese d\u00eda hasta ah\u00ed lleg\u00f3 nuestra conversaci\u00f3n. Unos d\u00edas despu\u00e9s, sin esperarlo, recib\u00ed una llamada suya pidiendo verme para concretar la propuesta. Tal blog, a pesar de ser algo sumamente sencillo, para nada un portal de noticias o algo similar, lo llev\u00f3 con la reanudaci\u00f3n de sus columnas a su exilio del estado por encontrarse en grave amenaza, el contexto de asesinatos de figuras relevantes al inicio de tal sexenio es algo conocido.<\/p>\n\n\n\n<p>Una vez de regreso a <strong>Culiac\u00e1n<\/strong> me llam\u00f3 para comentarme dar\u00eda de baja la cuenta, al estar construyendo el portal donde hoy se publica esto. Y tambi\u00e9n para invitarme a publicar en su nuevo portal de noticias, proyecto al cual se sumaron otras personas. Fueron un par de a\u00f1os los que colabor\u00e9 con un escrito semanal, tiempo aprovechado para conocer ahora otra de las facetas de Luis Enrique, la de editor. En su momento esper\u00e9, como algo natural en el ambiente period\u00edstico sinaloense, alguna observaci\u00f3n sobre una cr\u00edtica vertida en mis columnas hacia alg\u00fan personaje pol\u00edtico, pero lo \u00fanico recibido y con frecuencia eran observaciones de redacci\u00f3n, las cuales me pasaba solo a t\u00edtulo de atento aviso al haberlas \u00e9l corregido directamente.<\/p>\n\n\n\n<p>Estoy seguro recibi\u00f3 quejas por algunos de mis escritos y de otros columnistas, la clase pol\u00edtica sinaloense es muy susceptible, de piel muy delgadita y altamente reactiva cuando se publican meras cr\u00f3nicas de la administraci\u00f3n p\u00fablica o de la vida partidaria, o incluso secretos a voces. Se llenan de ronchas, ese, es el nivel de la vida pol\u00edtica en Sinaloa, uno muy distinto a donde se form\u00f3 Luis Enrique, la <strong>Ciudad de M\u00e9xico<\/strong>. De esto hace ya varios a\u00f1os. Los intercambios de saludos se fueron alargando con el tiempo. Hace apenas un mes fue encontrado su cuerpo sin vida. Esos detalles no honran su memoria. Pero \u00a1vaya! no se equivoc\u00f3 en su diagn\u00f3stico y lo anunci\u00f3 con toda claridad en los medios de comunicaci\u00f3n: <em>\u201cYo soy el que sigue\u201d<\/em>.<\/p>\n","protected":false},"excerpt":{"rendered":"<p>Lo conoc\u00ed en una reuni\u00f3n en el todav\u00eda conocido como Farall\u00f3n en julio de 2011, lugar preferido para las reuniones pol\u00edticas en el gobierno de Mario L\u00f3pez Valdez. De Luis Enrique hasta esa fecha solo conoc\u00eda su faceta period\u00edstica. Principalmente su dura posici\u00f3n contra la candidatura de Jes\u00fas Vizcarra Calder\u00f3n a la gubernatura de Sinaloa. [&hellip;]<\/p>\n","protected":false},"author":98,"featured_media":33578,"comment_status":"open","ping_status":"open","sticky":false,"template":"","format":"standard","meta":{"tdm_status":"","tdm_grid_status":"","footnotes":""},"categories":[37],"tags":[2706,2707,2705],"class_list":{"0":"post-33577","1":"post","2":"type-post","3":"status-publish","4":"format-standard","5":"has-post-thumbnail","7":"category-nota-principal","8":"tag-fuentes-fidedignas","9":"tag-justicia-para-luis-enrique-ramirez","10":"tag-luis-enrique-ramirez"},"yoast_head":"<!-- This site is optimized with the Yoast SEO plugin v27.5 - https:\/\/yoast.com\/product\/yoast-seo-wordpress\/ -->\n<title>En memoria de Luis Enrique Ram\u00edrez Ramos - Fuentes Fidedignas<\/title>\n<meta name=\"robots\" content=\"index, follow, max-snippet:-1, max-image-preview:large, max-video-preview:-1\" \/>\n<link rel=\"canonical\" href=\"https:\/\/fuentesfidedignas.com.mx\/index.php\/2022\/06\/07\/en-memoria-de-luis-enrique-ramirez-ramos\/\" \/>\n<meta property=\"og:locale\" content=\"es_MX\" \/>\n<meta property=\"og:type\" content=\"article\" \/>\n<meta property=\"og:title\" content=\"En memoria de Luis Enrique Ram\u00edrez Ramos - Fuentes Fidedignas\" \/>\n<meta property=\"og:description\" content=\"Lo conoc\u00ed en una reuni\u00f3n en el todav\u00eda conocido como Farall\u00f3n en julio de 2011, lugar preferido para las reuniones pol\u00edticas en el gobierno de Mario L\u00f3pez Valdez. De Luis Enrique hasta esa fecha solo conoc\u00eda su faceta period\u00edstica. Principalmente su dura posici\u00f3n contra la candidatura de Jes\u00fas Vizcarra Calder\u00f3n a la gubernatura de Sinaloa. [&hellip;]\" \/>\n<meta property=\"og:url\" content=\"https:\/\/fuentesfidedignas.com.mx\/index.php\/2022\/06\/07\/en-memoria-de-luis-enrique-ramirez-ramos\/\" \/>\n<meta property=\"og:site_name\" content=\"Fuentes Fidedignas\" \/>\n<meta property=\"article:publisher\" content=\"https:\/\/www.facebook.com\/Fuentes-Fidedignas-368234489921644\" \/>\n<meta property=\"article:published_time\" content=\"2022-06-07T06:21:00+00:00\" \/>\n<meta property=\"og:image\" content=\"https:\/\/fuentesfidedignas.com.mx\/wp-content\/uploads\/2022\/06\/3acfa10e-a18a-4cdd-ba90-97bb9d5a9051.jpg\" \/>\n\t<meta property=\"og:image:width\" content=\"539\" \/>\n\t<meta property=\"og:image:height\" content=\"453\" \/>\n\t<meta property=\"og:image:type\" content=\"image\/jpeg\" \/>\n<meta name=\"author\" content=\"Jos\u00e9 Ram\u00f3n Guzm\u00e1n Serrano\" \/>\n<meta name=\"twitter:card\" content=\"summary_large_image\" \/>\n<meta name=\"twitter:creator\" content=\"@fidedignas\" \/>\n<meta name=\"twitter:site\" content=\"@fidedignas\" \/>\n<meta name=\"twitter:label1\" content=\"Escrito por\" \/>\n\t<meta name=\"twitter:data1\" content=\"Jos\u00e9 Ram\u00f3n Guzm\u00e1n Serrano\" \/>\n\t<meta name=\"twitter:label2\" content=\"Tiempo de lectura\" \/>\n\t<meta name=\"twitter:data2\" content=\"3 minutos\" \/>\n<script type=\"application\/ld+json\" class=\"yoast-schema-graph\">{\"@context\":\"https:\\\/\\\/schema.org\",\"@graph\":[{\"@type\":\"Article\",\"@id\":\"https:\\\/\\\/fuentesfidedignas.com.mx\\\/index.php\\\/2022\\\/06\\\/07\\\/en-memoria-de-luis-enrique-ramirez-ramos\\\/#article\",\"isPartOf\":{\"@id\":\"https:\\\/\\\/fuentesfidedignas.com.mx\\\/index.php\\\/2022\\\/06\\\/07\\\/en-memoria-de-luis-enrique-ramirez-ramos\\\/\"},\"author\":{\"name\":\"Jos\u00e9 Ram\u00f3n Guzm\u00e1n Serrano\",\"@id\":\"https:\\\/\\\/fuentesfidedignas.com.mx\\\/#\\\/schema\\\/person\\\/fdbf8b51ae6a62bc7415043e72e6dcbe\"},\"headline\":\"En memoria de Luis Enrique Ram\u00edrez Ramos\",\"datePublished\":\"2022-06-07T06:21:00+00:00\",\"mainEntityOfPage\":{\"@id\":\"https:\\\/\\\/fuentesfidedignas.com.mx\\\/index.php\\\/2022\\\/06\\\/07\\\/en-memoria-de-luis-enrique-ramirez-ramos\\\/\"},\"wordCount\":697,\"commentCount\":0,\"publisher\":{\"@id\":\"https:\\\/\\\/fuentesfidedignas.com.mx\\\/#organization\"},\"image\":{\"@id\":\"https:\\\/\\\/fuentesfidedignas.com.mx\\\/index.php\\\/2022\\\/06\\\/07\\\/en-memoria-de-luis-enrique-ramirez-ramos\\\/#primaryimage\"},\"thumbnailUrl\":\"https:\\\/\\\/fuentesfidedignas.com.mx\\\/wp-content\\\/uploads\\\/2022\\\/06\\\/3acfa10e-a18a-4cdd-ba90-97bb9d5a9051.jpg\",\"keywords\":[\"Fuentes Fidedignas\",\"Justicia para Luis Enrique Ram\u00edrez\",\"Luis Enrique Ram\u00edrez\"],\"articleSection\":[\"NOTA PRINCIPAL\"],\"inLanguage\":\"es\",\"potentialAction\":[{\"@type\":\"CommentAction\",\"name\":\"Comment\",\"target\":[\"https:\\\/\\\/fuentesfidedignas.com.mx\\\/index.php\\\/2022\\\/06\\\/07\\\/en-memoria-de-luis-enrique-ramirez-ramos\\\/#respond\"]}]},{\"@type\":\"WebPage\",\"@id\":\"https:\\\/\\\/fuentesfidedignas.com.mx\\\/index.php\\\/2022\\\/06\\\/07\\\/en-memoria-de-luis-enrique-ramirez-ramos\\\/\",\"url\":\"https:\\\/\\\/fuentesfidedignas.com.mx\\\/index.php\\\/2022\\\/06\\\/07\\\/en-memoria-de-luis-enrique-ramirez-ramos\\\/\",\"name\":\"En memoria de Luis Enrique Ram\u00edrez Ramos - Fuentes Fidedignas\",\"isPartOf\":{\"@id\":\"https:\\\/\\\/fuentesfidedignas.com.mx\\\/#website\"},\"primaryImageOfPage\":{\"@id\":\"https:\\\/\\\/fuentesfidedignas.com.mx\\\/index.php\\\/2022\\\/06\\\/07\\\/en-memoria-de-luis-enrique-ramirez-ramos\\\/#primaryimage\"},\"image\":{\"@id\":\"https:\\\/\\\/fuentesfidedignas.com.mx\\\/index.php\\\/2022\\\/06\\\/07\\\/en-memoria-de-luis-enrique-ramirez-ramos\\\/#primaryimage\"},\"thumbnailUrl\":\"https:\\\/\\\/fuentesfidedignas.com.mx\\\/wp-content\\\/uploads\\\/2022\\\/06\\\/3acfa10e-a18a-4cdd-ba90-97bb9d5a9051.jpg\",\"datePublished\":\"2022-06-07T06:21:00+00:00\",\"breadcrumb\":{\"@id\":\"https:\\\/\\\/fuentesfidedignas.com.mx\\\/index.php\\\/2022\\\/06\\\/07\\\/en-memoria-de-luis-enrique-ramirez-ramos\\\/#breadcrumb\"},\"inLanguage\":\"es\",\"potentialAction\":[{\"@type\":\"ReadAction\",\"target\":[\"https:\\\/\\\/fuentesfidedignas.com.mx\\\/index.php\\\/2022\\\/06\\\/07\\\/en-memoria-de-luis-enrique-ramirez-ramos\\\/\"]}]},{\"@type\":\"ImageObject\",\"inLanguage\":\"es\",\"@id\":\"https:\\\/\\\/fuentesfidedignas.com.mx\\\/index.php\\\/2022\\\/06\\\/07\\\/en-memoria-de-luis-enrique-ramirez-ramos\\\/#primaryimage\",\"url\":\"https:\\\/\\\/fuentesfidedignas.com.mx\\\/wp-content\\\/uploads\\\/2022\\\/06\\\/3acfa10e-a18a-4cdd-ba90-97bb9d5a9051.jpg\",\"contentUrl\":\"https:\\\/\\\/fuentesfidedignas.com.mx\\\/wp-content\\\/uploads\\\/2022\\\/06\\\/3acfa10e-a18a-4cdd-ba90-97bb9d5a9051.jpg\",\"width\":539,\"height\":453},{\"@type\":\"BreadcrumbList\",\"@id\":\"https:\\\/\\\/fuentesfidedignas.com.mx\\\/index.php\\\/2022\\\/06\\\/07\\\/en-memoria-de-luis-enrique-ramirez-ramos\\\/#breadcrumb\",\"itemListElement\":[{\"@type\":\"ListItem\",\"position\":1,\"name\":\"Inicio\",\"item\":\"https:\\\/\\\/fuentesfidedignas.com.mx\\\/\"},{\"@type\":\"ListItem\",\"position\":2,\"name\":\"En memoria de Luis Enrique Ram\u00edrez Ramos\"}]},{\"@type\":\"WebSite\",\"@id\":\"https:\\\/\\\/fuentesfidedignas.com.mx\\\/#website\",\"url\":\"https:\\\/\\\/fuentesfidedignas.com.mx\\\/\",\"name\":\"Fuentes Fidedignas\",\"description\":\"Otro sitio realizado con WordPress\",\"publisher\":{\"@id\":\"https:\\\/\\\/fuentesfidedignas.com.mx\\\/#organization\"},\"potentialAction\":[{\"@type\":\"SearchAction\",\"target\":{\"@type\":\"EntryPoint\",\"urlTemplate\":\"https:\\\/\\\/fuentesfidedignas.com.mx\\\/?s={search_term_string}\"},\"query-input\":{\"@type\":\"PropertyValueSpecification\",\"valueRequired\":true,\"valueName\":\"search_term_string\"}}],\"inLanguage\":\"es\"},{\"@type\":\"Organization\",\"@id\":\"https:\\\/\\\/fuentesfidedignas.com.mx\\\/#organization\",\"name\":\"Fuentes Fidedignas\",\"url\":\"https:\\\/\\\/fuentesfidedignas.com.mx\\\/\",\"logo\":{\"@type\":\"ImageObject\",\"inLanguage\":\"es\",\"@id\":\"https:\\\/\\\/fuentesfidedignas.com.mx\\\/#\\\/schema\\\/logo\\\/image\\\/\",\"url\":\"https:\\\/\\\/fuentesfidedignas.com.mx\\\/wp-content\\\/uploads\\\/2021\\\/04\\\/logo-retina.png\",\"contentUrl\":\"https:\\\/\\\/fuentesfidedignas.com.mx\\\/wp-content\\\/uploads\\\/2021\\\/04\\\/logo-retina.png\",\"width\":280,\"height\":51,\"caption\":\"Fuentes Fidedignas\"},\"image\":{\"@id\":\"https:\\\/\\\/fuentesfidedignas.com.mx\\\/#\\\/schema\\\/logo\\\/image\\\/\"},\"sameAs\":[\"https:\\\/\\\/www.facebook.com\\\/Fuentes-Fidedignas-368234489921644\",\"https:\\\/\\\/x.com\\\/fidedignas\"]},{\"@type\":\"Person\",\"@id\":\"https:\\\/\\\/fuentesfidedignas.com.mx\\\/#\\\/schema\\\/person\\\/fdbf8b51ae6a62bc7415043e72e6dcbe\",\"name\":\"Jos\u00e9 Ram\u00f3n Guzm\u00e1n Serrano\",\"image\":{\"@type\":\"ImageObject\",\"inLanguage\":\"es\",\"@id\":\"https:\\\/\\\/secure.gravatar.com\\\/avatar\\\/5e8776618da4742870c640d102119d69bf9b0463c9dc0d3159b9663594cd73ad?s=96&d=mm&r=g\",\"url\":\"https:\\\/\\\/secure.gravatar.com\\\/avatar\\\/5e8776618da4742870c640d102119d69bf9b0463c9dc0d3159b9663594cd73ad?s=96&d=mm&r=g\",\"contentUrl\":\"https:\\\/\\\/secure.gravatar.com\\\/avatar\\\/5e8776618da4742870c640d102119d69bf9b0463c9dc0d3159b9663594cd73ad?s=96&d=mm&r=g\",\"caption\":\"Jos\u00e9 Ram\u00f3n Guzm\u00e1n Serrano\"},\"url\":\"https:\\\/\\\/fuentesfidedignas.com.mx\\\/index.php\\\/author\\\/joseramon\\\/\"}]}<\/script>\n<!-- \/ Yoast SEO plugin. -->","yoast_head_json":{"title":"En memoria de Luis Enrique Ram\u00edrez Ramos - Fuentes Fidedignas","robots":{"index":"index","follow":"follow","max-snippet":"max-snippet:-1","max-image-preview":"max-image-preview:large","max-video-preview":"max-video-preview:-1"},"canonical":"https:\/\/fuentesfidedignas.com.mx\/index.php\/2022\/06\/07\/en-memoria-de-luis-enrique-ramirez-ramos\/","og_locale":"es_MX","og_type":"article","og_title":"En memoria de Luis Enrique Ram\u00edrez Ramos - Fuentes Fidedignas","og_description":"Lo conoc\u00ed en una reuni\u00f3n en el todav\u00eda conocido como Farall\u00f3n en julio de 2011, lugar preferido para las reuniones pol\u00edticas en el gobierno de Mario L\u00f3pez Valdez. De Luis Enrique hasta esa fecha solo conoc\u00eda su faceta period\u00edstica. Principalmente su dura posici\u00f3n contra la candidatura de Jes\u00fas Vizcarra Calder\u00f3n a la gubernatura de Sinaloa. [&hellip;]","og_url":"https:\/\/fuentesfidedignas.com.mx\/index.php\/2022\/06\/07\/en-memoria-de-luis-enrique-ramirez-ramos\/","og_site_name":"Fuentes Fidedignas","article_publisher":"https:\/\/www.facebook.com\/Fuentes-Fidedignas-368234489921644","article_published_time":"2022-06-07T06:21:00+00:00","og_image":[{"width":539,"height":453,"url":"https:\/\/fuentesfidedignas.com.mx\/wp-content\/uploads\/2022\/06\/3acfa10e-a18a-4cdd-ba90-97bb9d5a9051.jpg","type":"image\/jpeg"}],"author":"Jos\u00e9 Ram\u00f3n Guzm\u00e1n Serrano","twitter_card":"summary_large_image","twitter_creator":"@fidedignas","twitter_site":"@fidedignas","twitter_misc":{"Escrito por":"Jos\u00e9 Ram\u00f3n Guzm\u00e1n Serrano","Tiempo de lectura":"3 minutos"},"schema":{"@context":"https:\/\/schema.org","@graph":[{"@type":"Article","@id":"https:\/\/fuentesfidedignas.com.mx\/index.php\/2022\/06\/07\/en-memoria-de-luis-enrique-ramirez-ramos\/#article","isPartOf":{"@id":"https:\/\/fuentesfidedignas.com.mx\/index.php\/2022\/06\/07\/en-memoria-de-luis-enrique-ramirez-ramos\/"},"author":{"name":"Jos\u00e9 Ram\u00f3n Guzm\u00e1n Serrano","@id":"https:\/\/fuentesfidedignas.com.mx\/#\/schema\/person\/fdbf8b51ae6a62bc7415043e72e6dcbe"},"headline":"En memoria de Luis Enrique Ram\u00edrez Ramos","datePublished":"2022-06-07T06:21:00+00:00","mainEntityOfPage":{"@id":"https:\/\/fuentesfidedignas.com.mx\/index.php\/2022\/06\/07\/en-memoria-de-luis-enrique-ramirez-ramos\/"},"wordCount":697,"commentCount":0,"publisher":{"@id":"https:\/\/fuentesfidedignas.com.mx\/#organization"},"image":{"@id":"https:\/\/fuentesfidedignas.com.mx\/index.php\/2022\/06\/07\/en-memoria-de-luis-enrique-ramirez-ramos\/#primaryimage"},"thumbnailUrl":"https:\/\/fuentesfidedignas.com.mx\/wp-content\/uploads\/2022\/06\/3acfa10e-a18a-4cdd-ba90-97bb9d5a9051.jpg","keywords":["Fuentes Fidedignas","Justicia para Luis Enrique Ram\u00edrez","Luis Enrique Ram\u00edrez"],"articleSection":["NOTA PRINCIPAL"],"inLanguage":"es","potentialAction":[{"@type":"CommentAction","name":"Comment","target":["https:\/\/fuentesfidedignas.com.mx\/index.php\/2022\/06\/07\/en-memoria-de-luis-enrique-ramirez-ramos\/#respond"]}]},{"@type":"WebPage","@id":"https:\/\/fuentesfidedignas.com.mx\/index.php\/2022\/06\/07\/en-memoria-de-luis-enrique-ramirez-ramos\/","url":"https:\/\/fuentesfidedignas.com.mx\/index.php\/2022\/06\/07\/en-memoria-de-luis-enrique-ramirez-ramos\/","name":"En memoria de Luis Enrique Ram\u00edrez Ramos - Fuentes Fidedignas","isPartOf":{"@id":"https:\/\/fuentesfidedignas.com.mx\/#website"},"primaryImageOfPage":{"@id":"https:\/\/fuentesfidedignas.com.mx\/index.php\/2022\/06\/07\/en-memoria-de-luis-enrique-ramirez-ramos\/#primaryimage"},"image":{"@id":"https:\/\/fuentesfidedignas.com.mx\/index.php\/2022\/06\/07\/en-memoria-de-luis-enrique-ramirez-ramos\/#primaryimage"},"thumbnailUrl":"https:\/\/fuentesfidedignas.com.mx\/wp-content\/uploads\/2022\/06\/3acfa10e-a18a-4cdd-ba90-97bb9d5a9051.jpg","datePublished":"2022-06-07T06:21:00+00:00","breadcrumb":{"@id":"https:\/\/fuentesfidedignas.com.mx\/index.php\/2022\/06\/07\/en-memoria-de-luis-enrique-ramirez-ramos\/#breadcrumb"},"inLanguage":"es","potentialAction":[{"@type":"ReadAction","target":["https:\/\/fuentesfidedignas.com.mx\/index.php\/2022\/06\/07\/en-memoria-de-luis-enrique-ramirez-ramos\/"]}]},{"@type":"ImageObject","inLanguage":"es","@id":"https:\/\/fuentesfidedignas.com.mx\/index.php\/2022\/06\/07\/en-memoria-de-luis-enrique-ramirez-ramos\/#primaryimage","url":"https:\/\/fuentesfidedignas.com.mx\/wp-content\/uploads\/2022\/06\/3acfa10e-a18a-4cdd-ba90-97bb9d5a9051.jpg","contentUrl":"https:\/\/fuentesfidedignas.com.mx\/wp-content\/uploads\/2022\/06\/3acfa10e-a18a-4cdd-ba90-97bb9d5a9051.jpg","width":539,"height":453},{"@type":"BreadcrumbList","@id":"https:\/\/fuentesfidedignas.com.mx\/index.php\/2022\/06\/07\/en-memoria-de-luis-enrique-ramirez-ramos\/#breadcrumb","itemListElement":[{"@type":"ListItem","position":1,"name":"Inicio","item":"https:\/\/fuentesfidedignas.com.mx\/"},{"@type":"ListItem","position":2,"name":"En memoria de Luis Enrique Ram\u00edrez Ramos"}]},{"@type":"WebSite","@id":"https:\/\/fuentesfidedignas.com.mx\/#website","url":"https:\/\/fuentesfidedignas.com.mx\/","name":"Fuentes Fidedignas","description":"Otro sitio realizado con WordPress","publisher":{"@id":"https:\/\/fuentesfidedignas.com.mx\/#organization"},"potentialAction":[{"@type":"SearchAction","target":{"@type":"EntryPoint","urlTemplate":"https:\/\/fuentesfidedignas.com.mx\/?s={search_term_string}"},"query-input":{"@type":"PropertyValueSpecification","valueRequired":true,"valueName":"search_term_string"}}],"inLanguage":"es"},{"@type":"Organization","@id":"https:\/\/fuentesfidedignas.com.mx\/#organization","name":"Fuentes Fidedignas","url":"https:\/\/fuentesfidedignas.com.mx\/","logo":{"@type":"ImageObject","inLanguage":"es","@id":"https:\/\/fuentesfidedignas.com.mx\/#\/schema\/logo\/image\/","url":"https:\/\/fuentesfidedignas.com.mx\/wp-content\/uploads\/2021\/04\/logo-retina.png","contentUrl":"https:\/\/fuentesfidedignas.com.mx\/wp-content\/uploads\/2021\/04\/logo-retina.png","width":280,"height":51,"caption":"Fuentes Fidedignas"},"image":{"@id":"https:\/\/fuentesfidedignas.com.mx\/#\/schema\/logo\/image\/"},"sameAs":["https:\/\/www.facebook.com\/Fuentes-Fidedignas-368234489921644","https:\/\/x.com\/fidedignas"]},{"@type":"Person","@id":"https:\/\/fuentesfidedignas.com.mx\/#\/schema\/person\/fdbf8b51ae6a62bc7415043e72e6dcbe","name":"Jos\u00e9 Ram\u00f3n Guzm\u00e1n Serrano","image":{"@type":"ImageObject","inLanguage":"es","@id":"https:\/\/secure.gravatar.com\/avatar\/5e8776618da4742870c640d102119d69bf9b0463c9dc0d3159b9663594cd73ad?s=96&d=mm&r=g","url":"https:\/\/secure.gravatar.com\/avatar\/5e8776618da4742870c640d102119d69bf9b0463c9dc0d3159b9663594cd73ad?s=96&d=mm&r=g","contentUrl":"https:\/\/secure.gravatar.com\/avatar\/5e8776618da4742870c640d102119d69bf9b0463c9dc0d3159b9663594cd73ad?s=96&d=mm&r=g","caption":"Jos\u00e9 Ram\u00f3n Guzm\u00e1n Serrano"},"url":"https:\/\/fuentesfidedignas.com.mx\/index.php\/author\/joseramon\/"}]}},"_links":{"self":[{"href":"https:\/\/fuentesfidedignas.com.mx\/index.php\/wp-json\/wp\/v2\/posts\/33577","targetHints":{"allow":["GET"]}}],"collection":[{"href":"https:\/\/fuentesfidedignas.com.mx\/index.php\/wp-json\/wp\/v2\/posts"}],"about":[{"href":"https:\/\/fuentesfidedignas.com.mx\/index.php\/wp-json\/wp\/v2\/types\/post"}],"author":[{"embeddable":true,"href":"https:\/\/fuentesfidedignas.com.mx\/index.php\/wp-json\/wp\/v2\/users\/98"}],"replies":[{"embeddable":true,"href":"https:\/\/fuentesfidedignas.com.mx\/index.php\/wp-json\/wp\/v2\/comments?post=33577"}],"version-history":[{"count":1,"href":"https:\/\/fuentesfidedignas.com.mx\/index.php\/wp-json\/wp\/v2\/posts\/33577\/revisions"}],"predecessor-version":[{"id":33593,"href":"https:\/\/fuentesfidedignas.com.mx\/index.php\/wp-json\/wp\/v2\/posts\/33577\/revisions\/33593"}],"wp:featuredmedia":[{"embeddable":true,"href":"https:\/\/fuentesfidedignas.com.mx\/index.php\/wp-json\/wp\/v2\/media\/33578"}],"wp:attachment":[{"href":"https:\/\/fuentesfidedignas.com.mx\/index.php\/wp-json\/wp\/v2\/media?parent=33577"}],"wp:term":[{"taxonomy":"category","embeddable":true,"href":"https:\/\/fuentesfidedignas.com.mx\/index.php\/wp-json\/wp\/v2\/categories?post=33577"},{"taxonomy":"post_tag","embeddable":true,"href":"https:\/\/fuentesfidedignas.com.mx\/index.php\/wp-json\/wp\/v2\/tags?post=33577"}],"curies":[{"name":"wp","href":"https:\/\/api.w.org\/{rel}","templated":true}]}}