{"id":3345,"date":"2021-05-27T22:54:25","date_gmt":"2021-05-28T05:54:25","guid":{"rendered":"https:\/\/fuentesfidedignas.com.mx\/?p=3345"},"modified":"2021-05-27T22:54:27","modified_gmt":"2021-05-28T05:54:27","slug":"comunidad-lgbt-sufre-discriminacion-en-escuelas-fiscalia","status":"publish","type":"post","link":"https:\/\/fuentesfidedignas.com.mx\/index.php\/2021\/05\/27\/comunidad-lgbt-sufre-discriminacion-en-escuelas-fiscalia\/","title":{"rendered":"Comunidad LGBT sufre discriminaci\u00f3n en escuelas: Fiscal\u00eda"},"content":{"rendered":"\n<p><strong><em>Margarita Aguilar V\u00e1zquez expres\u00f3 la necesidad de educar desde temprana edad en el reconocimiento de los derechos en toda su extensi\u00f3n<\/em><\/strong><\/p>\n\n\n\n<p><br>En la mayor\u00eda de las escuelas, las personas de la comunidad l\u00e9sbico, gay, bisexual, transg\u00e9nero, transexual, travesti, intersexual y queer (LGBTTTIQ) sufren discriminaci\u00f3n por parte de las autoridades y de sus compa\u00f1eros.<\/p>\n\n\n\n<p>Margarita Aguilar V\u00e1zquez, titular de la Unidad Especializada en la Atenci\u00f3n de Delitos LGBTTTIQA+ de la Fiscal\u00eda General del Estado (FGE), lament\u00f3 que, en diferentes escuelas, por su orientaci\u00f3n sexual, a las personas, a menudo se les niega el ingreso y se les expulsa si se les detecta una pr\u00e1ctica diferente.<\/p>\n\n\n\n<p>\u201cLas personas LGBTTTIQ sufren discriminaci\u00f3n en su educaci\u00f3n porque en algunos casos, las autoridades educativas y las escuelas discriminan activamente contra los j\u00f3venes en raz\u00f3n de su identidad sexual y de g\u00e9nero. No todas, pero hoy en d\u00eda es la gran mayor\u00eda porque, a menudo se les niega el ingreso, se les expulsa si se les detecta una pr\u00e1ctica diferente\u201d, apunt\u00f3.<\/p>\n\n\n\n<p>Durante su foro virtual \u201cEl respeto a la Orientaci\u00f3n Sexual e Identidad de G\u00e9nero Autopercibida: Obligaciones legales de las Universidades\u201d, organizado por la Universidad Iberoamericana Puebla, Aguilar V\u00e1zquez expres\u00f3 la necesidad de educar desde temprana edad en el reconocimiento de los derechos en toda su extensi\u00f3n.<\/p>\n\n\n\n<p>\u201cLos hoy adultos antes fueron ni\u00f1os y en su momento no recibieron esa explicaci\u00f3n de los derechos que hab\u00eda que respetar. Es muy importante la educaci\u00f3n porque vamos a formar mejores ni\u00f1os, mejores ni\u00f1as, vamos a formar gente que respete, que est\u00e9 consciente de los derechos que tiene y que est\u00e9 consciente de que debe respetar los derechos en los dem\u00e1s\u201d, apunt\u00f3.<\/p>\n\n\n\n<p>La titular de la Unidad Especializada en la Atenci\u00f3n de Delitos LGBTTTIQA+ advirti\u00f3 que en caso de que no se eduque desde la infancia en el respeto a los derechos humanos, se seguir\u00e1 presentando una sociedad machista y con diferentes estereotipos.<\/p>\n\n\n\n<p>\u201cNo tiene caso que a un ni\u00f1o le den una planta de los derechos, pero si no les explicamos, sino ejemplificamos c\u00f3mo tienen que ejercer los derechos, seguiremos viviendo en esta sociedad con estereotipos, seguiremos viviendo con esta sociedad machista. Formar a un bueno ni\u00f1o, formar a una buena ni\u00f1a, es la clave para un futuro mejor\u201d, coment\u00f3.<\/p>\n\n\n\n<p>Reconoci\u00f3 que, si bien los \u00faltimos tiempos se presentan cambios y una difusi\u00f3n de informativa sobre los derechos, existen cuentas pendientes ya que instancias internacionales han constatado la persistencia de discriminaciones sistem\u00e1ticas a las juventudes por su orientaci\u00f3n e identidad de g\u00e9nero tanto en espacios \u00e1ulicos como en los contenidos educativos.<\/p>\n\n\n\n<p>\u201cGarantizar el derecho a la identidad inicia con el reconocimiento de la persona a trav\u00e9s del respeto para abordar cada caso con sensibilidad (\u2026). Si alguien no hace lo que yo estoy acostumbrado, no lo veo como diferente, ya pienso que est\u00e1 mal. A partir de ah\u00ed comienza la discriminaci\u00f3n, por ejemplo, el derecho a la educaci\u00f3n tutela que todas las personas con independencia de su identidad de g\u00e9nero y orientaci\u00f3n sexual, tengan acceso a la educaci\u00f3n\u201d, apunt\u00f3.<\/p>\n\n\n\n<p>Por \u00faltimo, Aguilar V\u00e1zquez destac\u00f3 que la Unidad Especializada en la Atenci\u00f3n de Delitos LGBTTTIQA+ permite subsanar las carencias institucionales.<\/p>\n\n\n\n<p>\u201cQueremos que las personas se sientan con la confianza de que vamos a estar ah\u00ed, que no vamos a abandonar el asunto por un se\u00f1alamiento social\u201d.<\/p>\n","protected":false},"excerpt":{"rendered":"<p>Margarita Aguilar V\u00e1zquez expres\u00f3 la necesidad de educar desde temprana edad en el reconocimiento de los derechos en toda su extensi\u00f3n En la mayor\u00eda de las escuelas, las personas de la comunidad l\u00e9sbico, gay, bisexual, transg\u00e9nero, transexual, travesti, intersexual y queer (LGBTTTIQ) sufren discriminaci\u00f3n por parte de las autoridades y de sus compa\u00f1eros. Margarita Aguilar [&hellip;]<\/p>\n","protected":false},"author":9,"featured_media":3346,"comment_status":"open","ping_status":"open","sticky":false,"template":"","format":"standard","meta":{"tdm_status":"","tdm_grid_status":"","footnotes":""},"categories":[35,36],"tags":[],"class_list":{"0":"post-3345","1":"post","2":"type-post","3":"status-publish","4":"format-standard","5":"has-post-thumbnail","7":"category-amor-es-amor","8":"category-semanales"},"yoast_head":"<!-- This site is optimized with the Yoast SEO plugin v27.5 - https:\/\/yoast.com\/product\/yoast-seo-wordpress\/ -->\n<title>Comunidad LGBT sufre discriminaci\u00f3n en escuelas: Fiscal\u00eda - Fuentes Fidedignas<\/title>\n<meta name=\"robots\" content=\"index, follow, max-snippet:-1, max-image-preview:large, max-video-preview:-1\" \/>\n<link rel=\"canonical\" href=\"https:\/\/fuentesfidedignas.com.mx\/index.php\/2021\/05\/27\/comunidad-lgbt-sufre-discriminacion-en-escuelas-fiscalia\/\" \/>\n<meta property=\"og:locale\" content=\"es_MX\" \/>\n<meta property=\"og:type\" content=\"article\" \/>\n<meta property=\"og:title\" content=\"Comunidad LGBT sufre discriminaci\u00f3n en escuelas: Fiscal\u00eda - Fuentes Fidedignas\" \/>\n<meta property=\"og:description\" content=\"Margarita Aguilar V\u00e1zquez expres\u00f3 la necesidad de educar desde temprana edad en el reconocimiento de los derechos en toda su extensi\u00f3n En la mayor\u00eda de las escuelas, las personas de la comunidad l\u00e9sbico, gay, bisexual, transg\u00e9nero, transexual, travesti, intersexual y queer (LGBTTTIQ) sufren discriminaci\u00f3n por parte de las autoridades y de sus compa\u00f1eros. Margarita Aguilar [&hellip;]\" \/>\n<meta property=\"og:url\" content=\"https:\/\/fuentesfidedignas.com.mx\/index.php\/2021\/05\/27\/comunidad-lgbt-sufre-discriminacion-en-escuelas-fiscalia\/\" \/>\n<meta property=\"og:site_name\" content=\"Fuentes Fidedignas\" \/>\n<meta property=\"article:publisher\" content=\"https:\/\/www.facebook.com\/Fuentes-Fidedignas-368234489921644\" \/>\n<meta property=\"article:published_time\" content=\"2021-05-28T05:54:25+00:00\" \/>\n<meta property=\"article:modified_time\" content=\"2021-05-28T05:54:27+00:00\" \/>\n<meta property=\"og:image\" content=\"https:\/\/fuentesfidedignas.com.mx\/wp-content\/uploads\/2021\/05\/puebla-aspirantes-plurinominales-indigenas-discapacidad.jpg\" \/>\n\t<meta property=\"og:image:width\" content=\"936\" \/>\n\t<meta property=\"og:image:height\" content=\"566\" \/>\n\t<meta property=\"og:image:type\" content=\"image\/jpeg\" \/>\n<meta name=\"author\" content=\"Milenio\" \/>\n<meta name=\"twitter:card\" content=\"summary_large_image\" \/>\n<meta name=\"twitter:creator\" content=\"@fidedignas\" \/>\n<meta name=\"twitter:site\" content=\"@fidedignas\" \/>\n<meta name=\"twitter:label1\" content=\"Escrito por\" \/>\n\t<meta name=\"twitter:data1\" content=\"Milenio\" \/>\n\t<meta name=\"twitter:label2\" content=\"Tiempo de lectura\" \/>\n\t<meta name=\"twitter:data2\" content=\"3 minutos\" \/>\n<script type=\"application\/ld+json\" class=\"yoast-schema-graph\">{\"@context\":\"https:\\\/\\\/schema.org\",\"@graph\":[{\"@type\":\"Article\",\"@id\":\"https:\\\/\\\/fuentesfidedignas.com.mx\\\/index.php\\\/2021\\\/05\\\/27\\\/comunidad-lgbt-sufre-discriminacion-en-escuelas-fiscalia\\\/#article\",\"isPartOf\":{\"@id\":\"https:\\\/\\\/fuentesfidedignas.com.mx\\\/index.php\\\/2021\\\/05\\\/27\\\/comunidad-lgbt-sufre-discriminacion-en-escuelas-fiscalia\\\/\"},\"author\":{\"name\":\"Milenio\",\"@id\":\"https:\\\/\\\/fuentesfidedignas.com.mx\\\/#\\\/schema\\\/person\\\/47ec0135738f4b0c7495f06a77a2c976\"},\"headline\":\"Comunidad LGBT sufre discriminaci\u00f3n en escuelas: Fiscal\u00eda\",\"datePublished\":\"2021-05-28T05:54:25+00:00\",\"dateModified\":\"2021-05-28T05:54:27+00:00\",\"mainEntityOfPage\":{\"@id\":\"https:\\\/\\\/fuentesfidedignas.com.mx\\\/index.php\\\/2021\\\/05\\\/27\\\/comunidad-lgbt-sufre-discriminacion-en-escuelas-fiscalia\\\/\"},\"wordCount\":604,\"commentCount\":0,\"publisher\":{\"@id\":\"https:\\\/\\\/fuentesfidedignas.com.mx\\\/#organization\"},\"image\":{\"@id\":\"https:\\\/\\\/fuentesfidedignas.com.mx\\\/index.php\\\/2021\\\/05\\\/27\\\/comunidad-lgbt-sufre-discriminacion-en-escuelas-fiscalia\\\/#primaryimage\"},\"thumbnailUrl\":\"https:\\\/\\\/fuentesfidedignas.com.mx\\\/wp-content\\\/uploads\\\/2021\\\/05\\\/puebla-aspirantes-plurinominales-indigenas-discapacidad.jpg\",\"articleSection\":[\"AMOR ES AMOR\",\"SEMANALES\"],\"inLanguage\":\"es\",\"potentialAction\":[{\"@type\":\"CommentAction\",\"name\":\"Comment\",\"target\":[\"https:\\\/\\\/fuentesfidedignas.com.mx\\\/index.php\\\/2021\\\/05\\\/27\\\/comunidad-lgbt-sufre-discriminacion-en-escuelas-fiscalia\\\/#respond\"]}]},{\"@type\":\"WebPage\",\"@id\":\"https:\\\/\\\/fuentesfidedignas.com.mx\\\/index.php\\\/2021\\\/05\\\/27\\\/comunidad-lgbt-sufre-discriminacion-en-escuelas-fiscalia\\\/\",\"url\":\"https:\\\/\\\/fuentesfidedignas.com.mx\\\/index.php\\\/2021\\\/05\\\/27\\\/comunidad-lgbt-sufre-discriminacion-en-escuelas-fiscalia\\\/\",\"name\":\"Comunidad LGBT sufre discriminaci\u00f3n en escuelas: Fiscal\u00eda - Fuentes Fidedignas\",\"isPartOf\":{\"@id\":\"https:\\\/\\\/fuentesfidedignas.com.mx\\\/#website\"},\"primaryImageOfPage\":{\"@id\":\"https:\\\/\\\/fuentesfidedignas.com.mx\\\/index.php\\\/2021\\\/05\\\/27\\\/comunidad-lgbt-sufre-discriminacion-en-escuelas-fiscalia\\\/#primaryimage\"},\"image\":{\"@id\":\"https:\\\/\\\/fuentesfidedignas.com.mx\\\/index.php\\\/2021\\\/05\\\/27\\\/comunidad-lgbt-sufre-discriminacion-en-escuelas-fiscalia\\\/#primaryimage\"},\"thumbnailUrl\":\"https:\\\/\\\/fuentesfidedignas.com.mx\\\/wp-content\\\/uploads\\\/2021\\\/05\\\/puebla-aspirantes-plurinominales-indigenas-discapacidad.jpg\",\"datePublished\":\"2021-05-28T05:54:25+00:00\",\"dateModified\":\"2021-05-28T05:54:27+00:00\",\"breadcrumb\":{\"@id\":\"https:\\\/\\\/fuentesfidedignas.com.mx\\\/index.php\\\/2021\\\/05\\\/27\\\/comunidad-lgbt-sufre-discriminacion-en-escuelas-fiscalia\\\/#breadcrumb\"},\"inLanguage\":\"es\",\"potentialAction\":[{\"@type\":\"ReadAction\",\"target\":[\"https:\\\/\\\/fuentesfidedignas.com.mx\\\/index.php\\\/2021\\\/05\\\/27\\\/comunidad-lgbt-sufre-discriminacion-en-escuelas-fiscalia\\\/\"]}]},{\"@type\":\"ImageObject\",\"inLanguage\":\"es\",\"@id\":\"https:\\\/\\\/fuentesfidedignas.com.mx\\\/index.php\\\/2021\\\/05\\\/27\\\/comunidad-lgbt-sufre-discriminacion-en-escuelas-fiscalia\\\/#primaryimage\",\"url\":\"https:\\\/\\\/fuentesfidedignas.com.mx\\\/wp-content\\\/uploads\\\/2021\\\/05\\\/puebla-aspirantes-plurinominales-indigenas-discapacidad.jpg\",\"contentUrl\":\"https:\\\/\\\/fuentesfidedignas.com.mx\\\/wp-content\\\/uploads\\\/2021\\\/05\\\/puebla-aspirantes-plurinominales-indigenas-discapacidad.jpg\",\"width\":936,\"height\":566},{\"@type\":\"BreadcrumbList\",\"@id\":\"https:\\\/\\\/fuentesfidedignas.com.mx\\\/index.php\\\/2021\\\/05\\\/27\\\/comunidad-lgbt-sufre-discriminacion-en-escuelas-fiscalia\\\/#breadcrumb\",\"itemListElement\":[{\"@type\":\"ListItem\",\"position\":1,\"name\":\"Inicio\",\"item\":\"https:\\\/\\\/fuentesfidedignas.com.mx\\\/\"},{\"@type\":\"ListItem\",\"position\":2,\"name\":\"Comunidad LGBT sufre discriminaci\u00f3n en escuelas: Fiscal\u00eda\"}]},{\"@type\":\"WebSite\",\"@id\":\"https:\\\/\\\/fuentesfidedignas.com.mx\\\/#website\",\"url\":\"https:\\\/\\\/fuentesfidedignas.com.mx\\\/\",\"name\":\"Fuentes Fidedignas\",\"description\":\"Otro sitio realizado con WordPress\",\"publisher\":{\"@id\":\"https:\\\/\\\/fuentesfidedignas.com.mx\\\/#organization\"},\"potentialAction\":[{\"@type\":\"SearchAction\",\"target\":{\"@type\":\"EntryPoint\",\"urlTemplate\":\"https:\\\/\\\/fuentesfidedignas.com.mx\\\/?s={search_term_string}\"},\"query-input\":{\"@type\":\"PropertyValueSpecification\",\"valueRequired\":true,\"valueName\":\"search_term_string\"}}],\"inLanguage\":\"es\"},{\"@type\":\"Organization\",\"@id\":\"https:\\\/\\\/fuentesfidedignas.com.mx\\\/#organization\",\"name\":\"Fuentes Fidedignas\",\"url\":\"https:\\\/\\\/fuentesfidedignas.com.mx\\\/\",\"logo\":{\"@type\":\"ImageObject\",\"inLanguage\":\"es\",\"@id\":\"https:\\\/\\\/fuentesfidedignas.com.mx\\\/#\\\/schema\\\/logo\\\/image\\\/\",\"url\":\"https:\\\/\\\/fuentesfidedignas.com.mx\\\/wp-content\\\/uploads\\\/2021\\\/04\\\/logo-retina.png\",\"contentUrl\":\"https:\\\/\\\/fuentesfidedignas.com.mx\\\/wp-content\\\/uploads\\\/2021\\\/04\\\/logo-retina.png\",\"width\":280,\"height\":51,\"caption\":\"Fuentes Fidedignas\"},\"image\":{\"@id\":\"https:\\\/\\\/fuentesfidedignas.com.mx\\\/#\\\/schema\\\/logo\\\/image\\\/\"},\"sameAs\":[\"https:\\\/\\\/www.facebook.com\\\/Fuentes-Fidedignas-368234489921644\",\"https:\\\/\\\/x.com\\\/fidedignas\"]},{\"@type\":\"Person\",\"@id\":\"https:\\\/\\\/fuentesfidedignas.com.mx\\\/#\\\/schema\\\/person\\\/47ec0135738f4b0c7495f06a77a2c976\",\"name\":\"Milenio\",\"image\":{\"@type\":\"ImageObject\",\"inLanguage\":\"es\",\"@id\":\"https:\\\/\\\/secure.gravatar.com\\\/avatar\\\/acabf7b54753e51c2c76457954577c236b3b764789b19879565769739d1e4a75?s=96&d=mm&r=g\",\"url\":\"https:\\\/\\\/secure.gravatar.com\\\/avatar\\\/acabf7b54753e51c2c76457954577c236b3b764789b19879565769739d1e4a75?s=96&d=mm&r=g\",\"contentUrl\":\"https:\\\/\\\/secure.gravatar.com\\\/avatar\\\/acabf7b54753e51c2c76457954577c236b3b764789b19879565769739d1e4a75?s=96&d=mm&r=g\",\"caption\":\"Milenio\"},\"url\":\"https:\\\/\\\/fuentesfidedignas.com.mx\\\/index.php\\\/author\\\/milenio\\\/\"}]}<\/script>\n<!-- \/ Yoast SEO plugin. -->","yoast_head_json":{"title":"Comunidad LGBT sufre discriminaci\u00f3n en escuelas: Fiscal\u00eda - Fuentes Fidedignas","robots":{"index":"index","follow":"follow","max-snippet":"max-snippet:-1","max-image-preview":"max-image-preview:large","max-video-preview":"max-video-preview:-1"},"canonical":"https:\/\/fuentesfidedignas.com.mx\/index.php\/2021\/05\/27\/comunidad-lgbt-sufre-discriminacion-en-escuelas-fiscalia\/","og_locale":"es_MX","og_type":"article","og_title":"Comunidad LGBT sufre discriminaci\u00f3n en escuelas: Fiscal\u00eda - Fuentes Fidedignas","og_description":"Margarita Aguilar V\u00e1zquez expres\u00f3 la necesidad de educar desde temprana edad en el reconocimiento de los derechos en toda su extensi\u00f3n En la mayor\u00eda de las escuelas, las personas de la comunidad l\u00e9sbico, gay, bisexual, transg\u00e9nero, transexual, travesti, intersexual y queer (LGBTTTIQ) sufren discriminaci\u00f3n por parte de las autoridades y de sus compa\u00f1eros. Margarita Aguilar [&hellip;]","og_url":"https:\/\/fuentesfidedignas.com.mx\/index.php\/2021\/05\/27\/comunidad-lgbt-sufre-discriminacion-en-escuelas-fiscalia\/","og_site_name":"Fuentes Fidedignas","article_publisher":"https:\/\/www.facebook.com\/Fuentes-Fidedignas-368234489921644","article_published_time":"2021-05-28T05:54:25+00:00","article_modified_time":"2021-05-28T05:54:27+00:00","og_image":[{"width":936,"height":566,"url":"https:\/\/fuentesfidedignas.com.mx\/wp-content\/uploads\/2021\/05\/puebla-aspirantes-plurinominales-indigenas-discapacidad.jpg","type":"image\/jpeg"}],"author":"Milenio","twitter_card":"summary_large_image","twitter_creator":"@fidedignas","twitter_site":"@fidedignas","twitter_misc":{"Escrito por":"Milenio","Tiempo de lectura":"3 minutos"},"schema":{"@context":"https:\/\/schema.org","@graph":[{"@type":"Article","@id":"https:\/\/fuentesfidedignas.com.mx\/index.php\/2021\/05\/27\/comunidad-lgbt-sufre-discriminacion-en-escuelas-fiscalia\/#article","isPartOf":{"@id":"https:\/\/fuentesfidedignas.com.mx\/index.php\/2021\/05\/27\/comunidad-lgbt-sufre-discriminacion-en-escuelas-fiscalia\/"},"author":{"name":"Milenio","@id":"https:\/\/fuentesfidedignas.com.mx\/#\/schema\/person\/47ec0135738f4b0c7495f06a77a2c976"},"headline":"Comunidad LGBT sufre discriminaci\u00f3n en escuelas: Fiscal\u00eda","datePublished":"2021-05-28T05:54:25+00:00","dateModified":"2021-05-28T05:54:27+00:00","mainEntityOfPage":{"@id":"https:\/\/fuentesfidedignas.com.mx\/index.php\/2021\/05\/27\/comunidad-lgbt-sufre-discriminacion-en-escuelas-fiscalia\/"},"wordCount":604,"commentCount":0,"publisher":{"@id":"https:\/\/fuentesfidedignas.com.mx\/#organization"},"image":{"@id":"https:\/\/fuentesfidedignas.com.mx\/index.php\/2021\/05\/27\/comunidad-lgbt-sufre-discriminacion-en-escuelas-fiscalia\/#primaryimage"},"thumbnailUrl":"https:\/\/fuentesfidedignas.com.mx\/wp-content\/uploads\/2021\/05\/puebla-aspirantes-plurinominales-indigenas-discapacidad.jpg","articleSection":["AMOR ES AMOR","SEMANALES"],"inLanguage":"es","potentialAction":[{"@type":"CommentAction","name":"Comment","target":["https:\/\/fuentesfidedignas.com.mx\/index.php\/2021\/05\/27\/comunidad-lgbt-sufre-discriminacion-en-escuelas-fiscalia\/#respond"]}]},{"@type":"WebPage","@id":"https:\/\/fuentesfidedignas.com.mx\/index.php\/2021\/05\/27\/comunidad-lgbt-sufre-discriminacion-en-escuelas-fiscalia\/","url":"https:\/\/fuentesfidedignas.com.mx\/index.php\/2021\/05\/27\/comunidad-lgbt-sufre-discriminacion-en-escuelas-fiscalia\/","name":"Comunidad LGBT sufre discriminaci\u00f3n en escuelas: Fiscal\u00eda - Fuentes Fidedignas","isPartOf":{"@id":"https:\/\/fuentesfidedignas.com.mx\/#website"},"primaryImageOfPage":{"@id":"https:\/\/fuentesfidedignas.com.mx\/index.php\/2021\/05\/27\/comunidad-lgbt-sufre-discriminacion-en-escuelas-fiscalia\/#primaryimage"},"image":{"@id":"https:\/\/fuentesfidedignas.com.mx\/index.php\/2021\/05\/27\/comunidad-lgbt-sufre-discriminacion-en-escuelas-fiscalia\/#primaryimage"},"thumbnailUrl":"https:\/\/fuentesfidedignas.com.mx\/wp-content\/uploads\/2021\/05\/puebla-aspirantes-plurinominales-indigenas-discapacidad.jpg","datePublished":"2021-05-28T05:54:25+00:00","dateModified":"2021-05-28T05:54:27+00:00","breadcrumb":{"@id":"https:\/\/fuentesfidedignas.com.mx\/index.php\/2021\/05\/27\/comunidad-lgbt-sufre-discriminacion-en-escuelas-fiscalia\/#breadcrumb"},"inLanguage":"es","potentialAction":[{"@type":"ReadAction","target":["https:\/\/fuentesfidedignas.com.mx\/index.php\/2021\/05\/27\/comunidad-lgbt-sufre-discriminacion-en-escuelas-fiscalia\/"]}]},{"@type":"ImageObject","inLanguage":"es","@id":"https:\/\/fuentesfidedignas.com.mx\/index.php\/2021\/05\/27\/comunidad-lgbt-sufre-discriminacion-en-escuelas-fiscalia\/#primaryimage","url":"https:\/\/fuentesfidedignas.com.mx\/wp-content\/uploads\/2021\/05\/puebla-aspirantes-plurinominales-indigenas-discapacidad.jpg","contentUrl":"https:\/\/fuentesfidedignas.com.mx\/wp-content\/uploads\/2021\/05\/puebla-aspirantes-plurinominales-indigenas-discapacidad.jpg","width":936,"height":566},{"@type":"BreadcrumbList","@id":"https:\/\/fuentesfidedignas.com.mx\/index.php\/2021\/05\/27\/comunidad-lgbt-sufre-discriminacion-en-escuelas-fiscalia\/#breadcrumb","itemListElement":[{"@type":"ListItem","position":1,"name":"Inicio","item":"https:\/\/fuentesfidedignas.com.mx\/"},{"@type":"ListItem","position":2,"name":"Comunidad LGBT sufre discriminaci\u00f3n en escuelas: Fiscal\u00eda"}]},{"@type":"WebSite","@id":"https:\/\/fuentesfidedignas.com.mx\/#website","url":"https:\/\/fuentesfidedignas.com.mx\/","name":"Fuentes Fidedignas","description":"Otro sitio realizado con WordPress","publisher":{"@id":"https:\/\/fuentesfidedignas.com.mx\/#organization"},"potentialAction":[{"@type":"SearchAction","target":{"@type":"EntryPoint","urlTemplate":"https:\/\/fuentesfidedignas.com.mx\/?s={search_term_string}"},"query-input":{"@type":"PropertyValueSpecification","valueRequired":true,"valueName":"search_term_string"}}],"inLanguage":"es"},{"@type":"Organization","@id":"https:\/\/fuentesfidedignas.com.mx\/#organization","name":"Fuentes Fidedignas","url":"https:\/\/fuentesfidedignas.com.mx\/","logo":{"@type":"ImageObject","inLanguage":"es","@id":"https:\/\/fuentesfidedignas.com.mx\/#\/schema\/logo\/image\/","url":"https:\/\/fuentesfidedignas.com.mx\/wp-content\/uploads\/2021\/04\/logo-retina.png","contentUrl":"https:\/\/fuentesfidedignas.com.mx\/wp-content\/uploads\/2021\/04\/logo-retina.png","width":280,"height":51,"caption":"Fuentes Fidedignas"},"image":{"@id":"https:\/\/fuentesfidedignas.com.mx\/#\/schema\/logo\/image\/"},"sameAs":["https:\/\/www.facebook.com\/Fuentes-Fidedignas-368234489921644","https:\/\/x.com\/fidedignas"]},{"@type":"Person","@id":"https:\/\/fuentesfidedignas.com.mx\/#\/schema\/person\/47ec0135738f4b0c7495f06a77a2c976","name":"Milenio","image":{"@type":"ImageObject","inLanguage":"es","@id":"https:\/\/secure.gravatar.com\/avatar\/acabf7b54753e51c2c76457954577c236b3b764789b19879565769739d1e4a75?s=96&d=mm&r=g","url":"https:\/\/secure.gravatar.com\/avatar\/acabf7b54753e51c2c76457954577c236b3b764789b19879565769739d1e4a75?s=96&d=mm&r=g","contentUrl":"https:\/\/secure.gravatar.com\/avatar\/acabf7b54753e51c2c76457954577c236b3b764789b19879565769739d1e4a75?s=96&d=mm&r=g","caption":"Milenio"},"url":"https:\/\/fuentesfidedignas.com.mx\/index.php\/author\/milenio\/"}]}},"_links":{"self":[{"href":"https:\/\/fuentesfidedignas.com.mx\/index.php\/wp-json\/wp\/v2\/posts\/3345","targetHints":{"allow":["GET"]}}],"collection":[{"href":"https:\/\/fuentesfidedignas.com.mx\/index.php\/wp-json\/wp\/v2\/posts"}],"about":[{"href":"https:\/\/fuentesfidedignas.com.mx\/index.php\/wp-json\/wp\/v2\/types\/post"}],"author":[{"embeddable":true,"href":"https:\/\/fuentesfidedignas.com.mx\/index.php\/wp-json\/wp\/v2\/users\/9"}],"replies":[{"embeddable":true,"href":"https:\/\/fuentesfidedignas.com.mx\/index.php\/wp-json\/wp\/v2\/comments?post=3345"}],"version-history":[{"count":1,"href":"https:\/\/fuentesfidedignas.com.mx\/index.php\/wp-json\/wp\/v2\/posts\/3345\/revisions"}],"predecessor-version":[{"id":3347,"href":"https:\/\/fuentesfidedignas.com.mx\/index.php\/wp-json\/wp\/v2\/posts\/3345\/revisions\/3347"}],"wp:featuredmedia":[{"embeddable":true,"href":"https:\/\/fuentesfidedignas.com.mx\/index.php\/wp-json\/wp\/v2\/media\/3346"}],"wp:attachment":[{"href":"https:\/\/fuentesfidedignas.com.mx\/index.php\/wp-json\/wp\/v2\/media?parent=3345"}],"wp:term":[{"taxonomy":"category","embeddable":true,"href":"https:\/\/fuentesfidedignas.com.mx\/index.php\/wp-json\/wp\/v2\/categories?post=3345"},{"taxonomy":"post_tag","embeddable":true,"href":"https:\/\/fuentesfidedignas.com.mx\/index.php\/wp-json\/wp\/v2\/tags?post=3345"}],"curies":[{"name":"wp","href":"https:\/\/api.w.org\/{rel}","templated":true}]}}