{"id":33394,"date":"2022-06-04T14:24:24","date_gmt":"2022-06-04T20:24:24","guid":{"rendered":"https:\/\/fuentesfidedignas.com.mx\/?p=33394"},"modified":"2022-06-04T14:25:10","modified_gmt":"2022-06-04T20:25:10","slug":"queremos-agradecer-su-mano-fuerte-que-se-esta-sintiendo-en-todo-el-municipio-le-dicen-a-vargas","status":"publish","type":"post","link":"https:\/\/fuentesfidedignas.com.mx\/index.php\/2022\/06\/04\/queremos-agradecer-su-mano-fuerte-que-se-esta-sintiendo-en-todo-el-municipio-le-dicen-a-vargas\/","title":{"rendered":"\u201cQueremos agradecer su mano fuerte que se est\u00e1 sintiendo en todo el municipio\u201d, le dicen a Vargas"},"content":{"rendered":"\n<p><strong><em>As\u00ed lo expres\u00f3 el comisariado ejidal de la comunidad de Las Grullas Margen Izquierda al Alcalde Gerardo Vargas Landeros, durante la Feria del Bienestar<\/em><\/strong><\/p>\n\n\n\n<p>Ahome, Sin.- El comisariado ejidal de Las Grullas Margen Izquierda, dijo que el Gobierno con esp\u00edritu de trabajo y progreso qu\u00e9 encabeza el Presidente Municipal de Ahome, Gerardo Vargas Landeros ya se nota y se siente en todo el Municipio, en los primeros seis meses de la actual Administraci\u00f3n Ahome 2022-2024.<\/p>\n\n\n\n<p>Tales expresiones fueron secundadas por el S\u00edndico de Ahome, Santiago Ru\u00edz, en su mensaje de bienvenida al Presidente Municipal de, Ahome, los funcionarios y sus equipos de trabajadores que acudieron a Las Grullas para ofrecer a las personas de la comunidad los servicios del Gobierno de Ahome en su propia comunidad.<\/p>\n\n\n\n<p>Como es costumbre en estas Ferias del Bienestar, que este s\u00e1bado alcanz\u00f3 la edici\u00f3n 23, el Alcalde Gerardo Vargas Landeros atendi\u00f3 de manera personal a los ciudadanos que solicitaron acercarse a \u00e9l, y resolvi\u00f3 ah\u00ed mismo las peticiones que pudo de inmediato, y las que no, las comision\u00f3 para su seguimiento a los funcionarios correspondientes.<\/p>\n\n\n\n<figure class=\"wp-block-image size-large\"><img decoding=\"async\" width=\"1599\" height=\"1066\" src=\"https:\/\/fuentesfidedignas.com.mx\/wp-content\/uploads\/2022\/06\/IMG-20220604-WA0007.jpg\" alt=\"\" class=\"wp-image-33397\" srcset=\"https:\/\/fuentesfidedignas.com.mx\/wp-content\/uploads\/2022\/06\/IMG-20220604-WA0007.jpg 1599w, https:\/\/fuentesfidedignas.com.mx\/wp-content\/uploads\/2022\/06\/IMG-20220604-WA0007-300x200.jpg 300w, https:\/\/fuentesfidedignas.com.mx\/wp-content\/uploads\/2022\/06\/IMG-20220604-WA0007-1024x683.jpg 1024w, https:\/\/fuentesfidedignas.com.mx\/wp-content\/uploads\/2022\/06\/IMG-20220604-WA0007-768x512.jpg 768w, https:\/\/fuentesfidedignas.com.mx\/wp-content\/uploads\/2022\/06\/IMG-20220604-WA0007-1536x1024.jpg 1536w\" sizes=\"(max-width: 1599px) 100vw, 1599px\" \/><\/figure>\n\n\n\n<p>&#8220;Y les traigo una muy buena noticia de parte del Gobernador, doctor Rub\u00e9n Rocha Moya, que muy pronto se atender\u00e1 la a\u00f1eja demanda que han venido haciendo respecto al tema del drenaje&#8221;, dijo Vargas Landeros, qui\u00e9n recibi\u00f3 en respuesta aplausos y hurras de los vecinos de Las Grullas.<\/p>\n\n\n\n<p>A nombre de la Secretar\u00eda del Bienestar que dirige Claudia Canto, organizadora del evento, habl\u00f3 el Director del Instituto para la Inclusi\u00f3n y Desarrollo de Personas con Discapacidad IMDIS, Carlos Valenzuela, qui\u00e9n inform\u00f3 a los presentes que este mes de junio se realizar\u00e1 en Ahome el registro de personas con discapacidad para recibir la pensi\u00f3n del bienestar del Gobierno Federal.<\/p>\n\n\n\n<p>El Alcalde de Ahome tambi\u00e9n agradeci\u00f3 al Gobernador de Sinaloa, Rub\u00e9n Rocha Moya, por apoyar esta noble acci\u00f3n de la pensi\u00f3n del bienestar para personas con discapacidad de 0 a 64 a\u00f1os, en donde Sinaloa es la primera entidad del pa\u00eds en atender este programa del Gobierno Federal que encabeza Andr\u00e9s Manuel L\u00f3pez Obrador.<\/p>\n","protected":false},"excerpt":{"rendered":"<p>As\u00ed lo expres\u00f3 el comisariado ejidal de la comunidad de Las Grullas Margen Izquierda al Alcalde Gerardo Vargas Landeros, durante la Feria del Bienestar Ahome, Sin.- El comisariado ejidal de Las Grullas Margen Izquierda, dijo que el Gobierno con esp\u00edritu de trabajo y progreso qu\u00e9 encabeza el Presidente Municipal de Ahome, Gerardo Vargas Landeros ya [&hellip;]<\/p>\n","protected":false},"author":4,"featured_media":33396,"comment_status":"open","ping_status":"open","sticky":false,"template":"","format":"standard","meta":{"tdm_status":"","tdm_grid_status":"","footnotes":""},"categories":[38],"tags":[1715,1654],"class_list":{"0":"post-33394","1":"post","2":"type-post","3":"status-publish","4":"format-standard","5":"has-post-thumbnail","7":"category-noticias-locales","8":"tag-ayuntamiento-de-ahome","9":"tag-gerardo-vargas-landeros"},"yoast_head":"<!-- This site is optimized with the Yoast SEO plugin v27.5 - https:\/\/yoast.com\/product\/yoast-seo-wordpress\/ -->\n<title>\u201cQueremos agradecer su mano fuerte que se est\u00e1 sintiendo en todo el municipio\u201d, le dicen a Vargas - Fuentes Fidedignas<\/title>\n<meta name=\"robots\" content=\"index, follow, max-snippet:-1, max-image-preview:large, max-video-preview:-1\" \/>\n<link rel=\"canonical\" href=\"https:\/\/fuentesfidedignas.com.mx\/index.php\/2022\/06\/04\/queremos-agradecer-su-mano-fuerte-que-se-esta-sintiendo-en-todo-el-municipio-le-dicen-a-vargas\/\" \/>\n<meta property=\"og:locale\" content=\"es_MX\" \/>\n<meta property=\"og:type\" content=\"article\" \/>\n<meta property=\"og:title\" content=\"\u201cQueremos agradecer su mano fuerte que se est\u00e1 sintiendo en todo el municipio\u201d, le dicen a Vargas - Fuentes Fidedignas\" \/>\n<meta property=\"og:description\" content=\"As\u00ed lo expres\u00f3 el comisariado ejidal de la comunidad de Las Grullas Margen Izquierda al Alcalde Gerardo Vargas Landeros, durante la Feria del Bienestar Ahome, Sin.- El comisariado ejidal de Las Grullas Margen Izquierda, dijo que el Gobierno con esp\u00edritu de trabajo y progreso qu\u00e9 encabeza el Presidente Municipal de Ahome, Gerardo Vargas Landeros ya [&hellip;]\" \/>\n<meta property=\"og:url\" content=\"https:\/\/fuentesfidedignas.com.mx\/index.php\/2022\/06\/04\/queremos-agradecer-su-mano-fuerte-que-se-esta-sintiendo-en-todo-el-municipio-le-dicen-a-vargas\/\" \/>\n<meta property=\"og:site_name\" content=\"Fuentes Fidedignas\" \/>\n<meta property=\"article:publisher\" content=\"https:\/\/www.facebook.com\/Fuentes-Fidedignas-368234489921644\" \/>\n<meta property=\"article:published_time\" content=\"2022-06-04T20:24:24+00:00\" \/>\n<meta property=\"article:modified_time\" content=\"2022-06-04T20:25:10+00:00\" \/>\n<meta property=\"og:image\" content=\"https:\/\/fuentesfidedignas.com.mx\/wp-content\/uploads\/2022\/06\/IMG-20220604-WA0006.jpg\" \/>\n\t<meta property=\"og:image:width\" content=\"1599\" \/>\n\t<meta property=\"og:image:height\" content=\"1066\" \/>\n\t<meta property=\"og:image:type\" content=\"image\/jpeg\" \/>\n<meta name=\"author\" content=\"Redacci\u00f3n\" \/>\n<meta name=\"twitter:card\" content=\"summary_large_image\" \/>\n<meta name=\"twitter:creator\" content=\"@fidedignas\" \/>\n<meta name=\"twitter:site\" content=\"@fidedignas\" \/>\n<meta name=\"twitter:label1\" content=\"Escrito por\" \/>\n\t<meta name=\"twitter:data1\" content=\"Redacci\u00f3n\" \/>\n\t<meta name=\"twitter:label2\" content=\"Tiempo de lectura\" \/>\n\t<meta name=\"twitter:data2\" content=\"2 minutos\" \/>\n<script type=\"application\/ld+json\" class=\"yoast-schema-graph\">{\"@context\":\"https:\\\/\\\/schema.org\",\"@graph\":[{\"@type\":\"Article\",\"@id\":\"https:\\\/\\\/fuentesfidedignas.com.mx\\\/index.php\\\/2022\\\/06\\\/04\\\/queremos-agradecer-su-mano-fuerte-que-se-esta-sintiendo-en-todo-el-municipio-le-dicen-a-vargas\\\/#article\",\"isPartOf\":{\"@id\":\"https:\\\/\\\/fuentesfidedignas.com.mx\\\/index.php\\\/2022\\\/06\\\/04\\\/queremos-agradecer-su-mano-fuerte-que-se-esta-sintiendo-en-todo-el-municipio-le-dicen-a-vargas\\\/\"},\"author\":{\"name\":\"Redacci\u00f3n\",\"@id\":\"https:\\\/\\\/fuentesfidedignas.com.mx\\\/#\\\/schema\\\/person\\\/331be9283d37198e2acd5750279085b0\"},\"headline\":\"\u201cQueremos agradecer su mano fuerte que se est\u00e1 sintiendo en todo el municipio\u201d, le dicen a Vargas\",\"datePublished\":\"2022-06-04T20:24:24+00:00\",\"dateModified\":\"2022-06-04T20:25:10+00:00\",\"mainEntityOfPage\":{\"@id\":\"https:\\\/\\\/fuentesfidedignas.com.mx\\\/index.php\\\/2022\\\/06\\\/04\\\/queremos-agradecer-su-mano-fuerte-que-se-esta-sintiendo-en-todo-el-municipio-le-dicen-a-vargas\\\/\"},\"wordCount\":379,\"commentCount\":0,\"publisher\":{\"@id\":\"https:\\\/\\\/fuentesfidedignas.com.mx\\\/#organization\"},\"image\":{\"@id\":\"https:\\\/\\\/fuentesfidedignas.com.mx\\\/index.php\\\/2022\\\/06\\\/04\\\/queremos-agradecer-su-mano-fuerte-que-se-esta-sintiendo-en-todo-el-municipio-le-dicen-a-vargas\\\/#primaryimage\"},\"thumbnailUrl\":\"https:\\\/\\\/fuentesfidedignas.com.mx\\\/wp-content\\\/uploads\\\/2022\\\/06\\\/IMG-20220604-WA0006.jpg\",\"keywords\":[\"Ayuntamiento de Ahome\",\"Gerardo Vargas Landeros\"],\"articleSection\":[\"NOTICIAS LOCALES\"],\"inLanguage\":\"es\",\"potentialAction\":[{\"@type\":\"CommentAction\",\"name\":\"Comment\",\"target\":[\"https:\\\/\\\/fuentesfidedignas.com.mx\\\/index.php\\\/2022\\\/06\\\/04\\\/queremos-agradecer-su-mano-fuerte-que-se-esta-sintiendo-en-todo-el-municipio-le-dicen-a-vargas\\\/#respond\"]}]},{\"@type\":\"WebPage\",\"@id\":\"https:\\\/\\\/fuentesfidedignas.com.mx\\\/index.php\\\/2022\\\/06\\\/04\\\/queremos-agradecer-su-mano-fuerte-que-se-esta-sintiendo-en-todo-el-municipio-le-dicen-a-vargas\\\/\",\"url\":\"https:\\\/\\\/fuentesfidedignas.com.mx\\\/index.php\\\/2022\\\/06\\\/04\\\/queremos-agradecer-su-mano-fuerte-que-se-esta-sintiendo-en-todo-el-municipio-le-dicen-a-vargas\\\/\",\"name\":\"\u201cQueremos agradecer su mano fuerte que se est\u00e1 sintiendo en todo el municipio\u201d, le dicen a Vargas - Fuentes Fidedignas\",\"isPartOf\":{\"@id\":\"https:\\\/\\\/fuentesfidedignas.com.mx\\\/#website\"},\"primaryImageOfPage\":{\"@id\":\"https:\\\/\\\/fuentesfidedignas.com.mx\\\/index.php\\\/2022\\\/06\\\/04\\\/queremos-agradecer-su-mano-fuerte-que-se-esta-sintiendo-en-todo-el-municipio-le-dicen-a-vargas\\\/#primaryimage\"},\"image\":{\"@id\":\"https:\\\/\\\/fuentesfidedignas.com.mx\\\/index.php\\\/2022\\\/06\\\/04\\\/queremos-agradecer-su-mano-fuerte-que-se-esta-sintiendo-en-todo-el-municipio-le-dicen-a-vargas\\\/#primaryimage\"},\"thumbnailUrl\":\"https:\\\/\\\/fuentesfidedignas.com.mx\\\/wp-content\\\/uploads\\\/2022\\\/06\\\/IMG-20220604-WA0006.jpg\",\"datePublished\":\"2022-06-04T20:24:24+00:00\",\"dateModified\":\"2022-06-04T20:25:10+00:00\",\"breadcrumb\":{\"@id\":\"https:\\\/\\\/fuentesfidedignas.com.mx\\\/index.php\\\/2022\\\/06\\\/04\\\/queremos-agradecer-su-mano-fuerte-que-se-esta-sintiendo-en-todo-el-municipio-le-dicen-a-vargas\\\/#breadcrumb\"},\"inLanguage\":\"es\",\"potentialAction\":[{\"@type\":\"ReadAction\",\"target\":[\"https:\\\/\\\/fuentesfidedignas.com.mx\\\/index.php\\\/2022\\\/06\\\/04\\\/queremos-agradecer-su-mano-fuerte-que-se-esta-sintiendo-en-todo-el-municipio-le-dicen-a-vargas\\\/\"]}]},{\"@type\":\"ImageObject\",\"inLanguage\":\"es\",\"@id\":\"https:\\\/\\\/fuentesfidedignas.com.mx\\\/index.php\\\/2022\\\/06\\\/04\\\/queremos-agradecer-su-mano-fuerte-que-se-esta-sintiendo-en-todo-el-municipio-le-dicen-a-vargas\\\/#primaryimage\",\"url\":\"https:\\\/\\\/fuentesfidedignas.com.mx\\\/wp-content\\\/uploads\\\/2022\\\/06\\\/IMG-20220604-WA0006.jpg\",\"contentUrl\":\"https:\\\/\\\/fuentesfidedignas.com.mx\\\/wp-content\\\/uploads\\\/2022\\\/06\\\/IMG-20220604-WA0006.jpg\",\"width\":1599,\"height\":1066},{\"@type\":\"BreadcrumbList\",\"@id\":\"https:\\\/\\\/fuentesfidedignas.com.mx\\\/index.php\\\/2022\\\/06\\\/04\\\/queremos-agradecer-su-mano-fuerte-que-se-esta-sintiendo-en-todo-el-municipio-le-dicen-a-vargas\\\/#breadcrumb\",\"itemListElement\":[{\"@type\":\"ListItem\",\"position\":1,\"name\":\"Inicio\",\"item\":\"https:\\\/\\\/fuentesfidedignas.com.mx\\\/\"},{\"@type\":\"ListItem\",\"position\":2,\"name\":\"\u201cQueremos agradecer su mano fuerte que se est\u00e1 sintiendo en todo el municipio\u201d, le dicen a Vargas\"}]},{\"@type\":\"WebSite\",\"@id\":\"https:\\\/\\\/fuentesfidedignas.com.mx\\\/#website\",\"url\":\"https:\\\/\\\/fuentesfidedignas.com.mx\\\/\",\"name\":\"Fuentes Fidedignas\",\"description\":\"Otro sitio realizado con WordPress\",\"publisher\":{\"@id\":\"https:\\\/\\\/fuentesfidedignas.com.mx\\\/#organization\"},\"potentialAction\":[{\"@type\":\"SearchAction\",\"target\":{\"@type\":\"EntryPoint\",\"urlTemplate\":\"https:\\\/\\\/fuentesfidedignas.com.mx\\\/?s={search_term_string}\"},\"query-input\":{\"@type\":\"PropertyValueSpecification\",\"valueRequired\":true,\"valueName\":\"search_term_string\"}}],\"inLanguage\":\"es\"},{\"@type\":\"Organization\",\"@id\":\"https:\\\/\\\/fuentesfidedignas.com.mx\\\/#organization\",\"name\":\"Fuentes Fidedignas\",\"url\":\"https:\\\/\\\/fuentesfidedignas.com.mx\\\/\",\"logo\":{\"@type\":\"ImageObject\",\"inLanguage\":\"es\",\"@id\":\"https:\\\/\\\/fuentesfidedignas.com.mx\\\/#\\\/schema\\\/logo\\\/image\\\/\",\"url\":\"https:\\\/\\\/fuentesfidedignas.com.mx\\\/wp-content\\\/uploads\\\/2021\\\/04\\\/logo-retina.png\",\"contentUrl\":\"https:\\\/\\\/fuentesfidedignas.com.mx\\\/wp-content\\\/uploads\\\/2021\\\/04\\\/logo-retina.png\",\"width\":280,\"height\":51,\"caption\":\"Fuentes Fidedignas\"},\"image\":{\"@id\":\"https:\\\/\\\/fuentesfidedignas.com.mx\\\/#\\\/schema\\\/logo\\\/image\\\/\"},\"sameAs\":[\"https:\\\/\\\/www.facebook.com\\\/Fuentes-Fidedignas-368234489921644\",\"https:\\\/\\\/x.com\\\/fidedignas\"]},{\"@type\":\"Person\",\"@id\":\"https:\\\/\\\/fuentesfidedignas.com.mx\\\/#\\\/schema\\\/person\\\/331be9283d37198e2acd5750279085b0\",\"name\":\"Redacci\u00f3n\",\"image\":{\"@type\":\"ImageObject\",\"inLanguage\":\"es\",\"@id\":\"https:\\\/\\\/secure.gravatar.com\\\/avatar\\\/f6d8782c11d12b2d4ad3fbb6931aeab5309937a4d6cd2fc9cfaa28a6396a5aec?s=96&d=mm&r=g\",\"url\":\"https:\\\/\\\/secure.gravatar.com\\\/avatar\\\/f6d8782c11d12b2d4ad3fbb6931aeab5309937a4d6cd2fc9cfaa28a6396a5aec?s=96&d=mm&r=g\",\"contentUrl\":\"https:\\\/\\\/secure.gravatar.com\\\/avatar\\\/f6d8782c11d12b2d4ad3fbb6931aeab5309937a4d6cd2fc9cfaa28a6396a5aec?s=96&d=mm&r=g\",\"caption\":\"Redacci\u00f3n\"},\"url\":\"https:\\\/\\\/fuentesfidedignas.com.mx\\\/index.php\\\/author\\\/redaccion\\\/\"}]}<\/script>\n<!-- \/ Yoast SEO plugin. -->","yoast_head_json":{"title":"\u201cQueremos agradecer su mano fuerte que se est\u00e1 sintiendo en todo el municipio\u201d, le dicen a Vargas - Fuentes Fidedignas","robots":{"index":"index","follow":"follow","max-snippet":"max-snippet:-1","max-image-preview":"max-image-preview:large","max-video-preview":"max-video-preview:-1"},"canonical":"https:\/\/fuentesfidedignas.com.mx\/index.php\/2022\/06\/04\/queremos-agradecer-su-mano-fuerte-que-se-esta-sintiendo-en-todo-el-municipio-le-dicen-a-vargas\/","og_locale":"es_MX","og_type":"article","og_title":"\u201cQueremos agradecer su mano fuerte que se est\u00e1 sintiendo en todo el municipio\u201d, le dicen a Vargas - Fuentes Fidedignas","og_description":"As\u00ed lo expres\u00f3 el comisariado ejidal de la comunidad de Las Grullas Margen Izquierda al Alcalde Gerardo Vargas Landeros, durante la Feria del Bienestar Ahome, Sin.- El comisariado ejidal de Las Grullas Margen Izquierda, dijo que el Gobierno con esp\u00edritu de trabajo y progreso qu\u00e9 encabeza el Presidente Municipal de Ahome, Gerardo Vargas Landeros ya [&hellip;]","og_url":"https:\/\/fuentesfidedignas.com.mx\/index.php\/2022\/06\/04\/queremos-agradecer-su-mano-fuerte-que-se-esta-sintiendo-en-todo-el-municipio-le-dicen-a-vargas\/","og_site_name":"Fuentes Fidedignas","article_publisher":"https:\/\/www.facebook.com\/Fuentes-Fidedignas-368234489921644","article_published_time":"2022-06-04T20:24:24+00:00","article_modified_time":"2022-06-04T20:25:10+00:00","og_image":[{"width":1599,"height":1066,"url":"https:\/\/fuentesfidedignas.com.mx\/wp-content\/uploads\/2022\/06\/IMG-20220604-WA0006.jpg","type":"image\/jpeg"}],"author":"Redacci\u00f3n","twitter_card":"summary_large_image","twitter_creator":"@fidedignas","twitter_site":"@fidedignas","twitter_misc":{"Escrito por":"Redacci\u00f3n","Tiempo de lectura":"2 minutos"},"schema":{"@context":"https:\/\/schema.org","@graph":[{"@type":"Article","@id":"https:\/\/fuentesfidedignas.com.mx\/index.php\/2022\/06\/04\/queremos-agradecer-su-mano-fuerte-que-se-esta-sintiendo-en-todo-el-municipio-le-dicen-a-vargas\/#article","isPartOf":{"@id":"https:\/\/fuentesfidedignas.com.mx\/index.php\/2022\/06\/04\/queremos-agradecer-su-mano-fuerte-que-se-esta-sintiendo-en-todo-el-municipio-le-dicen-a-vargas\/"},"author":{"name":"Redacci\u00f3n","@id":"https:\/\/fuentesfidedignas.com.mx\/#\/schema\/person\/331be9283d37198e2acd5750279085b0"},"headline":"\u201cQueremos agradecer su mano fuerte que se est\u00e1 sintiendo en todo el municipio\u201d, le dicen a Vargas","datePublished":"2022-06-04T20:24:24+00:00","dateModified":"2022-06-04T20:25:10+00:00","mainEntityOfPage":{"@id":"https:\/\/fuentesfidedignas.com.mx\/index.php\/2022\/06\/04\/queremos-agradecer-su-mano-fuerte-que-se-esta-sintiendo-en-todo-el-municipio-le-dicen-a-vargas\/"},"wordCount":379,"commentCount":0,"publisher":{"@id":"https:\/\/fuentesfidedignas.com.mx\/#organization"},"image":{"@id":"https:\/\/fuentesfidedignas.com.mx\/index.php\/2022\/06\/04\/queremos-agradecer-su-mano-fuerte-que-se-esta-sintiendo-en-todo-el-municipio-le-dicen-a-vargas\/#primaryimage"},"thumbnailUrl":"https:\/\/fuentesfidedignas.com.mx\/wp-content\/uploads\/2022\/06\/IMG-20220604-WA0006.jpg","keywords":["Ayuntamiento de Ahome","Gerardo Vargas Landeros"],"articleSection":["NOTICIAS LOCALES"],"inLanguage":"es","potentialAction":[{"@type":"CommentAction","name":"Comment","target":["https:\/\/fuentesfidedignas.com.mx\/index.php\/2022\/06\/04\/queremos-agradecer-su-mano-fuerte-que-se-esta-sintiendo-en-todo-el-municipio-le-dicen-a-vargas\/#respond"]}]},{"@type":"WebPage","@id":"https:\/\/fuentesfidedignas.com.mx\/index.php\/2022\/06\/04\/queremos-agradecer-su-mano-fuerte-que-se-esta-sintiendo-en-todo-el-municipio-le-dicen-a-vargas\/","url":"https:\/\/fuentesfidedignas.com.mx\/index.php\/2022\/06\/04\/queremos-agradecer-su-mano-fuerte-que-se-esta-sintiendo-en-todo-el-municipio-le-dicen-a-vargas\/","name":"\u201cQueremos agradecer su mano fuerte que se est\u00e1 sintiendo en todo el municipio\u201d, le dicen a Vargas - Fuentes Fidedignas","isPartOf":{"@id":"https:\/\/fuentesfidedignas.com.mx\/#website"},"primaryImageOfPage":{"@id":"https:\/\/fuentesfidedignas.com.mx\/index.php\/2022\/06\/04\/queremos-agradecer-su-mano-fuerte-que-se-esta-sintiendo-en-todo-el-municipio-le-dicen-a-vargas\/#primaryimage"},"image":{"@id":"https:\/\/fuentesfidedignas.com.mx\/index.php\/2022\/06\/04\/queremos-agradecer-su-mano-fuerte-que-se-esta-sintiendo-en-todo-el-municipio-le-dicen-a-vargas\/#primaryimage"},"thumbnailUrl":"https:\/\/fuentesfidedignas.com.mx\/wp-content\/uploads\/2022\/06\/IMG-20220604-WA0006.jpg","datePublished":"2022-06-04T20:24:24+00:00","dateModified":"2022-06-04T20:25:10+00:00","breadcrumb":{"@id":"https:\/\/fuentesfidedignas.com.mx\/index.php\/2022\/06\/04\/queremos-agradecer-su-mano-fuerte-que-se-esta-sintiendo-en-todo-el-municipio-le-dicen-a-vargas\/#breadcrumb"},"inLanguage":"es","potentialAction":[{"@type":"ReadAction","target":["https:\/\/fuentesfidedignas.com.mx\/index.php\/2022\/06\/04\/queremos-agradecer-su-mano-fuerte-que-se-esta-sintiendo-en-todo-el-municipio-le-dicen-a-vargas\/"]}]},{"@type":"ImageObject","inLanguage":"es","@id":"https:\/\/fuentesfidedignas.com.mx\/index.php\/2022\/06\/04\/queremos-agradecer-su-mano-fuerte-que-se-esta-sintiendo-en-todo-el-municipio-le-dicen-a-vargas\/#primaryimage","url":"https:\/\/fuentesfidedignas.com.mx\/wp-content\/uploads\/2022\/06\/IMG-20220604-WA0006.jpg","contentUrl":"https:\/\/fuentesfidedignas.com.mx\/wp-content\/uploads\/2022\/06\/IMG-20220604-WA0006.jpg","width":1599,"height":1066},{"@type":"BreadcrumbList","@id":"https:\/\/fuentesfidedignas.com.mx\/index.php\/2022\/06\/04\/queremos-agradecer-su-mano-fuerte-que-se-esta-sintiendo-en-todo-el-municipio-le-dicen-a-vargas\/#breadcrumb","itemListElement":[{"@type":"ListItem","position":1,"name":"Inicio","item":"https:\/\/fuentesfidedignas.com.mx\/"},{"@type":"ListItem","position":2,"name":"\u201cQueremos agradecer su mano fuerte que se est\u00e1 sintiendo en todo el municipio\u201d, le dicen a Vargas"}]},{"@type":"WebSite","@id":"https:\/\/fuentesfidedignas.com.mx\/#website","url":"https:\/\/fuentesfidedignas.com.mx\/","name":"Fuentes Fidedignas","description":"Otro sitio realizado con WordPress","publisher":{"@id":"https:\/\/fuentesfidedignas.com.mx\/#organization"},"potentialAction":[{"@type":"SearchAction","target":{"@type":"EntryPoint","urlTemplate":"https:\/\/fuentesfidedignas.com.mx\/?s={search_term_string}"},"query-input":{"@type":"PropertyValueSpecification","valueRequired":true,"valueName":"search_term_string"}}],"inLanguage":"es"},{"@type":"Organization","@id":"https:\/\/fuentesfidedignas.com.mx\/#organization","name":"Fuentes Fidedignas","url":"https:\/\/fuentesfidedignas.com.mx\/","logo":{"@type":"ImageObject","inLanguage":"es","@id":"https:\/\/fuentesfidedignas.com.mx\/#\/schema\/logo\/image\/","url":"https:\/\/fuentesfidedignas.com.mx\/wp-content\/uploads\/2021\/04\/logo-retina.png","contentUrl":"https:\/\/fuentesfidedignas.com.mx\/wp-content\/uploads\/2021\/04\/logo-retina.png","width":280,"height":51,"caption":"Fuentes Fidedignas"},"image":{"@id":"https:\/\/fuentesfidedignas.com.mx\/#\/schema\/logo\/image\/"},"sameAs":["https:\/\/www.facebook.com\/Fuentes-Fidedignas-368234489921644","https:\/\/x.com\/fidedignas"]},{"@type":"Person","@id":"https:\/\/fuentesfidedignas.com.mx\/#\/schema\/person\/331be9283d37198e2acd5750279085b0","name":"Redacci\u00f3n","image":{"@type":"ImageObject","inLanguage":"es","@id":"https:\/\/secure.gravatar.com\/avatar\/f6d8782c11d12b2d4ad3fbb6931aeab5309937a4d6cd2fc9cfaa28a6396a5aec?s=96&d=mm&r=g","url":"https:\/\/secure.gravatar.com\/avatar\/f6d8782c11d12b2d4ad3fbb6931aeab5309937a4d6cd2fc9cfaa28a6396a5aec?s=96&d=mm&r=g","contentUrl":"https:\/\/secure.gravatar.com\/avatar\/f6d8782c11d12b2d4ad3fbb6931aeab5309937a4d6cd2fc9cfaa28a6396a5aec?s=96&d=mm&r=g","caption":"Redacci\u00f3n"},"url":"https:\/\/fuentesfidedignas.com.mx\/index.php\/author\/redaccion\/"}]}},"_links":{"self":[{"href":"https:\/\/fuentesfidedignas.com.mx\/index.php\/wp-json\/wp\/v2\/posts\/33394","targetHints":{"allow":["GET"]}}],"collection":[{"href":"https:\/\/fuentesfidedignas.com.mx\/index.php\/wp-json\/wp\/v2\/posts"}],"about":[{"href":"https:\/\/fuentesfidedignas.com.mx\/index.php\/wp-json\/wp\/v2\/types\/post"}],"author":[{"embeddable":true,"href":"https:\/\/fuentesfidedignas.com.mx\/index.php\/wp-json\/wp\/v2\/users\/4"}],"replies":[{"embeddable":true,"href":"https:\/\/fuentesfidedignas.com.mx\/index.php\/wp-json\/wp\/v2\/comments?post=33394"}],"version-history":[{"count":2,"href":"https:\/\/fuentesfidedignas.com.mx\/index.php\/wp-json\/wp\/v2\/posts\/33394\/revisions"}],"predecessor-version":[{"id":33398,"href":"https:\/\/fuentesfidedignas.com.mx\/index.php\/wp-json\/wp\/v2\/posts\/33394\/revisions\/33398"}],"wp:featuredmedia":[{"embeddable":true,"href":"https:\/\/fuentesfidedignas.com.mx\/index.php\/wp-json\/wp\/v2\/media\/33396"}],"wp:attachment":[{"href":"https:\/\/fuentesfidedignas.com.mx\/index.php\/wp-json\/wp\/v2\/media?parent=33394"}],"wp:term":[{"taxonomy":"category","embeddable":true,"href":"https:\/\/fuentesfidedignas.com.mx\/index.php\/wp-json\/wp\/v2\/categories?post=33394"},{"taxonomy":"post_tag","embeddable":true,"href":"https:\/\/fuentesfidedignas.com.mx\/index.php\/wp-json\/wp\/v2\/tags?post=33394"}],"curies":[{"name":"wp","href":"https:\/\/api.w.org\/{rel}","templated":true}]}}