{"id":33382,"date":"2022-06-04T09:52:23","date_gmt":"2022-06-04T15:52:23","guid":{"rendered":"https:\/\/fuentesfidedignas.com.mx\/?p=33382"},"modified":"2022-06-04T09:52:51","modified_gmt":"2022-06-04T15:52:51","slug":"a-partir-del-lunes-se-aplicaran-nuevas-medidas-en-escuelas-ante-repunte-de-covid-19","status":"publish","type":"post","link":"https:\/\/fuentesfidedignas.com.mx\/index.php\/2022\/06\/04\/a-partir-del-lunes-se-aplicaran-nuevas-medidas-en-escuelas-ante-repunte-de-covid-19\/","title":{"rendered":"A partir del lunes se aplicar\u00e1n nuevas medidas en escuelas ante repunte de Covid-19"},"content":{"rendered":"\n<p><strong><em>SEPyC mantiene protocolos sanitarios ante repunte de casos de COVID-19<\/em><\/strong><\/p>\n\n\n\n<p><em>Culiac\u00e1n, Sin.<\/em> Con la finalidad de evitar un incremento en el n\u00famero de casos de COVID-19 al interior de las escuelas, se mantienen los filtros sanitarios en los planteles educativos del estado de Sinaloa.<\/p>\n\n\n\n<p>La secretaria de Educaci\u00f3n P\u00fablica y Cultura, Graciela Dom\u00ednguez Nava inform\u00f3 que es primordial que adem\u00e1s de los protocolos que se aplican por parte de directivos y docentes desde el sector educativo, las madres, padres de familia y tutores funjan como el primer filtro, por lo que, al detectar s\u00edntomas como escurrimiento nasal, tos, fiebre o gripe, se les exhorta a evitar enviar a sus hijas e hijos a la escuela.<\/p>\n\n\n\n<p>\u201cVamos a reforzar la supervisi\u00f3n y tambi\u00e9n las medidas preventivas, pidiendo que en cada una de las escuelas se refuerce, se mantengan los filtros, el uso del cubrebocas al interior de los grupos, el lavado de manos, porque creo que la clave sigue siendo esa parte\u201d, puntualiz\u00f3.<\/p>\n\n\n\n<p>Dom\u00ednguez Nava explic\u00f3 que la aplicaci\u00f3n de gel alcoholado, el lavado constante de manos, as\u00ed como la utilizaci\u00f3n correcta de cubrebocas en espacios cerrados forma parte de una cultura de autocuidado y que puede evitar la propagaci\u00f3n del virus SARS-COV 2, el cual causa el COVID.<\/p>\n\n\n\n<p>Asimismo, a partir del pr\u00f3ximo lunes 06 de junio, se aplicar\u00e1 un nuevo criterio para los centros escolares, a fin de privilegiar las actividades presenciales en los planteles que cuentan con condiciones para ello.<\/p>\n\n\n\n<p>Dicho criterio, plantea que al presentarse un caso positivo (comprobado por medio de una prueba de laboratorio), se cerrar\u00e1 el aula por un periodo de 10 d\u00edas naturales y se proceder\u00e1 a limpiar y desinfectar el sal\u00f3n de clases.<\/p>\n\n\n\n<p>Por otra parte, al registrarse 1 caso por aula en el 50 por ciento de los salones de clases de la escuela, el plantel deber\u00e1 de ser cerrado por un periodo de 10 d\u00edas naturales, realizar las desinfecciones correspondientes y en ambos casos, notificar a la autoridad.<\/p>\n","protected":false},"excerpt":{"rendered":"<p>SEPyC mantiene protocolos sanitarios ante repunte de casos de COVID-19 Culiac\u00e1n, Sin. Con la finalidad de evitar un incremento en el n\u00famero de casos de COVID-19 al interior de las escuelas, se mantienen los filtros sanitarios en los planteles educativos del estado de Sinaloa. La secretaria de Educaci\u00f3n P\u00fablica y Cultura, Graciela Dom\u00ednguez Nava inform\u00f3 [&hellip;]<\/p>\n","protected":false},"author":4,"featured_media":33384,"comment_status":"open","ping_status":"open","sticky":false,"template":"","format":"standard","meta":{"tdm_status":"","tdm_grid_status":"","footnotes":""},"categories":[37],"tags":[59,416,766,407],"class_list":{"0":"post-33382","1":"post","2":"type-post","3":"status-publish","4":"format-standard","5":"has-post-thumbnail","7":"category-nota-principal","8":"tag-covid-19","9":"tag-sars-cov-2","10":"tag-secretaria-de-educacion-publica-y-cultura","11":"tag-vacuna-anticovid"},"yoast_head":"<!-- This site is optimized with the Yoast SEO plugin v27.4 - https:\/\/yoast.com\/product\/yoast-seo-wordpress\/ -->\n<title>A partir del lunes se aplicar\u00e1n nuevas medidas en escuelas ante repunte de Covid-19 - Fuentes Fidedignas<\/title>\n<meta name=\"robots\" content=\"index, follow, max-snippet:-1, max-image-preview:large, max-video-preview:-1\" \/>\n<link rel=\"canonical\" href=\"https:\/\/fuentesfidedignas.com.mx\/index.php\/2022\/06\/04\/a-partir-del-lunes-se-aplicaran-nuevas-medidas-en-escuelas-ante-repunte-de-covid-19\/\" \/>\n<meta property=\"og:locale\" content=\"es_MX\" \/>\n<meta property=\"og:type\" content=\"article\" \/>\n<meta property=\"og:title\" content=\"A partir del lunes se aplicar\u00e1n nuevas medidas en escuelas ante repunte de Covid-19 - Fuentes Fidedignas\" \/>\n<meta property=\"og:description\" content=\"SEPyC mantiene protocolos sanitarios ante repunte de casos de COVID-19 Culiac\u00e1n, Sin. Con la finalidad de evitar un incremento en el n\u00famero de casos de COVID-19 al interior de las escuelas, se mantienen los filtros sanitarios en los planteles educativos del estado de Sinaloa. La secretaria de Educaci\u00f3n P\u00fablica y Cultura, Graciela Dom\u00ednguez Nava inform\u00f3 [&hellip;]\" \/>\n<meta property=\"og:url\" content=\"https:\/\/fuentesfidedignas.com.mx\/index.php\/2022\/06\/04\/a-partir-del-lunes-se-aplicaran-nuevas-medidas-en-escuelas-ante-repunte-de-covid-19\/\" \/>\n<meta property=\"og:site_name\" content=\"Fuentes Fidedignas\" \/>\n<meta property=\"article:publisher\" content=\"https:\/\/www.facebook.com\/Fuentes-Fidedignas-368234489921644\" \/>\n<meta property=\"article:published_time\" content=\"2022-06-04T15:52:23+00:00\" \/>\n<meta property=\"article:modified_time\" content=\"2022-06-04T15:52:51+00:00\" \/>\n<meta property=\"og:image\" content=\"https:\/\/fuentesfidedignas.com.mx\/wp-content\/uploads\/2022\/06\/IMG-20220604-WA0002.jpg\" \/>\n\t<meta property=\"og:image:width\" content=\"1280\" \/>\n\t<meta property=\"og:image:height\" content=\"853\" \/>\n\t<meta property=\"og:image:type\" content=\"image\/jpeg\" \/>\n<meta name=\"author\" content=\"Redacci\u00f3n\" \/>\n<meta name=\"twitter:card\" content=\"summary_large_image\" \/>\n<meta name=\"twitter:creator\" content=\"@fidedignas\" \/>\n<meta name=\"twitter:site\" content=\"@fidedignas\" \/>\n<meta name=\"twitter:label1\" content=\"Escrito por\" \/>\n\t<meta name=\"twitter:data1\" content=\"Redacci\u00f3n\" \/>\n\t<meta name=\"twitter:label2\" content=\"Tiempo de lectura\" \/>\n\t<meta name=\"twitter:data2\" content=\"2 minutos\" \/>\n<script type=\"application\/ld+json\" class=\"yoast-schema-graph\">{\"@context\":\"https:\\\/\\\/schema.org\",\"@graph\":[{\"@type\":\"Article\",\"@id\":\"https:\\\/\\\/fuentesfidedignas.com.mx\\\/index.php\\\/2022\\\/06\\\/04\\\/a-partir-del-lunes-se-aplicaran-nuevas-medidas-en-escuelas-ante-repunte-de-covid-19\\\/#article\",\"isPartOf\":{\"@id\":\"https:\\\/\\\/fuentesfidedignas.com.mx\\\/index.php\\\/2022\\\/06\\\/04\\\/a-partir-del-lunes-se-aplicaran-nuevas-medidas-en-escuelas-ante-repunte-de-covid-19\\\/\"},\"author\":{\"name\":\"Redacci\u00f3n\",\"@id\":\"https:\\\/\\\/fuentesfidedignas.com.mx\\\/#\\\/schema\\\/person\\\/331be9283d37198e2acd5750279085b0\"},\"headline\":\"A partir del lunes se aplicar\u00e1n nuevas medidas en escuelas ante repunte de Covid-19\",\"datePublished\":\"2022-06-04T15:52:23+00:00\",\"dateModified\":\"2022-06-04T15:52:51+00:00\",\"mainEntityOfPage\":{\"@id\":\"https:\\\/\\\/fuentesfidedignas.com.mx\\\/index.php\\\/2022\\\/06\\\/04\\\/a-partir-del-lunes-se-aplicaran-nuevas-medidas-en-escuelas-ante-repunte-de-covid-19\\\/\"},\"wordCount\":354,\"commentCount\":0,\"publisher\":{\"@id\":\"https:\\\/\\\/fuentesfidedignas.com.mx\\\/#organization\"},\"image\":{\"@id\":\"https:\\\/\\\/fuentesfidedignas.com.mx\\\/index.php\\\/2022\\\/06\\\/04\\\/a-partir-del-lunes-se-aplicaran-nuevas-medidas-en-escuelas-ante-repunte-de-covid-19\\\/#primaryimage\"},\"thumbnailUrl\":\"https:\\\/\\\/fuentesfidedignas.com.mx\\\/wp-content\\\/uploads\\\/2022\\\/06\\\/IMG-20220604-WA0002.jpg\",\"keywords\":[\"Covid-19\",\"SARS-CoV-2\",\"Secretar\u00eda de Educaci\u00f3n P\u00fablica y Cultura\",\"Vacuna anticovid\"],\"articleSection\":[\"NOTA PRINCIPAL\"],\"inLanguage\":\"es\",\"potentialAction\":[{\"@type\":\"CommentAction\",\"name\":\"Comment\",\"target\":[\"https:\\\/\\\/fuentesfidedignas.com.mx\\\/index.php\\\/2022\\\/06\\\/04\\\/a-partir-del-lunes-se-aplicaran-nuevas-medidas-en-escuelas-ante-repunte-de-covid-19\\\/#respond\"]}]},{\"@type\":\"WebPage\",\"@id\":\"https:\\\/\\\/fuentesfidedignas.com.mx\\\/index.php\\\/2022\\\/06\\\/04\\\/a-partir-del-lunes-se-aplicaran-nuevas-medidas-en-escuelas-ante-repunte-de-covid-19\\\/\",\"url\":\"https:\\\/\\\/fuentesfidedignas.com.mx\\\/index.php\\\/2022\\\/06\\\/04\\\/a-partir-del-lunes-se-aplicaran-nuevas-medidas-en-escuelas-ante-repunte-de-covid-19\\\/\",\"name\":\"A partir del lunes se aplicar\u00e1n nuevas medidas en escuelas ante repunte de Covid-19 - Fuentes Fidedignas\",\"isPartOf\":{\"@id\":\"https:\\\/\\\/fuentesfidedignas.com.mx\\\/#website\"},\"primaryImageOfPage\":{\"@id\":\"https:\\\/\\\/fuentesfidedignas.com.mx\\\/index.php\\\/2022\\\/06\\\/04\\\/a-partir-del-lunes-se-aplicaran-nuevas-medidas-en-escuelas-ante-repunte-de-covid-19\\\/#primaryimage\"},\"image\":{\"@id\":\"https:\\\/\\\/fuentesfidedignas.com.mx\\\/index.php\\\/2022\\\/06\\\/04\\\/a-partir-del-lunes-se-aplicaran-nuevas-medidas-en-escuelas-ante-repunte-de-covid-19\\\/#primaryimage\"},\"thumbnailUrl\":\"https:\\\/\\\/fuentesfidedignas.com.mx\\\/wp-content\\\/uploads\\\/2022\\\/06\\\/IMG-20220604-WA0002.jpg\",\"datePublished\":\"2022-06-04T15:52:23+00:00\",\"dateModified\":\"2022-06-04T15:52:51+00:00\",\"breadcrumb\":{\"@id\":\"https:\\\/\\\/fuentesfidedignas.com.mx\\\/index.php\\\/2022\\\/06\\\/04\\\/a-partir-del-lunes-se-aplicaran-nuevas-medidas-en-escuelas-ante-repunte-de-covid-19\\\/#breadcrumb\"},\"inLanguage\":\"es\",\"potentialAction\":[{\"@type\":\"ReadAction\",\"target\":[\"https:\\\/\\\/fuentesfidedignas.com.mx\\\/index.php\\\/2022\\\/06\\\/04\\\/a-partir-del-lunes-se-aplicaran-nuevas-medidas-en-escuelas-ante-repunte-de-covid-19\\\/\"]}]},{\"@type\":\"ImageObject\",\"inLanguage\":\"es\",\"@id\":\"https:\\\/\\\/fuentesfidedignas.com.mx\\\/index.php\\\/2022\\\/06\\\/04\\\/a-partir-del-lunes-se-aplicaran-nuevas-medidas-en-escuelas-ante-repunte-de-covid-19\\\/#primaryimage\",\"url\":\"https:\\\/\\\/fuentesfidedignas.com.mx\\\/wp-content\\\/uploads\\\/2022\\\/06\\\/IMG-20220604-WA0002.jpg\",\"contentUrl\":\"https:\\\/\\\/fuentesfidedignas.com.mx\\\/wp-content\\\/uploads\\\/2022\\\/06\\\/IMG-20220604-WA0002.jpg\",\"width\":1280,\"height\":853},{\"@type\":\"BreadcrumbList\",\"@id\":\"https:\\\/\\\/fuentesfidedignas.com.mx\\\/index.php\\\/2022\\\/06\\\/04\\\/a-partir-del-lunes-se-aplicaran-nuevas-medidas-en-escuelas-ante-repunte-de-covid-19\\\/#breadcrumb\",\"itemListElement\":[{\"@type\":\"ListItem\",\"position\":1,\"name\":\"Inicio\",\"item\":\"https:\\\/\\\/fuentesfidedignas.com.mx\\\/\"},{\"@type\":\"ListItem\",\"position\":2,\"name\":\"A partir del lunes se aplicar\u00e1n nuevas medidas en escuelas ante repunte de Covid-19\"}]},{\"@type\":\"WebSite\",\"@id\":\"https:\\\/\\\/fuentesfidedignas.com.mx\\\/#website\",\"url\":\"https:\\\/\\\/fuentesfidedignas.com.mx\\\/\",\"name\":\"Fuentes Fidedignas\",\"description\":\"Otro sitio realizado con WordPress\",\"publisher\":{\"@id\":\"https:\\\/\\\/fuentesfidedignas.com.mx\\\/#organization\"},\"potentialAction\":[{\"@type\":\"SearchAction\",\"target\":{\"@type\":\"EntryPoint\",\"urlTemplate\":\"https:\\\/\\\/fuentesfidedignas.com.mx\\\/?s={search_term_string}\"},\"query-input\":{\"@type\":\"PropertyValueSpecification\",\"valueRequired\":true,\"valueName\":\"search_term_string\"}}],\"inLanguage\":\"es\"},{\"@type\":\"Organization\",\"@id\":\"https:\\\/\\\/fuentesfidedignas.com.mx\\\/#organization\",\"name\":\"Fuentes Fidedignas\",\"url\":\"https:\\\/\\\/fuentesfidedignas.com.mx\\\/\",\"logo\":{\"@type\":\"ImageObject\",\"inLanguage\":\"es\",\"@id\":\"https:\\\/\\\/fuentesfidedignas.com.mx\\\/#\\\/schema\\\/logo\\\/image\\\/\",\"url\":\"https:\\\/\\\/fuentesfidedignas.com.mx\\\/wp-content\\\/uploads\\\/2021\\\/04\\\/logo-retina.png\",\"contentUrl\":\"https:\\\/\\\/fuentesfidedignas.com.mx\\\/wp-content\\\/uploads\\\/2021\\\/04\\\/logo-retina.png\",\"width\":280,\"height\":51,\"caption\":\"Fuentes Fidedignas\"},\"image\":{\"@id\":\"https:\\\/\\\/fuentesfidedignas.com.mx\\\/#\\\/schema\\\/logo\\\/image\\\/\"},\"sameAs\":[\"https:\\\/\\\/www.facebook.com\\\/Fuentes-Fidedignas-368234489921644\",\"https:\\\/\\\/x.com\\\/fidedignas\"]},{\"@type\":\"Person\",\"@id\":\"https:\\\/\\\/fuentesfidedignas.com.mx\\\/#\\\/schema\\\/person\\\/331be9283d37198e2acd5750279085b0\",\"name\":\"Redacci\u00f3n\",\"image\":{\"@type\":\"ImageObject\",\"inLanguage\":\"es\",\"@id\":\"https:\\\/\\\/secure.gravatar.com\\\/avatar\\\/f6d8782c11d12b2d4ad3fbb6931aeab5309937a4d6cd2fc9cfaa28a6396a5aec?s=96&d=mm&r=g\",\"url\":\"https:\\\/\\\/secure.gravatar.com\\\/avatar\\\/f6d8782c11d12b2d4ad3fbb6931aeab5309937a4d6cd2fc9cfaa28a6396a5aec?s=96&d=mm&r=g\",\"contentUrl\":\"https:\\\/\\\/secure.gravatar.com\\\/avatar\\\/f6d8782c11d12b2d4ad3fbb6931aeab5309937a4d6cd2fc9cfaa28a6396a5aec?s=96&d=mm&r=g\",\"caption\":\"Redacci\u00f3n\"},\"url\":\"https:\\\/\\\/fuentesfidedignas.com.mx\\\/index.php\\\/author\\\/redaccion\\\/\"}]}<\/script>\n<!-- \/ Yoast SEO plugin. -->","yoast_head_json":{"title":"A partir del lunes se aplicar\u00e1n nuevas medidas en escuelas ante repunte de Covid-19 - Fuentes Fidedignas","robots":{"index":"index","follow":"follow","max-snippet":"max-snippet:-1","max-image-preview":"max-image-preview:large","max-video-preview":"max-video-preview:-1"},"canonical":"https:\/\/fuentesfidedignas.com.mx\/index.php\/2022\/06\/04\/a-partir-del-lunes-se-aplicaran-nuevas-medidas-en-escuelas-ante-repunte-de-covid-19\/","og_locale":"es_MX","og_type":"article","og_title":"A partir del lunes se aplicar\u00e1n nuevas medidas en escuelas ante repunte de Covid-19 - Fuentes Fidedignas","og_description":"SEPyC mantiene protocolos sanitarios ante repunte de casos de COVID-19 Culiac\u00e1n, Sin. Con la finalidad de evitar un incremento en el n\u00famero de casos de COVID-19 al interior de las escuelas, se mantienen los filtros sanitarios en los planteles educativos del estado de Sinaloa. La secretaria de Educaci\u00f3n P\u00fablica y Cultura, Graciela Dom\u00ednguez Nava inform\u00f3 [&hellip;]","og_url":"https:\/\/fuentesfidedignas.com.mx\/index.php\/2022\/06\/04\/a-partir-del-lunes-se-aplicaran-nuevas-medidas-en-escuelas-ante-repunte-de-covid-19\/","og_site_name":"Fuentes Fidedignas","article_publisher":"https:\/\/www.facebook.com\/Fuentes-Fidedignas-368234489921644","article_published_time":"2022-06-04T15:52:23+00:00","article_modified_time":"2022-06-04T15:52:51+00:00","og_image":[{"width":1280,"height":853,"url":"https:\/\/fuentesfidedignas.com.mx\/wp-content\/uploads\/2022\/06\/IMG-20220604-WA0002.jpg","type":"image\/jpeg"}],"author":"Redacci\u00f3n","twitter_card":"summary_large_image","twitter_creator":"@fidedignas","twitter_site":"@fidedignas","twitter_misc":{"Escrito por":"Redacci\u00f3n","Tiempo de lectura":"2 minutos"},"schema":{"@context":"https:\/\/schema.org","@graph":[{"@type":"Article","@id":"https:\/\/fuentesfidedignas.com.mx\/index.php\/2022\/06\/04\/a-partir-del-lunes-se-aplicaran-nuevas-medidas-en-escuelas-ante-repunte-de-covid-19\/#article","isPartOf":{"@id":"https:\/\/fuentesfidedignas.com.mx\/index.php\/2022\/06\/04\/a-partir-del-lunes-se-aplicaran-nuevas-medidas-en-escuelas-ante-repunte-de-covid-19\/"},"author":{"name":"Redacci\u00f3n","@id":"https:\/\/fuentesfidedignas.com.mx\/#\/schema\/person\/331be9283d37198e2acd5750279085b0"},"headline":"A partir del lunes se aplicar\u00e1n nuevas medidas en escuelas ante repunte de Covid-19","datePublished":"2022-06-04T15:52:23+00:00","dateModified":"2022-06-04T15:52:51+00:00","mainEntityOfPage":{"@id":"https:\/\/fuentesfidedignas.com.mx\/index.php\/2022\/06\/04\/a-partir-del-lunes-se-aplicaran-nuevas-medidas-en-escuelas-ante-repunte-de-covid-19\/"},"wordCount":354,"commentCount":0,"publisher":{"@id":"https:\/\/fuentesfidedignas.com.mx\/#organization"},"image":{"@id":"https:\/\/fuentesfidedignas.com.mx\/index.php\/2022\/06\/04\/a-partir-del-lunes-se-aplicaran-nuevas-medidas-en-escuelas-ante-repunte-de-covid-19\/#primaryimage"},"thumbnailUrl":"https:\/\/fuentesfidedignas.com.mx\/wp-content\/uploads\/2022\/06\/IMG-20220604-WA0002.jpg","keywords":["Covid-19","SARS-CoV-2","Secretar\u00eda de Educaci\u00f3n P\u00fablica y Cultura","Vacuna anticovid"],"articleSection":["NOTA PRINCIPAL"],"inLanguage":"es","potentialAction":[{"@type":"CommentAction","name":"Comment","target":["https:\/\/fuentesfidedignas.com.mx\/index.php\/2022\/06\/04\/a-partir-del-lunes-se-aplicaran-nuevas-medidas-en-escuelas-ante-repunte-de-covid-19\/#respond"]}]},{"@type":"WebPage","@id":"https:\/\/fuentesfidedignas.com.mx\/index.php\/2022\/06\/04\/a-partir-del-lunes-se-aplicaran-nuevas-medidas-en-escuelas-ante-repunte-de-covid-19\/","url":"https:\/\/fuentesfidedignas.com.mx\/index.php\/2022\/06\/04\/a-partir-del-lunes-se-aplicaran-nuevas-medidas-en-escuelas-ante-repunte-de-covid-19\/","name":"A partir del lunes se aplicar\u00e1n nuevas medidas en escuelas ante repunte de Covid-19 - Fuentes Fidedignas","isPartOf":{"@id":"https:\/\/fuentesfidedignas.com.mx\/#website"},"primaryImageOfPage":{"@id":"https:\/\/fuentesfidedignas.com.mx\/index.php\/2022\/06\/04\/a-partir-del-lunes-se-aplicaran-nuevas-medidas-en-escuelas-ante-repunte-de-covid-19\/#primaryimage"},"image":{"@id":"https:\/\/fuentesfidedignas.com.mx\/index.php\/2022\/06\/04\/a-partir-del-lunes-se-aplicaran-nuevas-medidas-en-escuelas-ante-repunte-de-covid-19\/#primaryimage"},"thumbnailUrl":"https:\/\/fuentesfidedignas.com.mx\/wp-content\/uploads\/2022\/06\/IMG-20220604-WA0002.jpg","datePublished":"2022-06-04T15:52:23+00:00","dateModified":"2022-06-04T15:52:51+00:00","breadcrumb":{"@id":"https:\/\/fuentesfidedignas.com.mx\/index.php\/2022\/06\/04\/a-partir-del-lunes-se-aplicaran-nuevas-medidas-en-escuelas-ante-repunte-de-covid-19\/#breadcrumb"},"inLanguage":"es","potentialAction":[{"@type":"ReadAction","target":["https:\/\/fuentesfidedignas.com.mx\/index.php\/2022\/06\/04\/a-partir-del-lunes-se-aplicaran-nuevas-medidas-en-escuelas-ante-repunte-de-covid-19\/"]}]},{"@type":"ImageObject","inLanguage":"es","@id":"https:\/\/fuentesfidedignas.com.mx\/index.php\/2022\/06\/04\/a-partir-del-lunes-se-aplicaran-nuevas-medidas-en-escuelas-ante-repunte-de-covid-19\/#primaryimage","url":"https:\/\/fuentesfidedignas.com.mx\/wp-content\/uploads\/2022\/06\/IMG-20220604-WA0002.jpg","contentUrl":"https:\/\/fuentesfidedignas.com.mx\/wp-content\/uploads\/2022\/06\/IMG-20220604-WA0002.jpg","width":1280,"height":853},{"@type":"BreadcrumbList","@id":"https:\/\/fuentesfidedignas.com.mx\/index.php\/2022\/06\/04\/a-partir-del-lunes-se-aplicaran-nuevas-medidas-en-escuelas-ante-repunte-de-covid-19\/#breadcrumb","itemListElement":[{"@type":"ListItem","position":1,"name":"Inicio","item":"https:\/\/fuentesfidedignas.com.mx\/"},{"@type":"ListItem","position":2,"name":"A partir del lunes se aplicar\u00e1n nuevas medidas en escuelas ante repunte de Covid-19"}]},{"@type":"WebSite","@id":"https:\/\/fuentesfidedignas.com.mx\/#website","url":"https:\/\/fuentesfidedignas.com.mx\/","name":"Fuentes Fidedignas","description":"Otro sitio realizado con WordPress","publisher":{"@id":"https:\/\/fuentesfidedignas.com.mx\/#organization"},"potentialAction":[{"@type":"SearchAction","target":{"@type":"EntryPoint","urlTemplate":"https:\/\/fuentesfidedignas.com.mx\/?s={search_term_string}"},"query-input":{"@type":"PropertyValueSpecification","valueRequired":true,"valueName":"search_term_string"}}],"inLanguage":"es"},{"@type":"Organization","@id":"https:\/\/fuentesfidedignas.com.mx\/#organization","name":"Fuentes Fidedignas","url":"https:\/\/fuentesfidedignas.com.mx\/","logo":{"@type":"ImageObject","inLanguage":"es","@id":"https:\/\/fuentesfidedignas.com.mx\/#\/schema\/logo\/image\/","url":"https:\/\/fuentesfidedignas.com.mx\/wp-content\/uploads\/2021\/04\/logo-retina.png","contentUrl":"https:\/\/fuentesfidedignas.com.mx\/wp-content\/uploads\/2021\/04\/logo-retina.png","width":280,"height":51,"caption":"Fuentes Fidedignas"},"image":{"@id":"https:\/\/fuentesfidedignas.com.mx\/#\/schema\/logo\/image\/"},"sameAs":["https:\/\/www.facebook.com\/Fuentes-Fidedignas-368234489921644","https:\/\/x.com\/fidedignas"]},{"@type":"Person","@id":"https:\/\/fuentesfidedignas.com.mx\/#\/schema\/person\/331be9283d37198e2acd5750279085b0","name":"Redacci\u00f3n","image":{"@type":"ImageObject","inLanguage":"es","@id":"https:\/\/secure.gravatar.com\/avatar\/f6d8782c11d12b2d4ad3fbb6931aeab5309937a4d6cd2fc9cfaa28a6396a5aec?s=96&d=mm&r=g","url":"https:\/\/secure.gravatar.com\/avatar\/f6d8782c11d12b2d4ad3fbb6931aeab5309937a4d6cd2fc9cfaa28a6396a5aec?s=96&d=mm&r=g","contentUrl":"https:\/\/secure.gravatar.com\/avatar\/f6d8782c11d12b2d4ad3fbb6931aeab5309937a4d6cd2fc9cfaa28a6396a5aec?s=96&d=mm&r=g","caption":"Redacci\u00f3n"},"url":"https:\/\/fuentesfidedignas.com.mx\/index.php\/author\/redaccion\/"}]}},"_links":{"self":[{"href":"https:\/\/fuentesfidedignas.com.mx\/index.php\/wp-json\/wp\/v2\/posts\/33382","targetHints":{"allow":["GET"]}}],"collection":[{"href":"https:\/\/fuentesfidedignas.com.mx\/index.php\/wp-json\/wp\/v2\/posts"}],"about":[{"href":"https:\/\/fuentesfidedignas.com.mx\/index.php\/wp-json\/wp\/v2\/types\/post"}],"author":[{"embeddable":true,"href":"https:\/\/fuentesfidedignas.com.mx\/index.php\/wp-json\/wp\/v2\/users\/4"}],"replies":[{"embeddable":true,"href":"https:\/\/fuentesfidedignas.com.mx\/index.php\/wp-json\/wp\/v2\/comments?post=33382"}],"version-history":[{"count":1,"href":"https:\/\/fuentesfidedignas.com.mx\/index.php\/wp-json\/wp\/v2\/posts\/33382\/revisions"}],"predecessor-version":[{"id":33383,"href":"https:\/\/fuentesfidedignas.com.mx\/index.php\/wp-json\/wp\/v2\/posts\/33382\/revisions\/33383"}],"wp:featuredmedia":[{"embeddable":true,"href":"https:\/\/fuentesfidedignas.com.mx\/index.php\/wp-json\/wp\/v2\/media\/33384"}],"wp:attachment":[{"href":"https:\/\/fuentesfidedignas.com.mx\/index.php\/wp-json\/wp\/v2\/media?parent=33382"}],"wp:term":[{"taxonomy":"category","embeddable":true,"href":"https:\/\/fuentesfidedignas.com.mx\/index.php\/wp-json\/wp\/v2\/categories?post=33382"},{"taxonomy":"post_tag","embeddable":true,"href":"https:\/\/fuentesfidedignas.com.mx\/index.php\/wp-json\/wp\/v2\/tags?post=33382"}],"curies":[{"name":"wp","href":"https:\/\/api.w.org\/{rel}","templated":true}]}}