{"id":33359,"date":"2022-06-03T19:11:40","date_gmt":"2022-06-04T01:11:40","guid":{"rendered":"https:\/\/fuentesfidedignas.com.mx\/?p=33359"},"modified":"2022-06-03T19:12:43","modified_gmt":"2022-06-04T01:12:43","slug":"gerardo-vargas-primer-lugar-en-ranking-nacional-de-aprobacion-de-alcaldes","status":"publish","type":"post","link":"https:\/\/fuentesfidedignas.com.mx\/index.php\/2022\/06\/03\/gerardo-vargas-primer-lugar-en-ranking-nacional-de-aprobacion-de-alcaldes\/","title":{"rendered":"Gerardo Vargas, primer lugar en ranking nacional de aprobaci\u00f3n de alcaldes"},"content":{"rendered":"\n<p><strong><em>De acuerdo con el Ranking de Aprobaci\u00f3n de Alcaldes de mayo 2022, que realiza la encuestadora Demoscopia Digital, el primer lugar nacional lo ocupa con un 73.1 por ciento de aprobaci\u00f3n<\/em><\/strong><\/p>\n\n\n\n<p>Ahlmw, Sin. El presidente municipal de Ahome, de filiaci\u00f3n morenista, comparte el top ten de los 5 mejores con el edil de San Luis Potos\u00ed, Enrique Galindo, quien se ubic\u00f3 en segundo lugar con un 72.9 por ciento, seguido del Alcalde, Cruz P\u00e9rez, de Ciudad Ju\u00e1rez, con un 72.6%; el cuarto sitio corresponde a la Alcaldesa de Huixquilucan, Estado de M\u00e9xico, Romina Contreras, con el 71.8 por ciento y Oscar Leggs, presidente municipal de Los Cabos, B.C.S., se situ\u00f3 en 5 posici\u00f3n, con 71.3 por ciento.<\/p>\n\n\n\n<p>A pregunta expresa a la ciudadan\u00eda, en torno si aprueba o desaprueba la administraci\u00f3n de Gerardo Vargas, el 73.1 por ciento, expres\u00f3 su aprobaci\u00f3n, en tanto, que el 15.2 por ciento, extern\u00f3 lo contrario y el 11.7 por ciento, dijo no tener una opini\u00f3n al respecto.<\/p>\n\n\n\n<p>Asimismo, la sociedad destac\u00f3 que los principales problemas del Municipio de Ahome son: Educaci\u00f3n (4.8%); Seguridad (42.7%); Desarrollo Econ\u00f3mico (18.6%); Salud (6.3%); Obras P\u00fablicas (21.9%); Medio Ambiente (2.1%) y Otro (3.6%).<\/p>\n\n\n\n<figure class=\"wp-block-image size-large\"><img decoding=\"async\" width=\"755\" height=\"1024\" src=\"https:\/\/fuentesfidedignas.com.mx\/wp-content\/uploads\/2022\/06\/IMG-20220603-WA0044-755x1024.jpg\" alt=\"\" class=\"wp-image-33361\" srcset=\"https:\/\/fuentesfidedignas.com.mx\/wp-content\/uploads\/2022\/06\/IMG-20220603-WA0044-755x1024.jpg 755w, https:\/\/fuentesfidedignas.com.mx\/wp-content\/uploads\/2022\/06\/IMG-20220603-WA0044-221x300.jpg 221w, https:\/\/fuentesfidedignas.com.mx\/wp-content\/uploads\/2022\/06\/IMG-20220603-WA0044-768x1042.jpg 768w, https:\/\/fuentesfidedignas.com.mx\/wp-content\/uploads\/2022\/06\/IMG-20220603-WA0044.jpg 1024w\" sizes=\"(max-width: 755px) 100vw, 755px\" \/><\/figure>\n","protected":false},"excerpt":{"rendered":"<p>De acuerdo con el Ranking de Aprobaci\u00f3n de Alcaldes de mayo 2022, que realiza la encuestadora Demoscopia Digital, el primer lugar nacional lo ocupa con un 73.1 por ciento de aprobaci\u00f3n Ahlmw, Sin. El presidente municipal de Ahome, de filiaci\u00f3n morenista, comparte el top ten de los 5 mejores con el edil de San Luis [&hellip;]<\/p>\n","protected":false},"author":4,"featured_media":33363,"comment_status":"open","ping_status":"open","sticky":false,"template":"","format":"standard","meta":{"tdm_status":"","tdm_grid_status":"","footnotes":""},"categories":[37],"tags":[1654],"class_list":{"0":"post-33359","1":"post","2":"type-post","3":"status-publish","4":"format-standard","5":"has-post-thumbnail","7":"category-nota-principal","8":"tag-gerardo-vargas-landeros"},"yoast_head":"<!-- This site is optimized with the Yoast SEO plugin v27.5 - https:\/\/yoast.com\/product\/yoast-seo-wordpress\/ -->\n<title>Gerardo Vargas, primer lugar en ranking nacional de aprobaci\u00f3n de alcaldes - Fuentes Fidedignas<\/title>\n<meta name=\"robots\" content=\"index, follow, max-snippet:-1, max-image-preview:large, max-video-preview:-1\" \/>\n<link rel=\"canonical\" href=\"https:\/\/fuentesfidedignas.com.mx\/index.php\/2022\/06\/03\/gerardo-vargas-primer-lugar-en-ranking-nacional-de-aprobacion-de-alcaldes\/\" \/>\n<meta property=\"og:locale\" content=\"es_MX\" \/>\n<meta property=\"og:type\" content=\"article\" \/>\n<meta property=\"og:title\" content=\"Gerardo Vargas, primer lugar en ranking nacional de aprobaci\u00f3n de alcaldes - Fuentes Fidedignas\" \/>\n<meta property=\"og:description\" content=\"De acuerdo con el Ranking de Aprobaci\u00f3n de Alcaldes de mayo 2022, que realiza la encuestadora Demoscopia Digital, el primer lugar nacional lo ocupa con un 73.1 por ciento de aprobaci\u00f3n Ahlmw, Sin. El presidente municipal de Ahome, de filiaci\u00f3n morenista, comparte el top ten de los 5 mejores con el edil de San Luis [&hellip;]\" \/>\n<meta property=\"og:url\" content=\"https:\/\/fuentesfidedignas.com.mx\/index.php\/2022\/06\/03\/gerardo-vargas-primer-lugar-en-ranking-nacional-de-aprobacion-de-alcaldes\/\" \/>\n<meta property=\"og:site_name\" content=\"Fuentes Fidedignas\" \/>\n<meta property=\"article:publisher\" content=\"https:\/\/www.facebook.com\/Fuentes-Fidedignas-368234489921644\" \/>\n<meta property=\"article:published_time\" content=\"2022-06-04T01:11:40+00:00\" \/>\n<meta property=\"article:modified_time\" content=\"2022-06-04T01:12:43+00:00\" \/>\n<meta property=\"og:image\" content=\"https:\/\/fuentesfidedignas.com.mx\/wp-content\/uploads\/2022\/06\/image_editor_output_image1486771730-1654305112347.jpg\" \/>\n\t<meta property=\"og:image:width\" content=\"668\" \/>\n\t<meta property=\"og:image:height\" content=\"616\" \/>\n\t<meta property=\"og:image:type\" content=\"image\/jpeg\" \/>\n<meta name=\"author\" content=\"Redacci\u00f3n\" \/>\n<meta name=\"twitter:card\" content=\"summary_large_image\" \/>\n<meta name=\"twitter:creator\" content=\"@fidedignas\" \/>\n<meta name=\"twitter:site\" content=\"@fidedignas\" \/>\n<meta name=\"twitter:label1\" content=\"Escrito por\" \/>\n\t<meta name=\"twitter:data1\" content=\"Redacci\u00f3n\" \/>\n\t<meta name=\"twitter:label2\" content=\"Tiempo de lectura\" \/>\n\t<meta name=\"twitter:data2\" content=\"2 minutos\" \/>\n<script type=\"application\/ld+json\" class=\"yoast-schema-graph\">{\"@context\":\"https:\\\/\\\/schema.org\",\"@graph\":[{\"@type\":\"Article\",\"@id\":\"https:\\\/\\\/fuentesfidedignas.com.mx\\\/index.php\\\/2022\\\/06\\\/03\\\/gerardo-vargas-primer-lugar-en-ranking-nacional-de-aprobacion-de-alcaldes\\\/#article\",\"isPartOf\":{\"@id\":\"https:\\\/\\\/fuentesfidedignas.com.mx\\\/index.php\\\/2022\\\/06\\\/03\\\/gerardo-vargas-primer-lugar-en-ranking-nacional-de-aprobacion-de-alcaldes\\\/\"},\"author\":{\"name\":\"Redacci\u00f3n\",\"@id\":\"https:\\\/\\\/fuentesfidedignas.com.mx\\\/#\\\/schema\\\/person\\\/331be9283d37198e2acd5750279085b0\"},\"headline\":\"Gerardo Vargas, primer lugar en ranking nacional de aprobaci\u00f3n de alcaldes\",\"datePublished\":\"2022-06-04T01:11:40+00:00\",\"dateModified\":\"2022-06-04T01:12:43+00:00\",\"mainEntityOfPage\":{\"@id\":\"https:\\\/\\\/fuentesfidedignas.com.mx\\\/index.php\\\/2022\\\/06\\\/03\\\/gerardo-vargas-primer-lugar-en-ranking-nacional-de-aprobacion-de-alcaldes\\\/\"},\"wordCount\":204,\"commentCount\":0,\"publisher\":{\"@id\":\"https:\\\/\\\/fuentesfidedignas.com.mx\\\/#organization\"},\"image\":{\"@id\":\"https:\\\/\\\/fuentesfidedignas.com.mx\\\/index.php\\\/2022\\\/06\\\/03\\\/gerardo-vargas-primer-lugar-en-ranking-nacional-de-aprobacion-de-alcaldes\\\/#primaryimage\"},\"thumbnailUrl\":\"https:\\\/\\\/fuentesfidedignas.com.mx\\\/wp-content\\\/uploads\\\/2022\\\/06\\\/image_editor_output_image1486771730-1654305112347.jpg\",\"keywords\":[\"Gerardo Vargas Landeros\"],\"articleSection\":[\"NOTA PRINCIPAL\"],\"inLanguage\":\"es\",\"potentialAction\":[{\"@type\":\"CommentAction\",\"name\":\"Comment\",\"target\":[\"https:\\\/\\\/fuentesfidedignas.com.mx\\\/index.php\\\/2022\\\/06\\\/03\\\/gerardo-vargas-primer-lugar-en-ranking-nacional-de-aprobacion-de-alcaldes\\\/#respond\"]}]},{\"@type\":\"WebPage\",\"@id\":\"https:\\\/\\\/fuentesfidedignas.com.mx\\\/index.php\\\/2022\\\/06\\\/03\\\/gerardo-vargas-primer-lugar-en-ranking-nacional-de-aprobacion-de-alcaldes\\\/\",\"url\":\"https:\\\/\\\/fuentesfidedignas.com.mx\\\/index.php\\\/2022\\\/06\\\/03\\\/gerardo-vargas-primer-lugar-en-ranking-nacional-de-aprobacion-de-alcaldes\\\/\",\"name\":\"Gerardo Vargas, primer lugar en ranking nacional de aprobaci\u00f3n de alcaldes - Fuentes Fidedignas\",\"isPartOf\":{\"@id\":\"https:\\\/\\\/fuentesfidedignas.com.mx\\\/#website\"},\"primaryImageOfPage\":{\"@id\":\"https:\\\/\\\/fuentesfidedignas.com.mx\\\/index.php\\\/2022\\\/06\\\/03\\\/gerardo-vargas-primer-lugar-en-ranking-nacional-de-aprobacion-de-alcaldes\\\/#primaryimage\"},\"image\":{\"@id\":\"https:\\\/\\\/fuentesfidedignas.com.mx\\\/index.php\\\/2022\\\/06\\\/03\\\/gerardo-vargas-primer-lugar-en-ranking-nacional-de-aprobacion-de-alcaldes\\\/#primaryimage\"},\"thumbnailUrl\":\"https:\\\/\\\/fuentesfidedignas.com.mx\\\/wp-content\\\/uploads\\\/2022\\\/06\\\/image_editor_output_image1486771730-1654305112347.jpg\",\"datePublished\":\"2022-06-04T01:11:40+00:00\",\"dateModified\":\"2022-06-04T01:12:43+00:00\",\"breadcrumb\":{\"@id\":\"https:\\\/\\\/fuentesfidedignas.com.mx\\\/index.php\\\/2022\\\/06\\\/03\\\/gerardo-vargas-primer-lugar-en-ranking-nacional-de-aprobacion-de-alcaldes\\\/#breadcrumb\"},\"inLanguage\":\"es\",\"potentialAction\":[{\"@type\":\"ReadAction\",\"target\":[\"https:\\\/\\\/fuentesfidedignas.com.mx\\\/index.php\\\/2022\\\/06\\\/03\\\/gerardo-vargas-primer-lugar-en-ranking-nacional-de-aprobacion-de-alcaldes\\\/\"]}]},{\"@type\":\"ImageObject\",\"inLanguage\":\"es\",\"@id\":\"https:\\\/\\\/fuentesfidedignas.com.mx\\\/index.php\\\/2022\\\/06\\\/03\\\/gerardo-vargas-primer-lugar-en-ranking-nacional-de-aprobacion-de-alcaldes\\\/#primaryimage\",\"url\":\"https:\\\/\\\/fuentesfidedignas.com.mx\\\/wp-content\\\/uploads\\\/2022\\\/06\\\/image_editor_output_image1486771730-1654305112347.jpg\",\"contentUrl\":\"https:\\\/\\\/fuentesfidedignas.com.mx\\\/wp-content\\\/uploads\\\/2022\\\/06\\\/image_editor_output_image1486771730-1654305112347.jpg\",\"width\":668,\"height\":616},{\"@type\":\"BreadcrumbList\",\"@id\":\"https:\\\/\\\/fuentesfidedignas.com.mx\\\/index.php\\\/2022\\\/06\\\/03\\\/gerardo-vargas-primer-lugar-en-ranking-nacional-de-aprobacion-de-alcaldes\\\/#breadcrumb\",\"itemListElement\":[{\"@type\":\"ListItem\",\"position\":1,\"name\":\"Inicio\",\"item\":\"https:\\\/\\\/fuentesfidedignas.com.mx\\\/\"},{\"@type\":\"ListItem\",\"position\":2,\"name\":\"Gerardo Vargas, primer lugar en ranking nacional de aprobaci\u00f3n de alcaldes\"}]},{\"@type\":\"WebSite\",\"@id\":\"https:\\\/\\\/fuentesfidedignas.com.mx\\\/#website\",\"url\":\"https:\\\/\\\/fuentesfidedignas.com.mx\\\/\",\"name\":\"Fuentes Fidedignas\",\"description\":\"Otro sitio realizado con WordPress\",\"publisher\":{\"@id\":\"https:\\\/\\\/fuentesfidedignas.com.mx\\\/#organization\"},\"potentialAction\":[{\"@type\":\"SearchAction\",\"target\":{\"@type\":\"EntryPoint\",\"urlTemplate\":\"https:\\\/\\\/fuentesfidedignas.com.mx\\\/?s={search_term_string}\"},\"query-input\":{\"@type\":\"PropertyValueSpecification\",\"valueRequired\":true,\"valueName\":\"search_term_string\"}}],\"inLanguage\":\"es\"},{\"@type\":\"Organization\",\"@id\":\"https:\\\/\\\/fuentesfidedignas.com.mx\\\/#organization\",\"name\":\"Fuentes Fidedignas\",\"url\":\"https:\\\/\\\/fuentesfidedignas.com.mx\\\/\",\"logo\":{\"@type\":\"ImageObject\",\"inLanguage\":\"es\",\"@id\":\"https:\\\/\\\/fuentesfidedignas.com.mx\\\/#\\\/schema\\\/logo\\\/image\\\/\",\"url\":\"https:\\\/\\\/fuentesfidedignas.com.mx\\\/wp-content\\\/uploads\\\/2021\\\/04\\\/logo-retina.png\",\"contentUrl\":\"https:\\\/\\\/fuentesfidedignas.com.mx\\\/wp-content\\\/uploads\\\/2021\\\/04\\\/logo-retina.png\",\"width\":280,\"height\":51,\"caption\":\"Fuentes Fidedignas\"},\"image\":{\"@id\":\"https:\\\/\\\/fuentesfidedignas.com.mx\\\/#\\\/schema\\\/logo\\\/image\\\/\"},\"sameAs\":[\"https:\\\/\\\/www.facebook.com\\\/Fuentes-Fidedignas-368234489921644\",\"https:\\\/\\\/x.com\\\/fidedignas\"]},{\"@type\":\"Person\",\"@id\":\"https:\\\/\\\/fuentesfidedignas.com.mx\\\/#\\\/schema\\\/person\\\/331be9283d37198e2acd5750279085b0\",\"name\":\"Redacci\u00f3n\",\"image\":{\"@type\":\"ImageObject\",\"inLanguage\":\"es\",\"@id\":\"https:\\\/\\\/secure.gravatar.com\\\/avatar\\\/f6d8782c11d12b2d4ad3fbb6931aeab5309937a4d6cd2fc9cfaa28a6396a5aec?s=96&d=mm&r=g\",\"url\":\"https:\\\/\\\/secure.gravatar.com\\\/avatar\\\/f6d8782c11d12b2d4ad3fbb6931aeab5309937a4d6cd2fc9cfaa28a6396a5aec?s=96&d=mm&r=g\",\"contentUrl\":\"https:\\\/\\\/secure.gravatar.com\\\/avatar\\\/f6d8782c11d12b2d4ad3fbb6931aeab5309937a4d6cd2fc9cfaa28a6396a5aec?s=96&d=mm&r=g\",\"caption\":\"Redacci\u00f3n\"},\"url\":\"https:\\\/\\\/fuentesfidedignas.com.mx\\\/index.php\\\/author\\\/redaccion\\\/\"}]}<\/script>\n<!-- \/ Yoast SEO plugin. -->","yoast_head_json":{"title":"Gerardo Vargas, primer lugar en ranking nacional de aprobaci\u00f3n de alcaldes - Fuentes Fidedignas","robots":{"index":"index","follow":"follow","max-snippet":"max-snippet:-1","max-image-preview":"max-image-preview:large","max-video-preview":"max-video-preview:-1"},"canonical":"https:\/\/fuentesfidedignas.com.mx\/index.php\/2022\/06\/03\/gerardo-vargas-primer-lugar-en-ranking-nacional-de-aprobacion-de-alcaldes\/","og_locale":"es_MX","og_type":"article","og_title":"Gerardo Vargas, primer lugar en ranking nacional de aprobaci\u00f3n de alcaldes - Fuentes Fidedignas","og_description":"De acuerdo con el Ranking de Aprobaci\u00f3n de Alcaldes de mayo 2022, que realiza la encuestadora Demoscopia Digital, el primer lugar nacional lo ocupa con un 73.1 por ciento de aprobaci\u00f3n Ahlmw, Sin. El presidente municipal de Ahome, de filiaci\u00f3n morenista, comparte el top ten de los 5 mejores con el edil de San Luis [&hellip;]","og_url":"https:\/\/fuentesfidedignas.com.mx\/index.php\/2022\/06\/03\/gerardo-vargas-primer-lugar-en-ranking-nacional-de-aprobacion-de-alcaldes\/","og_site_name":"Fuentes Fidedignas","article_publisher":"https:\/\/www.facebook.com\/Fuentes-Fidedignas-368234489921644","article_published_time":"2022-06-04T01:11:40+00:00","article_modified_time":"2022-06-04T01:12:43+00:00","og_image":[{"width":668,"height":616,"url":"https:\/\/fuentesfidedignas.com.mx\/wp-content\/uploads\/2022\/06\/image_editor_output_image1486771730-1654305112347.jpg","type":"image\/jpeg"}],"author":"Redacci\u00f3n","twitter_card":"summary_large_image","twitter_creator":"@fidedignas","twitter_site":"@fidedignas","twitter_misc":{"Escrito por":"Redacci\u00f3n","Tiempo de lectura":"2 minutos"},"schema":{"@context":"https:\/\/schema.org","@graph":[{"@type":"Article","@id":"https:\/\/fuentesfidedignas.com.mx\/index.php\/2022\/06\/03\/gerardo-vargas-primer-lugar-en-ranking-nacional-de-aprobacion-de-alcaldes\/#article","isPartOf":{"@id":"https:\/\/fuentesfidedignas.com.mx\/index.php\/2022\/06\/03\/gerardo-vargas-primer-lugar-en-ranking-nacional-de-aprobacion-de-alcaldes\/"},"author":{"name":"Redacci\u00f3n","@id":"https:\/\/fuentesfidedignas.com.mx\/#\/schema\/person\/331be9283d37198e2acd5750279085b0"},"headline":"Gerardo Vargas, primer lugar en ranking nacional de aprobaci\u00f3n de alcaldes","datePublished":"2022-06-04T01:11:40+00:00","dateModified":"2022-06-04T01:12:43+00:00","mainEntityOfPage":{"@id":"https:\/\/fuentesfidedignas.com.mx\/index.php\/2022\/06\/03\/gerardo-vargas-primer-lugar-en-ranking-nacional-de-aprobacion-de-alcaldes\/"},"wordCount":204,"commentCount":0,"publisher":{"@id":"https:\/\/fuentesfidedignas.com.mx\/#organization"},"image":{"@id":"https:\/\/fuentesfidedignas.com.mx\/index.php\/2022\/06\/03\/gerardo-vargas-primer-lugar-en-ranking-nacional-de-aprobacion-de-alcaldes\/#primaryimage"},"thumbnailUrl":"https:\/\/fuentesfidedignas.com.mx\/wp-content\/uploads\/2022\/06\/image_editor_output_image1486771730-1654305112347.jpg","keywords":["Gerardo Vargas Landeros"],"articleSection":["NOTA PRINCIPAL"],"inLanguage":"es","potentialAction":[{"@type":"CommentAction","name":"Comment","target":["https:\/\/fuentesfidedignas.com.mx\/index.php\/2022\/06\/03\/gerardo-vargas-primer-lugar-en-ranking-nacional-de-aprobacion-de-alcaldes\/#respond"]}]},{"@type":"WebPage","@id":"https:\/\/fuentesfidedignas.com.mx\/index.php\/2022\/06\/03\/gerardo-vargas-primer-lugar-en-ranking-nacional-de-aprobacion-de-alcaldes\/","url":"https:\/\/fuentesfidedignas.com.mx\/index.php\/2022\/06\/03\/gerardo-vargas-primer-lugar-en-ranking-nacional-de-aprobacion-de-alcaldes\/","name":"Gerardo Vargas, primer lugar en ranking nacional de aprobaci\u00f3n de alcaldes - Fuentes Fidedignas","isPartOf":{"@id":"https:\/\/fuentesfidedignas.com.mx\/#website"},"primaryImageOfPage":{"@id":"https:\/\/fuentesfidedignas.com.mx\/index.php\/2022\/06\/03\/gerardo-vargas-primer-lugar-en-ranking-nacional-de-aprobacion-de-alcaldes\/#primaryimage"},"image":{"@id":"https:\/\/fuentesfidedignas.com.mx\/index.php\/2022\/06\/03\/gerardo-vargas-primer-lugar-en-ranking-nacional-de-aprobacion-de-alcaldes\/#primaryimage"},"thumbnailUrl":"https:\/\/fuentesfidedignas.com.mx\/wp-content\/uploads\/2022\/06\/image_editor_output_image1486771730-1654305112347.jpg","datePublished":"2022-06-04T01:11:40+00:00","dateModified":"2022-06-04T01:12:43+00:00","breadcrumb":{"@id":"https:\/\/fuentesfidedignas.com.mx\/index.php\/2022\/06\/03\/gerardo-vargas-primer-lugar-en-ranking-nacional-de-aprobacion-de-alcaldes\/#breadcrumb"},"inLanguage":"es","potentialAction":[{"@type":"ReadAction","target":["https:\/\/fuentesfidedignas.com.mx\/index.php\/2022\/06\/03\/gerardo-vargas-primer-lugar-en-ranking-nacional-de-aprobacion-de-alcaldes\/"]}]},{"@type":"ImageObject","inLanguage":"es","@id":"https:\/\/fuentesfidedignas.com.mx\/index.php\/2022\/06\/03\/gerardo-vargas-primer-lugar-en-ranking-nacional-de-aprobacion-de-alcaldes\/#primaryimage","url":"https:\/\/fuentesfidedignas.com.mx\/wp-content\/uploads\/2022\/06\/image_editor_output_image1486771730-1654305112347.jpg","contentUrl":"https:\/\/fuentesfidedignas.com.mx\/wp-content\/uploads\/2022\/06\/image_editor_output_image1486771730-1654305112347.jpg","width":668,"height":616},{"@type":"BreadcrumbList","@id":"https:\/\/fuentesfidedignas.com.mx\/index.php\/2022\/06\/03\/gerardo-vargas-primer-lugar-en-ranking-nacional-de-aprobacion-de-alcaldes\/#breadcrumb","itemListElement":[{"@type":"ListItem","position":1,"name":"Inicio","item":"https:\/\/fuentesfidedignas.com.mx\/"},{"@type":"ListItem","position":2,"name":"Gerardo Vargas, primer lugar en ranking nacional de aprobaci\u00f3n de alcaldes"}]},{"@type":"WebSite","@id":"https:\/\/fuentesfidedignas.com.mx\/#website","url":"https:\/\/fuentesfidedignas.com.mx\/","name":"Fuentes Fidedignas","description":"Otro sitio realizado con WordPress","publisher":{"@id":"https:\/\/fuentesfidedignas.com.mx\/#organization"},"potentialAction":[{"@type":"SearchAction","target":{"@type":"EntryPoint","urlTemplate":"https:\/\/fuentesfidedignas.com.mx\/?s={search_term_string}"},"query-input":{"@type":"PropertyValueSpecification","valueRequired":true,"valueName":"search_term_string"}}],"inLanguage":"es"},{"@type":"Organization","@id":"https:\/\/fuentesfidedignas.com.mx\/#organization","name":"Fuentes Fidedignas","url":"https:\/\/fuentesfidedignas.com.mx\/","logo":{"@type":"ImageObject","inLanguage":"es","@id":"https:\/\/fuentesfidedignas.com.mx\/#\/schema\/logo\/image\/","url":"https:\/\/fuentesfidedignas.com.mx\/wp-content\/uploads\/2021\/04\/logo-retina.png","contentUrl":"https:\/\/fuentesfidedignas.com.mx\/wp-content\/uploads\/2021\/04\/logo-retina.png","width":280,"height":51,"caption":"Fuentes Fidedignas"},"image":{"@id":"https:\/\/fuentesfidedignas.com.mx\/#\/schema\/logo\/image\/"},"sameAs":["https:\/\/www.facebook.com\/Fuentes-Fidedignas-368234489921644","https:\/\/x.com\/fidedignas"]},{"@type":"Person","@id":"https:\/\/fuentesfidedignas.com.mx\/#\/schema\/person\/331be9283d37198e2acd5750279085b0","name":"Redacci\u00f3n","image":{"@type":"ImageObject","inLanguage":"es","@id":"https:\/\/secure.gravatar.com\/avatar\/f6d8782c11d12b2d4ad3fbb6931aeab5309937a4d6cd2fc9cfaa28a6396a5aec?s=96&d=mm&r=g","url":"https:\/\/secure.gravatar.com\/avatar\/f6d8782c11d12b2d4ad3fbb6931aeab5309937a4d6cd2fc9cfaa28a6396a5aec?s=96&d=mm&r=g","contentUrl":"https:\/\/secure.gravatar.com\/avatar\/f6d8782c11d12b2d4ad3fbb6931aeab5309937a4d6cd2fc9cfaa28a6396a5aec?s=96&d=mm&r=g","caption":"Redacci\u00f3n"},"url":"https:\/\/fuentesfidedignas.com.mx\/index.php\/author\/redaccion\/"}]}},"_links":{"self":[{"href":"https:\/\/fuentesfidedignas.com.mx\/index.php\/wp-json\/wp\/v2\/posts\/33359","targetHints":{"allow":["GET"]}}],"collection":[{"href":"https:\/\/fuentesfidedignas.com.mx\/index.php\/wp-json\/wp\/v2\/posts"}],"about":[{"href":"https:\/\/fuentesfidedignas.com.mx\/index.php\/wp-json\/wp\/v2\/types\/post"}],"author":[{"embeddable":true,"href":"https:\/\/fuentesfidedignas.com.mx\/index.php\/wp-json\/wp\/v2\/users\/4"}],"replies":[{"embeddable":true,"href":"https:\/\/fuentesfidedignas.com.mx\/index.php\/wp-json\/wp\/v2\/comments?post=33359"}],"version-history":[{"count":1,"href":"https:\/\/fuentesfidedignas.com.mx\/index.php\/wp-json\/wp\/v2\/posts\/33359\/revisions"}],"predecessor-version":[{"id":33362,"href":"https:\/\/fuentesfidedignas.com.mx\/index.php\/wp-json\/wp\/v2\/posts\/33359\/revisions\/33362"}],"wp:featuredmedia":[{"embeddable":true,"href":"https:\/\/fuentesfidedignas.com.mx\/index.php\/wp-json\/wp\/v2\/media\/33363"}],"wp:attachment":[{"href":"https:\/\/fuentesfidedignas.com.mx\/index.php\/wp-json\/wp\/v2\/media?parent=33359"}],"wp:term":[{"taxonomy":"category","embeddable":true,"href":"https:\/\/fuentesfidedignas.com.mx\/index.php\/wp-json\/wp\/v2\/categories?post=33359"},{"taxonomy":"post_tag","embeddable":true,"href":"https:\/\/fuentesfidedignas.com.mx\/index.php\/wp-json\/wp\/v2\/tags?post=33359"}],"curies":[{"name":"wp","href":"https:\/\/api.w.org\/{rel}","templated":true}]}}