{"id":33271,"date":"2022-06-03T11:13:55","date_gmt":"2022-06-03T17:13:55","guid":{"rendered":"https:\/\/fuentesfidedignas.com.mx\/?p=33271"},"modified":"2022-06-03T11:18:12","modified_gmt":"2022-06-03T17:18:12","slug":"shakira-y-pique-inician-proceso-de-separacion-la-pelea-legal-se-centraria-en-custodia-de-sus-hijos","status":"publish","type":"post","link":"https:\/\/fuentesfidedignas.com.mx\/index.php\/2022\/06\/03\/shakira-y-pique-inician-proceso-de-separacion-la-pelea-legal-se-centraria-en-custodia-de-sus-hijos\/","title":{"rendered":"Shakira y Piqu\u00e9 inician proceso de separaci\u00f3n; la pelea legal se centrar\u00eda en custodia de sus hijos"},"content":{"rendered":"\n<p><strong><em>Los rumores de una supuesta infidelidad por parte del futbolista han permeado los titulares recientemente<\/em><\/strong><\/p>\n\n\n\n<p>Ciudad de M\u00e9xico.- Tras los rumores de que el futbolista Gerard Piqu\u00e9 le fue infiel a Shakira, ahora medios europeos han asegurado que presuntamente la pareja ya se encuentra en proceso de separaci\u00f3n.<\/p>\n\n\n\n<p>Fue a trav\u00e9s del portal Infomalia del medio El Economista donde se dieron a conocer los primeros datos de lo que ser\u00eda el futuro de dos de los personajes m\u00e1s populares a nivel mundial.<\/p>\n\n\n\n<p>En este sentido, se se\u00f1al\u00f3 que, aunque la cantante y el futbolista no est\u00e1n formalmente casados, s\u00ed buscar\u00edan emprender acciones legales para obtener la custodia de sus dos hijos: Milan y Sasha.<\/p>\n\n\n\n<p>\u201cLa artista no quiere continuar viviendo en Barcelona. Aqu\u00ed no tiene amigos ni familia (salvo la de Piqu\u00e9) y Hacienda la persigue desde hace a\u00f1os, por lo que tiene intenci\u00f3n de mudarse e instalarse en otro pa\u00eds. Con sus hijos, por supuesto. Y aqu\u00ed empiezan los problemas: Piqu\u00e9 se niega a separarse de sus hijos y alude a que los ni\u00f1os nacieron en Barcelona, aqu\u00ed se han criado y aqu\u00ed tienen su colegio y sus amigos\u201d, puede leerse en el medio espa\u00f1ol, quien asegur\u00f3 que fuentes confiables les filtraron la informaci\u00f3n.<\/p>\n\n\n\n<p>Cabe se\u00f1alar que hasta el momento, ninguno de los involucrados ha dado alguna declaraci\u00f3n al respecto, ni han confirmado la separaci\u00f3n.<\/p>\n\n\n\n<p><strong>La supuesta infidelidad de Gerard Piqu\u00e9 a Shakira<\/strong><br>Desde hace unos d\u00edas el mundo de la far\u00e1ndula qued\u00f3 consternado debido a que la relaci\u00f3n entre Piqu\u00e9 y Shakira podr\u00eda estar llegando a un punto \u00e1lgido.<\/p>\n\n\n\n<p>Ello, despu\u00e9s de que medios internacionales como El peri\u00f3dico de Barcelona en su podcast Mamarazzis aseguraran que la cantante de \u00e9xitos como Antolog\u00eda, Ojos As\u00ed o Moscas en la casa habr\u00eda descubierto que su pareja la habr\u00eda enga\u00f1ado con una modelo de 20 a\u00f1os.<\/p>\n\n\n\n<p>\u201cLo que me comentan a m\u00ed (seg\u00fan sus fuentes)\u2026 me dicen: Shakira ha pillado a Piqu\u00e9 con otra y se van a separar\u2026 me dicen: Eso es as\u00ed, ha ocurrido, por eso hay distancia\u201d, se\u00f1alaron Lorena V\u00e1zquez y Laura Fa, periodistas y conductoras del programa.<\/p>\n\n\n\n<p>Aunque en un inicio, las espa\u00f1olas no dieron m\u00e1s detalles al respecto, el pasado jueves, dicho medio volvi\u00f3 a retomar el tema y dieron algunas caracter\u00edsticas de la presunta joven.<\/p>\n\n\n\n<p>\u201cUna rubia de unos 20 a\u00f1os. Est\u00e1 estudiando y trabaja como azafata de eventos\u201d, se resalt\u00f3.<\/p>\n\n\n\n<p>La controversia tuvo un gran alcance r\u00e1pidamente y durante sus \u00faltimas apariciones p\u00fablicas, Shakira y Piqu\u00e9 fueron abordados por varios periodistas y fot\u00f3grafos de Europa Press, los cuales registraron el momento en que la pareja estaba a abordo de uno de sus veh\u00edculos.<\/p>\n\n\n\n<p>Aunque los comunicadores intentaron cuestionar a los famosos respecto a su presunta separaci\u00f3n, ambos decidieron evadir a la prensa y no responder las preguntas respecto al tema.<\/p>\n\n\n\n<p>Asimismo, las teor\u00edas conspirativas no han faltado y algunos internautas no s\u00f3lo han comenzado a decir que posiblemente la canci\u00f3n Te felicito de Shakira fue escrita para Piqu\u00e9, sino que adem\u00e1s, otros usuarios de redes m\u00e1s intr\u00e9pidos han comenzado a hacer todo tipo de teor\u00edas para alentar a que Henry Cavill le declare su amor a la colombiana.<\/p>\n\n\n\n<p>Ello despu\u00e9s de que se viralizara un video en el cual el actor se ve bastante atra\u00eddo por la presencia de Shakira en un evento al que supuestamente ambos hicieron presencia.<\/p>\n\n\n\n<p>\u201c\u00bfElla es Shakira?\u201d, pregunt\u00f3 el actor cuando volte\u00f3 a mirar a la colombiana y lanz\u00f3 una sonrisa con picard\u00eda, mientras conced\u00eda una entrevista a una periodista, cuando de repente su atenci\u00f3n se centr\u00f3 en el arribo de la colombiana.<\/p>\n\n\n\n<p>Sin embargo, esta grabaci\u00f3n que empez\u00f3 a circular en las redes sociales desde hace algunos d\u00edas corresponde a un episodio de 2015, en el estreno de la pel\u00edcula Operaci\u00f3n U.N.C.L.E., donde coincidieron Henry Cavill y Shakira y no como algunos medios aseguraron que se present\u00f3 en el estreno del reality Dancing with myself.<\/p>\n","protected":false},"excerpt":{"rendered":"<p>Los rumores de una supuesta infidelidad por parte del futbolista han permeado los titulares recientemente Ciudad de M\u00e9xico.- Tras los rumores de que el futbolista Gerard Piqu\u00e9 le fue infiel a Shakira, ahora medios europeos han asegurado que presuntamente la pareja ya se encuentra en proceso de separaci\u00f3n. Fue a trav\u00e9s del portal Infomalia del [&hellip;]<\/p>\n","protected":false},"author":41,"featured_media":33272,"comment_status":"open","ping_status":"open","sticky":false,"template":"","format":"standard","meta":{"tdm_status":"","tdm_grid_status":"","footnotes":""},"categories":[39],"tags":[2899,2852],"class_list":{"0":"post-33271","1":"post","2":"type-post","3":"status-publish","4":"format-standard","5":"has-post-thumbnail","7":"category-noticias-nacionales","8":"tag-pique","9":"tag-shakira"},"yoast_head":"<!-- This site is optimized with the Yoast SEO plugin v27.5 - https:\/\/yoast.com\/product\/yoast-seo-wordpress\/ -->\n<title>Shakira y Piqu\u00e9 inician proceso de separaci\u00f3n; la pelea legal se centrar\u00eda en custodia de sus hijos - Fuentes Fidedignas<\/title>\n<meta name=\"robots\" content=\"index, follow, max-snippet:-1, max-image-preview:large, max-video-preview:-1\" \/>\n<link rel=\"canonical\" href=\"https:\/\/fuentesfidedignas.com.mx\/index.php\/2022\/06\/03\/shakira-y-pique-inician-proceso-de-separacion-la-pelea-legal-se-centraria-en-custodia-de-sus-hijos\/\" \/>\n<meta property=\"og:locale\" content=\"es_MX\" \/>\n<meta property=\"og:type\" content=\"article\" \/>\n<meta property=\"og:title\" content=\"Shakira y Piqu\u00e9 inician proceso de separaci\u00f3n; la pelea legal se centrar\u00eda en custodia de sus hijos - Fuentes Fidedignas\" \/>\n<meta property=\"og:description\" content=\"Los rumores de una supuesta infidelidad por parte del futbolista han permeado los titulares recientemente Ciudad de M\u00e9xico.- Tras los rumores de que el futbolista Gerard Piqu\u00e9 le fue infiel a Shakira, ahora medios europeos han asegurado que presuntamente la pareja ya se encuentra en proceso de separaci\u00f3n. Fue a trav\u00e9s del portal Infomalia del [&hellip;]\" \/>\n<meta property=\"og:url\" content=\"https:\/\/fuentesfidedignas.com.mx\/index.php\/2022\/06\/03\/shakira-y-pique-inician-proceso-de-separacion-la-pelea-legal-se-centraria-en-custodia-de-sus-hijos\/\" \/>\n<meta property=\"og:site_name\" content=\"Fuentes Fidedignas\" \/>\n<meta property=\"article:publisher\" content=\"https:\/\/www.facebook.com\/Fuentes-Fidedignas-368234489921644\" \/>\n<meta property=\"article:published_time\" content=\"2022-06-03T17:13:55+00:00\" \/>\n<meta property=\"article:modified_time\" content=\"2022-06-03T17:18:12+00:00\" \/>\n<meta property=\"og:image\" content=\"https:\/\/fuentesfidedignas.com.mx\/wp-content\/uploads\/2022\/06\/pique-redes1-t.jpg\" \/>\n\t<meta property=\"og:image:width\" content=\"800\" \/>\n\t<meta property=\"og:image:height\" content=\"480\" \/>\n\t<meta property=\"og:image:type\" content=\"image\/jpeg\" \/>\n<meta name=\"author\" content=\"Infobae\" \/>\n<meta name=\"twitter:card\" content=\"summary_large_image\" \/>\n<meta name=\"twitter:creator\" content=\"@fidedignas\" \/>\n<meta name=\"twitter:site\" content=\"@fidedignas\" \/>\n<meta name=\"twitter:label1\" content=\"Escrito por\" \/>\n\t<meta name=\"twitter:data1\" content=\"Infobae\" \/>\n\t<meta name=\"twitter:label2\" content=\"Tiempo de lectura\" \/>\n\t<meta name=\"twitter:data2\" content=\"3 minutos\" \/>\n<script type=\"application\/ld+json\" class=\"yoast-schema-graph\">{\"@context\":\"https:\\\/\\\/schema.org\",\"@graph\":[{\"@type\":\"Article\",\"@id\":\"https:\\\/\\\/fuentesfidedignas.com.mx\\\/index.php\\\/2022\\\/06\\\/03\\\/shakira-y-pique-inician-proceso-de-separacion-la-pelea-legal-se-centraria-en-custodia-de-sus-hijos\\\/#article\",\"isPartOf\":{\"@id\":\"https:\\\/\\\/fuentesfidedignas.com.mx\\\/index.php\\\/2022\\\/06\\\/03\\\/shakira-y-pique-inician-proceso-de-separacion-la-pelea-legal-se-centraria-en-custodia-de-sus-hijos\\\/\"},\"author\":{\"name\":\"Infobae\",\"@id\":\"https:\\\/\\\/fuentesfidedignas.com.mx\\\/#\\\/schema\\\/person\\\/8575896a7c1067d352f6c1cd6582c389\"},\"headline\":\"Shakira y Piqu\u00e9 inician proceso de separaci\u00f3n; la pelea legal se centrar\u00eda en custodia de sus hijos\",\"datePublished\":\"2022-06-03T17:13:55+00:00\",\"dateModified\":\"2022-06-03T17:18:12+00:00\",\"mainEntityOfPage\":{\"@id\":\"https:\\\/\\\/fuentesfidedignas.com.mx\\\/index.php\\\/2022\\\/06\\\/03\\\/shakira-y-pique-inician-proceso-de-separacion-la-pelea-legal-se-centraria-en-custodia-de-sus-hijos\\\/\"},\"wordCount\":724,\"commentCount\":0,\"publisher\":{\"@id\":\"https:\\\/\\\/fuentesfidedignas.com.mx\\\/#organization\"},\"image\":{\"@id\":\"https:\\\/\\\/fuentesfidedignas.com.mx\\\/index.php\\\/2022\\\/06\\\/03\\\/shakira-y-pique-inician-proceso-de-separacion-la-pelea-legal-se-centraria-en-custodia-de-sus-hijos\\\/#primaryimage\"},\"thumbnailUrl\":\"https:\\\/\\\/fuentesfidedignas.com.mx\\\/wp-content\\\/uploads\\\/2022\\\/06\\\/pique-redes1-t.jpg\",\"keywords\":[\"Piqu\u00e9\",\"Shakira\"],\"articleSection\":[\"NOTICIAS NACIONALES\"],\"inLanguage\":\"es\",\"potentialAction\":[{\"@type\":\"CommentAction\",\"name\":\"Comment\",\"target\":[\"https:\\\/\\\/fuentesfidedignas.com.mx\\\/index.php\\\/2022\\\/06\\\/03\\\/shakira-y-pique-inician-proceso-de-separacion-la-pelea-legal-se-centraria-en-custodia-de-sus-hijos\\\/#respond\"]}]},{\"@type\":\"WebPage\",\"@id\":\"https:\\\/\\\/fuentesfidedignas.com.mx\\\/index.php\\\/2022\\\/06\\\/03\\\/shakira-y-pique-inician-proceso-de-separacion-la-pelea-legal-se-centraria-en-custodia-de-sus-hijos\\\/\",\"url\":\"https:\\\/\\\/fuentesfidedignas.com.mx\\\/index.php\\\/2022\\\/06\\\/03\\\/shakira-y-pique-inician-proceso-de-separacion-la-pelea-legal-se-centraria-en-custodia-de-sus-hijos\\\/\",\"name\":\"Shakira y Piqu\u00e9 inician proceso de separaci\u00f3n; la pelea legal se centrar\u00eda en custodia de sus hijos - Fuentes Fidedignas\",\"isPartOf\":{\"@id\":\"https:\\\/\\\/fuentesfidedignas.com.mx\\\/#website\"},\"primaryImageOfPage\":{\"@id\":\"https:\\\/\\\/fuentesfidedignas.com.mx\\\/index.php\\\/2022\\\/06\\\/03\\\/shakira-y-pique-inician-proceso-de-separacion-la-pelea-legal-se-centraria-en-custodia-de-sus-hijos\\\/#primaryimage\"},\"image\":{\"@id\":\"https:\\\/\\\/fuentesfidedignas.com.mx\\\/index.php\\\/2022\\\/06\\\/03\\\/shakira-y-pique-inician-proceso-de-separacion-la-pelea-legal-se-centraria-en-custodia-de-sus-hijos\\\/#primaryimage\"},\"thumbnailUrl\":\"https:\\\/\\\/fuentesfidedignas.com.mx\\\/wp-content\\\/uploads\\\/2022\\\/06\\\/pique-redes1-t.jpg\",\"datePublished\":\"2022-06-03T17:13:55+00:00\",\"dateModified\":\"2022-06-03T17:18:12+00:00\",\"breadcrumb\":{\"@id\":\"https:\\\/\\\/fuentesfidedignas.com.mx\\\/index.php\\\/2022\\\/06\\\/03\\\/shakira-y-pique-inician-proceso-de-separacion-la-pelea-legal-se-centraria-en-custodia-de-sus-hijos\\\/#breadcrumb\"},\"inLanguage\":\"es\",\"potentialAction\":[{\"@type\":\"ReadAction\",\"target\":[\"https:\\\/\\\/fuentesfidedignas.com.mx\\\/index.php\\\/2022\\\/06\\\/03\\\/shakira-y-pique-inician-proceso-de-separacion-la-pelea-legal-se-centraria-en-custodia-de-sus-hijos\\\/\"]}]},{\"@type\":\"ImageObject\",\"inLanguage\":\"es\",\"@id\":\"https:\\\/\\\/fuentesfidedignas.com.mx\\\/index.php\\\/2022\\\/06\\\/03\\\/shakira-y-pique-inician-proceso-de-separacion-la-pelea-legal-se-centraria-en-custodia-de-sus-hijos\\\/#primaryimage\",\"url\":\"https:\\\/\\\/fuentesfidedignas.com.mx\\\/wp-content\\\/uploads\\\/2022\\\/06\\\/pique-redes1-t.jpg\",\"contentUrl\":\"https:\\\/\\\/fuentesfidedignas.com.mx\\\/wp-content\\\/uploads\\\/2022\\\/06\\\/pique-redes1-t.jpg\",\"width\":800,\"height\":480},{\"@type\":\"BreadcrumbList\",\"@id\":\"https:\\\/\\\/fuentesfidedignas.com.mx\\\/index.php\\\/2022\\\/06\\\/03\\\/shakira-y-pique-inician-proceso-de-separacion-la-pelea-legal-se-centraria-en-custodia-de-sus-hijos\\\/#breadcrumb\",\"itemListElement\":[{\"@type\":\"ListItem\",\"position\":1,\"name\":\"Inicio\",\"item\":\"https:\\\/\\\/fuentesfidedignas.com.mx\\\/\"},{\"@type\":\"ListItem\",\"position\":2,\"name\":\"Shakira y Piqu\u00e9 inician proceso de separaci\u00f3n; la pelea legal se centrar\u00eda en custodia de sus hijos\"}]},{\"@type\":\"WebSite\",\"@id\":\"https:\\\/\\\/fuentesfidedignas.com.mx\\\/#website\",\"url\":\"https:\\\/\\\/fuentesfidedignas.com.mx\\\/\",\"name\":\"Fuentes Fidedignas\",\"description\":\"Otro sitio realizado con WordPress\",\"publisher\":{\"@id\":\"https:\\\/\\\/fuentesfidedignas.com.mx\\\/#organization\"},\"potentialAction\":[{\"@type\":\"SearchAction\",\"target\":{\"@type\":\"EntryPoint\",\"urlTemplate\":\"https:\\\/\\\/fuentesfidedignas.com.mx\\\/?s={search_term_string}\"},\"query-input\":{\"@type\":\"PropertyValueSpecification\",\"valueRequired\":true,\"valueName\":\"search_term_string\"}}],\"inLanguage\":\"es\"},{\"@type\":\"Organization\",\"@id\":\"https:\\\/\\\/fuentesfidedignas.com.mx\\\/#organization\",\"name\":\"Fuentes Fidedignas\",\"url\":\"https:\\\/\\\/fuentesfidedignas.com.mx\\\/\",\"logo\":{\"@type\":\"ImageObject\",\"inLanguage\":\"es\",\"@id\":\"https:\\\/\\\/fuentesfidedignas.com.mx\\\/#\\\/schema\\\/logo\\\/image\\\/\",\"url\":\"https:\\\/\\\/fuentesfidedignas.com.mx\\\/wp-content\\\/uploads\\\/2021\\\/04\\\/logo-retina.png\",\"contentUrl\":\"https:\\\/\\\/fuentesfidedignas.com.mx\\\/wp-content\\\/uploads\\\/2021\\\/04\\\/logo-retina.png\",\"width\":280,\"height\":51,\"caption\":\"Fuentes Fidedignas\"},\"image\":{\"@id\":\"https:\\\/\\\/fuentesfidedignas.com.mx\\\/#\\\/schema\\\/logo\\\/image\\\/\"},\"sameAs\":[\"https:\\\/\\\/www.facebook.com\\\/Fuentes-Fidedignas-368234489921644\",\"https:\\\/\\\/x.com\\\/fidedignas\"]},{\"@type\":\"Person\",\"@id\":\"https:\\\/\\\/fuentesfidedignas.com.mx\\\/#\\\/schema\\\/person\\\/8575896a7c1067d352f6c1cd6582c389\",\"name\":\"Infobae\",\"image\":{\"@type\":\"ImageObject\",\"inLanguage\":\"es\",\"@id\":\"https:\\\/\\\/secure.gravatar.com\\\/avatar\\\/e4ec95706f8d1670343f6526fdcec45474bab17475a851434a64ca12b5acba1c?s=96&d=mm&r=g\",\"url\":\"https:\\\/\\\/secure.gravatar.com\\\/avatar\\\/e4ec95706f8d1670343f6526fdcec45474bab17475a851434a64ca12b5acba1c?s=96&d=mm&r=g\",\"contentUrl\":\"https:\\\/\\\/secure.gravatar.com\\\/avatar\\\/e4ec95706f8d1670343f6526fdcec45474bab17475a851434a64ca12b5acba1c?s=96&d=mm&r=g\",\"caption\":\"Infobae\"},\"url\":\"https:\\\/\\\/fuentesfidedignas.com.mx\\\/index.php\\\/author\\\/infobae\\\/\"}]}<\/script>\n<!-- \/ Yoast SEO plugin. -->","yoast_head_json":{"title":"Shakira y Piqu\u00e9 inician proceso de separaci\u00f3n; la pelea legal se centrar\u00eda en custodia de sus hijos - Fuentes Fidedignas","robots":{"index":"index","follow":"follow","max-snippet":"max-snippet:-1","max-image-preview":"max-image-preview:large","max-video-preview":"max-video-preview:-1"},"canonical":"https:\/\/fuentesfidedignas.com.mx\/index.php\/2022\/06\/03\/shakira-y-pique-inician-proceso-de-separacion-la-pelea-legal-se-centraria-en-custodia-de-sus-hijos\/","og_locale":"es_MX","og_type":"article","og_title":"Shakira y Piqu\u00e9 inician proceso de separaci\u00f3n; la pelea legal se centrar\u00eda en custodia de sus hijos - Fuentes Fidedignas","og_description":"Los rumores de una supuesta infidelidad por parte del futbolista han permeado los titulares recientemente Ciudad de M\u00e9xico.- Tras los rumores de que el futbolista Gerard Piqu\u00e9 le fue infiel a Shakira, ahora medios europeos han asegurado que presuntamente la pareja ya se encuentra en proceso de separaci\u00f3n. Fue a trav\u00e9s del portal Infomalia del [&hellip;]","og_url":"https:\/\/fuentesfidedignas.com.mx\/index.php\/2022\/06\/03\/shakira-y-pique-inician-proceso-de-separacion-la-pelea-legal-se-centraria-en-custodia-de-sus-hijos\/","og_site_name":"Fuentes Fidedignas","article_publisher":"https:\/\/www.facebook.com\/Fuentes-Fidedignas-368234489921644","article_published_time":"2022-06-03T17:13:55+00:00","article_modified_time":"2022-06-03T17:18:12+00:00","og_image":[{"width":800,"height":480,"url":"https:\/\/fuentesfidedignas.com.mx\/wp-content\/uploads\/2022\/06\/pique-redes1-t.jpg","type":"image\/jpeg"}],"author":"Infobae","twitter_card":"summary_large_image","twitter_creator":"@fidedignas","twitter_site":"@fidedignas","twitter_misc":{"Escrito por":"Infobae","Tiempo de lectura":"3 minutos"},"schema":{"@context":"https:\/\/schema.org","@graph":[{"@type":"Article","@id":"https:\/\/fuentesfidedignas.com.mx\/index.php\/2022\/06\/03\/shakira-y-pique-inician-proceso-de-separacion-la-pelea-legal-se-centraria-en-custodia-de-sus-hijos\/#article","isPartOf":{"@id":"https:\/\/fuentesfidedignas.com.mx\/index.php\/2022\/06\/03\/shakira-y-pique-inician-proceso-de-separacion-la-pelea-legal-se-centraria-en-custodia-de-sus-hijos\/"},"author":{"name":"Infobae","@id":"https:\/\/fuentesfidedignas.com.mx\/#\/schema\/person\/8575896a7c1067d352f6c1cd6582c389"},"headline":"Shakira y Piqu\u00e9 inician proceso de separaci\u00f3n; la pelea legal se centrar\u00eda en custodia de sus hijos","datePublished":"2022-06-03T17:13:55+00:00","dateModified":"2022-06-03T17:18:12+00:00","mainEntityOfPage":{"@id":"https:\/\/fuentesfidedignas.com.mx\/index.php\/2022\/06\/03\/shakira-y-pique-inician-proceso-de-separacion-la-pelea-legal-se-centraria-en-custodia-de-sus-hijos\/"},"wordCount":724,"commentCount":0,"publisher":{"@id":"https:\/\/fuentesfidedignas.com.mx\/#organization"},"image":{"@id":"https:\/\/fuentesfidedignas.com.mx\/index.php\/2022\/06\/03\/shakira-y-pique-inician-proceso-de-separacion-la-pelea-legal-se-centraria-en-custodia-de-sus-hijos\/#primaryimage"},"thumbnailUrl":"https:\/\/fuentesfidedignas.com.mx\/wp-content\/uploads\/2022\/06\/pique-redes1-t.jpg","keywords":["Piqu\u00e9","Shakira"],"articleSection":["NOTICIAS NACIONALES"],"inLanguage":"es","potentialAction":[{"@type":"CommentAction","name":"Comment","target":["https:\/\/fuentesfidedignas.com.mx\/index.php\/2022\/06\/03\/shakira-y-pique-inician-proceso-de-separacion-la-pelea-legal-se-centraria-en-custodia-de-sus-hijos\/#respond"]}]},{"@type":"WebPage","@id":"https:\/\/fuentesfidedignas.com.mx\/index.php\/2022\/06\/03\/shakira-y-pique-inician-proceso-de-separacion-la-pelea-legal-se-centraria-en-custodia-de-sus-hijos\/","url":"https:\/\/fuentesfidedignas.com.mx\/index.php\/2022\/06\/03\/shakira-y-pique-inician-proceso-de-separacion-la-pelea-legal-se-centraria-en-custodia-de-sus-hijos\/","name":"Shakira y Piqu\u00e9 inician proceso de separaci\u00f3n; la pelea legal se centrar\u00eda en custodia de sus hijos - Fuentes Fidedignas","isPartOf":{"@id":"https:\/\/fuentesfidedignas.com.mx\/#website"},"primaryImageOfPage":{"@id":"https:\/\/fuentesfidedignas.com.mx\/index.php\/2022\/06\/03\/shakira-y-pique-inician-proceso-de-separacion-la-pelea-legal-se-centraria-en-custodia-de-sus-hijos\/#primaryimage"},"image":{"@id":"https:\/\/fuentesfidedignas.com.mx\/index.php\/2022\/06\/03\/shakira-y-pique-inician-proceso-de-separacion-la-pelea-legal-se-centraria-en-custodia-de-sus-hijos\/#primaryimage"},"thumbnailUrl":"https:\/\/fuentesfidedignas.com.mx\/wp-content\/uploads\/2022\/06\/pique-redes1-t.jpg","datePublished":"2022-06-03T17:13:55+00:00","dateModified":"2022-06-03T17:18:12+00:00","breadcrumb":{"@id":"https:\/\/fuentesfidedignas.com.mx\/index.php\/2022\/06\/03\/shakira-y-pique-inician-proceso-de-separacion-la-pelea-legal-se-centraria-en-custodia-de-sus-hijos\/#breadcrumb"},"inLanguage":"es","potentialAction":[{"@type":"ReadAction","target":["https:\/\/fuentesfidedignas.com.mx\/index.php\/2022\/06\/03\/shakira-y-pique-inician-proceso-de-separacion-la-pelea-legal-se-centraria-en-custodia-de-sus-hijos\/"]}]},{"@type":"ImageObject","inLanguage":"es","@id":"https:\/\/fuentesfidedignas.com.mx\/index.php\/2022\/06\/03\/shakira-y-pique-inician-proceso-de-separacion-la-pelea-legal-se-centraria-en-custodia-de-sus-hijos\/#primaryimage","url":"https:\/\/fuentesfidedignas.com.mx\/wp-content\/uploads\/2022\/06\/pique-redes1-t.jpg","contentUrl":"https:\/\/fuentesfidedignas.com.mx\/wp-content\/uploads\/2022\/06\/pique-redes1-t.jpg","width":800,"height":480},{"@type":"BreadcrumbList","@id":"https:\/\/fuentesfidedignas.com.mx\/index.php\/2022\/06\/03\/shakira-y-pique-inician-proceso-de-separacion-la-pelea-legal-se-centraria-en-custodia-de-sus-hijos\/#breadcrumb","itemListElement":[{"@type":"ListItem","position":1,"name":"Inicio","item":"https:\/\/fuentesfidedignas.com.mx\/"},{"@type":"ListItem","position":2,"name":"Shakira y Piqu\u00e9 inician proceso de separaci\u00f3n; la pelea legal se centrar\u00eda en custodia de sus hijos"}]},{"@type":"WebSite","@id":"https:\/\/fuentesfidedignas.com.mx\/#website","url":"https:\/\/fuentesfidedignas.com.mx\/","name":"Fuentes Fidedignas","description":"Otro sitio realizado con WordPress","publisher":{"@id":"https:\/\/fuentesfidedignas.com.mx\/#organization"},"potentialAction":[{"@type":"SearchAction","target":{"@type":"EntryPoint","urlTemplate":"https:\/\/fuentesfidedignas.com.mx\/?s={search_term_string}"},"query-input":{"@type":"PropertyValueSpecification","valueRequired":true,"valueName":"search_term_string"}}],"inLanguage":"es"},{"@type":"Organization","@id":"https:\/\/fuentesfidedignas.com.mx\/#organization","name":"Fuentes Fidedignas","url":"https:\/\/fuentesfidedignas.com.mx\/","logo":{"@type":"ImageObject","inLanguage":"es","@id":"https:\/\/fuentesfidedignas.com.mx\/#\/schema\/logo\/image\/","url":"https:\/\/fuentesfidedignas.com.mx\/wp-content\/uploads\/2021\/04\/logo-retina.png","contentUrl":"https:\/\/fuentesfidedignas.com.mx\/wp-content\/uploads\/2021\/04\/logo-retina.png","width":280,"height":51,"caption":"Fuentes Fidedignas"},"image":{"@id":"https:\/\/fuentesfidedignas.com.mx\/#\/schema\/logo\/image\/"},"sameAs":["https:\/\/www.facebook.com\/Fuentes-Fidedignas-368234489921644","https:\/\/x.com\/fidedignas"]},{"@type":"Person","@id":"https:\/\/fuentesfidedignas.com.mx\/#\/schema\/person\/8575896a7c1067d352f6c1cd6582c389","name":"Infobae","image":{"@type":"ImageObject","inLanguage":"es","@id":"https:\/\/secure.gravatar.com\/avatar\/e4ec95706f8d1670343f6526fdcec45474bab17475a851434a64ca12b5acba1c?s=96&d=mm&r=g","url":"https:\/\/secure.gravatar.com\/avatar\/e4ec95706f8d1670343f6526fdcec45474bab17475a851434a64ca12b5acba1c?s=96&d=mm&r=g","contentUrl":"https:\/\/secure.gravatar.com\/avatar\/e4ec95706f8d1670343f6526fdcec45474bab17475a851434a64ca12b5acba1c?s=96&d=mm&r=g","caption":"Infobae"},"url":"https:\/\/fuentesfidedignas.com.mx\/index.php\/author\/infobae\/"}]}},"_links":{"self":[{"href":"https:\/\/fuentesfidedignas.com.mx\/index.php\/wp-json\/wp\/v2\/posts\/33271","targetHints":{"allow":["GET"]}}],"collection":[{"href":"https:\/\/fuentesfidedignas.com.mx\/index.php\/wp-json\/wp\/v2\/posts"}],"about":[{"href":"https:\/\/fuentesfidedignas.com.mx\/index.php\/wp-json\/wp\/v2\/types\/post"}],"author":[{"embeddable":true,"href":"https:\/\/fuentesfidedignas.com.mx\/index.php\/wp-json\/wp\/v2\/users\/41"}],"replies":[{"embeddable":true,"href":"https:\/\/fuentesfidedignas.com.mx\/index.php\/wp-json\/wp\/v2\/comments?post=33271"}],"version-history":[{"count":5,"href":"https:\/\/fuentesfidedignas.com.mx\/index.php\/wp-json\/wp\/v2\/posts\/33271\/revisions"}],"predecessor-version":[{"id":33278,"href":"https:\/\/fuentesfidedignas.com.mx\/index.php\/wp-json\/wp\/v2\/posts\/33271\/revisions\/33278"}],"wp:featuredmedia":[{"embeddable":true,"href":"https:\/\/fuentesfidedignas.com.mx\/index.php\/wp-json\/wp\/v2\/media\/33272"}],"wp:attachment":[{"href":"https:\/\/fuentesfidedignas.com.mx\/index.php\/wp-json\/wp\/v2\/media?parent=33271"}],"wp:term":[{"taxonomy":"category","embeddable":true,"href":"https:\/\/fuentesfidedignas.com.mx\/index.php\/wp-json\/wp\/v2\/categories?post=33271"},{"taxonomy":"post_tag","embeddable":true,"href":"https:\/\/fuentesfidedignas.com.mx\/index.php\/wp-json\/wp\/v2\/tags?post=33271"}],"curies":[{"name":"wp","href":"https:\/\/api.w.org\/{rel}","templated":true}]}}