{"id":33259,"date":"2022-06-03T10:40:54","date_gmt":"2022-06-03T16:40:54","guid":{"rendered":"https:\/\/fuentesfidedignas.com.mx\/?p=33259"},"modified":"2022-06-03T10:40:57","modified_gmt":"2022-06-03T16:40:57","slug":"inicia-audiencia-contra-cesar-duarte-pide-no-se-difunda-su-rostro","status":"publish","type":"post","link":"https:\/\/fuentesfidedignas.com.mx\/index.php\/2022\/06\/03\/inicia-audiencia-contra-cesar-duarte-pide-no-se-difunda-su-rostro\/","title":{"rendered":"Inicia audiencia contra C\u00e9sar Duarte; pide no se difunda su rostro"},"content":{"rendered":"\n<p><strong><em>La audiencia, la cual comenz\u00f3 40 minutos tarde, es dirigida por el juez de control, Humberto Ch\u00e1vez Allende<\/em><\/strong><\/p>\n\n\n\n<p>Ciudad de M\u00e9xico.- El exgobernador C\u00e9sar Duarte, fue presentado esta ma\u00f1ana ante el juez en Chihuahua, por los delitos de asociaci\u00f3n delictuosa y peculado por un monto de 96 millones 600 mil pesos.<\/p>\n\n\n\n<p>La audiencia, la cual comenz\u00f3 40 minutos tarde, es dirigida por el juez de control, Humberto Ch\u00e1vez Allende.<\/p>\n\n\n\n<p>Al inicio de esta el exgobernador pidi\u00f3 al juez, que debido a que la audiencia es p\u00fablica, su rostro no fuera publicado, esto como derecho a su privacidad.<\/p>\n\n\n\n<p>La audiencia contin\u00faa en estos momentos su curso.<\/p>\n\n\n\n<p>La defensa de Duarte est\u00e1 conformada por Edith Berenice Bustillos Palacios, Ricardo Antonio S\u00e1nchez Reyes Retana y Carlos R\u00edos Peralta.<\/p>\n\n\n\n<figure class=\"wp-block-embed is-type-rich is-provider-twitter wp-block-embed-twitter\"><div class=\"wp-block-embed__wrapper\">\n<blockquote class=\"twitter-tweet\" data-width=\"550\" data-dnt=\"true\"><p lang=\"es\" dir=\"ltr\">El exgobernador C\u00e9sar Duarte, fue presentado esta ma\u00f1ana ante el juez en <a href=\"https:\/\/twitter.com\/hashtag\/Chihuahua?src=hash&amp;ref_src=twsrc%5Etfw\">#Chihuahua<\/a>, por los delitos de asociaci\u00f3n delictuosa y peculado por un monto de 96 millones 600 mil pesos<br><br>Video: Paola Gamboa\/ EL UNIVERSAL <a href=\"https:\/\/t.co\/Nk5UbkVGcG\">pic.twitter.com\/Nk5UbkVGcG<\/a><\/p>&mdash; El Universal Estados (@Univ_Estados) <a href=\"https:\/\/twitter.com\/Univ_Estados\/status\/1532755620880859136?ref_src=twsrc%5Etfw\">June 3, 2022<\/a><\/blockquote><script async src=\"https:\/\/platform.twitter.com\/widgets.js\" charset=\"utf-8\"><\/script>\n<\/div><figcaption><strong>En tenis y pants, as\u00ed lleg\u00f3 C\u00e9sar Duarte a M\u00e9xico extraditado de EU<\/strong><br>Tras casi tres a\u00f1os de haber permanecido preso en Estados Unidos, el exgobernador de Chihuahua (2010-2016) C\u00e9sar Duarte J\u00e1quez fue extraditado a M\u00e9xico para ser procesado por los delitos de asociaci\u00f3n delictuosa y peculado de 96.6 millones de pesos; ambos, agravados.<br><br>Un avi\u00f3n de la Fiscal\u00eda General de la Rep\u00fablica (FGR) se traslad\u00f3 por \u00e9l a Miami, Florida, y lo trajo al Aeropuerto Internacional de la Ciudad de M\u00e9xico, donde, despu\u00e9s de cuatro horas de ex\u00e1menes m\u00e9dicos y diligencias, fue entregado a la fiscal\u00eda de Chihuahua, que le cumpliment\u00f3 la orden de aprehensi\u00f3n girada por el juez de Control del Distrito Judicial Morelos en octubre de 2019 por dichos delitos.<\/figcaption><\/figure>\n\n\n\n<figure class=\"wp-block-image\"><img decoding=\"async\" src=\"https:\/\/www.eluniversal.com.mx\/sites\/default\/files\/upload\/u253845\/cesar_duarte_a_mexico_extraditado_de_eu.jpg\" alt=\"cesar_duarte_a_mexico_extraditado_de_eu.jpg\"\/><\/figure>\n","protected":false},"excerpt":{"rendered":"<p>La audiencia, la cual comenz\u00f3 40 minutos tarde, es dirigida por el juez de control, Humberto Ch\u00e1vez Allende Ciudad de M\u00e9xico.- El exgobernador C\u00e9sar Duarte, fue presentado esta ma\u00f1ana ante el juez en Chihuahua, por los delitos de asociaci\u00f3n delictuosa y peculado por un monto de 96 millones 600 mil pesos. La audiencia, la cual [&hellip;]<\/p>\n","protected":false},"author":39,"featured_media":33261,"comment_status":"open","ping_status":"open","sticky":false,"template":"","format":"standard","meta":{"tdm_status":"","tdm_grid_status":"","footnotes":""},"categories":[39],"tags":[],"class_list":{"0":"post-33259","1":"post","2":"type-post","3":"status-publish","4":"format-standard","5":"has-post-thumbnail","7":"category-noticias-nacionales"},"yoast_head":"<!-- This site is optimized with the Yoast SEO plugin v27.4 - https:\/\/yoast.com\/product\/yoast-seo-wordpress\/ -->\n<title>Inicia audiencia contra C\u00e9sar Duarte; pide no se difunda su rostro - Fuentes Fidedignas<\/title>\n<meta name=\"robots\" content=\"index, follow, max-snippet:-1, max-image-preview:large, max-video-preview:-1\" \/>\n<link rel=\"canonical\" href=\"https:\/\/fuentesfidedignas.com.mx\/index.php\/2022\/06\/03\/inicia-audiencia-contra-cesar-duarte-pide-no-se-difunda-su-rostro\/\" \/>\n<meta property=\"og:locale\" content=\"es_MX\" \/>\n<meta property=\"og:type\" content=\"article\" \/>\n<meta property=\"og:title\" content=\"Inicia audiencia contra C\u00e9sar Duarte; pide no se difunda su rostro - Fuentes Fidedignas\" \/>\n<meta property=\"og:description\" content=\"La audiencia, la cual comenz\u00f3 40 minutos tarde, es dirigida por el juez de control, Humberto Ch\u00e1vez Allende Ciudad de M\u00e9xico.- El exgobernador C\u00e9sar Duarte, fue presentado esta ma\u00f1ana ante el juez en Chihuahua, por los delitos de asociaci\u00f3n delictuosa y peculado por un monto de 96 millones 600 mil pesos. La audiencia, la cual [&hellip;]\" \/>\n<meta property=\"og:url\" content=\"https:\/\/fuentesfidedignas.com.mx\/index.php\/2022\/06\/03\/inicia-audiencia-contra-cesar-duarte-pide-no-se-difunda-su-rostro\/\" \/>\n<meta property=\"og:site_name\" content=\"Fuentes Fidedignas\" \/>\n<meta property=\"article:publisher\" content=\"https:\/\/www.facebook.com\/Fuentes-Fidedignas-368234489921644\" \/>\n<meta property=\"article:published_time\" content=\"2022-06-03T16:40:54+00:00\" \/>\n<meta property=\"article:modified_time\" content=\"2022-06-03T16:40:57+00:00\" \/>\n<meta property=\"og:image\" content=\"https:\/\/fuentesfidedignas.com.mx\/wp-content\/uploads\/2022\/06\/DUARTE.jpg\" \/>\n\t<meta property=\"og:image:width\" content=\"1332\" \/>\n\t<meta property=\"og:image:height\" content=\"815\" \/>\n\t<meta property=\"og:image:type\" content=\"image\/jpeg\" \/>\n<meta name=\"author\" content=\"El Universal\" \/>\n<meta name=\"twitter:card\" content=\"summary_large_image\" \/>\n<meta name=\"twitter:creator\" content=\"@fidedignas\" \/>\n<meta name=\"twitter:site\" content=\"@fidedignas\" \/>\n<meta name=\"twitter:label1\" content=\"Escrito por\" \/>\n\t<meta name=\"twitter:data1\" content=\"El Universal\" \/>\n\t<meta name=\"twitter:label2\" content=\"Tiempo de lectura\" \/>\n\t<meta name=\"twitter:data2\" content=\"2 minutos\" \/>\n<script type=\"application\/ld+json\" class=\"yoast-schema-graph\">{\"@context\":\"https:\\\/\\\/schema.org\",\"@graph\":[{\"@type\":\"Article\",\"@id\":\"https:\\\/\\\/fuentesfidedignas.com.mx\\\/index.php\\\/2022\\\/06\\\/03\\\/inicia-audiencia-contra-cesar-duarte-pide-no-se-difunda-su-rostro\\\/#article\",\"isPartOf\":{\"@id\":\"https:\\\/\\\/fuentesfidedignas.com.mx\\\/index.php\\\/2022\\\/06\\\/03\\\/inicia-audiencia-contra-cesar-duarte-pide-no-se-difunda-su-rostro\\\/\"},\"author\":{\"name\":\"El Universal\",\"@id\":\"https:\\\/\\\/fuentesfidedignas.com.mx\\\/#\\\/schema\\\/person\\\/fee3882e65fd0510d292c43a346d35d7\"},\"headline\":\"Inicia audiencia contra C\u00e9sar Duarte; pide no se difunda su rostro\",\"datePublished\":\"2022-06-03T16:40:54+00:00\",\"dateModified\":\"2022-06-03T16:40:57+00:00\",\"mainEntityOfPage\":{\"@id\":\"https:\\\/\\\/fuentesfidedignas.com.mx\\\/index.php\\\/2022\\\/06\\\/03\\\/inicia-audiencia-contra-cesar-duarte-pide-no-se-difunda-su-rostro\\\/\"},\"wordCount\":311,\"commentCount\":0,\"publisher\":{\"@id\":\"https:\\\/\\\/fuentesfidedignas.com.mx\\\/#organization\"},\"image\":{\"@id\":\"https:\\\/\\\/fuentesfidedignas.com.mx\\\/index.php\\\/2022\\\/06\\\/03\\\/inicia-audiencia-contra-cesar-duarte-pide-no-se-difunda-su-rostro\\\/#primaryimage\"},\"thumbnailUrl\":\"https:\\\/\\\/fuentesfidedignas.com.mx\\\/wp-content\\\/uploads\\\/2022\\\/06\\\/DUARTE.jpg\",\"articleSection\":[\"NOTICIAS NACIONALES\"],\"inLanguage\":\"es\",\"potentialAction\":[{\"@type\":\"CommentAction\",\"name\":\"Comment\",\"target\":[\"https:\\\/\\\/fuentesfidedignas.com.mx\\\/index.php\\\/2022\\\/06\\\/03\\\/inicia-audiencia-contra-cesar-duarte-pide-no-se-difunda-su-rostro\\\/#respond\"]}]},{\"@type\":\"WebPage\",\"@id\":\"https:\\\/\\\/fuentesfidedignas.com.mx\\\/index.php\\\/2022\\\/06\\\/03\\\/inicia-audiencia-contra-cesar-duarte-pide-no-se-difunda-su-rostro\\\/\",\"url\":\"https:\\\/\\\/fuentesfidedignas.com.mx\\\/index.php\\\/2022\\\/06\\\/03\\\/inicia-audiencia-contra-cesar-duarte-pide-no-se-difunda-su-rostro\\\/\",\"name\":\"Inicia audiencia contra C\u00e9sar Duarte; pide no se difunda su rostro - Fuentes Fidedignas\",\"isPartOf\":{\"@id\":\"https:\\\/\\\/fuentesfidedignas.com.mx\\\/#website\"},\"primaryImageOfPage\":{\"@id\":\"https:\\\/\\\/fuentesfidedignas.com.mx\\\/index.php\\\/2022\\\/06\\\/03\\\/inicia-audiencia-contra-cesar-duarte-pide-no-se-difunda-su-rostro\\\/#primaryimage\"},\"image\":{\"@id\":\"https:\\\/\\\/fuentesfidedignas.com.mx\\\/index.php\\\/2022\\\/06\\\/03\\\/inicia-audiencia-contra-cesar-duarte-pide-no-se-difunda-su-rostro\\\/#primaryimage\"},\"thumbnailUrl\":\"https:\\\/\\\/fuentesfidedignas.com.mx\\\/wp-content\\\/uploads\\\/2022\\\/06\\\/DUARTE.jpg\",\"datePublished\":\"2022-06-03T16:40:54+00:00\",\"dateModified\":\"2022-06-03T16:40:57+00:00\",\"breadcrumb\":{\"@id\":\"https:\\\/\\\/fuentesfidedignas.com.mx\\\/index.php\\\/2022\\\/06\\\/03\\\/inicia-audiencia-contra-cesar-duarte-pide-no-se-difunda-su-rostro\\\/#breadcrumb\"},\"inLanguage\":\"es\",\"potentialAction\":[{\"@type\":\"ReadAction\",\"target\":[\"https:\\\/\\\/fuentesfidedignas.com.mx\\\/index.php\\\/2022\\\/06\\\/03\\\/inicia-audiencia-contra-cesar-duarte-pide-no-se-difunda-su-rostro\\\/\"]}]},{\"@type\":\"ImageObject\",\"inLanguage\":\"es\",\"@id\":\"https:\\\/\\\/fuentesfidedignas.com.mx\\\/index.php\\\/2022\\\/06\\\/03\\\/inicia-audiencia-contra-cesar-duarte-pide-no-se-difunda-su-rostro\\\/#primaryimage\",\"url\":\"https:\\\/\\\/fuentesfidedignas.com.mx\\\/wp-content\\\/uploads\\\/2022\\\/06\\\/DUARTE.jpg\",\"contentUrl\":\"https:\\\/\\\/fuentesfidedignas.com.mx\\\/wp-content\\\/uploads\\\/2022\\\/06\\\/DUARTE.jpg\",\"width\":1332,\"height\":815},{\"@type\":\"BreadcrumbList\",\"@id\":\"https:\\\/\\\/fuentesfidedignas.com.mx\\\/index.php\\\/2022\\\/06\\\/03\\\/inicia-audiencia-contra-cesar-duarte-pide-no-se-difunda-su-rostro\\\/#breadcrumb\",\"itemListElement\":[{\"@type\":\"ListItem\",\"position\":1,\"name\":\"Inicio\",\"item\":\"https:\\\/\\\/fuentesfidedignas.com.mx\\\/\"},{\"@type\":\"ListItem\",\"position\":2,\"name\":\"Inicia audiencia contra C\u00e9sar Duarte; pide no se difunda su rostro\"}]},{\"@type\":\"WebSite\",\"@id\":\"https:\\\/\\\/fuentesfidedignas.com.mx\\\/#website\",\"url\":\"https:\\\/\\\/fuentesfidedignas.com.mx\\\/\",\"name\":\"Fuentes Fidedignas\",\"description\":\"Otro sitio realizado con WordPress\",\"publisher\":{\"@id\":\"https:\\\/\\\/fuentesfidedignas.com.mx\\\/#organization\"},\"potentialAction\":[{\"@type\":\"SearchAction\",\"target\":{\"@type\":\"EntryPoint\",\"urlTemplate\":\"https:\\\/\\\/fuentesfidedignas.com.mx\\\/?s={search_term_string}\"},\"query-input\":{\"@type\":\"PropertyValueSpecification\",\"valueRequired\":true,\"valueName\":\"search_term_string\"}}],\"inLanguage\":\"es\"},{\"@type\":\"Organization\",\"@id\":\"https:\\\/\\\/fuentesfidedignas.com.mx\\\/#organization\",\"name\":\"Fuentes Fidedignas\",\"url\":\"https:\\\/\\\/fuentesfidedignas.com.mx\\\/\",\"logo\":{\"@type\":\"ImageObject\",\"inLanguage\":\"es\",\"@id\":\"https:\\\/\\\/fuentesfidedignas.com.mx\\\/#\\\/schema\\\/logo\\\/image\\\/\",\"url\":\"https:\\\/\\\/fuentesfidedignas.com.mx\\\/wp-content\\\/uploads\\\/2021\\\/04\\\/logo-retina.png\",\"contentUrl\":\"https:\\\/\\\/fuentesfidedignas.com.mx\\\/wp-content\\\/uploads\\\/2021\\\/04\\\/logo-retina.png\",\"width\":280,\"height\":51,\"caption\":\"Fuentes Fidedignas\"},\"image\":{\"@id\":\"https:\\\/\\\/fuentesfidedignas.com.mx\\\/#\\\/schema\\\/logo\\\/image\\\/\"},\"sameAs\":[\"https:\\\/\\\/www.facebook.com\\\/Fuentes-Fidedignas-368234489921644\",\"https:\\\/\\\/x.com\\\/fidedignas\"]},{\"@type\":\"Person\",\"@id\":\"https:\\\/\\\/fuentesfidedignas.com.mx\\\/#\\\/schema\\\/person\\\/fee3882e65fd0510d292c43a346d35d7\",\"name\":\"El Universal\",\"image\":{\"@type\":\"ImageObject\",\"inLanguage\":\"es\",\"@id\":\"https:\\\/\\\/secure.gravatar.com\\\/avatar\\\/1ebc94d82b6c3c081781f73e5b76a0d0c1ac7bf8e57426f18802246eeaa2747c?s=96&d=mm&r=g\",\"url\":\"https:\\\/\\\/secure.gravatar.com\\\/avatar\\\/1ebc94d82b6c3c081781f73e5b76a0d0c1ac7bf8e57426f18802246eeaa2747c?s=96&d=mm&r=g\",\"contentUrl\":\"https:\\\/\\\/secure.gravatar.com\\\/avatar\\\/1ebc94d82b6c3c081781f73e5b76a0d0c1ac7bf8e57426f18802246eeaa2747c?s=96&d=mm&r=g\",\"caption\":\"El Universal\"},\"url\":\"https:\\\/\\\/fuentesfidedignas.com.mx\\\/index.php\\\/author\\\/el-universal\\\/\"}]}<\/script>\n<!-- \/ Yoast SEO plugin. -->","yoast_head_json":{"title":"Inicia audiencia contra C\u00e9sar Duarte; pide no se difunda su rostro - Fuentes Fidedignas","robots":{"index":"index","follow":"follow","max-snippet":"max-snippet:-1","max-image-preview":"max-image-preview:large","max-video-preview":"max-video-preview:-1"},"canonical":"https:\/\/fuentesfidedignas.com.mx\/index.php\/2022\/06\/03\/inicia-audiencia-contra-cesar-duarte-pide-no-se-difunda-su-rostro\/","og_locale":"es_MX","og_type":"article","og_title":"Inicia audiencia contra C\u00e9sar Duarte; pide no se difunda su rostro - Fuentes Fidedignas","og_description":"La audiencia, la cual comenz\u00f3 40 minutos tarde, es dirigida por el juez de control, Humberto Ch\u00e1vez Allende Ciudad de M\u00e9xico.- El exgobernador C\u00e9sar Duarte, fue presentado esta ma\u00f1ana ante el juez en Chihuahua, por los delitos de asociaci\u00f3n delictuosa y peculado por un monto de 96 millones 600 mil pesos. La audiencia, la cual [&hellip;]","og_url":"https:\/\/fuentesfidedignas.com.mx\/index.php\/2022\/06\/03\/inicia-audiencia-contra-cesar-duarte-pide-no-se-difunda-su-rostro\/","og_site_name":"Fuentes Fidedignas","article_publisher":"https:\/\/www.facebook.com\/Fuentes-Fidedignas-368234489921644","article_published_time":"2022-06-03T16:40:54+00:00","article_modified_time":"2022-06-03T16:40:57+00:00","og_image":[{"width":1332,"height":815,"url":"https:\/\/fuentesfidedignas.com.mx\/wp-content\/uploads\/2022\/06\/DUARTE.jpg","type":"image\/jpeg"}],"author":"El Universal","twitter_card":"summary_large_image","twitter_creator":"@fidedignas","twitter_site":"@fidedignas","twitter_misc":{"Escrito por":"El Universal","Tiempo de lectura":"2 minutos"},"schema":{"@context":"https:\/\/schema.org","@graph":[{"@type":"Article","@id":"https:\/\/fuentesfidedignas.com.mx\/index.php\/2022\/06\/03\/inicia-audiencia-contra-cesar-duarte-pide-no-se-difunda-su-rostro\/#article","isPartOf":{"@id":"https:\/\/fuentesfidedignas.com.mx\/index.php\/2022\/06\/03\/inicia-audiencia-contra-cesar-duarte-pide-no-se-difunda-su-rostro\/"},"author":{"name":"El Universal","@id":"https:\/\/fuentesfidedignas.com.mx\/#\/schema\/person\/fee3882e65fd0510d292c43a346d35d7"},"headline":"Inicia audiencia contra C\u00e9sar Duarte; pide no se difunda su rostro","datePublished":"2022-06-03T16:40:54+00:00","dateModified":"2022-06-03T16:40:57+00:00","mainEntityOfPage":{"@id":"https:\/\/fuentesfidedignas.com.mx\/index.php\/2022\/06\/03\/inicia-audiencia-contra-cesar-duarte-pide-no-se-difunda-su-rostro\/"},"wordCount":311,"commentCount":0,"publisher":{"@id":"https:\/\/fuentesfidedignas.com.mx\/#organization"},"image":{"@id":"https:\/\/fuentesfidedignas.com.mx\/index.php\/2022\/06\/03\/inicia-audiencia-contra-cesar-duarte-pide-no-se-difunda-su-rostro\/#primaryimage"},"thumbnailUrl":"https:\/\/fuentesfidedignas.com.mx\/wp-content\/uploads\/2022\/06\/DUARTE.jpg","articleSection":["NOTICIAS NACIONALES"],"inLanguage":"es","potentialAction":[{"@type":"CommentAction","name":"Comment","target":["https:\/\/fuentesfidedignas.com.mx\/index.php\/2022\/06\/03\/inicia-audiencia-contra-cesar-duarte-pide-no-se-difunda-su-rostro\/#respond"]}]},{"@type":"WebPage","@id":"https:\/\/fuentesfidedignas.com.mx\/index.php\/2022\/06\/03\/inicia-audiencia-contra-cesar-duarte-pide-no-se-difunda-su-rostro\/","url":"https:\/\/fuentesfidedignas.com.mx\/index.php\/2022\/06\/03\/inicia-audiencia-contra-cesar-duarte-pide-no-se-difunda-su-rostro\/","name":"Inicia audiencia contra C\u00e9sar Duarte; pide no se difunda su rostro - Fuentes Fidedignas","isPartOf":{"@id":"https:\/\/fuentesfidedignas.com.mx\/#website"},"primaryImageOfPage":{"@id":"https:\/\/fuentesfidedignas.com.mx\/index.php\/2022\/06\/03\/inicia-audiencia-contra-cesar-duarte-pide-no-se-difunda-su-rostro\/#primaryimage"},"image":{"@id":"https:\/\/fuentesfidedignas.com.mx\/index.php\/2022\/06\/03\/inicia-audiencia-contra-cesar-duarte-pide-no-se-difunda-su-rostro\/#primaryimage"},"thumbnailUrl":"https:\/\/fuentesfidedignas.com.mx\/wp-content\/uploads\/2022\/06\/DUARTE.jpg","datePublished":"2022-06-03T16:40:54+00:00","dateModified":"2022-06-03T16:40:57+00:00","breadcrumb":{"@id":"https:\/\/fuentesfidedignas.com.mx\/index.php\/2022\/06\/03\/inicia-audiencia-contra-cesar-duarte-pide-no-se-difunda-su-rostro\/#breadcrumb"},"inLanguage":"es","potentialAction":[{"@type":"ReadAction","target":["https:\/\/fuentesfidedignas.com.mx\/index.php\/2022\/06\/03\/inicia-audiencia-contra-cesar-duarte-pide-no-se-difunda-su-rostro\/"]}]},{"@type":"ImageObject","inLanguage":"es","@id":"https:\/\/fuentesfidedignas.com.mx\/index.php\/2022\/06\/03\/inicia-audiencia-contra-cesar-duarte-pide-no-se-difunda-su-rostro\/#primaryimage","url":"https:\/\/fuentesfidedignas.com.mx\/wp-content\/uploads\/2022\/06\/DUARTE.jpg","contentUrl":"https:\/\/fuentesfidedignas.com.mx\/wp-content\/uploads\/2022\/06\/DUARTE.jpg","width":1332,"height":815},{"@type":"BreadcrumbList","@id":"https:\/\/fuentesfidedignas.com.mx\/index.php\/2022\/06\/03\/inicia-audiencia-contra-cesar-duarte-pide-no-se-difunda-su-rostro\/#breadcrumb","itemListElement":[{"@type":"ListItem","position":1,"name":"Inicio","item":"https:\/\/fuentesfidedignas.com.mx\/"},{"@type":"ListItem","position":2,"name":"Inicia audiencia contra C\u00e9sar Duarte; pide no se difunda su rostro"}]},{"@type":"WebSite","@id":"https:\/\/fuentesfidedignas.com.mx\/#website","url":"https:\/\/fuentesfidedignas.com.mx\/","name":"Fuentes Fidedignas","description":"Otro sitio realizado con WordPress","publisher":{"@id":"https:\/\/fuentesfidedignas.com.mx\/#organization"},"potentialAction":[{"@type":"SearchAction","target":{"@type":"EntryPoint","urlTemplate":"https:\/\/fuentesfidedignas.com.mx\/?s={search_term_string}"},"query-input":{"@type":"PropertyValueSpecification","valueRequired":true,"valueName":"search_term_string"}}],"inLanguage":"es"},{"@type":"Organization","@id":"https:\/\/fuentesfidedignas.com.mx\/#organization","name":"Fuentes Fidedignas","url":"https:\/\/fuentesfidedignas.com.mx\/","logo":{"@type":"ImageObject","inLanguage":"es","@id":"https:\/\/fuentesfidedignas.com.mx\/#\/schema\/logo\/image\/","url":"https:\/\/fuentesfidedignas.com.mx\/wp-content\/uploads\/2021\/04\/logo-retina.png","contentUrl":"https:\/\/fuentesfidedignas.com.mx\/wp-content\/uploads\/2021\/04\/logo-retina.png","width":280,"height":51,"caption":"Fuentes Fidedignas"},"image":{"@id":"https:\/\/fuentesfidedignas.com.mx\/#\/schema\/logo\/image\/"},"sameAs":["https:\/\/www.facebook.com\/Fuentes-Fidedignas-368234489921644","https:\/\/x.com\/fidedignas"]},{"@type":"Person","@id":"https:\/\/fuentesfidedignas.com.mx\/#\/schema\/person\/fee3882e65fd0510d292c43a346d35d7","name":"El Universal","image":{"@type":"ImageObject","inLanguage":"es","@id":"https:\/\/secure.gravatar.com\/avatar\/1ebc94d82b6c3c081781f73e5b76a0d0c1ac7bf8e57426f18802246eeaa2747c?s=96&d=mm&r=g","url":"https:\/\/secure.gravatar.com\/avatar\/1ebc94d82b6c3c081781f73e5b76a0d0c1ac7bf8e57426f18802246eeaa2747c?s=96&d=mm&r=g","contentUrl":"https:\/\/secure.gravatar.com\/avatar\/1ebc94d82b6c3c081781f73e5b76a0d0c1ac7bf8e57426f18802246eeaa2747c?s=96&d=mm&r=g","caption":"El Universal"},"url":"https:\/\/fuentesfidedignas.com.mx\/index.php\/author\/el-universal\/"}]}},"_links":{"self":[{"href":"https:\/\/fuentesfidedignas.com.mx\/index.php\/wp-json\/wp\/v2\/posts\/33259","targetHints":{"allow":["GET"]}}],"collection":[{"href":"https:\/\/fuentesfidedignas.com.mx\/index.php\/wp-json\/wp\/v2\/posts"}],"about":[{"href":"https:\/\/fuentesfidedignas.com.mx\/index.php\/wp-json\/wp\/v2\/types\/post"}],"author":[{"embeddable":true,"href":"https:\/\/fuentesfidedignas.com.mx\/index.php\/wp-json\/wp\/v2\/users\/39"}],"replies":[{"embeddable":true,"href":"https:\/\/fuentesfidedignas.com.mx\/index.php\/wp-json\/wp\/v2\/comments?post=33259"}],"version-history":[{"count":1,"href":"https:\/\/fuentesfidedignas.com.mx\/index.php\/wp-json\/wp\/v2\/posts\/33259\/revisions"}],"predecessor-version":[{"id":33262,"href":"https:\/\/fuentesfidedignas.com.mx\/index.php\/wp-json\/wp\/v2\/posts\/33259\/revisions\/33262"}],"wp:featuredmedia":[{"embeddable":true,"href":"https:\/\/fuentesfidedignas.com.mx\/index.php\/wp-json\/wp\/v2\/media\/33261"}],"wp:attachment":[{"href":"https:\/\/fuentesfidedignas.com.mx\/index.php\/wp-json\/wp\/v2\/media?parent=33259"}],"wp:term":[{"taxonomy":"category","embeddable":true,"href":"https:\/\/fuentesfidedignas.com.mx\/index.php\/wp-json\/wp\/v2\/categories?post=33259"},{"taxonomy":"post_tag","embeddable":true,"href":"https:\/\/fuentesfidedignas.com.mx\/index.php\/wp-json\/wp\/v2\/tags?post=33259"}],"curies":[{"name":"wp","href":"https:\/\/api.w.org\/{rel}","templated":true}]}}