{"id":33047,"date":"2022-05-31T19:19:15","date_gmt":"2022-06-01T01:19:15","guid":{"rendered":"https:\/\/fuentesfidedignas.com.mx\/?p=33047"},"modified":"2022-05-31T19:20:16","modified_gmt":"2022-06-01T01:20:16","slug":"precio-del-aguacate-no-cedera-durante-junio","status":"publish","type":"post","link":"https:\/\/fuentesfidedignas.com.mx\/index.php\/2022\/05\/31\/precio-del-aguacate-no-cedera-durante-junio\/","title":{"rendered":"Precio del aguacate no ceder\u00e1 durante junio"},"content":{"rendered":"\n<p><strong><em>Comprar un kilo de aguacate exige contar con un presupuesto que ronde 100 pesos, mientras especialistas dudan de una pr\u00f3xima rebaja<\/em><\/strong><\/p>\n\n\n\n<p>Ciudad de M\u00e9xico.  Si se te antoja comer aguacate, tu presupuesto para comprar un kilo de dicha fruta debe estar en al menos 100 pesos, ya que este d\u00eda las cadenas de autoservicio lo ofrecen en al menos 89.90 pesos el kilo (Chedraui), y hasta en 125 pesos (Bodega Aurrer\u00e1).<\/p>\n\n\n\n<p>De acuerdo con especialistas, los precios de dicha fruta se mantendr\u00e1n elevados, y ser\u00e1 hasta despu\u00e9s de junio cuando podr\u00edan reflejar o no una rebaja.<\/p>\n\n\n\n<p>Axel Eduardo Gonz\u00e1lez G\u00f3mez, investigador en la organizaci\u00f3n M\u00e9xico \u00bfC\u00f3mo vamos? expone que cada a\u00f1o el precio del aguacate suele mostrar antes de mayo un aumento por la demanda internacional, sin embargo, dicho comportamiento se observ\u00f3 hasta mayo de 2021, mientras que este a\u00f1o la historia ha sido distinta.<\/p>\n\n\n\n<p>\u201cVimos desde noviembre de 2021 que se adelant\u00f3 la tendencia de un mayor precio del aguacate\u201d, expone Gonz\u00e1lez G\u00f3mez en entrevista.<\/p>\n\n\n\n<p>Desde diciembre de 2021, se adelant\u00f3 el incremento, 3 o 4 meses, y los altos precios se han mantenido hasta mayo de 2022, dice.<\/p>\n\n\n\n<p>\u201cHabr\u00e1 que ver si despu\u00e9s de mayo o junio que pase esta etapa estacional de incremento de precios se recuperan los precios del aguacate\u201d, expresa, aunque advierte que hay razones para suponer que el producto no regresar\u00e1 a precios bajos como lo hac\u00eda en a\u00f1os anteriores.<\/p>\n\n\n\n<p>El conflicto entre Rusia y Ucrania es uno de los factores que presiona el precio de los alimentos, seg\u00fan el investigador de M\u00e9xico \u00bfC\u00f3mo vamos? organizaci\u00f3n de especialistas dedicados a los datos econ\u00f3micos y a la b\u00fasqueda del crecimiento sostenido del pa\u00eds.<\/p>\n\n\n\n<p>Detalla que la presi\u00f3n en los precios de fertilizantes repercute en las cadenas agropecuarias y en el precio de los alimentos, como el aguacate.<\/p>\n","protected":false},"excerpt":{"rendered":"<p>Comprar un kilo de aguacate exige contar con un presupuesto que ronde 100 pesos, mientras especialistas dudan de una pr\u00f3xima rebaja Ciudad de M\u00e9xico. Si se te antoja comer aguacate, tu presupuesto para comprar un kilo de dicha fruta debe estar en al menos 100 pesos, ya que este d\u00eda las cadenas de autoservicio lo [&hellip;]<\/p>\n","protected":false},"author":5,"featured_media":33049,"comment_status":"open","ping_status":"open","sticky":false,"template":"","format":"standard","meta":{"tdm_status":"","tdm_grid_status":"","footnotes":""},"categories":[39],"tags":[],"class_list":{"0":"post-33047","1":"post","2":"type-post","3":"status-publish","4":"format-standard","5":"has-post-thumbnail","7":"category-noticias-nacionales"},"yoast_head":"<!-- This site is optimized with the Yoast SEO plugin v27.4 - https:\/\/yoast.com\/product\/yoast-seo-wordpress\/ -->\n<title>Precio del aguacate no ceder\u00e1 durante junio - Fuentes Fidedignas<\/title>\n<meta name=\"robots\" content=\"index, follow, max-snippet:-1, max-image-preview:large, max-video-preview:-1\" \/>\n<link rel=\"canonical\" href=\"https:\/\/fuentesfidedignas.com.mx\/index.php\/2022\/05\/31\/precio-del-aguacate-no-cedera-durante-junio\/\" \/>\n<meta property=\"og:locale\" content=\"es_MX\" \/>\n<meta property=\"og:type\" content=\"article\" \/>\n<meta property=\"og:title\" content=\"Precio del aguacate no ceder\u00e1 durante junio - Fuentes Fidedignas\" \/>\n<meta property=\"og:description\" content=\"Comprar un kilo de aguacate exige contar con un presupuesto que ronde 100 pesos, mientras especialistas dudan de una pr\u00f3xima rebaja Ciudad de M\u00e9xico. Si se te antoja comer aguacate, tu presupuesto para comprar un kilo de dicha fruta debe estar en al menos 100 pesos, ya que este d\u00eda las cadenas de autoservicio lo [&hellip;]\" \/>\n<meta property=\"og:url\" content=\"https:\/\/fuentesfidedignas.com.mx\/index.php\/2022\/05\/31\/precio-del-aguacate-no-cedera-durante-junio\/\" \/>\n<meta property=\"og:site_name\" content=\"Fuentes Fidedignas\" \/>\n<meta property=\"article:publisher\" content=\"https:\/\/www.facebook.com\/Fuentes-Fidedignas-368234489921644\" \/>\n<meta property=\"article:published_time\" content=\"2022-06-01T01:19:15+00:00\" \/>\n<meta property=\"article:modified_time\" content=\"2022-06-01T01:20:16+00:00\" \/>\n<meta property=\"og:image\" content=\"https:\/\/fuentesfidedignas.com.mx\/wp-content\/uploads\/2022\/05\/bethany-randall-XgZ0et0FUS8-unsplash-1-scaled-e1654029234914.jpg\" \/>\n\t<meta property=\"og:image:width\" content=\"1278\" \/>\n\t<meta property=\"og:image:height\" content=\"722\" \/>\n\t<meta property=\"og:image:type\" content=\"image\/jpeg\" \/>\n<meta name=\"author\" content=\"Forbes\" \/>\n<meta name=\"twitter:card\" content=\"summary_large_image\" \/>\n<meta name=\"twitter:creator\" content=\"@fidedignas\" \/>\n<meta name=\"twitter:site\" content=\"@fidedignas\" \/>\n<meta name=\"twitter:label1\" content=\"Escrito por\" \/>\n\t<meta name=\"twitter:data1\" content=\"Forbes\" \/>\n\t<meta name=\"twitter:label2\" content=\"Tiempo de lectura\" \/>\n\t<meta name=\"twitter:data2\" content=\"2 minutos\" \/>\n<script type=\"application\/ld+json\" class=\"yoast-schema-graph\">{\"@context\":\"https:\\\/\\\/schema.org\",\"@graph\":[{\"@type\":\"Article\",\"@id\":\"https:\\\/\\\/fuentesfidedignas.com.mx\\\/index.php\\\/2022\\\/05\\\/31\\\/precio-del-aguacate-no-cedera-durante-junio\\\/#article\",\"isPartOf\":{\"@id\":\"https:\\\/\\\/fuentesfidedignas.com.mx\\\/index.php\\\/2022\\\/05\\\/31\\\/precio-del-aguacate-no-cedera-durante-junio\\\/\"},\"author\":{\"name\":\"Forbes\",\"@id\":\"https:\\\/\\\/fuentesfidedignas.com.mx\\\/#\\\/schema\\\/person\\\/5623d53fe2e579d825b1679734abcc44\"},\"headline\":\"Precio del aguacate no ceder\u00e1 durante junio\",\"datePublished\":\"2022-06-01T01:19:15+00:00\",\"dateModified\":\"2022-06-01T01:20:16+00:00\",\"mainEntityOfPage\":{\"@id\":\"https:\\\/\\\/fuentesfidedignas.com.mx\\\/index.php\\\/2022\\\/05\\\/31\\\/precio-del-aguacate-no-cedera-durante-junio\\\/\"},\"wordCount\":325,\"commentCount\":0,\"publisher\":{\"@id\":\"https:\\\/\\\/fuentesfidedignas.com.mx\\\/#organization\"},\"image\":{\"@id\":\"https:\\\/\\\/fuentesfidedignas.com.mx\\\/index.php\\\/2022\\\/05\\\/31\\\/precio-del-aguacate-no-cedera-durante-junio\\\/#primaryimage\"},\"thumbnailUrl\":\"https:\\\/\\\/fuentesfidedignas.com.mx\\\/wp-content\\\/uploads\\\/2022\\\/05\\\/bethany-randall-XgZ0et0FUS8-unsplash-1-scaled-e1654029234914.jpg\",\"articleSection\":[\"NOTICIAS NACIONALES\"],\"inLanguage\":\"es\",\"potentialAction\":[{\"@type\":\"CommentAction\",\"name\":\"Comment\",\"target\":[\"https:\\\/\\\/fuentesfidedignas.com.mx\\\/index.php\\\/2022\\\/05\\\/31\\\/precio-del-aguacate-no-cedera-durante-junio\\\/#respond\"]}]},{\"@type\":\"WebPage\",\"@id\":\"https:\\\/\\\/fuentesfidedignas.com.mx\\\/index.php\\\/2022\\\/05\\\/31\\\/precio-del-aguacate-no-cedera-durante-junio\\\/\",\"url\":\"https:\\\/\\\/fuentesfidedignas.com.mx\\\/index.php\\\/2022\\\/05\\\/31\\\/precio-del-aguacate-no-cedera-durante-junio\\\/\",\"name\":\"Precio del aguacate no ceder\u00e1 durante junio - Fuentes Fidedignas\",\"isPartOf\":{\"@id\":\"https:\\\/\\\/fuentesfidedignas.com.mx\\\/#website\"},\"primaryImageOfPage\":{\"@id\":\"https:\\\/\\\/fuentesfidedignas.com.mx\\\/index.php\\\/2022\\\/05\\\/31\\\/precio-del-aguacate-no-cedera-durante-junio\\\/#primaryimage\"},\"image\":{\"@id\":\"https:\\\/\\\/fuentesfidedignas.com.mx\\\/index.php\\\/2022\\\/05\\\/31\\\/precio-del-aguacate-no-cedera-durante-junio\\\/#primaryimage\"},\"thumbnailUrl\":\"https:\\\/\\\/fuentesfidedignas.com.mx\\\/wp-content\\\/uploads\\\/2022\\\/05\\\/bethany-randall-XgZ0et0FUS8-unsplash-1-scaled-e1654029234914.jpg\",\"datePublished\":\"2022-06-01T01:19:15+00:00\",\"dateModified\":\"2022-06-01T01:20:16+00:00\",\"breadcrumb\":{\"@id\":\"https:\\\/\\\/fuentesfidedignas.com.mx\\\/index.php\\\/2022\\\/05\\\/31\\\/precio-del-aguacate-no-cedera-durante-junio\\\/#breadcrumb\"},\"inLanguage\":\"es\",\"potentialAction\":[{\"@type\":\"ReadAction\",\"target\":[\"https:\\\/\\\/fuentesfidedignas.com.mx\\\/index.php\\\/2022\\\/05\\\/31\\\/precio-del-aguacate-no-cedera-durante-junio\\\/\"]}]},{\"@type\":\"ImageObject\",\"inLanguage\":\"es\",\"@id\":\"https:\\\/\\\/fuentesfidedignas.com.mx\\\/index.php\\\/2022\\\/05\\\/31\\\/precio-del-aguacate-no-cedera-durante-junio\\\/#primaryimage\",\"url\":\"https:\\\/\\\/fuentesfidedignas.com.mx\\\/wp-content\\\/uploads\\\/2022\\\/05\\\/bethany-randall-XgZ0et0FUS8-unsplash-1-scaled-e1654029234914.jpg\",\"contentUrl\":\"https:\\\/\\\/fuentesfidedignas.com.mx\\\/wp-content\\\/uploads\\\/2022\\\/05\\\/bethany-randall-XgZ0et0FUS8-unsplash-1-scaled-e1654029234914.jpg\",\"width\":1278,\"height\":722},{\"@type\":\"BreadcrumbList\",\"@id\":\"https:\\\/\\\/fuentesfidedignas.com.mx\\\/index.php\\\/2022\\\/05\\\/31\\\/precio-del-aguacate-no-cedera-durante-junio\\\/#breadcrumb\",\"itemListElement\":[{\"@type\":\"ListItem\",\"position\":1,\"name\":\"Inicio\",\"item\":\"https:\\\/\\\/fuentesfidedignas.com.mx\\\/\"},{\"@type\":\"ListItem\",\"position\":2,\"name\":\"Precio del aguacate no ceder\u00e1 durante junio\"}]},{\"@type\":\"WebSite\",\"@id\":\"https:\\\/\\\/fuentesfidedignas.com.mx\\\/#website\",\"url\":\"https:\\\/\\\/fuentesfidedignas.com.mx\\\/\",\"name\":\"Fuentes Fidedignas\",\"description\":\"Otro sitio realizado con WordPress\",\"publisher\":{\"@id\":\"https:\\\/\\\/fuentesfidedignas.com.mx\\\/#organization\"},\"potentialAction\":[{\"@type\":\"SearchAction\",\"target\":{\"@type\":\"EntryPoint\",\"urlTemplate\":\"https:\\\/\\\/fuentesfidedignas.com.mx\\\/?s={search_term_string}\"},\"query-input\":{\"@type\":\"PropertyValueSpecification\",\"valueRequired\":true,\"valueName\":\"search_term_string\"}}],\"inLanguage\":\"es\"},{\"@type\":\"Organization\",\"@id\":\"https:\\\/\\\/fuentesfidedignas.com.mx\\\/#organization\",\"name\":\"Fuentes Fidedignas\",\"url\":\"https:\\\/\\\/fuentesfidedignas.com.mx\\\/\",\"logo\":{\"@type\":\"ImageObject\",\"inLanguage\":\"es\",\"@id\":\"https:\\\/\\\/fuentesfidedignas.com.mx\\\/#\\\/schema\\\/logo\\\/image\\\/\",\"url\":\"https:\\\/\\\/fuentesfidedignas.com.mx\\\/wp-content\\\/uploads\\\/2021\\\/04\\\/logo-retina.png\",\"contentUrl\":\"https:\\\/\\\/fuentesfidedignas.com.mx\\\/wp-content\\\/uploads\\\/2021\\\/04\\\/logo-retina.png\",\"width\":280,\"height\":51,\"caption\":\"Fuentes Fidedignas\"},\"image\":{\"@id\":\"https:\\\/\\\/fuentesfidedignas.com.mx\\\/#\\\/schema\\\/logo\\\/image\\\/\"},\"sameAs\":[\"https:\\\/\\\/www.facebook.com\\\/Fuentes-Fidedignas-368234489921644\",\"https:\\\/\\\/x.com\\\/fidedignas\"]},{\"@type\":\"Person\",\"@id\":\"https:\\\/\\\/fuentesfidedignas.com.mx\\\/#\\\/schema\\\/person\\\/5623d53fe2e579d825b1679734abcc44\",\"name\":\"Forbes\",\"image\":{\"@type\":\"ImageObject\",\"inLanguage\":\"es\",\"@id\":\"https:\\\/\\\/secure.gravatar.com\\\/avatar\\\/87ce3dd4e41e60c22a79c758614f01a6bc2469255fc936ec7b15efb9bb5cb66f?s=96&d=mm&r=g\",\"url\":\"https:\\\/\\\/secure.gravatar.com\\\/avatar\\\/87ce3dd4e41e60c22a79c758614f01a6bc2469255fc936ec7b15efb9bb5cb66f?s=96&d=mm&r=g\",\"contentUrl\":\"https:\\\/\\\/secure.gravatar.com\\\/avatar\\\/87ce3dd4e41e60c22a79c758614f01a6bc2469255fc936ec7b15efb9bb5cb66f?s=96&d=mm&r=g\",\"caption\":\"Forbes\"},\"url\":\"https:\\\/\\\/fuentesfidedignas.com.mx\\\/index.php\\\/author\\\/forbes\\\/\"}]}<\/script>\n<!-- \/ Yoast SEO plugin. -->","yoast_head_json":{"title":"Precio del aguacate no ceder\u00e1 durante junio - Fuentes Fidedignas","robots":{"index":"index","follow":"follow","max-snippet":"max-snippet:-1","max-image-preview":"max-image-preview:large","max-video-preview":"max-video-preview:-1"},"canonical":"https:\/\/fuentesfidedignas.com.mx\/index.php\/2022\/05\/31\/precio-del-aguacate-no-cedera-durante-junio\/","og_locale":"es_MX","og_type":"article","og_title":"Precio del aguacate no ceder\u00e1 durante junio - Fuentes Fidedignas","og_description":"Comprar un kilo de aguacate exige contar con un presupuesto que ronde 100 pesos, mientras especialistas dudan de una pr\u00f3xima rebaja Ciudad de M\u00e9xico. Si se te antoja comer aguacate, tu presupuesto para comprar un kilo de dicha fruta debe estar en al menos 100 pesos, ya que este d\u00eda las cadenas de autoservicio lo [&hellip;]","og_url":"https:\/\/fuentesfidedignas.com.mx\/index.php\/2022\/05\/31\/precio-del-aguacate-no-cedera-durante-junio\/","og_site_name":"Fuentes Fidedignas","article_publisher":"https:\/\/www.facebook.com\/Fuentes-Fidedignas-368234489921644","article_published_time":"2022-06-01T01:19:15+00:00","article_modified_time":"2022-06-01T01:20:16+00:00","og_image":[{"width":1278,"height":722,"url":"https:\/\/fuentesfidedignas.com.mx\/wp-content\/uploads\/2022\/05\/bethany-randall-XgZ0et0FUS8-unsplash-1-scaled-e1654029234914.jpg","type":"image\/jpeg"}],"author":"Forbes","twitter_card":"summary_large_image","twitter_creator":"@fidedignas","twitter_site":"@fidedignas","twitter_misc":{"Escrito por":"Forbes","Tiempo de lectura":"2 minutos"},"schema":{"@context":"https:\/\/schema.org","@graph":[{"@type":"Article","@id":"https:\/\/fuentesfidedignas.com.mx\/index.php\/2022\/05\/31\/precio-del-aguacate-no-cedera-durante-junio\/#article","isPartOf":{"@id":"https:\/\/fuentesfidedignas.com.mx\/index.php\/2022\/05\/31\/precio-del-aguacate-no-cedera-durante-junio\/"},"author":{"name":"Forbes","@id":"https:\/\/fuentesfidedignas.com.mx\/#\/schema\/person\/5623d53fe2e579d825b1679734abcc44"},"headline":"Precio del aguacate no ceder\u00e1 durante junio","datePublished":"2022-06-01T01:19:15+00:00","dateModified":"2022-06-01T01:20:16+00:00","mainEntityOfPage":{"@id":"https:\/\/fuentesfidedignas.com.mx\/index.php\/2022\/05\/31\/precio-del-aguacate-no-cedera-durante-junio\/"},"wordCount":325,"commentCount":0,"publisher":{"@id":"https:\/\/fuentesfidedignas.com.mx\/#organization"},"image":{"@id":"https:\/\/fuentesfidedignas.com.mx\/index.php\/2022\/05\/31\/precio-del-aguacate-no-cedera-durante-junio\/#primaryimage"},"thumbnailUrl":"https:\/\/fuentesfidedignas.com.mx\/wp-content\/uploads\/2022\/05\/bethany-randall-XgZ0et0FUS8-unsplash-1-scaled-e1654029234914.jpg","articleSection":["NOTICIAS NACIONALES"],"inLanguage":"es","potentialAction":[{"@type":"CommentAction","name":"Comment","target":["https:\/\/fuentesfidedignas.com.mx\/index.php\/2022\/05\/31\/precio-del-aguacate-no-cedera-durante-junio\/#respond"]}]},{"@type":"WebPage","@id":"https:\/\/fuentesfidedignas.com.mx\/index.php\/2022\/05\/31\/precio-del-aguacate-no-cedera-durante-junio\/","url":"https:\/\/fuentesfidedignas.com.mx\/index.php\/2022\/05\/31\/precio-del-aguacate-no-cedera-durante-junio\/","name":"Precio del aguacate no ceder\u00e1 durante junio - Fuentes Fidedignas","isPartOf":{"@id":"https:\/\/fuentesfidedignas.com.mx\/#website"},"primaryImageOfPage":{"@id":"https:\/\/fuentesfidedignas.com.mx\/index.php\/2022\/05\/31\/precio-del-aguacate-no-cedera-durante-junio\/#primaryimage"},"image":{"@id":"https:\/\/fuentesfidedignas.com.mx\/index.php\/2022\/05\/31\/precio-del-aguacate-no-cedera-durante-junio\/#primaryimage"},"thumbnailUrl":"https:\/\/fuentesfidedignas.com.mx\/wp-content\/uploads\/2022\/05\/bethany-randall-XgZ0et0FUS8-unsplash-1-scaled-e1654029234914.jpg","datePublished":"2022-06-01T01:19:15+00:00","dateModified":"2022-06-01T01:20:16+00:00","breadcrumb":{"@id":"https:\/\/fuentesfidedignas.com.mx\/index.php\/2022\/05\/31\/precio-del-aguacate-no-cedera-durante-junio\/#breadcrumb"},"inLanguage":"es","potentialAction":[{"@type":"ReadAction","target":["https:\/\/fuentesfidedignas.com.mx\/index.php\/2022\/05\/31\/precio-del-aguacate-no-cedera-durante-junio\/"]}]},{"@type":"ImageObject","inLanguage":"es","@id":"https:\/\/fuentesfidedignas.com.mx\/index.php\/2022\/05\/31\/precio-del-aguacate-no-cedera-durante-junio\/#primaryimage","url":"https:\/\/fuentesfidedignas.com.mx\/wp-content\/uploads\/2022\/05\/bethany-randall-XgZ0et0FUS8-unsplash-1-scaled-e1654029234914.jpg","contentUrl":"https:\/\/fuentesfidedignas.com.mx\/wp-content\/uploads\/2022\/05\/bethany-randall-XgZ0et0FUS8-unsplash-1-scaled-e1654029234914.jpg","width":1278,"height":722},{"@type":"BreadcrumbList","@id":"https:\/\/fuentesfidedignas.com.mx\/index.php\/2022\/05\/31\/precio-del-aguacate-no-cedera-durante-junio\/#breadcrumb","itemListElement":[{"@type":"ListItem","position":1,"name":"Inicio","item":"https:\/\/fuentesfidedignas.com.mx\/"},{"@type":"ListItem","position":2,"name":"Precio del aguacate no ceder\u00e1 durante junio"}]},{"@type":"WebSite","@id":"https:\/\/fuentesfidedignas.com.mx\/#website","url":"https:\/\/fuentesfidedignas.com.mx\/","name":"Fuentes Fidedignas","description":"Otro sitio realizado con WordPress","publisher":{"@id":"https:\/\/fuentesfidedignas.com.mx\/#organization"},"potentialAction":[{"@type":"SearchAction","target":{"@type":"EntryPoint","urlTemplate":"https:\/\/fuentesfidedignas.com.mx\/?s={search_term_string}"},"query-input":{"@type":"PropertyValueSpecification","valueRequired":true,"valueName":"search_term_string"}}],"inLanguage":"es"},{"@type":"Organization","@id":"https:\/\/fuentesfidedignas.com.mx\/#organization","name":"Fuentes Fidedignas","url":"https:\/\/fuentesfidedignas.com.mx\/","logo":{"@type":"ImageObject","inLanguage":"es","@id":"https:\/\/fuentesfidedignas.com.mx\/#\/schema\/logo\/image\/","url":"https:\/\/fuentesfidedignas.com.mx\/wp-content\/uploads\/2021\/04\/logo-retina.png","contentUrl":"https:\/\/fuentesfidedignas.com.mx\/wp-content\/uploads\/2021\/04\/logo-retina.png","width":280,"height":51,"caption":"Fuentes Fidedignas"},"image":{"@id":"https:\/\/fuentesfidedignas.com.mx\/#\/schema\/logo\/image\/"},"sameAs":["https:\/\/www.facebook.com\/Fuentes-Fidedignas-368234489921644","https:\/\/x.com\/fidedignas"]},{"@type":"Person","@id":"https:\/\/fuentesfidedignas.com.mx\/#\/schema\/person\/5623d53fe2e579d825b1679734abcc44","name":"Forbes","image":{"@type":"ImageObject","inLanguage":"es","@id":"https:\/\/secure.gravatar.com\/avatar\/87ce3dd4e41e60c22a79c758614f01a6bc2469255fc936ec7b15efb9bb5cb66f?s=96&d=mm&r=g","url":"https:\/\/secure.gravatar.com\/avatar\/87ce3dd4e41e60c22a79c758614f01a6bc2469255fc936ec7b15efb9bb5cb66f?s=96&d=mm&r=g","contentUrl":"https:\/\/secure.gravatar.com\/avatar\/87ce3dd4e41e60c22a79c758614f01a6bc2469255fc936ec7b15efb9bb5cb66f?s=96&d=mm&r=g","caption":"Forbes"},"url":"https:\/\/fuentesfidedignas.com.mx\/index.php\/author\/forbes\/"}]}},"_links":{"self":[{"href":"https:\/\/fuentesfidedignas.com.mx\/index.php\/wp-json\/wp\/v2\/posts\/33047","targetHints":{"allow":["GET"]}}],"collection":[{"href":"https:\/\/fuentesfidedignas.com.mx\/index.php\/wp-json\/wp\/v2\/posts"}],"about":[{"href":"https:\/\/fuentesfidedignas.com.mx\/index.php\/wp-json\/wp\/v2\/types\/post"}],"author":[{"embeddable":true,"href":"https:\/\/fuentesfidedignas.com.mx\/index.php\/wp-json\/wp\/v2\/users\/5"}],"replies":[{"embeddable":true,"href":"https:\/\/fuentesfidedignas.com.mx\/index.php\/wp-json\/wp\/v2\/comments?post=33047"}],"version-history":[{"count":1,"href":"https:\/\/fuentesfidedignas.com.mx\/index.php\/wp-json\/wp\/v2\/posts\/33047\/revisions"}],"predecessor-version":[{"id":33048,"href":"https:\/\/fuentesfidedignas.com.mx\/index.php\/wp-json\/wp\/v2\/posts\/33047\/revisions\/33048"}],"wp:featuredmedia":[{"embeddable":true,"href":"https:\/\/fuentesfidedignas.com.mx\/index.php\/wp-json\/wp\/v2\/media\/33049"}],"wp:attachment":[{"href":"https:\/\/fuentesfidedignas.com.mx\/index.php\/wp-json\/wp\/v2\/media?parent=33047"}],"wp:term":[{"taxonomy":"category","embeddable":true,"href":"https:\/\/fuentesfidedignas.com.mx\/index.php\/wp-json\/wp\/v2\/categories?post=33047"},{"taxonomy":"post_tag","embeddable":true,"href":"https:\/\/fuentesfidedignas.com.mx\/index.php\/wp-json\/wp\/v2\/tags?post=33047"}],"curies":[{"name":"wp","href":"https:\/\/api.w.org\/{rel}","templated":true}]}}