{"id":33020,"date":"2022-05-31T14:08:00","date_gmt":"2022-05-31T20:08:00","guid":{"rendered":"https:\/\/fuentesfidedignas.com.mx\/?p=33020"},"modified":"2022-05-31T14:10:34","modified_gmt":"2022-05-31T20:10:34","slug":"33020","status":"publish","type":"post","link":"https:\/\/fuentesfidedignas.com.mx\/index.php\/2022\/05\/31\/33020\/","title":{"rendered":"Presenta Estrada Ferreiro el Plan Municipal de Desarrollo 2021-2024"},"content":{"rendered":"\n<p><strong><em>Sus ejes son Gobierno Eficiente y Transparente, Combate a la Corrupci\u00f3n, Ciudad Ordenada y S<\/em><\/strong><em><strong>ostenible; Bienestar Social; Bienestar Econ\u00f3mico; Servicios P\u00fablicos de Calidad; Construcci\u00f3n de Paz; y Eje Infantil<\/strong><\/em><\/p>\n\n\n\n<p>Culiac\u00e1n, Sin.- Ante representantes de los Tres Poderes de la Uni\u00f3n en Sinaloa, organismos empresariales, instituciones educativas, autoridades militares, asociaciones civiles y sociedad en general, el alcalde Lic. Jes\u00fas Estrada Ferreiro present\u00f3 el Plan Municipal de Desarrollo 2021-2024.<\/p>\n\n\n\n<p>Documento que, detall\u00f3, se elabor\u00f3 a trav\u00e9s de los Foros de Consulta Ciudadana organizados por el Comit\u00e9 de Planeaci\u00f3n para el Desarrollo del Municipio de Culiac\u00e1n (COPLADEM), donde miles de habitantes de la capital expusieron sus propuestas, sugerencias y recomendaciones, de manera activa, con el prop\u00f3sito de orientar las pol\u00edticas p\u00fablicas de gobierno para cumplir las metas y proyectas trazados en los siguientes ejes:<\/p>\n\n\n\n<p>Gobierno Eficiente y Transparente, Combate a la Corrupci\u00f3n, Ciudad Ordenada y Sostenible; Bienestar Social; Bienestar Econ\u00f3mico; Servicios P\u00fablicos de Calidad; Construcci\u00f3n de Paz; y Eje Infantil.<\/p>\n\n\n\n<p>Mismos que se desarrollar\u00e1n a la par, y de manera alineada, con las cuatro estrategias transversales, entre ellas \u201cEl Peat\u00f3n es Primero\u201d, para lograr una movilidad para todas y todos, \u201cDerechos de Ni\u00f1as, Ni\u00f1os y Adolescentes\u201d, para hacer realidad el inter\u00e9s superior de ni\u00f1as y ni\u00f1os.<\/p>\n\n\n\n<p>As\u00ed como tambi\u00e9n \u201cEl Cuidado del Medio Ambiente\u201d, siendo el planeta el hogar com\u00fan de todos, y finalmente \u201cLa Igualdad de G\u00e9nero e Inclusi\u00f3n\u201d, siendo prioridad la atenci\u00f3n a temas tan lacerantes como la violencia contra las mujeres.<\/p>\n\n\n\n<p>Estrada Ferreiro destac\u00f3 que el trabajo y esfuerzo realizado en los foros de participaci\u00f3n ciudadana, es un ejercicio de gobierno que otorga continuidad democr\u00e1tica, permitiendo transitar a un estado de derecho en el que la sociedad sea escuchada y tomada en cuenta en sus propuestas y necesidades.<\/p>\n\n\n\n<p>\u201c\u00bfQui\u00e9n m\u00e1s que un ejidatario, un campesino, un obrero, un empleado y cualquier ciudadano, que sufre las consecuencias de la inflaci\u00f3n, la pandemia y la pobreza, para pedir lo que realmente necesitan?, ah\u00ed reside la importancia de estas consultas, porque nos permite conocer lo que realmente carece el pueblo, y nosotros como gobierno proveer para atender sus problem\u00e1ticas en la medida de lo posible\u201d, expuso.<\/p>\n\n\n\n<p>Sin embargo, enfatiz\u00f3 que para esta labor es necesario contar con la sustentabilidad econ\u00f3mica, situaci\u00f3n que se ha venido padeciendo desde la primera etapa de la administraci\u00f3n municipal que preside, derivado de acciones que el Congreso del Estado ha tomado, las cuales atentaron en contra de la autonom\u00eda hacendaria del municipio, afectando de manera directa a la poblaci\u00f3n m\u00e1s vulnerable de Culiac\u00e1n.<\/p>\n\n\n\n<p>\u201cA\u00fan con este escenario adverso, hemos logrado cumplir importantes objetivos a favor del bienestar social y, sobre todo, sanear las finanzas del municipio a trav\u00e9s de estrategias de austeridad y recaudamiento, que nos han valido premios y reconocimientos a nivel nacional, siendo la primera administraci\u00f3n municipal en la historia de Culiac\u00e1n que ha logrado reducir la deuda p\u00fablica del Ayuntamiento\u201d, manifest\u00f3.<\/p>\n\n\n\n<p>Por su parte, el Secretario de Administraci\u00f3n y Finanzas del Gobierno de Sinaloa, Enrique Alonso D\u00edaz de la Vega, en representaci\u00f3n del Gobernador Rub\u00e9n Rocha Moya, hizo extensiva una felicitaci\u00f3n a las autoridades municipales por el trabajo que llevaron a cabo en la elaboraci\u00f3n del Plan Municipal de Desarrollo 2021.-2024.<\/p>\n\n\n\n<p>Destac\u00f3 que Culiac\u00e1n con el 26 por ciento del total de la poblaci\u00f3n en Sinaloa, genera el 40.3 por ciento del PIB estatal, adem\u00e1s es sede de los poderes pol\u00edticos y constitucionales de Sinaloa, lo que hace de Culiac\u00e1n el municipio l\u00edder del desarrollo pol\u00edtico y econ\u00f3mico de la entidad.<\/p>\n\n\n\n<p>\u201cPor ello es fundamental crear sinergias institucionales y sumar esfuerzos para alcanzar metas comunes a todos los niveles y \u00f3rdenes de gobierno; compartiendo diagn\u00f3sticos, estrategias y objetivos entre el Plan Municipal de Desarrollo y el Plan Estatal de Desarrollo, en beneficio de los culiacanenses y todos los sinaloenses\u201d, declar\u00f3 Alonso D\u00edaz.<\/p>\n","protected":false},"excerpt":{"rendered":"<p>Sus ejes son Gobierno Eficiente y Transparente, Combate a la Corrupci\u00f3n, Ciudad Ordenada y Sostenible; Bienestar Social; Bienestar Econ\u00f3mico; Servicios P\u00fablicos de Calidad; Construcci\u00f3n de Paz; y Eje Infantil Culiac\u00e1n, Sin.- Ante representantes de los Tres Poderes de la Uni\u00f3n en Sinaloa, organismos empresariales, instituciones educativas, autoridades militares, asociaciones civiles y sociedad en general, el [&hellip;]<\/p>\n","protected":false},"author":4,"featured_media":33021,"comment_status":"open","ping_status":"open","sticky":false,"template":"","format":"standard","meta":{"tdm_status":"","tdm_grid_status":"","footnotes":""},"categories":[38],"tags":[1041,782],"class_list":{"0":"post-33020","1":"post","2":"type-post","3":"status-publish","4":"format-standard","5":"has-post-thumbnail","7":"category-noticias-locales","8":"tag-ayuntamiento-de-culiacan","9":"tag-jesus-estrada-ferreiro"},"yoast_head":"<!-- This site is optimized with the Yoast SEO plugin v27.5 - https:\/\/yoast.com\/product\/yoast-seo-wordpress\/ -->\n<title>Presenta Estrada Ferreiro el Plan Municipal de Desarrollo 2021-2024 - Fuentes Fidedignas<\/title>\n<meta name=\"robots\" content=\"index, follow, max-snippet:-1, max-image-preview:large, max-video-preview:-1\" \/>\n<link rel=\"canonical\" href=\"https:\/\/fuentesfidedignas.com.mx\/index.php\/2022\/05\/31\/33020\/\" \/>\n<meta property=\"og:locale\" content=\"es_MX\" \/>\n<meta property=\"og:type\" content=\"article\" \/>\n<meta property=\"og:title\" content=\"Presenta Estrada Ferreiro el Plan Municipal de Desarrollo 2021-2024 - Fuentes Fidedignas\" \/>\n<meta property=\"og:description\" content=\"Sus ejes son Gobierno Eficiente y Transparente, Combate a la Corrupci\u00f3n, Ciudad Ordenada y Sostenible; Bienestar Social; Bienestar Econ\u00f3mico; Servicios P\u00fablicos de Calidad; Construcci\u00f3n de Paz; y Eje Infantil Culiac\u00e1n, Sin.- Ante representantes de los Tres Poderes de la Uni\u00f3n en Sinaloa, organismos empresariales, instituciones educativas, autoridades militares, asociaciones civiles y sociedad en general, el [&hellip;]\" \/>\n<meta property=\"og:url\" content=\"https:\/\/fuentesfidedignas.com.mx\/index.php\/2022\/05\/31\/33020\/\" \/>\n<meta property=\"og:site_name\" content=\"Fuentes Fidedignas\" \/>\n<meta property=\"article:publisher\" content=\"https:\/\/www.facebook.com\/Fuentes-Fidedignas-368234489921644\" \/>\n<meta property=\"article:published_time\" content=\"2022-05-31T20:08:00+00:00\" \/>\n<meta property=\"article:modified_time\" content=\"2022-05-31T20:10:34+00:00\" \/>\n<meta property=\"og:image\" content=\"https:\/\/fuentesfidedignas.com.mx\/wp-content\/uploads\/2022\/05\/73bef2de-a23b-4133-9ecb-3cf2de66622f.jpg\" \/>\n\t<meta property=\"og:image:width\" content=\"1392\" \/>\n\t<meta property=\"og:image:height\" content=\"928\" \/>\n\t<meta property=\"og:image:type\" content=\"image\/jpeg\" \/>\n<meta name=\"author\" content=\"Redacci\u00f3n\" \/>\n<meta name=\"twitter:card\" content=\"summary_large_image\" \/>\n<meta name=\"twitter:creator\" content=\"@fidedignas\" \/>\n<meta name=\"twitter:site\" content=\"@fidedignas\" \/>\n<meta name=\"twitter:label1\" content=\"Escrito por\" \/>\n\t<meta name=\"twitter:data1\" content=\"Redacci\u00f3n\" \/>\n\t<meta name=\"twitter:label2\" content=\"Tiempo de lectura\" \/>\n\t<meta name=\"twitter:data2\" content=\"3 minutos\" \/>\n<script type=\"application\/ld+json\" class=\"yoast-schema-graph\">{\"@context\":\"https:\\\/\\\/schema.org\",\"@graph\":[{\"@type\":\"Article\",\"@id\":\"https:\\\/\\\/fuentesfidedignas.com.mx\\\/index.php\\\/2022\\\/05\\\/31\\\/33020\\\/#article\",\"isPartOf\":{\"@id\":\"https:\\\/\\\/fuentesfidedignas.com.mx\\\/index.php\\\/2022\\\/05\\\/31\\\/33020\\\/\"},\"author\":{\"name\":\"Redacci\u00f3n\",\"@id\":\"https:\\\/\\\/fuentesfidedignas.com.mx\\\/#\\\/schema\\\/person\\\/331be9283d37198e2acd5750279085b0\"},\"headline\":\"Presenta Estrada Ferreiro el Plan Municipal de Desarrollo 2021-2024\",\"datePublished\":\"2022-05-31T20:08:00+00:00\",\"dateModified\":\"2022-05-31T20:10:34+00:00\",\"mainEntityOfPage\":{\"@id\":\"https:\\\/\\\/fuentesfidedignas.com.mx\\\/index.php\\\/2022\\\/05\\\/31\\\/33020\\\/\"},\"wordCount\":699,\"commentCount\":0,\"publisher\":{\"@id\":\"https:\\\/\\\/fuentesfidedignas.com.mx\\\/#organization\"},\"image\":{\"@id\":\"https:\\\/\\\/fuentesfidedignas.com.mx\\\/index.php\\\/2022\\\/05\\\/31\\\/33020\\\/#primaryimage\"},\"thumbnailUrl\":\"https:\\\/\\\/fuentesfidedignas.com.mx\\\/wp-content\\\/uploads\\\/2022\\\/05\\\/73bef2de-a23b-4133-9ecb-3cf2de66622f.jpg\",\"keywords\":[\"Ayuntamiento de Culiac\u00e1n\",\"Jes\u00fas Estrada Ferreiro\"],\"articleSection\":[\"NOTICIAS LOCALES\"],\"inLanguage\":\"es\",\"potentialAction\":[{\"@type\":\"CommentAction\",\"name\":\"Comment\",\"target\":[\"https:\\\/\\\/fuentesfidedignas.com.mx\\\/index.php\\\/2022\\\/05\\\/31\\\/33020\\\/#respond\"]}]},{\"@type\":\"WebPage\",\"@id\":\"https:\\\/\\\/fuentesfidedignas.com.mx\\\/index.php\\\/2022\\\/05\\\/31\\\/33020\\\/\",\"url\":\"https:\\\/\\\/fuentesfidedignas.com.mx\\\/index.php\\\/2022\\\/05\\\/31\\\/33020\\\/\",\"name\":\"Presenta Estrada Ferreiro el Plan Municipal de Desarrollo 2021-2024 - Fuentes Fidedignas\",\"isPartOf\":{\"@id\":\"https:\\\/\\\/fuentesfidedignas.com.mx\\\/#website\"},\"primaryImageOfPage\":{\"@id\":\"https:\\\/\\\/fuentesfidedignas.com.mx\\\/index.php\\\/2022\\\/05\\\/31\\\/33020\\\/#primaryimage\"},\"image\":{\"@id\":\"https:\\\/\\\/fuentesfidedignas.com.mx\\\/index.php\\\/2022\\\/05\\\/31\\\/33020\\\/#primaryimage\"},\"thumbnailUrl\":\"https:\\\/\\\/fuentesfidedignas.com.mx\\\/wp-content\\\/uploads\\\/2022\\\/05\\\/73bef2de-a23b-4133-9ecb-3cf2de66622f.jpg\",\"datePublished\":\"2022-05-31T20:08:00+00:00\",\"dateModified\":\"2022-05-31T20:10:34+00:00\",\"breadcrumb\":{\"@id\":\"https:\\\/\\\/fuentesfidedignas.com.mx\\\/index.php\\\/2022\\\/05\\\/31\\\/33020\\\/#breadcrumb\"},\"inLanguage\":\"es\",\"potentialAction\":[{\"@type\":\"ReadAction\",\"target\":[\"https:\\\/\\\/fuentesfidedignas.com.mx\\\/index.php\\\/2022\\\/05\\\/31\\\/33020\\\/\"]}]},{\"@type\":\"ImageObject\",\"inLanguage\":\"es\",\"@id\":\"https:\\\/\\\/fuentesfidedignas.com.mx\\\/index.php\\\/2022\\\/05\\\/31\\\/33020\\\/#primaryimage\",\"url\":\"https:\\\/\\\/fuentesfidedignas.com.mx\\\/wp-content\\\/uploads\\\/2022\\\/05\\\/73bef2de-a23b-4133-9ecb-3cf2de66622f.jpg\",\"contentUrl\":\"https:\\\/\\\/fuentesfidedignas.com.mx\\\/wp-content\\\/uploads\\\/2022\\\/05\\\/73bef2de-a23b-4133-9ecb-3cf2de66622f.jpg\",\"width\":1392,\"height\":928},{\"@type\":\"BreadcrumbList\",\"@id\":\"https:\\\/\\\/fuentesfidedignas.com.mx\\\/index.php\\\/2022\\\/05\\\/31\\\/33020\\\/#breadcrumb\",\"itemListElement\":[{\"@type\":\"ListItem\",\"position\":1,\"name\":\"Inicio\",\"item\":\"https:\\\/\\\/fuentesfidedignas.com.mx\\\/\"},{\"@type\":\"ListItem\",\"position\":2,\"name\":\"Presenta Estrada Ferreiro el Plan Municipal de Desarrollo 2021-2024\"}]},{\"@type\":\"WebSite\",\"@id\":\"https:\\\/\\\/fuentesfidedignas.com.mx\\\/#website\",\"url\":\"https:\\\/\\\/fuentesfidedignas.com.mx\\\/\",\"name\":\"Fuentes Fidedignas\",\"description\":\"Otro sitio realizado con WordPress\",\"publisher\":{\"@id\":\"https:\\\/\\\/fuentesfidedignas.com.mx\\\/#organization\"},\"potentialAction\":[{\"@type\":\"SearchAction\",\"target\":{\"@type\":\"EntryPoint\",\"urlTemplate\":\"https:\\\/\\\/fuentesfidedignas.com.mx\\\/?s={search_term_string}\"},\"query-input\":{\"@type\":\"PropertyValueSpecification\",\"valueRequired\":true,\"valueName\":\"search_term_string\"}}],\"inLanguage\":\"es\"},{\"@type\":\"Organization\",\"@id\":\"https:\\\/\\\/fuentesfidedignas.com.mx\\\/#organization\",\"name\":\"Fuentes Fidedignas\",\"url\":\"https:\\\/\\\/fuentesfidedignas.com.mx\\\/\",\"logo\":{\"@type\":\"ImageObject\",\"inLanguage\":\"es\",\"@id\":\"https:\\\/\\\/fuentesfidedignas.com.mx\\\/#\\\/schema\\\/logo\\\/image\\\/\",\"url\":\"https:\\\/\\\/fuentesfidedignas.com.mx\\\/wp-content\\\/uploads\\\/2021\\\/04\\\/logo-retina.png\",\"contentUrl\":\"https:\\\/\\\/fuentesfidedignas.com.mx\\\/wp-content\\\/uploads\\\/2021\\\/04\\\/logo-retina.png\",\"width\":280,\"height\":51,\"caption\":\"Fuentes Fidedignas\"},\"image\":{\"@id\":\"https:\\\/\\\/fuentesfidedignas.com.mx\\\/#\\\/schema\\\/logo\\\/image\\\/\"},\"sameAs\":[\"https:\\\/\\\/www.facebook.com\\\/Fuentes-Fidedignas-368234489921644\",\"https:\\\/\\\/x.com\\\/fidedignas\"]},{\"@type\":\"Person\",\"@id\":\"https:\\\/\\\/fuentesfidedignas.com.mx\\\/#\\\/schema\\\/person\\\/331be9283d37198e2acd5750279085b0\",\"name\":\"Redacci\u00f3n\",\"image\":{\"@type\":\"ImageObject\",\"inLanguage\":\"es\",\"@id\":\"https:\\\/\\\/secure.gravatar.com\\\/avatar\\\/f6d8782c11d12b2d4ad3fbb6931aeab5309937a4d6cd2fc9cfaa28a6396a5aec?s=96&d=mm&r=g\",\"url\":\"https:\\\/\\\/secure.gravatar.com\\\/avatar\\\/f6d8782c11d12b2d4ad3fbb6931aeab5309937a4d6cd2fc9cfaa28a6396a5aec?s=96&d=mm&r=g\",\"contentUrl\":\"https:\\\/\\\/secure.gravatar.com\\\/avatar\\\/f6d8782c11d12b2d4ad3fbb6931aeab5309937a4d6cd2fc9cfaa28a6396a5aec?s=96&d=mm&r=g\",\"caption\":\"Redacci\u00f3n\"},\"url\":\"https:\\\/\\\/fuentesfidedignas.com.mx\\\/index.php\\\/author\\\/redaccion\\\/\"}]}<\/script>\n<!-- \/ Yoast SEO plugin. -->","yoast_head_json":{"title":"Presenta Estrada Ferreiro el Plan Municipal de Desarrollo 2021-2024 - Fuentes Fidedignas","robots":{"index":"index","follow":"follow","max-snippet":"max-snippet:-1","max-image-preview":"max-image-preview:large","max-video-preview":"max-video-preview:-1"},"canonical":"https:\/\/fuentesfidedignas.com.mx\/index.php\/2022\/05\/31\/33020\/","og_locale":"es_MX","og_type":"article","og_title":"Presenta Estrada Ferreiro el Plan Municipal de Desarrollo 2021-2024 - Fuentes Fidedignas","og_description":"Sus ejes son Gobierno Eficiente y Transparente, Combate a la Corrupci\u00f3n, Ciudad Ordenada y Sostenible; Bienestar Social; Bienestar Econ\u00f3mico; Servicios P\u00fablicos de Calidad; Construcci\u00f3n de Paz; y Eje Infantil Culiac\u00e1n, Sin.- Ante representantes de los Tres Poderes de la Uni\u00f3n en Sinaloa, organismos empresariales, instituciones educativas, autoridades militares, asociaciones civiles y sociedad en general, el [&hellip;]","og_url":"https:\/\/fuentesfidedignas.com.mx\/index.php\/2022\/05\/31\/33020\/","og_site_name":"Fuentes Fidedignas","article_publisher":"https:\/\/www.facebook.com\/Fuentes-Fidedignas-368234489921644","article_published_time":"2022-05-31T20:08:00+00:00","article_modified_time":"2022-05-31T20:10:34+00:00","og_image":[{"width":1392,"height":928,"url":"https:\/\/fuentesfidedignas.com.mx\/wp-content\/uploads\/2022\/05\/73bef2de-a23b-4133-9ecb-3cf2de66622f.jpg","type":"image\/jpeg"}],"author":"Redacci\u00f3n","twitter_card":"summary_large_image","twitter_creator":"@fidedignas","twitter_site":"@fidedignas","twitter_misc":{"Escrito por":"Redacci\u00f3n","Tiempo de lectura":"3 minutos"},"schema":{"@context":"https:\/\/schema.org","@graph":[{"@type":"Article","@id":"https:\/\/fuentesfidedignas.com.mx\/index.php\/2022\/05\/31\/33020\/#article","isPartOf":{"@id":"https:\/\/fuentesfidedignas.com.mx\/index.php\/2022\/05\/31\/33020\/"},"author":{"name":"Redacci\u00f3n","@id":"https:\/\/fuentesfidedignas.com.mx\/#\/schema\/person\/331be9283d37198e2acd5750279085b0"},"headline":"Presenta Estrada Ferreiro el Plan Municipal de Desarrollo 2021-2024","datePublished":"2022-05-31T20:08:00+00:00","dateModified":"2022-05-31T20:10:34+00:00","mainEntityOfPage":{"@id":"https:\/\/fuentesfidedignas.com.mx\/index.php\/2022\/05\/31\/33020\/"},"wordCount":699,"commentCount":0,"publisher":{"@id":"https:\/\/fuentesfidedignas.com.mx\/#organization"},"image":{"@id":"https:\/\/fuentesfidedignas.com.mx\/index.php\/2022\/05\/31\/33020\/#primaryimage"},"thumbnailUrl":"https:\/\/fuentesfidedignas.com.mx\/wp-content\/uploads\/2022\/05\/73bef2de-a23b-4133-9ecb-3cf2de66622f.jpg","keywords":["Ayuntamiento de Culiac\u00e1n","Jes\u00fas Estrada Ferreiro"],"articleSection":["NOTICIAS LOCALES"],"inLanguage":"es","potentialAction":[{"@type":"CommentAction","name":"Comment","target":["https:\/\/fuentesfidedignas.com.mx\/index.php\/2022\/05\/31\/33020\/#respond"]}]},{"@type":"WebPage","@id":"https:\/\/fuentesfidedignas.com.mx\/index.php\/2022\/05\/31\/33020\/","url":"https:\/\/fuentesfidedignas.com.mx\/index.php\/2022\/05\/31\/33020\/","name":"Presenta Estrada Ferreiro el Plan Municipal de Desarrollo 2021-2024 - Fuentes Fidedignas","isPartOf":{"@id":"https:\/\/fuentesfidedignas.com.mx\/#website"},"primaryImageOfPage":{"@id":"https:\/\/fuentesfidedignas.com.mx\/index.php\/2022\/05\/31\/33020\/#primaryimage"},"image":{"@id":"https:\/\/fuentesfidedignas.com.mx\/index.php\/2022\/05\/31\/33020\/#primaryimage"},"thumbnailUrl":"https:\/\/fuentesfidedignas.com.mx\/wp-content\/uploads\/2022\/05\/73bef2de-a23b-4133-9ecb-3cf2de66622f.jpg","datePublished":"2022-05-31T20:08:00+00:00","dateModified":"2022-05-31T20:10:34+00:00","breadcrumb":{"@id":"https:\/\/fuentesfidedignas.com.mx\/index.php\/2022\/05\/31\/33020\/#breadcrumb"},"inLanguage":"es","potentialAction":[{"@type":"ReadAction","target":["https:\/\/fuentesfidedignas.com.mx\/index.php\/2022\/05\/31\/33020\/"]}]},{"@type":"ImageObject","inLanguage":"es","@id":"https:\/\/fuentesfidedignas.com.mx\/index.php\/2022\/05\/31\/33020\/#primaryimage","url":"https:\/\/fuentesfidedignas.com.mx\/wp-content\/uploads\/2022\/05\/73bef2de-a23b-4133-9ecb-3cf2de66622f.jpg","contentUrl":"https:\/\/fuentesfidedignas.com.mx\/wp-content\/uploads\/2022\/05\/73bef2de-a23b-4133-9ecb-3cf2de66622f.jpg","width":1392,"height":928},{"@type":"BreadcrumbList","@id":"https:\/\/fuentesfidedignas.com.mx\/index.php\/2022\/05\/31\/33020\/#breadcrumb","itemListElement":[{"@type":"ListItem","position":1,"name":"Inicio","item":"https:\/\/fuentesfidedignas.com.mx\/"},{"@type":"ListItem","position":2,"name":"Presenta Estrada Ferreiro el Plan Municipal de Desarrollo 2021-2024"}]},{"@type":"WebSite","@id":"https:\/\/fuentesfidedignas.com.mx\/#website","url":"https:\/\/fuentesfidedignas.com.mx\/","name":"Fuentes Fidedignas","description":"Otro sitio realizado con WordPress","publisher":{"@id":"https:\/\/fuentesfidedignas.com.mx\/#organization"},"potentialAction":[{"@type":"SearchAction","target":{"@type":"EntryPoint","urlTemplate":"https:\/\/fuentesfidedignas.com.mx\/?s={search_term_string}"},"query-input":{"@type":"PropertyValueSpecification","valueRequired":true,"valueName":"search_term_string"}}],"inLanguage":"es"},{"@type":"Organization","@id":"https:\/\/fuentesfidedignas.com.mx\/#organization","name":"Fuentes Fidedignas","url":"https:\/\/fuentesfidedignas.com.mx\/","logo":{"@type":"ImageObject","inLanguage":"es","@id":"https:\/\/fuentesfidedignas.com.mx\/#\/schema\/logo\/image\/","url":"https:\/\/fuentesfidedignas.com.mx\/wp-content\/uploads\/2021\/04\/logo-retina.png","contentUrl":"https:\/\/fuentesfidedignas.com.mx\/wp-content\/uploads\/2021\/04\/logo-retina.png","width":280,"height":51,"caption":"Fuentes Fidedignas"},"image":{"@id":"https:\/\/fuentesfidedignas.com.mx\/#\/schema\/logo\/image\/"},"sameAs":["https:\/\/www.facebook.com\/Fuentes-Fidedignas-368234489921644","https:\/\/x.com\/fidedignas"]},{"@type":"Person","@id":"https:\/\/fuentesfidedignas.com.mx\/#\/schema\/person\/331be9283d37198e2acd5750279085b0","name":"Redacci\u00f3n","image":{"@type":"ImageObject","inLanguage":"es","@id":"https:\/\/secure.gravatar.com\/avatar\/f6d8782c11d12b2d4ad3fbb6931aeab5309937a4d6cd2fc9cfaa28a6396a5aec?s=96&d=mm&r=g","url":"https:\/\/secure.gravatar.com\/avatar\/f6d8782c11d12b2d4ad3fbb6931aeab5309937a4d6cd2fc9cfaa28a6396a5aec?s=96&d=mm&r=g","contentUrl":"https:\/\/secure.gravatar.com\/avatar\/f6d8782c11d12b2d4ad3fbb6931aeab5309937a4d6cd2fc9cfaa28a6396a5aec?s=96&d=mm&r=g","caption":"Redacci\u00f3n"},"url":"https:\/\/fuentesfidedignas.com.mx\/index.php\/author\/redaccion\/"}]}},"_links":{"self":[{"href":"https:\/\/fuentesfidedignas.com.mx\/index.php\/wp-json\/wp\/v2\/posts\/33020","targetHints":{"allow":["GET"]}}],"collection":[{"href":"https:\/\/fuentesfidedignas.com.mx\/index.php\/wp-json\/wp\/v2\/posts"}],"about":[{"href":"https:\/\/fuentesfidedignas.com.mx\/index.php\/wp-json\/wp\/v2\/types\/post"}],"author":[{"embeddable":true,"href":"https:\/\/fuentesfidedignas.com.mx\/index.php\/wp-json\/wp\/v2\/users\/4"}],"replies":[{"embeddable":true,"href":"https:\/\/fuentesfidedignas.com.mx\/index.php\/wp-json\/wp\/v2\/comments?post=33020"}],"version-history":[{"count":3,"href":"https:\/\/fuentesfidedignas.com.mx\/index.php\/wp-json\/wp\/v2\/posts\/33020\/revisions"}],"predecessor-version":[{"id":33024,"href":"https:\/\/fuentesfidedignas.com.mx\/index.php\/wp-json\/wp\/v2\/posts\/33020\/revisions\/33024"}],"wp:featuredmedia":[{"embeddable":true,"href":"https:\/\/fuentesfidedignas.com.mx\/index.php\/wp-json\/wp\/v2\/media\/33021"}],"wp:attachment":[{"href":"https:\/\/fuentesfidedignas.com.mx\/index.php\/wp-json\/wp\/v2\/media?parent=33020"}],"wp:term":[{"taxonomy":"category","embeddable":true,"href":"https:\/\/fuentesfidedignas.com.mx\/index.php\/wp-json\/wp\/v2\/categories?post=33020"},{"taxonomy":"post_tag","embeddable":true,"href":"https:\/\/fuentesfidedignas.com.mx\/index.php\/wp-json\/wp\/v2\/tags?post=33020"}],"curies":[{"name":"wp","href":"https:\/\/api.w.org\/{rel}","templated":true}]}}