{"id":32920,"date":"2022-05-30T14:40:44","date_gmt":"2022-05-30T20:40:44","guid":{"rendered":"https:\/\/fuentesfidedignas.com.mx\/?p=32920"},"modified":"2022-05-30T14:41:05","modified_gmt":"2022-05-30T20:41:05","slug":"oms-no-ve-probable-que-la-viruela-del-mono-se-convierta-en-pandemia","status":"publish","type":"post","link":"https:\/\/fuentesfidedignas.com.mx\/index.php\/2022\/05\/30\/oms-no-ve-probable-que-la-viruela-del-mono-se-convierta-en-pandemia\/","title":{"rendered":"OMS no ve probable que la viruela del mono se convierta en pandemia"},"content":{"rendered":"\n<p><br><strong><em>La OMS ha recibido notificaciones de un total de 257 casos confirmados en laboratorio y unos 120 sospechosos en 23 pa\u00edses<\/em><\/strong> <\/p>\n\n\n\n<p>Ciudad de M\u00e9xico.  El brote de la<strong><a href=\"https:\/\/noticieros.televisa.com\/tag\/viruela-del-mono\/\">\u00a0viruela del mono<\/a><\/strong>\u00a0es \u201cpoco probable\u201d que se convierta en una pandemia como la del\u00a0<strong>COVID-19<\/strong>\u00a0a pesar de su r\u00e1pida expansi\u00f3n en el \u00faltimo mes, dijo hoy, 30 de mayo de 2022, la\u00a0<a href=\"https:\/\/noticieros.televisa.com\/tag\/organizacion-mundial-de-la-salud-oms\/\"><strong>Organizaci\u00f3n Mundial de la Salud (OMS)<\/strong><\/a>.<\/p>\n\n\n\n<p>\u201cNo creemos que este brote vaya a suponer el inicio de una nueva pandemia porque es un virus ya conocido, tenemos las herramientas para controlarlo y nuestra experiencia nos dice que no se transmite con tanta facilidad en humanos como en los animales\u201d, declar\u00f3 la experta en viruelas de la OMS Rosamund Lewis.<\/p>\n\n\n\n<p>De momento, desde que Reino Unido inform\u00f3 del primer caso confirmado de viruela del mono el pasado 7 de mayo, la OMS ha recibido notificaciones de un total de 257 casos confirmados en laboratorio y unos 120 sospechosos en 23 pa\u00edses.<\/p>\n\n\n\n<p>En Espa\u00f1a se han confirmado 98 casos hasta la fecha, seg\u00fan declar\u00f3 el Ministerio de Sanidad el pasado viernes.<\/p>\n\n\n\n<p>Lewis advirti\u00f3 de que a pesar de que el riesgo de que suponga un problema grave de salud p\u00fablica es bajo, la situaci\u00f3n es \u201cinusual\u201d porque el virus se est\u00e1 propagando r\u00e1pidamente en pa\u00edses donde no es end\u00e9mico (s\u00f3lo es end\u00e9mico en pa\u00edses de \u00c1frica central y occidental).<\/p>\n\n\n\n<p>Por ello inst\u00f3 a las autoridades a trabajar de forma conjunta con la OMS para aplicar las medidas necesarias que ayuden a contener el brote.<\/p>\n\n\n\n<p>La experta declar\u00f3 que de los 257 casos confirmados ninguno est\u00e1 relacionado con viajes a pa\u00edses donde este tipo de viruela es end\u00e9mica y por tanto siguen estudiando el origen del brote.<\/p>\n\n\n\n<p>En cuanto a la transmisi\u00f3n de esta enfermedad, cuyos principales s\u00edntomas son fiebre, dolor muscular, cansancio y peque\u00f1os sarpullidos en la piel-, los estudios preliminares se\u00f1alan que las principales v\u00edas de contagio son el contacto estrecho con heridas, fluidos corporales y materiales contaminados como ropa o cubiertos de una persona infectada.<\/p>\n\n\n\n<p>Hasta la fecha no existen evidencias de que las madres lactantes infectadas porten el virus en la leche, aunque existe un alto riesgo de contagio del beb\u00e9 durante el proceso de lactancia debido a que es necesario un contacto estrecho con la piel, indic\u00f3 Lewis.<\/p>\n\n\n\n<p>Agreg\u00f3 que hay alta probabilidad de transmitir el&nbsp;<strong>virus<\/strong>&nbsp;a trav\u00e9s de la boca donde se concentran \u00falceras altamente infecciosas.<\/p>\n","protected":false},"excerpt":{"rendered":"<p>La OMS ha recibido notificaciones de un total de 257 casos confirmados en laboratorio y unos 120 sospechosos en 23 pa\u00edses Ciudad de M\u00e9xico. El brote de la\u00a0viruela del mono\u00a0es \u201cpoco probable\u201d que se convierta en una pandemia como la del\u00a0COVID-19\u00a0a pesar de su r\u00e1pida expansi\u00f3n en el \u00faltimo mes, dijo hoy, 30 de mayo [&hellip;]<\/p>\n","protected":false},"author":46,"featured_media":32922,"comment_status":"open","ping_status":"open","sticky":false,"template":"","format":"standard","meta":{"tdm_status":"","tdm_grid_status":"","footnotes":""},"categories":[39],"tags":[],"class_list":{"0":"post-32920","1":"post","2":"type-post","3":"status-publish","4":"format-standard","5":"has-post-thumbnail","7":"category-noticias-nacionales"},"yoast_head":"<!-- This site is optimized with the Yoast SEO plugin v27.5 - https:\/\/yoast.com\/product\/yoast-seo-wordpress\/ -->\n<title>OMS no ve probable que la viruela del mono se convierta en pandemia - Fuentes Fidedignas<\/title>\n<meta name=\"robots\" content=\"index, follow, max-snippet:-1, max-image-preview:large, max-video-preview:-1\" \/>\n<link rel=\"canonical\" href=\"https:\/\/fuentesfidedignas.com.mx\/index.php\/2022\/05\/30\/oms-no-ve-probable-que-la-viruela-del-mono-se-convierta-en-pandemia\/\" \/>\n<meta property=\"og:locale\" content=\"es_MX\" \/>\n<meta property=\"og:type\" content=\"article\" \/>\n<meta property=\"og:title\" content=\"OMS no ve probable que la viruela del mono se convierta en pandemia - Fuentes Fidedignas\" \/>\n<meta property=\"og:description\" content=\"La OMS ha recibido notificaciones de un total de 257 casos confirmados en laboratorio y unos 120 sospechosos en 23 pa\u00edses Ciudad de M\u00e9xico. El brote de la\u00a0viruela del mono\u00a0es \u201cpoco probable\u201d que se convierta en una pandemia como la del\u00a0COVID-19\u00a0a pesar de su r\u00e1pida expansi\u00f3n en el \u00faltimo mes, dijo hoy, 30 de mayo [&hellip;]\" \/>\n<meta property=\"og:url\" content=\"https:\/\/fuentesfidedignas.com.mx\/index.php\/2022\/05\/30\/oms-no-ve-probable-que-la-viruela-del-mono-se-convierta-en-pandemia\/\" \/>\n<meta property=\"og:site_name\" content=\"Fuentes Fidedignas\" \/>\n<meta property=\"article:publisher\" content=\"https:\/\/www.facebook.com\/Fuentes-Fidedignas-368234489921644\" \/>\n<meta property=\"article:published_time\" content=\"2022-05-30T20:40:44+00:00\" \/>\n<meta property=\"article:modified_time\" content=\"2022-05-30T20:41:05+00:00\" \/>\n<meta property=\"og:image\" content=\"https:\/\/fuentesfidedignas.com.mx\/wp-content\/uploads\/2022\/05\/images-53.jpeg\" \/>\n\t<meta property=\"og:image:width\" content=\"719\" \/>\n\t<meta property=\"og:image:height\" content=\"426\" \/>\n\t<meta property=\"og:image:type\" content=\"image\/jpeg\" \/>\n<meta name=\"author\" content=\"Noticieros Televisa\" \/>\n<meta name=\"twitter:card\" content=\"summary_large_image\" \/>\n<meta name=\"twitter:creator\" content=\"@fidedignas\" \/>\n<meta name=\"twitter:site\" content=\"@fidedignas\" \/>\n<meta name=\"twitter:label1\" content=\"Escrito por\" \/>\n\t<meta name=\"twitter:data1\" content=\"Noticieros Televisa\" \/>\n\t<meta name=\"twitter:label2\" content=\"Tiempo de lectura\" \/>\n\t<meta name=\"twitter:data2\" content=\"2 minutos\" \/>\n<script type=\"application\/ld+json\" class=\"yoast-schema-graph\">{\"@context\":\"https:\\\/\\\/schema.org\",\"@graph\":[{\"@type\":\"Article\",\"@id\":\"https:\\\/\\\/fuentesfidedignas.com.mx\\\/index.php\\\/2022\\\/05\\\/30\\\/oms-no-ve-probable-que-la-viruela-del-mono-se-convierta-en-pandemia\\\/#article\",\"isPartOf\":{\"@id\":\"https:\\\/\\\/fuentesfidedignas.com.mx\\\/index.php\\\/2022\\\/05\\\/30\\\/oms-no-ve-probable-que-la-viruela-del-mono-se-convierta-en-pandemia\\\/\"},\"author\":{\"name\":\"Noticieros Televisa\",\"@id\":\"https:\\\/\\\/fuentesfidedignas.com.mx\\\/#\\\/schema\\\/person\\\/f030e42657a5a464a8bbd891b1aab6ee\"},\"headline\":\"OMS no ve probable que la viruela del mono se convierta en pandemia\",\"datePublished\":\"2022-05-30T20:40:44+00:00\",\"dateModified\":\"2022-05-30T20:41:05+00:00\",\"mainEntityOfPage\":{\"@id\":\"https:\\\/\\\/fuentesfidedignas.com.mx\\\/index.php\\\/2022\\\/05\\\/30\\\/oms-no-ve-probable-que-la-viruela-del-mono-se-convierta-en-pandemia\\\/\"},\"wordCount\":430,\"commentCount\":0,\"publisher\":{\"@id\":\"https:\\\/\\\/fuentesfidedignas.com.mx\\\/#organization\"},\"image\":{\"@id\":\"https:\\\/\\\/fuentesfidedignas.com.mx\\\/index.php\\\/2022\\\/05\\\/30\\\/oms-no-ve-probable-que-la-viruela-del-mono-se-convierta-en-pandemia\\\/#primaryimage\"},\"thumbnailUrl\":\"https:\\\/\\\/fuentesfidedignas.com.mx\\\/wp-content\\\/uploads\\\/2022\\\/05\\\/images-53.jpeg\",\"articleSection\":[\"NOTICIAS NACIONALES\"],\"inLanguage\":\"es\",\"potentialAction\":[{\"@type\":\"CommentAction\",\"name\":\"Comment\",\"target\":[\"https:\\\/\\\/fuentesfidedignas.com.mx\\\/index.php\\\/2022\\\/05\\\/30\\\/oms-no-ve-probable-que-la-viruela-del-mono-se-convierta-en-pandemia\\\/#respond\"]}]},{\"@type\":\"WebPage\",\"@id\":\"https:\\\/\\\/fuentesfidedignas.com.mx\\\/index.php\\\/2022\\\/05\\\/30\\\/oms-no-ve-probable-que-la-viruela-del-mono-se-convierta-en-pandemia\\\/\",\"url\":\"https:\\\/\\\/fuentesfidedignas.com.mx\\\/index.php\\\/2022\\\/05\\\/30\\\/oms-no-ve-probable-que-la-viruela-del-mono-se-convierta-en-pandemia\\\/\",\"name\":\"OMS no ve probable que la viruela del mono se convierta en pandemia - Fuentes Fidedignas\",\"isPartOf\":{\"@id\":\"https:\\\/\\\/fuentesfidedignas.com.mx\\\/#website\"},\"primaryImageOfPage\":{\"@id\":\"https:\\\/\\\/fuentesfidedignas.com.mx\\\/index.php\\\/2022\\\/05\\\/30\\\/oms-no-ve-probable-que-la-viruela-del-mono-se-convierta-en-pandemia\\\/#primaryimage\"},\"image\":{\"@id\":\"https:\\\/\\\/fuentesfidedignas.com.mx\\\/index.php\\\/2022\\\/05\\\/30\\\/oms-no-ve-probable-que-la-viruela-del-mono-se-convierta-en-pandemia\\\/#primaryimage\"},\"thumbnailUrl\":\"https:\\\/\\\/fuentesfidedignas.com.mx\\\/wp-content\\\/uploads\\\/2022\\\/05\\\/images-53.jpeg\",\"datePublished\":\"2022-05-30T20:40:44+00:00\",\"dateModified\":\"2022-05-30T20:41:05+00:00\",\"breadcrumb\":{\"@id\":\"https:\\\/\\\/fuentesfidedignas.com.mx\\\/index.php\\\/2022\\\/05\\\/30\\\/oms-no-ve-probable-que-la-viruela-del-mono-se-convierta-en-pandemia\\\/#breadcrumb\"},\"inLanguage\":\"es\",\"potentialAction\":[{\"@type\":\"ReadAction\",\"target\":[\"https:\\\/\\\/fuentesfidedignas.com.mx\\\/index.php\\\/2022\\\/05\\\/30\\\/oms-no-ve-probable-que-la-viruela-del-mono-se-convierta-en-pandemia\\\/\"]}]},{\"@type\":\"ImageObject\",\"inLanguage\":\"es\",\"@id\":\"https:\\\/\\\/fuentesfidedignas.com.mx\\\/index.php\\\/2022\\\/05\\\/30\\\/oms-no-ve-probable-que-la-viruela-del-mono-se-convierta-en-pandemia\\\/#primaryimage\",\"url\":\"https:\\\/\\\/fuentesfidedignas.com.mx\\\/wp-content\\\/uploads\\\/2022\\\/05\\\/images-53.jpeg\",\"contentUrl\":\"https:\\\/\\\/fuentesfidedignas.com.mx\\\/wp-content\\\/uploads\\\/2022\\\/05\\\/images-53.jpeg\",\"width\":719,\"height\":426},{\"@type\":\"BreadcrumbList\",\"@id\":\"https:\\\/\\\/fuentesfidedignas.com.mx\\\/index.php\\\/2022\\\/05\\\/30\\\/oms-no-ve-probable-que-la-viruela-del-mono-se-convierta-en-pandemia\\\/#breadcrumb\",\"itemListElement\":[{\"@type\":\"ListItem\",\"position\":1,\"name\":\"Inicio\",\"item\":\"https:\\\/\\\/fuentesfidedignas.com.mx\\\/\"},{\"@type\":\"ListItem\",\"position\":2,\"name\":\"OMS no ve probable que la viruela del mono se convierta en pandemia\"}]},{\"@type\":\"WebSite\",\"@id\":\"https:\\\/\\\/fuentesfidedignas.com.mx\\\/#website\",\"url\":\"https:\\\/\\\/fuentesfidedignas.com.mx\\\/\",\"name\":\"Fuentes Fidedignas\",\"description\":\"Otro sitio realizado con WordPress\",\"publisher\":{\"@id\":\"https:\\\/\\\/fuentesfidedignas.com.mx\\\/#organization\"},\"potentialAction\":[{\"@type\":\"SearchAction\",\"target\":{\"@type\":\"EntryPoint\",\"urlTemplate\":\"https:\\\/\\\/fuentesfidedignas.com.mx\\\/?s={search_term_string}\"},\"query-input\":{\"@type\":\"PropertyValueSpecification\",\"valueRequired\":true,\"valueName\":\"search_term_string\"}}],\"inLanguage\":\"es\"},{\"@type\":\"Organization\",\"@id\":\"https:\\\/\\\/fuentesfidedignas.com.mx\\\/#organization\",\"name\":\"Fuentes Fidedignas\",\"url\":\"https:\\\/\\\/fuentesfidedignas.com.mx\\\/\",\"logo\":{\"@type\":\"ImageObject\",\"inLanguage\":\"es\",\"@id\":\"https:\\\/\\\/fuentesfidedignas.com.mx\\\/#\\\/schema\\\/logo\\\/image\\\/\",\"url\":\"https:\\\/\\\/fuentesfidedignas.com.mx\\\/wp-content\\\/uploads\\\/2021\\\/04\\\/logo-retina.png\",\"contentUrl\":\"https:\\\/\\\/fuentesfidedignas.com.mx\\\/wp-content\\\/uploads\\\/2021\\\/04\\\/logo-retina.png\",\"width\":280,\"height\":51,\"caption\":\"Fuentes Fidedignas\"},\"image\":{\"@id\":\"https:\\\/\\\/fuentesfidedignas.com.mx\\\/#\\\/schema\\\/logo\\\/image\\\/\"},\"sameAs\":[\"https:\\\/\\\/www.facebook.com\\\/Fuentes-Fidedignas-368234489921644\",\"https:\\\/\\\/x.com\\\/fidedignas\"]},{\"@type\":\"Person\",\"@id\":\"https:\\\/\\\/fuentesfidedignas.com.mx\\\/#\\\/schema\\\/person\\\/f030e42657a5a464a8bbd891b1aab6ee\",\"name\":\"Noticieros Televisa\",\"image\":{\"@type\":\"ImageObject\",\"inLanguage\":\"es\",\"@id\":\"https:\\\/\\\/secure.gravatar.com\\\/avatar\\\/0e47b9e785a628831b8fd9eaf15e090e106760a879abbd4a3306f128ef5d43a9?s=96&d=mm&r=g\",\"url\":\"https:\\\/\\\/secure.gravatar.com\\\/avatar\\\/0e47b9e785a628831b8fd9eaf15e090e106760a879abbd4a3306f128ef5d43a9?s=96&d=mm&r=g\",\"contentUrl\":\"https:\\\/\\\/secure.gravatar.com\\\/avatar\\\/0e47b9e785a628831b8fd9eaf15e090e106760a879abbd4a3306f128ef5d43a9?s=96&d=mm&r=g\",\"caption\":\"Noticieros Televisa\"},\"url\":\"https:\\\/\\\/fuentesfidedignas.com.mx\\\/index.php\\\/author\\\/noticieros-televisa\\\/\"}]}<\/script>\n<!-- \/ Yoast SEO plugin. -->","yoast_head_json":{"title":"OMS no ve probable que la viruela del mono se convierta en pandemia - Fuentes Fidedignas","robots":{"index":"index","follow":"follow","max-snippet":"max-snippet:-1","max-image-preview":"max-image-preview:large","max-video-preview":"max-video-preview:-1"},"canonical":"https:\/\/fuentesfidedignas.com.mx\/index.php\/2022\/05\/30\/oms-no-ve-probable-que-la-viruela-del-mono-se-convierta-en-pandemia\/","og_locale":"es_MX","og_type":"article","og_title":"OMS no ve probable que la viruela del mono se convierta en pandemia - Fuentes Fidedignas","og_description":"La OMS ha recibido notificaciones de un total de 257 casos confirmados en laboratorio y unos 120 sospechosos en 23 pa\u00edses Ciudad de M\u00e9xico. El brote de la\u00a0viruela del mono\u00a0es \u201cpoco probable\u201d que se convierta en una pandemia como la del\u00a0COVID-19\u00a0a pesar de su r\u00e1pida expansi\u00f3n en el \u00faltimo mes, dijo hoy, 30 de mayo [&hellip;]","og_url":"https:\/\/fuentesfidedignas.com.mx\/index.php\/2022\/05\/30\/oms-no-ve-probable-que-la-viruela-del-mono-se-convierta-en-pandemia\/","og_site_name":"Fuentes Fidedignas","article_publisher":"https:\/\/www.facebook.com\/Fuentes-Fidedignas-368234489921644","article_published_time":"2022-05-30T20:40:44+00:00","article_modified_time":"2022-05-30T20:41:05+00:00","og_image":[{"width":719,"height":426,"url":"https:\/\/fuentesfidedignas.com.mx\/wp-content\/uploads\/2022\/05\/images-53.jpeg","type":"image\/jpeg"}],"author":"Noticieros Televisa","twitter_card":"summary_large_image","twitter_creator":"@fidedignas","twitter_site":"@fidedignas","twitter_misc":{"Escrito por":"Noticieros Televisa","Tiempo de lectura":"2 minutos"},"schema":{"@context":"https:\/\/schema.org","@graph":[{"@type":"Article","@id":"https:\/\/fuentesfidedignas.com.mx\/index.php\/2022\/05\/30\/oms-no-ve-probable-que-la-viruela-del-mono-se-convierta-en-pandemia\/#article","isPartOf":{"@id":"https:\/\/fuentesfidedignas.com.mx\/index.php\/2022\/05\/30\/oms-no-ve-probable-que-la-viruela-del-mono-se-convierta-en-pandemia\/"},"author":{"name":"Noticieros Televisa","@id":"https:\/\/fuentesfidedignas.com.mx\/#\/schema\/person\/f030e42657a5a464a8bbd891b1aab6ee"},"headline":"OMS no ve probable que la viruela del mono se convierta en pandemia","datePublished":"2022-05-30T20:40:44+00:00","dateModified":"2022-05-30T20:41:05+00:00","mainEntityOfPage":{"@id":"https:\/\/fuentesfidedignas.com.mx\/index.php\/2022\/05\/30\/oms-no-ve-probable-que-la-viruela-del-mono-se-convierta-en-pandemia\/"},"wordCount":430,"commentCount":0,"publisher":{"@id":"https:\/\/fuentesfidedignas.com.mx\/#organization"},"image":{"@id":"https:\/\/fuentesfidedignas.com.mx\/index.php\/2022\/05\/30\/oms-no-ve-probable-que-la-viruela-del-mono-se-convierta-en-pandemia\/#primaryimage"},"thumbnailUrl":"https:\/\/fuentesfidedignas.com.mx\/wp-content\/uploads\/2022\/05\/images-53.jpeg","articleSection":["NOTICIAS NACIONALES"],"inLanguage":"es","potentialAction":[{"@type":"CommentAction","name":"Comment","target":["https:\/\/fuentesfidedignas.com.mx\/index.php\/2022\/05\/30\/oms-no-ve-probable-que-la-viruela-del-mono-se-convierta-en-pandemia\/#respond"]}]},{"@type":"WebPage","@id":"https:\/\/fuentesfidedignas.com.mx\/index.php\/2022\/05\/30\/oms-no-ve-probable-que-la-viruela-del-mono-se-convierta-en-pandemia\/","url":"https:\/\/fuentesfidedignas.com.mx\/index.php\/2022\/05\/30\/oms-no-ve-probable-que-la-viruela-del-mono-se-convierta-en-pandemia\/","name":"OMS no ve probable que la viruela del mono se convierta en pandemia - Fuentes Fidedignas","isPartOf":{"@id":"https:\/\/fuentesfidedignas.com.mx\/#website"},"primaryImageOfPage":{"@id":"https:\/\/fuentesfidedignas.com.mx\/index.php\/2022\/05\/30\/oms-no-ve-probable-que-la-viruela-del-mono-se-convierta-en-pandemia\/#primaryimage"},"image":{"@id":"https:\/\/fuentesfidedignas.com.mx\/index.php\/2022\/05\/30\/oms-no-ve-probable-que-la-viruela-del-mono-se-convierta-en-pandemia\/#primaryimage"},"thumbnailUrl":"https:\/\/fuentesfidedignas.com.mx\/wp-content\/uploads\/2022\/05\/images-53.jpeg","datePublished":"2022-05-30T20:40:44+00:00","dateModified":"2022-05-30T20:41:05+00:00","breadcrumb":{"@id":"https:\/\/fuentesfidedignas.com.mx\/index.php\/2022\/05\/30\/oms-no-ve-probable-que-la-viruela-del-mono-se-convierta-en-pandemia\/#breadcrumb"},"inLanguage":"es","potentialAction":[{"@type":"ReadAction","target":["https:\/\/fuentesfidedignas.com.mx\/index.php\/2022\/05\/30\/oms-no-ve-probable-que-la-viruela-del-mono-se-convierta-en-pandemia\/"]}]},{"@type":"ImageObject","inLanguage":"es","@id":"https:\/\/fuentesfidedignas.com.mx\/index.php\/2022\/05\/30\/oms-no-ve-probable-que-la-viruela-del-mono-se-convierta-en-pandemia\/#primaryimage","url":"https:\/\/fuentesfidedignas.com.mx\/wp-content\/uploads\/2022\/05\/images-53.jpeg","contentUrl":"https:\/\/fuentesfidedignas.com.mx\/wp-content\/uploads\/2022\/05\/images-53.jpeg","width":719,"height":426},{"@type":"BreadcrumbList","@id":"https:\/\/fuentesfidedignas.com.mx\/index.php\/2022\/05\/30\/oms-no-ve-probable-que-la-viruela-del-mono-se-convierta-en-pandemia\/#breadcrumb","itemListElement":[{"@type":"ListItem","position":1,"name":"Inicio","item":"https:\/\/fuentesfidedignas.com.mx\/"},{"@type":"ListItem","position":2,"name":"OMS no ve probable que la viruela del mono se convierta en pandemia"}]},{"@type":"WebSite","@id":"https:\/\/fuentesfidedignas.com.mx\/#website","url":"https:\/\/fuentesfidedignas.com.mx\/","name":"Fuentes Fidedignas","description":"Otro sitio realizado con WordPress","publisher":{"@id":"https:\/\/fuentesfidedignas.com.mx\/#organization"},"potentialAction":[{"@type":"SearchAction","target":{"@type":"EntryPoint","urlTemplate":"https:\/\/fuentesfidedignas.com.mx\/?s={search_term_string}"},"query-input":{"@type":"PropertyValueSpecification","valueRequired":true,"valueName":"search_term_string"}}],"inLanguage":"es"},{"@type":"Organization","@id":"https:\/\/fuentesfidedignas.com.mx\/#organization","name":"Fuentes Fidedignas","url":"https:\/\/fuentesfidedignas.com.mx\/","logo":{"@type":"ImageObject","inLanguage":"es","@id":"https:\/\/fuentesfidedignas.com.mx\/#\/schema\/logo\/image\/","url":"https:\/\/fuentesfidedignas.com.mx\/wp-content\/uploads\/2021\/04\/logo-retina.png","contentUrl":"https:\/\/fuentesfidedignas.com.mx\/wp-content\/uploads\/2021\/04\/logo-retina.png","width":280,"height":51,"caption":"Fuentes Fidedignas"},"image":{"@id":"https:\/\/fuentesfidedignas.com.mx\/#\/schema\/logo\/image\/"},"sameAs":["https:\/\/www.facebook.com\/Fuentes-Fidedignas-368234489921644","https:\/\/x.com\/fidedignas"]},{"@type":"Person","@id":"https:\/\/fuentesfidedignas.com.mx\/#\/schema\/person\/f030e42657a5a464a8bbd891b1aab6ee","name":"Noticieros Televisa","image":{"@type":"ImageObject","inLanguage":"es","@id":"https:\/\/secure.gravatar.com\/avatar\/0e47b9e785a628831b8fd9eaf15e090e106760a879abbd4a3306f128ef5d43a9?s=96&d=mm&r=g","url":"https:\/\/secure.gravatar.com\/avatar\/0e47b9e785a628831b8fd9eaf15e090e106760a879abbd4a3306f128ef5d43a9?s=96&d=mm&r=g","contentUrl":"https:\/\/secure.gravatar.com\/avatar\/0e47b9e785a628831b8fd9eaf15e090e106760a879abbd4a3306f128ef5d43a9?s=96&d=mm&r=g","caption":"Noticieros Televisa"},"url":"https:\/\/fuentesfidedignas.com.mx\/index.php\/author\/noticieros-televisa\/"}]}},"_links":{"self":[{"href":"https:\/\/fuentesfidedignas.com.mx\/index.php\/wp-json\/wp\/v2\/posts\/32920","targetHints":{"allow":["GET"]}}],"collection":[{"href":"https:\/\/fuentesfidedignas.com.mx\/index.php\/wp-json\/wp\/v2\/posts"}],"about":[{"href":"https:\/\/fuentesfidedignas.com.mx\/index.php\/wp-json\/wp\/v2\/types\/post"}],"author":[{"embeddable":true,"href":"https:\/\/fuentesfidedignas.com.mx\/index.php\/wp-json\/wp\/v2\/users\/46"}],"replies":[{"embeddable":true,"href":"https:\/\/fuentesfidedignas.com.mx\/index.php\/wp-json\/wp\/v2\/comments?post=32920"}],"version-history":[{"count":1,"href":"https:\/\/fuentesfidedignas.com.mx\/index.php\/wp-json\/wp\/v2\/posts\/32920\/revisions"}],"predecessor-version":[{"id":32921,"href":"https:\/\/fuentesfidedignas.com.mx\/index.php\/wp-json\/wp\/v2\/posts\/32920\/revisions\/32921"}],"wp:featuredmedia":[{"embeddable":true,"href":"https:\/\/fuentesfidedignas.com.mx\/index.php\/wp-json\/wp\/v2\/media\/32922"}],"wp:attachment":[{"href":"https:\/\/fuentesfidedignas.com.mx\/index.php\/wp-json\/wp\/v2\/media?parent=32920"}],"wp:term":[{"taxonomy":"category","embeddable":true,"href":"https:\/\/fuentesfidedignas.com.mx\/index.php\/wp-json\/wp\/v2\/categories?post=32920"},{"taxonomy":"post_tag","embeddable":true,"href":"https:\/\/fuentesfidedignas.com.mx\/index.php\/wp-json\/wp\/v2\/tags?post=32920"}],"curies":[{"name":"wp","href":"https:\/\/api.w.org\/{rel}","templated":true}]}}