{"id":32770,"date":"2022-05-29T09:45:31","date_gmt":"2022-05-29T15:45:31","guid":{"rendered":"https:\/\/fuentesfidedignas.com.mx\/?p=32770"},"modified":"2022-05-29T09:50:13","modified_gmt":"2022-05-29T15:50:13","slug":"nino-pide-que-le-corten-el-pelo-como-a-miguel-hidalgo-resultado-se-hace-viral","status":"publish","type":"post","link":"https:\/\/fuentesfidedignas.com.mx\/index.php\/2022\/05\/29\/nino-pide-que-le-corten-el-pelo-como-a-miguel-hidalgo-resultado-se-hace-viral\/","title":{"rendered":"Ni\u00f1o pide que le corten el pelo como a Miguel Hidalgo; resultado se hace viral"},"content":{"rendered":"\n<p><br><strong><em>El peculiar peinado de este ni\u00f1o se hizo viral en TikTok<\/em><\/strong> <\/p>\n\n\n\n<p><strong>Un ni\u00f1o pidi\u00f3 que le cortaran el pelo \u201ccomo a Miguel Hidalgo\u201d<\/strong>. El resultado del corte, as\u00ed como la reacci\u00f3n del ni\u00f1o, se hicieron virales en redes sociales.<\/p>\n\n\n\n<p>La historia lleg\u00f3 a TikTok a trav\u00e9s del usuario @ayaladiego29, quien comparti\u00f3 un video donde afirmaba que su hermano&nbsp;<strong>pidi\u00f3 que le cortaran el pelo como el h\u00e9roe de la Independencia.<\/strong><\/p>\n\n\n\n<blockquote class=\"tiktok-embed\" cite=\"https:\/\/www.tiktok.com\/@ayaladiego29\/video\/7101776615553731846\" data-video-id=\"7101776615553731846\" style=\"max-width: 605px;min-width: 325px;\" > <section> <a target=\"_blank\" title=\"@ayaladiego29\" href=\"https:\/\/www.tiktok.com\/@ayaladiego29\" rel=\"noopener\">@ayaladiego29<\/a> <p>Miguel hidalgo<\/p> <a target=\"_blank\" title=\"\u266c Funny Song - Cavendish Music\" href=\"https:\/\/www.tiktok.com\/music\/Funny-Song-6732536571318257666\" rel=\"noopener\">\u266c Funny Song &#8211; Cavendish Music<\/a> <\/section> <\/blockquote> <script async src=\"https:\/\/www.tiktok.com\/embed.js\"><\/script>\n","protected":false},"excerpt":{"rendered":"<p>El peculiar peinado de este ni\u00f1o se hizo viral en TikTok Un ni\u00f1o pidi\u00f3 que le cortaran el pelo \u201ccomo a Miguel Hidalgo\u201d. El resultado del corte, as\u00ed como la reacci\u00f3n del ni\u00f1o, se hicieron virales en redes sociales. La historia lleg\u00f3 a TikTok a trav\u00e9s del usuario @ayaladiego29, quien comparti\u00f3 un video donde afirmaba [&hellip;]<\/p>\n","protected":false},"author":9,"featured_media":32776,"comment_status":"open","ping_status":"open","sticky":false,"template":"","format":"standard","meta":{"tdm_status":"","tdm_grid_status":"","footnotes":""},"categories":[40],"tags":[],"class_list":{"0":"post-32770","1":"post","2":"type-post","3":"status-publish","4":"format-standard","5":"has-post-thumbnail","7":"category-las-asombrosas"},"yoast_head":"<!-- This site is optimized with the Yoast SEO plugin v27.5 - https:\/\/yoast.com\/product\/yoast-seo-wordpress\/ -->\n<title>Ni\u00f1o pide que le corten el pelo como a Miguel Hidalgo; resultado se hace viral - Fuentes Fidedignas<\/title>\n<meta name=\"robots\" content=\"index, follow, max-snippet:-1, max-image-preview:large, max-video-preview:-1\" \/>\n<link rel=\"canonical\" href=\"https:\/\/fuentesfidedignas.com.mx\/index.php\/2022\/05\/29\/nino-pide-que-le-corten-el-pelo-como-a-miguel-hidalgo-resultado-se-hace-viral\/\" \/>\n<meta property=\"og:locale\" content=\"es_MX\" \/>\n<meta property=\"og:type\" content=\"article\" \/>\n<meta property=\"og:title\" content=\"Ni\u00f1o pide que le corten el pelo como a Miguel Hidalgo; resultado se hace viral - Fuentes Fidedignas\" \/>\n<meta property=\"og:description\" content=\"El peculiar peinado de este ni\u00f1o se hizo viral en TikTok Un ni\u00f1o pidi\u00f3 que le cortaran el pelo \u201ccomo a Miguel Hidalgo\u201d. El resultado del corte, as\u00ed como la reacci\u00f3n del ni\u00f1o, se hicieron virales en redes sociales. La historia lleg\u00f3 a TikTok a trav\u00e9s del usuario @ayaladiego29, quien comparti\u00f3 un video donde afirmaba [&hellip;]\" \/>\n<meta property=\"og:url\" content=\"https:\/\/fuentesfidedignas.com.mx\/index.php\/2022\/05\/29\/nino-pide-que-le-corten-el-pelo-como-a-miguel-hidalgo-resultado-se-hace-viral\/\" \/>\n<meta property=\"og:site_name\" content=\"Fuentes Fidedignas\" \/>\n<meta property=\"article:publisher\" content=\"https:\/\/www.facebook.com\/Fuentes-Fidedignas-368234489921644\" \/>\n<meta property=\"article:published_time\" content=\"2022-05-29T15:45:31+00:00\" \/>\n<meta property=\"article:modified_time\" content=\"2022-05-29T15:50:13+00:00\" \/>\n<meta property=\"og:image\" content=\"https:\/\/fuentesfidedignas.com.mx\/wp-content\/uploads\/2022\/05\/NINO_CORTE.jpg\" \/>\n\t<meta property=\"og:image:width\" content=\"1186\" \/>\n\t<meta property=\"og:image:height\" content=\"714\" \/>\n\t<meta property=\"og:image:type\" content=\"image\/jpeg\" \/>\n<meta name=\"author\" content=\"Milenio\" \/>\n<meta name=\"twitter:card\" content=\"summary_large_image\" \/>\n<meta name=\"twitter:creator\" content=\"@fidedignas\" \/>\n<meta name=\"twitter:site\" content=\"@fidedignas\" \/>\n<meta name=\"twitter:label1\" content=\"Escrito por\" \/>\n\t<meta name=\"twitter:data1\" content=\"Milenio\" \/>\n\t<meta name=\"twitter:label2\" content=\"Tiempo de lectura\" \/>\n\t<meta name=\"twitter:data2\" content=\"1 minuto\" \/>\n<script type=\"application\/ld+json\" class=\"yoast-schema-graph\">{\"@context\":\"https:\\\/\\\/schema.org\",\"@graph\":[{\"@type\":\"Article\",\"@id\":\"https:\\\/\\\/fuentesfidedignas.com.mx\\\/index.php\\\/2022\\\/05\\\/29\\\/nino-pide-que-le-corten-el-pelo-como-a-miguel-hidalgo-resultado-se-hace-viral\\\/#article\",\"isPartOf\":{\"@id\":\"https:\\\/\\\/fuentesfidedignas.com.mx\\\/index.php\\\/2022\\\/05\\\/29\\\/nino-pide-que-le-corten-el-pelo-como-a-miguel-hidalgo-resultado-se-hace-viral\\\/\"},\"author\":{\"name\":\"Milenio\",\"@id\":\"https:\\\/\\\/fuentesfidedignas.com.mx\\\/#\\\/schema\\\/person\\\/47ec0135738f4b0c7495f06a77a2c976\"},\"headline\":\"Ni\u00f1o pide que le corten el pelo como a Miguel Hidalgo; resultado se hace viral\",\"datePublished\":\"2022-05-29T15:45:31+00:00\",\"dateModified\":\"2022-05-29T15:50:13+00:00\",\"mainEntityOfPage\":{\"@id\":\"https:\\\/\\\/fuentesfidedignas.com.mx\\\/index.php\\\/2022\\\/05\\\/29\\\/nino-pide-que-le-corten-el-pelo-como-a-miguel-hidalgo-resultado-se-hace-viral\\\/\"},\"wordCount\":101,\"commentCount\":0,\"publisher\":{\"@id\":\"https:\\\/\\\/fuentesfidedignas.com.mx\\\/#organization\"},\"image\":{\"@id\":\"https:\\\/\\\/fuentesfidedignas.com.mx\\\/index.php\\\/2022\\\/05\\\/29\\\/nino-pide-que-le-corten-el-pelo-como-a-miguel-hidalgo-resultado-se-hace-viral\\\/#primaryimage\"},\"thumbnailUrl\":\"https:\\\/\\\/fuentesfidedignas.com.mx\\\/wp-content\\\/uploads\\\/2022\\\/05\\\/NINO_CORTE.jpg\",\"articleSection\":[\"LAS ASOMBROSAS\"],\"inLanguage\":\"es\",\"potentialAction\":[{\"@type\":\"CommentAction\",\"name\":\"Comment\",\"target\":[\"https:\\\/\\\/fuentesfidedignas.com.mx\\\/index.php\\\/2022\\\/05\\\/29\\\/nino-pide-que-le-corten-el-pelo-como-a-miguel-hidalgo-resultado-se-hace-viral\\\/#respond\"]}]},{\"@type\":\"WebPage\",\"@id\":\"https:\\\/\\\/fuentesfidedignas.com.mx\\\/index.php\\\/2022\\\/05\\\/29\\\/nino-pide-que-le-corten-el-pelo-como-a-miguel-hidalgo-resultado-se-hace-viral\\\/\",\"url\":\"https:\\\/\\\/fuentesfidedignas.com.mx\\\/index.php\\\/2022\\\/05\\\/29\\\/nino-pide-que-le-corten-el-pelo-como-a-miguel-hidalgo-resultado-se-hace-viral\\\/\",\"name\":\"Ni\u00f1o pide que le corten el pelo como a Miguel Hidalgo; resultado se hace viral - Fuentes Fidedignas\",\"isPartOf\":{\"@id\":\"https:\\\/\\\/fuentesfidedignas.com.mx\\\/#website\"},\"primaryImageOfPage\":{\"@id\":\"https:\\\/\\\/fuentesfidedignas.com.mx\\\/index.php\\\/2022\\\/05\\\/29\\\/nino-pide-que-le-corten-el-pelo-como-a-miguel-hidalgo-resultado-se-hace-viral\\\/#primaryimage\"},\"image\":{\"@id\":\"https:\\\/\\\/fuentesfidedignas.com.mx\\\/index.php\\\/2022\\\/05\\\/29\\\/nino-pide-que-le-corten-el-pelo-como-a-miguel-hidalgo-resultado-se-hace-viral\\\/#primaryimage\"},\"thumbnailUrl\":\"https:\\\/\\\/fuentesfidedignas.com.mx\\\/wp-content\\\/uploads\\\/2022\\\/05\\\/NINO_CORTE.jpg\",\"datePublished\":\"2022-05-29T15:45:31+00:00\",\"dateModified\":\"2022-05-29T15:50:13+00:00\",\"breadcrumb\":{\"@id\":\"https:\\\/\\\/fuentesfidedignas.com.mx\\\/index.php\\\/2022\\\/05\\\/29\\\/nino-pide-que-le-corten-el-pelo-como-a-miguel-hidalgo-resultado-se-hace-viral\\\/#breadcrumb\"},\"inLanguage\":\"es\",\"potentialAction\":[{\"@type\":\"ReadAction\",\"target\":[\"https:\\\/\\\/fuentesfidedignas.com.mx\\\/index.php\\\/2022\\\/05\\\/29\\\/nino-pide-que-le-corten-el-pelo-como-a-miguel-hidalgo-resultado-se-hace-viral\\\/\"]}]},{\"@type\":\"ImageObject\",\"inLanguage\":\"es\",\"@id\":\"https:\\\/\\\/fuentesfidedignas.com.mx\\\/index.php\\\/2022\\\/05\\\/29\\\/nino-pide-que-le-corten-el-pelo-como-a-miguel-hidalgo-resultado-se-hace-viral\\\/#primaryimage\",\"url\":\"https:\\\/\\\/fuentesfidedignas.com.mx\\\/wp-content\\\/uploads\\\/2022\\\/05\\\/NINO_CORTE.jpg\",\"contentUrl\":\"https:\\\/\\\/fuentesfidedignas.com.mx\\\/wp-content\\\/uploads\\\/2022\\\/05\\\/NINO_CORTE.jpg\",\"width\":1186,\"height\":714},{\"@type\":\"BreadcrumbList\",\"@id\":\"https:\\\/\\\/fuentesfidedignas.com.mx\\\/index.php\\\/2022\\\/05\\\/29\\\/nino-pide-que-le-corten-el-pelo-como-a-miguel-hidalgo-resultado-se-hace-viral\\\/#breadcrumb\",\"itemListElement\":[{\"@type\":\"ListItem\",\"position\":1,\"name\":\"Inicio\",\"item\":\"https:\\\/\\\/fuentesfidedignas.com.mx\\\/\"},{\"@type\":\"ListItem\",\"position\":2,\"name\":\"Ni\u00f1o pide que le corten el pelo como a Miguel Hidalgo; resultado se hace viral\"}]},{\"@type\":\"WebSite\",\"@id\":\"https:\\\/\\\/fuentesfidedignas.com.mx\\\/#website\",\"url\":\"https:\\\/\\\/fuentesfidedignas.com.mx\\\/\",\"name\":\"Fuentes Fidedignas\",\"description\":\"Otro sitio realizado con WordPress\",\"publisher\":{\"@id\":\"https:\\\/\\\/fuentesfidedignas.com.mx\\\/#organization\"},\"potentialAction\":[{\"@type\":\"SearchAction\",\"target\":{\"@type\":\"EntryPoint\",\"urlTemplate\":\"https:\\\/\\\/fuentesfidedignas.com.mx\\\/?s={search_term_string}\"},\"query-input\":{\"@type\":\"PropertyValueSpecification\",\"valueRequired\":true,\"valueName\":\"search_term_string\"}}],\"inLanguage\":\"es\"},{\"@type\":\"Organization\",\"@id\":\"https:\\\/\\\/fuentesfidedignas.com.mx\\\/#organization\",\"name\":\"Fuentes Fidedignas\",\"url\":\"https:\\\/\\\/fuentesfidedignas.com.mx\\\/\",\"logo\":{\"@type\":\"ImageObject\",\"inLanguage\":\"es\",\"@id\":\"https:\\\/\\\/fuentesfidedignas.com.mx\\\/#\\\/schema\\\/logo\\\/image\\\/\",\"url\":\"https:\\\/\\\/fuentesfidedignas.com.mx\\\/wp-content\\\/uploads\\\/2021\\\/04\\\/logo-retina.png\",\"contentUrl\":\"https:\\\/\\\/fuentesfidedignas.com.mx\\\/wp-content\\\/uploads\\\/2021\\\/04\\\/logo-retina.png\",\"width\":280,\"height\":51,\"caption\":\"Fuentes Fidedignas\"},\"image\":{\"@id\":\"https:\\\/\\\/fuentesfidedignas.com.mx\\\/#\\\/schema\\\/logo\\\/image\\\/\"},\"sameAs\":[\"https:\\\/\\\/www.facebook.com\\\/Fuentes-Fidedignas-368234489921644\",\"https:\\\/\\\/x.com\\\/fidedignas\"]},{\"@type\":\"Person\",\"@id\":\"https:\\\/\\\/fuentesfidedignas.com.mx\\\/#\\\/schema\\\/person\\\/47ec0135738f4b0c7495f06a77a2c976\",\"name\":\"Milenio\",\"image\":{\"@type\":\"ImageObject\",\"inLanguage\":\"es\",\"@id\":\"https:\\\/\\\/secure.gravatar.com\\\/avatar\\\/acabf7b54753e51c2c76457954577c236b3b764789b19879565769739d1e4a75?s=96&d=mm&r=g\",\"url\":\"https:\\\/\\\/secure.gravatar.com\\\/avatar\\\/acabf7b54753e51c2c76457954577c236b3b764789b19879565769739d1e4a75?s=96&d=mm&r=g\",\"contentUrl\":\"https:\\\/\\\/secure.gravatar.com\\\/avatar\\\/acabf7b54753e51c2c76457954577c236b3b764789b19879565769739d1e4a75?s=96&d=mm&r=g\",\"caption\":\"Milenio\"},\"url\":\"https:\\\/\\\/fuentesfidedignas.com.mx\\\/index.php\\\/author\\\/milenio\\\/\"}]}<\/script>\n<!-- \/ Yoast SEO plugin. -->","yoast_head_json":{"title":"Ni\u00f1o pide que le corten el pelo como a Miguel Hidalgo; resultado se hace viral - Fuentes Fidedignas","robots":{"index":"index","follow":"follow","max-snippet":"max-snippet:-1","max-image-preview":"max-image-preview:large","max-video-preview":"max-video-preview:-1"},"canonical":"https:\/\/fuentesfidedignas.com.mx\/index.php\/2022\/05\/29\/nino-pide-que-le-corten-el-pelo-como-a-miguel-hidalgo-resultado-se-hace-viral\/","og_locale":"es_MX","og_type":"article","og_title":"Ni\u00f1o pide que le corten el pelo como a Miguel Hidalgo; resultado se hace viral - Fuentes Fidedignas","og_description":"El peculiar peinado de este ni\u00f1o se hizo viral en TikTok Un ni\u00f1o pidi\u00f3 que le cortaran el pelo \u201ccomo a Miguel Hidalgo\u201d. El resultado del corte, as\u00ed como la reacci\u00f3n del ni\u00f1o, se hicieron virales en redes sociales. La historia lleg\u00f3 a TikTok a trav\u00e9s del usuario @ayaladiego29, quien comparti\u00f3 un video donde afirmaba [&hellip;]","og_url":"https:\/\/fuentesfidedignas.com.mx\/index.php\/2022\/05\/29\/nino-pide-que-le-corten-el-pelo-como-a-miguel-hidalgo-resultado-se-hace-viral\/","og_site_name":"Fuentes Fidedignas","article_publisher":"https:\/\/www.facebook.com\/Fuentes-Fidedignas-368234489921644","article_published_time":"2022-05-29T15:45:31+00:00","article_modified_time":"2022-05-29T15:50:13+00:00","og_image":[{"width":1186,"height":714,"url":"https:\/\/fuentesfidedignas.com.mx\/wp-content\/uploads\/2022\/05\/NINO_CORTE.jpg","type":"image\/jpeg"}],"author":"Milenio","twitter_card":"summary_large_image","twitter_creator":"@fidedignas","twitter_site":"@fidedignas","twitter_misc":{"Escrito por":"Milenio","Tiempo de lectura":"1 minuto"},"schema":{"@context":"https:\/\/schema.org","@graph":[{"@type":"Article","@id":"https:\/\/fuentesfidedignas.com.mx\/index.php\/2022\/05\/29\/nino-pide-que-le-corten-el-pelo-como-a-miguel-hidalgo-resultado-se-hace-viral\/#article","isPartOf":{"@id":"https:\/\/fuentesfidedignas.com.mx\/index.php\/2022\/05\/29\/nino-pide-que-le-corten-el-pelo-como-a-miguel-hidalgo-resultado-se-hace-viral\/"},"author":{"name":"Milenio","@id":"https:\/\/fuentesfidedignas.com.mx\/#\/schema\/person\/47ec0135738f4b0c7495f06a77a2c976"},"headline":"Ni\u00f1o pide que le corten el pelo como a Miguel Hidalgo; resultado se hace viral","datePublished":"2022-05-29T15:45:31+00:00","dateModified":"2022-05-29T15:50:13+00:00","mainEntityOfPage":{"@id":"https:\/\/fuentesfidedignas.com.mx\/index.php\/2022\/05\/29\/nino-pide-que-le-corten-el-pelo-como-a-miguel-hidalgo-resultado-se-hace-viral\/"},"wordCount":101,"commentCount":0,"publisher":{"@id":"https:\/\/fuentesfidedignas.com.mx\/#organization"},"image":{"@id":"https:\/\/fuentesfidedignas.com.mx\/index.php\/2022\/05\/29\/nino-pide-que-le-corten-el-pelo-como-a-miguel-hidalgo-resultado-se-hace-viral\/#primaryimage"},"thumbnailUrl":"https:\/\/fuentesfidedignas.com.mx\/wp-content\/uploads\/2022\/05\/NINO_CORTE.jpg","articleSection":["LAS ASOMBROSAS"],"inLanguage":"es","potentialAction":[{"@type":"CommentAction","name":"Comment","target":["https:\/\/fuentesfidedignas.com.mx\/index.php\/2022\/05\/29\/nino-pide-que-le-corten-el-pelo-como-a-miguel-hidalgo-resultado-se-hace-viral\/#respond"]}]},{"@type":"WebPage","@id":"https:\/\/fuentesfidedignas.com.mx\/index.php\/2022\/05\/29\/nino-pide-que-le-corten-el-pelo-como-a-miguel-hidalgo-resultado-se-hace-viral\/","url":"https:\/\/fuentesfidedignas.com.mx\/index.php\/2022\/05\/29\/nino-pide-que-le-corten-el-pelo-como-a-miguel-hidalgo-resultado-se-hace-viral\/","name":"Ni\u00f1o pide que le corten el pelo como a Miguel Hidalgo; resultado se hace viral - Fuentes Fidedignas","isPartOf":{"@id":"https:\/\/fuentesfidedignas.com.mx\/#website"},"primaryImageOfPage":{"@id":"https:\/\/fuentesfidedignas.com.mx\/index.php\/2022\/05\/29\/nino-pide-que-le-corten-el-pelo-como-a-miguel-hidalgo-resultado-se-hace-viral\/#primaryimage"},"image":{"@id":"https:\/\/fuentesfidedignas.com.mx\/index.php\/2022\/05\/29\/nino-pide-que-le-corten-el-pelo-como-a-miguel-hidalgo-resultado-se-hace-viral\/#primaryimage"},"thumbnailUrl":"https:\/\/fuentesfidedignas.com.mx\/wp-content\/uploads\/2022\/05\/NINO_CORTE.jpg","datePublished":"2022-05-29T15:45:31+00:00","dateModified":"2022-05-29T15:50:13+00:00","breadcrumb":{"@id":"https:\/\/fuentesfidedignas.com.mx\/index.php\/2022\/05\/29\/nino-pide-que-le-corten-el-pelo-como-a-miguel-hidalgo-resultado-se-hace-viral\/#breadcrumb"},"inLanguage":"es","potentialAction":[{"@type":"ReadAction","target":["https:\/\/fuentesfidedignas.com.mx\/index.php\/2022\/05\/29\/nino-pide-que-le-corten-el-pelo-como-a-miguel-hidalgo-resultado-se-hace-viral\/"]}]},{"@type":"ImageObject","inLanguage":"es","@id":"https:\/\/fuentesfidedignas.com.mx\/index.php\/2022\/05\/29\/nino-pide-que-le-corten-el-pelo-como-a-miguel-hidalgo-resultado-se-hace-viral\/#primaryimage","url":"https:\/\/fuentesfidedignas.com.mx\/wp-content\/uploads\/2022\/05\/NINO_CORTE.jpg","contentUrl":"https:\/\/fuentesfidedignas.com.mx\/wp-content\/uploads\/2022\/05\/NINO_CORTE.jpg","width":1186,"height":714},{"@type":"BreadcrumbList","@id":"https:\/\/fuentesfidedignas.com.mx\/index.php\/2022\/05\/29\/nino-pide-que-le-corten-el-pelo-como-a-miguel-hidalgo-resultado-se-hace-viral\/#breadcrumb","itemListElement":[{"@type":"ListItem","position":1,"name":"Inicio","item":"https:\/\/fuentesfidedignas.com.mx\/"},{"@type":"ListItem","position":2,"name":"Ni\u00f1o pide que le corten el pelo como a Miguel Hidalgo; resultado se hace viral"}]},{"@type":"WebSite","@id":"https:\/\/fuentesfidedignas.com.mx\/#website","url":"https:\/\/fuentesfidedignas.com.mx\/","name":"Fuentes Fidedignas","description":"Otro sitio realizado con WordPress","publisher":{"@id":"https:\/\/fuentesfidedignas.com.mx\/#organization"},"potentialAction":[{"@type":"SearchAction","target":{"@type":"EntryPoint","urlTemplate":"https:\/\/fuentesfidedignas.com.mx\/?s={search_term_string}"},"query-input":{"@type":"PropertyValueSpecification","valueRequired":true,"valueName":"search_term_string"}}],"inLanguage":"es"},{"@type":"Organization","@id":"https:\/\/fuentesfidedignas.com.mx\/#organization","name":"Fuentes Fidedignas","url":"https:\/\/fuentesfidedignas.com.mx\/","logo":{"@type":"ImageObject","inLanguage":"es","@id":"https:\/\/fuentesfidedignas.com.mx\/#\/schema\/logo\/image\/","url":"https:\/\/fuentesfidedignas.com.mx\/wp-content\/uploads\/2021\/04\/logo-retina.png","contentUrl":"https:\/\/fuentesfidedignas.com.mx\/wp-content\/uploads\/2021\/04\/logo-retina.png","width":280,"height":51,"caption":"Fuentes Fidedignas"},"image":{"@id":"https:\/\/fuentesfidedignas.com.mx\/#\/schema\/logo\/image\/"},"sameAs":["https:\/\/www.facebook.com\/Fuentes-Fidedignas-368234489921644","https:\/\/x.com\/fidedignas"]},{"@type":"Person","@id":"https:\/\/fuentesfidedignas.com.mx\/#\/schema\/person\/47ec0135738f4b0c7495f06a77a2c976","name":"Milenio","image":{"@type":"ImageObject","inLanguage":"es","@id":"https:\/\/secure.gravatar.com\/avatar\/acabf7b54753e51c2c76457954577c236b3b764789b19879565769739d1e4a75?s=96&d=mm&r=g","url":"https:\/\/secure.gravatar.com\/avatar\/acabf7b54753e51c2c76457954577c236b3b764789b19879565769739d1e4a75?s=96&d=mm&r=g","contentUrl":"https:\/\/secure.gravatar.com\/avatar\/acabf7b54753e51c2c76457954577c236b3b764789b19879565769739d1e4a75?s=96&d=mm&r=g","caption":"Milenio"},"url":"https:\/\/fuentesfidedignas.com.mx\/index.php\/author\/milenio\/"}]}},"_links":{"self":[{"href":"https:\/\/fuentesfidedignas.com.mx\/index.php\/wp-json\/wp\/v2\/posts\/32770","targetHints":{"allow":["GET"]}}],"collection":[{"href":"https:\/\/fuentesfidedignas.com.mx\/index.php\/wp-json\/wp\/v2\/posts"}],"about":[{"href":"https:\/\/fuentesfidedignas.com.mx\/index.php\/wp-json\/wp\/v2\/types\/post"}],"author":[{"embeddable":true,"href":"https:\/\/fuentesfidedignas.com.mx\/index.php\/wp-json\/wp\/v2\/users\/9"}],"replies":[{"embeddable":true,"href":"https:\/\/fuentesfidedignas.com.mx\/index.php\/wp-json\/wp\/v2\/comments?post=32770"}],"version-history":[{"count":2,"href":"https:\/\/fuentesfidedignas.com.mx\/index.php\/wp-json\/wp\/v2\/posts\/32770\/revisions"}],"predecessor-version":[{"id":32777,"href":"https:\/\/fuentesfidedignas.com.mx\/index.php\/wp-json\/wp\/v2\/posts\/32770\/revisions\/32777"}],"wp:featuredmedia":[{"embeddable":true,"href":"https:\/\/fuentesfidedignas.com.mx\/index.php\/wp-json\/wp\/v2\/media\/32776"}],"wp:attachment":[{"href":"https:\/\/fuentesfidedignas.com.mx\/index.php\/wp-json\/wp\/v2\/media?parent=32770"}],"wp:term":[{"taxonomy":"category","embeddable":true,"href":"https:\/\/fuentesfidedignas.com.mx\/index.php\/wp-json\/wp\/v2\/categories?post=32770"},{"taxonomy":"post_tag","embeddable":true,"href":"https:\/\/fuentesfidedignas.com.mx\/index.php\/wp-json\/wp\/v2\/tags?post=32770"}],"curies":[{"name":"wp","href":"https:\/\/api.w.org\/{rel}","templated":true}]}}