{"id":32752,"date":"2022-05-28T16:57:27","date_gmt":"2022-05-28T22:57:27","guid":{"rendered":"https:\/\/fuentesfidedignas.com.mx\/?p=32752"},"modified":"2022-05-28T16:57:50","modified_gmt":"2022-05-28T22:57:50","slug":"reportan-muerte-de-bebe-en-nayarit-como-primer-caso-probable-de-hepatitis-aguda-infantil","status":"publish","type":"post","link":"https:\/\/fuentesfidedignas.com.mx\/index.php\/2022\/05\/28\/reportan-muerte-de-bebe-en-nayarit-como-primer-caso-probable-de-hepatitis-aguda-infantil\/","title":{"rendered":"Reportan muerte de beb\u00e9 en Nayarit como primer caso probable de hepatitis aguda infantil"},"content":{"rendered":"\n<p><br><strong><em>En Nayarit, la muerte de un beb\u00e9 de seis meses fue reportado como el primer caso probable de hepatitis aguda infantil de causa desconocida<\/em><\/strong> <\/p>\n\n\n\n<p>Nayarit. En Nayarit, la muerte de un beb\u00e9 de seis meses fue reportado como el primer caso probable de hepatitis aguda infantil de causa desconocida, tras presentar s\u00edntomas relacionados con la enfermedad, luego de la emisi\u00f3n de los resultados de los an\u00e1lisis realizados por el Instituto de Diagn\u00f3stico y Referencia Epidemiol\u00f3gica (InDRE).<\/p>\n\n\n\n<p>De acuerdo al reporte, las causas de defunci\u00f3n fueron falla org\u00e1nica m\u00faltiple, choque s\u00e9ptico y neumon\u00eda adquirida en la comunidad.<\/p>\n\n\n\n<p>Sobre otro caso de un menor masculino de 4 meses de edad referido a la Unidad M\u00e9dica de alta Especialidad del Hospital de Pediatr\u00eda del Centro M\u00e9dico Nacional de Occidente del IMSS, se inform\u00f3 que se reporta grave, con resultados negativos al virus de la hepatitis A, B y C por el Laboratorio Estatal de Salud P\u00fablica y en espera de resultados de las muestras enviadas al InDRE para su clasificaci\u00f3n acorde al protocolo del Grupo de Expertos Intersectorial para la revisi\u00f3n de casos probables de Hepatitis Aguda Grave de causa desconocida en Ni\u00f1os en M\u00e9xico (GEI-HepAN), apunt\u00f3 la Secretar\u00eda de Salud de Nayarit a trav\u00e9s de un comunicado.<\/p>\n\n\n\n<p>Agreg\u00f3 que si un menor de 16 a\u00f1os presenta manifestaciones cl\u00ednicas de hepatitis como ictericia (coloraci\u00f3n amarillenta de la piel, mucosas u ocular), dolor abdominal, diarrea, v\u00f3mito, malestar general y falta de apetito, se debe acudir con el m\u00e9dico.<\/p>\n\n\n\n<p>Para evitar un posible contagio se recomienda a la poblaci\u00f3n general: el lavado de manos o gel alcohol, usar un pa\u00f1uelo de papel para cubrir boca y nariz al toser o estornudar, evitar el contacto cercano con personas sospechosas o enfermas de hepatitis, limpiar juguetes y superficies donde se encuentren los menores, consumo de agua potable, manejo higi\u00e9nico de los alimentos y eliminaci\u00f3n adecuada de excretas.<\/p>\n","protected":false},"excerpt":{"rendered":"<p>En Nayarit, la muerte de un beb\u00e9 de seis meses fue reportado como el primer caso probable de hepatitis aguda infantil de causa desconocida Nayarit. En Nayarit, la muerte de un beb\u00e9 de seis meses fue reportado como el primer caso probable de hepatitis aguda infantil de causa desconocida, tras presentar s\u00edntomas relacionados con la [&hellip;]<\/p>\n","protected":false},"author":11,"featured_media":32754,"comment_status":"open","ping_status":"open","sticky":false,"template":"","format":"standard","meta":{"tdm_status":"","tdm_grid_status":"","footnotes":""},"categories":[39],"tags":[],"class_list":{"0":"post-32752","1":"post","2":"type-post","3":"status-publish","4":"format-standard","5":"has-post-thumbnail","7":"category-noticias-nacionales"},"yoast_head":"<!-- This site is optimized with the Yoast SEO plugin v27.5 - https:\/\/yoast.com\/product\/yoast-seo-wordpress\/ -->\n<title>Reportan muerte de beb\u00e9 en Nayarit como primer caso probable de hepatitis aguda infantil - Fuentes Fidedignas<\/title>\n<meta name=\"robots\" content=\"index, follow, max-snippet:-1, max-image-preview:large, max-video-preview:-1\" \/>\n<link rel=\"canonical\" href=\"https:\/\/fuentesfidedignas.com.mx\/index.php\/2022\/05\/28\/reportan-muerte-de-bebe-en-nayarit-como-primer-caso-probable-de-hepatitis-aguda-infantil\/\" \/>\n<meta property=\"og:locale\" content=\"es_MX\" \/>\n<meta property=\"og:type\" content=\"article\" \/>\n<meta property=\"og:title\" content=\"Reportan muerte de beb\u00e9 en Nayarit como primer caso probable de hepatitis aguda infantil - Fuentes Fidedignas\" \/>\n<meta property=\"og:description\" content=\"En Nayarit, la muerte de un beb\u00e9 de seis meses fue reportado como el primer caso probable de hepatitis aguda infantil de causa desconocida Nayarit. En Nayarit, la muerte de un beb\u00e9 de seis meses fue reportado como el primer caso probable de hepatitis aguda infantil de causa desconocida, tras presentar s\u00edntomas relacionados con la [&hellip;]\" \/>\n<meta property=\"og:url\" content=\"https:\/\/fuentesfidedignas.com.mx\/index.php\/2022\/05\/28\/reportan-muerte-de-bebe-en-nayarit-como-primer-caso-probable-de-hepatitis-aguda-infantil\/\" \/>\n<meta property=\"og:site_name\" content=\"Fuentes Fidedignas\" \/>\n<meta property=\"article:publisher\" content=\"https:\/\/www.facebook.com\/Fuentes-Fidedignas-368234489921644\" \/>\n<meta property=\"article:published_time\" content=\"2022-05-28T22:57:27+00:00\" \/>\n<meta property=\"article:modified_time\" content=\"2022-05-28T22:57:50+00:00\" \/>\n<meta property=\"og:image\" content=\"https:\/\/fuentesfidedignas.com.mx\/wp-content\/uploads\/2022\/05\/bebe.jpg\" \/>\n\t<meta property=\"og:image:width\" content=\"1280\" \/>\n\t<meta property=\"og:image:height\" content=\"720\" \/>\n\t<meta property=\"og:image:type\" content=\"image\/jpeg\" \/>\n<meta name=\"author\" content=\"Marissa Palafox\" \/>\n<meta name=\"twitter:card\" content=\"summary_large_image\" \/>\n<meta name=\"twitter:creator\" content=\"@fidedignas\" \/>\n<meta name=\"twitter:site\" content=\"@fidedignas\" \/>\n<meta name=\"twitter:label1\" content=\"Escrito por\" \/>\n\t<meta name=\"twitter:data1\" content=\"Marissa Palafox\" \/>\n\t<meta name=\"twitter:label2\" content=\"Tiempo de lectura\" \/>\n\t<meta name=\"twitter:data2\" content=\"2 minutos\" \/>\n<script type=\"application\/ld+json\" class=\"yoast-schema-graph\">{\"@context\":\"https:\\\/\\\/schema.org\",\"@graph\":[{\"@type\":\"Article\",\"@id\":\"https:\\\/\\\/fuentesfidedignas.com.mx\\\/index.php\\\/2022\\\/05\\\/28\\\/reportan-muerte-de-bebe-en-nayarit-como-primer-caso-probable-de-hepatitis-aguda-infantil\\\/#article\",\"isPartOf\":{\"@id\":\"https:\\\/\\\/fuentesfidedignas.com.mx\\\/index.php\\\/2022\\\/05\\\/28\\\/reportan-muerte-de-bebe-en-nayarit-como-primer-caso-probable-de-hepatitis-aguda-infantil\\\/\"},\"author\":{\"name\":\"Marissa Palafox\",\"@id\":\"https:\\\/\\\/fuentesfidedignas.com.mx\\\/#\\\/schema\\\/person\\\/2c10028b4a30078c05a056a215342ab9\"},\"headline\":\"Reportan muerte de beb\u00e9 en Nayarit como primer caso probable de hepatitis aguda infantil\",\"datePublished\":\"2022-05-28T22:57:27+00:00\",\"dateModified\":\"2022-05-28T22:57:50+00:00\",\"mainEntityOfPage\":{\"@id\":\"https:\\\/\\\/fuentesfidedignas.com.mx\\\/index.php\\\/2022\\\/05\\\/28\\\/reportan-muerte-de-bebe-en-nayarit-como-primer-caso-probable-de-hepatitis-aguda-infantil\\\/\"},\"wordCount\":351,\"commentCount\":0,\"publisher\":{\"@id\":\"https:\\\/\\\/fuentesfidedignas.com.mx\\\/#organization\"},\"image\":{\"@id\":\"https:\\\/\\\/fuentesfidedignas.com.mx\\\/index.php\\\/2022\\\/05\\\/28\\\/reportan-muerte-de-bebe-en-nayarit-como-primer-caso-probable-de-hepatitis-aguda-infantil\\\/#primaryimage\"},\"thumbnailUrl\":\"https:\\\/\\\/fuentesfidedignas.com.mx\\\/wp-content\\\/uploads\\\/2022\\\/05\\\/bebe.jpg\",\"articleSection\":[\"NOTICIAS NACIONALES\"],\"inLanguage\":\"es\",\"potentialAction\":[{\"@type\":\"CommentAction\",\"name\":\"Comment\",\"target\":[\"https:\\\/\\\/fuentesfidedignas.com.mx\\\/index.php\\\/2022\\\/05\\\/28\\\/reportan-muerte-de-bebe-en-nayarit-como-primer-caso-probable-de-hepatitis-aguda-infantil\\\/#respond\"]}]},{\"@type\":\"WebPage\",\"@id\":\"https:\\\/\\\/fuentesfidedignas.com.mx\\\/index.php\\\/2022\\\/05\\\/28\\\/reportan-muerte-de-bebe-en-nayarit-como-primer-caso-probable-de-hepatitis-aguda-infantil\\\/\",\"url\":\"https:\\\/\\\/fuentesfidedignas.com.mx\\\/index.php\\\/2022\\\/05\\\/28\\\/reportan-muerte-de-bebe-en-nayarit-como-primer-caso-probable-de-hepatitis-aguda-infantil\\\/\",\"name\":\"Reportan muerte de beb\u00e9 en Nayarit como primer caso probable de hepatitis aguda infantil - Fuentes Fidedignas\",\"isPartOf\":{\"@id\":\"https:\\\/\\\/fuentesfidedignas.com.mx\\\/#website\"},\"primaryImageOfPage\":{\"@id\":\"https:\\\/\\\/fuentesfidedignas.com.mx\\\/index.php\\\/2022\\\/05\\\/28\\\/reportan-muerte-de-bebe-en-nayarit-como-primer-caso-probable-de-hepatitis-aguda-infantil\\\/#primaryimage\"},\"image\":{\"@id\":\"https:\\\/\\\/fuentesfidedignas.com.mx\\\/index.php\\\/2022\\\/05\\\/28\\\/reportan-muerte-de-bebe-en-nayarit-como-primer-caso-probable-de-hepatitis-aguda-infantil\\\/#primaryimage\"},\"thumbnailUrl\":\"https:\\\/\\\/fuentesfidedignas.com.mx\\\/wp-content\\\/uploads\\\/2022\\\/05\\\/bebe.jpg\",\"datePublished\":\"2022-05-28T22:57:27+00:00\",\"dateModified\":\"2022-05-28T22:57:50+00:00\",\"breadcrumb\":{\"@id\":\"https:\\\/\\\/fuentesfidedignas.com.mx\\\/index.php\\\/2022\\\/05\\\/28\\\/reportan-muerte-de-bebe-en-nayarit-como-primer-caso-probable-de-hepatitis-aguda-infantil\\\/#breadcrumb\"},\"inLanguage\":\"es\",\"potentialAction\":[{\"@type\":\"ReadAction\",\"target\":[\"https:\\\/\\\/fuentesfidedignas.com.mx\\\/index.php\\\/2022\\\/05\\\/28\\\/reportan-muerte-de-bebe-en-nayarit-como-primer-caso-probable-de-hepatitis-aguda-infantil\\\/\"]}]},{\"@type\":\"ImageObject\",\"inLanguage\":\"es\",\"@id\":\"https:\\\/\\\/fuentesfidedignas.com.mx\\\/index.php\\\/2022\\\/05\\\/28\\\/reportan-muerte-de-bebe-en-nayarit-como-primer-caso-probable-de-hepatitis-aguda-infantil\\\/#primaryimage\",\"url\":\"https:\\\/\\\/fuentesfidedignas.com.mx\\\/wp-content\\\/uploads\\\/2022\\\/05\\\/bebe.jpg\",\"contentUrl\":\"https:\\\/\\\/fuentesfidedignas.com.mx\\\/wp-content\\\/uploads\\\/2022\\\/05\\\/bebe.jpg\",\"width\":1280,\"height\":720},{\"@type\":\"BreadcrumbList\",\"@id\":\"https:\\\/\\\/fuentesfidedignas.com.mx\\\/index.php\\\/2022\\\/05\\\/28\\\/reportan-muerte-de-bebe-en-nayarit-como-primer-caso-probable-de-hepatitis-aguda-infantil\\\/#breadcrumb\",\"itemListElement\":[{\"@type\":\"ListItem\",\"position\":1,\"name\":\"Inicio\",\"item\":\"https:\\\/\\\/fuentesfidedignas.com.mx\\\/\"},{\"@type\":\"ListItem\",\"position\":2,\"name\":\"Reportan muerte de beb\u00e9 en Nayarit como primer caso probable de hepatitis aguda infantil\"}]},{\"@type\":\"WebSite\",\"@id\":\"https:\\\/\\\/fuentesfidedignas.com.mx\\\/#website\",\"url\":\"https:\\\/\\\/fuentesfidedignas.com.mx\\\/\",\"name\":\"Fuentes Fidedignas\",\"description\":\"Otro sitio realizado con WordPress\",\"publisher\":{\"@id\":\"https:\\\/\\\/fuentesfidedignas.com.mx\\\/#organization\"},\"potentialAction\":[{\"@type\":\"SearchAction\",\"target\":{\"@type\":\"EntryPoint\",\"urlTemplate\":\"https:\\\/\\\/fuentesfidedignas.com.mx\\\/?s={search_term_string}\"},\"query-input\":{\"@type\":\"PropertyValueSpecification\",\"valueRequired\":true,\"valueName\":\"search_term_string\"}}],\"inLanguage\":\"es\"},{\"@type\":\"Organization\",\"@id\":\"https:\\\/\\\/fuentesfidedignas.com.mx\\\/#organization\",\"name\":\"Fuentes Fidedignas\",\"url\":\"https:\\\/\\\/fuentesfidedignas.com.mx\\\/\",\"logo\":{\"@type\":\"ImageObject\",\"inLanguage\":\"es\",\"@id\":\"https:\\\/\\\/fuentesfidedignas.com.mx\\\/#\\\/schema\\\/logo\\\/image\\\/\",\"url\":\"https:\\\/\\\/fuentesfidedignas.com.mx\\\/wp-content\\\/uploads\\\/2021\\\/04\\\/logo-retina.png\",\"contentUrl\":\"https:\\\/\\\/fuentesfidedignas.com.mx\\\/wp-content\\\/uploads\\\/2021\\\/04\\\/logo-retina.png\",\"width\":280,\"height\":51,\"caption\":\"Fuentes Fidedignas\"},\"image\":{\"@id\":\"https:\\\/\\\/fuentesfidedignas.com.mx\\\/#\\\/schema\\\/logo\\\/image\\\/\"},\"sameAs\":[\"https:\\\/\\\/www.facebook.com\\\/Fuentes-Fidedignas-368234489921644\",\"https:\\\/\\\/x.com\\\/fidedignas\"]},{\"@type\":\"Person\",\"@id\":\"https:\\\/\\\/fuentesfidedignas.com.mx\\\/#\\\/schema\\\/person\\\/2c10028b4a30078c05a056a215342ab9\",\"name\":\"Marissa Palafox\",\"image\":{\"@type\":\"ImageObject\",\"inLanguage\":\"es\",\"@id\":\"https:\\\/\\\/secure.gravatar.com\\\/avatar\\\/20a43bdb2f2db10f20b22d4e98b96eb027faf98f7f76d29854dc5fab46d1cf71?s=96&d=mm&r=g\",\"url\":\"https:\\\/\\\/secure.gravatar.com\\\/avatar\\\/20a43bdb2f2db10f20b22d4e98b96eb027faf98f7f76d29854dc5fab46d1cf71?s=96&d=mm&r=g\",\"contentUrl\":\"https:\\\/\\\/secure.gravatar.com\\\/avatar\\\/20a43bdb2f2db10f20b22d4e98b96eb027faf98f7f76d29854dc5fab46d1cf71?s=96&d=mm&r=g\",\"caption\":\"Marissa Palafox\"},\"url\":\"https:\\\/\\\/fuentesfidedignas.com.mx\\\/index.php\\\/author\\\/marissa\\\/\"}]}<\/script>\n<!-- \/ Yoast SEO plugin. -->","yoast_head_json":{"title":"Reportan muerte de beb\u00e9 en Nayarit como primer caso probable de hepatitis aguda infantil - Fuentes Fidedignas","robots":{"index":"index","follow":"follow","max-snippet":"max-snippet:-1","max-image-preview":"max-image-preview:large","max-video-preview":"max-video-preview:-1"},"canonical":"https:\/\/fuentesfidedignas.com.mx\/index.php\/2022\/05\/28\/reportan-muerte-de-bebe-en-nayarit-como-primer-caso-probable-de-hepatitis-aguda-infantil\/","og_locale":"es_MX","og_type":"article","og_title":"Reportan muerte de beb\u00e9 en Nayarit como primer caso probable de hepatitis aguda infantil - Fuentes Fidedignas","og_description":"En Nayarit, la muerte de un beb\u00e9 de seis meses fue reportado como el primer caso probable de hepatitis aguda infantil de causa desconocida Nayarit. En Nayarit, la muerte de un beb\u00e9 de seis meses fue reportado como el primer caso probable de hepatitis aguda infantil de causa desconocida, tras presentar s\u00edntomas relacionados con la [&hellip;]","og_url":"https:\/\/fuentesfidedignas.com.mx\/index.php\/2022\/05\/28\/reportan-muerte-de-bebe-en-nayarit-como-primer-caso-probable-de-hepatitis-aguda-infantil\/","og_site_name":"Fuentes Fidedignas","article_publisher":"https:\/\/www.facebook.com\/Fuentes-Fidedignas-368234489921644","article_published_time":"2022-05-28T22:57:27+00:00","article_modified_time":"2022-05-28T22:57:50+00:00","og_image":[{"width":1280,"height":720,"url":"https:\/\/fuentesfidedignas.com.mx\/wp-content\/uploads\/2022\/05\/bebe.jpg","type":"image\/jpeg"}],"author":"Marissa Palafox","twitter_card":"summary_large_image","twitter_creator":"@fidedignas","twitter_site":"@fidedignas","twitter_misc":{"Escrito por":"Marissa Palafox","Tiempo de lectura":"2 minutos"},"schema":{"@context":"https:\/\/schema.org","@graph":[{"@type":"Article","@id":"https:\/\/fuentesfidedignas.com.mx\/index.php\/2022\/05\/28\/reportan-muerte-de-bebe-en-nayarit-como-primer-caso-probable-de-hepatitis-aguda-infantil\/#article","isPartOf":{"@id":"https:\/\/fuentesfidedignas.com.mx\/index.php\/2022\/05\/28\/reportan-muerte-de-bebe-en-nayarit-como-primer-caso-probable-de-hepatitis-aguda-infantil\/"},"author":{"name":"Marissa Palafox","@id":"https:\/\/fuentesfidedignas.com.mx\/#\/schema\/person\/2c10028b4a30078c05a056a215342ab9"},"headline":"Reportan muerte de beb\u00e9 en Nayarit como primer caso probable de hepatitis aguda infantil","datePublished":"2022-05-28T22:57:27+00:00","dateModified":"2022-05-28T22:57:50+00:00","mainEntityOfPage":{"@id":"https:\/\/fuentesfidedignas.com.mx\/index.php\/2022\/05\/28\/reportan-muerte-de-bebe-en-nayarit-como-primer-caso-probable-de-hepatitis-aguda-infantil\/"},"wordCount":351,"commentCount":0,"publisher":{"@id":"https:\/\/fuentesfidedignas.com.mx\/#organization"},"image":{"@id":"https:\/\/fuentesfidedignas.com.mx\/index.php\/2022\/05\/28\/reportan-muerte-de-bebe-en-nayarit-como-primer-caso-probable-de-hepatitis-aguda-infantil\/#primaryimage"},"thumbnailUrl":"https:\/\/fuentesfidedignas.com.mx\/wp-content\/uploads\/2022\/05\/bebe.jpg","articleSection":["NOTICIAS NACIONALES"],"inLanguage":"es","potentialAction":[{"@type":"CommentAction","name":"Comment","target":["https:\/\/fuentesfidedignas.com.mx\/index.php\/2022\/05\/28\/reportan-muerte-de-bebe-en-nayarit-como-primer-caso-probable-de-hepatitis-aguda-infantil\/#respond"]}]},{"@type":"WebPage","@id":"https:\/\/fuentesfidedignas.com.mx\/index.php\/2022\/05\/28\/reportan-muerte-de-bebe-en-nayarit-como-primer-caso-probable-de-hepatitis-aguda-infantil\/","url":"https:\/\/fuentesfidedignas.com.mx\/index.php\/2022\/05\/28\/reportan-muerte-de-bebe-en-nayarit-como-primer-caso-probable-de-hepatitis-aguda-infantil\/","name":"Reportan muerte de beb\u00e9 en Nayarit como primer caso probable de hepatitis aguda infantil - Fuentes Fidedignas","isPartOf":{"@id":"https:\/\/fuentesfidedignas.com.mx\/#website"},"primaryImageOfPage":{"@id":"https:\/\/fuentesfidedignas.com.mx\/index.php\/2022\/05\/28\/reportan-muerte-de-bebe-en-nayarit-como-primer-caso-probable-de-hepatitis-aguda-infantil\/#primaryimage"},"image":{"@id":"https:\/\/fuentesfidedignas.com.mx\/index.php\/2022\/05\/28\/reportan-muerte-de-bebe-en-nayarit-como-primer-caso-probable-de-hepatitis-aguda-infantil\/#primaryimage"},"thumbnailUrl":"https:\/\/fuentesfidedignas.com.mx\/wp-content\/uploads\/2022\/05\/bebe.jpg","datePublished":"2022-05-28T22:57:27+00:00","dateModified":"2022-05-28T22:57:50+00:00","breadcrumb":{"@id":"https:\/\/fuentesfidedignas.com.mx\/index.php\/2022\/05\/28\/reportan-muerte-de-bebe-en-nayarit-como-primer-caso-probable-de-hepatitis-aguda-infantil\/#breadcrumb"},"inLanguage":"es","potentialAction":[{"@type":"ReadAction","target":["https:\/\/fuentesfidedignas.com.mx\/index.php\/2022\/05\/28\/reportan-muerte-de-bebe-en-nayarit-como-primer-caso-probable-de-hepatitis-aguda-infantil\/"]}]},{"@type":"ImageObject","inLanguage":"es","@id":"https:\/\/fuentesfidedignas.com.mx\/index.php\/2022\/05\/28\/reportan-muerte-de-bebe-en-nayarit-como-primer-caso-probable-de-hepatitis-aguda-infantil\/#primaryimage","url":"https:\/\/fuentesfidedignas.com.mx\/wp-content\/uploads\/2022\/05\/bebe.jpg","contentUrl":"https:\/\/fuentesfidedignas.com.mx\/wp-content\/uploads\/2022\/05\/bebe.jpg","width":1280,"height":720},{"@type":"BreadcrumbList","@id":"https:\/\/fuentesfidedignas.com.mx\/index.php\/2022\/05\/28\/reportan-muerte-de-bebe-en-nayarit-como-primer-caso-probable-de-hepatitis-aguda-infantil\/#breadcrumb","itemListElement":[{"@type":"ListItem","position":1,"name":"Inicio","item":"https:\/\/fuentesfidedignas.com.mx\/"},{"@type":"ListItem","position":2,"name":"Reportan muerte de beb\u00e9 en Nayarit como primer caso probable de hepatitis aguda infantil"}]},{"@type":"WebSite","@id":"https:\/\/fuentesfidedignas.com.mx\/#website","url":"https:\/\/fuentesfidedignas.com.mx\/","name":"Fuentes Fidedignas","description":"Otro sitio realizado con WordPress","publisher":{"@id":"https:\/\/fuentesfidedignas.com.mx\/#organization"},"potentialAction":[{"@type":"SearchAction","target":{"@type":"EntryPoint","urlTemplate":"https:\/\/fuentesfidedignas.com.mx\/?s={search_term_string}"},"query-input":{"@type":"PropertyValueSpecification","valueRequired":true,"valueName":"search_term_string"}}],"inLanguage":"es"},{"@type":"Organization","@id":"https:\/\/fuentesfidedignas.com.mx\/#organization","name":"Fuentes Fidedignas","url":"https:\/\/fuentesfidedignas.com.mx\/","logo":{"@type":"ImageObject","inLanguage":"es","@id":"https:\/\/fuentesfidedignas.com.mx\/#\/schema\/logo\/image\/","url":"https:\/\/fuentesfidedignas.com.mx\/wp-content\/uploads\/2021\/04\/logo-retina.png","contentUrl":"https:\/\/fuentesfidedignas.com.mx\/wp-content\/uploads\/2021\/04\/logo-retina.png","width":280,"height":51,"caption":"Fuentes Fidedignas"},"image":{"@id":"https:\/\/fuentesfidedignas.com.mx\/#\/schema\/logo\/image\/"},"sameAs":["https:\/\/www.facebook.com\/Fuentes-Fidedignas-368234489921644","https:\/\/x.com\/fidedignas"]},{"@type":"Person","@id":"https:\/\/fuentesfidedignas.com.mx\/#\/schema\/person\/2c10028b4a30078c05a056a215342ab9","name":"Marissa Palafox","image":{"@type":"ImageObject","inLanguage":"es","@id":"https:\/\/secure.gravatar.com\/avatar\/20a43bdb2f2db10f20b22d4e98b96eb027faf98f7f76d29854dc5fab46d1cf71?s=96&d=mm&r=g","url":"https:\/\/secure.gravatar.com\/avatar\/20a43bdb2f2db10f20b22d4e98b96eb027faf98f7f76d29854dc5fab46d1cf71?s=96&d=mm&r=g","contentUrl":"https:\/\/secure.gravatar.com\/avatar\/20a43bdb2f2db10f20b22d4e98b96eb027faf98f7f76d29854dc5fab46d1cf71?s=96&d=mm&r=g","caption":"Marissa Palafox"},"url":"https:\/\/fuentesfidedignas.com.mx\/index.php\/author\/marissa\/"}]}},"_links":{"self":[{"href":"https:\/\/fuentesfidedignas.com.mx\/index.php\/wp-json\/wp\/v2\/posts\/32752","targetHints":{"allow":["GET"]}}],"collection":[{"href":"https:\/\/fuentesfidedignas.com.mx\/index.php\/wp-json\/wp\/v2\/posts"}],"about":[{"href":"https:\/\/fuentesfidedignas.com.mx\/index.php\/wp-json\/wp\/v2\/types\/post"}],"author":[{"embeddable":true,"href":"https:\/\/fuentesfidedignas.com.mx\/index.php\/wp-json\/wp\/v2\/users\/11"}],"replies":[{"embeddable":true,"href":"https:\/\/fuentesfidedignas.com.mx\/index.php\/wp-json\/wp\/v2\/comments?post=32752"}],"version-history":[{"count":1,"href":"https:\/\/fuentesfidedignas.com.mx\/index.php\/wp-json\/wp\/v2\/posts\/32752\/revisions"}],"predecessor-version":[{"id":32753,"href":"https:\/\/fuentesfidedignas.com.mx\/index.php\/wp-json\/wp\/v2\/posts\/32752\/revisions\/32753"}],"wp:featuredmedia":[{"embeddable":true,"href":"https:\/\/fuentesfidedignas.com.mx\/index.php\/wp-json\/wp\/v2\/media\/32754"}],"wp:attachment":[{"href":"https:\/\/fuentesfidedignas.com.mx\/index.php\/wp-json\/wp\/v2\/media?parent=32752"}],"wp:term":[{"taxonomy":"category","embeddable":true,"href":"https:\/\/fuentesfidedignas.com.mx\/index.php\/wp-json\/wp\/v2\/categories?post=32752"},{"taxonomy":"post_tag","embeddable":true,"href":"https:\/\/fuentesfidedignas.com.mx\/index.php\/wp-json\/wp\/v2\/tags?post=32752"}],"curies":[{"name":"wp","href":"https:\/\/api.w.org\/{rel}","templated":true}]}}